{"id":48096,"date":"2021-06-04T16:39:24","date_gmt":"2021-06-04T19:39:24","guid":{"rendered":"https:\/\/regiaonews.net.br\/2022\/?p=48096"},"modified":"2021-06-04T16:41:35","modified_gmt":"2021-06-04T19:41:35","slug":"prefeita-envia-projeto-garantindo-isencao-para-regularizacao-de-imoveis-em-desacordo-com-a-lei","status":"publish","type":"post","link":"https:\/\/regiaonews.net.br\/2022\/2021\/06\/04\/prefeita-envia-projeto-garantindo-isencao-para-regularizacao-de-imoveis-em-desacordo-com-a-lei\/","title":{"rendered":"Prefeita envia projeto garantindo isen\u00e7\u00e3o para regulariza\u00e7\u00e3o de im\u00f3veis em desacordo com a lei"},"content":{"rendered":"<p><strong><a href=\"https:\/\/regiaonews.net.br\/2022\/wp-content\/uploads\/2021\/06\/MON9929.jpg\"><img loading=\"lazy\" decoding=\"async\" class=\"alignnone size-medium wp-image-48097\" src=\"https:\/\/regiaonews.net.br\/2022\/wp-content\/uploads\/2021\/06\/MON9929-300x200.jpg\" alt=\"\" width=\"300\" height=\"200\" \/><\/a><\/strong><\/p>\n<p>A prefeita Paula Lemos encaminhou \u00e0 C\u00e2mara Municipal projeto de lei que garantir\u00e1 a isen\u00e7\u00e3o para os propriet\u00e1rios regularizarem suas moradias constru\u00eddas em desacordo com as normas. O projeto de lei ser\u00e1 agora apreciado pelos vereadores na sess\u00e3o ordin\u00e1ria de segunda-feira, 07 de junho\/2021.<br \/>\nSe aprovada, a nova lei autorizar\u00e1 a Prefeitura a regularizar edifica\u00e7\u00f5es irregulares, constru\u00eddas ou ampliadas em desacordo com o C\u00f3digo de Edifica\u00e7\u00f5es municipal e que estejam j\u00e1 com as paredes levantadas e a cobertura completa.<br \/>\nO que o projeto abrange?<br \/>\nPoder\u00e3o se beneficiar da anistia os propriet\u00e1rios de constru\u00e7\u00f5es que n\u00e3o tenham projeto aprovado nem possuem alvar\u00e1 emitido pela Prefeitura. Tamb\u00e9m para edifica\u00e7\u00f5es que n\u00e3o tenham respeitado os recuos frontais, laterais ou de fundos m\u00ednimos ou que desrespeitaram a taxa de ocupa\u00e7\u00e3o m\u00e1xima. Essas regras est\u00e3o previstas na Lei Complementar n\u00ba 73\/2006.<br \/>\nO que n\u00e3o abrange?<br \/>\nPor outro lado, n\u00e3o ter\u00e3o o benef\u00edcio as constru\u00e7\u00f5es que tenham invadido \u00e1reas ou logradouros p\u00fablicos nem as que tenham invadido faixas de preserva\u00e7\u00e3o permanente junto a rios, c\u00f3rregos, fundos de vale ou \u00e0 faixa de escoamento de \u00e1guas da chuva.<br \/>\nO im\u00f3vel tamb\u00e9m n\u00e3o pode estar em desacordo com acesso a qualquer tipo de estacionamento em rotat\u00f3rias ou acessos \u00e0s vias. Outra regra \u00e9 n\u00e3o ter infringido nenhuma regra referente \u00e0 sa\u00edda de \u00e1guas pluviais, lixeiras, despejo de esgotos, entre outros. Tamb\u00e9m n\u00e3o podem ter janelas ou portas localizadas junto \u00e0 divisa do terreno.<br \/>\nComo proceder?<br \/>\nSe aprovada a nova lei, os propriet\u00e1rios dever\u00e3o seguir as regras para fazer o pedido de regulariza\u00e7\u00e3o on-line. Essas orienta\u00e7\u00f5es ser\u00e3o divulgadas posteriormente. O texto do projeto estabelece o dia 31 de dezembro como \u00faltimo dia do prazo para solicitar esse benef\u00edcio.<br \/>\nA prefeita comenta \u201c\u00e9 mais um ato, um olhar do nosso Governo para as pessoas neste dif\u00edcil momento. Consideramos que os barretenses precisam deste incentivo para vender seus im\u00f3veis ou iniciar novo empreendimento para melhorar sua condi\u00e7\u00e3o de vida e sua fam\u00edlia\u201d.<br \/>\nLink do Projeto de Lei em tr\u00e2mite na C\u00e2mara Municipal de Barretos &#8211; <a href=\"https:\/\/emktenv.com.br\/index.php\/campaigns\/gm922zxnbmbf7\/track-url\/oo086cojcheb7\/3644baf9b1957c64ed271e376131dbcb97854c93\">http:\/\/consulta.camarabarretos.sp.gov.br\/arquivo?Id=309934<\/a><\/p>\n","protected":false},"excerpt":{"rendered":"<p>A prefeita Paula Lemos encaminhou \u00e0 C\u00e2mara Municipal projeto de<\/p>\n","protected":false},"author":2,"featured_media":48097,"comment_status":"open","ping_status":"open","sticky":false,"template":"","format":"standard","meta":{"footnotes":""},"categories":[14,25,22],"tags":[],"class_list":["post-48096","post","type-post","status-publish","format-standard","has-post-thumbnail","hentry","category-barretos","category-cidades","category-politica"],"yoast_head":"<!-- This site is optimized with the Yoast SEO plugin v27.4 - https:\/\/yoast.com\/product\/yoast-seo-wordpress\/ -->\n<title>Prefeita envia projeto garantindo isen\u00e7\u00e3o para regulariza\u00e7\u00e3o de im\u00f3veis em desacordo com a lei - Regi\u00e3o News<\/title>\n<meta name=\"robots\" content=\"index, follow, max-snippet:-1, max-image-preview:large, max-video-preview:-1\" \/>\n<link rel=\"canonical\" href=\"https:\/\/regiaonews.net.br\/2022\/2021\/06\/04\/prefeita-envia-projeto-garantindo-isencao-para-regularizacao-de-imoveis-em-desacordo-com-a-lei\/\" \/>\n<meta property=\"og:locale\" content=\"pt_BR\" \/>\n<meta property=\"og:type\" content=\"article\" \/>\n<meta property=\"og:title\" content=\"Prefeita envia projeto garantindo isen\u00e7\u00e3o para regulariza\u00e7\u00e3o de im\u00f3veis em desacordo com a lei - Regi\u00e3o News\" \/>\n<meta property=\"og:description\" content=\"A prefeita Paula Lemos encaminhou \u00e0 C\u00e2mara Municipal projeto de\" \/>\n<meta property=\"og:url\" content=\"https:\/\/regiaonews.net.br\/2022\/2021\/06\/04\/prefeita-envia-projeto-garantindo-isencao-para-regularizacao-de-imoveis-em-desacordo-com-a-lei\/\" \/>\n<meta property=\"og:site_name\" content=\"Regi\u00e3o News\" \/>\n<meta property=\"article:published_time\" content=\"2021-06-04T19:39:24+00:00\" \/>\n<meta property=\"article:modified_time\" content=\"2021-06-04T19:41:35+00:00\" \/>\n<meta property=\"og:image\" content=\"https:\/\/regiaonews.net.br\/2022\/wp-content\/uploads\/2021\/06\/MON9929.jpg\" \/>\n\t<meta property=\"og:image:width\" content=\"2000\" \/>\n\t<meta property=\"og:image:height\" content=\"1335\" \/>\n\t<meta property=\"og:image:type\" content=\"image\/jpeg\" \/>\n<meta name=\"author\" content=\"Roberto\" \/>\n<meta name=\"twitter:card\" content=\"summary_large_image\" \/>\n<meta name=\"twitter:label1\" content=\"Escrito por\" \/>\n\t<meta name=\"twitter:data1\" content=\"Roberto\" \/>\n\t<meta name=\"twitter:label2\" content=\"Est. tempo de leitura\" \/>\n\t<meta name=\"twitter:data2\" content=\"2 minutos\" \/>\n<script type=\"application\/ld+json\" class=\"yoast-schema-graph\">{\"@context\":\"https:\\\/\\\/schema.org\",\"@graph\":[{\"@type\":\"Article\",\"@id\":\"https:\\\/\\\/regiaonews.net.br\\\/2022\\\/2021\\\/06\\\/04\\\/prefeita-envia-projeto-garantindo-isencao-para-regularizacao-de-imoveis-em-desacordo-com-a-lei\\\/#article\",\"isPartOf\":{\"@id\":\"https:\\\/\\\/regiaonews.net.br\\\/2022\\\/2021\\\/06\\\/04\\\/prefeita-envia-projeto-garantindo-isencao-para-regularizacao-de-imoveis-em-desacordo-com-a-lei\\\/\"},\"author\":{\"name\":\"Roberto\",\"@id\":\"https:\\\/\\\/regiaonews.net.br\\\/2022\\\/#\\\/schema\\\/person\\\/2d205a608a5aa97ac279d7a5e6d89ad8\"},\"headline\":\"Prefeita envia projeto garantindo isen\u00e7\u00e3o para regulariza\u00e7\u00e3o de im\u00f3veis em desacordo com a lei\",\"datePublished\":\"2021-06-04T19:39:24+00:00\",\"dateModified\":\"2021-06-04T19:41:35+00:00\",\"mainEntityOfPage\":{\"@id\":\"https:\\\/\\\/regiaonews.net.br\\\/2022\\\/2021\\\/06\\\/04\\\/prefeita-envia-projeto-garantindo-isencao-para-regularizacao-de-imoveis-em-desacordo-com-a-lei\\\/\"},\"wordCount\":399,\"commentCount\":0,\"publisher\":{\"@id\":\"https:\\\/\\\/regiaonews.net.br\\\/2022\\\/#organization\"},\"image\":{\"@id\":\"https:\\\/\\\/regiaonews.net.br\\\/2022\\\/2021\\\/06\\\/04\\\/prefeita-envia-projeto-garantindo-isencao-para-regularizacao-de-imoveis-em-desacordo-com-a-lei\\\/#primaryimage\"},\"thumbnailUrl\":\"https:\\\/\\\/regiaonews.net.br\\\/2022\\\/wp-content\\\/uploads\\\/2021\\\/06\\\/MON9929.jpg\",\"articleSection\":[\"Barretos\",\"Cidades\",\"Pol\u00edtica\"],\"inLanguage\":\"pt-BR\",\"potentialAction\":[{\"@type\":\"CommentAction\",\"name\":\"Comment\",\"target\":[\"https:\\\/\\\/regiaonews.net.br\\\/2022\\\/2021\\\/06\\\/04\\\/prefeita-envia-projeto-garantindo-isencao-para-regularizacao-de-imoveis-em-desacordo-com-a-lei\\\/#respond\"]}]},{\"@type\":\"WebPage\",\"@id\":\"https:\\\/\\\/regiaonews.net.br\\\/2022\\\/2021\\\/06\\\/04\\\/prefeita-envia-projeto-garantindo-isencao-para-regularizacao-de-imoveis-em-desacordo-com-a-lei\\\/\",\"url\":\"https:\\\/\\\/regiaonews.net.br\\\/2022\\\/2021\\\/06\\\/04\\\/prefeita-envia-projeto-garantindo-isencao-para-regularizacao-de-imoveis-em-desacordo-com-a-lei\\\/\",\"name\":\"Prefeita envia projeto garantindo isen\u00e7\u00e3o para regulariza\u00e7\u00e3o de im\u00f3veis em desacordo com a lei - Regi\u00e3o News\",\"isPartOf\":{\"@id\":\"https:\\\/\\\/regiaonews.net.br\\\/2022\\\/#website\"},\"primaryImageOfPage\":{\"@id\":\"https:\\\/\\\/regiaonews.net.br\\\/2022\\\/2021\\\/06\\\/04\\\/prefeita-envia-projeto-garantindo-isencao-para-regularizacao-de-imoveis-em-desacordo-com-a-lei\\\/#primaryimage\"},\"image\":{\"@id\":\"https:\\\/\\\/regiaonews.net.br\\\/2022\\\/2021\\\/06\\\/04\\\/prefeita-envia-projeto-garantindo-isencao-para-regularizacao-de-imoveis-em-desacordo-com-a-lei\\\/#primaryimage\"},\"thumbnailUrl\":\"https:\\\/\\\/regiaonews.net.br\\\/2022\\\/wp-content\\\/uploads\\\/2021\\\/06\\\/MON9929.jpg\",\"datePublished\":\"2021-06-04T19:39:24+00:00\",\"dateModified\":\"2021-06-04T19:41:35+00:00\",\"breadcrumb\":{\"@id\":\"https:\\\/\\\/regiaonews.net.br\\\/2022\\\/2021\\\/06\\\/04\\\/prefeita-envia-projeto-garantindo-isencao-para-regularizacao-de-imoveis-em-desacordo-com-a-lei\\\/#breadcrumb\"},\"inLanguage\":\"pt-BR\",\"potentialAction\":[{\"@type\":\"ReadAction\",\"target\":[\"https:\\\/\\\/regiaonews.net.br\\\/2022\\\/2021\\\/06\\\/04\\\/prefeita-envia-projeto-garantindo-isencao-para-regularizacao-de-imoveis-em-desacordo-com-a-lei\\\/\"]}]},{\"@type\":\"ImageObject\",\"inLanguage\":\"pt-BR\",\"@id\":\"https:\\\/\\\/regiaonews.net.br\\\/2022\\\/2021\\\/06\\\/04\\\/prefeita-envia-projeto-garantindo-isencao-para-regularizacao-de-imoveis-em-desacordo-com-a-lei\\\/#primaryimage\",\"url\":\"https:\\\/\\\/regiaonews.net.br\\\/2022\\\/wp-content\\\/uploads\\\/2021\\\/06\\\/MON9929.jpg\",\"contentUrl\":\"https:\\\/\\\/regiaonews.net.br\\\/2022\\\/wp-content\\\/uploads\\\/2021\\\/06\\\/MON9929.jpg\",\"width\":2000,\"height\":1335},{\"@type\":\"BreadcrumbList\",\"@id\":\"https:\\\/\\\/regiaonews.net.br\\\/2022\\\/2021\\\/06\\\/04\\\/prefeita-envia-projeto-garantindo-isencao-para-regularizacao-de-imoveis-em-desacordo-com-a-lei\\\/#breadcrumb\",\"itemListElement\":[{\"@type\":\"ListItem\",\"position\":1,\"name\":\"In\u00edcio\",\"item\":\"https:\\\/\\\/regiaonews.net.br\\\/2022\\\/\"},{\"@type\":\"ListItem\",\"position\":2,\"name\":\"Prefeita envia projeto garantindo isen\u00e7\u00e3o para regulariza\u00e7\u00e3o de im\u00f3veis em desacordo com a lei\"}]},{\"@type\":\"WebSite\",\"@id\":\"https:\\\/\\\/regiaonews.net.br\\\/2022\\\/#website\",\"url\":\"https:\\\/\\\/regiaonews.net.br\\\/2022\\\/\",\"name\":\"Regi\u00e3o News\",\"description\":\"Site de Not\u00edcias de Barretos e regi\u00e3o\",\"publisher\":{\"@id\":\"https:\\\/\\\/regiaonews.net.br\\\/2022\\\/#organization\"},\"potentialAction\":[{\"@type\":\"SearchAction\",\"target\":{\"@type\":\"EntryPoint\",\"urlTemplate\":\"https:\\\/\\\/regiaonews.net.br\\\/2022\\\/?s={search_term_string}\"},\"query-input\":{\"@type\":\"PropertyValueSpecification\",\"valueRequired\":true,\"valueName\":\"search_term_string\"}}],\"inLanguage\":\"pt-BR\"},{\"@type\":\"Organization\",\"@id\":\"https:\\\/\\\/regiaonews.net.br\\\/2022\\\/#organization\",\"name\":\"Regi\u00e3o News\",\"url\":\"https:\\\/\\\/regiaonews.net.br\\\/2022\\\/\",\"logo\":{\"@type\":\"ImageObject\",\"inLanguage\":\"pt-BR\",\"@id\":\"https:\\\/\\\/regiaonews.net.br\\\/2022\\\/#\\\/schema\\\/logo\\\/image\\\/\",\"url\":\"https:\\\/\\\/regiaonews.net.br\\\/2022\\\/wp-content\\\/uploads\\\/2026\\\/03\\\/regiao-13-anos-scaled.jpg\",\"contentUrl\":\"https:\\\/\\\/regiaonews.net.br\\\/2022\\\/wp-content\\\/uploads\\\/2026\\\/03\\\/regiao-13-anos-scaled.jpg\",\"width\":2560,\"height\":635,\"caption\":\"Regi\u00e3o News\"},\"image\":{\"@id\":\"https:\\\/\\\/regiaonews.net.br\\\/2022\\\/#\\\/schema\\\/logo\\\/image\\\/\"}},{\"@type\":\"Person\",\"@id\":\"https:\\\/\\\/regiaonews.net.br\\\/2022\\\/#\\\/schema\\\/person\\\/2d205a608a5aa97ac279d7a5e6d89ad8\",\"name\":\"Roberto\",\"image\":{\"@type\":\"ImageObject\",\"inLanguage\":\"pt-BR\",\"@id\":\"https:\\\/\\\/secure.gravatar.com\\\/avatar\\\/42749d8b712ff9d59ca93dc150494e5b55a44134482993f5baeb97e61b7ecc89?s=96&d=mm&r=g\",\"url\":\"https:\\\/\\\/secure.gravatar.com\\\/avatar\\\/42749d8b712ff9d59ca93dc150494e5b55a44134482993f5baeb97e61b7ecc89?s=96&d=mm&r=g\",\"contentUrl\":\"https:\\\/\\\/secure.gravatar.com\\\/avatar\\\/42749d8b712ff9d59ca93dc150494e5b55a44134482993f5baeb97e61b7ecc89?s=96&d=mm&r=g\",\"caption\":\"Roberto\"},\"url\":\"https:\\\/\\\/regiaonews.net.br\\\/2022\\\/author\\\/roberto\\\/\"}]}<\/script>\n<!-- \/ Yoast SEO plugin. -->","yoast_head_json":{"title":"Prefeita envia projeto garantindo isen\u00e7\u00e3o para regulariza\u00e7\u00e3o de im\u00f3veis em desacordo com a lei - Regi\u00e3o News","robots":{"index":"index","follow":"follow","max-snippet":"max-snippet:-1","max-image-preview":"max-image-preview:large","max-video-preview":"max-video-preview:-1"},"canonical":"https:\/\/regiaonews.net.br\/2022\/2021\/06\/04\/prefeita-envia-projeto-garantindo-isencao-para-regularizacao-de-imoveis-em-desacordo-com-a-lei\/","og_locale":"pt_BR","og_type":"article","og_title":"Prefeita envia projeto garantindo isen\u00e7\u00e3o para regulariza\u00e7\u00e3o de im\u00f3veis em desacordo com a lei - Regi\u00e3o News","og_description":"A prefeita Paula Lemos encaminhou \u00e0 C\u00e2mara Municipal projeto de","og_url":"https:\/\/regiaonews.net.br\/2022\/2021\/06\/04\/prefeita-envia-projeto-garantindo-isencao-para-regularizacao-de-imoveis-em-desacordo-com-a-lei\/","og_site_name":"Regi\u00e3o News","article_published_time":"2021-06-04T19:39:24+00:00","article_modified_time":"2021-06-04T19:41:35+00:00","og_image":[{"width":2000,"height":1335,"url":"https:\/\/regiaonews.net.br\/2022\/wp-content\/uploads\/2021\/06\/MON9929.jpg","type":"image\/jpeg"}],"author":"Roberto","twitter_card":"summary_large_image","twitter_misc":{"Escrito por":"Roberto","Est. tempo de leitura":"2 minutos"},"schema":{"@context":"https:\/\/schema.org","@graph":[{"@type":"Article","@id":"https:\/\/regiaonews.net.br\/2022\/2021\/06\/04\/prefeita-envia-projeto-garantindo-isencao-para-regularizacao-de-imoveis-em-desacordo-com-a-lei\/#article","isPartOf":{"@id":"https:\/\/regiaonews.net.br\/2022\/2021\/06\/04\/prefeita-envia-projeto-garantindo-isencao-para-regularizacao-de-imoveis-em-desacordo-com-a-lei\/"},"author":{"name":"Roberto","@id":"https:\/\/regiaonews.net.br\/2022\/#\/schema\/person\/2d205a608a5aa97ac279d7a5e6d89ad8"},"headline":"Prefeita envia projeto garantindo isen\u00e7\u00e3o para regulariza\u00e7\u00e3o de im\u00f3veis em desacordo com a lei","datePublished":"2021-06-04T19:39:24+00:00","dateModified":"2021-06-04T19:41:35+00:00","mainEntityOfPage":{"@id":"https:\/\/regiaonews.net.br\/2022\/2021\/06\/04\/prefeita-envia-projeto-garantindo-isencao-para-regularizacao-de-imoveis-em-desacordo-com-a-lei\/"},"wordCount":399,"commentCount":0,"publisher":{"@id":"https:\/\/regiaonews.net.br\/2022\/#organization"},"image":{"@id":"https:\/\/regiaonews.net.br\/2022\/2021\/06\/04\/prefeita-envia-projeto-garantindo-isencao-para-regularizacao-de-imoveis-em-desacordo-com-a-lei\/#primaryimage"},"thumbnailUrl":"https:\/\/regiaonews.net.br\/2022\/wp-content\/uploads\/2021\/06\/MON9929.jpg","articleSection":["Barretos","Cidades","Pol\u00edtica"],"inLanguage":"pt-BR","potentialAction":[{"@type":"CommentAction","name":"Comment","target":["https:\/\/regiaonews.net.br\/2022\/2021\/06\/04\/prefeita-envia-projeto-garantindo-isencao-para-regularizacao-de-imoveis-em-desacordo-com-a-lei\/#respond"]}]},{"@type":"WebPage","@id":"https:\/\/regiaonews.net.br\/2022\/2021\/06\/04\/prefeita-envia-projeto-garantindo-isencao-para-regularizacao-de-imoveis-em-desacordo-com-a-lei\/","url":"https:\/\/regiaonews.net.br\/2022\/2021\/06\/04\/prefeita-envia-projeto-garantindo-isencao-para-regularizacao-de-imoveis-em-desacordo-com-a-lei\/","name":"Prefeita envia projeto garantindo isen\u00e7\u00e3o para regulariza\u00e7\u00e3o de im\u00f3veis em desacordo com a lei - Regi\u00e3o News","isPartOf":{"@id":"https:\/\/regiaonews.net.br\/2022\/#website"},"primaryImageOfPage":{"@id":"https:\/\/regiaonews.net.br\/2022\/2021\/06\/04\/prefeita-envia-projeto-garantindo-isencao-para-regularizacao-de-imoveis-em-desacordo-com-a-lei\/#primaryimage"},"image":{"@id":"https:\/\/regiaonews.net.br\/2022\/2021\/06\/04\/prefeita-envia-projeto-garantindo-isencao-para-regularizacao-de-imoveis-em-desacordo-com-a-lei\/#primaryimage"},"thumbnailUrl":"https:\/\/regiaonews.net.br\/2022\/wp-content\/uploads\/2021\/06\/MON9929.jpg","datePublished":"2021-06-04T19:39:24+00:00","dateModified":"2021-06-04T19:41:35+00:00","breadcrumb":{"@id":"https:\/\/regiaonews.net.br\/2022\/2021\/06\/04\/prefeita-envia-projeto-garantindo-isencao-para-regularizacao-de-imoveis-em-desacordo-com-a-lei\/#breadcrumb"},"inLanguage":"pt-BR","potentialAction":[{"@type":"ReadAction","target":["https:\/\/regiaonews.net.br\/2022\/2021\/06\/04\/prefeita-envia-projeto-garantindo-isencao-para-regularizacao-de-imoveis-em-desacordo-com-a-lei\/"]}]},{"@type":"ImageObject","inLanguage":"pt-BR","@id":"https:\/\/regiaonews.net.br\/2022\/2021\/06\/04\/prefeita-envia-projeto-garantindo-isencao-para-regularizacao-de-imoveis-em-desacordo-com-a-lei\/#primaryimage","url":"https:\/\/regiaonews.net.br\/2022\/wp-content\/uploads\/2021\/06\/MON9929.jpg","contentUrl":"https:\/\/regiaonews.net.br\/2022\/wp-content\/uploads\/2021\/06\/MON9929.jpg","width":2000,"height":1335},{"@type":"BreadcrumbList","@id":"https:\/\/regiaonews.net.br\/2022\/2021\/06\/04\/prefeita-envia-projeto-garantindo-isencao-para-regularizacao-de-imoveis-em-desacordo-com-a-lei\/#breadcrumb","itemListElement":[{"@type":"ListItem","position":1,"name":"In\u00edcio","item":"https:\/\/regiaonews.net.br\/2022\/"},{"@type":"ListItem","position":2,"name":"Prefeita envia projeto garantindo isen\u00e7\u00e3o para regulariza\u00e7\u00e3o de im\u00f3veis em desacordo com a lei"}]},{"@type":"WebSite","@id":"https:\/\/regiaonews.net.br\/2022\/#website","url":"https:\/\/regiaonews.net.br\/2022\/","name":"Regi\u00e3o News","description":"Site de Not\u00edcias de Barretos e regi\u00e3o","publisher":{"@id":"https:\/\/regiaonews.net.br\/2022\/#organization"},"potentialAction":[{"@type":"SearchAction","target":{"@type":"EntryPoint","urlTemplate":"https:\/\/regiaonews.net.br\/2022\/?s={search_term_string}"},"query-input":{"@type":"PropertyValueSpecification","valueRequired":true,"valueName":"search_term_string"}}],"inLanguage":"pt-BR"},{"@type":"Organization","@id":"https:\/\/regiaonews.net.br\/2022\/#organization","name":"Regi\u00e3o News","url":"https:\/\/regiaonews.net.br\/2022\/","logo":{"@type":"ImageObject","inLanguage":"pt-BR","@id":"https:\/\/regiaonews.net.br\/2022\/#\/schema\/logo\/image\/","url":"https:\/\/regiaonews.net.br\/2022\/wp-content\/uploads\/2026\/03\/regiao-13-anos-scaled.jpg","contentUrl":"https:\/\/regiaonews.net.br\/2022\/wp-content\/uploads\/2026\/03\/regiao-13-anos-scaled.jpg","width":2560,"height":635,"caption":"Regi\u00e3o News"},"image":{"@id":"https:\/\/regiaonews.net.br\/2022\/#\/schema\/logo\/image\/"}},{"@type":"Person","@id":"https:\/\/regiaonews.net.br\/2022\/#\/schema\/person\/2d205a608a5aa97ac279d7a5e6d89ad8","name":"Roberto","image":{"@type":"ImageObject","inLanguage":"pt-BR","@id":"https:\/\/secure.gravatar.com\/avatar\/42749d8b712ff9d59ca93dc150494e5b55a44134482993f5baeb97e61b7ecc89?s=96&d=mm&r=g","url":"https:\/\/secure.gravatar.com\/avatar\/42749d8b712ff9d59ca93dc150494e5b55a44134482993f5baeb97e61b7ecc89?s=96&d=mm&r=g","contentUrl":"https:\/\/secure.gravatar.com\/avatar\/42749d8b712ff9d59ca93dc150494e5b55a44134482993f5baeb97e61b7ecc89?s=96&d=mm&r=g","caption":"Roberto"},"url":"https:\/\/regiaonews.net.br\/2022\/author\/roberto\/"}]}},"publishpress_future_action":{"enabled":false,"date":"2026-05-04 17:26:06","action":"change-status","newStatus":"draft","terms":[],"taxonomy":"category","extraData":[]},"publishpress_future_workflow_manual_trigger":{"enabledWorkflows":[]},"_links":{"self":[{"href":"https:\/\/regiaonews.net.br\/2022\/wp-json\/wp\/v2\/posts\/48096","targetHints":{"allow":["GET"]}}],"collection":[{"href":"https:\/\/regiaonews.net.br\/2022\/wp-json\/wp\/v2\/posts"}],"about":[{"href":"https:\/\/regiaonews.net.br\/2022\/wp-json\/wp\/v2\/types\/post"}],"author":[{"embeddable":true,"href":"https:\/\/regiaonews.net.br\/2022\/wp-json\/wp\/v2\/users\/2"}],"replies":[{"embeddable":true,"href":"https:\/\/regiaonews.net.br\/2022\/wp-json\/wp\/v2\/comments?post=48096"}],"version-history":[{"count":0,"href":"https:\/\/regiaonews.net.br\/2022\/wp-json\/wp\/v2\/posts\/48096\/revisions"}],"wp:featuredmedia":[{"embeddable":true,"href":"https:\/\/regiaonews.net.br\/2022\/wp-json\/wp\/v2\/media\/48097"}],"wp:attachment":[{"href":"https:\/\/regiaonews.net.br\/2022\/wp-json\/wp\/v2\/media?parent=48096"}],"wp:term":[{"taxonomy":"category","embeddable":true,"href":"https:\/\/regiaonews.net.br\/2022\/wp-json\/wp\/v2\/categories?post=48096"},{"taxonomy":"post_tag","embeddable":true,"href":"https:\/\/regiaonews.net.br\/2022\/wp-json\/wp\/v2\/tags?post=48096"}],"curies":[{"name":"wp","href":"https:\/\/api.w.org\/{rel}","templated":true}]}}