{"id":48087,"date":"2021-06-04T16:24:56","date_gmt":"2021-06-04T19:24:56","guid":{"rendered":"https:\/\/regiaonews.net.br\/2022\/?p=48087"},"modified":"2021-06-04T16:24:56","modified_gmt":"2021-06-04T19:24:56","slug":"prefeito-dieb-recebe-troley-ferroviario-para-acervo-historico-do-museu-municipal-de-colina","status":"publish","type":"post","link":"https:\/\/regiaonews.net.br\/2022\/2021\/06\/04\/prefeito-dieb-recebe-troley-ferroviario-para-acervo-historico-do-museu-municipal-de-colina\/","title":{"rendered":"Prefeito Dieb recebe Troley Ferrovi\u00e1rio para acervo hist\u00f3rico do Museu Municipal de Colina"},"content":{"rendered":"<p>&nbsp;<\/p>\n<p>Na manh\u00e3 do \u00faltimo s\u00e1bado, dia 22 de maio, o Prefeito Municipal de Colina Dieb Taha, acompanhado da Prof\u00aa. Elizabete Milani Neme, respons\u00e1vel pelo expediente da Secretaria Municipal de Educa\u00e7\u00e3o e Cultura, e pelo Sr. Gilberto Gon\u00e7alves, Coordenador de Atividades Culturais, recebeu da <em>Associa\u00e7\u00e3o Amigos da Esta\u00e7\u00e3o e da Mem\u00f3ria Ferrovi\u00e1ria do Munic\u00edpio de Colina<\/em>, representada por seu Presidente Sr. Francisco Cardoso Filho e demais integrantes, um Troley Ferrovi\u00e1rio para compor o acervo hist\u00f3rico do Museu Municipal, totalmente restaurado pelos membros da Associa\u00e7\u00e3o.<\/p>\n<p>A doa\u00e7\u00e3o integrou e finalizou a programa\u00e7\u00e3o da 19\u00aa Semana Nacional de Museus, organizada pelo Instituto Brasileiro de Museus \u2013 IBRAM, no per\u00edodo de 19 a 22 de maio, da qual o Museu Municipal de Colina fez parte com a exposi\u00e7\u00e3o \u201cCel. Luciano de Melo Nogueira\u201d, contando a hist\u00f3ria desse \u00edcone que foi uns dos desbravadores do nosso territ\u00f3rio e personagem fundamental para o desenvolvimento e emancipa\u00e7\u00e3o do Munic\u00edpio.<\/p>\n<p>Vale informar que a Associa\u00e7\u00e3o de Preserva\u00e7\u00e3o da Mem\u00f3ria Ferrovi\u00e1ria \u2013 APMF de S\u00e3o Paulo, cedeu em comodato o Troley para a <em>Associa\u00e7\u00e3o Amigos da Esta\u00e7\u00e3o de Colina<\/em>, que por sua vez, fez a doa\u00e7\u00e3o do equipamento ao Museu Municipal.<\/p>\n<p>Tanto a exposi\u00e7\u00e3o \u201cCel. Luciano de Melo Nogueira\u201d, que permanece montada por tempo indeterminado, quanto o Troley Ferrovi\u00e1rio podem ser apreciados no Museu Municipal com entrada gratuita, atendendo os protocolos sanit\u00e1rios de preven\u00e7\u00e3o da COVID-19. Vale muito \u00e0 pena conhecer a hist\u00f3ria da fam\u00edlia Nogueira, quanto apreciar o Troley de manuten\u00e7\u00e3o dos trilhos ferrovi\u00e1rios.<\/p>\n<p><strong>Sobre o Troley \u2013<\/strong> Tamb\u00e9m chamados de vagonetas ou trolinhos, s\u00e3o menores que os vag\u00f5es comuns e s\u00e3o movimentados sobre os trilhos atrav\u00e9s da a\u00e7\u00e3o da for\u00e7a humana. Trata-se de um ve\u00edculo de inspe\u00e7\u00e3o t\u00e9cnica da malha ferrovi\u00e1ria, fabricado nos Estados Unidos, na d\u00e9cada de 50. Veio para o Brasil no ano de 1957, juntamente com locomotivas e vag\u00f5es, para auxiliar na constru\u00e7\u00e3o da Estrada de Ferro do Amap\u00e1, na Amaz\u00f4nia brasileira, constru\u00edda pela empresa Ind\u00fastria de Com\u00e9rcio e Min\u00e9rios-S\/A (ICOMI) para transportar o min\u00e9rio de mangan\u00eas.<\/p>\n<p><a href=\"https:\/\/regiaonews.net.br\/2022\/wp-content\/uploads\/2021\/06\/FOTO-Troley-9.jpg\"><img loading=\"lazy\" decoding=\"async\" class=\"alignnone size-medium wp-image-48088\" src=\"https:\/\/regiaonews.net.br\/2022\/wp-content\/uploads\/2021\/06\/FOTO-Troley-9-300x199.jpg\" alt=\"\" width=\"300\" height=\"199\" \/><\/a> <a href=\"https:\/\/regiaonews.net.br\/2022\/wp-content\/uploads\/2021\/06\/FOTO-Troley-1.jpg\"><img loading=\"lazy\" decoding=\"async\" class=\"alignnone size-medium wp-image-48089\" src=\"https:\/\/regiaonews.net.br\/2022\/wp-content\/uploads\/2021\/06\/FOTO-Troley-1-300x199.jpg\" alt=\"\" width=\"300\" height=\"199\" \/><\/a> <a href=\"https:\/\/regiaonews.net.br\/2022\/wp-content\/uploads\/2021\/06\/FOTO-Troley-3.jpg\"><img loading=\"lazy\" decoding=\"async\" class=\"alignnone size-medium wp-image-48090\" src=\"https:\/\/regiaonews.net.br\/2022\/wp-content\/uploads\/2021\/06\/FOTO-Troley-3-300x199.jpg\" alt=\"\" width=\"300\" height=\"199\" \/><\/a> <a href=\"https:\/\/regiaonews.net.br\/2022\/wp-content\/uploads\/2021\/06\/FOTO-Troley-4.jpg\"><img loading=\"lazy\" decoding=\"async\" class=\"alignnone size-medium wp-image-48091\" src=\"https:\/\/regiaonews.net.br\/2022\/wp-content\/uploads\/2021\/06\/FOTO-Troley-4-300x199.jpg\" alt=\"\" width=\"300\" height=\"199\" \/><\/a> <a href=\"https:\/\/regiaonews.net.br\/2022\/wp-content\/uploads\/2021\/06\/FOTO-Troley-5.jpg\"><img loading=\"lazy\" decoding=\"async\" class=\"alignnone size-medium wp-image-48092\" src=\"https:\/\/regiaonews.net.br\/2022\/wp-content\/uploads\/2021\/06\/FOTO-Troley-5-300x199.jpg\" alt=\"\" width=\"300\" height=\"199\" \/><\/a> <a href=\"https:\/\/regiaonews.net.br\/2022\/wp-content\/uploads\/2021\/06\/FOTO-Troley-7.jpg\"><img loading=\"lazy\" decoding=\"async\" class=\"alignnone size-medium wp-image-48093\" src=\"https:\/\/regiaonews.net.br\/2022\/wp-content\/uploads\/2021\/06\/FOTO-Troley-7-300x199.jpg\" alt=\"\" width=\"300\" height=\"199\" \/><\/a> <a href=\"https:\/\/regiaonews.net.br\/2022\/wp-content\/uploads\/2021\/06\/FOTO-Troley-8.jpg\"><img loading=\"lazy\" decoding=\"async\" class=\"alignnone size-medium wp-image-48094\" src=\"https:\/\/regiaonews.net.br\/2022\/wp-content\/uploads\/2021\/06\/FOTO-Troley-8-300x199.jpg\" alt=\"\" width=\"300\" height=\"199\" \/><\/a><\/p>\n<p><strong>Tet\u00ea Poliseli <\/strong><\/p>\n<p><strong>Assessora de Imprensa <\/strong><\/p>\n<p><strong>Prefeitura Municipal de Colina \u00a0<\/strong><\/p>\n<p>&nbsp;<\/p>\n","protected":false},"excerpt":{"rendered":"<p>&nbsp; Na manh\u00e3 do \u00faltimo s\u00e1bado, dia 22 de maio,<\/p>\n","protected":false},"author":2,"featured_media":48091,"comment_status":"open","ping_status":"open","sticky":false,"template":"","format":"standard","meta":{"footnotes":""},"categories":[25,5],"tags":[],"class_list":["post-48087","post","type-post","status-publish","format-standard","has-post-thumbnail","hentry","category-cidades","category-colina"],"yoast_head":"<!-- This site is optimized with the Yoast SEO plugin v27.4 - https:\/\/yoast.com\/product\/yoast-seo-wordpress\/ -->\n<title>Prefeito Dieb recebe Troley Ferrovi\u00e1rio para acervo hist\u00f3rico do Museu Municipal de Colina - Regi\u00e3o News<\/title>\n<meta name=\"robots\" content=\"index, follow, max-snippet:-1, max-image-preview:large, max-video-preview:-1\" \/>\n<link rel=\"canonical\" href=\"https:\/\/regiaonews.net.br\/2022\/2021\/06\/04\/prefeito-dieb-recebe-troley-ferroviario-para-acervo-historico-do-museu-municipal-de-colina\/\" \/>\n<meta property=\"og:locale\" content=\"pt_BR\" \/>\n<meta property=\"og:type\" content=\"article\" \/>\n<meta property=\"og:title\" content=\"Prefeito Dieb recebe Troley Ferrovi\u00e1rio para acervo hist\u00f3rico do Museu Municipal de Colina - Regi\u00e3o News\" \/>\n<meta property=\"og:description\" content=\"&nbsp; Na manh\u00e3 do \u00faltimo s\u00e1bado, dia 22 de maio,\" \/>\n<meta property=\"og:url\" content=\"https:\/\/regiaonews.net.br\/2022\/2021\/06\/04\/prefeito-dieb-recebe-troley-ferroviario-para-acervo-historico-do-museu-municipal-de-colina\/\" \/>\n<meta property=\"og:site_name\" content=\"Regi\u00e3o News\" \/>\n<meta property=\"article:published_time\" content=\"2021-06-04T19:24:56+00:00\" \/>\n<meta property=\"og:image\" content=\"https:\/\/regiaonews.net.br\/2022\/wp-content\/uploads\/2021\/06\/FOTO-Troley-4.jpg\" \/>\n\t<meta property=\"og:image:width\" content=\"1280\" \/>\n\t<meta property=\"og:image:height\" content=\"847\" \/>\n\t<meta property=\"og:image:type\" content=\"image\/jpeg\" \/>\n<meta name=\"author\" content=\"Roberto\" \/>\n<meta name=\"twitter:card\" content=\"summary_large_image\" \/>\n<meta name=\"twitter:label1\" content=\"Escrito por\" \/>\n\t<meta name=\"twitter:data1\" content=\"Roberto\" \/>\n\t<meta name=\"twitter:label2\" content=\"Est. tempo de leitura\" \/>\n\t<meta name=\"twitter:data2\" content=\"2 minutos\" \/>\n<script type=\"application\/ld+json\" class=\"yoast-schema-graph\">{\"@context\":\"https:\\\/\\\/schema.org\",\"@graph\":[{\"@type\":\"Article\",\"@id\":\"https:\\\/\\\/regiaonews.net.br\\\/2022\\\/2021\\\/06\\\/04\\\/prefeito-dieb-recebe-troley-ferroviario-para-acervo-historico-do-museu-municipal-de-colina\\\/#article\",\"isPartOf\":{\"@id\":\"https:\\\/\\\/regiaonews.net.br\\\/2022\\\/2021\\\/06\\\/04\\\/prefeito-dieb-recebe-troley-ferroviario-para-acervo-historico-do-museu-municipal-de-colina\\\/\"},\"author\":{\"name\":\"Roberto\",\"@id\":\"https:\\\/\\\/regiaonews.net.br\\\/2022\\\/#\\\/schema\\\/person\\\/2d205a608a5aa97ac279d7a5e6d89ad8\"},\"headline\":\"Prefeito Dieb recebe Troley Ferrovi\u00e1rio para acervo hist\u00f3rico do Museu Municipal de Colina\",\"datePublished\":\"2021-06-04T19:24:56+00:00\",\"mainEntityOfPage\":{\"@id\":\"https:\\\/\\\/regiaonews.net.br\\\/2022\\\/2021\\\/06\\\/04\\\/prefeito-dieb-recebe-troley-ferroviario-para-acervo-historico-do-museu-municipal-de-colina\\\/\"},\"wordCount\":407,\"commentCount\":0,\"publisher\":{\"@id\":\"https:\\\/\\\/regiaonews.net.br\\\/2022\\\/#organization\"},\"image\":{\"@id\":\"https:\\\/\\\/regiaonews.net.br\\\/2022\\\/2021\\\/06\\\/04\\\/prefeito-dieb-recebe-troley-ferroviario-para-acervo-historico-do-museu-municipal-de-colina\\\/#primaryimage\"},\"thumbnailUrl\":\"https:\\\/\\\/regiaonews.net.br\\\/2022\\\/wp-content\\\/uploads\\\/2021\\\/06\\\/FOTO-Troley-4.jpg\",\"articleSection\":[\"Cidades\",\"Colina\"],\"inLanguage\":\"pt-BR\",\"potentialAction\":[{\"@type\":\"CommentAction\",\"name\":\"Comment\",\"target\":[\"https:\\\/\\\/regiaonews.net.br\\\/2022\\\/2021\\\/06\\\/04\\\/prefeito-dieb-recebe-troley-ferroviario-para-acervo-historico-do-museu-municipal-de-colina\\\/#respond\"]}]},{\"@type\":\"WebPage\",\"@id\":\"https:\\\/\\\/regiaonews.net.br\\\/2022\\\/2021\\\/06\\\/04\\\/prefeito-dieb-recebe-troley-ferroviario-para-acervo-historico-do-museu-municipal-de-colina\\\/\",\"url\":\"https:\\\/\\\/regiaonews.net.br\\\/2022\\\/2021\\\/06\\\/04\\\/prefeito-dieb-recebe-troley-ferroviario-para-acervo-historico-do-museu-municipal-de-colina\\\/\",\"name\":\"Prefeito Dieb recebe Troley Ferrovi\u00e1rio para acervo hist\u00f3rico do Museu Municipal de Colina - Regi\u00e3o News\",\"isPartOf\":{\"@id\":\"https:\\\/\\\/regiaonews.net.br\\\/2022\\\/#website\"},\"primaryImageOfPage\":{\"@id\":\"https:\\\/\\\/regiaonews.net.br\\\/2022\\\/2021\\\/06\\\/04\\\/prefeito-dieb-recebe-troley-ferroviario-para-acervo-historico-do-museu-municipal-de-colina\\\/#primaryimage\"},\"image\":{\"@id\":\"https:\\\/\\\/regiaonews.net.br\\\/2022\\\/2021\\\/06\\\/04\\\/prefeito-dieb-recebe-troley-ferroviario-para-acervo-historico-do-museu-municipal-de-colina\\\/#primaryimage\"},\"thumbnailUrl\":\"https:\\\/\\\/regiaonews.net.br\\\/2022\\\/wp-content\\\/uploads\\\/2021\\\/06\\\/FOTO-Troley-4.jpg\",\"datePublished\":\"2021-06-04T19:24:56+00:00\",\"breadcrumb\":{\"@id\":\"https:\\\/\\\/regiaonews.net.br\\\/2022\\\/2021\\\/06\\\/04\\\/prefeito-dieb-recebe-troley-ferroviario-para-acervo-historico-do-museu-municipal-de-colina\\\/#breadcrumb\"},\"inLanguage\":\"pt-BR\",\"potentialAction\":[{\"@type\":\"ReadAction\",\"target\":[\"https:\\\/\\\/regiaonews.net.br\\\/2022\\\/2021\\\/06\\\/04\\\/prefeito-dieb-recebe-troley-ferroviario-para-acervo-historico-do-museu-municipal-de-colina\\\/\"]}]},{\"@type\":\"ImageObject\",\"inLanguage\":\"pt-BR\",\"@id\":\"https:\\\/\\\/regiaonews.net.br\\\/2022\\\/2021\\\/06\\\/04\\\/prefeito-dieb-recebe-troley-ferroviario-para-acervo-historico-do-museu-municipal-de-colina\\\/#primaryimage\",\"url\":\"https:\\\/\\\/regiaonews.net.br\\\/2022\\\/wp-content\\\/uploads\\\/2021\\\/06\\\/FOTO-Troley-4.jpg\",\"contentUrl\":\"https:\\\/\\\/regiaonews.net.br\\\/2022\\\/wp-content\\\/uploads\\\/2021\\\/06\\\/FOTO-Troley-4.jpg\",\"width\":1280,\"height\":847},{\"@type\":\"BreadcrumbList\",\"@id\":\"https:\\\/\\\/regiaonews.net.br\\\/2022\\\/2021\\\/06\\\/04\\\/prefeito-dieb-recebe-troley-ferroviario-para-acervo-historico-do-museu-municipal-de-colina\\\/#breadcrumb\",\"itemListElement\":[{\"@type\":\"ListItem\",\"position\":1,\"name\":\"In\u00edcio\",\"item\":\"https:\\\/\\\/regiaonews.net.br\\\/2022\\\/\"},{\"@type\":\"ListItem\",\"position\":2,\"name\":\"Prefeito Dieb recebe Troley Ferrovi\u00e1rio para acervo hist\u00f3rico do Museu Municipal de Colina\"}]},{\"@type\":\"WebSite\",\"@id\":\"https:\\\/\\\/regiaonews.net.br\\\/2022\\\/#website\",\"url\":\"https:\\\/\\\/regiaonews.net.br\\\/2022\\\/\",\"name\":\"Regi\u00e3o News\",\"description\":\"Site de Not\u00edcias de Barretos e regi\u00e3o\",\"publisher\":{\"@id\":\"https:\\\/\\\/regiaonews.net.br\\\/2022\\\/#organization\"},\"potentialAction\":[{\"@type\":\"SearchAction\",\"target\":{\"@type\":\"EntryPoint\",\"urlTemplate\":\"https:\\\/\\\/regiaonews.net.br\\\/2022\\\/?s={search_term_string}\"},\"query-input\":{\"@type\":\"PropertyValueSpecification\",\"valueRequired\":true,\"valueName\":\"search_term_string\"}}],\"inLanguage\":\"pt-BR\"},{\"@type\":\"Organization\",\"@id\":\"https:\\\/\\\/regiaonews.net.br\\\/2022\\\/#organization\",\"name\":\"Regi\u00e3o News\",\"url\":\"https:\\\/\\\/regiaonews.net.br\\\/2022\\\/\",\"logo\":{\"@type\":\"ImageObject\",\"inLanguage\":\"pt-BR\",\"@id\":\"https:\\\/\\\/regiaonews.net.br\\\/2022\\\/#\\\/schema\\\/logo\\\/image\\\/\",\"url\":\"https:\\\/\\\/regiaonews.net.br\\\/2022\\\/wp-content\\\/uploads\\\/2026\\\/03\\\/regiao-13-anos-scaled.jpg\",\"contentUrl\":\"https:\\\/\\\/regiaonews.net.br\\\/2022\\\/wp-content\\\/uploads\\\/2026\\\/03\\\/regiao-13-anos-scaled.jpg\",\"width\":2560,\"height\":635,\"caption\":\"Regi\u00e3o News\"},\"image\":{\"@id\":\"https:\\\/\\\/regiaonews.net.br\\\/2022\\\/#\\\/schema\\\/logo\\\/image\\\/\"}},{\"@type\":\"Person\",\"@id\":\"https:\\\/\\\/regiaonews.net.br\\\/2022\\\/#\\\/schema\\\/person\\\/2d205a608a5aa97ac279d7a5e6d89ad8\",\"name\":\"Roberto\",\"image\":{\"@type\":\"ImageObject\",\"inLanguage\":\"pt-BR\",\"@id\":\"https:\\\/\\\/secure.gravatar.com\\\/avatar\\\/42749d8b712ff9d59ca93dc150494e5b55a44134482993f5baeb97e61b7ecc89?s=96&d=mm&r=g\",\"url\":\"https:\\\/\\\/secure.gravatar.com\\\/avatar\\\/42749d8b712ff9d59ca93dc150494e5b55a44134482993f5baeb97e61b7ecc89?s=96&d=mm&r=g\",\"contentUrl\":\"https:\\\/\\\/secure.gravatar.com\\\/avatar\\\/42749d8b712ff9d59ca93dc150494e5b55a44134482993f5baeb97e61b7ecc89?s=96&d=mm&r=g\",\"caption\":\"Roberto\"},\"url\":\"https:\\\/\\\/regiaonews.net.br\\\/2022\\\/author\\\/roberto\\\/\"}]}<\/script>\n<!-- \/ Yoast SEO plugin. -->","yoast_head_json":{"title":"Prefeito Dieb recebe Troley Ferrovi\u00e1rio para acervo hist\u00f3rico do Museu Municipal de Colina - Regi\u00e3o News","robots":{"index":"index","follow":"follow","max-snippet":"max-snippet:-1","max-image-preview":"max-image-preview:large","max-video-preview":"max-video-preview:-1"},"canonical":"https:\/\/regiaonews.net.br\/2022\/2021\/06\/04\/prefeito-dieb-recebe-troley-ferroviario-para-acervo-historico-do-museu-municipal-de-colina\/","og_locale":"pt_BR","og_type":"article","og_title":"Prefeito Dieb recebe Troley Ferrovi\u00e1rio para acervo hist\u00f3rico do Museu Municipal de Colina - Regi\u00e3o News","og_description":"&nbsp; Na manh\u00e3 do \u00faltimo s\u00e1bado, dia 22 de maio,","og_url":"https:\/\/regiaonews.net.br\/2022\/2021\/06\/04\/prefeito-dieb-recebe-troley-ferroviario-para-acervo-historico-do-museu-municipal-de-colina\/","og_site_name":"Regi\u00e3o News","article_published_time":"2021-06-04T19:24:56+00:00","og_image":[{"width":1280,"height":847,"url":"https:\/\/regiaonews.net.br\/2022\/wp-content\/uploads\/2021\/06\/FOTO-Troley-4.jpg","type":"image\/jpeg"}],"author":"Roberto","twitter_card":"summary_large_image","twitter_misc":{"Escrito por":"Roberto","Est. tempo de leitura":"2 minutos"},"schema":{"@context":"https:\/\/schema.org","@graph":[{"@type":"Article","@id":"https:\/\/regiaonews.net.br\/2022\/2021\/06\/04\/prefeito-dieb-recebe-troley-ferroviario-para-acervo-historico-do-museu-municipal-de-colina\/#article","isPartOf":{"@id":"https:\/\/regiaonews.net.br\/2022\/2021\/06\/04\/prefeito-dieb-recebe-troley-ferroviario-para-acervo-historico-do-museu-municipal-de-colina\/"},"author":{"name":"Roberto","@id":"https:\/\/regiaonews.net.br\/2022\/#\/schema\/person\/2d205a608a5aa97ac279d7a5e6d89ad8"},"headline":"Prefeito Dieb recebe Troley Ferrovi\u00e1rio para acervo hist\u00f3rico do Museu Municipal de Colina","datePublished":"2021-06-04T19:24:56+00:00","mainEntityOfPage":{"@id":"https:\/\/regiaonews.net.br\/2022\/2021\/06\/04\/prefeito-dieb-recebe-troley-ferroviario-para-acervo-historico-do-museu-municipal-de-colina\/"},"wordCount":407,"commentCount":0,"publisher":{"@id":"https:\/\/regiaonews.net.br\/2022\/#organization"},"image":{"@id":"https:\/\/regiaonews.net.br\/2022\/2021\/06\/04\/prefeito-dieb-recebe-troley-ferroviario-para-acervo-historico-do-museu-municipal-de-colina\/#primaryimage"},"thumbnailUrl":"https:\/\/regiaonews.net.br\/2022\/wp-content\/uploads\/2021\/06\/FOTO-Troley-4.jpg","articleSection":["Cidades","Colina"],"inLanguage":"pt-BR","potentialAction":[{"@type":"CommentAction","name":"Comment","target":["https:\/\/regiaonews.net.br\/2022\/2021\/06\/04\/prefeito-dieb-recebe-troley-ferroviario-para-acervo-historico-do-museu-municipal-de-colina\/#respond"]}]},{"@type":"WebPage","@id":"https:\/\/regiaonews.net.br\/2022\/2021\/06\/04\/prefeito-dieb-recebe-troley-ferroviario-para-acervo-historico-do-museu-municipal-de-colina\/","url":"https:\/\/regiaonews.net.br\/2022\/2021\/06\/04\/prefeito-dieb-recebe-troley-ferroviario-para-acervo-historico-do-museu-municipal-de-colina\/","name":"Prefeito Dieb recebe Troley Ferrovi\u00e1rio para acervo hist\u00f3rico do Museu Municipal de Colina - Regi\u00e3o News","isPartOf":{"@id":"https:\/\/regiaonews.net.br\/2022\/#website"},"primaryImageOfPage":{"@id":"https:\/\/regiaonews.net.br\/2022\/2021\/06\/04\/prefeito-dieb-recebe-troley-ferroviario-para-acervo-historico-do-museu-municipal-de-colina\/#primaryimage"},"image":{"@id":"https:\/\/regiaonews.net.br\/2022\/2021\/06\/04\/prefeito-dieb-recebe-troley-ferroviario-para-acervo-historico-do-museu-municipal-de-colina\/#primaryimage"},"thumbnailUrl":"https:\/\/regiaonews.net.br\/2022\/wp-content\/uploads\/2021\/06\/FOTO-Troley-4.jpg","datePublished":"2021-06-04T19:24:56+00:00","breadcrumb":{"@id":"https:\/\/regiaonews.net.br\/2022\/2021\/06\/04\/prefeito-dieb-recebe-troley-ferroviario-para-acervo-historico-do-museu-municipal-de-colina\/#breadcrumb"},"inLanguage":"pt-BR","potentialAction":[{"@type":"ReadAction","target":["https:\/\/regiaonews.net.br\/2022\/2021\/06\/04\/prefeito-dieb-recebe-troley-ferroviario-para-acervo-historico-do-museu-municipal-de-colina\/"]}]},{"@type":"ImageObject","inLanguage":"pt-BR","@id":"https:\/\/regiaonews.net.br\/2022\/2021\/06\/04\/prefeito-dieb-recebe-troley-ferroviario-para-acervo-historico-do-museu-municipal-de-colina\/#primaryimage","url":"https:\/\/regiaonews.net.br\/2022\/wp-content\/uploads\/2021\/06\/FOTO-Troley-4.jpg","contentUrl":"https:\/\/regiaonews.net.br\/2022\/wp-content\/uploads\/2021\/06\/FOTO-Troley-4.jpg","width":1280,"height":847},{"@type":"BreadcrumbList","@id":"https:\/\/regiaonews.net.br\/2022\/2021\/06\/04\/prefeito-dieb-recebe-troley-ferroviario-para-acervo-historico-do-museu-municipal-de-colina\/#breadcrumb","itemListElement":[{"@type":"ListItem","position":1,"name":"In\u00edcio","item":"https:\/\/regiaonews.net.br\/2022\/"},{"@type":"ListItem","position":2,"name":"Prefeito Dieb recebe Troley Ferrovi\u00e1rio para acervo hist\u00f3rico do Museu Municipal de Colina"}]},{"@type":"WebSite","@id":"https:\/\/regiaonews.net.br\/2022\/#website","url":"https:\/\/regiaonews.net.br\/2022\/","name":"Regi\u00e3o News","description":"Site de Not\u00edcias de Barretos e regi\u00e3o","publisher":{"@id":"https:\/\/regiaonews.net.br\/2022\/#organization"},"potentialAction":[{"@type":"SearchAction","target":{"@type":"EntryPoint","urlTemplate":"https:\/\/regiaonews.net.br\/2022\/?s={search_term_string}"},"query-input":{"@type":"PropertyValueSpecification","valueRequired":true,"valueName":"search_term_string"}}],"inLanguage":"pt-BR"},{"@type":"Organization","@id":"https:\/\/regiaonews.net.br\/2022\/#organization","name":"Regi\u00e3o News","url":"https:\/\/regiaonews.net.br\/2022\/","logo":{"@type":"ImageObject","inLanguage":"pt-BR","@id":"https:\/\/regiaonews.net.br\/2022\/#\/schema\/logo\/image\/","url":"https:\/\/regiaonews.net.br\/2022\/wp-content\/uploads\/2026\/03\/regiao-13-anos-scaled.jpg","contentUrl":"https:\/\/regiaonews.net.br\/2022\/wp-content\/uploads\/2026\/03\/regiao-13-anos-scaled.jpg","width":2560,"height":635,"caption":"Regi\u00e3o News"},"image":{"@id":"https:\/\/regiaonews.net.br\/2022\/#\/schema\/logo\/image\/"}},{"@type":"Person","@id":"https:\/\/regiaonews.net.br\/2022\/#\/schema\/person\/2d205a608a5aa97ac279d7a5e6d89ad8","name":"Roberto","image":{"@type":"ImageObject","inLanguage":"pt-BR","@id":"https:\/\/secure.gravatar.com\/avatar\/42749d8b712ff9d59ca93dc150494e5b55a44134482993f5baeb97e61b7ecc89?s=96&d=mm&r=g","url":"https:\/\/secure.gravatar.com\/avatar\/42749d8b712ff9d59ca93dc150494e5b55a44134482993f5baeb97e61b7ecc89?s=96&d=mm&r=g","contentUrl":"https:\/\/secure.gravatar.com\/avatar\/42749d8b712ff9d59ca93dc150494e5b55a44134482993f5baeb97e61b7ecc89?s=96&d=mm&r=g","caption":"Roberto"},"url":"https:\/\/regiaonews.net.br\/2022\/author\/roberto\/"}]}},"publishpress_future_action":{"enabled":false,"date":"2026-05-04 15:56:15","action":"change-status","newStatus":"draft","terms":[],"taxonomy":"category","extraData":[]},"publishpress_future_workflow_manual_trigger":{"enabledWorkflows":[]},"_links":{"self":[{"href":"https:\/\/regiaonews.net.br\/2022\/wp-json\/wp\/v2\/posts\/48087","targetHints":{"allow":["GET"]}}],"collection":[{"href":"https:\/\/regiaonews.net.br\/2022\/wp-json\/wp\/v2\/posts"}],"about":[{"href":"https:\/\/regiaonews.net.br\/2022\/wp-json\/wp\/v2\/types\/post"}],"author":[{"embeddable":true,"href":"https:\/\/regiaonews.net.br\/2022\/wp-json\/wp\/v2\/users\/2"}],"replies":[{"embeddable":true,"href":"https:\/\/regiaonews.net.br\/2022\/wp-json\/wp\/v2\/comments?post=48087"}],"version-history":[{"count":0,"href":"https:\/\/regiaonews.net.br\/2022\/wp-json\/wp\/v2\/posts\/48087\/revisions"}],"wp:featuredmedia":[{"embeddable":true,"href":"https:\/\/regiaonews.net.br\/2022\/wp-json\/wp\/v2\/media\/48091"}],"wp:attachment":[{"href":"https:\/\/regiaonews.net.br\/2022\/wp-json\/wp\/v2\/media?parent=48087"}],"wp:term":[{"taxonomy":"category","embeddable":true,"href":"https:\/\/regiaonews.net.br\/2022\/wp-json\/wp\/v2\/categories?post=48087"},{"taxonomy":"post_tag","embeddable":true,"href":"https:\/\/regiaonews.net.br\/2022\/wp-json\/wp\/v2\/tags?post=48087"}],"curies":[{"name":"wp","href":"https:\/\/api.w.org\/{rel}","templated":true}]}}