{"id":48084,"date":"2021-06-04T16:16:36","date_gmt":"2021-06-04T19:16:36","guid":{"rendered":"https:\/\/regiaonews.net.br\/2022\/?p=48084"},"modified":"2021-06-04T16:18:38","modified_gmt":"2021-06-04T19:18:38","slug":"prefeitura-e-estado-abrem-inscricao-para-oficinas-culturais","status":"publish","type":"post","link":"https:\/\/regiaonews.net.br\/2022\/2021\/06\/04\/prefeitura-e-estado-abrem-inscricao-para-oficinas-culturais\/","title":{"rendered":"Prefeitura e Estado abrem inscri\u00e7\u00e3o para oficinas culturais"},"content":{"rendered":"<p>&nbsp;<\/p>\n<p><em><a href=\"https:\/\/regiaonews.net.br\/2022\/wp-content\/uploads\/2021\/06\/Oficinas-Culturais.jpg\"><img loading=\"lazy\" decoding=\"async\" class=\"alignnone size-medium wp-image-48085\" src=\"https:\/\/regiaonews.net.br\/2022\/wp-content\/uploads\/2021\/06\/Oficinas-Culturais-254x300.jpg\" alt=\"\" width=\"254\" height=\"300\" \/><\/a><\/em><em>Cursos s\u00e3o gratuitos, com vagas limitadas<\/em><\/p>\n<p>&nbsp;<\/p>\n<p>A Prefeitura de Bebedouro abre inscri\u00e7\u00f5es para as Oficinas Culturais &#8211; Programa de Forma\u00e7\u00e3o para o Interior, que ocorrem em julho via aplicativo Zoom. O projeto \u00e9 uma parceria com a Secretaria de Cultura do Estado de S\u00e3o Paulo e o Departamento Municipal de Cultura.<\/p>\n<p>&nbsp;<\/p>\n<p>As inscri\u00e7\u00f5es v\u00e3o de segunda-feira (07) a 20 de junho. S\u00e3o seis oficinas, com os temas: Oficina de pandeiro- pr\u00e1ticas na cultura popular brasileira; Oficina pr\u00e1tica de desenho espont\u00e2neo; Oficina entre dobras e cortes: possibilidades para narrativas visuais; Oficina de fotografia e percep\u00e7\u00e3o ambiental; Clube de leitura Dante e a Divina Com\u00e9dia: uma viagem entre inferno, purgat\u00f3rio e para\u00edso; Escrever o amor nos tempos de pandemia.<\/p>\n<p>&nbsp;<\/p>\n<p>Os dias, hor\u00e1rios dos cursos e p\u00fablico alvo podem ser conferidos pelos links:<\/p>\n<p>&nbsp;<\/p>\n<p>Oficina de pandeiro- pr\u00e1ticas na cultura popular brasileira<\/p>\n<p><a href=\"https:\/\/forms.gle\/aMrzggjtFeukJZx16\">https:\/\/forms.gle\/aMrzggjtFeukJZx16<\/a><\/p>\n<p>&nbsp;<\/p>\n<p>Oficina pr\u00e1tica de desenho espont\u00e2neo<\/p>\n<p><a href=\"https:\/\/forms.gle\/LGTJLdDmw3Hcz26b8\">https:\/\/forms.gle\/LGTJLdDmw3Hcz26b8<\/a><\/p>\n<p>&nbsp;<\/p>\n<p>Oficina entre dobras e cortes: possibilidades para narrativas visuais<\/p>\n<p><a href=\"https:\/\/forms.gle\/tn4tS5KjnpvdazpLA\">https:\/\/forms.gle\/tn4tS5KjnpvdazpLA<\/a><\/p>\n<p>&nbsp;<\/p>\n<p>Oficina de fotografia e percep\u00e7\u00e3o ambiental<\/p>\n<p><a href=\"https:\/\/forms.gle\/SD4bvvpbVjak4biG6\">https:\/\/forms.gle\/SD4bvvpbVjak4biG6<\/a><\/p>\n<p>&nbsp;<\/p>\n<p>Clube de leitura Dante e a Divina Com\u00e9dia: uma viagem entre inferno, purgat\u00f3rio e para\u00edso<\/p>\n<p><a href=\"https:\/\/forms.gle\/XMgeUmXyUoeFgzaj8\">https:\/\/forms.gle\/XMgeUmXyUoeFgzaj8<\/a><\/p>\n<p>&nbsp;<\/p>\n<p>Escrever o amor nos tempos de pandemia<\/p>\n<p><a href=\"https:\/\/forms.gle\/qpQioppTMTWZZTpDA\">https:\/\/forms.gle\/qpQioppTMTWZZTpDA<\/a><\/p>\n<p>&nbsp;<\/p>\n<p>Os participantes receber\u00e3o diploma. Mais informa\u00e7\u00f5es pelo telefone (17) 3345-3421 e pelo e-mail <a href=\"mailto:cultura.glauco@bebedouro.sp.gov.br\">cultura.glauco@bebedouro.sp.gov.br<\/a>.<\/p>\n<p>&nbsp;<\/p>\n","protected":false},"excerpt":{"rendered":"<p>&nbsp; Cursos s\u00e3o gratuitos, com vagas limitadas &nbsp; A Prefeitura<\/p>\n","protected":false},"author":2,"featured_media":45595,"comment_status":"open","ping_status":"open","sticky":false,"template":"","format":"standard","meta":{"footnotes":""},"categories":[4,25],"tags":[],"class_list":["post-48084","post","type-post","status-publish","format-standard","has-post-thumbnail","hentry","category-bebedouro","category-cidades"],"yoast_head":"<!-- This site is optimized with the Yoast SEO plugin v27.4 - https:\/\/yoast.com\/product\/yoast-seo-wordpress\/ -->\n<title>Prefeitura e Estado abrem inscri\u00e7\u00e3o para oficinas culturais - Regi\u00e3o News<\/title>\n<meta name=\"robots\" content=\"index, follow, max-snippet:-1, max-image-preview:large, max-video-preview:-1\" \/>\n<link rel=\"canonical\" href=\"https:\/\/regiaonews.net.br\/2022\/2021\/06\/04\/prefeitura-e-estado-abrem-inscricao-para-oficinas-culturais\/\" \/>\n<meta property=\"og:locale\" content=\"pt_BR\" \/>\n<meta property=\"og:type\" content=\"article\" \/>\n<meta property=\"og:title\" content=\"Prefeitura e Estado abrem inscri\u00e7\u00e3o para oficinas culturais - Regi\u00e3o News\" \/>\n<meta property=\"og:description\" content=\"&nbsp; Cursos s\u00e3o gratuitos, com vagas limitadas &nbsp; A Prefeitura\" \/>\n<meta property=\"og:url\" content=\"https:\/\/regiaonews.net.br\/2022\/2021\/06\/04\/prefeitura-e-estado-abrem-inscricao-para-oficinas-culturais\/\" \/>\n<meta property=\"og:site_name\" content=\"Regi\u00e3o News\" \/>\n<meta property=\"article:published_time\" content=\"2021-06-04T19:16:36+00:00\" \/>\n<meta property=\"article:modified_time\" content=\"2021-06-04T19:18:38+00:00\" \/>\n<meta property=\"og:image\" content=\"https:\/\/regiaonews.net.br\/2022\/wp-content\/uploads\/2021\/04\/Bebedouro-foto-Ismael-Magalhaes-2.jpeg\" \/>\n\t<meta property=\"og:image:width\" content=\"824\" \/>\n\t<meta property=\"og:image:height\" content=\"824\" \/>\n\t<meta property=\"og:image:type\" content=\"image\/jpeg\" \/>\n<meta name=\"author\" content=\"Roberto\" \/>\n<meta name=\"twitter:card\" content=\"summary_large_image\" \/>\n<meta name=\"twitter:label1\" content=\"Escrito por\" \/>\n\t<meta name=\"twitter:data1\" content=\"Roberto\" \/>\n\t<meta name=\"twitter:label2\" content=\"Est. tempo de leitura\" \/>\n\t<meta name=\"twitter:data2\" content=\"1 minuto\" \/>\n<script type=\"application\/ld+json\" class=\"yoast-schema-graph\">{\"@context\":\"https:\\\/\\\/schema.org\",\"@graph\":[{\"@type\":\"Article\",\"@id\":\"https:\\\/\\\/regiaonews.net.br\\\/2022\\\/2021\\\/06\\\/04\\\/prefeitura-e-estado-abrem-inscricao-para-oficinas-culturais\\\/#article\",\"isPartOf\":{\"@id\":\"https:\\\/\\\/regiaonews.net.br\\\/2022\\\/2021\\\/06\\\/04\\\/prefeitura-e-estado-abrem-inscricao-para-oficinas-culturais\\\/\"},\"author\":{\"name\":\"Roberto\",\"@id\":\"https:\\\/\\\/regiaonews.net.br\\\/2022\\\/#\\\/schema\\\/person\\\/2d205a608a5aa97ac279d7a5e6d89ad8\"},\"headline\":\"Prefeitura e Estado abrem inscri\u00e7\u00e3o para oficinas culturais\",\"datePublished\":\"2021-06-04T19:16:36+00:00\",\"dateModified\":\"2021-06-04T19:18:38+00:00\",\"mainEntityOfPage\":{\"@id\":\"https:\\\/\\\/regiaonews.net.br\\\/2022\\\/2021\\\/06\\\/04\\\/prefeitura-e-estado-abrem-inscricao-para-oficinas-culturais\\\/\"},\"wordCount\":271,\"commentCount\":0,\"publisher\":{\"@id\":\"https:\\\/\\\/regiaonews.net.br\\\/2022\\\/#organization\"},\"image\":{\"@id\":\"https:\\\/\\\/regiaonews.net.br\\\/2022\\\/2021\\\/06\\\/04\\\/prefeitura-e-estado-abrem-inscricao-para-oficinas-culturais\\\/#primaryimage\"},\"thumbnailUrl\":\"https:\\\/\\\/regiaonews.net.br\\\/2022\\\/wp-content\\\/uploads\\\/2021\\\/04\\\/Bebedouro-foto-Ismael-Magalhaes-2.jpeg\",\"articleSection\":[\"Bebedouro\",\"Cidades\"],\"inLanguage\":\"pt-BR\",\"potentialAction\":[{\"@type\":\"CommentAction\",\"name\":\"Comment\",\"target\":[\"https:\\\/\\\/regiaonews.net.br\\\/2022\\\/2021\\\/06\\\/04\\\/prefeitura-e-estado-abrem-inscricao-para-oficinas-culturais\\\/#respond\"]}]},{\"@type\":\"WebPage\",\"@id\":\"https:\\\/\\\/regiaonews.net.br\\\/2022\\\/2021\\\/06\\\/04\\\/prefeitura-e-estado-abrem-inscricao-para-oficinas-culturais\\\/\",\"url\":\"https:\\\/\\\/regiaonews.net.br\\\/2022\\\/2021\\\/06\\\/04\\\/prefeitura-e-estado-abrem-inscricao-para-oficinas-culturais\\\/\",\"name\":\"Prefeitura e Estado abrem inscri\u00e7\u00e3o para oficinas culturais - Regi\u00e3o News\",\"isPartOf\":{\"@id\":\"https:\\\/\\\/regiaonews.net.br\\\/2022\\\/#website\"},\"primaryImageOfPage\":{\"@id\":\"https:\\\/\\\/regiaonews.net.br\\\/2022\\\/2021\\\/06\\\/04\\\/prefeitura-e-estado-abrem-inscricao-para-oficinas-culturais\\\/#primaryimage\"},\"image\":{\"@id\":\"https:\\\/\\\/regiaonews.net.br\\\/2022\\\/2021\\\/06\\\/04\\\/prefeitura-e-estado-abrem-inscricao-para-oficinas-culturais\\\/#primaryimage\"},\"thumbnailUrl\":\"https:\\\/\\\/regiaonews.net.br\\\/2022\\\/wp-content\\\/uploads\\\/2021\\\/04\\\/Bebedouro-foto-Ismael-Magalhaes-2.jpeg\",\"datePublished\":\"2021-06-04T19:16:36+00:00\",\"dateModified\":\"2021-06-04T19:18:38+00:00\",\"breadcrumb\":{\"@id\":\"https:\\\/\\\/regiaonews.net.br\\\/2022\\\/2021\\\/06\\\/04\\\/prefeitura-e-estado-abrem-inscricao-para-oficinas-culturais\\\/#breadcrumb\"},\"inLanguage\":\"pt-BR\",\"potentialAction\":[{\"@type\":\"ReadAction\",\"target\":[\"https:\\\/\\\/regiaonews.net.br\\\/2022\\\/2021\\\/06\\\/04\\\/prefeitura-e-estado-abrem-inscricao-para-oficinas-culturais\\\/\"]}]},{\"@type\":\"ImageObject\",\"inLanguage\":\"pt-BR\",\"@id\":\"https:\\\/\\\/regiaonews.net.br\\\/2022\\\/2021\\\/06\\\/04\\\/prefeitura-e-estado-abrem-inscricao-para-oficinas-culturais\\\/#primaryimage\",\"url\":\"https:\\\/\\\/regiaonews.net.br\\\/2022\\\/wp-content\\\/uploads\\\/2021\\\/04\\\/Bebedouro-foto-Ismael-Magalhaes-2.jpeg\",\"contentUrl\":\"https:\\\/\\\/regiaonews.net.br\\\/2022\\\/wp-content\\\/uploads\\\/2021\\\/04\\\/Bebedouro-foto-Ismael-Magalhaes-2.jpeg\",\"width\":824,\"height\":824},{\"@type\":\"BreadcrumbList\",\"@id\":\"https:\\\/\\\/regiaonews.net.br\\\/2022\\\/2021\\\/06\\\/04\\\/prefeitura-e-estado-abrem-inscricao-para-oficinas-culturais\\\/#breadcrumb\",\"itemListElement\":[{\"@type\":\"ListItem\",\"position\":1,\"name\":\"In\u00edcio\",\"item\":\"https:\\\/\\\/regiaonews.net.br\\\/2022\\\/\"},{\"@type\":\"ListItem\",\"position\":2,\"name\":\"Prefeitura e Estado abrem inscri\u00e7\u00e3o para oficinas culturais\"}]},{\"@type\":\"WebSite\",\"@id\":\"https:\\\/\\\/regiaonews.net.br\\\/2022\\\/#website\",\"url\":\"https:\\\/\\\/regiaonews.net.br\\\/2022\\\/\",\"name\":\"Regi\u00e3o News\",\"description\":\"Site de Not\u00edcias de Barretos e regi\u00e3o\",\"publisher\":{\"@id\":\"https:\\\/\\\/regiaonews.net.br\\\/2022\\\/#organization\"},\"potentialAction\":[{\"@type\":\"SearchAction\",\"target\":{\"@type\":\"EntryPoint\",\"urlTemplate\":\"https:\\\/\\\/regiaonews.net.br\\\/2022\\\/?s={search_term_string}\"},\"query-input\":{\"@type\":\"PropertyValueSpecification\",\"valueRequired\":true,\"valueName\":\"search_term_string\"}}],\"inLanguage\":\"pt-BR\"},{\"@type\":\"Organization\",\"@id\":\"https:\\\/\\\/regiaonews.net.br\\\/2022\\\/#organization\",\"name\":\"Regi\u00e3o News\",\"url\":\"https:\\\/\\\/regiaonews.net.br\\\/2022\\\/\",\"logo\":{\"@type\":\"ImageObject\",\"inLanguage\":\"pt-BR\",\"@id\":\"https:\\\/\\\/regiaonews.net.br\\\/2022\\\/#\\\/schema\\\/logo\\\/image\\\/\",\"url\":\"https:\\\/\\\/regiaonews.net.br\\\/2022\\\/wp-content\\\/uploads\\\/2026\\\/03\\\/regiao-13-anos-scaled.jpg\",\"contentUrl\":\"https:\\\/\\\/regiaonews.net.br\\\/2022\\\/wp-content\\\/uploads\\\/2026\\\/03\\\/regiao-13-anos-scaled.jpg\",\"width\":2560,\"height\":635,\"caption\":\"Regi\u00e3o News\"},\"image\":{\"@id\":\"https:\\\/\\\/regiaonews.net.br\\\/2022\\\/#\\\/schema\\\/logo\\\/image\\\/\"}},{\"@type\":\"Person\",\"@id\":\"https:\\\/\\\/regiaonews.net.br\\\/2022\\\/#\\\/schema\\\/person\\\/2d205a608a5aa97ac279d7a5e6d89ad8\",\"name\":\"Roberto\",\"image\":{\"@type\":\"ImageObject\",\"inLanguage\":\"pt-BR\",\"@id\":\"https:\\\/\\\/secure.gravatar.com\\\/avatar\\\/42749d8b712ff9d59ca93dc150494e5b55a44134482993f5baeb97e61b7ecc89?s=96&d=mm&r=g\",\"url\":\"https:\\\/\\\/secure.gravatar.com\\\/avatar\\\/42749d8b712ff9d59ca93dc150494e5b55a44134482993f5baeb97e61b7ecc89?s=96&d=mm&r=g\",\"contentUrl\":\"https:\\\/\\\/secure.gravatar.com\\\/avatar\\\/42749d8b712ff9d59ca93dc150494e5b55a44134482993f5baeb97e61b7ecc89?s=96&d=mm&r=g\",\"caption\":\"Roberto\"},\"url\":\"https:\\\/\\\/regiaonews.net.br\\\/2022\\\/author\\\/roberto\\\/\"}]}<\/script>\n<!-- \/ Yoast SEO plugin. -->","yoast_head_json":{"title":"Prefeitura e Estado abrem inscri\u00e7\u00e3o para oficinas culturais - Regi\u00e3o News","robots":{"index":"index","follow":"follow","max-snippet":"max-snippet:-1","max-image-preview":"max-image-preview:large","max-video-preview":"max-video-preview:-1"},"canonical":"https:\/\/regiaonews.net.br\/2022\/2021\/06\/04\/prefeitura-e-estado-abrem-inscricao-para-oficinas-culturais\/","og_locale":"pt_BR","og_type":"article","og_title":"Prefeitura e Estado abrem inscri\u00e7\u00e3o para oficinas culturais - Regi\u00e3o News","og_description":"&nbsp; Cursos s\u00e3o gratuitos, com vagas limitadas &nbsp; A Prefeitura","og_url":"https:\/\/regiaonews.net.br\/2022\/2021\/06\/04\/prefeitura-e-estado-abrem-inscricao-para-oficinas-culturais\/","og_site_name":"Regi\u00e3o News","article_published_time":"2021-06-04T19:16:36+00:00","article_modified_time":"2021-06-04T19:18:38+00:00","og_image":[{"width":824,"height":824,"url":"https:\/\/regiaonews.net.br\/2022\/wp-content\/uploads\/2021\/04\/Bebedouro-foto-Ismael-Magalhaes-2.jpeg","type":"image\/jpeg"}],"author":"Roberto","twitter_card":"summary_large_image","twitter_misc":{"Escrito por":"Roberto","Est. tempo de leitura":"1 minuto"},"schema":{"@context":"https:\/\/schema.org","@graph":[{"@type":"Article","@id":"https:\/\/regiaonews.net.br\/2022\/2021\/06\/04\/prefeitura-e-estado-abrem-inscricao-para-oficinas-culturais\/#article","isPartOf":{"@id":"https:\/\/regiaonews.net.br\/2022\/2021\/06\/04\/prefeitura-e-estado-abrem-inscricao-para-oficinas-culturais\/"},"author":{"name":"Roberto","@id":"https:\/\/regiaonews.net.br\/2022\/#\/schema\/person\/2d205a608a5aa97ac279d7a5e6d89ad8"},"headline":"Prefeitura e Estado abrem inscri\u00e7\u00e3o para oficinas culturais","datePublished":"2021-06-04T19:16:36+00:00","dateModified":"2021-06-04T19:18:38+00:00","mainEntityOfPage":{"@id":"https:\/\/regiaonews.net.br\/2022\/2021\/06\/04\/prefeitura-e-estado-abrem-inscricao-para-oficinas-culturais\/"},"wordCount":271,"commentCount":0,"publisher":{"@id":"https:\/\/regiaonews.net.br\/2022\/#organization"},"image":{"@id":"https:\/\/regiaonews.net.br\/2022\/2021\/06\/04\/prefeitura-e-estado-abrem-inscricao-para-oficinas-culturais\/#primaryimage"},"thumbnailUrl":"https:\/\/regiaonews.net.br\/2022\/wp-content\/uploads\/2021\/04\/Bebedouro-foto-Ismael-Magalhaes-2.jpeg","articleSection":["Bebedouro","Cidades"],"inLanguage":"pt-BR","potentialAction":[{"@type":"CommentAction","name":"Comment","target":["https:\/\/regiaonews.net.br\/2022\/2021\/06\/04\/prefeitura-e-estado-abrem-inscricao-para-oficinas-culturais\/#respond"]}]},{"@type":"WebPage","@id":"https:\/\/regiaonews.net.br\/2022\/2021\/06\/04\/prefeitura-e-estado-abrem-inscricao-para-oficinas-culturais\/","url":"https:\/\/regiaonews.net.br\/2022\/2021\/06\/04\/prefeitura-e-estado-abrem-inscricao-para-oficinas-culturais\/","name":"Prefeitura e Estado abrem inscri\u00e7\u00e3o para oficinas culturais - Regi\u00e3o News","isPartOf":{"@id":"https:\/\/regiaonews.net.br\/2022\/#website"},"primaryImageOfPage":{"@id":"https:\/\/regiaonews.net.br\/2022\/2021\/06\/04\/prefeitura-e-estado-abrem-inscricao-para-oficinas-culturais\/#primaryimage"},"image":{"@id":"https:\/\/regiaonews.net.br\/2022\/2021\/06\/04\/prefeitura-e-estado-abrem-inscricao-para-oficinas-culturais\/#primaryimage"},"thumbnailUrl":"https:\/\/regiaonews.net.br\/2022\/wp-content\/uploads\/2021\/04\/Bebedouro-foto-Ismael-Magalhaes-2.jpeg","datePublished":"2021-06-04T19:16:36+00:00","dateModified":"2021-06-04T19:18:38+00:00","breadcrumb":{"@id":"https:\/\/regiaonews.net.br\/2022\/2021\/06\/04\/prefeitura-e-estado-abrem-inscricao-para-oficinas-culturais\/#breadcrumb"},"inLanguage":"pt-BR","potentialAction":[{"@type":"ReadAction","target":["https:\/\/regiaonews.net.br\/2022\/2021\/06\/04\/prefeitura-e-estado-abrem-inscricao-para-oficinas-culturais\/"]}]},{"@type":"ImageObject","inLanguage":"pt-BR","@id":"https:\/\/regiaonews.net.br\/2022\/2021\/06\/04\/prefeitura-e-estado-abrem-inscricao-para-oficinas-culturais\/#primaryimage","url":"https:\/\/regiaonews.net.br\/2022\/wp-content\/uploads\/2021\/04\/Bebedouro-foto-Ismael-Magalhaes-2.jpeg","contentUrl":"https:\/\/regiaonews.net.br\/2022\/wp-content\/uploads\/2021\/04\/Bebedouro-foto-Ismael-Magalhaes-2.jpeg","width":824,"height":824},{"@type":"BreadcrumbList","@id":"https:\/\/regiaonews.net.br\/2022\/2021\/06\/04\/prefeitura-e-estado-abrem-inscricao-para-oficinas-culturais\/#breadcrumb","itemListElement":[{"@type":"ListItem","position":1,"name":"In\u00edcio","item":"https:\/\/regiaonews.net.br\/2022\/"},{"@type":"ListItem","position":2,"name":"Prefeitura e Estado abrem inscri\u00e7\u00e3o para oficinas culturais"}]},{"@type":"WebSite","@id":"https:\/\/regiaonews.net.br\/2022\/#website","url":"https:\/\/regiaonews.net.br\/2022\/","name":"Regi\u00e3o News","description":"Site de Not\u00edcias de Barretos e regi\u00e3o","publisher":{"@id":"https:\/\/regiaonews.net.br\/2022\/#organization"},"potentialAction":[{"@type":"SearchAction","target":{"@type":"EntryPoint","urlTemplate":"https:\/\/regiaonews.net.br\/2022\/?s={search_term_string}"},"query-input":{"@type":"PropertyValueSpecification","valueRequired":true,"valueName":"search_term_string"}}],"inLanguage":"pt-BR"},{"@type":"Organization","@id":"https:\/\/regiaonews.net.br\/2022\/#organization","name":"Regi\u00e3o News","url":"https:\/\/regiaonews.net.br\/2022\/","logo":{"@type":"ImageObject","inLanguage":"pt-BR","@id":"https:\/\/regiaonews.net.br\/2022\/#\/schema\/logo\/image\/","url":"https:\/\/regiaonews.net.br\/2022\/wp-content\/uploads\/2026\/03\/regiao-13-anos-scaled.jpg","contentUrl":"https:\/\/regiaonews.net.br\/2022\/wp-content\/uploads\/2026\/03\/regiao-13-anos-scaled.jpg","width":2560,"height":635,"caption":"Regi\u00e3o News"},"image":{"@id":"https:\/\/regiaonews.net.br\/2022\/#\/schema\/logo\/image\/"}},{"@type":"Person","@id":"https:\/\/regiaonews.net.br\/2022\/#\/schema\/person\/2d205a608a5aa97ac279d7a5e6d89ad8","name":"Roberto","image":{"@type":"ImageObject","inLanguage":"pt-BR","@id":"https:\/\/secure.gravatar.com\/avatar\/42749d8b712ff9d59ca93dc150494e5b55a44134482993f5baeb97e61b7ecc89?s=96&d=mm&r=g","url":"https:\/\/secure.gravatar.com\/avatar\/42749d8b712ff9d59ca93dc150494e5b55a44134482993f5baeb97e61b7ecc89?s=96&d=mm&r=g","contentUrl":"https:\/\/secure.gravatar.com\/avatar\/42749d8b712ff9d59ca93dc150494e5b55a44134482993f5baeb97e61b7ecc89?s=96&d=mm&r=g","caption":"Roberto"},"url":"https:\/\/regiaonews.net.br\/2022\/author\/roberto\/"}]}},"publishpress_future_action":{"enabled":false,"date":"2026-05-04 14:36:15","action":"change-status","newStatus":"draft","terms":[],"taxonomy":"category","extraData":[]},"publishpress_future_workflow_manual_trigger":{"enabledWorkflows":[]},"_links":{"self":[{"href":"https:\/\/regiaonews.net.br\/2022\/wp-json\/wp\/v2\/posts\/48084","targetHints":{"allow":["GET"]}}],"collection":[{"href":"https:\/\/regiaonews.net.br\/2022\/wp-json\/wp\/v2\/posts"}],"about":[{"href":"https:\/\/regiaonews.net.br\/2022\/wp-json\/wp\/v2\/types\/post"}],"author":[{"embeddable":true,"href":"https:\/\/regiaonews.net.br\/2022\/wp-json\/wp\/v2\/users\/2"}],"replies":[{"embeddable":true,"href":"https:\/\/regiaonews.net.br\/2022\/wp-json\/wp\/v2\/comments?post=48084"}],"version-history":[{"count":0,"href":"https:\/\/regiaonews.net.br\/2022\/wp-json\/wp\/v2\/posts\/48084\/revisions"}],"wp:featuredmedia":[{"embeddable":true,"href":"https:\/\/regiaonews.net.br\/2022\/wp-json\/wp\/v2\/media\/45595"}],"wp:attachment":[{"href":"https:\/\/regiaonews.net.br\/2022\/wp-json\/wp\/v2\/media?parent=48084"}],"wp:term":[{"taxonomy":"category","embeddable":true,"href":"https:\/\/regiaonews.net.br\/2022\/wp-json\/wp\/v2\/categories?post=48084"},{"taxonomy":"post_tag","embeddable":true,"href":"https:\/\/regiaonews.net.br\/2022\/wp-json\/wp\/v2\/tags?post=48084"}],"curies":[{"name":"wp","href":"https:\/\/api.w.org\/{rel}","templated":true}]}}