{"id":48076,"date":"2021-06-04T14:26:50","date_gmt":"2021-06-04T17:26:50","guid":{"rendered":"https:\/\/regiaonews.net.br\/2022\/?p=48076"},"modified":"2021-06-04T14:27:05","modified_gmt":"2021-06-04T17:27:05","slug":"covid-19-627-dos-municipios-no-pais-relatam-aumento-de-casos","status":"publish","type":"post","link":"https:\/\/regiaonews.net.br\/2022\/2021\/06\/04\/covid-19-627-dos-municipios-no-pais-relatam-aumento-de-casos\/","title":{"rendered":"Covid-19: 62,7% dos munic\u00edpios no pa\u00eds relatam aumento de casos"},"content":{"rendered":"<p><a href=\"https:\/\/regiaonews.net.br\/2022\/wp-content\/uploads\/2021\/06\/2020-10-02t002908z_1_lynxmpeg9100p_rtroptp_4_health-coronavirus-brazil.jpg\"><img loading=\"lazy\" decoding=\"async\" class=\"size-medium wp-image-48077\" src=\"https:\/\/regiaonews.net.br\/2022\/wp-content\/uploads\/2021\/06\/2020-10-02t002908z_1_lynxmpeg9100p_rtroptp_4_health-coronavirus-brazil-300x179.jpg\" alt=\"\" width=\"300\" height=\"179\" \/><\/a><\/p>\n<p>&nbsp;<\/p>\n<p>No m\u00eas<span id=\"OBJ_PREFIX_DWT161_com_zimbra_date\" role=\"link\">\u00a0de maio,<\/span>\u00a01.515 cidades no pa\u00eds tiveram aumento no n\u00famero de casos de covid-19,\u00a0na compara\u00e7\u00e3o com abril. O n\u00famero corresponde a 62,7% das 2.418 prefeituras ouvidas na 11\u00aa edi\u00e7\u00e3o da\u00a0<a href=\"https:\/\/www.cnm.org.br\/cms\/biblioteca\/Pesquisa-CNM-Covid-19_Ed11.pdf\" target=\"_blank\" rel=\"noopener\">pesquisa<\/a>\u00a0da Confedera\u00e7\u00e3o Nacional dos Munic\u00edpios (CNM) sobre a pandemia.\u00a0<img decoding=\"async\" src=\"https:\/\/agenciabrasil.ebc.com.br\/ebc.png?id=1411681&amp;o=node\" \/><img decoding=\"async\" src=\"https:\/\/agenciabrasil.ebc.com.br\/ebc.gif?id=1411681&amp;o=node\" \/><\/p>\n<p>Em 463 munic\u00edpios (19,1%) a situa\u00e7\u00e3o ficou est\u00e1vel e em 426\u00a0(17,6%)\u00a0as administra\u00e7\u00f5es municipais apontaram a redu\u00e7\u00e3o no n\u00famero de pessoas infectadas pelo novo coronav\u00edrus. Segundo a equipe respons\u00e1vel pelo levantamento, os dados acendem um \u201csinal vermelho para uma poss\u00edvel terceira onda no pa\u00eds\u201d.<\/p>\n<p>Consultadas,\u00a01.860 (76,9%) prefeituras informaram\u00a0<span id=\"OBJ_PREFIX_DWT163_com_zimbra_date\" role=\"link\">ter<\/span>\u00a0adotado alguma forma de fechamento ou restri\u00e7\u00e3o de hor\u00e1rio das atividades n\u00e3o essenciais. Outras 532 (22%) prefeituras responderam n\u00e3o\u00a0<span id=\"OBJ_PREFIX_DWT164_com_zimbra_date\" role=\"link\">ter<\/span>\u00a0lan\u00e7ado m\u00e3o deste recurso durante a pandemia. Na edi\u00e7\u00e3o anterior,\u00a073,9% dos munic\u00edpios ouvidos informaram ter adotado medidas de distanciamento.<\/p>\n<h2>Vacinas<\/h2>\n<p>Entre as administra\u00e7\u00f5es consultadas, 554 (22,9%) relataram ter\u00a0ficado sem vacina contra a covid-19 nesta semana. Do total, 1.839 (76,1%) cidades manifestaram n\u00e3o\u00a0<span id=\"OBJ_PREFIX_DWT165_com_zimbra_date\" role=\"link\">ter<\/span>\u00a0passado por este problema. Na semana anterior, 783 munic\u00edpios acusaram a falta de imunizantes contra a covid-19.<\/p>\n<p>Das cidades que n\u00e3o receberam imunizante, 368 (66,4%) ficaram sem a primeira\u00a0dose e 305 (55,1%) ficaram sem a segunda\u00a0dose. Entre os munic\u00edpios que ficaram sem a segunda dose,\u00a0276 (74%) n\u00e3o receberam a Coronavac e 73 (19,6%) ficaram sem o imunizante Oxford\/AstraZeneca.<\/p>\n<p>Considerando a nova orienta\u00e7\u00e3o do Minist\u00e9rio da Sa\u00fade para avan\u00e7ar na vacina\u00e7\u00e3o de pessoas com menos de 60 anos, 1.209 (50%) cidades afirmaram que v\u00e3o iniciar a imuniza\u00e7\u00e3o da\u00a0faixa\u00a0et\u00e1ria\u00a0nesta semana. O procedimento n\u00e3o ser\u00e1 adotado por 1.187 (49,1%) cidades neste momento.<\/p>\n<p>Quanto \u00e0 vacina\u00e7\u00e3o de profissionais da educa\u00e7\u00e3o, 1.547 prefeituras informaram que em\u00a0uma semana v\u00e3o completar a imuniza\u00e7\u00e3o deste p\u00fablico priorit\u00e1rio, enquanto 600 o far\u00e3o em duas semanas e 153 em mais de quatro semanas.<\/p>\n<h2>Insumos<\/h2>\n<p>O risco de desabastecimento de medicamentos do chamado\u00a0<em>kit<\/em>\u00a0intuba\u00e7\u00e3o\u00a0foi apontado por 614 cidades, o equivalente a 25,4% das consultadas. No levantamento anterior, o \u00edndice de munic\u00edpios que acusaram o problema foi de 23,2%. O nome \u00e9 dado a rem\u00e9dios usados no uso de suporte ventilat\u00f3rio de pacientes com covid-19, como anest\u00e9sicos e neurobloquedores.<\/p>\n<p>fonte : Ag\u00eanciaBrasil<\/p>\n","protected":false},"excerpt":{"rendered":"<p>&nbsp; No m\u00eas\u00a0de maio,\u00a01.515 cidades no pa\u00eds tiveram aumento no<\/p>\n","protected":false},"author":2,"featured_media":48077,"comment_status":"open","ping_status":"open","sticky":false,"template":"","format":"standard","meta":{"footnotes":""},"categories":[24,25],"tags":[],"class_list":["post-48076","post","type-post","status-publish","format-standard","has-post-thumbnail","hentry","category-brasil","category-cidades"],"yoast_head":"<!-- This site is optimized with the Yoast SEO plugin v27.4 - https:\/\/yoast.com\/product\/yoast-seo-wordpress\/ -->\n<title>Covid-19: 62,7% dos munic\u00edpios no pa\u00eds relatam aumento de casos - Regi\u00e3o News<\/title>\n<meta name=\"robots\" content=\"index, follow, max-snippet:-1, max-image-preview:large, max-video-preview:-1\" \/>\n<link rel=\"canonical\" href=\"https:\/\/regiaonews.net.br\/2022\/2021\/06\/04\/covid-19-627-dos-municipios-no-pais-relatam-aumento-de-casos\/\" \/>\n<meta property=\"og:locale\" content=\"pt_BR\" \/>\n<meta property=\"og:type\" content=\"article\" \/>\n<meta property=\"og:title\" content=\"Covid-19: 62,7% dos munic\u00edpios no pa\u00eds relatam aumento de casos - Regi\u00e3o News\" \/>\n<meta property=\"og:description\" content=\"&nbsp; No m\u00eas\u00a0de maio,\u00a01.515 cidades no pa\u00eds tiveram aumento no\" \/>\n<meta property=\"og:url\" content=\"https:\/\/regiaonews.net.br\/2022\/2021\/06\/04\/covid-19-627-dos-municipios-no-pais-relatam-aumento-de-casos\/\" \/>\n<meta property=\"og:site_name\" content=\"Regi\u00e3o News\" \/>\n<meta property=\"article:published_time\" content=\"2021-06-04T17:26:50+00:00\" \/>\n<meta property=\"article:modified_time\" content=\"2021-06-04T17:27:05+00:00\" \/>\n<meta property=\"og:image\" content=\"https:\/\/regiaonews.net.br\/2022\/wp-content\/uploads\/2021\/06\/2020-10-02t002908z_1_lynxmpeg9100p_rtroptp_4_health-coronavirus-brazil.jpg\" \/>\n\t<meta property=\"og:image:width\" content=\"1170\" \/>\n\t<meta property=\"og:image:height\" content=\"700\" \/>\n\t<meta property=\"og:image:type\" content=\"image\/jpeg\" \/>\n<meta name=\"author\" content=\"Roberto\" \/>\n<meta name=\"twitter:card\" content=\"summary_large_image\" \/>\n<meta name=\"twitter:label1\" content=\"Escrito por\" \/>\n\t<meta name=\"twitter:data1\" content=\"Roberto\" \/>\n\t<meta name=\"twitter:label2\" content=\"Est. tempo de leitura\" \/>\n\t<meta name=\"twitter:data2\" content=\"2 minutos\" \/>\n<script type=\"application\/ld+json\" class=\"yoast-schema-graph\">{\"@context\":\"https:\\\/\\\/schema.org\",\"@graph\":[{\"@type\":\"Article\",\"@id\":\"https:\\\/\\\/regiaonews.net.br\\\/2022\\\/2021\\\/06\\\/04\\\/covid-19-627-dos-municipios-no-pais-relatam-aumento-de-casos\\\/#article\",\"isPartOf\":{\"@id\":\"https:\\\/\\\/regiaonews.net.br\\\/2022\\\/2021\\\/06\\\/04\\\/covid-19-627-dos-municipios-no-pais-relatam-aumento-de-casos\\\/\"},\"author\":{\"name\":\"Roberto\",\"@id\":\"https:\\\/\\\/regiaonews.net.br\\\/2022\\\/#\\\/schema\\\/person\\\/2d205a608a5aa97ac279d7a5e6d89ad8\"},\"headline\":\"Covid-19: 62,7% dos munic\u00edpios no pa\u00eds relatam aumento de casos\",\"datePublished\":\"2021-06-04T17:26:50+00:00\",\"dateModified\":\"2021-06-04T17:27:05+00:00\",\"mainEntityOfPage\":{\"@id\":\"https:\\\/\\\/regiaonews.net.br\\\/2022\\\/2021\\\/06\\\/04\\\/covid-19-627-dos-municipios-no-pais-relatam-aumento-de-casos\\\/\"},\"wordCount\":385,\"commentCount\":0,\"publisher\":{\"@id\":\"https:\\\/\\\/regiaonews.net.br\\\/2022\\\/#organization\"},\"image\":{\"@id\":\"https:\\\/\\\/regiaonews.net.br\\\/2022\\\/2021\\\/06\\\/04\\\/covid-19-627-dos-municipios-no-pais-relatam-aumento-de-casos\\\/#primaryimage\"},\"thumbnailUrl\":\"https:\\\/\\\/regiaonews.net.br\\\/2022\\\/wp-content\\\/uploads\\\/2021\\\/06\\\/2020-10-02t002908z_1_lynxmpeg9100p_rtroptp_4_health-coronavirus-brazil.jpg\",\"articleSection\":[\"Brasil\",\"Cidades\"],\"inLanguage\":\"pt-BR\",\"potentialAction\":[{\"@type\":\"CommentAction\",\"name\":\"Comment\",\"target\":[\"https:\\\/\\\/regiaonews.net.br\\\/2022\\\/2021\\\/06\\\/04\\\/covid-19-627-dos-municipios-no-pais-relatam-aumento-de-casos\\\/#respond\"]}]},{\"@type\":\"WebPage\",\"@id\":\"https:\\\/\\\/regiaonews.net.br\\\/2022\\\/2021\\\/06\\\/04\\\/covid-19-627-dos-municipios-no-pais-relatam-aumento-de-casos\\\/\",\"url\":\"https:\\\/\\\/regiaonews.net.br\\\/2022\\\/2021\\\/06\\\/04\\\/covid-19-627-dos-municipios-no-pais-relatam-aumento-de-casos\\\/\",\"name\":\"Covid-19: 62,7% dos munic\u00edpios no pa\u00eds relatam aumento de casos - Regi\u00e3o News\",\"isPartOf\":{\"@id\":\"https:\\\/\\\/regiaonews.net.br\\\/2022\\\/#website\"},\"primaryImageOfPage\":{\"@id\":\"https:\\\/\\\/regiaonews.net.br\\\/2022\\\/2021\\\/06\\\/04\\\/covid-19-627-dos-municipios-no-pais-relatam-aumento-de-casos\\\/#primaryimage\"},\"image\":{\"@id\":\"https:\\\/\\\/regiaonews.net.br\\\/2022\\\/2021\\\/06\\\/04\\\/covid-19-627-dos-municipios-no-pais-relatam-aumento-de-casos\\\/#primaryimage\"},\"thumbnailUrl\":\"https:\\\/\\\/regiaonews.net.br\\\/2022\\\/wp-content\\\/uploads\\\/2021\\\/06\\\/2020-10-02t002908z_1_lynxmpeg9100p_rtroptp_4_health-coronavirus-brazil.jpg\",\"datePublished\":\"2021-06-04T17:26:50+00:00\",\"dateModified\":\"2021-06-04T17:27:05+00:00\",\"breadcrumb\":{\"@id\":\"https:\\\/\\\/regiaonews.net.br\\\/2022\\\/2021\\\/06\\\/04\\\/covid-19-627-dos-municipios-no-pais-relatam-aumento-de-casos\\\/#breadcrumb\"},\"inLanguage\":\"pt-BR\",\"potentialAction\":[{\"@type\":\"ReadAction\",\"target\":[\"https:\\\/\\\/regiaonews.net.br\\\/2022\\\/2021\\\/06\\\/04\\\/covid-19-627-dos-municipios-no-pais-relatam-aumento-de-casos\\\/\"]}]},{\"@type\":\"ImageObject\",\"inLanguage\":\"pt-BR\",\"@id\":\"https:\\\/\\\/regiaonews.net.br\\\/2022\\\/2021\\\/06\\\/04\\\/covid-19-627-dos-municipios-no-pais-relatam-aumento-de-casos\\\/#primaryimage\",\"url\":\"https:\\\/\\\/regiaonews.net.br\\\/2022\\\/wp-content\\\/uploads\\\/2021\\\/06\\\/2020-10-02t002908z_1_lynxmpeg9100p_rtroptp_4_health-coronavirus-brazil.jpg\",\"contentUrl\":\"https:\\\/\\\/regiaonews.net.br\\\/2022\\\/wp-content\\\/uploads\\\/2021\\\/06\\\/2020-10-02t002908z_1_lynxmpeg9100p_rtroptp_4_health-coronavirus-brazil.jpg\",\"width\":1170,\"height\":700,\"caption\":\"Profissional da sa\u00fade realiza coleta para teste de Covid-19 em escola de S\u00e3o Paulo (SP) 01\\\/10\\\/2020 REUTERS\\\/Amanda Perobelli\"},{\"@type\":\"BreadcrumbList\",\"@id\":\"https:\\\/\\\/regiaonews.net.br\\\/2022\\\/2021\\\/06\\\/04\\\/covid-19-627-dos-municipios-no-pais-relatam-aumento-de-casos\\\/#breadcrumb\",\"itemListElement\":[{\"@type\":\"ListItem\",\"position\":1,\"name\":\"In\u00edcio\",\"item\":\"https:\\\/\\\/regiaonews.net.br\\\/2022\\\/\"},{\"@type\":\"ListItem\",\"position\":2,\"name\":\"Covid-19: 62,7% dos munic\u00edpios no pa\u00eds relatam aumento de casos\"}]},{\"@type\":\"WebSite\",\"@id\":\"https:\\\/\\\/regiaonews.net.br\\\/2022\\\/#website\",\"url\":\"https:\\\/\\\/regiaonews.net.br\\\/2022\\\/\",\"name\":\"Regi\u00e3o News\",\"description\":\"Site de Not\u00edcias de Barretos e regi\u00e3o\",\"publisher\":{\"@id\":\"https:\\\/\\\/regiaonews.net.br\\\/2022\\\/#organization\"},\"potentialAction\":[{\"@type\":\"SearchAction\",\"target\":{\"@type\":\"EntryPoint\",\"urlTemplate\":\"https:\\\/\\\/regiaonews.net.br\\\/2022\\\/?s={search_term_string}\"},\"query-input\":{\"@type\":\"PropertyValueSpecification\",\"valueRequired\":true,\"valueName\":\"search_term_string\"}}],\"inLanguage\":\"pt-BR\"},{\"@type\":\"Organization\",\"@id\":\"https:\\\/\\\/regiaonews.net.br\\\/2022\\\/#organization\",\"name\":\"Regi\u00e3o News\",\"url\":\"https:\\\/\\\/regiaonews.net.br\\\/2022\\\/\",\"logo\":{\"@type\":\"ImageObject\",\"inLanguage\":\"pt-BR\",\"@id\":\"https:\\\/\\\/regiaonews.net.br\\\/2022\\\/#\\\/schema\\\/logo\\\/image\\\/\",\"url\":\"https:\\\/\\\/regiaonews.net.br\\\/2022\\\/wp-content\\\/uploads\\\/2026\\\/03\\\/regiao-13-anos-scaled.jpg\",\"contentUrl\":\"https:\\\/\\\/regiaonews.net.br\\\/2022\\\/wp-content\\\/uploads\\\/2026\\\/03\\\/regiao-13-anos-scaled.jpg\",\"width\":2560,\"height\":635,\"caption\":\"Regi\u00e3o News\"},\"image\":{\"@id\":\"https:\\\/\\\/regiaonews.net.br\\\/2022\\\/#\\\/schema\\\/logo\\\/image\\\/\"}},{\"@type\":\"Person\",\"@id\":\"https:\\\/\\\/regiaonews.net.br\\\/2022\\\/#\\\/schema\\\/person\\\/2d205a608a5aa97ac279d7a5e6d89ad8\",\"name\":\"Roberto\",\"image\":{\"@type\":\"ImageObject\",\"inLanguage\":\"pt-BR\",\"@id\":\"https:\\\/\\\/secure.gravatar.com\\\/avatar\\\/42749d8b712ff9d59ca93dc150494e5b55a44134482993f5baeb97e61b7ecc89?s=96&d=mm&r=g\",\"url\":\"https:\\\/\\\/secure.gravatar.com\\\/avatar\\\/42749d8b712ff9d59ca93dc150494e5b55a44134482993f5baeb97e61b7ecc89?s=96&d=mm&r=g\",\"contentUrl\":\"https:\\\/\\\/secure.gravatar.com\\\/avatar\\\/42749d8b712ff9d59ca93dc150494e5b55a44134482993f5baeb97e61b7ecc89?s=96&d=mm&r=g\",\"caption\":\"Roberto\"},\"url\":\"https:\\\/\\\/regiaonews.net.br\\\/2022\\\/author\\\/roberto\\\/\"}]}<\/script>\n<!-- \/ Yoast SEO plugin. -->","yoast_head_json":{"title":"Covid-19: 62,7% dos munic\u00edpios no pa\u00eds relatam aumento de casos - Regi\u00e3o News","robots":{"index":"index","follow":"follow","max-snippet":"max-snippet:-1","max-image-preview":"max-image-preview:large","max-video-preview":"max-video-preview:-1"},"canonical":"https:\/\/regiaonews.net.br\/2022\/2021\/06\/04\/covid-19-627-dos-municipios-no-pais-relatam-aumento-de-casos\/","og_locale":"pt_BR","og_type":"article","og_title":"Covid-19: 62,7% dos munic\u00edpios no pa\u00eds relatam aumento de casos - Regi\u00e3o News","og_description":"&nbsp; No m\u00eas\u00a0de maio,\u00a01.515 cidades no pa\u00eds tiveram aumento no","og_url":"https:\/\/regiaonews.net.br\/2022\/2021\/06\/04\/covid-19-627-dos-municipios-no-pais-relatam-aumento-de-casos\/","og_site_name":"Regi\u00e3o News","article_published_time":"2021-06-04T17:26:50+00:00","article_modified_time":"2021-06-04T17:27:05+00:00","og_image":[{"width":1170,"height":700,"url":"https:\/\/regiaonews.net.br\/2022\/wp-content\/uploads\/2021\/06\/2020-10-02t002908z_1_lynxmpeg9100p_rtroptp_4_health-coronavirus-brazil.jpg","type":"image\/jpeg"}],"author":"Roberto","twitter_card":"summary_large_image","twitter_misc":{"Escrito por":"Roberto","Est. tempo de leitura":"2 minutos"},"schema":{"@context":"https:\/\/schema.org","@graph":[{"@type":"Article","@id":"https:\/\/regiaonews.net.br\/2022\/2021\/06\/04\/covid-19-627-dos-municipios-no-pais-relatam-aumento-de-casos\/#article","isPartOf":{"@id":"https:\/\/regiaonews.net.br\/2022\/2021\/06\/04\/covid-19-627-dos-municipios-no-pais-relatam-aumento-de-casos\/"},"author":{"name":"Roberto","@id":"https:\/\/regiaonews.net.br\/2022\/#\/schema\/person\/2d205a608a5aa97ac279d7a5e6d89ad8"},"headline":"Covid-19: 62,7% dos munic\u00edpios no pa\u00eds relatam aumento de casos","datePublished":"2021-06-04T17:26:50+00:00","dateModified":"2021-06-04T17:27:05+00:00","mainEntityOfPage":{"@id":"https:\/\/regiaonews.net.br\/2022\/2021\/06\/04\/covid-19-627-dos-municipios-no-pais-relatam-aumento-de-casos\/"},"wordCount":385,"commentCount":0,"publisher":{"@id":"https:\/\/regiaonews.net.br\/2022\/#organization"},"image":{"@id":"https:\/\/regiaonews.net.br\/2022\/2021\/06\/04\/covid-19-627-dos-municipios-no-pais-relatam-aumento-de-casos\/#primaryimage"},"thumbnailUrl":"https:\/\/regiaonews.net.br\/2022\/wp-content\/uploads\/2021\/06\/2020-10-02t002908z_1_lynxmpeg9100p_rtroptp_4_health-coronavirus-brazil.jpg","articleSection":["Brasil","Cidades"],"inLanguage":"pt-BR","potentialAction":[{"@type":"CommentAction","name":"Comment","target":["https:\/\/regiaonews.net.br\/2022\/2021\/06\/04\/covid-19-627-dos-municipios-no-pais-relatam-aumento-de-casos\/#respond"]}]},{"@type":"WebPage","@id":"https:\/\/regiaonews.net.br\/2022\/2021\/06\/04\/covid-19-627-dos-municipios-no-pais-relatam-aumento-de-casos\/","url":"https:\/\/regiaonews.net.br\/2022\/2021\/06\/04\/covid-19-627-dos-municipios-no-pais-relatam-aumento-de-casos\/","name":"Covid-19: 62,7% dos munic\u00edpios no pa\u00eds relatam aumento de casos - Regi\u00e3o News","isPartOf":{"@id":"https:\/\/regiaonews.net.br\/2022\/#website"},"primaryImageOfPage":{"@id":"https:\/\/regiaonews.net.br\/2022\/2021\/06\/04\/covid-19-627-dos-municipios-no-pais-relatam-aumento-de-casos\/#primaryimage"},"image":{"@id":"https:\/\/regiaonews.net.br\/2022\/2021\/06\/04\/covid-19-627-dos-municipios-no-pais-relatam-aumento-de-casos\/#primaryimage"},"thumbnailUrl":"https:\/\/regiaonews.net.br\/2022\/wp-content\/uploads\/2021\/06\/2020-10-02t002908z_1_lynxmpeg9100p_rtroptp_4_health-coronavirus-brazil.jpg","datePublished":"2021-06-04T17:26:50+00:00","dateModified":"2021-06-04T17:27:05+00:00","breadcrumb":{"@id":"https:\/\/regiaonews.net.br\/2022\/2021\/06\/04\/covid-19-627-dos-municipios-no-pais-relatam-aumento-de-casos\/#breadcrumb"},"inLanguage":"pt-BR","potentialAction":[{"@type":"ReadAction","target":["https:\/\/regiaonews.net.br\/2022\/2021\/06\/04\/covid-19-627-dos-municipios-no-pais-relatam-aumento-de-casos\/"]}]},{"@type":"ImageObject","inLanguage":"pt-BR","@id":"https:\/\/regiaonews.net.br\/2022\/2021\/06\/04\/covid-19-627-dos-municipios-no-pais-relatam-aumento-de-casos\/#primaryimage","url":"https:\/\/regiaonews.net.br\/2022\/wp-content\/uploads\/2021\/06\/2020-10-02t002908z_1_lynxmpeg9100p_rtroptp_4_health-coronavirus-brazil.jpg","contentUrl":"https:\/\/regiaonews.net.br\/2022\/wp-content\/uploads\/2021\/06\/2020-10-02t002908z_1_lynxmpeg9100p_rtroptp_4_health-coronavirus-brazil.jpg","width":1170,"height":700,"caption":"Profissional da sa\u00fade realiza coleta para teste de Covid-19 em escola de S\u00e3o Paulo (SP) 01\/10\/2020 REUTERS\/Amanda Perobelli"},{"@type":"BreadcrumbList","@id":"https:\/\/regiaonews.net.br\/2022\/2021\/06\/04\/covid-19-627-dos-municipios-no-pais-relatam-aumento-de-casos\/#breadcrumb","itemListElement":[{"@type":"ListItem","position":1,"name":"In\u00edcio","item":"https:\/\/regiaonews.net.br\/2022\/"},{"@type":"ListItem","position":2,"name":"Covid-19: 62,7% dos munic\u00edpios no pa\u00eds relatam aumento de casos"}]},{"@type":"WebSite","@id":"https:\/\/regiaonews.net.br\/2022\/#website","url":"https:\/\/regiaonews.net.br\/2022\/","name":"Regi\u00e3o News","description":"Site de Not\u00edcias de Barretos e regi\u00e3o","publisher":{"@id":"https:\/\/regiaonews.net.br\/2022\/#organization"},"potentialAction":[{"@type":"SearchAction","target":{"@type":"EntryPoint","urlTemplate":"https:\/\/regiaonews.net.br\/2022\/?s={search_term_string}"},"query-input":{"@type":"PropertyValueSpecification","valueRequired":true,"valueName":"search_term_string"}}],"inLanguage":"pt-BR"},{"@type":"Organization","@id":"https:\/\/regiaonews.net.br\/2022\/#organization","name":"Regi\u00e3o News","url":"https:\/\/regiaonews.net.br\/2022\/","logo":{"@type":"ImageObject","inLanguage":"pt-BR","@id":"https:\/\/regiaonews.net.br\/2022\/#\/schema\/logo\/image\/","url":"https:\/\/regiaonews.net.br\/2022\/wp-content\/uploads\/2026\/03\/regiao-13-anos-scaled.jpg","contentUrl":"https:\/\/regiaonews.net.br\/2022\/wp-content\/uploads\/2026\/03\/regiao-13-anos-scaled.jpg","width":2560,"height":635,"caption":"Regi\u00e3o News"},"image":{"@id":"https:\/\/regiaonews.net.br\/2022\/#\/schema\/logo\/image\/"}},{"@type":"Person","@id":"https:\/\/regiaonews.net.br\/2022\/#\/schema\/person\/2d205a608a5aa97ac279d7a5e6d89ad8","name":"Roberto","image":{"@type":"ImageObject","inLanguage":"pt-BR","@id":"https:\/\/secure.gravatar.com\/avatar\/42749d8b712ff9d59ca93dc150494e5b55a44134482993f5baeb97e61b7ecc89?s=96&d=mm&r=g","url":"https:\/\/secure.gravatar.com\/avatar\/42749d8b712ff9d59ca93dc150494e5b55a44134482993f5baeb97e61b7ecc89?s=96&d=mm&r=g","contentUrl":"https:\/\/secure.gravatar.com\/avatar\/42749d8b712ff9d59ca93dc150494e5b55a44134482993f5baeb97e61b7ecc89?s=96&d=mm&r=g","caption":"Roberto"},"url":"https:\/\/regiaonews.net.br\/2022\/author\/roberto\/"}]}},"publishpress_future_action":{"enabled":false,"date":"2026-05-04 11:36:17","action":"change-status","newStatus":"draft","terms":[],"taxonomy":"category","extraData":[]},"publishpress_future_workflow_manual_trigger":{"enabledWorkflows":[]},"_links":{"self":[{"href":"https:\/\/regiaonews.net.br\/2022\/wp-json\/wp\/v2\/posts\/48076","targetHints":{"allow":["GET"]}}],"collection":[{"href":"https:\/\/regiaonews.net.br\/2022\/wp-json\/wp\/v2\/posts"}],"about":[{"href":"https:\/\/regiaonews.net.br\/2022\/wp-json\/wp\/v2\/types\/post"}],"author":[{"embeddable":true,"href":"https:\/\/regiaonews.net.br\/2022\/wp-json\/wp\/v2\/users\/2"}],"replies":[{"embeddable":true,"href":"https:\/\/regiaonews.net.br\/2022\/wp-json\/wp\/v2\/comments?post=48076"}],"version-history":[{"count":0,"href":"https:\/\/regiaonews.net.br\/2022\/wp-json\/wp\/v2\/posts\/48076\/revisions"}],"wp:featuredmedia":[{"embeddable":true,"href":"https:\/\/regiaonews.net.br\/2022\/wp-json\/wp\/v2\/media\/48077"}],"wp:attachment":[{"href":"https:\/\/regiaonews.net.br\/2022\/wp-json\/wp\/v2\/media?parent=48076"}],"wp:term":[{"taxonomy":"category","embeddable":true,"href":"https:\/\/regiaonews.net.br\/2022\/wp-json\/wp\/v2\/categories?post=48076"},{"taxonomy":"post_tag","embeddable":true,"href":"https:\/\/regiaonews.net.br\/2022\/wp-json\/wp\/v2\/tags?post=48076"}],"curies":[{"name":"wp","href":"https:\/\/api.w.org\/{rel}","templated":true}]}}