{"id":48067,"date":"2021-06-03T22:29:02","date_gmt":"2021-06-04T01:29:02","guid":{"rendered":"https:\/\/regiaonews.net.br\/2022\/?p=48067"},"modified":"2021-06-03T22:29:02","modified_gmt":"2021-06-04T01:29:02","slug":"eua-anunciam-doacao-de-vacinas-para-asia-america-latina-e-africa","status":"publish","type":"post","link":"https:\/\/regiaonews.net.br\/2022\/2021\/06\/03\/eua-anunciam-doacao-de-vacinas-para-asia-america-latina-e-africa\/","title":{"rendered":"EUA anunciam doa\u00e7\u00e3o de vacinas para \u00c1sia, Am\u00e9rica Latina e \u00c1frica"},"content":{"rendered":"<p>&nbsp;<\/p>\n<p><a href=\"https:\/\/regiaonews.net.br\/2022\/wp-content\/uploads\/2021\/06\/2021-01-27t231200z_2_lynxmpeh0q1ew_rtroptp_4_health-coronavirus-usa-biden.jpg\"><img loading=\"lazy\" decoding=\"async\" class=\"alignnone size-medium wp-image-48068\" src=\"https:\/\/regiaonews.net.br\/2022\/wp-content\/uploads\/2021\/06\/2021-01-27t231200z_2_lynxmpeh0q1ew_rtroptp_4_health-coronavirus-usa-biden-300x179.jpg\" alt=\"\" width=\"300\" height=\"179\" \/><\/a><\/p>\n<p>O presidente norte-americano, Joe Biden, anunciou\u00a0hoje (3)\u00a0que os Estados Unidos doar\u00e3o quase\u00a0<a href=\"https:\/\/www.whitehouse.gov\/briefing-room\/statements-releases\/2021\/06\/03\/statement-by-president-joe-biden-on-global-vaccine-distribution\/\" target=\"_blank\" rel=\"noopener\">19 milh\u00f5es de doses de vacinas contra a covid-19<\/a>\u00a0para o cons\u00f3rcio global de vacinas Covax Facility.<img decoding=\"async\" src=\"https:\/\/agenciabrasil.ebc.com.br\/ebc.png?id=1411627&amp;o=node\" \/><img decoding=\"async\" src=\"https:\/\/agenciabrasil.ebc.com.br\/ebc.gif?id=1411627&amp;o=node\" \/><\/p>\n<p>A proposta de Biden \u00e9 de que estas doses sejam compartilhadas entre pa\u00edses do sul e do sudeste asi\u00e1tico (7 milh\u00f5es); Am\u00e9rica Latina e Caribe (6 milh\u00f5es) e da \u00c1frica (5 milh\u00f5es). O Brasil \u00e9 citado entre os mais de 14 pa\u00edses latino-americanos e caribenhos que dividir\u00e3o, entre si, as 6 milh\u00f5es de unidades que o cons\u00f3rcio dever\u00e1 destinar \u00e0s duas regi\u00f5es.<\/p>\n<p>Al\u00e9m das 19 milh\u00f5es de doses, pouco mais de 6 milh\u00f5es de unidades de imunizante ser\u00e3o fornecidas diretamente aos pa\u00edses com alto n\u00famero de casos da doen\u00e7a e, nas palavras de Biden, \u201cparceiros e vizinhos, incluindo Canad\u00e1, M\u00e9xico, \u00cdndia e Coreia do Sul.\u201d<\/p>\n<p>As 25 milh\u00f5es de doses da vacina fazem parte dos 80 milh\u00f5es de imunizantes que, no m\u00eas passado, o presidente norte-americano anunciou que compartilharia com outros pa\u00edses at\u00e9 o fim de junho.<\/p>\n<h2>Pa\u00edses<\/h2>\n<p>As quase 19 milh\u00f5es de doses que ser\u00e3o entregues ao cons\u00f3rcio Covax Facility\u00a0<a href=\"https:\/\/www.whitehouse.gov\/briefing-room\/statements-releases\/2021\/06\/03\/fact-sheet-biden-harris-administration-unveils-strategy-for-global-vaccine-sharing-announcing-allocation-plan-for-the-first-25-million-doses-to-be-shared-globally\/\" target=\"_blank\" rel=\"noopener\">ser\u00e3o compartilhadas da seguinte forma<\/a>:<\/p>\n<p>\u00bb Cerca de 6 milh\u00f5es para os seguintes pa\u00edses das am\u00e9ricas do Sul e Central: Brasil, Argentina, Col\u00f4mbia, Costa Rica, Peru, Equador, Paraguai, Bol\u00edvia, Guatemala, El Salvador, Honduras, Panam\u00e1, Haiti. Rep\u00fablica Dominicana e outros pa\u00edses da Comunidade do Caribe;<\/p>\n<p>\u00bb Aproximadamente 7 milh\u00f5es para os seguintes pa\u00edses asi\u00e1ticos: \u00cdndia, Nepal, Bangladesh, Paquist\u00e3o, Sri Lanka, Afeganist\u00e3o, Maldivas, Mal\u00e1sia, Filipinas, Vietn\u00e3, Indon\u00e9sia, Tail\u00e2ndia, Laos, Papua Nova Guin\u00e9, Taiwan e Ilhas do Pac\u00edfico;<\/p>\n<p>\u00bb Cerca de 5 milh\u00f5es para pa\u00edses do continente africano que ser\u00e3o selecionados em coordena\u00e7\u00e3o com a Uni\u00e3o Africana.<\/p>\n<p>J\u00e1 as seis milh\u00f5es de doses prometidas a pa\u00edses \u201cpriorit\u00e1rios e parceiros\u201d ser\u00e3o direcionadas para o M\u00e9xico, Canad\u00e1, Coreia do Sul, Cisjord\u00e2nia, Gaza, Ucr\u00e2nia, Kosovo, Haiti, Ge\u00f3rgia, Egito, Jord\u00e2nia, \u00cdndia, Iraque e I\u00eamen, e tamb\u00e9m para imunizar trabalhadores da linha de frente da Organiza\u00e7\u00e3o das Na\u00e7\u00f5es Unidas (ONU).<\/p>\n<h2>Seguran\u00e7a Global<\/h2>\n<p>\u201cCompartilharemos essas vacinas para salvar vidas e para liderar o mundo no sentido de p\u00f4r fim \u00e0 pandemia, com a for\u00e7a do nosso exemplo e de valores\u201d, declarou Biden ao detalhar a iniciativa, esta manh\u00e3, e prometer, para os pr\u00f3ximos dias, mais informa\u00e7\u00f5es sobre os procedimentos de distribui\u00e7\u00e3o das doses.<\/p>\n<p>\u201cReconhecemos que extinguir esta pandemia significa acabar com ela em todos os lugares. Enquanto o v\u00edrus [da covid-19] continuar se alastrando em qualquer outra parte do mundo, o povo americano seguir\u00e1 vulner\u00e1vel\u201d, acrescentou Biden.<\/p>\n<p>O presidente norte-americano lembrou que os Estados Unidos j\u00e1 transferiram mais de 4 milh\u00f5es de doses de vacina para o Canad\u00e1 e o M\u00e9xico. E que seu governo apoia a ren\u00fancia tempor\u00e1ria a direitos de propriedade intelectual no caso dos imunizantes como forma de acelerar a produ\u00e7\u00e3o global de vacinas.<\/p>\n<p>\u201cMeu governo apoia os esfor\u00e7os de ren\u00fancia tempor\u00e1ria aos direitos de propriedade intelectual para as vacinas contra a covid-19 porque, com o tempo, precisaremos de mais empresas as produzindo para que possamos compartilh\u00e1-las de forma equ\u00e2nime\u201d, comentou Biden durante seu pronunciamento.<\/p>\n<p>\u201cA forte lideran\u00e7a norte-americana \u00e9 essencial para acabarmos com esta pandemia e para fortalecermos a seguran\u00e7a global da sa\u00fade para o futuro \u2013 a fim de melhor prevenir, detetar e responder \u00e0 pr\u00f3xima amea\u00e7a\u201d, concluiu.<\/p>\n<p><a href=\"https:\/\/regiaonews.net.br\/2022\/wp-content\/uploads\/2021\/06\/2021-01-27t231200z_2_lynxmpeh0q1ew_rtroptp_4_health-coronavirus-usa-biden.jpg\"><img loading=\"lazy\" decoding=\"async\" class=\"alignnone size-medium wp-image-48068\" src=\"https:\/\/regiaonews.net.br\/2022\/wp-content\/uploads\/2021\/06\/2021-01-27t231200z_2_lynxmpeh0q1ew_rtroptp_4_health-coronavirus-usa-biden-300x179.jpg\" alt=\"\" width=\"300\" height=\"179\" \/><\/a><\/p>\n","protected":false},"excerpt":{"rendered":"<p>&nbsp; O presidente norte-americano, Joe Biden, anunciou\u00a0hoje (3)\u00a0que os Estados<\/p>\n","protected":false},"author":2,"featured_media":48068,"comment_status":"open","ping_status":"open","sticky":false,"template":"","format":"standard","meta":{"footnotes":""},"categories":[39],"tags":[],"class_list":["post-48067","post","type-post","status-publish","format-standard","has-post-thumbnail","hentry","category-mundo"],"yoast_head":"<!-- This site is optimized with the Yoast SEO plugin v27.4 - https:\/\/yoast.com\/product\/yoast-seo-wordpress\/ -->\n<title>EUA anunciam doa\u00e7\u00e3o de vacinas para \u00c1sia, Am\u00e9rica Latina e \u00c1frica - Regi\u00e3o News<\/title>\n<meta name=\"robots\" content=\"index, follow, max-snippet:-1, max-image-preview:large, max-video-preview:-1\" \/>\n<link rel=\"canonical\" href=\"https:\/\/regiaonews.net.br\/2022\/2021\/06\/03\/eua-anunciam-doacao-de-vacinas-para-asia-america-latina-e-africa\/\" \/>\n<meta property=\"og:locale\" content=\"pt_BR\" \/>\n<meta property=\"og:type\" content=\"article\" \/>\n<meta property=\"og:title\" content=\"EUA anunciam doa\u00e7\u00e3o de vacinas para \u00c1sia, Am\u00e9rica Latina e \u00c1frica - Regi\u00e3o News\" \/>\n<meta property=\"og:description\" content=\"&nbsp; O presidente norte-americano, Joe Biden, anunciou\u00a0hoje (3)\u00a0que os Estados\" \/>\n<meta property=\"og:url\" content=\"https:\/\/regiaonews.net.br\/2022\/2021\/06\/03\/eua-anunciam-doacao-de-vacinas-para-asia-america-latina-e-africa\/\" \/>\n<meta property=\"og:site_name\" content=\"Regi\u00e3o News\" \/>\n<meta property=\"article:published_time\" content=\"2021-06-04T01:29:02+00:00\" \/>\n<meta property=\"og:image\" content=\"https:\/\/regiaonews.net.br\/2022\/wp-content\/uploads\/2021\/06\/2021-01-27t231200z_2_lynxmpeh0q1ew_rtroptp_4_health-coronavirus-usa-biden.jpg\" \/>\n\t<meta property=\"og:image:width\" content=\"1170\" \/>\n\t<meta property=\"og:image:height\" content=\"700\" \/>\n\t<meta property=\"og:image:type\" content=\"image\/jpeg\" \/>\n<meta name=\"author\" content=\"Roberto\" \/>\n<meta name=\"twitter:card\" content=\"summary_large_image\" \/>\n<meta name=\"twitter:label1\" content=\"Escrito por\" \/>\n\t<meta name=\"twitter:data1\" content=\"Roberto\" \/>\n\t<meta name=\"twitter:label2\" content=\"Est. tempo de leitura\" \/>\n\t<meta name=\"twitter:data2\" content=\"3 minutos\" \/>\n<script type=\"application\/ld+json\" class=\"yoast-schema-graph\">{\"@context\":\"https:\\\/\\\/schema.org\",\"@graph\":[{\"@type\":\"Article\",\"@id\":\"https:\\\/\\\/regiaonews.net.br\\\/2022\\\/2021\\\/06\\\/03\\\/eua-anunciam-doacao-de-vacinas-para-asia-america-latina-e-africa\\\/#article\",\"isPartOf\":{\"@id\":\"https:\\\/\\\/regiaonews.net.br\\\/2022\\\/2021\\\/06\\\/03\\\/eua-anunciam-doacao-de-vacinas-para-asia-america-latina-e-africa\\\/\"},\"author\":{\"name\":\"Roberto\",\"@id\":\"https:\\\/\\\/regiaonews.net.br\\\/2022\\\/#\\\/schema\\\/person\\\/2d205a608a5aa97ac279d7a5e6d89ad8\"},\"headline\":\"EUA anunciam doa\u00e7\u00e3o de vacinas para \u00c1sia, Am\u00e9rica Latina e \u00c1frica\",\"datePublished\":\"2021-06-04T01:29:02+00:00\",\"mainEntityOfPage\":{\"@id\":\"https:\\\/\\\/regiaonews.net.br\\\/2022\\\/2021\\\/06\\\/03\\\/eua-anunciam-doacao-de-vacinas-para-asia-america-latina-e-africa\\\/\"},\"wordCount\":613,\"commentCount\":0,\"publisher\":{\"@id\":\"https:\\\/\\\/regiaonews.net.br\\\/2022\\\/#organization\"},\"image\":{\"@id\":\"https:\\\/\\\/regiaonews.net.br\\\/2022\\\/2021\\\/06\\\/03\\\/eua-anunciam-doacao-de-vacinas-para-asia-america-latina-e-africa\\\/#primaryimage\"},\"thumbnailUrl\":\"https:\\\/\\\/regiaonews.net.br\\\/2022\\\/wp-content\\\/uploads\\\/2021\\\/06\\\/2021-01-27t231200z_2_lynxmpeh0q1ew_rtroptp_4_health-coronavirus-usa-biden.jpg\",\"articleSection\":[\"Mundo\"],\"inLanguage\":\"pt-BR\",\"potentialAction\":[{\"@type\":\"CommentAction\",\"name\":\"Comment\",\"target\":[\"https:\\\/\\\/regiaonews.net.br\\\/2022\\\/2021\\\/06\\\/03\\\/eua-anunciam-doacao-de-vacinas-para-asia-america-latina-e-africa\\\/#respond\"]}]},{\"@type\":\"WebPage\",\"@id\":\"https:\\\/\\\/regiaonews.net.br\\\/2022\\\/2021\\\/06\\\/03\\\/eua-anunciam-doacao-de-vacinas-para-asia-america-latina-e-africa\\\/\",\"url\":\"https:\\\/\\\/regiaonews.net.br\\\/2022\\\/2021\\\/06\\\/03\\\/eua-anunciam-doacao-de-vacinas-para-asia-america-latina-e-africa\\\/\",\"name\":\"EUA anunciam doa\u00e7\u00e3o de vacinas para \u00c1sia, Am\u00e9rica Latina e \u00c1frica - Regi\u00e3o News\",\"isPartOf\":{\"@id\":\"https:\\\/\\\/regiaonews.net.br\\\/2022\\\/#website\"},\"primaryImageOfPage\":{\"@id\":\"https:\\\/\\\/regiaonews.net.br\\\/2022\\\/2021\\\/06\\\/03\\\/eua-anunciam-doacao-de-vacinas-para-asia-america-latina-e-africa\\\/#primaryimage\"},\"image\":{\"@id\":\"https:\\\/\\\/regiaonews.net.br\\\/2022\\\/2021\\\/06\\\/03\\\/eua-anunciam-doacao-de-vacinas-para-asia-america-latina-e-africa\\\/#primaryimage\"},\"thumbnailUrl\":\"https:\\\/\\\/regiaonews.net.br\\\/2022\\\/wp-content\\\/uploads\\\/2021\\\/06\\\/2021-01-27t231200z_2_lynxmpeh0q1ew_rtroptp_4_health-coronavirus-usa-biden.jpg\",\"datePublished\":\"2021-06-04T01:29:02+00:00\",\"breadcrumb\":{\"@id\":\"https:\\\/\\\/regiaonews.net.br\\\/2022\\\/2021\\\/06\\\/03\\\/eua-anunciam-doacao-de-vacinas-para-asia-america-latina-e-africa\\\/#breadcrumb\"},\"inLanguage\":\"pt-BR\",\"potentialAction\":[{\"@type\":\"ReadAction\",\"target\":[\"https:\\\/\\\/regiaonews.net.br\\\/2022\\\/2021\\\/06\\\/03\\\/eua-anunciam-doacao-de-vacinas-para-asia-america-latina-e-africa\\\/\"]}]},{\"@type\":\"ImageObject\",\"inLanguage\":\"pt-BR\",\"@id\":\"https:\\\/\\\/regiaonews.net.br\\\/2022\\\/2021\\\/06\\\/03\\\/eua-anunciam-doacao-de-vacinas-para-asia-america-latina-e-africa\\\/#primaryimage\",\"url\":\"https:\\\/\\\/regiaonews.net.br\\\/2022\\\/wp-content\\\/uploads\\\/2021\\\/06\\\/2021-01-27t231200z_2_lynxmpeh0q1ew_rtroptp_4_health-coronavirus-usa-biden.jpg\",\"contentUrl\":\"https:\\\/\\\/regiaonews.net.br\\\/2022\\\/wp-content\\\/uploads\\\/2021\\\/06\\\/2021-01-27t231200z_2_lynxmpeh0q1ew_rtroptp_4_health-coronavirus-usa-biden.jpg\",\"width\":1170,\"height\":700},{\"@type\":\"BreadcrumbList\",\"@id\":\"https:\\\/\\\/regiaonews.net.br\\\/2022\\\/2021\\\/06\\\/03\\\/eua-anunciam-doacao-de-vacinas-para-asia-america-latina-e-africa\\\/#breadcrumb\",\"itemListElement\":[{\"@type\":\"ListItem\",\"position\":1,\"name\":\"In\u00edcio\",\"item\":\"https:\\\/\\\/regiaonews.net.br\\\/2022\\\/\"},{\"@type\":\"ListItem\",\"position\":2,\"name\":\"EUA anunciam doa\u00e7\u00e3o de vacinas para \u00c1sia, Am\u00e9rica Latina e \u00c1frica\"}]},{\"@type\":\"WebSite\",\"@id\":\"https:\\\/\\\/regiaonews.net.br\\\/2022\\\/#website\",\"url\":\"https:\\\/\\\/regiaonews.net.br\\\/2022\\\/\",\"name\":\"Regi\u00e3o News\",\"description\":\"Site de Not\u00edcias de Barretos e regi\u00e3o\",\"publisher\":{\"@id\":\"https:\\\/\\\/regiaonews.net.br\\\/2022\\\/#organization\"},\"potentialAction\":[{\"@type\":\"SearchAction\",\"target\":{\"@type\":\"EntryPoint\",\"urlTemplate\":\"https:\\\/\\\/regiaonews.net.br\\\/2022\\\/?s={search_term_string}\"},\"query-input\":{\"@type\":\"PropertyValueSpecification\",\"valueRequired\":true,\"valueName\":\"search_term_string\"}}],\"inLanguage\":\"pt-BR\"},{\"@type\":\"Organization\",\"@id\":\"https:\\\/\\\/regiaonews.net.br\\\/2022\\\/#organization\",\"name\":\"Regi\u00e3o News\",\"url\":\"https:\\\/\\\/regiaonews.net.br\\\/2022\\\/\",\"logo\":{\"@type\":\"ImageObject\",\"inLanguage\":\"pt-BR\",\"@id\":\"https:\\\/\\\/regiaonews.net.br\\\/2022\\\/#\\\/schema\\\/logo\\\/image\\\/\",\"url\":\"https:\\\/\\\/regiaonews.net.br\\\/2022\\\/wp-content\\\/uploads\\\/2026\\\/03\\\/regiao-13-anos-scaled.jpg\",\"contentUrl\":\"https:\\\/\\\/regiaonews.net.br\\\/2022\\\/wp-content\\\/uploads\\\/2026\\\/03\\\/regiao-13-anos-scaled.jpg\",\"width\":2560,\"height\":635,\"caption\":\"Regi\u00e3o News\"},\"image\":{\"@id\":\"https:\\\/\\\/regiaonews.net.br\\\/2022\\\/#\\\/schema\\\/logo\\\/image\\\/\"}},{\"@type\":\"Person\",\"@id\":\"https:\\\/\\\/regiaonews.net.br\\\/2022\\\/#\\\/schema\\\/person\\\/2d205a608a5aa97ac279d7a5e6d89ad8\",\"name\":\"Roberto\",\"image\":{\"@type\":\"ImageObject\",\"inLanguage\":\"pt-BR\",\"@id\":\"https:\\\/\\\/secure.gravatar.com\\\/avatar\\\/42749d8b712ff9d59ca93dc150494e5b55a44134482993f5baeb97e61b7ecc89?s=96&d=mm&r=g\",\"url\":\"https:\\\/\\\/secure.gravatar.com\\\/avatar\\\/42749d8b712ff9d59ca93dc150494e5b55a44134482993f5baeb97e61b7ecc89?s=96&d=mm&r=g\",\"contentUrl\":\"https:\\\/\\\/secure.gravatar.com\\\/avatar\\\/42749d8b712ff9d59ca93dc150494e5b55a44134482993f5baeb97e61b7ecc89?s=96&d=mm&r=g\",\"caption\":\"Roberto\"},\"url\":\"https:\\\/\\\/regiaonews.net.br\\\/2022\\\/author\\\/roberto\\\/\"}]}<\/script>\n<!-- \/ Yoast SEO plugin. -->","yoast_head_json":{"title":"EUA anunciam doa\u00e7\u00e3o de vacinas para \u00c1sia, Am\u00e9rica Latina e \u00c1frica - Regi\u00e3o News","robots":{"index":"index","follow":"follow","max-snippet":"max-snippet:-1","max-image-preview":"max-image-preview:large","max-video-preview":"max-video-preview:-1"},"canonical":"https:\/\/regiaonews.net.br\/2022\/2021\/06\/03\/eua-anunciam-doacao-de-vacinas-para-asia-america-latina-e-africa\/","og_locale":"pt_BR","og_type":"article","og_title":"EUA anunciam doa\u00e7\u00e3o de vacinas para \u00c1sia, Am\u00e9rica Latina e \u00c1frica - Regi\u00e3o News","og_description":"&nbsp; O presidente norte-americano, Joe Biden, anunciou\u00a0hoje (3)\u00a0que os Estados","og_url":"https:\/\/regiaonews.net.br\/2022\/2021\/06\/03\/eua-anunciam-doacao-de-vacinas-para-asia-america-latina-e-africa\/","og_site_name":"Regi\u00e3o News","article_published_time":"2021-06-04T01:29:02+00:00","og_image":[{"width":1170,"height":700,"url":"https:\/\/regiaonews.net.br\/2022\/wp-content\/uploads\/2021\/06\/2021-01-27t231200z_2_lynxmpeh0q1ew_rtroptp_4_health-coronavirus-usa-biden.jpg","type":"image\/jpeg"}],"author":"Roberto","twitter_card":"summary_large_image","twitter_misc":{"Escrito por":"Roberto","Est. tempo de leitura":"3 minutos"},"schema":{"@context":"https:\/\/schema.org","@graph":[{"@type":"Article","@id":"https:\/\/regiaonews.net.br\/2022\/2021\/06\/03\/eua-anunciam-doacao-de-vacinas-para-asia-america-latina-e-africa\/#article","isPartOf":{"@id":"https:\/\/regiaonews.net.br\/2022\/2021\/06\/03\/eua-anunciam-doacao-de-vacinas-para-asia-america-latina-e-africa\/"},"author":{"name":"Roberto","@id":"https:\/\/regiaonews.net.br\/2022\/#\/schema\/person\/2d205a608a5aa97ac279d7a5e6d89ad8"},"headline":"EUA anunciam doa\u00e7\u00e3o de vacinas para \u00c1sia, Am\u00e9rica Latina e \u00c1frica","datePublished":"2021-06-04T01:29:02+00:00","mainEntityOfPage":{"@id":"https:\/\/regiaonews.net.br\/2022\/2021\/06\/03\/eua-anunciam-doacao-de-vacinas-para-asia-america-latina-e-africa\/"},"wordCount":613,"commentCount":0,"publisher":{"@id":"https:\/\/regiaonews.net.br\/2022\/#organization"},"image":{"@id":"https:\/\/regiaonews.net.br\/2022\/2021\/06\/03\/eua-anunciam-doacao-de-vacinas-para-asia-america-latina-e-africa\/#primaryimage"},"thumbnailUrl":"https:\/\/regiaonews.net.br\/2022\/wp-content\/uploads\/2021\/06\/2021-01-27t231200z_2_lynxmpeh0q1ew_rtroptp_4_health-coronavirus-usa-biden.jpg","articleSection":["Mundo"],"inLanguage":"pt-BR","potentialAction":[{"@type":"CommentAction","name":"Comment","target":["https:\/\/regiaonews.net.br\/2022\/2021\/06\/03\/eua-anunciam-doacao-de-vacinas-para-asia-america-latina-e-africa\/#respond"]}]},{"@type":"WebPage","@id":"https:\/\/regiaonews.net.br\/2022\/2021\/06\/03\/eua-anunciam-doacao-de-vacinas-para-asia-america-latina-e-africa\/","url":"https:\/\/regiaonews.net.br\/2022\/2021\/06\/03\/eua-anunciam-doacao-de-vacinas-para-asia-america-latina-e-africa\/","name":"EUA anunciam doa\u00e7\u00e3o de vacinas para \u00c1sia, Am\u00e9rica Latina e \u00c1frica - Regi\u00e3o News","isPartOf":{"@id":"https:\/\/regiaonews.net.br\/2022\/#website"},"primaryImageOfPage":{"@id":"https:\/\/regiaonews.net.br\/2022\/2021\/06\/03\/eua-anunciam-doacao-de-vacinas-para-asia-america-latina-e-africa\/#primaryimage"},"image":{"@id":"https:\/\/regiaonews.net.br\/2022\/2021\/06\/03\/eua-anunciam-doacao-de-vacinas-para-asia-america-latina-e-africa\/#primaryimage"},"thumbnailUrl":"https:\/\/regiaonews.net.br\/2022\/wp-content\/uploads\/2021\/06\/2021-01-27t231200z_2_lynxmpeh0q1ew_rtroptp_4_health-coronavirus-usa-biden.jpg","datePublished":"2021-06-04T01:29:02+00:00","breadcrumb":{"@id":"https:\/\/regiaonews.net.br\/2022\/2021\/06\/03\/eua-anunciam-doacao-de-vacinas-para-asia-america-latina-e-africa\/#breadcrumb"},"inLanguage":"pt-BR","potentialAction":[{"@type":"ReadAction","target":["https:\/\/regiaonews.net.br\/2022\/2021\/06\/03\/eua-anunciam-doacao-de-vacinas-para-asia-america-latina-e-africa\/"]}]},{"@type":"ImageObject","inLanguage":"pt-BR","@id":"https:\/\/regiaonews.net.br\/2022\/2021\/06\/03\/eua-anunciam-doacao-de-vacinas-para-asia-america-latina-e-africa\/#primaryimage","url":"https:\/\/regiaonews.net.br\/2022\/wp-content\/uploads\/2021\/06\/2021-01-27t231200z_2_lynxmpeh0q1ew_rtroptp_4_health-coronavirus-usa-biden.jpg","contentUrl":"https:\/\/regiaonews.net.br\/2022\/wp-content\/uploads\/2021\/06\/2021-01-27t231200z_2_lynxmpeh0q1ew_rtroptp_4_health-coronavirus-usa-biden.jpg","width":1170,"height":700},{"@type":"BreadcrumbList","@id":"https:\/\/regiaonews.net.br\/2022\/2021\/06\/03\/eua-anunciam-doacao-de-vacinas-para-asia-america-latina-e-africa\/#breadcrumb","itemListElement":[{"@type":"ListItem","position":1,"name":"In\u00edcio","item":"https:\/\/regiaonews.net.br\/2022\/"},{"@type":"ListItem","position":2,"name":"EUA anunciam doa\u00e7\u00e3o de vacinas para \u00c1sia, Am\u00e9rica Latina e \u00c1frica"}]},{"@type":"WebSite","@id":"https:\/\/regiaonews.net.br\/2022\/#website","url":"https:\/\/regiaonews.net.br\/2022\/","name":"Regi\u00e3o News","description":"Site de Not\u00edcias de Barretos e regi\u00e3o","publisher":{"@id":"https:\/\/regiaonews.net.br\/2022\/#organization"},"potentialAction":[{"@type":"SearchAction","target":{"@type":"EntryPoint","urlTemplate":"https:\/\/regiaonews.net.br\/2022\/?s={search_term_string}"},"query-input":{"@type":"PropertyValueSpecification","valueRequired":true,"valueName":"search_term_string"}}],"inLanguage":"pt-BR"},{"@type":"Organization","@id":"https:\/\/regiaonews.net.br\/2022\/#organization","name":"Regi\u00e3o News","url":"https:\/\/regiaonews.net.br\/2022\/","logo":{"@type":"ImageObject","inLanguage":"pt-BR","@id":"https:\/\/regiaonews.net.br\/2022\/#\/schema\/logo\/image\/","url":"https:\/\/regiaonews.net.br\/2022\/wp-content\/uploads\/2026\/03\/regiao-13-anos-scaled.jpg","contentUrl":"https:\/\/regiaonews.net.br\/2022\/wp-content\/uploads\/2026\/03\/regiao-13-anos-scaled.jpg","width":2560,"height":635,"caption":"Regi\u00e3o News"},"image":{"@id":"https:\/\/regiaonews.net.br\/2022\/#\/schema\/logo\/image\/"}},{"@type":"Person","@id":"https:\/\/regiaonews.net.br\/2022\/#\/schema\/person\/2d205a608a5aa97ac279d7a5e6d89ad8","name":"Roberto","image":{"@type":"ImageObject","inLanguage":"pt-BR","@id":"https:\/\/secure.gravatar.com\/avatar\/42749d8b712ff9d59ca93dc150494e5b55a44134482993f5baeb97e61b7ecc89?s=96&d=mm&r=g","url":"https:\/\/secure.gravatar.com\/avatar\/42749d8b712ff9d59ca93dc150494e5b55a44134482993f5baeb97e61b7ecc89?s=96&d=mm&r=g","contentUrl":"https:\/\/secure.gravatar.com\/avatar\/42749d8b712ff9d59ca93dc150494e5b55a44134482993f5baeb97e61b7ecc89?s=96&d=mm&r=g","caption":"Roberto"},"url":"https:\/\/regiaonews.net.br\/2022\/author\/roberto\/"}]}},"publishpress_future_action":{"enabled":false,"date":"2026-05-03 02:10:04","action":"change-status","newStatus":"draft","terms":[],"taxonomy":"category","extraData":[]},"publishpress_future_workflow_manual_trigger":{"enabledWorkflows":[]},"_links":{"self":[{"href":"https:\/\/regiaonews.net.br\/2022\/wp-json\/wp\/v2\/posts\/48067","targetHints":{"allow":["GET"]}}],"collection":[{"href":"https:\/\/regiaonews.net.br\/2022\/wp-json\/wp\/v2\/posts"}],"about":[{"href":"https:\/\/regiaonews.net.br\/2022\/wp-json\/wp\/v2\/types\/post"}],"author":[{"embeddable":true,"href":"https:\/\/regiaonews.net.br\/2022\/wp-json\/wp\/v2\/users\/2"}],"replies":[{"embeddable":true,"href":"https:\/\/regiaonews.net.br\/2022\/wp-json\/wp\/v2\/comments?post=48067"}],"version-history":[{"count":0,"href":"https:\/\/regiaonews.net.br\/2022\/wp-json\/wp\/v2\/posts\/48067\/revisions"}],"wp:featuredmedia":[{"embeddable":true,"href":"https:\/\/regiaonews.net.br\/2022\/wp-json\/wp\/v2\/media\/48068"}],"wp:attachment":[{"href":"https:\/\/regiaonews.net.br\/2022\/wp-json\/wp\/v2\/media?parent=48067"}],"wp:term":[{"taxonomy":"category","embeddable":true,"href":"https:\/\/regiaonews.net.br\/2022\/wp-json\/wp\/v2\/categories?post=48067"},{"taxonomy":"post_tag","embeddable":true,"href":"https:\/\/regiaonews.net.br\/2022\/wp-json\/wp\/v2\/tags?post=48067"}],"curies":[{"name":"wp","href":"https:\/\/api.w.org\/{rel}","templated":true}]}}