{"id":48007,"date":"2021-06-02T20:59:07","date_gmt":"2021-06-02T23:59:07","guid":{"rendered":"https:\/\/regiaonews.net.br\/2022\/?p=48007"},"modified":"2021-06-02T20:59:07","modified_gmt":"2021-06-02T23:59:07","slug":"brasil-faz-parte-de-elite-que-produz-vacina-diz-bolsonaro","status":"publish","type":"post","link":"https:\/\/regiaonews.net.br\/2022\/2021\/06\/02\/brasil-faz-parte-de-elite-que-produz-vacina-diz-bolsonaro\/","title":{"rendered":"Brasil faz parte de elite que produz vacina, diz Bolsonaro"},"content":{"rendered":"<p><a href=\"https:\/\/regiaonews.net.br\/2022\/wp-content\/uploads\/2021\/06\/51220260192_c35681c91f_o.jpg\"><img loading=\"lazy\" decoding=\"async\" class=\"size-medium wp-image-48008\" src=\"https:\/\/regiaonews.net.br\/2022\/wp-content\/uploads\/2021\/06\/51220260192_c35681c91f_o-300x179.jpg\" alt=\"\" width=\"300\" height=\"179\" \/><\/a><\/p>\n<p>&nbsp;<\/p>\n<p>O presidente Jair Bolsonaro fez um pronunciamento de r\u00e1dio e TV nesta quarta-feira (3) em que comemorou o acordo de transfer\u00eancia de tecnologia para a produ\u00e7\u00e3o de vacinas no Brasil entre a Astrazeneca e a FioCruz e destacou os 100 milh\u00f5es de doses de vacinas distribu\u00eddas a estados e munic\u00edpios. \u201cCom isso passamos a integrar a elite de apenas cinco pa\u00edses que produzem vacina contra a covid no mundo.\u201d<img decoding=\"async\" src=\"https:\/\/agenciabrasil.ebc.com.br\/ebc.png?id=1411563&amp;o=node\" \/><img decoding=\"async\" src=\"https:\/\/agenciabrasil.ebc.com.br\/ebc.gif?id=1411563&amp;o=node\" \/><\/p>\n<p>Bolsonaro disse que sente profundamente cada vida perdida no pa\u00eds e que o Brasil \u00e9 o quarto pa\u00eds que mais vacina no planeta. O presidente afirmou que todos ser\u00e3o vacinados at\u00e9 o fim de 2021 no pa\u00eds. \u201cNeste ano todos os brasileiros, que assim o desejarem, ser\u00e3o vacinados. Vacinas essas que foram aprovadas pela Anvisa [Ag\u00eancia Nacional de Vigil\u00e2ncia Sanit\u00e1ria].\u201d<\/p>\n<h2>Copa Am\u00e9rica<\/h2>\n<p>O presidente falou sobre a realiza\u00e7\u00e3o da Copa Am\u00e9rica no pa\u00eds. O an\u00fancio de que o torneio ocorrer\u00e1 no pa\u00eds<a href=\"https:\/\/agenciabrasil.ebc.com.br\/esportes\/noticia\/2021-06\/governo-confirma-copa-america-no-brasil-e-anuncia-sedes\" target=\"_blank\" rel=\"noopener\">\u00a0foi feito ontem<\/a>.<\/p>\n<p>\u201cSeguindo o mesmo protocolo da Copa Libertadores e Eliminat\u00f3rias da Copa do Mundo, aceitamos a realiza\u00e7\u00e3o, no Brasil, da Copa Am\u00e9rica. O nosso governo joga dentro das quatro linhas da Constitui\u00e7\u00e3o, considera o direito de ir e vir, o direito ao trabalho e o livre exerc\u00edcio de cultos religiosos inegoci\u00e1veis. Todos os nossos 22 ministros consideram o bem maior de nosso povo a sua liberdade.\u201d<\/p>\n<h2>Desemprego<\/h2>\n<p>O \u00a0presidente voltou a dizer que o pa\u00eds sempre teve dois problemas pela frente que vieram com a pandemia: o v\u00edrus e o desemprego. Os dois problemas, enfatizou, deveriam ser tratados com a mesma responsabilidade e de forma simult\u00e2nea.<\/p>\n<p>\u201cO nosso governo n\u00e3o obrigou \u00a0ningu\u00e9m a ficar em casa, n\u00e3o fechou o com\u00e9rcio, n\u00e3o fechou igrejas ou escolas e n\u00e3o tirou o sustento de milh\u00f5es de trabalhadores informais. Destinamos, em 2020, R$ 320 bilh\u00f5es para o aux\u00edlio emergencial para atender aos mais humildes. Esse montante equivale a mais de dez anos de Bolsa Fam\u00edlia. E mais de R$ 190 bilh\u00f5es para ajudar estados e munic\u00edpios\u201d, ressaltou.<\/p>\n<p>Bolsonaro destacou o apoio a bares e restaurantes e outros setores do ramo de servi\u00e7os por meio da nova lei do Programa Nacional de Apoio \u00e0s Microempresas e Empresas de Pequeno Porte (Pronampe),\u00a0<a href=\"https:\/\/agenciabrasil.ebc.com.br\/politica\/noticia\/2021-06\/bolsonaro-sanciona-lei-que-torna-pronampe-permanente\" target=\"_blank\" rel=\"noopener\">sancionada hoje<\/a>. O setor vai receber aporte de R$ 25 bilh\u00f5es, sendo 20% para o segmento de eventos.<\/p>\n<p>Criado em maio de 2020 para auxiliar financeiramente os pequenos neg\u00f3cios e, ao mesmo tempo, manter empregos durante a pandemia de covid-19, o Pronampe foi encerrado no final do ano. Para restabelecer a iniciativa, o Congresso aprovou um novo projeto de lei, que teve tramita\u00e7\u00e3o conclu\u00edda no Senado<a href=\"https:\/\/agenciabrasil.ebc.com.br\/economia\/noticia\/2021-05\/senado-aprova-carater-permanente-do-pronampe\" target=\"_blank\" rel=\"noopener\">\u00a0no \u00faltimo dia 11 de maio<\/a>\u00a0e aguardava a san\u00e7\u00e3o presidencial para entrar em vigor.<\/p>\n<p>Bolsonaro citou tamb\u00e9m o\u00a0<a href=\"https:\/\/agenciabrasil.ebc.com.br\/economia\/noticia\/2021-05\/caged-brasil-cria-120-mil-empregos-formais-em-abril\" target=\"_blank\" rel=\"noopener\">resultado positivo<\/a>\u00a0do Cadastro Geral de Empregados e Desempregados (Caged)\u00a0e do\u00a0<a href=\"https:\/\/agenciabrasil.ebc.com.br\/economia\/noticia\/2021-06\/pib-tem-alta-de-12-no-primeiro-trimestre-de-2021-0\" target=\"_blank\" rel=\"noopener\">Produto Interno Bruto (PIB)<\/a>, que \u00e9 a soma das riquezas produzidas no pa\u00eds.<\/p>\n<p>\u201cTerminamos 2020 com mais empregos formais que 2019. Somente nos primeiros quatro meses desse ano, o Brasil criou mais de 900 mil novos empregos. O PIB projetado para 2021 prev\u00ea um crescimento da economia superior a 4%. S\u00f3 no primeiro trimestre deste ano, a economia mostrou seu vigor, estando entre os pa\u00edses do mundo que mais cresceram\u201d.<\/p>\n<h2>Est\u00edmulo \u00e0 economia<\/h2>\n<p>No pronunciamento, o presidente destacou medidas de est\u00edmulo \u00e0 economia como a aprova\u00e7\u00e3o, junto ao Congresso Nacional, da nova Lei do G\u00e1s, do Marco Legal do Saneamento, da Medida Provis\u00f3ria (MP) da Liberdade Econ\u00f4mica e dos leil\u00f5es de rodovias, portos e aeroportos realizados ao longo do ano.<\/p>\n<p>\u201cOntem, a Bolsa de Valores bateu recorde hist\u00f3rico, a moeda brasileira se fortalece, e estamos avan\u00e7ando no dif\u00edcil processo de privatiza\u00e7\u00f5es\u201d, disse. \u201cAs estatais, no passado, davam preju\u00edzo de dezenas de bilh\u00f5es de reais devido \u00e0 corrup\u00e7\u00e3o sist\u00eamica e generalizada. Hoje s\u00e3o lucrativas.\u201d<\/p>\n<h2>Infraestrutura<\/h2>\n<p>O presidente falou ainda de melhorias na infraestrutura do pa\u00eds, como a transposi\u00e7\u00e3o do Rio S\u00e3o Francisco, para ampliar o abastecimento de \u00e1gua no Nordeste, e a conclus\u00e3o de obras que estavam paradas como a BR-163, no Par\u00e1, \u00a0e a Ferrovia Norte-Sul.<\/p>\n<p>fonte : Ag\u00eanciaBrasil<\/p>\n","protected":false},"excerpt":{"rendered":"<p>&nbsp; O presidente Jair Bolsonaro fez um pronunciamento de r\u00e1dio<\/p>\n","protected":false},"author":2,"featured_media":48008,"comment_status":"open","ping_status":"open","sticky":false,"template":"","format":"standard","meta":{"footnotes":""},"categories":[24,25],"tags":[],"class_list":["post-48007","post","type-post","status-publish","format-standard","has-post-thumbnail","hentry","category-brasil","category-cidades"],"yoast_head":"<!-- This site is optimized with the Yoast SEO plugin v27.4 - https:\/\/yoast.com\/product\/yoast-seo-wordpress\/ -->\n<title>Brasil faz parte de elite que produz vacina, diz Bolsonaro - Regi\u00e3o News<\/title>\n<meta name=\"robots\" content=\"index, follow, max-snippet:-1, max-image-preview:large, max-video-preview:-1\" \/>\n<link rel=\"canonical\" href=\"https:\/\/regiaonews.net.br\/2022\/2021\/06\/02\/brasil-faz-parte-de-elite-que-produz-vacina-diz-bolsonaro\/\" \/>\n<meta property=\"og:locale\" content=\"pt_BR\" \/>\n<meta property=\"og:type\" content=\"article\" \/>\n<meta property=\"og:title\" content=\"Brasil faz parte de elite que produz vacina, diz Bolsonaro - Regi\u00e3o News\" \/>\n<meta property=\"og:description\" content=\"&nbsp; O presidente Jair Bolsonaro fez um pronunciamento de r\u00e1dio\" \/>\n<meta property=\"og:url\" content=\"https:\/\/regiaonews.net.br\/2022\/2021\/06\/02\/brasil-faz-parte-de-elite-que-produz-vacina-diz-bolsonaro\/\" \/>\n<meta property=\"og:site_name\" content=\"Regi\u00e3o News\" \/>\n<meta property=\"article:published_time\" content=\"2021-06-02T23:59:07+00:00\" \/>\n<meta property=\"og:image\" content=\"https:\/\/regiaonews.net.br\/2022\/wp-content\/uploads\/2021\/06\/51220260192_c35681c91f_o.jpg\" \/>\n\t<meta property=\"og:image:width\" content=\"1170\" \/>\n\t<meta property=\"og:image:height\" content=\"700\" \/>\n\t<meta property=\"og:image:type\" content=\"image\/jpeg\" \/>\n<meta name=\"author\" content=\"Roberto\" \/>\n<meta name=\"twitter:card\" content=\"summary_large_image\" \/>\n<meta name=\"twitter:label1\" content=\"Escrito por\" \/>\n\t<meta name=\"twitter:data1\" content=\"Roberto\" \/>\n\t<meta name=\"twitter:label2\" content=\"Est. tempo de leitura\" \/>\n\t<meta name=\"twitter:data2\" content=\"4 minutos\" \/>\n<script type=\"application\/ld+json\" class=\"yoast-schema-graph\">{\"@context\":\"https:\\\/\\\/schema.org\",\"@graph\":[{\"@type\":\"Article\",\"@id\":\"https:\\\/\\\/regiaonews.net.br\\\/2022\\\/2021\\\/06\\\/02\\\/brasil-faz-parte-de-elite-que-produz-vacina-diz-bolsonaro\\\/#article\",\"isPartOf\":{\"@id\":\"https:\\\/\\\/regiaonews.net.br\\\/2022\\\/2021\\\/06\\\/02\\\/brasil-faz-parte-de-elite-que-produz-vacina-diz-bolsonaro\\\/\"},\"author\":{\"name\":\"Roberto\",\"@id\":\"https:\\\/\\\/regiaonews.net.br\\\/2022\\\/#\\\/schema\\\/person\\\/2d205a608a5aa97ac279d7a5e6d89ad8\"},\"headline\":\"Brasil faz parte de elite que produz vacina, diz Bolsonaro\",\"datePublished\":\"2021-06-02T23:59:07+00:00\",\"mainEntityOfPage\":{\"@id\":\"https:\\\/\\\/regiaonews.net.br\\\/2022\\\/2021\\\/06\\\/02\\\/brasil-faz-parte-de-elite-que-produz-vacina-diz-bolsonaro\\\/\"},\"wordCount\":726,\"commentCount\":0,\"publisher\":{\"@id\":\"https:\\\/\\\/regiaonews.net.br\\\/2022\\\/#organization\"},\"image\":{\"@id\":\"https:\\\/\\\/regiaonews.net.br\\\/2022\\\/2021\\\/06\\\/02\\\/brasil-faz-parte-de-elite-que-produz-vacina-diz-bolsonaro\\\/#primaryimage\"},\"thumbnailUrl\":\"https:\\\/\\\/regiaonews.net.br\\\/2022\\\/wp-content\\\/uploads\\\/2021\\\/06\\\/51220260192_c35681c91f_o.jpg\",\"articleSection\":[\"Brasil\",\"Cidades\"],\"inLanguage\":\"pt-BR\",\"potentialAction\":[{\"@type\":\"CommentAction\",\"name\":\"Comment\",\"target\":[\"https:\\\/\\\/regiaonews.net.br\\\/2022\\\/2021\\\/06\\\/02\\\/brasil-faz-parte-de-elite-que-produz-vacina-diz-bolsonaro\\\/#respond\"]}]},{\"@type\":\"WebPage\",\"@id\":\"https:\\\/\\\/regiaonews.net.br\\\/2022\\\/2021\\\/06\\\/02\\\/brasil-faz-parte-de-elite-que-produz-vacina-diz-bolsonaro\\\/\",\"url\":\"https:\\\/\\\/regiaonews.net.br\\\/2022\\\/2021\\\/06\\\/02\\\/brasil-faz-parte-de-elite-que-produz-vacina-diz-bolsonaro\\\/\",\"name\":\"Brasil faz parte de elite que produz vacina, diz Bolsonaro - Regi\u00e3o News\",\"isPartOf\":{\"@id\":\"https:\\\/\\\/regiaonews.net.br\\\/2022\\\/#website\"},\"primaryImageOfPage\":{\"@id\":\"https:\\\/\\\/regiaonews.net.br\\\/2022\\\/2021\\\/06\\\/02\\\/brasil-faz-parte-de-elite-que-produz-vacina-diz-bolsonaro\\\/#primaryimage\"},\"image\":{\"@id\":\"https:\\\/\\\/regiaonews.net.br\\\/2022\\\/2021\\\/06\\\/02\\\/brasil-faz-parte-de-elite-que-produz-vacina-diz-bolsonaro\\\/#primaryimage\"},\"thumbnailUrl\":\"https:\\\/\\\/regiaonews.net.br\\\/2022\\\/wp-content\\\/uploads\\\/2021\\\/06\\\/51220260192_c35681c91f_o.jpg\",\"datePublished\":\"2021-06-02T23:59:07+00:00\",\"breadcrumb\":{\"@id\":\"https:\\\/\\\/regiaonews.net.br\\\/2022\\\/2021\\\/06\\\/02\\\/brasil-faz-parte-de-elite-que-produz-vacina-diz-bolsonaro\\\/#breadcrumb\"},\"inLanguage\":\"pt-BR\",\"potentialAction\":[{\"@type\":\"ReadAction\",\"target\":[\"https:\\\/\\\/regiaonews.net.br\\\/2022\\\/2021\\\/06\\\/02\\\/brasil-faz-parte-de-elite-que-produz-vacina-diz-bolsonaro\\\/\"]}]},{\"@type\":\"ImageObject\",\"inLanguage\":\"pt-BR\",\"@id\":\"https:\\\/\\\/regiaonews.net.br\\\/2022\\\/2021\\\/06\\\/02\\\/brasil-faz-parte-de-elite-que-produz-vacina-diz-bolsonaro\\\/#primaryimage\",\"url\":\"https:\\\/\\\/regiaonews.net.br\\\/2022\\\/wp-content\\\/uploads\\\/2021\\\/06\\\/51220260192_c35681c91f_o.jpg\",\"contentUrl\":\"https:\\\/\\\/regiaonews.net.br\\\/2022\\\/wp-content\\\/uploads\\\/2021\\\/06\\\/51220260192_c35681c91f_o.jpg\",\"width\":1170,\"height\":700,\"caption\":\"(Bras\u00edlia - DF, 02\\\/06\\\/2021) Pronunciamento do Presidente da Rep\u00fablica, Jair Bolsonaro. Foto: Anderson Riedel\\\/PR\"},{\"@type\":\"BreadcrumbList\",\"@id\":\"https:\\\/\\\/regiaonews.net.br\\\/2022\\\/2021\\\/06\\\/02\\\/brasil-faz-parte-de-elite-que-produz-vacina-diz-bolsonaro\\\/#breadcrumb\",\"itemListElement\":[{\"@type\":\"ListItem\",\"position\":1,\"name\":\"In\u00edcio\",\"item\":\"https:\\\/\\\/regiaonews.net.br\\\/2022\\\/\"},{\"@type\":\"ListItem\",\"position\":2,\"name\":\"Brasil faz parte de elite que produz vacina, diz Bolsonaro\"}]},{\"@type\":\"WebSite\",\"@id\":\"https:\\\/\\\/regiaonews.net.br\\\/2022\\\/#website\",\"url\":\"https:\\\/\\\/regiaonews.net.br\\\/2022\\\/\",\"name\":\"Regi\u00e3o News\",\"description\":\"Site de Not\u00edcias de Barretos e regi\u00e3o\",\"publisher\":{\"@id\":\"https:\\\/\\\/regiaonews.net.br\\\/2022\\\/#organization\"},\"potentialAction\":[{\"@type\":\"SearchAction\",\"target\":{\"@type\":\"EntryPoint\",\"urlTemplate\":\"https:\\\/\\\/regiaonews.net.br\\\/2022\\\/?s={search_term_string}\"},\"query-input\":{\"@type\":\"PropertyValueSpecification\",\"valueRequired\":true,\"valueName\":\"search_term_string\"}}],\"inLanguage\":\"pt-BR\"},{\"@type\":\"Organization\",\"@id\":\"https:\\\/\\\/regiaonews.net.br\\\/2022\\\/#organization\",\"name\":\"Regi\u00e3o News\",\"url\":\"https:\\\/\\\/regiaonews.net.br\\\/2022\\\/\",\"logo\":{\"@type\":\"ImageObject\",\"inLanguage\":\"pt-BR\",\"@id\":\"https:\\\/\\\/regiaonews.net.br\\\/2022\\\/#\\\/schema\\\/logo\\\/image\\\/\",\"url\":\"https:\\\/\\\/regiaonews.net.br\\\/2022\\\/wp-content\\\/uploads\\\/2026\\\/03\\\/regiao-13-anos-scaled.jpg\",\"contentUrl\":\"https:\\\/\\\/regiaonews.net.br\\\/2022\\\/wp-content\\\/uploads\\\/2026\\\/03\\\/regiao-13-anos-scaled.jpg\",\"width\":2560,\"height\":635,\"caption\":\"Regi\u00e3o News\"},\"image\":{\"@id\":\"https:\\\/\\\/regiaonews.net.br\\\/2022\\\/#\\\/schema\\\/logo\\\/image\\\/\"}},{\"@type\":\"Person\",\"@id\":\"https:\\\/\\\/regiaonews.net.br\\\/2022\\\/#\\\/schema\\\/person\\\/2d205a608a5aa97ac279d7a5e6d89ad8\",\"name\":\"Roberto\",\"image\":{\"@type\":\"ImageObject\",\"inLanguage\":\"pt-BR\",\"@id\":\"https:\\\/\\\/secure.gravatar.com\\\/avatar\\\/42749d8b712ff9d59ca93dc150494e5b55a44134482993f5baeb97e61b7ecc89?s=96&d=mm&r=g\",\"url\":\"https:\\\/\\\/secure.gravatar.com\\\/avatar\\\/42749d8b712ff9d59ca93dc150494e5b55a44134482993f5baeb97e61b7ecc89?s=96&d=mm&r=g\",\"contentUrl\":\"https:\\\/\\\/secure.gravatar.com\\\/avatar\\\/42749d8b712ff9d59ca93dc150494e5b55a44134482993f5baeb97e61b7ecc89?s=96&d=mm&r=g\",\"caption\":\"Roberto\"},\"url\":\"https:\\\/\\\/regiaonews.net.br\\\/2022\\\/author\\\/roberto\\\/\"}]}<\/script>\n<!-- \/ Yoast SEO plugin. -->","yoast_head_json":{"title":"Brasil faz parte de elite que produz vacina, diz Bolsonaro - Regi\u00e3o News","robots":{"index":"index","follow":"follow","max-snippet":"max-snippet:-1","max-image-preview":"max-image-preview:large","max-video-preview":"max-video-preview:-1"},"canonical":"https:\/\/regiaonews.net.br\/2022\/2021\/06\/02\/brasil-faz-parte-de-elite-que-produz-vacina-diz-bolsonaro\/","og_locale":"pt_BR","og_type":"article","og_title":"Brasil faz parte de elite que produz vacina, diz Bolsonaro - Regi\u00e3o News","og_description":"&nbsp; O presidente Jair Bolsonaro fez um pronunciamento de r\u00e1dio","og_url":"https:\/\/regiaonews.net.br\/2022\/2021\/06\/02\/brasil-faz-parte-de-elite-que-produz-vacina-diz-bolsonaro\/","og_site_name":"Regi\u00e3o News","article_published_time":"2021-06-02T23:59:07+00:00","og_image":[{"width":1170,"height":700,"url":"https:\/\/regiaonews.net.br\/2022\/wp-content\/uploads\/2021\/06\/51220260192_c35681c91f_o.jpg","type":"image\/jpeg"}],"author":"Roberto","twitter_card":"summary_large_image","twitter_misc":{"Escrito por":"Roberto","Est. tempo de leitura":"4 minutos"},"schema":{"@context":"https:\/\/schema.org","@graph":[{"@type":"Article","@id":"https:\/\/regiaonews.net.br\/2022\/2021\/06\/02\/brasil-faz-parte-de-elite-que-produz-vacina-diz-bolsonaro\/#article","isPartOf":{"@id":"https:\/\/regiaonews.net.br\/2022\/2021\/06\/02\/brasil-faz-parte-de-elite-que-produz-vacina-diz-bolsonaro\/"},"author":{"name":"Roberto","@id":"https:\/\/regiaonews.net.br\/2022\/#\/schema\/person\/2d205a608a5aa97ac279d7a5e6d89ad8"},"headline":"Brasil faz parte de elite que produz vacina, diz Bolsonaro","datePublished":"2021-06-02T23:59:07+00:00","mainEntityOfPage":{"@id":"https:\/\/regiaonews.net.br\/2022\/2021\/06\/02\/brasil-faz-parte-de-elite-que-produz-vacina-diz-bolsonaro\/"},"wordCount":726,"commentCount":0,"publisher":{"@id":"https:\/\/regiaonews.net.br\/2022\/#organization"},"image":{"@id":"https:\/\/regiaonews.net.br\/2022\/2021\/06\/02\/brasil-faz-parte-de-elite-que-produz-vacina-diz-bolsonaro\/#primaryimage"},"thumbnailUrl":"https:\/\/regiaonews.net.br\/2022\/wp-content\/uploads\/2021\/06\/51220260192_c35681c91f_o.jpg","articleSection":["Brasil","Cidades"],"inLanguage":"pt-BR","potentialAction":[{"@type":"CommentAction","name":"Comment","target":["https:\/\/regiaonews.net.br\/2022\/2021\/06\/02\/brasil-faz-parte-de-elite-que-produz-vacina-diz-bolsonaro\/#respond"]}]},{"@type":"WebPage","@id":"https:\/\/regiaonews.net.br\/2022\/2021\/06\/02\/brasil-faz-parte-de-elite-que-produz-vacina-diz-bolsonaro\/","url":"https:\/\/regiaonews.net.br\/2022\/2021\/06\/02\/brasil-faz-parte-de-elite-que-produz-vacina-diz-bolsonaro\/","name":"Brasil faz parte de elite que produz vacina, diz Bolsonaro - Regi\u00e3o News","isPartOf":{"@id":"https:\/\/regiaonews.net.br\/2022\/#website"},"primaryImageOfPage":{"@id":"https:\/\/regiaonews.net.br\/2022\/2021\/06\/02\/brasil-faz-parte-de-elite-que-produz-vacina-diz-bolsonaro\/#primaryimage"},"image":{"@id":"https:\/\/regiaonews.net.br\/2022\/2021\/06\/02\/brasil-faz-parte-de-elite-que-produz-vacina-diz-bolsonaro\/#primaryimage"},"thumbnailUrl":"https:\/\/regiaonews.net.br\/2022\/wp-content\/uploads\/2021\/06\/51220260192_c35681c91f_o.jpg","datePublished":"2021-06-02T23:59:07+00:00","breadcrumb":{"@id":"https:\/\/regiaonews.net.br\/2022\/2021\/06\/02\/brasil-faz-parte-de-elite-que-produz-vacina-diz-bolsonaro\/#breadcrumb"},"inLanguage":"pt-BR","potentialAction":[{"@type":"ReadAction","target":["https:\/\/regiaonews.net.br\/2022\/2021\/06\/02\/brasil-faz-parte-de-elite-que-produz-vacina-diz-bolsonaro\/"]}]},{"@type":"ImageObject","inLanguage":"pt-BR","@id":"https:\/\/regiaonews.net.br\/2022\/2021\/06\/02\/brasil-faz-parte-de-elite-que-produz-vacina-diz-bolsonaro\/#primaryimage","url":"https:\/\/regiaonews.net.br\/2022\/wp-content\/uploads\/2021\/06\/51220260192_c35681c91f_o.jpg","contentUrl":"https:\/\/regiaonews.net.br\/2022\/wp-content\/uploads\/2021\/06\/51220260192_c35681c91f_o.jpg","width":1170,"height":700,"caption":"(Bras\u00edlia - DF, 02\/06\/2021) Pronunciamento do Presidente da Rep\u00fablica, Jair Bolsonaro. Foto: Anderson Riedel\/PR"},{"@type":"BreadcrumbList","@id":"https:\/\/regiaonews.net.br\/2022\/2021\/06\/02\/brasil-faz-parte-de-elite-que-produz-vacina-diz-bolsonaro\/#breadcrumb","itemListElement":[{"@type":"ListItem","position":1,"name":"In\u00edcio","item":"https:\/\/regiaonews.net.br\/2022\/"},{"@type":"ListItem","position":2,"name":"Brasil faz parte de elite que produz vacina, diz Bolsonaro"}]},{"@type":"WebSite","@id":"https:\/\/regiaonews.net.br\/2022\/#website","url":"https:\/\/regiaonews.net.br\/2022\/","name":"Regi\u00e3o News","description":"Site de Not\u00edcias de Barretos e regi\u00e3o","publisher":{"@id":"https:\/\/regiaonews.net.br\/2022\/#organization"},"potentialAction":[{"@type":"SearchAction","target":{"@type":"EntryPoint","urlTemplate":"https:\/\/regiaonews.net.br\/2022\/?s={search_term_string}"},"query-input":{"@type":"PropertyValueSpecification","valueRequired":true,"valueName":"search_term_string"}}],"inLanguage":"pt-BR"},{"@type":"Organization","@id":"https:\/\/regiaonews.net.br\/2022\/#organization","name":"Regi\u00e3o News","url":"https:\/\/regiaonews.net.br\/2022\/","logo":{"@type":"ImageObject","inLanguage":"pt-BR","@id":"https:\/\/regiaonews.net.br\/2022\/#\/schema\/logo\/image\/","url":"https:\/\/regiaonews.net.br\/2022\/wp-content\/uploads\/2026\/03\/regiao-13-anos-scaled.jpg","contentUrl":"https:\/\/regiaonews.net.br\/2022\/wp-content\/uploads\/2026\/03\/regiao-13-anos-scaled.jpg","width":2560,"height":635,"caption":"Regi\u00e3o News"},"image":{"@id":"https:\/\/regiaonews.net.br\/2022\/#\/schema\/logo\/image\/"}},{"@type":"Person","@id":"https:\/\/regiaonews.net.br\/2022\/#\/schema\/person\/2d205a608a5aa97ac279d7a5e6d89ad8","name":"Roberto","image":{"@type":"ImageObject","inLanguage":"pt-BR","@id":"https:\/\/secure.gravatar.com\/avatar\/42749d8b712ff9d59ca93dc150494e5b55a44134482993f5baeb97e61b7ecc89?s=96&d=mm&r=g","url":"https:\/\/secure.gravatar.com\/avatar\/42749d8b712ff9d59ca93dc150494e5b55a44134482993f5baeb97e61b7ecc89?s=96&d=mm&r=g","contentUrl":"https:\/\/secure.gravatar.com\/avatar\/42749d8b712ff9d59ca93dc150494e5b55a44134482993f5baeb97e61b7ecc89?s=96&d=mm&r=g","caption":"Roberto"},"url":"https:\/\/regiaonews.net.br\/2022\/author\/roberto\/"}]}},"publishpress_future_action":{"enabled":false,"date":"2026-05-02 04:03:37","action":"change-status","newStatus":"draft","terms":[],"taxonomy":"category","extraData":[]},"publishpress_future_workflow_manual_trigger":{"enabledWorkflows":[]},"_links":{"self":[{"href":"https:\/\/regiaonews.net.br\/2022\/wp-json\/wp\/v2\/posts\/48007","targetHints":{"allow":["GET"]}}],"collection":[{"href":"https:\/\/regiaonews.net.br\/2022\/wp-json\/wp\/v2\/posts"}],"about":[{"href":"https:\/\/regiaonews.net.br\/2022\/wp-json\/wp\/v2\/types\/post"}],"author":[{"embeddable":true,"href":"https:\/\/regiaonews.net.br\/2022\/wp-json\/wp\/v2\/users\/2"}],"replies":[{"embeddable":true,"href":"https:\/\/regiaonews.net.br\/2022\/wp-json\/wp\/v2\/comments?post=48007"}],"version-history":[{"count":0,"href":"https:\/\/regiaonews.net.br\/2022\/wp-json\/wp\/v2\/posts\/48007\/revisions"}],"wp:featuredmedia":[{"embeddable":true,"href":"https:\/\/regiaonews.net.br\/2022\/wp-json\/wp\/v2\/media\/48008"}],"wp:attachment":[{"href":"https:\/\/regiaonews.net.br\/2022\/wp-json\/wp\/v2\/media?parent=48007"}],"wp:term":[{"taxonomy":"category","embeddable":true,"href":"https:\/\/regiaonews.net.br\/2022\/wp-json\/wp\/v2\/categories?post=48007"},{"taxonomy":"post_tag","embeddable":true,"href":"https:\/\/regiaonews.net.br\/2022\/wp-json\/wp\/v2\/tags?post=48007"}],"curies":[{"name":"wp","href":"https:\/\/api.w.org\/{rel}","templated":true}]}}