{"id":47987,"date":"2021-06-02T14:38:56","date_gmt":"2021-06-02T17:38:56","guid":{"rendered":"https:\/\/regiaonews.net.br\/2022\/?p=47987"},"modified":"2021-06-02T14:38:56","modified_gmt":"2021-06-02T17:38:56","slug":"prefeitura-de-colina-realiza-acao-de-prevencao-e-combate-a-covid-19","status":"publish","type":"post","link":"https:\/\/regiaonews.net.br\/2022\/2021\/06\/02\/prefeitura-de-colina-realiza-acao-de-prevencao-e-combate-a-covid-19\/","title":{"rendered":"Prefeitura de Colina realiza a\u00e7\u00e3o de preven\u00e7\u00e3o e combate \u00e0 COVID-19  \u00a0"},"content":{"rendered":"<p>&nbsp;<\/p>\n<p><strong>\u00a0<\/strong><\/p>\n<p><em>Administra\u00e7\u00e3o Municipal far\u00e1 Dia D para preven\u00e7\u00e3o contra o novo Coronav\u00edrus nesta quarta, 02 de junho.<\/em><\/p>\n<p style=\"text-align: center;\"><a href=\"https:\/\/regiaonews.net.br\/2022\/wp-content\/uploads\/2021\/06\/ARTE-Dia-D-Conscientizacao-COVID-19.jpg\"><img loading=\"lazy\" decoding=\"async\" class=\"alignnone size-medium wp-image-47988\" src=\"https:\/\/regiaonews.net.br\/2022\/wp-content\/uploads\/2021\/06\/ARTE-Dia-D-Conscientizacao-COVID-19-225x300.jpg\" alt=\"\" width=\"225\" height=\"300\" \/><\/a><\/p>\n<p>A Prefeitura Municipal de Colina realiza a \u201cDia D\u201d de conscientiza\u00e7\u00e3o e combate \u00e0 COVID-19 em v\u00e1rios pontos do munic\u00edpio. A a\u00e7\u00e3o acontece nesta quarta-feira, 02 de junho, com in\u00edcio a partir das 8h da manh\u00e3, durante todo o dia.<\/p>\n<p>O objetivo \u00e9 intensificar as orienta\u00e7\u00f5es sobre o combate \u00e0 COVID-19 e insistir nas medidas de prote\u00e7\u00e3o individual e coletiva, como uso da m\u00e1scara de forma correta, a higieniza\u00e7\u00e3o das m\u00e3os com \u00e1gua e sab\u00e3o e\/ou \u00e1lcool em gel 70%. A a\u00e7\u00e3o tamb\u00e9m refor\u00e7a a necessidade de distanciamento social e a import\u00e2ncia de se evitar aglomera\u00e7\u00f5es desnecess\u00e1rias.<\/p>\n<p>O \u201cDia D\u201d ser\u00e1 realizado em dois pontos fixos, sendo um \u00a0na Pra\u00e7a Central e outra na Av. Jos\u00e9 Francisco Azedo (\u201cAvenida das Cohabs\u201d). Equipes da Secretaria da Sa\u00fade distribuir\u00e3o panfletos informativos. Tamb\u00e9m haver\u00e1 uma a\u00e7\u00e3o itinerante que percorrer\u00e1 todos os bairros. As escolas da Rede Municipal tamb\u00e9m distribuir\u00e3o panfletos para os alunos, para refor\u00e7ar as medidas de prote\u00e7\u00e3o contra o Coronav\u00edrus<\/p>\n<p>No final do dia, uma carreata percorrer\u00e1 as principais ruas e avenidas da cidade, com ve\u00edculos da Pol\u00edcia Militar e da Prefeitura Municipal, com o intuito de levar informa\u00e7\u00f5es dos protocolos sanit\u00e1rios para mais perto da comunidade, destacando as medidas que devem ser seguidas para impedir a dissemina\u00e7\u00e3o do v\u00edrus.<\/p>\n<p>A iniciativa faz parte da a\u00e7\u00e3o conjunta entre as Secretarias Municipais de Sa\u00fade; Educa\u00e7\u00e3o e Cultura; Ind\u00fastria, Com\u00e9rcio e Agricultura e Departamento Municipal da Receita; com o apoio das demais Secretarias e Departamentos, C\u00e2mara Municipal, Minist\u00e9rio P\u00fablico e da Pol\u00edcia Militar.<\/p>\n<p>&nbsp;<\/p>\n","protected":false},"excerpt":{"rendered":"<p>&nbsp; \u00a0 Administra\u00e7\u00e3o Municipal far\u00e1 Dia D para preven\u00e7\u00e3o contra<\/p>\n","protected":false},"author":2,"featured_media":47988,"comment_status":"open","ping_status":"open","sticky":false,"template":"","format":"standard","meta":{"footnotes":""},"categories":[25,5],"tags":[],"class_list":["post-47987","post","type-post","status-publish","format-standard","has-post-thumbnail","hentry","category-cidades","category-colina"],"yoast_head":"<!-- This site is optimized with the Yoast SEO plugin v27.4 - https:\/\/yoast.com\/product\/yoast-seo-wordpress\/ -->\n<title>Prefeitura de Colina realiza a\u00e7\u00e3o de preven\u00e7\u00e3o e combate \u00e0 COVID-19 \u00a0 - Regi\u00e3o News<\/title>\n<meta name=\"robots\" content=\"index, follow, max-snippet:-1, max-image-preview:large, max-video-preview:-1\" \/>\n<link rel=\"canonical\" href=\"https:\/\/regiaonews.net.br\/2022\/2021\/06\/02\/prefeitura-de-colina-realiza-acao-de-prevencao-e-combate-a-covid-19\/\" \/>\n<meta property=\"og:locale\" content=\"pt_BR\" \/>\n<meta property=\"og:type\" content=\"article\" \/>\n<meta property=\"og:title\" content=\"Prefeitura de Colina realiza a\u00e7\u00e3o de preven\u00e7\u00e3o e combate \u00e0 COVID-19 \u00a0 - Regi\u00e3o News\" \/>\n<meta property=\"og:description\" content=\"&nbsp; \u00a0 Administra\u00e7\u00e3o Municipal far\u00e1 Dia D para preven\u00e7\u00e3o contra\" \/>\n<meta property=\"og:url\" content=\"https:\/\/regiaonews.net.br\/2022\/2021\/06\/02\/prefeitura-de-colina-realiza-acao-de-prevencao-e-combate-a-covid-19\/\" \/>\n<meta property=\"og:site_name\" content=\"Regi\u00e3o News\" \/>\n<meta property=\"article:published_time\" content=\"2021-06-02T17:38:56+00:00\" \/>\n<meta property=\"og:image\" content=\"https:\/\/regiaonews.net.br\/2022\/wp-content\/uploads\/2021\/06\/ARTE-Dia-D-Conscientizacao-COVID-19.jpg\" \/>\n\t<meta property=\"og:image:width\" content=\"960\" \/>\n\t<meta property=\"og:image:height\" content=\"1280\" \/>\n\t<meta property=\"og:image:type\" content=\"image\/jpeg\" \/>\n<meta name=\"author\" content=\"Roberto\" \/>\n<meta name=\"twitter:card\" content=\"summary_large_image\" \/>\n<meta name=\"twitter:label1\" content=\"Escrito por\" \/>\n\t<meta name=\"twitter:data1\" content=\"Roberto\" \/>\n\t<meta name=\"twitter:label2\" content=\"Est. tempo de leitura\" \/>\n\t<meta name=\"twitter:data2\" content=\"2 minutos\" \/>\n<script type=\"application\/ld+json\" class=\"yoast-schema-graph\">{\"@context\":\"https:\\\/\\\/schema.org\",\"@graph\":[{\"@type\":\"Article\",\"@id\":\"https:\\\/\\\/regiaonews.net.br\\\/2022\\\/2021\\\/06\\\/02\\\/prefeitura-de-colina-realiza-acao-de-prevencao-e-combate-a-covid-19\\\/#article\",\"isPartOf\":{\"@id\":\"https:\\\/\\\/regiaonews.net.br\\\/2022\\\/2021\\\/06\\\/02\\\/prefeitura-de-colina-realiza-acao-de-prevencao-e-combate-a-covid-19\\\/\"},\"author\":{\"name\":\"Roberto\",\"@id\":\"https:\\\/\\\/regiaonews.net.br\\\/2022\\\/#\\\/schema\\\/person\\\/2d205a608a5aa97ac279d7a5e6d89ad8\"},\"headline\":\"Prefeitura de Colina realiza a\u00e7\u00e3o de preven\u00e7\u00e3o e combate \u00e0 COVID-19 \u00a0\",\"datePublished\":\"2021-06-02T17:38:56+00:00\",\"mainEntityOfPage\":{\"@id\":\"https:\\\/\\\/regiaonews.net.br\\\/2022\\\/2021\\\/06\\\/02\\\/prefeitura-de-colina-realiza-acao-de-prevencao-e-combate-a-covid-19\\\/\"},\"wordCount\":320,\"commentCount\":0,\"publisher\":{\"@id\":\"https:\\\/\\\/regiaonews.net.br\\\/2022\\\/#organization\"},\"image\":{\"@id\":\"https:\\\/\\\/regiaonews.net.br\\\/2022\\\/2021\\\/06\\\/02\\\/prefeitura-de-colina-realiza-acao-de-prevencao-e-combate-a-covid-19\\\/#primaryimage\"},\"thumbnailUrl\":\"https:\\\/\\\/regiaonews.net.br\\\/2022\\\/wp-content\\\/uploads\\\/2021\\\/06\\\/ARTE-Dia-D-Conscientizacao-COVID-19.jpg\",\"articleSection\":[\"Cidades\",\"Colina\"],\"inLanguage\":\"pt-BR\",\"potentialAction\":[{\"@type\":\"CommentAction\",\"name\":\"Comment\",\"target\":[\"https:\\\/\\\/regiaonews.net.br\\\/2022\\\/2021\\\/06\\\/02\\\/prefeitura-de-colina-realiza-acao-de-prevencao-e-combate-a-covid-19\\\/#respond\"]}]},{\"@type\":\"WebPage\",\"@id\":\"https:\\\/\\\/regiaonews.net.br\\\/2022\\\/2021\\\/06\\\/02\\\/prefeitura-de-colina-realiza-acao-de-prevencao-e-combate-a-covid-19\\\/\",\"url\":\"https:\\\/\\\/regiaonews.net.br\\\/2022\\\/2021\\\/06\\\/02\\\/prefeitura-de-colina-realiza-acao-de-prevencao-e-combate-a-covid-19\\\/\",\"name\":\"Prefeitura de Colina realiza a\u00e7\u00e3o de preven\u00e7\u00e3o e combate \u00e0 COVID-19 \u00a0 - Regi\u00e3o News\",\"isPartOf\":{\"@id\":\"https:\\\/\\\/regiaonews.net.br\\\/2022\\\/#website\"},\"primaryImageOfPage\":{\"@id\":\"https:\\\/\\\/regiaonews.net.br\\\/2022\\\/2021\\\/06\\\/02\\\/prefeitura-de-colina-realiza-acao-de-prevencao-e-combate-a-covid-19\\\/#primaryimage\"},\"image\":{\"@id\":\"https:\\\/\\\/regiaonews.net.br\\\/2022\\\/2021\\\/06\\\/02\\\/prefeitura-de-colina-realiza-acao-de-prevencao-e-combate-a-covid-19\\\/#primaryimage\"},\"thumbnailUrl\":\"https:\\\/\\\/regiaonews.net.br\\\/2022\\\/wp-content\\\/uploads\\\/2021\\\/06\\\/ARTE-Dia-D-Conscientizacao-COVID-19.jpg\",\"datePublished\":\"2021-06-02T17:38:56+00:00\",\"breadcrumb\":{\"@id\":\"https:\\\/\\\/regiaonews.net.br\\\/2022\\\/2021\\\/06\\\/02\\\/prefeitura-de-colina-realiza-acao-de-prevencao-e-combate-a-covid-19\\\/#breadcrumb\"},\"inLanguage\":\"pt-BR\",\"potentialAction\":[{\"@type\":\"ReadAction\",\"target\":[\"https:\\\/\\\/regiaonews.net.br\\\/2022\\\/2021\\\/06\\\/02\\\/prefeitura-de-colina-realiza-acao-de-prevencao-e-combate-a-covid-19\\\/\"]}]},{\"@type\":\"ImageObject\",\"inLanguage\":\"pt-BR\",\"@id\":\"https:\\\/\\\/regiaonews.net.br\\\/2022\\\/2021\\\/06\\\/02\\\/prefeitura-de-colina-realiza-acao-de-prevencao-e-combate-a-covid-19\\\/#primaryimage\",\"url\":\"https:\\\/\\\/regiaonews.net.br\\\/2022\\\/wp-content\\\/uploads\\\/2021\\\/06\\\/ARTE-Dia-D-Conscientizacao-COVID-19.jpg\",\"contentUrl\":\"https:\\\/\\\/regiaonews.net.br\\\/2022\\\/wp-content\\\/uploads\\\/2021\\\/06\\\/ARTE-Dia-D-Conscientizacao-COVID-19.jpg\",\"width\":960,\"height\":1280},{\"@type\":\"BreadcrumbList\",\"@id\":\"https:\\\/\\\/regiaonews.net.br\\\/2022\\\/2021\\\/06\\\/02\\\/prefeitura-de-colina-realiza-acao-de-prevencao-e-combate-a-covid-19\\\/#breadcrumb\",\"itemListElement\":[{\"@type\":\"ListItem\",\"position\":1,\"name\":\"In\u00edcio\",\"item\":\"https:\\\/\\\/regiaonews.net.br\\\/2022\\\/\"},{\"@type\":\"ListItem\",\"position\":2,\"name\":\"Prefeitura de Colina realiza a\u00e7\u00e3o de preven\u00e7\u00e3o e combate \u00e0 COVID-19 \u00a0\"}]},{\"@type\":\"WebSite\",\"@id\":\"https:\\\/\\\/regiaonews.net.br\\\/2022\\\/#website\",\"url\":\"https:\\\/\\\/regiaonews.net.br\\\/2022\\\/\",\"name\":\"Regi\u00e3o News\",\"description\":\"Site de Not\u00edcias de Barretos e regi\u00e3o\",\"publisher\":{\"@id\":\"https:\\\/\\\/regiaonews.net.br\\\/2022\\\/#organization\"},\"potentialAction\":[{\"@type\":\"SearchAction\",\"target\":{\"@type\":\"EntryPoint\",\"urlTemplate\":\"https:\\\/\\\/regiaonews.net.br\\\/2022\\\/?s={search_term_string}\"},\"query-input\":{\"@type\":\"PropertyValueSpecification\",\"valueRequired\":true,\"valueName\":\"search_term_string\"}}],\"inLanguage\":\"pt-BR\"},{\"@type\":\"Organization\",\"@id\":\"https:\\\/\\\/regiaonews.net.br\\\/2022\\\/#organization\",\"name\":\"Regi\u00e3o News\",\"url\":\"https:\\\/\\\/regiaonews.net.br\\\/2022\\\/\",\"logo\":{\"@type\":\"ImageObject\",\"inLanguage\":\"pt-BR\",\"@id\":\"https:\\\/\\\/regiaonews.net.br\\\/2022\\\/#\\\/schema\\\/logo\\\/image\\\/\",\"url\":\"https:\\\/\\\/regiaonews.net.br\\\/2022\\\/wp-content\\\/uploads\\\/2026\\\/03\\\/regiao-13-anos-scaled.jpg\",\"contentUrl\":\"https:\\\/\\\/regiaonews.net.br\\\/2022\\\/wp-content\\\/uploads\\\/2026\\\/03\\\/regiao-13-anos-scaled.jpg\",\"width\":2560,\"height\":635,\"caption\":\"Regi\u00e3o News\"},\"image\":{\"@id\":\"https:\\\/\\\/regiaonews.net.br\\\/2022\\\/#\\\/schema\\\/logo\\\/image\\\/\"}},{\"@type\":\"Person\",\"@id\":\"https:\\\/\\\/regiaonews.net.br\\\/2022\\\/#\\\/schema\\\/person\\\/2d205a608a5aa97ac279d7a5e6d89ad8\",\"name\":\"Roberto\",\"image\":{\"@type\":\"ImageObject\",\"inLanguage\":\"pt-BR\",\"@id\":\"https:\\\/\\\/secure.gravatar.com\\\/avatar\\\/42749d8b712ff9d59ca93dc150494e5b55a44134482993f5baeb97e61b7ecc89?s=96&d=mm&r=g\",\"url\":\"https:\\\/\\\/secure.gravatar.com\\\/avatar\\\/42749d8b712ff9d59ca93dc150494e5b55a44134482993f5baeb97e61b7ecc89?s=96&d=mm&r=g\",\"contentUrl\":\"https:\\\/\\\/secure.gravatar.com\\\/avatar\\\/42749d8b712ff9d59ca93dc150494e5b55a44134482993f5baeb97e61b7ecc89?s=96&d=mm&r=g\",\"caption\":\"Roberto\"},\"url\":\"https:\\\/\\\/regiaonews.net.br\\\/2022\\\/author\\\/roberto\\\/\"}]}<\/script>\n<!-- \/ Yoast SEO plugin. -->","yoast_head_json":{"title":"Prefeitura de Colina realiza a\u00e7\u00e3o de preven\u00e7\u00e3o e combate \u00e0 COVID-19 \u00a0 - Regi\u00e3o News","robots":{"index":"index","follow":"follow","max-snippet":"max-snippet:-1","max-image-preview":"max-image-preview:large","max-video-preview":"max-video-preview:-1"},"canonical":"https:\/\/regiaonews.net.br\/2022\/2021\/06\/02\/prefeitura-de-colina-realiza-acao-de-prevencao-e-combate-a-covid-19\/","og_locale":"pt_BR","og_type":"article","og_title":"Prefeitura de Colina realiza a\u00e7\u00e3o de preven\u00e7\u00e3o e combate \u00e0 COVID-19 \u00a0 - Regi\u00e3o News","og_description":"&nbsp; \u00a0 Administra\u00e7\u00e3o Municipal far\u00e1 Dia D para preven\u00e7\u00e3o contra","og_url":"https:\/\/regiaonews.net.br\/2022\/2021\/06\/02\/prefeitura-de-colina-realiza-acao-de-prevencao-e-combate-a-covid-19\/","og_site_name":"Regi\u00e3o News","article_published_time":"2021-06-02T17:38:56+00:00","og_image":[{"width":960,"height":1280,"url":"https:\/\/regiaonews.net.br\/2022\/wp-content\/uploads\/2021\/06\/ARTE-Dia-D-Conscientizacao-COVID-19.jpg","type":"image\/jpeg"}],"author":"Roberto","twitter_card":"summary_large_image","twitter_misc":{"Escrito por":"Roberto","Est. tempo de leitura":"2 minutos"},"schema":{"@context":"https:\/\/schema.org","@graph":[{"@type":"Article","@id":"https:\/\/regiaonews.net.br\/2022\/2021\/06\/02\/prefeitura-de-colina-realiza-acao-de-prevencao-e-combate-a-covid-19\/#article","isPartOf":{"@id":"https:\/\/regiaonews.net.br\/2022\/2021\/06\/02\/prefeitura-de-colina-realiza-acao-de-prevencao-e-combate-a-covid-19\/"},"author":{"name":"Roberto","@id":"https:\/\/regiaonews.net.br\/2022\/#\/schema\/person\/2d205a608a5aa97ac279d7a5e6d89ad8"},"headline":"Prefeitura de Colina realiza a\u00e7\u00e3o de preven\u00e7\u00e3o e combate \u00e0 COVID-19 \u00a0","datePublished":"2021-06-02T17:38:56+00:00","mainEntityOfPage":{"@id":"https:\/\/regiaonews.net.br\/2022\/2021\/06\/02\/prefeitura-de-colina-realiza-acao-de-prevencao-e-combate-a-covid-19\/"},"wordCount":320,"commentCount":0,"publisher":{"@id":"https:\/\/regiaonews.net.br\/2022\/#organization"},"image":{"@id":"https:\/\/regiaonews.net.br\/2022\/2021\/06\/02\/prefeitura-de-colina-realiza-acao-de-prevencao-e-combate-a-covid-19\/#primaryimage"},"thumbnailUrl":"https:\/\/regiaonews.net.br\/2022\/wp-content\/uploads\/2021\/06\/ARTE-Dia-D-Conscientizacao-COVID-19.jpg","articleSection":["Cidades","Colina"],"inLanguage":"pt-BR","potentialAction":[{"@type":"CommentAction","name":"Comment","target":["https:\/\/regiaonews.net.br\/2022\/2021\/06\/02\/prefeitura-de-colina-realiza-acao-de-prevencao-e-combate-a-covid-19\/#respond"]}]},{"@type":"WebPage","@id":"https:\/\/regiaonews.net.br\/2022\/2021\/06\/02\/prefeitura-de-colina-realiza-acao-de-prevencao-e-combate-a-covid-19\/","url":"https:\/\/regiaonews.net.br\/2022\/2021\/06\/02\/prefeitura-de-colina-realiza-acao-de-prevencao-e-combate-a-covid-19\/","name":"Prefeitura de Colina realiza a\u00e7\u00e3o de preven\u00e7\u00e3o e combate \u00e0 COVID-19 \u00a0 - Regi\u00e3o News","isPartOf":{"@id":"https:\/\/regiaonews.net.br\/2022\/#website"},"primaryImageOfPage":{"@id":"https:\/\/regiaonews.net.br\/2022\/2021\/06\/02\/prefeitura-de-colina-realiza-acao-de-prevencao-e-combate-a-covid-19\/#primaryimage"},"image":{"@id":"https:\/\/regiaonews.net.br\/2022\/2021\/06\/02\/prefeitura-de-colina-realiza-acao-de-prevencao-e-combate-a-covid-19\/#primaryimage"},"thumbnailUrl":"https:\/\/regiaonews.net.br\/2022\/wp-content\/uploads\/2021\/06\/ARTE-Dia-D-Conscientizacao-COVID-19.jpg","datePublished":"2021-06-02T17:38:56+00:00","breadcrumb":{"@id":"https:\/\/regiaonews.net.br\/2022\/2021\/06\/02\/prefeitura-de-colina-realiza-acao-de-prevencao-e-combate-a-covid-19\/#breadcrumb"},"inLanguage":"pt-BR","potentialAction":[{"@type":"ReadAction","target":["https:\/\/regiaonews.net.br\/2022\/2021\/06\/02\/prefeitura-de-colina-realiza-acao-de-prevencao-e-combate-a-covid-19\/"]}]},{"@type":"ImageObject","inLanguage":"pt-BR","@id":"https:\/\/regiaonews.net.br\/2022\/2021\/06\/02\/prefeitura-de-colina-realiza-acao-de-prevencao-e-combate-a-covid-19\/#primaryimage","url":"https:\/\/regiaonews.net.br\/2022\/wp-content\/uploads\/2021\/06\/ARTE-Dia-D-Conscientizacao-COVID-19.jpg","contentUrl":"https:\/\/regiaonews.net.br\/2022\/wp-content\/uploads\/2021\/06\/ARTE-Dia-D-Conscientizacao-COVID-19.jpg","width":960,"height":1280},{"@type":"BreadcrumbList","@id":"https:\/\/regiaonews.net.br\/2022\/2021\/06\/02\/prefeitura-de-colina-realiza-acao-de-prevencao-e-combate-a-covid-19\/#breadcrumb","itemListElement":[{"@type":"ListItem","position":1,"name":"In\u00edcio","item":"https:\/\/regiaonews.net.br\/2022\/"},{"@type":"ListItem","position":2,"name":"Prefeitura de Colina realiza a\u00e7\u00e3o de preven\u00e7\u00e3o e combate \u00e0 COVID-19 \u00a0"}]},{"@type":"WebSite","@id":"https:\/\/regiaonews.net.br\/2022\/#website","url":"https:\/\/regiaonews.net.br\/2022\/","name":"Regi\u00e3o News","description":"Site de Not\u00edcias de Barretos e regi\u00e3o","publisher":{"@id":"https:\/\/regiaonews.net.br\/2022\/#organization"},"potentialAction":[{"@type":"SearchAction","target":{"@type":"EntryPoint","urlTemplate":"https:\/\/regiaonews.net.br\/2022\/?s={search_term_string}"},"query-input":{"@type":"PropertyValueSpecification","valueRequired":true,"valueName":"search_term_string"}}],"inLanguage":"pt-BR"},{"@type":"Organization","@id":"https:\/\/regiaonews.net.br\/2022\/#organization","name":"Regi\u00e3o News","url":"https:\/\/regiaonews.net.br\/2022\/","logo":{"@type":"ImageObject","inLanguage":"pt-BR","@id":"https:\/\/regiaonews.net.br\/2022\/#\/schema\/logo\/image\/","url":"https:\/\/regiaonews.net.br\/2022\/wp-content\/uploads\/2026\/03\/regiao-13-anos-scaled.jpg","contentUrl":"https:\/\/regiaonews.net.br\/2022\/wp-content\/uploads\/2026\/03\/regiao-13-anos-scaled.jpg","width":2560,"height":635,"caption":"Regi\u00e3o News"},"image":{"@id":"https:\/\/regiaonews.net.br\/2022\/#\/schema\/logo\/image\/"}},{"@type":"Person","@id":"https:\/\/regiaonews.net.br\/2022\/#\/schema\/person\/2d205a608a5aa97ac279d7a5e6d89ad8","name":"Roberto","image":{"@type":"ImageObject","inLanguage":"pt-BR","@id":"https:\/\/secure.gravatar.com\/avatar\/42749d8b712ff9d59ca93dc150494e5b55a44134482993f5baeb97e61b7ecc89?s=96&d=mm&r=g","url":"https:\/\/secure.gravatar.com\/avatar\/42749d8b712ff9d59ca93dc150494e5b55a44134482993f5baeb97e61b7ecc89?s=96&d=mm&r=g","contentUrl":"https:\/\/secure.gravatar.com\/avatar\/42749d8b712ff9d59ca93dc150494e5b55a44134482993f5baeb97e61b7ecc89?s=96&d=mm&r=g","caption":"Roberto"},"url":"https:\/\/regiaonews.net.br\/2022\/author\/roberto\/"}]}},"publishpress_future_action":{"enabled":false,"date":"2026-05-02 05:34:03","action":"change-status","newStatus":"draft","terms":[],"taxonomy":"category","extraData":[]},"publishpress_future_workflow_manual_trigger":{"enabledWorkflows":[]},"_links":{"self":[{"href":"https:\/\/regiaonews.net.br\/2022\/wp-json\/wp\/v2\/posts\/47987","targetHints":{"allow":["GET"]}}],"collection":[{"href":"https:\/\/regiaonews.net.br\/2022\/wp-json\/wp\/v2\/posts"}],"about":[{"href":"https:\/\/regiaonews.net.br\/2022\/wp-json\/wp\/v2\/types\/post"}],"author":[{"embeddable":true,"href":"https:\/\/regiaonews.net.br\/2022\/wp-json\/wp\/v2\/users\/2"}],"replies":[{"embeddable":true,"href":"https:\/\/regiaonews.net.br\/2022\/wp-json\/wp\/v2\/comments?post=47987"}],"version-history":[{"count":0,"href":"https:\/\/regiaonews.net.br\/2022\/wp-json\/wp\/v2\/posts\/47987\/revisions"}],"wp:featuredmedia":[{"embeddable":true,"href":"https:\/\/regiaonews.net.br\/2022\/wp-json\/wp\/v2\/media\/47988"}],"wp:attachment":[{"href":"https:\/\/regiaonews.net.br\/2022\/wp-json\/wp\/v2\/media?parent=47987"}],"wp:term":[{"taxonomy":"category","embeddable":true,"href":"https:\/\/regiaonews.net.br\/2022\/wp-json\/wp\/v2\/categories?post=47987"},{"taxonomy":"post_tag","embeddable":true,"href":"https:\/\/regiaonews.net.br\/2022\/wp-json\/wp\/v2\/tags?post=47987"}],"curies":[{"name":"wp","href":"https:\/\/api.w.org\/{rel}","templated":true}]}}