{"id":47952,"date":"2021-06-01T23:11:30","date_gmt":"2021-06-02T02:11:30","guid":{"rendered":"https:\/\/regiaonews.net.br\/2022\/?p=47952"},"modified":"2021-06-02T16:30:41","modified_gmt":"2021-06-02T19:30:41","slug":"sebastiao-santos-propoe-projeto-na-alesp-criando-aglomeracao-urbana-de-barretos","status":"publish","type":"post","link":"https:\/\/regiaonews.net.br\/2022\/2021\/06\/01\/sebastiao-santos-propoe-projeto-na-alesp-criando-aglomeracao-urbana-de-barretos\/","title":{"rendered":"Sebasti\u00e3o Santos prop\u00f5e projeto na ALESP criando aglomera\u00e7\u00e3o urbana de Barretos"},"content":{"rendered":"<p><a href=\"https:\/\/regiaonews.net.br\/2022\/wp-content\/uploads\/2020\/03\/deputado-sebasti\u00e3o.jpg\"><img loading=\"lazy\" decoding=\"async\" class=\"alignnone size-medium wp-image-29546\" src=\"https:\/\/regiaonews.net.br\/2022\/wp-content\/uploads\/2020\/03\/deputado-sebasti\u00e3o-300x200.jpg\" alt=\"\" width=\"300\" height=\"200\" \/><\/a><\/p>\n<p>Barretos poder\u00e1 se tornar \u201cAglomerado Urbano\u201d, que inclui as cidades da regi\u00e3o administrativa<\/p>\n<p>O projeto de lei complementar do deputado Sebasti\u00e3o Santos visa debater e apresentar o planejamento socioecon\u00f4mico da regi\u00e3o<\/p>\n<p>Determinado pelo crescimento e da abertura de novas oportunidades de trabalho, gera\u00e7\u00e3o de emprego e renda, al\u00e9m do fomento do turismo regional e condi\u00e7\u00f5es para amplia\u00e7\u00e3o do com\u00e9rcio do interior paulista, o deputado estadual Sebasti\u00e3o Santos (Republicanos), protocolou na Assembleia Legislativa a PLC 16\/2021 (Projeto de Lei Complementar) como unidade regional do territ\u00f3rio do Estado de S\u00e3o Paulo, nos termos do artigo 25, \u00a7 3\u00ba, da Constitui\u00e7\u00e3o Federal, dos artigos 152 a 158 da Constitui\u00e7\u00e3o Estadual e da Lei Complementar n\u00ba 760, de 1\u00ba de agosto de 1994. Sua cria\u00e7\u00e3o transformar\u00e1 a regi\u00e3o em \u201cAglomerado Urbano de Barretos\u201d, visando o planejamento regional para o desenvolvimento socioecon\u00f4mico e a melhoria da qualidade de vida local.<br \/>\nO \u201cAglomerado Urbano de Barretos\u201d abrir\u00e1 novas possibilidades no com\u00e9rcio regional, dando viabilidade de investimentos para grandes empresas, permitindo a interliga\u00e7\u00e3o com polos de trabalho, al\u00e9m da ampla divulga\u00e7\u00e3o dos atrativos regionais que cada munic\u00edpio poder\u00e1 apresentar no plano de a\u00e7\u00e3o do aglomerado.<br \/>\n\u201cO projeto abre espa\u00e7o para amplia\u00e7\u00e3o de novas \u00e1reas comerciais, al\u00e9m da integra\u00e7\u00e3o do planejamento e da execu\u00e7\u00e3o das fun\u00e7\u00f5es p\u00fablicas de interesse comum e ao poder p\u00fablico atuante na regi\u00e3o\u201d, destacou o deputado.<br \/>\nA PL inclui os munic\u00edpios de Bebedouro, Cajobi, Colina, Col\u00f4mbia, Guaraci, Jaborandi, Monte Azul Paulista, Ol\u00edmpia, Sever\u00ednia, Gua\u00edra, Taia\u00e7u, Terra Roxa e Taquaral. O projeto ressalta ainda a implanta\u00e7\u00e3o do Conselho de Desenvolvimento, com car\u00e1ter normativo e deliberativo, que dever\u00e1 ser elo entre A Aglomera\u00e7\u00e3o Urbana, Estado e Uni\u00e3o.<\/p>\n<p>De acordo com o projeto, ser\u00e1 necess\u00e1ria a elabora\u00e7\u00e3o de estudos de caracteriza\u00e7\u00e3o das \u00e1reas sugeridas visando \u00e0 an\u00e1lise da estrutura urbana e eixo de transporte; aspectos demogr\u00e1ficos e fatores de desempenho econ\u00f4mico; recursos h\u00eddricos, saneamento e \u00e1reas de prote\u00e7\u00e3o ambiental, al\u00e9m da an\u00e1lise dos fluxos existentes entre os munic\u00edpios da regi\u00e3o, como transporte coletivo, sa\u00fade, educa\u00e7\u00e3o, carregamento rodovi\u00e1rio e deslocamento pendulares.<br \/>\nAinda segundo trechos da proposta, Barretos possui forte impacto na economia do Estado de S\u00e3o Paulo, o que deve ser potencializado com a cria\u00e7\u00e3o da Aglomera\u00e7\u00e3o Urbana, uma vez que beneficiar\u00e1 toda a popula\u00e7\u00e3o atrav\u00e9s de uma nova perspectiva econ\u00f4mica, quanto aos munic\u00edpios e o pr\u00f3prio Estado, atrav\u00e9s da coopera\u00e7\u00e3o do governo em seus diversos n\u00edveis, articula\u00e7\u00e3o, descentraliza\u00e7\u00e3o e parceria entre a administra\u00e7\u00e3o direta e indireta.<br \/>\n&#8220;Esses munic\u00edpios formam um agrupamento territorial cont\u00ednuo, rela\u00e7\u00f5es de integra\u00e7\u00e3o funcional de natureza econ\u00f4mico social e em consequ\u00eancia, necessitam da realiza\u00e7\u00e3o de planejamento integrado e da a\u00e7\u00e3o coordenada dos entes p\u00fablicos atuantes na regi\u00e3o, ressaltando o fato de que Barretos \u00e9 refer\u00eancia no Estado de S\u00e3o Paulo como rota tur\u00edstica, pois \u00e9 uma das cidades de interesse tur\u00edstico&#8221;, disse o deputado.<\/p>\n","protected":false},"excerpt":{"rendered":"<p>Barretos poder\u00e1 se tornar \u201cAglomerado Urbano\u201d, que inclui as cidades<\/p>\n","protected":false},"author":2,"featured_media":29546,"comment_status":"open","ping_status":"open","sticky":false,"template":"","format":"standard","meta":{"footnotes":""},"categories":[14,25,22],"tags":[],"class_list":["post-47952","post","type-post","status-publish","format-standard","has-post-thumbnail","hentry","category-barretos","category-cidades","category-politica"],"yoast_head":"<!-- This site is optimized with the Yoast SEO plugin v27.4 - https:\/\/yoast.com\/product\/yoast-seo-wordpress\/ -->\n<title>Sebasti\u00e3o Santos prop\u00f5e projeto na ALESP criando aglomera\u00e7\u00e3o urbana de Barretos - Regi\u00e3o News<\/title>\n<meta name=\"robots\" content=\"index, follow, max-snippet:-1, max-image-preview:large, max-video-preview:-1\" \/>\n<link rel=\"canonical\" href=\"https:\/\/regiaonews.net.br\/2022\/2021\/06\/01\/sebastiao-santos-propoe-projeto-na-alesp-criando-aglomeracao-urbana-de-barretos\/\" \/>\n<meta property=\"og:locale\" content=\"pt_BR\" \/>\n<meta property=\"og:type\" content=\"article\" \/>\n<meta property=\"og:title\" content=\"Sebasti\u00e3o Santos prop\u00f5e projeto na ALESP criando aglomera\u00e7\u00e3o urbana de Barretos - Regi\u00e3o News\" \/>\n<meta property=\"og:description\" content=\"Barretos poder\u00e1 se tornar \u201cAglomerado Urbano\u201d, que inclui as cidades\" \/>\n<meta property=\"og:url\" content=\"https:\/\/regiaonews.net.br\/2022\/2021\/06\/01\/sebastiao-santos-propoe-projeto-na-alesp-criando-aglomeracao-urbana-de-barretos\/\" \/>\n<meta property=\"og:site_name\" content=\"Regi\u00e3o News\" \/>\n<meta property=\"article:published_time\" content=\"2021-06-02T02:11:30+00:00\" \/>\n<meta property=\"article:modified_time\" content=\"2021-06-02T19:30:41+00:00\" \/>\n<meta property=\"og:image\" content=\"https:\/\/regiaonews.net.br\/2022\/wp-content\/uploads\/2020\/03\/deputado-sebasti\u00e3o.jpg\" \/>\n\t<meta property=\"og:image:width\" content=\"1280\" \/>\n\t<meta property=\"og:image:height\" content=\"853\" \/>\n\t<meta property=\"og:image:type\" content=\"image\/jpeg\" \/>\n<meta name=\"author\" content=\"Roberto\" \/>\n<meta name=\"twitter:card\" content=\"summary_large_image\" \/>\n<meta name=\"twitter:label1\" content=\"Escrito por\" \/>\n\t<meta name=\"twitter:data1\" content=\"Roberto\" \/>\n\t<meta name=\"twitter:label2\" content=\"Est. tempo de leitura\" \/>\n\t<meta name=\"twitter:data2\" content=\"3 minutos\" \/>\n<script type=\"application\/ld+json\" class=\"yoast-schema-graph\">{\"@context\":\"https:\\\/\\\/schema.org\",\"@graph\":[{\"@type\":\"Article\",\"@id\":\"https:\\\/\\\/regiaonews.net.br\\\/2022\\\/2021\\\/06\\\/01\\\/sebastiao-santos-propoe-projeto-na-alesp-criando-aglomeracao-urbana-de-barretos\\\/#article\",\"isPartOf\":{\"@id\":\"https:\\\/\\\/regiaonews.net.br\\\/2022\\\/2021\\\/06\\\/01\\\/sebastiao-santos-propoe-projeto-na-alesp-criando-aglomeracao-urbana-de-barretos\\\/\"},\"author\":{\"name\":\"Roberto\",\"@id\":\"https:\\\/\\\/regiaonews.net.br\\\/2022\\\/#\\\/schema\\\/person\\\/2d205a608a5aa97ac279d7a5e6d89ad8\"},\"headline\":\"Sebasti\u00e3o Santos prop\u00f5e projeto na ALESP criando aglomera\u00e7\u00e3o urbana de Barretos\",\"datePublished\":\"2021-06-02T02:11:30+00:00\",\"dateModified\":\"2021-06-02T19:30:41+00:00\",\"mainEntityOfPage\":{\"@id\":\"https:\\\/\\\/regiaonews.net.br\\\/2022\\\/2021\\\/06\\\/01\\\/sebastiao-santos-propoe-projeto-na-alesp-criando-aglomeracao-urbana-de-barretos\\\/\"},\"wordCount\":547,\"commentCount\":0,\"publisher\":{\"@id\":\"https:\\\/\\\/regiaonews.net.br\\\/2022\\\/#organization\"},\"image\":{\"@id\":\"https:\\\/\\\/regiaonews.net.br\\\/2022\\\/2021\\\/06\\\/01\\\/sebastiao-santos-propoe-projeto-na-alesp-criando-aglomeracao-urbana-de-barretos\\\/#primaryimage\"},\"thumbnailUrl\":\"https:\\\/\\\/regiaonews.net.br\\\/2022\\\/wp-content\\\/uploads\\\/2020\\\/03\\\/deputado-sebasti\u00e3o.jpg\",\"articleSection\":[\"Barretos\",\"Cidades\",\"Pol\u00edtica\"],\"inLanguage\":\"pt-BR\",\"potentialAction\":[{\"@type\":\"CommentAction\",\"name\":\"Comment\",\"target\":[\"https:\\\/\\\/regiaonews.net.br\\\/2022\\\/2021\\\/06\\\/01\\\/sebastiao-santos-propoe-projeto-na-alesp-criando-aglomeracao-urbana-de-barretos\\\/#respond\"]}]},{\"@type\":\"WebPage\",\"@id\":\"https:\\\/\\\/regiaonews.net.br\\\/2022\\\/2021\\\/06\\\/01\\\/sebastiao-santos-propoe-projeto-na-alesp-criando-aglomeracao-urbana-de-barretos\\\/\",\"url\":\"https:\\\/\\\/regiaonews.net.br\\\/2022\\\/2021\\\/06\\\/01\\\/sebastiao-santos-propoe-projeto-na-alesp-criando-aglomeracao-urbana-de-barretos\\\/\",\"name\":\"Sebasti\u00e3o Santos prop\u00f5e projeto na ALESP criando aglomera\u00e7\u00e3o urbana de Barretos - Regi\u00e3o News\",\"isPartOf\":{\"@id\":\"https:\\\/\\\/regiaonews.net.br\\\/2022\\\/#website\"},\"primaryImageOfPage\":{\"@id\":\"https:\\\/\\\/regiaonews.net.br\\\/2022\\\/2021\\\/06\\\/01\\\/sebastiao-santos-propoe-projeto-na-alesp-criando-aglomeracao-urbana-de-barretos\\\/#primaryimage\"},\"image\":{\"@id\":\"https:\\\/\\\/regiaonews.net.br\\\/2022\\\/2021\\\/06\\\/01\\\/sebastiao-santos-propoe-projeto-na-alesp-criando-aglomeracao-urbana-de-barretos\\\/#primaryimage\"},\"thumbnailUrl\":\"https:\\\/\\\/regiaonews.net.br\\\/2022\\\/wp-content\\\/uploads\\\/2020\\\/03\\\/deputado-sebasti\u00e3o.jpg\",\"datePublished\":\"2021-06-02T02:11:30+00:00\",\"dateModified\":\"2021-06-02T19:30:41+00:00\",\"breadcrumb\":{\"@id\":\"https:\\\/\\\/regiaonews.net.br\\\/2022\\\/2021\\\/06\\\/01\\\/sebastiao-santos-propoe-projeto-na-alesp-criando-aglomeracao-urbana-de-barretos\\\/#breadcrumb\"},\"inLanguage\":\"pt-BR\",\"potentialAction\":[{\"@type\":\"ReadAction\",\"target\":[\"https:\\\/\\\/regiaonews.net.br\\\/2022\\\/2021\\\/06\\\/01\\\/sebastiao-santos-propoe-projeto-na-alesp-criando-aglomeracao-urbana-de-barretos\\\/\"]}]},{\"@type\":\"ImageObject\",\"inLanguage\":\"pt-BR\",\"@id\":\"https:\\\/\\\/regiaonews.net.br\\\/2022\\\/2021\\\/06\\\/01\\\/sebastiao-santos-propoe-projeto-na-alesp-criando-aglomeracao-urbana-de-barretos\\\/#primaryimage\",\"url\":\"https:\\\/\\\/regiaonews.net.br\\\/2022\\\/wp-content\\\/uploads\\\/2020\\\/03\\\/deputado-sebasti\u00e3o.jpg\",\"contentUrl\":\"https:\\\/\\\/regiaonews.net.br\\\/2022\\\/wp-content\\\/uploads\\\/2020\\\/03\\\/deputado-sebasti\u00e3o.jpg\",\"width\":1280,\"height\":853},{\"@type\":\"BreadcrumbList\",\"@id\":\"https:\\\/\\\/regiaonews.net.br\\\/2022\\\/2021\\\/06\\\/01\\\/sebastiao-santos-propoe-projeto-na-alesp-criando-aglomeracao-urbana-de-barretos\\\/#breadcrumb\",\"itemListElement\":[{\"@type\":\"ListItem\",\"position\":1,\"name\":\"In\u00edcio\",\"item\":\"https:\\\/\\\/regiaonews.net.br\\\/2022\\\/\"},{\"@type\":\"ListItem\",\"position\":2,\"name\":\"Sebasti\u00e3o Santos prop\u00f5e projeto na ALESP criando aglomera\u00e7\u00e3o urbana de Barretos\"}]},{\"@type\":\"WebSite\",\"@id\":\"https:\\\/\\\/regiaonews.net.br\\\/2022\\\/#website\",\"url\":\"https:\\\/\\\/regiaonews.net.br\\\/2022\\\/\",\"name\":\"Regi\u00e3o News\",\"description\":\"Site de Not\u00edcias de Barretos e regi\u00e3o\",\"publisher\":{\"@id\":\"https:\\\/\\\/regiaonews.net.br\\\/2022\\\/#organization\"},\"potentialAction\":[{\"@type\":\"SearchAction\",\"target\":{\"@type\":\"EntryPoint\",\"urlTemplate\":\"https:\\\/\\\/regiaonews.net.br\\\/2022\\\/?s={search_term_string}\"},\"query-input\":{\"@type\":\"PropertyValueSpecification\",\"valueRequired\":true,\"valueName\":\"search_term_string\"}}],\"inLanguage\":\"pt-BR\"},{\"@type\":\"Organization\",\"@id\":\"https:\\\/\\\/regiaonews.net.br\\\/2022\\\/#organization\",\"name\":\"Regi\u00e3o News\",\"url\":\"https:\\\/\\\/regiaonews.net.br\\\/2022\\\/\",\"logo\":{\"@type\":\"ImageObject\",\"inLanguage\":\"pt-BR\",\"@id\":\"https:\\\/\\\/regiaonews.net.br\\\/2022\\\/#\\\/schema\\\/logo\\\/image\\\/\",\"url\":\"https:\\\/\\\/regiaonews.net.br\\\/2022\\\/wp-content\\\/uploads\\\/2026\\\/03\\\/regiao-13-anos-scaled.jpg\",\"contentUrl\":\"https:\\\/\\\/regiaonews.net.br\\\/2022\\\/wp-content\\\/uploads\\\/2026\\\/03\\\/regiao-13-anos-scaled.jpg\",\"width\":2560,\"height\":635,\"caption\":\"Regi\u00e3o News\"},\"image\":{\"@id\":\"https:\\\/\\\/regiaonews.net.br\\\/2022\\\/#\\\/schema\\\/logo\\\/image\\\/\"}},{\"@type\":\"Person\",\"@id\":\"https:\\\/\\\/regiaonews.net.br\\\/2022\\\/#\\\/schema\\\/person\\\/2d205a608a5aa97ac279d7a5e6d89ad8\",\"name\":\"Roberto\",\"image\":{\"@type\":\"ImageObject\",\"inLanguage\":\"pt-BR\",\"@id\":\"https:\\\/\\\/secure.gravatar.com\\\/avatar\\\/42749d8b712ff9d59ca93dc150494e5b55a44134482993f5baeb97e61b7ecc89?s=96&d=mm&r=g\",\"url\":\"https:\\\/\\\/secure.gravatar.com\\\/avatar\\\/42749d8b712ff9d59ca93dc150494e5b55a44134482993f5baeb97e61b7ecc89?s=96&d=mm&r=g\",\"contentUrl\":\"https:\\\/\\\/secure.gravatar.com\\\/avatar\\\/42749d8b712ff9d59ca93dc150494e5b55a44134482993f5baeb97e61b7ecc89?s=96&d=mm&r=g\",\"caption\":\"Roberto\"},\"url\":\"https:\\\/\\\/regiaonews.net.br\\\/2022\\\/author\\\/roberto\\\/\"}]}<\/script>\n<!-- \/ Yoast SEO plugin. -->","yoast_head_json":{"title":"Sebasti\u00e3o Santos prop\u00f5e projeto na ALESP criando aglomera\u00e7\u00e3o urbana de Barretos - Regi\u00e3o News","robots":{"index":"index","follow":"follow","max-snippet":"max-snippet:-1","max-image-preview":"max-image-preview:large","max-video-preview":"max-video-preview:-1"},"canonical":"https:\/\/regiaonews.net.br\/2022\/2021\/06\/01\/sebastiao-santos-propoe-projeto-na-alesp-criando-aglomeracao-urbana-de-barretos\/","og_locale":"pt_BR","og_type":"article","og_title":"Sebasti\u00e3o Santos prop\u00f5e projeto na ALESP criando aglomera\u00e7\u00e3o urbana de Barretos - Regi\u00e3o News","og_description":"Barretos poder\u00e1 se tornar \u201cAglomerado Urbano\u201d, que inclui as cidades","og_url":"https:\/\/regiaonews.net.br\/2022\/2021\/06\/01\/sebastiao-santos-propoe-projeto-na-alesp-criando-aglomeracao-urbana-de-barretos\/","og_site_name":"Regi\u00e3o News","article_published_time":"2021-06-02T02:11:30+00:00","article_modified_time":"2021-06-02T19:30:41+00:00","og_image":[{"width":1280,"height":853,"url":"https:\/\/regiaonews.net.br\/2022\/wp-content\/uploads\/2020\/03\/deputado-sebasti\u00e3o.jpg","type":"image\/jpeg"}],"author":"Roberto","twitter_card":"summary_large_image","twitter_misc":{"Escrito por":"Roberto","Est. tempo de leitura":"3 minutos"},"schema":{"@context":"https:\/\/schema.org","@graph":[{"@type":"Article","@id":"https:\/\/regiaonews.net.br\/2022\/2021\/06\/01\/sebastiao-santos-propoe-projeto-na-alesp-criando-aglomeracao-urbana-de-barretos\/#article","isPartOf":{"@id":"https:\/\/regiaonews.net.br\/2022\/2021\/06\/01\/sebastiao-santos-propoe-projeto-na-alesp-criando-aglomeracao-urbana-de-barretos\/"},"author":{"name":"Roberto","@id":"https:\/\/regiaonews.net.br\/2022\/#\/schema\/person\/2d205a608a5aa97ac279d7a5e6d89ad8"},"headline":"Sebasti\u00e3o Santos prop\u00f5e projeto na ALESP criando aglomera\u00e7\u00e3o urbana de Barretos","datePublished":"2021-06-02T02:11:30+00:00","dateModified":"2021-06-02T19:30:41+00:00","mainEntityOfPage":{"@id":"https:\/\/regiaonews.net.br\/2022\/2021\/06\/01\/sebastiao-santos-propoe-projeto-na-alesp-criando-aglomeracao-urbana-de-barretos\/"},"wordCount":547,"commentCount":0,"publisher":{"@id":"https:\/\/regiaonews.net.br\/2022\/#organization"},"image":{"@id":"https:\/\/regiaonews.net.br\/2022\/2021\/06\/01\/sebastiao-santos-propoe-projeto-na-alesp-criando-aglomeracao-urbana-de-barretos\/#primaryimage"},"thumbnailUrl":"https:\/\/regiaonews.net.br\/2022\/wp-content\/uploads\/2020\/03\/deputado-sebasti\u00e3o.jpg","articleSection":["Barretos","Cidades","Pol\u00edtica"],"inLanguage":"pt-BR","potentialAction":[{"@type":"CommentAction","name":"Comment","target":["https:\/\/regiaonews.net.br\/2022\/2021\/06\/01\/sebastiao-santos-propoe-projeto-na-alesp-criando-aglomeracao-urbana-de-barretos\/#respond"]}]},{"@type":"WebPage","@id":"https:\/\/regiaonews.net.br\/2022\/2021\/06\/01\/sebastiao-santos-propoe-projeto-na-alesp-criando-aglomeracao-urbana-de-barretos\/","url":"https:\/\/regiaonews.net.br\/2022\/2021\/06\/01\/sebastiao-santos-propoe-projeto-na-alesp-criando-aglomeracao-urbana-de-barretos\/","name":"Sebasti\u00e3o Santos prop\u00f5e projeto na ALESP criando aglomera\u00e7\u00e3o urbana de Barretos - Regi\u00e3o News","isPartOf":{"@id":"https:\/\/regiaonews.net.br\/2022\/#website"},"primaryImageOfPage":{"@id":"https:\/\/regiaonews.net.br\/2022\/2021\/06\/01\/sebastiao-santos-propoe-projeto-na-alesp-criando-aglomeracao-urbana-de-barretos\/#primaryimage"},"image":{"@id":"https:\/\/regiaonews.net.br\/2022\/2021\/06\/01\/sebastiao-santos-propoe-projeto-na-alesp-criando-aglomeracao-urbana-de-barretos\/#primaryimage"},"thumbnailUrl":"https:\/\/regiaonews.net.br\/2022\/wp-content\/uploads\/2020\/03\/deputado-sebasti\u00e3o.jpg","datePublished":"2021-06-02T02:11:30+00:00","dateModified":"2021-06-02T19:30:41+00:00","breadcrumb":{"@id":"https:\/\/regiaonews.net.br\/2022\/2021\/06\/01\/sebastiao-santos-propoe-projeto-na-alesp-criando-aglomeracao-urbana-de-barretos\/#breadcrumb"},"inLanguage":"pt-BR","potentialAction":[{"@type":"ReadAction","target":["https:\/\/regiaonews.net.br\/2022\/2021\/06\/01\/sebastiao-santos-propoe-projeto-na-alesp-criando-aglomeracao-urbana-de-barretos\/"]}]},{"@type":"ImageObject","inLanguage":"pt-BR","@id":"https:\/\/regiaonews.net.br\/2022\/2021\/06\/01\/sebastiao-santos-propoe-projeto-na-alesp-criando-aglomeracao-urbana-de-barretos\/#primaryimage","url":"https:\/\/regiaonews.net.br\/2022\/wp-content\/uploads\/2020\/03\/deputado-sebasti\u00e3o.jpg","contentUrl":"https:\/\/regiaonews.net.br\/2022\/wp-content\/uploads\/2020\/03\/deputado-sebasti\u00e3o.jpg","width":1280,"height":853},{"@type":"BreadcrumbList","@id":"https:\/\/regiaonews.net.br\/2022\/2021\/06\/01\/sebastiao-santos-propoe-projeto-na-alesp-criando-aglomeracao-urbana-de-barretos\/#breadcrumb","itemListElement":[{"@type":"ListItem","position":1,"name":"In\u00edcio","item":"https:\/\/regiaonews.net.br\/2022\/"},{"@type":"ListItem","position":2,"name":"Sebasti\u00e3o Santos prop\u00f5e projeto na ALESP criando aglomera\u00e7\u00e3o urbana de Barretos"}]},{"@type":"WebSite","@id":"https:\/\/regiaonews.net.br\/2022\/#website","url":"https:\/\/regiaonews.net.br\/2022\/","name":"Regi\u00e3o News","description":"Site de Not\u00edcias de Barretos e regi\u00e3o","publisher":{"@id":"https:\/\/regiaonews.net.br\/2022\/#organization"},"potentialAction":[{"@type":"SearchAction","target":{"@type":"EntryPoint","urlTemplate":"https:\/\/regiaonews.net.br\/2022\/?s={search_term_string}"},"query-input":{"@type":"PropertyValueSpecification","valueRequired":true,"valueName":"search_term_string"}}],"inLanguage":"pt-BR"},{"@type":"Organization","@id":"https:\/\/regiaonews.net.br\/2022\/#organization","name":"Regi\u00e3o News","url":"https:\/\/regiaonews.net.br\/2022\/","logo":{"@type":"ImageObject","inLanguage":"pt-BR","@id":"https:\/\/regiaonews.net.br\/2022\/#\/schema\/logo\/image\/","url":"https:\/\/regiaonews.net.br\/2022\/wp-content\/uploads\/2026\/03\/regiao-13-anos-scaled.jpg","contentUrl":"https:\/\/regiaonews.net.br\/2022\/wp-content\/uploads\/2026\/03\/regiao-13-anos-scaled.jpg","width":2560,"height":635,"caption":"Regi\u00e3o News"},"image":{"@id":"https:\/\/regiaonews.net.br\/2022\/#\/schema\/logo\/image\/"}},{"@type":"Person","@id":"https:\/\/regiaonews.net.br\/2022\/#\/schema\/person\/2d205a608a5aa97ac279d7a5e6d89ad8","name":"Roberto","image":{"@type":"ImageObject","inLanguage":"pt-BR","@id":"https:\/\/secure.gravatar.com\/avatar\/42749d8b712ff9d59ca93dc150494e5b55a44134482993f5baeb97e61b7ecc89?s=96&d=mm&r=g","url":"https:\/\/secure.gravatar.com\/avatar\/42749d8b712ff9d59ca93dc150494e5b55a44134482993f5baeb97e61b7ecc89?s=96&d=mm&r=g","contentUrl":"https:\/\/secure.gravatar.com\/avatar\/42749d8b712ff9d59ca93dc150494e5b55a44134482993f5baeb97e61b7ecc89?s=96&d=mm&r=g","caption":"Roberto"},"url":"https:\/\/regiaonews.net.br\/2022\/author\/roberto\/"}]}},"publishpress_future_action":{"enabled":false,"date":"2026-05-02 02:43:23","action":"change-status","newStatus":"draft","terms":[],"taxonomy":"category","extraData":[]},"publishpress_future_workflow_manual_trigger":{"enabledWorkflows":[]},"_links":{"self":[{"href":"https:\/\/regiaonews.net.br\/2022\/wp-json\/wp\/v2\/posts\/47952","targetHints":{"allow":["GET"]}}],"collection":[{"href":"https:\/\/regiaonews.net.br\/2022\/wp-json\/wp\/v2\/posts"}],"about":[{"href":"https:\/\/regiaonews.net.br\/2022\/wp-json\/wp\/v2\/types\/post"}],"author":[{"embeddable":true,"href":"https:\/\/regiaonews.net.br\/2022\/wp-json\/wp\/v2\/users\/2"}],"replies":[{"embeddable":true,"href":"https:\/\/regiaonews.net.br\/2022\/wp-json\/wp\/v2\/comments?post=47952"}],"version-history":[{"count":0,"href":"https:\/\/regiaonews.net.br\/2022\/wp-json\/wp\/v2\/posts\/47952\/revisions"}],"wp:featuredmedia":[{"embeddable":true,"href":"https:\/\/regiaonews.net.br\/2022\/wp-json\/wp\/v2\/media\/29546"}],"wp:attachment":[{"href":"https:\/\/regiaonews.net.br\/2022\/wp-json\/wp\/v2\/media?parent=47952"}],"wp:term":[{"taxonomy":"category","embeddable":true,"href":"https:\/\/regiaonews.net.br\/2022\/wp-json\/wp\/v2\/categories?post=47952"},{"taxonomy":"post_tag","embeddable":true,"href":"https:\/\/regiaonews.net.br\/2022\/wp-json\/wp\/v2\/tags?post=47952"}],"curies":[{"name":"wp","href":"https:\/\/api.w.org\/{rel}","templated":true}]}}