{"id":47926,"date":"2021-06-01T12:12:35","date_gmt":"2021-06-01T15:12:35","guid":{"rendered":"https:\/\/regiaonews.net.br\/2022\/?p=47926"},"modified":"2021-06-01T12:18:01","modified_gmt":"2021-06-01T15:18:01","slug":"nova-fatec-barretos-oferece-curso-superior-de-gestao-hospitalar","status":"publish","type":"post","link":"https:\/\/regiaonews.net.br\/2022\/2021\/06\/01\/nova-fatec-barretos-oferece-curso-superior-de-gestao-hospitalar\/","title":{"rendered":"Nova Fatec Barretos oferece curso superior de Gest\u00e3o Hospitalar"},"content":{"rendered":"<p><a href=\"https:\/\/regiaonews.net.br\/2022\/wp-content\/uploads\/2021\/06\/fatec_widelg.jpg\"><img loading=\"lazy\" decoding=\"async\" class=\"alignnone size-medium wp-image-47927\" src=\"https:\/\/regiaonews.net.br\/2022\/wp-content\/uploads\/2021\/06\/fatec_widelg-300x169.jpg\" alt=\"\" width=\"300\" height=\"169\" \/><\/a><\/p>\n<p>Implanta\u00e7\u00e3o da Faculdade de Tecnologia resulta da parceria entre o Centro Paula Souza a prefeitura de Barretos e o Hospital de Amor; inscri\u00e7\u00f5es para o segundo semestre est\u00e3o abertas<\/p>\n<p>O primeiro curso superior da futura Faculdade de Tecnologia do Estado (Fatec) de Barretos ser\u00e1 o de Gest\u00e3o Hospitalar, previsto para come\u00e7ar no pr\u00f3ximo m\u00eas de agosto. Os interessados em concorrer a uma das 40 vagas oferecidas no per\u00edodo noturno devem se inscrever no processo seletivo at\u00e9 as 15 horas do dia 7 de junho pelo site vestibularfatec.com.br. Para atender \u00e0s normas de seguran\u00e7a e distanciamento social do Governo e de autoridades sanit\u00e1rias, sele\u00e7\u00e3o dos convocados ser\u00e1 realizada por an\u00e1lise do hist\u00f3rico escolar, sem necessidade de prova presencial.<\/p>\n<p>As aulas ter\u00e3o in\u00edcio de forma remota. \u00c0 medida que as regras do isolamento social forem flexibilizadas, as atividades presenciais ser\u00e3o realizadas no Instituto de Ensino e Pesquisa do Hospital de Amor.<\/p>\n<p>O coordenador da Unidade do Ensino Superior de Gradua\u00e7\u00e3o (Cesu), Rafael Ferreira Alves, destaca que o lan\u00e7amento do curso ocorre num momento oportuno. \u201cPoder colaborar na forma\u00e7\u00e3o de profissionais de sa\u00fade em plena pandemia \u00e9 um desafio que inspira o profissional de educa\u00e7\u00e3o\u201d, afirma.<\/p>\n<p>O coordenador ressalta ainda o entusiasmo da equipe que est\u00e1 \u00e0 frente da implanta\u00e7\u00e3o da nova Fatec. \u201cO Hospital de Amor \u00e9 um parceiro estrat\u00e9gico neste projeto pedag\u00f3gico do CPS e Barretos um polo de sa\u00fade refer\u00eancia para todo Brasil.\u201d<\/p>\n<p>De acordo com o diretor de Desenvolvimento Institucional do Hospital de Amor, Henrique Moraes Prata, a institui\u00e7\u00e3o tem a miss\u00e3o de oferecer assist\u00eancia \u00e0 sa\u00fade gratuita e de excel\u00eancia, al\u00e9m de ser refer\u00eancia em pesquisa e educa\u00e7\u00e3o para disseminar sua forma de cuidar humanizada e de fazer gest\u00e3o no SUS. \u201cA parceria com o CPS e a prefeitura para a instala\u00e7\u00e3o do primeiro curso da Fatec em Barretos vem de encontro \u00e0 vis\u00e3o de futuro do Hospital de Amor\u201d, afirma.<\/p>\n<p>Ainda segundo o diretor, a forma\u00e7\u00e3o de profissionais qualificados e preparados \u00e9 imprescind\u00edvel num cen\u00e1rio de gest\u00e3o hospitalar cada vez mais complexo. \u201cNo nosso entendimento, a estrutura\u00e7\u00e3o dos cursos da Fatec e seu modelo de ensino \u00e9 o que existe de mais acertado e moderno em forma\u00e7\u00e3o de profissionais com o preparo necess\u00e1rio para assumir posi\u00e7\u00f5es-chave em neg\u00f3cios do futuro,\u201d conclui Prata.<\/p>\n<p>Primeira turma<\/p>\n<p>Os interessados em conhecer mais sobre o curso de Gest\u00e3o Hospitalar podem acessar o Guia das Profiss\u00f5es Tecnol\u00f3gicas (bit.ly\/FatecGuia) para se informar sobre o curr\u00edculo, o potencial do mercado de trabalho e as principais fun\u00e7\u00f5es do tecn\u00f3logo da \u00e1rea.<\/p>\n<p>As inscri\u00e7\u00f5es para o Vestibular do segundo semestre devem ser feitas pela internet. Em Barretos, os candidatos que tiverem dificuldade de acesso \u00e0 internet no momento de fazer a inscri\u00e7\u00e3o para a Fatec, podem acessar os computadores na Escola T\u00e9cnica Estadual (Etec) Cel. Raphael Brand\u00e3o. Para usar o equipamento, \u00e9 preciso entrar em contato com a unidade e realizar o agendamento. Ser\u00e1 obrigat\u00f3rio o uso de m\u00e1scara de prote\u00e7\u00e3o facial e o respeito \u00e0s medidas de prote\u00e7\u00e3o do Protocolo Sanit\u00e1rio do CPS: bit.ly\/30ccFVL.<\/p>\n<p>Fatec Barretos<br \/>\nCurso Superior de Tecnologia oferecido: Gest\u00e3o Hospitalar<br \/>\nN\u00famero de vagas: 40, no per\u00edodo noturno<br \/>\nInscri\u00e7\u00f5es abertas pelo site: vestibularfatec.com.br<br \/>\nPrazo: at\u00e9 as 15 horas do dia 7 de junho<br \/>\nLocal do in\u00edcio do curso: Instituto de Ensino e Pesquisa (IEP) do Hospital de Amor<br \/>\nRua Antenor Duarte Vil\u00e9la, 1331- Bairro Dr. Paulo Prata, Barretos<\/p>\n<p>Sobre o Centro Paula Souza \u2013 Autarquia do Governo do Estado de S\u00e3o Paulo vinculada \u00e0 Secretaria de Desenvolvimento Econ\u00f4mico, o Centro Paula Souza (CPS) administra as Faculdades de Tecnologia (Fatecs) e as Escolas T\u00e9cnicas (Etecs) estaduais, al\u00e9m das classes descentralizadas \u2013 unidades que funcionam com um ou mais cursos, sob a supervis\u00e3o de uma Etec \u2013, em cerca de 360 munic\u00edpios paulistas. As Etecs atendem mais de 228 mil estudantes nos Ensinos T\u00e9cnico, Integrado e M\u00e9dio. Nas Fatecs, o n\u00famero de matriculados nos cursos de gradua\u00e7\u00e3o tecnol\u00f3gica supera 94 mil alunos.<\/p>\n","protected":false},"excerpt":{"rendered":"<p>Implanta\u00e7\u00e3o da Faculdade de Tecnologia resulta da parceria entre o<\/p>\n","protected":false},"author":2,"featured_media":47927,"comment_status":"open","ping_status":"open","sticky":false,"template":"","format":"standard","meta":{"footnotes":""},"categories":[14,25,98],"tags":[],"class_list":["post-47926","post","type-post","status-publish","format-standard","has-post-thumbnail","hentry","category-barretos","category-cidades","category-educacao-educacao"],"yoast_head":"<!-- This site is optimized with the Yoast SEO plugin v27.4 - https:\/\/yoast.com\/product\/yoast-seo-wordpress\/ -->\n<title>Nova Fatec Barretos oferece curso superior de Gest\u00e3o Hospitalar - Regi\u00e3o News<\/title>\n<meta name=\"robots\" content=\"index, follow, max-snippet:-1, max-image-preview:large, max-video-preview:-1\" \/>\n<link rel=\"canonical\" href=\"https:\/\/regiaonews.net.br\/2022\/2021\/06\/01\/nova-fatec-barretos-oferece-curso-superior-de-gestao-hospitalar\/\" \/>\n<meta property=\"og:locale\" content=\"pt_BR\" \/>\n<meta property=\"og:type\" content=\"article\" \/>\n<meta property=\"og:title\" content=\"Nova Fatec Barretos oferece curso superior de Gest\u00e3o Hospitalar - Regi\u00e3o News\" \/>\n<meta property=\"og:description\" content=\"Implanta\u00e7\u00e3o da Faculdade de Tecnologia resulta da parceria entre o\" \/>\n<meta property=\"og:url\" content=\"https:\/\/regiaonews.net.br\/2022\/2021\/06\/01\/nova-fatec-barretos-oferece-curso-superior-de-gestao-hospitalar\/\" \/>\n<meta property=\"og:site_name\" content=\"Regi\u00e3o News\" \/>\n<meta property=\"article:published_time\" content=\"2021-06-01T15:12:35+00:00\" \/>\n<meta property=\"article:modified_time\" content=\"2021-06-01T15:18:01+00:00\" \/>\n<meta property=\"og:image\" content=\"https:\/\/regiaonews.net.br\/2022\/wp-content\/uploads\/2021\/06\/fatec_widelg.jpg\" \/>\n\t<meta property=\"og:image:width\" content=\"1200\" \/>\n\t<meta property=\"og:image:height\" content=\"675\" \/>\n\t<meta property=\"og:image:type\" content=\"image\/jpeg\" \/>\n<meta name=\"author\" content=\"Roberto\" \/>\n<meta name=\"twitter:card\" content=\"summary_large_image\" \/>\n<meta name=\"twitter:label1\" content=\"Escrito por\" \/>\n\t<meta name=\"twitter:data1\" content=\"Roberto\" \/>\n\t<meta name=\"twitter:label2\" content=\"Est. tempo de leitura\" \/>\n\t<meta name=\"twitter:data2\" content=\"4 minutos\" \/>\n<script type=\"application\/ld+json\" class=\"yoast-schema-graph\">{\"@context\":\"https:\\\/\\\/schema.org\",\"@graph\":[{\"@type\":\"Article\",\"@id\":\"https:\\\/\\\/regiaonews.net.br\\\/2022\\\/2021\\\/06\\\/01\\\/nova-fatec-barretos-oferece-curso-superior-de-gestao-hospitalar\\\/#article\",\"isPartOf\":{\"@id\":\"https:\\\/\\\/regiaonews.net.br\\\/2022\\\/2021\\\/06\\\/01\\\/nova-fatec-barretos-oferece-curso-superior-de-gestao-hospitalar\\\/\"},\"author\":{\"name\":\"Roberto\",\"@id\":\"https:\\\/\\\/regiaonews.net.br\\\/2022\\\/#\\\/schema\\\/person\\\/2d205a608a5aa97ac279d7a5e6d89ad8\"},\"headline\":\"Nova Fatec Barretos oferece curso superior de Gest\u00e3o Hospitalar\",\"datePublished\":\"2021-06-01T15:12:35+00:00\",\"dateModified\":\"2021-06-01T15:18:01+00:00\",\"mainEntityOfPage\":{\"@id\":\"https:\\\/\\\/regiaonews.net.br\\\/2022\\\/2021\\\/06\\\/01\\\/nova-fatec-barretos-oferece-curso-superior-de-gestao-hospitalar\\\/\"},\"wordCount\":720,\"commentCount\":0,\"publisher\":{\"@id\":\"https:\\\/\\\/regiaonews.net.br\\\/2022\\\/#organization\"},\"image\":{\"@id\":\"https:\\\/\\\/regiaonews.net.br\\\/2022\\\/2021\\\/06\\\/01\\\/nova-fatec-barretos-oferece-curso-superior-de-gestao-hospitalar\\\/#primaryimage\"},\"thumbnailUrl\":\"https:\\\/\\\/regiaonews.net.br\\\/2022\\\/wp-content\\\/uploads\\\/2021\\\/06\\\/fatec_widelg.jpg\",\"articleSection\":[\"Barretos\",\"Cidades\",\"Educa\u00e7\u00e3o\"],\"inLanguage\":\"pt-BR\",\"potentialAction\":[{\"@type\":\"CommentAction\",\"name\":\"Comment\",\"target\":[\"https:\\\/\\\/regiaonews.net.br\\\/2022\\\/2021\\\/06\\\/01\\\/nova-fatec-barretos-oferece-curso-superior-de-gestao-hospitalar\\\/#respond\"]}]},{\"@type\":\"WebPage\",\"@id\":\"https:\\\/\\\/regiaonews.net.br\\\/2022\\\/2021\\\/06\\\/01\\\/nova-fatec-barretos-oferece-curso-superior-de-gestao-hospitalar\\\/\",\"url\":\"https:\\\/\\\/regiaonews.net.br\\\/2022\\\/2021\\\/06\\\/01\\\/nova-fatec-barretos-oferece-curso-superior-de-gestao-hospitalar\\\/\",\"name\":\"Nova Fatec Barretos oferece curso superior de Gest\u00e3o Hospitalar - Regi\u00e3o News\",\"isPartOf\":{\"@id\":\"https:\\\/\\\/regiaonews.net.br\\\/2022\\\/#website\"},\"primaryImageOfPage\":{\"@id\":\"https:\\\/\\\/regiaonews.net.br\\\/2022\\\/2021\\\/06\\\/01\\\/nova-fatec-barretos-oferece-curso-superior-de-gestao-hospitalar\\\/#primaryimage\"},\"image\":{\"@id\":\"https:\\\/\\\/regiaonews.net.br\\\/2022\\\/2021\\\/06\\\/01\\\/nova-fatec-barretos-oferece-curso-superior-de-gestao-hospitalar\\\/#primaryimage\"},\"thumbnailUrl\":\"https:\\\/\\\/regiaonews.net.br\\\/2022\\\/wp-content\\\/uploads\\\/2021\\\/06\\\/fatec_widelg.jpg\",\"datePublished\":\"2021-06-01T15:12:35+00:00\",\"dateModified\":\"2021-06-01T15:18:01+00:00\",\"breadcrumb\":{\"@id\":\"https:\\\/\\\/regiaonews.net.br\\\/2022\\\/2021\\\/06\\\/01\\\/nova-fatec-barretos-oferece-curso-superior-de-gestao-hospitalar\\\/#breadcrumb\"},\"inLanguage\":\"pt-BR\",\"potentialAction\":[{\"@type\":\"ReadAction\",\"target\":[\"https:\\\/\\\/regiaonews.net.br\\\/2022\\\/2021\\\/06\\\/01\\\/nova-fatec-barretos-oferece-curso-superior-de-gestao-hospitalar\\\/\"]}]},{\"@type\":\"ImageObject\",\"inLanguage\":\"pt-BR\",\"@id\":\"https:\\\/\\\/regiaonews.net.br\\\/2022\\\/2021\\\/06\\\/01\\\/nova-fatec-barretos-oferece-curso-superior-de-gestao-hospitalar\\\/#primaryimage\",\"url\":\"https:\\\/\\\/regiaonews.net.br\\\/2022\\\/wp-content\\\/uploads\\\/2021\\\/06\\\/fatec_widelg.jpg\",\"contentUrl\":\"https:\\\/\\\/regiaonews.net.br\\\/2022\\\/wp-content\\\/uploads\\\/2021\\\/06\\\/fatec_widelg.jpg\",\"width\":1200,\"height\":675},{\"@type\":\"BreadcrumbList\",\"@id\":\"https:\\\/\\\/regiaonews.net.br\\\/2022\\\/2021\\\/06\\\/01\\\/nova-fatec-barretos-oferece-curso-superior-de-gestao-hospitalar\\\/#breadcrumb\",\"itemListElement\":[{\"@type\":\"ListItem\",\"position\":1,\"name\":\"In\u00edcio\",\"item\":\"https:\\\/\\\/regiaonews.net.br\\\/2022\\\/\"},{\"@type\":\"ListItem\",\"position\":2,\"name\":\"Nova Fatec Barretos oferece curso superior de Gest\u00e3o Hospitalar\"}]},{\"@type\":\"WebSite\",\"@id\":\"https:\\\/\\\/regiaonews.net.br\\\/2022\\\/#website\",\"url\":\"https:\\\/\\\/regiaonews.net.br\\\/2022\\\/\",\"name\":\"Regi\u00e3o News\",\"description\":\"Site de Not\u00edcias de Barretos e regi\u00e3o\",\"publisher\":{\"@id\":\"https:\\\/\\\/regiaonews.net.br\\\/2022\\\/#organization\"},\"potentialAction\":[{\"@type\":\"SearchAction\",\"target\":{\"@type\":\"EntryPoint\",\"urlTemplate\":\"https:\\\/\\\/regiaonews.net.br\\\/2022\\\/?s={search_term_string}\"},\"query-input\":{\"@type\":\"PropertyValueSpecification\",\"valueRequired\":true,\"valueName\":\"search_term_string\"}}],\"inLanguage\":\"pt-BR\"},{\"@type\":\"Organization\",\"@id\":\"https:\\\/\\\/regiaonews.net.br\\\/2022\\\/#organization\",\"name\":\"Regi\u00e3o News\",\"url\":\"https:\\\/\\\/regiaonews.net.br\\\/2022\\\/\",\"logo\":{\"@type\":\"ImageObject\",\"inLanguage\":\"pt-BR\",\"@id\":\"https:\\\/\\\/regiaonews.net.br\\\/2022\\\/#\\\/schema\\\/logo\\\/image\\\/\",\"url\":\"https:\\\/\\\/regiaonews.net.br\\\/2022\\\/wp-content\\\/uploads\\\/2026\\\/03\\\/regiao-13-anos-scaled.jpg\",\"contentUrl\":\"https:\\\/\\\/regiaonews.net.br\\\/2022\\\/wp-content\\\/uploads\\\/2026\\\/03\\\/regiao-13-anos-scaled.jpg\",\"width\":2560,\"height\":635,\"caption\":\"Regi\u00e3o News\"},\"image\":{\"@id\":\"https:\\\/\\\/regiaonews.net.br\\\/2022\\\/#\\\/schema\\\/logo\\\/image\\\/\"}},{\"@type\":\"Person\",\"@id\":\"https:\\\/\\\/regiaonews.net.br\\\/2022\\\/#\\\/schema\\\/person\\\/2d205a608a5aa97ac279d7a5e6d89ad8\",\"name\":\"Roberto\",\"image\":{\"@type\":\"ImageObject\",\"inLanguage\":\"pt-BR\",\"@id\":\"https:\\\/\\\/secure.gravatar.com\\\/avatar\\\/42749d8b712ff9d59ca93dc150494e5b55a44134482993f5baeb97e61b7ecc89?s=96&d=mm&r=g\",\"url\":\"https:\\\/\\\/secure.gravatar.com\\\/avatar\\\/42749d8b712ff9d59ca93dc150494e5b55a44134482993f5baeb97e61b7ecc89?s=96&d=mm&r=g\",\"contentUrl\":\"https:\\\/\\\/secure.gravatar.com\\\/avatar\\\/42749d8b712ff9d59ca93dc150494e5b55a44134482993f5baeb97e61b7ecc89?s=96&d=mm&r=g\",\"caption\":\"Roberto\"},\"url\":\"https:\\\/\\\/regiaonews.net.br\\\/2022\\\/author\\\/roberto\\\/\"}]}<\/script>\n<!-- \/ Yoast SEO plugin. -->","yoast_head_json":{"title":"Nova Fatec Barretos oferece curso superior de Gest\u00e3o Hospitalar - Regi\u00e3o News","robots":{"index":"index","follow":"follow","max-snippet":"max-snippet:-1","max-image-preview":"max-image-preview:large","max-video-preview":"max-video-preview:-1"},"canonical":"https:\/\/regiaonews.net.br\/2022\/2021\/06\/01\/nova-fatec-barretos-oferece-curso-superior-de-gestao-hospitalar\/","og_locale":"pt_BR","og_type":"article","og_title":"Nova Fatec Barretos oferece curso superior de Gest\u00e3o Hospitalar - Regi\u00e3o News","og_description":"Implanta\u00e7\u00e3o da Faculdade de Tecnologia resulta da parceria entre o","og_url":"https:\/\/regiaonews.net.br\/2022\/2021\/06\/01\/nova-fatec-barretos-oferece-curso-superior-de-gestao-hospitalar\/","og_site_name":"Regi\u00e3o News","article_published_time":"2021-06-01T15:12:35+00:00","article_modified_time":"2021-06-01T15:18:01+00:00","og_image":[{"width":1200,"height":675,"url":"https:\/\/regiaonews.net.br\/2022\/wp-content\/uploads\/2021\/06\/fatec_widelg.jpg","type":"image\/jpeg"}],"author":"Roberto","twitter_card":"summary_large_image","twitter_misc":{"Escrito por":"Roberto","Est. tempo de leitura":"4 minutos"},"schema":{"@context":"https:\/\/schema.org","@graph":[{"@type":"Article","@id":"https:\/\/regiaonews.net.br\/2022\/2021\/06\/01\/nova-fatec-barretos-oferece-curso-superior-de-gestao-hospitalar\/#article","isPartOf":{"@id":"https:\/\/regiaonews.net.br\/2022\/2021\/06\/01\/nova-fatec-barretos-oferece-curso-superior-de-gestao-hospitalar\/"},"author":{"name":"Roberto","@id":"https:\/\/regiaonews.net.br\/2022\/#\/schema\/person\/2d205a608a5aa97ac279d7a5e6d89ad8"},"headline":"Nova Fatec Barretos oferece curso superior de Gest\u00e3o Hospitalar","datePublished":"2021-06-01T15:12:35+00:00","dateModified":"2021-06-01T15:18:01+00:00","mainEntityOfPage":{"@id":"https:\/\/regiaonews.net.br\/2022\/2021\/06\/01\/nova-fatec-barretos-oferece-curso-superior-de-gestao-hospitalar\/"},"wordCount":720,"commentCount":0,"publisher":{"@id":"https:\/\/regiaonews.net.br\/2022\/#organization"},"image":{"@id":"https:\/\/regiaonews.net.br\/2022\/2021\/06\/01\/nova-fatec-barretos-oferece-curso-superior-de-gestao-hospitalar\/#primaryimage"},"thumbnailUrl":"https:\/\/regiaonews.net.br\/2022\/wp-content\/uploads\/2021\/06\/fatec_widelg.jpg","articleSection":["Barretos","Cidades","Educa\u00e7\u00e3o"],"inLanguage":"pt-BR","potentialAction":[{"@type":"CommentAction","name":"Comment","target":["https:\/\/regiaonews.net.br\/2022\/2021\/06\/01\/nova-fatec-barretos-oferece-curso-superior-de-gestao-hospitalar\/#respond"]}]},{"@type":"WebPage","@id":"https:\/\/regiaonews.net.br\/2022\/2021\/06\/01\/nova-fatec-barretos-oferece-curso-superior-de-gestao-hospitalar\/","url":"https:\/\/regiaonews.net.br\/2022\/2021\/06\/01\/nova-fatec-barretos-oferece-curso-superior-de-gestao-hospitalar\/","name":"Nova Fatec Barretos oferece curso superior de Gest\u00e3o Hospitalar - Regi\u00e3o News","isPartOf":{"@id":"https:\/\/regiaonews.net.br\/2022\/#website"},"primaryImageOfPage":{"@id":"https:\/\/regiaonews.net.br\/2022\/2021\/06\/01\/nova-fatec-barretos-oferece-curso-superior-de-gestao-hospitalar\/#primaryimage"},"image":{"@id":"https:\/\/regiaonews.net.br\/2022\/2021\/06\/01\/nova-fatec-barretos-oferece-curso-superior-de-gestao-hospitalar\/#primaryimage"},"thumbnailUrl":"https:\/\/regiaonews.net.br\/2022\/wp-content\/uploads\/2021\/06\/fatec_widelg.jpg","datePublished":"2021-06-01T15:12:35+00:00","dateModified":"2021-06-01T15:18:01+00:00","breadcrumb":{"@id":"https:\/\/regiaonews.net.br\/2022\/2021\/06\/01\/nova-fatec-barretos-oferece-curso-superior-de-gestao-hospitalar\/#breadcrumb"},"inLanguage":"pt-BR","potentialAction":[{"@type":"ReadAction","target":["https:\/\/regiaonews.net.br\/2022\/2021\/06\/01\/nova-fatec-barretos-oferece-curso-superior-de-gestao-hospitalar\/"]}]},{"@type":"ImageObject","inLanguage":"pt-BR","@id":"https:\/\/regiaonews.net.br\/2022\/2021\/06\/01\/nova-fatec-barretos-oferece-curso-superior-de-gestao-hospitalar\/#primaryimage","url":"https:\/\/regiaonews.net.br\/2022\/wp-content\/uploads\/2021\/06\/fatec_widelg.jpg","contentUrl":"https:\/\/regiaonews.net.br\/2022\/wp-content\/uploads\/2021\/06\/fatec_widelg.jpg","width":1200,"height":675},{"@type":"BreadcrumbList","@id":"https:\/\/regiaonews.net.br\/2022\/2021\/06\/01\/nova-fatec-barretos-oferece-curso-superior-de-gestao-hospitalar\/#breadcrumb","itemListElement":[{"@type":"ListItem","position":1,"name":"In\u00edcio","item":"https:\/\/regiaonews.net.br\/2022\/"},{"@type":"ListItem","position":2,"name":"Nova Fatec Barretos oferece curso superior de Gest\u00e3o Hospitalar"}]},{"@type":"WebSite","@id":"https:\/\/regiaonews.net.br\/2022\/#website","url":"https:\/\/regiaonews.net.br\/2022\/","name":"Regi\u00e3o News","description":"Site de Not\u00edcias de Barretos e regi\u00e3o","publisher":{"@id":"https:\/\/regiaonews.net.br\/2022\/#organization"},"potentialAction":[{"@type":"SearchAction","target":{"@type":"EntryPoint","urlTemplate":"https:\/\/regiaonews.net.br\/2022\/?s={search_term_string}"},"query-input":{"@type":"PropertyValueSpecification","valueRequired":true,"valueName":"search_term_string"}}],"inLanguage":"pt-BR"},{"@type":"Organization","@id":"https:\/\/regiaonews.net.br\/2022\/#organization","name":"Regi\u00e3o News","url":"https:\/\/regiaonews.net.br\/2022\/","logo":{"@type":"ImageObject","inLanguage":"pt-BR","@id":"https:\/\/regiaonews.net.br\/2022\/#\/schema\/logo\/image\/","url":"https:\/\/regiaonews.net.br\/2022\/wp-content\/uploads\/2026\/03\/regiao-13-anos-scaled.jpg","contentUrl":"https:\/\/regiaonews.net.br\/2022\/wp-content\/uploads\/2026\/03\/regiao-13-anos-scaled.jpg","width":2560,"height":635,"caption":"Regi\u00e3o News"},"image":{"@id":"https:\/\/regiaonews.net.br\/2022\/#\/schema\/logo\/image\/"}},{"@type":"Person","@id":"https:\/\/regiaonews.net.br\/2022\/#\/schema\/person\/2d205a608a5aa97ac279d7a5e6d89ad8","name":"Roberto","image":{"@type":"ImageObject","inLanguage":"pt-BR","@id":"https:\/\/secure.gravatar.com\/avatar\/42749d8b712ff9d59ca93dc150494e5b55a44134482993f5baeb97e61b7ecc89?s=96&d=mm&r=g","url":"https:\/\/secure.gravatar.com\/avatar\/42749d8b712ff9d59ca93dc150494e5b55a44134482993f5baeb97e61b7ecc89?s=96&d=mm&r=g","contentUrl":"https:\/\/secure.gravatar.com\/avatar\/42749d8b712ff9d59ca93dc150494e5b55a44134482993f5baeb97e61b7ecc89?s=96&d=mm&r=g","caption":"Roberto"},"url":"https:\/\/regiaonews.net.br\/2022\/author\/roberto\/"}]}},"publishpress_future_action":{"enabled":false,"date":"2026-05-04 11:47:19","action":"change-status","newStatus":"draft","terms":[],"taxonomy":"category","extraData":[]},"publishpress_future_workflow_manual_trigger":{"enabledWorkflows":[]},"_links":{"self":[{"href":"https:\/\/regiaonews.net.br\/2022\/wp-json\/wp\/v2\/posts\/47926","targetHints":{"allow":["GET"]}}],"collection":[{"href":"https:\/\/regiaonews.net.br\/2022\/wp-json\/wp\/v2\/posts"}],"about":[{"href":"https:\/\/regiaonews.net.br\/2022\/wp-json\/wp\/v2\/types\/post"}],"author":[{"embeddable":true,"href":"https:\/\/regiaonews.net.br\/2022\/wp-json\/wp\/v2\/users\/2"}],"replies":[{"embeddable":true,"href":"https:\/\/regiaonews.net.br\/2022\/wp-json\/wp\/v2\/comments?post=47926"}],"version-history":[{"count":0,"href":"https:\/\/regiaonews.net.br\/2022\/wp-json\/wp\/v2\/posts\/47926\/revisions"}],"wp:featuredmedia":[{"embeddable":true,"href":"https:\/\/regiaonews.net.br\/2022\/wp-json\/wp\/v2\/media\/47927"}],"wp:attachment":[{"href":"https:\/\/regiaonews.net.br\/2022\/wp-json\/wp\/v2\/media?parent=47926"}],"wp:term":[{"taxonomy":"category","embeddable":true,"href":"https:\/\/regiaonews.net.br\/2022\/wp-json\/wp\/v2\/categories?post=47926"},{"taxonomy":"post_tag","embeddable":true,"href":"https:\/\/regiaonews.net.br\/2022\/wp-json\/wp\/v2\/tags?post=47926"}],"curies":[{"name":"wp","href":"https:\/\/api.w.org\/{rel}","templated":true}]}}