{"id":47908,"date":"2021-06-01T00:13:46","date_gmt":"2021-06-01T03:13:46","guid":{"rendered":"https:\/\/regiaonews.net.br\/2022\/?p=47908"},"modified":"2021-06-01T00:13:46","modified_gmt":"2021-06-01T03:13:46","slug":"prefeita-anuncia-a-abertura-de-10-leitos-de-uti-para-atender-barretenses","status":"publish","type":"post","link":"https:\/\/regiaonews.net.br\/2022\/2021\/06\/01\/prefeita-anuncia-a-abertura-de-10-leitos-de-uti-para-atender-barretenses\/","title":{"rendered":"Prefeita anuncia a abertura de 10 leitos de UTI para atender barretenses"},"content":{"rendered":"<p><a href=\"https:\/\/regiaonews.net.br\/2022\/wp-content\/uploads\/2021\/06\/20210601_000928.jpg\"><img loading=\"lazy\" decoding=\"async\" class=\"alignnone size-medium wp-image-47909\" src=\"https:\/\/regiaonews.net.br\/2022\/wp-content\/uploads\/2021\/06\/20210601_000928-300x190.jpg\" alt=\"\" width=\"300\" height=\"190\" \/><\/a><\/p>\n<p>A prefeita Paula Lemos anunciou na tarde desta segunda-feira, dia 31 de maio, durante coletiva realizada no Ircad Brasil, a abertura de 10 novos leitos de UTI Covid-19 para barretenses na Santa Casa de Miseric\u00f3rdia de Barretos.<br \/>\nEssa abertura ser\u00e1 poss\u00edvel devido ao esfor\u00e7o da atual gest\u00e3o, que pagar\u00e1 por esses leitos com recursos pr\u00f3prios do munic\u00edpio. \u201cEstamos trabalhando pensando nas pessoas. \u00c9 um momento de uni\u00e3o, em que tanto o poder p\u00fablico quanto a popula\u00e7\u00e3o tem que colaborar\u201d, frisou a prefeita.<br \/>\nPara ajudar no custeio desses leitos, a<span data-ogsc=\"rgb(51, 51, 51)\">\u00a0C\u00e2mara vai repassar\u00a0<strong>R$ 900 mil\u00a0<\/strong>para a Prefeitura nos pr\u00f3ximos tr\u00eas meses, sendo o valor mensal de R$<b>\u00a0<\/b><strong>300 mil<\/strong>. \u201cEste foi um acordo entre os 17 vereadores. O importante \u00e9 que estamos falando em abrir novos leitos e todos temos que nos engajar na luta pela vida\u201d, pontuou Paulo Correa, presidente da C\u00e2mara. Participaram tamb\u00e9m os vereadores Juninho Bandeira, Carl\u00e3o do Basquete, Nestor Leonel, Raphael Silv\u00e9rio, Gabriel Uchida e Rodrigo Malaman.<\/span><br \/>\n<span data-ogsc=\"rgb(51, 51, 51)\">Al\u00e9m dos R$ 300 mil mensais, mais de R$ 1 milh\u00e3o em recursos pr\u00f3prios ser\u00e1 investido por m\u00eas na estrutura dos leitos e nos insumos de sa\u00fade, como os medicamentos para o tratamento da Covid-19.<\/span><br \/>\n<span data-ogsc=\"rgb(51, 51, 51)\">Assim, somando o custo dos leitos j\u00e1 existentes na UPA e agora dos novos leitos UTI da Santa Casa, o munic\u00edpio de Barretos arcar\u00e1 com cerca de R$ 1,5 milh\u00e3o por m\u00eas. Ao longo dos pr\u00f3ximos tr\u00eas meses, esse valor deve chegar a R$ 4,5 milh\u00f5es.<\/span><br \/>\n<span data-ogsc=\"rgb(51, 51, 51)\">Durante o encontro no Ircad Brasil tamb\u00e9m foi definido que haver\u00e1 uma for\u00e7a tarefa dos gestores p\u00fablicos e tamb\u00e9m da Funda\u00e7\u00e3o Pio XII para cobrar do Governo Estadual o custeio dos demais leitos na Santa Casa e no Hospital Nossa Senhora.<\/span><\/p>\n","protected":false},"excerpt":{"rendered":"<p>A prefeita Paula Lemos anunciou na tarde desta segunda-feira, dia<\/p>\n","protected":false},"author":2,"featured_media":47909,"comment_status":"open","ping_status":"open","sticky":false,"template":"","format":"standard","meta":{"footnotes":""},"categories":[14,25],"tags":[],"class_list":["post-47908","post","type-post","status-publish","format-standard","has-post-thumbnail","hentry","category-barretos","category-cidades"],"yoast_head":"<!-- This site is optimized with the Yoast SEO plugin v27.4 - https:\/\/yoast.com\/product\/yoast-seo-wordpress\/ -->\n<title>Prefeita anuncia a abertura de 10 leitos de UTI para atender barretenses - Regi\u00e3o News<\/title>\n<meta name=\"robots\" content=\"index, follow, max-snippet:-1, max-image-preview:large, max-video-preview:-1\" \/>\n<link rel=\"canonical\" href=\"https:\/\/regiaonews.net.br\/2022\/2021\/06\/01\/prefeita-anuncia-a-abertura-de-10-leitos-de-uti-para-atender-barretenses\/\" \/>\n<meta property=\"og:locale\" content=\"pt_BR\" \/>\n<meta property=\"og:type\" content=\"article\" \/>\n<meta property=\"og:title\" content=\"Prefeita anuncia a abertura de 10 leitos de UTI para atender barretenses - Regi\u00e3o News\" \/>\n<meta property=\"og:description\" content=\"A prefeita Paula Lemos anunciou na tarde desta segunda-feira, dia\" \/>\n<meta property=\"og:url\" content=\"https:\/\/regiaonews.net.br\/2022\/2021\/06\/01\/prefeita-anuncia-a-abertura-de-10-leitos-de-uti-para-atender-barretenses\/\" \/>\n<meta property=\"og:site_name\" content=\"Regi\u00e3o News\" \/>\n<meta property=\"article:published_time\" content=\"2021-06-01T03:13:46+00:00\" \/>\n<meta property=\"og:image\" content=\"https:\/\/regiaonews.net.br\/2022\/wp-content\/uploads\/2021\/06\/20210601_000928.jpg\" \/>\n\t<meta property=\"og:image:width\" content=\"1067\" \/>\n\t<meta property=\"og:image:height\" content=\"675\" \/>\n\t<meta property=\"og:image:type\" content=\"image\/jpeg\" \/>\n<meta name=\"author\" content=\"Roberto\" \/>\n<meta name=\"twitter:card\" content=\"summary_large_image\" \/>\n<meta name=\"twitter:label1\" content=\"Escrito por\" \/>\n\t<meta name=\"twitter:data1\" content=\"Roberto\" \/>\n\t<meta name=\"twitter:label2\" content=\"Est. tempo de leitura\" \/>\n\t<meta name=\"twitter:data2\" content=\"2 minutos\" \/>\n<script type=\"application\/ld+json\" class=\"yoast-schema-graph\">{\"@context\":\"https:\\\/\\\/schema.org\",\"@graph\":[{\"@type\":\"Article\",\"@id\":\"https:\\\/\\\/regiaonews.net.br\\\/2022\\\/2021\\\/06\\\/01\\\/prefeita-anuncia-a-abertura-de-10-leitos-de-uti-para-atender-barretenses\\\/#article\",\"isPartOf\":{\"@id\":\"https:\\\/\\\/regiaonews.net.br\\\/2022\\\/2021\\\/06\\\/01\\\/prefeita-anuncia-a-abertura-de-10-leitos-de-uti-para-atender-barretenses\\\/\"},\"author\":{\"name\":\"Roberto\",\"@id\":\"https:\\\/\\\/regiaonews.net.br\\\/2022\\\/#\\\/schema\\\/person\\\/2d205a608a5aa97ac279d7a5e6d89ad8\"},\"headline\":\"Prefeita anuncia a abertura de 10 leitos de UTI para atender barretenses\",\"datePublished\":\"2021-06-01T03:13:46+00:00\",\"mainEntityOfPage\":{\"@id\":\"https:\\\/\\\/regiaonews.net.br\\\/2022\\\/2021\\\/06\\\/01\\\/prefeita-anuncia-a-abertura-de-10-leitos-de-uti-para-atender-barretenses\\\/\"},\"wordCount\":316,\"commentCount\":0,\"publisher\":{\"@id\":\"https:\\\/\\\/regiaonews.net.br\\\/2022\\\/#organization\"},\"image\":{\"@id\":\"https:\\\/\\\/regiaonews.net.br\\\/2022\\\/2021\\\/06\\\/01\\\/prefeita-anuncia-a-abertura-de-10-leitos-de-uti-para-atender-barretenses\\\/#primaryimage\"},\"thumbnailUrl\":\"https:\\\/\\\/regiaonews.net.br\\\/2022\\\/wp-content\\\/uploads\\\/2021\\\/06\\\/20210601_000928.jpg\",\"articleSection\":[\"Barretos\",\"Cidades\"],\"inLanguage\":\"pt-BR\",\"potentialAction\":[{\"@type\":\"CommentAction\",\"name\":\"Comment\",\"target\":[\"https:\\\/\\\/regiaonews.net.br\\\/2022\\\/2021\\\/06\\\/01\\\/prefeita-anuncia-a-abertura-de-10-leitos-de-uti-para-atender-barretenses\\\/#respond\"]}]},{\"@type\":\"WebPage\",\"@id\":\"https:\\\/\\\/regiaonews.net.br\\\/2022\\\/2021\\\/06\\\/01\\\/prefeita-anuncia-a-abertura-de-10-leitos-de-uti-para-atender-barretenses\\\/\",\"url\":\"https:\\\/\\\/regiaonews.net.br\\\/2022\\\/2021\\\/06\\\/01\\\/prefeita-anuncia-a-abertura-de-10-leitos-de-uti-para-atender-barretenses\\\/\",\"name\":\"Prefeita anuncia a abertura de 10 leitos de UTI para atender barretenses - Regi\u00e3o News\",\"isPartOf\":{\"@id\":\"https:\\\/\\\/regiaonews.net.br\\\/2022\\\/#website\"},\"primaryImageOfPage\":{\"@id\":\"https:\\\/\\\/regiaonews.net.br\\\/2022\\\/2021\\\/06\\\/01\\\/prefeita-anuncia-a-abertura-de-10-leitos-de-uti-para-atender-barretenses\\\/#primaryimage\"},\"image\":{\"@id\":\"https:\\\/\\\/regiaonews.net.br\\\/2022\\\/2021\\\/06\\\/01\\\/prefeita-anuncia-a-abertura-de-10-leitos-de-uti-para-atender-barretenses\\\/#primaryimage\"},\"thumbnailUrl\":\"https:\\\/\\\/regiaonews.net.br\\\/2022\\\/wp-content\\\/uploads\\\/2021\\\/06\\\/20210601_000928.jpg\",\"datePublished\":\"2021-06-01T03:13:46+00:00\",\"breadcrumb\":{\"@id\":\"https:\\\/\\\/regiaonews.net.br\\\/2022\\\/2021\\\/06\\\/01\\\/prefeita-anuncia-a-abertura-de-10-leitos-de-uti-para-atender-barretenses\\\/#breadcrumb\"},\"inLanguage\":\"pt-BR\",\"potentialAction\":[{\"@type\":\"ReadAction\",\"target\":[\"https:\\\/\\\/regiaonews.net.br\\\/2022\\\/2021\\\/06\\\/01\\\/prefeita-anuncia-a-abertura-de-10-leitos-de-uti-para-atender-barretenses\\\/\"]}]},{\"@type\":\"ImageObject\",\"inLanguage\":\"pt-BR\",\"@id\":\"https:\\\/\\\/regiaonews.net.br\\\/2022\\\/2021\\\/06\\\/01\\\/prefeita-anuncia-a-abertura-de-10-leitos-de-uti-para-atender-barretenses\\\/#primaryimage\",\"url\":\"https:\\\/\\\/regiaonews.net.br\\\/2022\\\/wp-content\\\/uploads\\\/2021\\\/06\\\/20210601_000928.jpg\",\"contentUrl\":\"https:\\\/\\\/regiaonews.net.br\\\/2022\\\/wp-content\\\/uploads\\\/2021\\\/06\\\/20210601_000928.jpg\",\"width\":1067,\"height\":675},{\"@type\":\"BreadcrumbList\",\"@id\":\"https:\\\/\\\/regiaonews.net.br\\\/2022\\\/2021\\\/06\\\/01\\\/prefeita-anuncia-a-abertura-de-10-leitos-de-uti-para-atender-barretenses\\\/#breadcrumb\",\"itemListElement\":[{\"@type\":\"ListItem\",\"position\":1,\"name\":\"In\u00edcio\",\"item\":\"https:\\\/\\\/regiaonews.net.br\\\/2022\\\/\"},{\"@type\":\"ListItem\",\"position\":2,\"name\":\"Prefeita anuncia a abertura de 10 leitos de UTI para atender barretenses\"}]},{\"@type\":\"WebSite\",\"@id\":\"https:\\\/\\\/regiaonews.net.br\\\/2022\\\/#website\",\"url\":\"https:\\\/\\\/regiaonews.net.br\\\/2022\\\/\",\"name\":\"Regi\u00e3o News\",\"description\":\"Site de Not\u00edcias de Barretos e regi\u00e3o\",\"publisher\":{\"@id\":\"https:\\\/\\\/regiaonews.net.br\\\/2022\\\/#organization\"},\"potentialAction\":[{\"@type\":\"SearchAction\",\"target\":{\"@type\":\"EntryPoint\",\"urlTemplate\":\"https:\\\/\\\/regiaonews.net.br\\\/2022\\\/?s={search_term_string}\"},\"query-input\":{\"@type\":\"PropertyValueSpecification\",\"valueRequired\":true,\"valueName\":\"search_term_string\"}}],\"inLanguage\":\"pt-BR\"},{\"@type\":\"Organization\",\"@id\":\"https:\\\/\\\/regiaonews.net.br\\\/2022\\\/#organization\",\"name\":\"Regi\u00e3o News\",\"url\":\"https:\\\/\\\/regiaonews.net.br\\\/2022\\\/\",\"logo\":{\"@type\":\"ImageObject\",\"inLanguage\":\"pt-BR\",\"@id\":\"https:\\\/\\\/regiaonews.net.br\\\/2022\\\/#\\\/schema\\\/logo\\\/image\\\/\",\"url\":\"https:\\\/\\\/regiaonews.net.br\\\/2022\\\/wp-content\\\/uploads\\\/2026\\\/03\\\/regiao-13-anos-scaled.jpg\",\"contentUrl\":\"https:\\\/\\\/regiaonews.net.br\\\/2022\\\/wp-content\\\/uploads\\\/2026\\\/03\\\/regiao-13-anos-scaled.jpg\",\"width\":2560,\"height\":635,\"caption\":\"Regi\u00e3o News\"},\"image\":{\"@id\":\"https:\\\/\\\/regiaonews.net.br\\\/2022\\\/#\\\/schema\\\/logo\\\/image\\\/\"}},{\"@type\":\"Person\",\"@id\":\"https:\\\/\\\/regiaonews.net.br\\\/2022\\\/#\\\/schema\\\/person\\\/2d205a608a5aa97ac279d7a5e6d89ad8\",\"name\":\"Roberto\",\"image\":{\"@type\":\"ImageObject\",\"inLanguage\":\"pt-BR\",\"@id\":\"https:\\\/\\\/secure.gravatar.com\\\/avatar\\\/42749d8b712ff9d59ca93dc150494e5b55a44134482993f5baeb97e61b7ecc89?s=96&d=mm&r=g\",\"url\":\"https:\\\/\\\/secure.gravatar.com\\\/avatar\\\/42749d8b712ff9d59ca93dc150494e5b55a44134482993f5baeb97e61b7ecc89?s=96&d=mm&r=g\",\"contentUrl\":\"https:\\\/\\\/secure.gravatar.com\\\/avatar\\\/42749d8b712ff9d59ca93dc150494e5b55a44134482993f5baeb97e61b7ecc89?s=96&d=mm&r=g\",\"caption\":\"Roberto\"},\"url\":\"https:\\\/\\\/regiaonews.net.br\\\/2022\\\/author\\\/roberto\\\/\"}]}<\/script>\n<!-- \/ Yoast SEO plugin. -->","yoast_head_json":{"title":"Prefeita anuncia a abertura de 10 leitos de UTI para atender barretenses - Regi\u00e3o News","robots":{"index":"index","follow":"follow","max-snippet":"max-snippet:-1","max-image-preview":"max-image-preview:large","max-video-preview":"max-video-preview:-1"},"canonical":"https:\/\/regiaonews.net.br\/2022\/2021\/06\/01\/prefeita-anuncia-a-abertura-de-10-leitos-de-uti-para-atender-barretenses\/","og_locale":"pt_BR","og_type":"article","og_title":"Prefeita anuncia a abertura de 10 leitos de UTI para atender barretenses - Regi\u00e3o News","og_description":"A prefeita Paula Lemos anunciou na tarde desta segunda-feira, dia","og_url":"https:\/\/regiaonews.net.br\/2022\/2021\/06\/01\/prefeita-anuncia-a-abertura-de-10-leitos-de-uti-para-atender-barretenses\/","og_site_name":"Regi\u00e3o News","article_published_time":"2021-06-01T03:13:46+00:00","og_image":[{"width":1067,"height":675,"url":"https:\/\/regiaonews.net.br\/2022\/wp-content\/uploads\/2021\/06\/20210601_000928.jpg","type":"image\/jpeg"}],"author":"Roberto","twitter_card":"summary_large_image","twitter_misc":{"Escrito por":"Roberto","Est. tempo de leitura":"2 minutos"},"schema":{"@context":"https:\/\/schema.org","@graph":[{"@type":"Article","@id":"https:\/\/regiaonews.net.br\/2022\/2021\/06\/01\/prefeita-anuncia-a-abertura-de-10-leitos-de-uti-para-atender-barretenses\/#article","isPartOf":{"@id":"https:\/\/regiaonews.net.br\/2022\/2021\/06\/01\/prefeita-anuncia-a-abertura-de-10-leitos-de-uti-para-atender-barretenses\/"},"author":{"name":"Roberto","@id":"https:\/\/regiaonews.net.br\/2022\/#\/schema\/person\/2d205a608a5aa97ac279d7a5e6d89ad8"},"headline":"Prefeita anuncia a abertura de 10 leitos de UTI para atender barretenses","datePublished":"2021-06-01T03:13:46+00:00","mainEntityOfPage":{"@id":"https:\/\/regiaonews.net.br\/2022\/2021\/06\/01\/prefeita-anuncia-a-abertura-de-10-leitos-de-uti-para-atender-barretenses\/"},"wordCount":316,"commentCount":0,"publisher":{"@id":"https:\/\/regiaonews.net.br\/2022\/#organization"},"image":{"@id":"https:\/\/regiaonews.net.br\/2022\/2021\/06\/01\/prefeita-anuncia-a-abertura-de-10-leitos-de-uti-para-atender-barretenses\/#primaryimage"},"thumbnailUrl":"https:\/\/regiaonews.net.br\/2022\/wp-content\/uploads\/2021\/06\/20210601_000928.jpg","articleSection":["Barretos","Cidades"],"inLanguage":"pt-BR","potentialAction":[{"@type":"CommentAction","name":"Comment","target":["https:\/\/regiaonews.net.br\/2022\/2021\/06\/01\/prefeita-anuncia-a-abertura-de-10-leitos-de-uti-para-atender-barretenses\/#respond"]}]},{"@type":"WebPage","@id":"https:\/\/regiaonews.net.br\/2022\/2021\/06\/01\/prefeita-anuncia-a-abertura-de-10-leitos-de-uti-para-atender-barretenses\/","url":"https:\/\/regiaonews.net.br\/2022\/2021\/06\/01\/prefeita-anuncia-a-abertura-de-10-leitos-de-uti-para-atender-barretenses\/","name":"Prefeita anuncia a abertura de 10 leitos de UTI para atender barretenses - Regi\u00e3o News","isPartOf":{"@id":"https:\/\/regiaonews.net.br\/2022\/#website"},"primaryImageOfPage":{"@id":"https:\/\/regiaonews.net.br\/2022\/2021\/06\/01\/prefeita-anuncia-a-abertura-de-10-leitos-de-uti-para-atender-barretenses\/#primaryimage"},"image":{"@id":"https:\/\/regiaonews.net.br\/2022\/2021\/06\/01\/prefeita-anuncia-a-abertura-de-10-leitos-de-uti-para-atender-barretenses\/#primaryimage"},"thumbnailUrl":"https:\/\/regiaonews.net.br\/2022\/wp-content\/uploads\/2021\/06\/20210601_000928.jpg","datePublished":"2021-06-01T03:13:46+00:00","breadcrumb":{"@id":"https:\/\/regiaonews.net.br\/2022\/2021\/06\/01\/prefeita-anuncia-a-abertura-de-10-leitos-de-uti-para-atender-barretenses\/#breadcrumb"},"inLanguage":"pt-BR","potentialAction":[{"@type":"ReadAction","target":["https:\/\/regiaonews.net.br\/2022\/2021\/06\/01\/prefeita-anuncia-a-abertura-de-10-leitos-de-uti-para-atender-barretenses\/"]}]},{"@type":"ImageObject","inLanguage":"pt-BR","@id":"https:\/\/regiaonews.net.br\/2022\/2021\/06\/01\/prefeita-anuncia-a-abertura-de-10-leitos-de-uti-para-atender-barretenses\/#primaryimage","url":"https:\/\/regiaonews.net.br\/2022\/wp-content\/uploads\/2021\/06\/20210601_000928.jpg","contentUrl":"https:\/\/regiaonews.net.br\/2022\/wp-content\/uploads\/2021\/06\/20210601_000928.jpg","width":1067,"height":675},{"@type":"BreadcrumbList","@id":"https:\/\/regiaonews.net.br\/2022\/2021\/06\/01\/prefeita-anuncia-a-abertura-de-10-leitos-de-uti-para-atender-barretenses\/#breadcrumb","itemListElement":[{"@type":"ListItem","position":1,"name":"In\u00edcio","item":"https:\/\/regiaonews.net.br\/2022\/"},{"@type":"ListItem","position":2,"name":"Prefeita anuncia a abertura de 10 leitos de UTI para atender barretenses"}]},{"@type":"WebSite","@id":"https:\/\/regiaonews.net.br\/2022\/#website","url":"https:\/\/regiaonews.net.br\/2022\/","name":"Regi\u00e3o News","description":"Site de Not\u00edcias de Barretos e regi\u00e3o","publisher":{"@id":"https:\/\/regiaonews.net.br\/2022\/#organization"},"potentialAction":[{"@type":"SearchAction","target":{"@type":"EntryPoint","urlTemplate":"https:\/\/regiaonews.net.br\/2022\/?s={search_term_string}"},"query-input":{"@type":"PropertyValueSpecification","valueRequired":true,"valueName":"search_term_string"}}],"inLanguage":"pt-BR"},{"@type":"Organization","@id":"https:\/\/regiaonews.net.br\/2022\/#organization","name":"Regi\u00e3o News","url":"https:\/\/regiaonews.net.br\/2022\/","logo":{"@type":"ImageObject","inLanguage":"pt-BR","@id":"https:\/\/regiaonews.net.br\/2022\/#\/schema\/logo\/image\/","url":"https:\/\/regiaonews.net.br\/2022\/wp-content\/uploads\/2026\/03\/regiao-13-anos-scaled.jpg","contentUrl":"https:\/\/regiaonews.net.br\/2022\/wp-content\/uploads\/2026\/03\/regiao-13-anos-scaled.jpg","width":2560,"height":635,"caption":"Regi\u00e3o News"},"image":{"@id":"https:\/\/regiaonews.net.br\/2022\/#\/schema\/logo\/image\/"}},{"@type":"Person","@id":"https:\/\/regiaonews.net.br\/2022\/#\/schema\/person\/2d205a608a5aa97ac279d7a5e6d89ad8","name":"Roberto","image":{"@type":"ImageObject","inLanguage":"pt-BR","@id":"https:\/\/secure.gravatar.com\/avatar\/42749d8b712ff9d59ca93dc150494e5b55a44134482993f5baeb97e61b7ecc89?s=96&d=mm&r=g","url":"https:\/\/secure.gravatar.com\/avatar\/42749d8b712ff9d59ca93dc150494e5b55a44134482993f5baeb97e61b7ecc89?s=96&d=mm&r=g","contentUrl":"https:\/\/secure.gravatar.com\/avatar\/42749d8b712ff9d59ca93dc150494e5b55a44134482993f5baeb97e61b7ecc89?s=96&d=mm&r=g","caption":"Roberto"},"url":"https:\/\/regiaonews.net.br\/2022\/author\/roberto\/"}]}},"publishpress_future_action":{"enabled":false,"date":"2026-05-02 02:34:44","action":"change-status","newStatus":"draft","terms":[],"taxonomy":"category","extraData":[]},"publishpress_future_workflow_manual_trigger":{"enabledWorkflows":[]},"_links":{"self":[{"href":"https:\/\/regiaonews.net.br\/2022\/wp-json\/wp\/v2\/posts\/47908","targetHints":{"allow":["GET"]}}],"collection":[{"href":"https:\/\/regiaonews.net.br\/2022\/wp-json\/wp\/v2\/posts"}],"about":[{"href":"https:\/\/regiaonews.net.br\/2022\/wp-json\/wp\/v2\/types\/post"}],"author":[{"embeddable":true,"href":"https:\/\/regiaonews.net.br\/2022\/wp-json\/wp\/v2\/users\/2"}],"replies":[{"embeddable":true,"href":"https:\/\/regiaonews.net.br\/2022\/wp-json\/wp\/v2\/comments?post=47908"}],"version-history":[{"count":0,"href":"https:\/\/regiaonews.net.br\/2022\/wp-json\/wp\/v2\/posts\/47908\/revisions"}],"wp:featuredmedia":[{"embeddable":true,"href":"https:\/\/regiaonews.net.br\/2022\/wp-json\/wp\/v2\/media\/47909"}],"wp:attachment":[{"href":"https:\/\/regiaonews.net.br\/2022\/wp-json\/wp\/v2\/media?parent=47908"}],"wp:term":[{"taxonomy":"category","embeddable":true,"href":"https:\/\/regiaonews.net.br\/2022\/wp-json\/wp\/v2\/categories?post=47908"},{"taxonomy":"post_tag","embeddable":true,"href":"https:\/\/regiaonews.net.br\/2022\/wp-json\/wp\/v2\/tags?post=47908"}],"curies":[{"name":"wp","href":"https:\/\/api.w.org\/{rel}","templated":true}]}}