{"id":47901,"date":"2021-05-31T15:11:45","date_gmt":"2021-05-31T18:11:45","guid":{"rendered":"https:\/\/regiaonews.net.br\/2022\/?p=47901"},"modified":"2021-05-31T15:11:45","modified_gmt":"2021-05-31T18:11:45","slug":"campeao-da-indy-500-pela-4a-vez-castroneves-ja-pensa-na-proxima","status":"publish","type":"post","link":"https:\/\/regiaonews.net.br\/2022\/2021\/05\/31\/campeao-da-indy-500-pela-4a-vez-castroneves-ja-pensa-na-proxima\/","title":{"rendered":"Campe\u00e3o da Indy 500 pela 4\u00aa vez, Castroneves j\u00e1 pensa na pr\u00f3xima"},"content":{"rendered":"<p><a href=\"https:\/\/regiaonews.net.br\/2022\/wp-content\/uploads\/2021\/05\/2021-05-31t141538z_1_lynxnpeh4u0iv_rtroptp_4_esporte-indy-brasil.jpg\"><img loading=\"lazy\" decoding=\"async\" class=\"alignnone size-medium wp-image-47902\" src=\"https:\/\/regiaonews.net.br\/2022\/wp-content\/uploads\/2021\/05\/2021-05-31t141538z_1_lynxnpeh4u0iv_rtroptp_4_esporte-indy-brasil-300x179.jpg\" alt=\"\" width=\"300\" height=\"179\" \/><\/a><\/p>\n<p>O brasileiro H\u00e9lio Castroneves empatou um recorde com sua quarta vit\u00f3ria longamente aguardada nas 500 Milhas de Indian\u00e1polis no domingo (30), e imediatamente come\u00e7ou a cobi\u00e7ar um quinto triunfo hist\u00f3rico.<img decoding=\"async\" src=\"https:\/\/agenciabrasil.ebc.com.br\/ebc.png?id=1411253&amp;o=node\" \/><img decoding=\"async\" src=\"https:\/\/agenciabrasil.ebc.com.br\/ebc.gif?id=1411253&amp;o=node\" \/><\/p>\n<p>Em mais de um s\u00e9culo de corridas no famoso circuito Indianapolis Motor Speedway (IMS), s\u00f3 tr\u00eas pilotos \u2013 A.J. Foyt, Al Unser Sr. e Rick Mears \u2013 venceram a prova quatro vezes. Com a conquista, Castroneves se torna o primeiro n\u00e3o-norte-americano a se unir ao grupo.<\/p>\n<p>As chances de ele integrar o clube exclusivo pareciam incertas no ano passado, quando a poderosa equipe Team Penske, que forneceu os carros das tr\u00eas vit\u00f3rias anteriores de 2001, 2002 e 2009, cortou rela\u00e7\u00f5es com o piloto de 46 anos.<\/p>\n<p>Mas a Meyer Shank Racing acolheu o brasileiro animado, e ele recompensou a equipe pequena com um desempenho equilibrado, assumindo a lideran\u00e7a a duas voltas do final e contendo uma ofensiva do jovem espanhol Alex Palou.<\/p>\n<p>Em uma entrevista na beira da pista ap\u00f3s a vit\u00f3ria, Castroneves deixou claro aos torcedores que h\u00e1 mais pela frente.<\/p>\n<p>&#8220;S\u00f3 corri duas provas neste ano e venci duas. N\u00e3o \u00e9 o fim, \u00e9 o come\u00e7o&#8221;, disse ele, que tamb\u00e9m integrou a equipe vencedora das 24 Horas de Daytona. &#8220;Acho que ainda estou em forma, n\u00e3o acham?&#8221;<\/p>\n<p>Sem uma equipe em tempo integral, o piloto normalmente af\u00e1vel chegou a Indian\u00e1polis ressentido e determinado a provar algo.<\/p>\n<p>&#8220;Eles prometeram um bom carro. (Eu disse) &#8216;s\u00f3 me deem uma chance de lutar e estarei l\u00e1 na frente'&#8221;, contou.<\/p>\n<p>FONTE\u00a0 :\u00a0 Ag\u00eanciaBrasil<\/p>\n","protected":false},"excerpt":{"rendered":"<p>O brasileiro H\u00e9lio Castroneves empatou um recorde com sua quarta<\/p>\n","protected":false},"author":2,"featured_media":47902,"comment_status":"open","ping_status":"open","sticky":false,"template":"","format":"standard","meta":{"footnotes":""},"categories":[31],"tags":[],"class_list":["post-47901","post","type-post","status-publish","format-standard","has-post-thumbnail","hentry","category-internacional"],"yoast_head":"<!-- This site is optimized with the Yoast SEO plugin v27.4 - https:\/\/yoast.com\/product\/yoast-seo-wordpress\/ -->\n<title>Campe\u00e3o da Indy 500 pela 4\u00aa vez, Castroneves j\u00e1 pensa na pr\u00f3xima - Regi\u00e3o News<\/title>\n<meta name=\"robots\" content=\"index, follow, max-snippet:-1, max-image-preview:large, max-video-preview:-1\" \/>\n<link rel=\"canonical\" href=\"https:\/\/regiaonews.net.br\/2022\/2021\/05\/31\/campeao-da-indy-500-pela-4a-vez-castroneves-ja-pensa-na-proxima\/\" \/>\n<meta property=\"og:locale\" content=\"pt_BR\" \/>\n<meta property=\"og:type\" content=\"article\" \/>\n<meta property=\"og:title\" content=\"Campe\u00e3o da Indy 500 pela 4\u00aa vez, Castroneves j\u00e1 pensa na pr\u00f3xima - Regi\u00e3o News\" \/>\n<meta property=\"og:description\" content=\"O brasileiro H\u00e9lio Castroneves empatou um recorde com sua quarta\" \/>\n<meta property=\"og:url\" content=\"https:\/\/regiaonews.net.br\/2022\/2021\/05\/31\/campeao-da-indy-500-pela-4a-vez-castroneves-ja-pensa-na-proxima\/\" \/>\n<meta property=\"og:site_name\" content=\"Regi\u00e3o News\" \/>\n<meta property=\"article:published_time\" content=\"2021-05-31T18:11:45+00:00\" \/>\n<meta property=\"og:image\" content=\"https:\/\/regiaonews.net.br\/2022\/wp-content\/uploads\/2021\/05\/2021-05-31t141538z_1_lynxnpeh4u0iv_rtroptp_4_esporte-indy-brasil.jpg\" \/>\n\t<meta property=\"og:image:width\" content=\"1170\" \/>\n\t<meta property=\"og:image:height\" content=\"700\" \/>\n\t<meta property=\"og:image:type\" content=\"image\/jpeg\" \/>\n<meta name=\"author\" content=\"Roberto\" \/>\n<meta name=\"twitter:card\" content=\"summary_large_image\" \/>\n<meta name=\"twitter:label1\" content=\"Escrito por\" \/>\n\t<meta name=\"twitter:data1\" content=\"Roberto\" \/>\n\t<meta name=\"twitter:label2\" content=\"Est. tempo de leitura\" \/>\n\t<meta name=\"twitter:data2\" content=\"1 minuto\" \/>\n<script type=\"application\/ld+json\" class=\"yoast-schema-graph\">{\"@context\":\"https:\\\/\\\/schema.org\",\"@graph\":[{\"@type\":\"Article\",\"@id\":\"https:\\\/\\\/regiaonews.net.br\\\/2022\\\/2021\\\/05\\\/31\\\/campeao-da-indy-500-pela-4a-vez-castroneves-ja-pensa-na-proxima\\\/#article\",\"isPartOf\":{\"@id\":\"https:\\\/\\\/regiaonews.net.br\\\/2022\\\/2021\\\/05\\\/31\\\/campeao-da-indy-500-pela-4a-vez-castroneves-ja-pensa-na-proxima\\\/\"},\"author\":{\"name\":\"Roberto\",\"@id\":\"https:\\\/\\\/regiaonews.net.br\\\/2022\\\/#\\\/schema\\\/person\\\/2d205a608a5aa97ac279d7a5e6d89ad8\"},\"headline\":\"Campe\u00e3o da Indy 500 pela 4\u00aa vez, Castroneves j\u00e1 pensa na pr\u00f3xima\",\"datePublished\":\"2021-05-31T18:11:45+00:00\",\"mainEntityOfPage\":{\"@id\":\"https:\\\/\\\/regiaonews.net.br\\\/2022\\\/2021\\\/05\\\/31\\\/campeao-da-indy-500-pela-4a-vez-castroneves-ja-pensa-na-proxima\\\/\"},\"wordCount\":274,\"commentCount\":0,\"publisher\":{\"@id\":\"https:\\\/\\\/regiaonews.net.br\\\/2022\\\/#organization\"},\"image\":{\"@id\":\"https:\\\/\\\/regiaonews.net.br\\\/2022\\\/2021\\\/05\\\/31\\\/campeao-da-indy-500-pela-4a-vez-castroneves-ja-pensa-na-proxima\\\/#primaryimage\"},\"thumbnailUrl\":\"https:\\\/\\\/regiaonews.net.br\\\/2022\\\/wp-content\\\/uploads\\\/2021\\\/05\\\/2021-05-31t141538z_1_lynxnpeh4u0iv_rtroptp_4_esporte-indy-brasil.jpg\",\"articleSection\":[\"Internacional\"],\"inLanguage\":\"pt-BR\",\"potentialAction\":[{\"@type\":\"CommentAction\",\"name\":\"Comment\",\"target\":[\"https:\\\/\\\/regiaonews.net.br\\\/2022\\\/2021\\\/05\\\/31\\\/campeao-da-indy-500-pela-4a-vez-castroneves-ja-pensa-na-proxima\\\/#respond\"]}]},{\"@type\":\"WebPage\",\"@id\":\"https:\\\/\\\/regiaonews.net.br\\\/2022\\\/2021\\\/05\\\/31\\\/campeao-da-indy-500-pela-4a-vez-castroneves-ja-pensa-na-proxima\\\/\",\"url\":\"https:\\\/\\\/regiaonews.net.br\\\/2022\\\/2021\\\/05\\\/31\\\/campeao-da-indy-500-pela-4a-vez-castroneves-ja-pensa-na-proxima\\\/\",\"name\":\"Campe\u00e3o da Indy 500 pela 4\u00aa vez, Castroneves j\u00e1 pensa na pr\u00f3xima - Regi\u00e3o News\",\"isPartOf\":{\"@id\":\"https:\\\/\\\/regiaonews.net.br\\\/2022\\\/#website\"},\"primaryImageOfPage\":{\"@id\":\"https:\\\/\\\/regiaonews.net.br\\\/2022\\\/2021\\\/05\\\/31\\\/campeao-da-indy-500-pela-4a-vez-castroneves-ja-pensa-na-proxima\\\/#primaryimage\"},\"image\":{\"@id\":\"https:\\\/\\\/regiaonews.net.br\\\/2022\\\/2021\\\/05\\\/31\\\/campeao-da-indy-500-pela-4a-vez-castroneves-ja-pensa-na-proxima\\\/#primaryimage\"},\"thumbnailUrl\":\"https:\\\/\\\/regiaonews.net.br\\\/2022\\\/wp-content\\\/uploads\\\/2021\\\/05\\\/2021-05-31t141538z_1_lynxnpeh4u0iv_rtroptp_4_esporte-indy-brasil.jpg\",\"datePublished\":\"2021-05-31T18:11:45+00:00\",\"breadcrumb\":{\"@id\":\"https:\\\/\\\/regiaonews.net.br\\\/2022\\\/2021\\\/05\\\/31\\\/campeao-da-indy-500-pela-4a-vez-castroneves-ja-pensa-na-proxima\\\/#breadcrumb\"},\"inLanguage\":\"pt-BR\",\"potentialAction\":[{\"@type\":\"ReadAction\",\"target\":[\"https:\\\/\\\/regiaonews.net.br\\\/2022\\\/2021\\\/05\\\/31\\\/campeao-da-indy-500-pela-4a-vez-castroneves-ja-pensa-na-proxima\\\/\"]}]},{\"@type\":\"ImageObject\",\"inLanguage\":\"pt-BR\",\"@id\":\"https:\\\/\\\/regiaonews.net.br\\\/2022\\\/2021\\\/05\\\/31\\\/campeao-da-indy-500-pela-4a-vez-castroneves-ja-pensa-na-proxima\\\/#primaryimage\",\"url\":\"https:\\\/\\\/regiaonews.net.br\\\/2022\\\/wp-content\\\/uploads\\\/2021\\\/05\\\/2021-05-31t141538z_1_lynxnpeh4u0iv_rtroptp_4_esporte-indy-brasil.jpg\",\"contentUrl\":\"https:\\\/\\\/regiaonews.net.br\\\/2022\\\/wp-content\\\/uploads\\\/2021\\\/05\\\/2021-05-31t141538z_1_lynxnpeh4u0iv_rtroptp_4_esporte-indy-brasil.jpg\",\"width\":1170,\"height\":700},{\"@type\":\"BreadcrumbList\",\"@id\":\"https:\\\/\\\/regiaonews.net.br\\\/2022\\\/2021\\\/05\\\/31\\\/campeao-da-indy-500-pela-4a-vez-castroneves-ja-pensa-na-proxima\\\/#breadcrumb\",\"itemListElement\":[{\"@type\":\"ListItem\",\"position\":1,\"name\":\"In\u00edcio\",\"item\":\"https:\\\/\\\/regiaonews.net.br\\\/2022\\\/\"},{\"@type\":\"ListItem\",\"position\":2,\"name\":\"Campe\u00e3o da Indy 500 pela 4\u00aa vez, Castroneves j\u00e1 pensa na pr\u00f3xima\"}]},{\"@type\":\"WebSite\",\"@id\":\"https:\\\/\\\/regiaonews.net.br\\\/2022\\\/#website\",\"url\":\"https:\\\/\\\/regiaonews.net.br\\\/2022\\\/\",\"name\":\"Regi\u00e3o News\",\"description\":\"Site de Not\u00edcias de Barretos e regi\u00e3o\",\"publisher\":{\"@id\":\"https:\\\/\\\/regiaonews.net.br\\\/2022\\\/#organization\"},\"potentialAction\":[{\"@type\":\"SearchAction\",\"target\":{\"@type\":\"EntryPoint\",\"urlTemplate\":\"https:\\\/\\\/regiaonews.net.br\\\/2022\\\/?s={search_term_string}\"},\"query-input\":{\"@type\":\"PropertyValueSpecification\",\"valueRequired\":true,\"valueName\":\"search_term_string\"}}],\"inLanguage\":\"pt-BR\"},{\"@type\":\"Organization\",\"@id\":\"https:\\\/\\\/regiaonews.net.br\\\/2022\\\/#organization\",\"name\":\"Regi\u00e3o News\",\"url\":\"https:\\\/\\\/regiaonews.net.br\\\/2022\\\/\",\"logo\":{\"@type\":\"ImageObject\",\"inLanguage\":\"pt-BR\",\"@id\":\"https:\\\/\\\/regiaonews.net.br\\\/2022\\\/#\\\/schema\\\/logo\\\/image\\\/\",\"url\":\"https:\\\/\\\/regiaonews.net.br\\\/2022\\\/wp-content\\\/uploads\\\/2026\\\/03\\\/regiao-13-anos-scaled.jpg\",\"contentUrl\":\"https:\\\/\\\/regiaonews.net.br\\\/2022\\\/wp-content\\\/uploads\\\/2026\\\/03\\\/regiao-13-anos-scaled.jpg\",\"width\":2560,\"height\":635,\"caption\":\"Regi\u00e3o News\"},\"image\":{\"@id\":\"https:\\\/\\\/regiaonews.net.br\\\/2022\\\/#\\\/schema\\\/logo\\\/image\\\/\"}},{\"@type\":\"Person\",\"@id\":\"https:\\\/\\\/regiaonews.net.br\\\/2022\\\/#\\\/schema\\\/person\\\/2d205a608a5aa97ac279d7a5e6d89ad8\",\"name\":\"Roberto\",\"image\":{\"@type\":\"ImageObject\",\"inLanguage\":\"pt-BR\",\"@id\":\"https:\\\/\\\/secure.gravatar.com\\\/avatar\\\/42749d8b712ff9d59ca93dc150494e5b55a44134482993f5baeb97e61b7ecc89?s=96&d=mm&r=g\",\"url\":\"https:\\\/\\\/secure.gravatar.com\\\/avatar\\\/42749d8b712ff9d59ca93dc150494e5b55a44134482993f5baeb97e61b7ecc89?s=96&d=mm&r=g\",\"contentUrl\":\"https:\\\/\\\/secure.gravatar.com\\\/avatar\\\/42749d8b712ff9d59ca93dc150494e5b55a44134482993f5baeb97e61b7ecc89?s=96&d=mm&r=g\",\"caption\":\"Roberto\"},\"url\":\"https:\\\/\\\/regiaonews.net.br\\\/2022\\\/author\\\/roberto\\\/\"}]}<\/script>\n<!-- \/ Yoast SEO plugin. -->","yoast_head_json":{"title":"Campe\u00e3o da Indy 500 pela 4\u00aa vez, Castroneves j\u00e1 pensa na pr\u00f3xima - Regi\u00e3o News","robots":{"index":"index","follow":"follow","max-snippet":"max-snippet:-1","max-image-preview":"max-image-preview:large","max-video-preview":"max-video-preview:-1"},"canonical":"https:\/\/regiaonews.net.br\/2022\/2021\/05\/31\/campeao-da-indy-500-pela-4a-vez-castroneves-ja-pensa-na-proxima\/","og_locale":"pt_BR","og_type":"article","og_title":"Campe\u00e3o da Indy 500 pela 4\u00aa vez, Castroneves j\u00e1 pensa na pr\u00f3xima - Regi\u00e3o News","og_description":"O brasileiro H\u00e9lio Castroneves empatou um recorde com sua quarta","og_url":"https:\/\/regiaonews.net.br\/2022\/2021\/05\/31\/campeao-da-indy-500-pela-4a-vez-castroneves-ja-pensa-na-proxima\/","og_site_name":"Regi\u00e3o News","article_published_time":"2021-05-31T18:11:45+00:00","og_image":[{"width":1170,"height":700,"url":"https:\/\/regiaonews.net.br\/2022\/wp-content\/uploads\/2021\/05\/2021-05-31t141538z_1_lynxnpeh4u0iv_rtroptp_4_esporte-indy-brasil.jpg","type":"image\/jpeg"}],"author":"Roberto","twitter_card":"summary_large_image","twitter_misc":{"Escrito por":"Roberto","Est. tempo de leitura":"1 minuto"},"schema":{"@context":"https:\/\/schema.org","@graph":[{"@type":"Article","@id":"https:\/\/regiaonews.net.br\/2022\/2021\/05\/31\/campeao-da-indy-500-pela-4a-vez-castroneves-ja-pensa-na-proxima\/#article","isPartOf":{"@id":"https:\/\/regiaonews.net.br\/2022\/2021\/05\/31\/campeao-da-indy-500-pela-4a-vez-castroneves-ja-pensa-na-proxima\/"},"author":{"name":"Roberto","@id":"https:\/\/regiaonews.net.br\/2022\/#\/schema\/person\/2d205a608a5aa97ac279d7a5e6d89ad8"},"headline":"Campe\u00e3o da Indy 500 pela 4\u00aa vez, Castroneves j\u00e1 pensa na pr\u00f3xima","datePublished":"2021-05-31T18:11:45+00:00","mainEntityOfPage":{"@id":"https:\/\/regiaonews.net.br\/2022\/2021\/05\/31\/campeao-da-indy-500-pela-4a-vez-castroneves-ja-pensa-na-proxima\/"},"wordCount":274,"commentCount":0,"publisher":{"@id":"https:\/\/regiaonews.net.br\/2022\/#organization"},"image":{"@id":"https:\/\/regiaonews.net.br\/2022\/2021\/05\/31\/campeao-da-indy-500-pela-4a-vez-castroneves-ja-pensa-na-proxima\/#primaryimage"},"thumbnailUrl":"https:\/\/regiaonews.net.br\/2022\/wp-content\/uploads\/2021\/05\/2021-05-31t141538z_1_lynxnpeh4u0iv_rtroptp_4_esporte-indy-brasil.jpg","articleSection":["Internacional"],"inLanguage":"pt-BR","potentialAction":[{"@type":"CommentAction","name":"Comment","target":["https:\/\/regiaonews.net.br\/2022\/2021\/05\/31\/campeao-da-indy-500-pela-4a-vez-castroneves-ja-pensa-na-proxima\/#respond"]}]},{"@type":"WebPage","@id":"https:\/\/regiaonews.net.br\/2022\/2021\/05\/31\/campeao-da-indy-500-pela-4a-vez-castroneves-ja-pensa-na-proxima\/","url":"https:\/\/regiaonews.net.br\/2022\/2021\/05\/31\/campeao-da-indy-500-pela-4a-vez-castroneves-ja-pensa-na-proxima\/","name":"Campe\u00e3o da Indy 500 pela 4\u00aa vez, Castroneves j\u00e1 pensa na pr\u00f3xima - Regi\u00e3o News","isPartOf":{"@id":"https:\/\/regiaonews.net.br\/2022\/#website"},"primaryImageOfPage":{"@id":"https:\/\/regiaonews.net.br\/2022\/2021\/05\/31\/campeao-da-indy-500-pela-4a-vez-castroneves-ja-pensa-na-proxima\/#primaryimage"},"image":{"@id":"https:\/\/regiaonews.net.br\/2022\/2021\/05\/31\/campeao-da-indy-500-pela-4a-vez-castroneves-ja-pensa-na-proxima\/#primaryimage"},"thumbnailUrl":"https:\/\/regiaonews.net.br\/2022\/wp-content\/uploads\/2021\/05\/2021-05-31t141538z_1_lynxnpeh4u0iv_rtroptp_4_esporte-indy-brasil.jpg","datePublished":"2021-05-31T18:11:45+00:00","breadcrumb":{"@id":"https:\/\/regiaonews.net.br\/2022\/2021\/05\/31\/campeao-da-indy-500-pela-4a-vez-castroneves-ja-pensa-na-proxima\/#breadcrumb"},"inLanguage":"pt-BR","potentialAction":[{"@type":"ReadAction","target":["https:\/\/regiaonews.net.br\/2022\/2021\/05\/31\/campeao-da-indy-500-pela-4a-vez-castroneves-ja-pensa-na-proxima\/"]}]},{"@type":"ImageObject","inLanguage":"pt-BR","@id":"https:\/\/regiaonews.net.br\/2022\/2021\/05\/31\/campeao-da-indy-500-pela-4a-vez-castroneves-ja-pensa-na-proxima\/#primaryimage","url":"https:\/\/regiaonews.net.br\/2022\/wp-content\/uploads\/2021\/05\/2021-05-31t141538z_1_lynxnpeh4u0iv_rtroptp_4_esporte-indy-brasil.jpg","contentUrl":"https:\/\/regiaonews.net.br\/2022\/wp-content\/uploads\/2021\/05\/2021-05-31t141538z_1_lynxnpeh4u0iv_rtroptp_4_esporte-indy-brasil.jpg","width":1170,"height":700},{"@type":"BreadcrumbList","@id":"https:\/\/regiaonews.net.br\/2022\/2021\/05\/31\/campeao-da-indy-500-pela-4a-vez-castroneves-ja-pensa-na-proxima\/#breadcrumb","itemListElement":[{"@type":"ListItem","position":1,"name":"In\u00edcio","item":"https:\/\/regiaonews.net.br\/2022\/"},{"@type":"ListItem","position":2,"name":"Campe\u00e3o da Indy 500 pela 4\u00aa vez, Castroneves j\u00e1 pensa na pr\u00f3xima"}]},{"@type":"WebSite","@id":"https:\/\/regiaonews.net.br\/2022\/#website","url":"https:\/\/regiaonews.net.br\/2022\/","name":"Regi\u00e3o News","description":"Site de Not\u00edcias de Barretos e regi\u00e3o","publisher":{"@id":"https:\/\/regiaonews.net.br\/2022\/#organization"},"potentialAction":[{"@type":"SearchAction","target":{"@type":"EntryPoint","urlTemplate":"https:\/\/regiaonews.net.br\/2022\/?s={search_term_string}"},"query-input":{"@type":"PropertyValueSpecification","valueRequired":true,"valueName":"search_term_string"}}],"inLanguage":"pt-BR"},{"@type":"Organization","@id":"https:\/\/regiaonews.net.br\/2022\/#organization","name":"Regi\u00e3o News","url":"https:\/\/regiaonews.net.br\/2022\/","logo":{"@type":"ImageObject","inLanguage":"pt-BR","@id":"https:\/\/regiaonews.net.br\/2022\/#\/schema\/logo\/image\/","url":"https:\/\/regiaonews.net.br\/2022\/wp-content\/uploads\/2026\/03\/regiao-13-anos-scaled.jpg","contentUrl":"https:\/\/regiaonews.net.br\/2022\/wp-content\/uploads\/2026\/03\/regiao-13-anos-scaled.jpg","width":2560,"height":635,"caption":"Regi\u00e3o News"},"image":{"@id":"https:\/\/regiaonews.net.br\/2022\/#\/schema\/logo\/image\/"}},{"@type":"Person","@id":"https:\/\/regiaonews.net.br\/2022\/#\/schema\/person\/2d205a608a5aa97ac279d7a5e6d89ad8","name":"Roberto","image":{"@type":"ImageObject","inLanguage":"pt-BR","@id":"https:\/\/secure.gravatar.com\/avatar\/42749d8b712ff9d59ca93dc150494e5b55a44134482993f5baeb97e61b7ecc89?s=96&d=mm&r=g","url":"https:\/\/secure.gravatar.com\/avatar\/42749d8b712ff9d59ca93dc150494e5b55a44134482993f5baeb97e61b7ecc89?s=96&d=mm&r=g","contentUrl":"https:\/\/secure.gravatar.com\/avatar\/42749d8b712ff9d59ca93dc150494e5b55a44134482993f5baeb97e61b7ecc89?s=96&d=mm&r=g","caption":"Roberto"},"url":"https:\/\/regiaonews.net.br\/2022\/author\/roberto\/"}]}},"publishpress_future_action":{"enabled":false,"date":"2026-05-02 02:34:45","action":"change-status","newStatus":"draft","terms":[],"taxonomy":"category","extraData":[]},"publishpress_future_workflow_manual_trigger":{"enabledWorkflows":[]},"_links":{"self":[{"href":"https:\/\/regiaonews.net.br\/2022\/wp-json\/wp\/v2\/posts\/47901","targetHints":{"allow":["GET"]}}],"collection":[{"href":"https:\/\/regiaonews.net.br\/2022\/wp-json\/wp\/v2\/posts"}],"about":[{"href":"https:\/\/regiaonews.net.br\/2022\/wp-json\/wp\/v2\/types\/post"}],"author":[{"embeddable":true,"href":"https:\/\/regiaonews.net.br\/2022\/wp-json\/wp\/v2\/users\/2"}],"replies":[{"embeddable":true,"href":"https:\/\/regiaonews.net.br\/2022\/wp-json\/wp\/v2\/comments?post=47901"}],"version-history":[{"count":0,"href":"https:\/\/regiaonews.net.br\/2022\/wp-json\/wp\/v2\/posts\/47901\/revisions"}],"wp:featuredmedia":[{"embeddable":true,"href":"https:\/\/regiaonews.net.br\/2022\/wp-json\/wp\/v2\/media\/47902"}],"wp:attachment":[{"href":"https:\/\/regiaonews.net.br\/2022\/wp-json\/wp\/v2\/media?parent=47901"}],"wp:term":[{"taxonomy":"category","embeddable":true,"href":"https:\/\/regiaonews.net.br\/2022\/wp-json\/wp\/v2\/categories?post=47901"},{"taxonomy":"post_tag","embeddable":true,"href":"https:\/\/regiaonews.net.br\/2022\/wp-json\/wp\/v2\/tags?post=47901"}],"curies":[{"name":"wp","href":"https:\/\/api.w.org\/{rel}","templated":true}]}}