{"id":47864,"date":"2021-05-30T13:43:46","date_gmt":"2021-05-30T16:43:46","guid":{"rendered":"https:\/\/regiaonews.net.br\/2022\/?p=47864"},"modified":"2021-05-30T13:43:46","modified_gmt":"2021-05-30T16:43:46","slug":"prefeitura-de-colina-entrega-obras-de-reforma-ampliacao-e-modernizacao-na-central-municipal-de-alimentacao","status":"publish","type":"post","link":"https:\/\/regiaonews.net.br\/2022\/2021\/05\/30\/prefeitura-de-colina-entrega-obras-de-reforma-ampliacao-e-modernizacao-na-central-municipal-de-alimentacao\/","title":{"rendered":"Prefeitura de Colina entrega obras de reforma, amplia\u00e7\u00e3o e moderniza\u00e7\u00e3o na Central Municipal de Alimenta\u00e7\u00e3o"},"content":{"rendered":"<p><a href=\"https:\/\/regiaonews.net.br\/2022\/wp-content\/uploads\/2021\/05\/m_62_9_7_26052021173627.jpg\"><img loading=\"lazy\" decoding=\"async\" class=\"alignnone size-medium wp-image-47865\" src=\"https:\/\/regiaonews.net.br\/2022\/wp-content\/uploads\/2021\/05\/m_62_9_7_26052021173627-300x199.jpg\" alt=\"\" width=\"300\" height=\"199\" \/><\/a><\/p>\n<header class=\"post-header\">\n<p class=\"post-description\">No s\u00e1bado, dia 22,\u00a0 a Prefeitura Municipal de Colina, por meio da Secretaria Municipal de Educa\u00e7\u00e3o e Cultura realizou a <em>live\u00a0<\/em>inaugural para a entrega das obras executadas na Central Municipal de Alimenta\u00e7\u00e3o \u201cEngenheira de Alimentos Katia Tornelli\u201d \u2013 Cozinha Piloto, que est\u00e1 totalmente reformada, ampliada e modernizada.<\/p>\n<\/header>\n<div class=\"post-content\">\n<article class=\"post-text\">A Central Municipal de Alimenta\u00e7\u00e3o recebeu obras de reforma em 411,27m\u00b2 e foi ampliada em 114,41m\u00b2, para proporcionar aos funcion\u00e1rios melhores condi\u00e7\u00f5es de trabalho e garantir a continuidade da oferta de uma merenda escolar de qualidade e saud\u00e1vel para as crian\u00e7as e jovens das Redes Municipal, Estadual e Filantr\u00f3pica (APAE) de Ensino do munic\u00edpio.<\/p>\n<p>Visando evitar aglomera\u00e7\u00f5es em raz\u00e3o da pandemia do novo Coronavirus \u2013 COVID-19, a cerim\u00f4nia de inaugura\u00e7\u00e3o ocorreu de forma online, no formato\u00a0<em>\u201clive\u201d<\/em>, sendo transmitida pelas redes sociais da Prefeitura para que os moradores pudessem acompanhar e conhecer os novos ambientes da Central Municipal de Alimenta\u00e7\u00e3o.<\/p>\n<p>A Prof\u00aa. Elizabete Milani Neme, respons\u00e1vel pelo expediente da Secretaria Municipal de Educa\u00e7\u00e3o e Cultura parabenizou a Administra\u00e7\u00e3o Municipal pela entrega de mais um benef\u00edcio \u00e0 sociedade colinense: a amplia\u00e7\u00e3o,\u00a0 reforma e moderniza\u00e7\u00e3o da Central Municipal de Alimenta\u00e7\u00e3o \u201cEngenheira de Alimentos Katia Tornelli\u201d, que vai beneficiar os alunos da Rede Municipal de Ensino, da Escola Estadual \u201cProf. Darcy Silveira Vaz\u201d e da APAE.<\/p>\n<p>A Prof\u00aa Bete Neme agradeceu o trabalho volunt\u00e1rio de acompanhamento e fiscaliza\u00e7\u00e3o do Conselho Municipal de Alimenta\u00e7\u00e3o, o CAE de Colina, representando pelo seu Presidente Jos\u00e9 C\u00e2ndido da Silva, e tamb\u00e9m parabenizou a Engenheira de Alimentos, Beatriz Abdalla, respons\u00e1vel pela Central de Alimenta\u00e7\u00e3o e toda a sua equipe. \u201cAqui s\u00e3o produzidas diariamente mais de 8 mil refei\u00e7\u00f5es. Um trabalho muito s\u00e9rio, seguro e profissional. Uma equipe maravilhosa! A Central Municipal de Alimenta\u00e7\u00e3o tinha uma capacidade de operar com tr\u00eas caldeiras. A partir das melhorias, passamos a operar com seis caldeiras e mais tr\u00eas de reserva, totalizando nove caldeiras; tamb\u00e9m a padaria, possu\u00eda apenas um forno antigo e agora tem um dois fornos modernos, que com 15 minutos produzem\u00a0 o dobro da capacidade de p\u00e3es. \u00c9 uma obra f\u00edsica-estrutural, mas tamb\u00e9m de moderniza\u00e7\u00e3o dos equipamentos, melhorando cada vez mais a presta\u00e7\u00e3o de servi\u00e7os\u201d.<\/p>\n<p>Durante seu pronunciamento, o Prefeito Municipal de Colina, Dieb Taha ressaltou a import\u00e2ncia do trabalho desenvolvido na Central Municipal de Alimenta\u00e7\u00e3o, onde s\u00e3o produzidas cerca de 8.200 refei\u00e7\u00f5es di\u00e1rias da merenda escolar para os alunos das Redes Municipal, Estadual e Filantr\u00f3pica (APAE) de Ensino, atendendo \u00e0s normas de higiene, nutri\u00e7\u00e3o e conserva\u00e7\u00e3o dos alimentos.<\/p>\n<p>\u201cA Central Municipal de Alimenta\u00e7\u00e3o de Colina \u00e9 refer\u00eancia, uma cozinha modelo. Em Colina os investimentos n\u00e3o param. Temos Plano de Governo, responsabilidade e prioridades. Colina crescendo, recebendo mais alunos e, com isso, necessitamos de investir. Reformas, amplia\u00e7\u00f5es das escolas e tamb\u00e9m os AVCB \u2013 Sistemas de Combate \u00e0 Inc\u00eandio. Investimentos com recursos pr\u00f3prios da Prefeitura Municipal. Mesmo em pandemia, no ano passado, distribu\u00edmos mais de 17 mil kits de alimentos para os alunos da Rede Municipal e da APAE. Este ano, em ensino h\u00edbrido e os alunos recebendo alimenta\u00e7\u00e3o na escola, entregamos mais 2.800 kits de alimentos neste m\u00eas de maio e j\u00e1 temos uma nova entrega programada para junho. At\u00e9 o momento, j\u00e1 entregamos mais de 300 toneladas de alimentos para os alunos da Rede Municipal e APAE, que significa um investimento de mais de R$ 1 milh\u00e3o e 220 mil reais\u201d, destacou o Prefeito Dieb.<\/p>\n<p>\u201cMe recordo como se fosse hoje, quando foi inaugurada a Central de Alimentos. A Katia Tornelli foi a precursora desse trabalho. Quero mandar um especial abra\u00e7o para a fam\u00edlia da Engenheira de Alimentos Katia Tornelli, que \u00e9 a patronesse da Cozinha Piloto, e que iniciou o trabalho. Essa homenagem \u00e9 muito merecida\u201d, conclui o Prefeito Dieb.<\/p>\n<p><strong>Texto &#8211; Assessoria de imprensa Colina\u00a0<\/strong><\/p>\n<p>&nbsp;<\/p>\n<\/article>\n<\/div>\n","protected":false},"excerpt":{"rendered":"<p>No s\u00e1bado, dia 22,\u00a0 a Prefeitura Municipal de Colina, por<\/p>\n","protected":false},"author":2,"featured_media":47865,"comment_status":"open","ping_status":"open","sticky":false,"template":"","format":"standard","meta":{"footnotes":""},"categories":[25,5,22],"tags":[],"class_list":["post-47864","post","type-post","status-publish","format-standard","has-post-thumbnail","hentry","category-cidades","category-colina","category-politica"],"yoast_head":"<!-- This site is optimized with the Yoast SEO plugin v27.4 - https:\/\/yoast.com\/product\/yoast-seo-wordpress\/ -->\n<title>Prefeitura de Colina entrega obras de reforma, amplia\u00e7\u00e3o e moderniza\u00e7\u00e3o na Central Municipal de Alimenta\u00e7\u00e3o - Regi\u00e3o News<\/title>\n<meta name=\"robots\" content=\"index, follow, max-snippet:-1, max-image-preview:large, max-video-preview:-1\" \/>\n<link rel=\"canonical\" href=\"https:\/\/regiaonews.net.br\/2022\/2021\/05\/30\/prefeitura-de-colina-entrega-obras-de-reforma-ampliacao-e-modernizacao-na-central-municipal-de-alimentacao\/\" \/>\n<meta property=\"og:locale\" content=\"pt_BR\" \/>\n<meta property=\"og:type\" content=\"article\" \/>\n<meta property=\"og:title\" content=\"Prefeitura de Colina entrega obras de reforma, amplia\u00e7\u00e3o e moderniza\u00e7\u00e3o na Central Municipal de Alimenta\u00e7\u00e3o - Regi\u00e3o News\" \/>\n<meta property=\"og:description\" content=\"No s\u00e1bado, dia 22,\u00a0 a Prefeitura Municipal de Colina, por\" \/>\n<meta property=\"og:url\" content=\"https:\/\/regiaonews.net.br\/2022\/2021\/05\/30\/prefeitura-de-colina-entrega-obras-de-reforma-ampliacao-e-modernizacao-na-central-municipal-de-alimentacao\/\" \/>\n<meta property=\"og:site_name\" content=\"Regi\u00e3o News\" \/>\n<meta property=\"article:published_time\" content=\"2021-05-30T16:43:46+00:00\" \/>\n<meta property=\"og:image\" content=\"https:\/\/regiaonews.net.br\/2022\/wp-content\/uploads\/2021\/05\/m_62_9_7_26052021173627.jpg\" \/>\n\t<meta property=\"og:image:width\" content=\"1280\" \/>\n\t<meta property=\"og:image:height\" content=\"847\" \/>\n\t<meta property=\"og:image:type\" content=\"image\/jpeg\" \/>\n<meta name=\"author\" content=\"Roberto\" \/>\n<meta name=\"twitter:card\" content=\"summary_large_image\" \/>\n<meta name=\"twitter:label1\" content=\"Escrito por\" \/>\n\t<meta name=\"twitter:data1\" content=\"Roberto\" \/>\n\t<meta name=\"twitter:label2\" content=\"Est. tempo de leitura\" \/>\n\t<meta name=\"twitter:data2\" content=\"3 minutos\" \/>\n<script type=\"application\/ld+json\" class=\"yoast-schema-graph\">{\"@context\":\"https:\\\/\\\/schema.org\",\"@graph\":[{\"@type\":\"Article\",\"@id\":\"https:\\\/\\\/regiaonews.net.br\\\/2022\\\/2021\\\/05\\\/30\\\/prefeitura-de-colina-entrega-obras-de-reforma-ampliacao-e-modernizacao-na-central-municipal-de-alimentacao\\\/#article\",\"isPartOf\":{\"@id\":\"https:\\\/\\\/regiaonews.net.br\\\/2022\\\/2021\\\/05\\\/30\\\/prefeitura-de-colina-entrega-obras-de-reforma-ampliacao-e-modernizacao-na-central-municipal-de-alimentacao\\\/\"},\"author\":{\"name\":\"Roberto\",\"@id\":\"https:\\\/\\\/regiaonews.net.br\\\/2022\\\/#\\\/schema\\\/person\\\/2d205a608a5aa97ac279d7a5e6d89ad8\"},\"headline\":\"Prefeitura de Colina entrega obras de reforma, amplia\u00e7\u00e3o e moderniza\u00e7\u00e3o na Central Municipal de Alimenta\u00e7\u00e3o\",\"datePublished\":\"2021-05-30T16:43:46+00:00\",\"mainEntityOfPage\":{\"@id\":\"https:\\\/\\\/regiaonews.net.br\\\/2022\\\/2021\\\/05\\\/30\\\/prefeitura-de-colina-entrega-obras-de-reforma-ampliacao-e-modernizacao-na-central-municipal-de-alimentacao\\\/\"},\"wordCount\":683,\"commentCount\":0,\"publisher\":{\"@id\":\"https:\\\/\\\/regiaonews.net.br\\\/2022\\\/#organization\"},\"image\":{\"@id\":\"https:\\\/\\\/regiaonews.net.br\\\/2022\\\/2021\\\/05\\\/30\\\/prefeitura-de-colina-entrega-obras-de-reforma-ampliacao-e-modernizacao-na-central-municipal-de-alimentacao\\\/#primaryimage\"},\"thumbnailUrl\":\"https:\\\/\\\/regiaonews.net.br\\\/2022\\\/wp-content\\\/uploads\\\/2021\\\/05\\\/m_62_9_7_26052021173627.jpg\",\"articleSection\":[\"Cidades\",\"Colina\",\"Pol\u00edtica\"],\"inLanguage\":\"pt-BR\",\"potentialAction\":[{\"@type\":\"CommentAction\",\"name\":\"Comment\",\"target\":[\"https:\\\/\\\/regiaonews.net.br\\\/2022\\\/2021\\\/05\\\/30\\\/prefeitura-de-colina-entrega-obras-de-reforma-ampliacao-e-modernizacao-na-central-municipal-de-alimentacao\\\/#respond\"]}]},{\"@type\":\"WebPage\",\"@id\":\"https:\\\/\\\/regiaonews.net.br\\\/2022\\\/2021\\\/05\\\/30\\\/prefeitura-de-colina-entrega-obras-de-reforma-ampliacao-e-modernizacao-na-central-municipal-de-alimentacao\\\/\",\"url\":\"https:\\\/\\\/regiaonews.net.br\\\/2022\\\/2021\\\/05\\\/30\\\/prefeitura-de-colina-entrega-obras-de-reforma-ampliacao-e-modernizacao-na-central-municipal-de-alimentacao\\\/\",\"name\":\"Prefeitura de Colina entrega obras de reforma, amplia\u00e7\u00e3o e moderniza\u00e7\u00e3o na Central Municipal de Alimenta\u00e7\u00e3o - Regi\u00e3o News\",\"isPartOf\":{\"@id\":\"https:\\\/\\\/regiaonews.net.br\\\/2022\\\/#website\"},\"primaryImageOfPage\":{\"@id\":\"https:\\\/\\\/regiaonews.net.br\\\/2022\\\/2021\\\/05\\\/30\\\/prefeitura-de-colina-entrega-obras-de-reforma-ampliacao-e-modernizacao-na-central-municipal-de-alimentacao\\\/#primaryimage\"},\"image\":{\"@id\":\"https:\\\/\\\/regiaonews.net.br\\\/2022\\\/2021\\\/05\\\/30\\\/prefeitura-de-colina-entrega-obras-de-reforma-ampliacao-e-modernizacao-na-central-municipal-de-alimentacao\\\/#primaryimage\"},\"thumbnailUrl\":\"https:\\\/\\\/regiaonews.net.br\\\/2022\\\/wp-content\\\/uploads\\\/2021\\\/05\\\/m_62_9_7_26052021173627.jpg\",\"datePublished\":\"2021-05-30T16:43:46+00:00\",\"breadcrumb\":{\"@id\":\"https:\\\/\\\/regiaonews.net.br\\\/2022\\\/2021\\\/05\\\/30\\\/prefeitura-de-colina-entrega-obras-de-reforma-ampliacao-e-modernizacao-na-central-municipal-de-alimentacao\\\/#breadcrumb\"},\"inLanguage\":\"pt-BR\",\"potentialAction\":[{\"@type\":\"ReadAction\",\"target\":[\"https:\\\/\\\/regiaonews.net.br\\\/2022\\\/2021\\\/05\\\/30\\\/prefeitura-de-colina-entrega-obras-de-reforma-ampliacao-e-modernizacao-na-central-municipal-de-alimentacao\\\/\"]}]},{\"@type\":\"ImageObject\",\"inLanguage\":\"pt-BR\",\"@id\":\"https:\\\/\\\/regiaonews.net.br\\\/2022\\\/2021\\\/05\\\/30\\\/prefeitura-de-colina-entrega-obras-de-reforma-ampliacao-e-modernizacao-na-central-municipal-de-alimentacao\\\/#primaryimage\",\"url\":\"https:\\\/\\\/regiaonews.net.br\\\/2022\\\/wp-content\\\/uploads\\\/2021\\\/05\\\/m_62_9_7_26052021173627.jpg\",\"contentUrl\":\"https:\\\/\\\/regiaonews.net.br\\\/2022\\\/wp-content\\\/uploads\\\/2021\\\/05\\\/m_62_9_7_26052021173627.jpg\",\"width\":1280,\"height\":847},{\"@type\":\"BreadcrumbList\",\"@id\":\"https:\\\/\\\/regiaonews.net.br\\\/2022\\\/2021\\\/05\\\/30\\\/prefeitura-de-colina-entrega-obras-de-reforma-ampliacao-e-modernizacao-na-central-municipal-de-alimentacao\\\/#breadcrumb\",\"itemListElement\":[{\"@type\":\"ListItem\",\"position\":1,\"name\":\"In\u00edcio\",\"item\":\"https:\\\/\\\/regiaonews.net.br\\\/2022\\\/\"},{\"@type\":\"ListItem\",\"position\":2,\"name\":\"Prefeitura de Colina entrega obras de reforma, amplia\u00e7\u00e3o e moderniza\u00e7\u00e3o na Central Municipal de Alimenta\u00e7\u00e3o\"}]},{\"@type\":\"WebSite\",\"@id\":\"https:\\\/\\\/regiaonews.net.br\\\/2022\\\/#website\",\"url\":\"https:\\\/\\\/regiaonews.net.br\\\/2022\\\/\",\"name\":\"Regi\u00e3o News\",\"description\":\"Site de Not\u00edcias de Barretos e regi\u00e3o\",\"publisher\":{\"@id\":\"https:\\\/\\\/regiaonews.net.br\\\/2022\\\/#organization\"},\"potentialAction\":[{\"@type\":\"SearchAction\",\"target\":{\"@type\":\"EntryPoint\",\"urlTemplate\":\"https:\\\/\\\/regiaonews.net.br\\\/2022\\\/?s={search_term_string}\"},\"query-input\":{\"@type\":\"PropertyValueSpecification\",\"valueRequired\":true,\"valueName\":\"search_term_string\"}}],\"inLanguage\":\"pt-BR\"},{\"@type\":\"Organization\",\"@id\":\"https:\\\/\\\/regiaonews.net.br\\\/2022\\\/#organization\",\"name\":\"Regi\u00e3o News\",\"url\":\"https:\\\/\\\/regiaonews.net.br\\\/2022\\\/\",\"logo\":{\"@type\":\"ImageObject\",\"inLanguage\":\"pt-BR\",\"@id\":\"https:\\\/\\\/regiaonews.net.br\\\/2022\\\/#\\\/schema\\\/logo\\\/image\\\/\",\"url\":\"https:\\\/\\\/regiaonews.net.br\\\/2022\\\/wp-content\\\/uploads\\\/2026\\\/03\\\/regiao-13-anos-scaled.jpg\",\"contentUrl\":\"https:\\\/\\\/regiaonews.net.br\\\/2022\\\/wp-content\\\/uploads\\\/2026\\\/03\\\/regiao-13-anos-scaled.jpg\",\"width\":2560,\"height\":635,\"caption\":\"Regi\u00e3o News\"},\"image\":{\"@id\":\"https:\\\/\\\/regiaonews.net.br\\\/2022\\\/#\\\/schema\\\/logo\\\/image\\\/\"}},{\"@type\":\"Person\",\"@id\":\"https:\\\/\\\/regiaonews.net.br\\\/2022\\\/#\\\/schema\\\/person\\\/2d205a608a5aa97ac279d7a5e6d89ad8\",\"name\":\"Roberto\",\"image\":{\"@type\":\"ImageObject\",\"inLanguage\":\"pt-BR\",\"@id\":\"https:\\\/\\\/secure.gravatar.com\\\/avatar\\\/42749d8b712ff9d59ca93dc150494e5b55a44134482993f5baeb97e61b7ecc89?s=96&d=mm&r=g\",\"url\":\"https:\\\/\\\/secure.gravatar.com\\\/avatar\\\/42749d8b712ff9d59ca93dc150494e5b55a44134482993f5baeb97e61b7ecc89?s=96&d=mm&r=g\",\"contentUrl\":\"https:\\\/\\\/secure.gravatar.com\\\/avatar\\\/42749d8b712ff9d59ca93dc150494e5b55a44134482993f5baeb97e61b7ecc89?s=96&d=mm&r=g\",\"caption\":\"Roberto\"},\"url\":\"https:\\\/\\\/regiaonews.net.br\\\/2022\\\/author\\\/roberto\\\/\"}]}<\/script>\n<!-- \/ Yoast SEO plugin. -->","yoast_head_json":{"title":"Prefeitura de Colina entrega obras de reforma, amplia\u00e7\u00e3o e moderniza\u00e7\u00e3o na Central Municipal de Alimenta\u00e7\u00e3o - Regi\u00e3o News","robots":{"index":"index","follow":"follow","max-snippet":"max-snippet:-1","max-image-preview":"max-image-preview:large","max-video-preview":"max-video-preview:-1"},"canonical":"https:\/\/regiaonews.net.br\/2022\/2021\/05\/30\/prefeitura-de-colina-entrega-obras-de-reforma-ampliacao-e-modernizacao-na-central-municipal-de-alimentacao\/","og_locale":"pt_BR","og_type":"article","og_title":"Prefeitura de Colina entrega obras de reforma, amplia\u00e7\u00e3o e moderniza\u00e7\u00e3o na Central Municipal de Alimenta\u00e7\u00e3o - Regi\u00e3o News","og_description":"No s\u00e1bado, dia 22,\u00a0 a Prefeitura Municipal de Colina, por","og_url":"https:\/\/regiaonews.net.br\/2022\/2021\/05\/30\/prefeitura-de-colina-entrega-obras-de-reforma-ampliacao-e-modernizacao-na-central-municipal-de-alimentacao\/","og_site_name":"Regi\u00e3o News","article_published_time":"2021-05-30T16:43:46+00:00","og_image":[{"width":1280,"height":847,"url":"https:\/\/regiaonews.net.br\/2022\/wp-content\/uploads\/2021\/05\/m_62_9_7_26052021173627.jpg","type":"image\/jpeg"}],"author":"Roberto","twitter_card":"summary_large_image","twitter_misc":{"Escrito por":"Roberto","Est. tempo de leitura":"3 minutos"},"schema":{"@context":"https:\/\/schema.org","@graph":[{"@type":"Article","@id":"https:\/\/regiaonews.net.br\/2022\/2021\/05\/30\/prefeitura-de-colina-entrega-obras-de-reforma-ampliacao-e-modernizacao-na-central-municipal-de-alimentacao\/#article","isPartOf":{"@id":"https:\/\/regiaonews.net.br\/2022\/2021\/05\/30\/prefeitura-de-colina-entrega-obras-de-reforma-ampliacao-e-modernizacao-na-central-municipal-de-alimentacao\/"},"author":{"name":"Roberto","@id":"https:\/\/regiaonews.net.br\/2022\/#\/schema\/person\/2d205a608a5aa97ac279d7a5e6d89ad8"},"headline":"Prefeitura de Colina entrega obras de reforma, amplia\u00e7\u00e3o e moderniza\u00e7\u00e3o na Central Municipal de Alimenta\u00e7\u00e3o","datePublished":"2021-05-30T16:43:46+00:00","mainEntityOfPage":{"@id":"https:\/\/regiaonews.net.br\/2022\/2021\/05\/30\/prefeitura-de-colina-entrega-obras-de-reforma-ampliacao-e-modernizacao-na-central-municipal-de-alimentacao\/"},"wordCount":683,"commentCount":0,"publisher":{"@id":"https:\/\/regiaonews.net.br\/2022\/#organization"},"image":{"@id":"https:\/\/regiaonews.net.br\/2022\/2021\/05\/30\/prefeitura-de-colina-entrega-obras-de-reforma-ampliacao-e-modernizacao-na-central-municipal-de-alimentacao\/#primaryimage"},"thumbnailUrl":"https:\/\/regiaonews.net.br\/2022\/wp-content\/uploads\/2021\/05\/m_62_9_7_26052021173627.jpg","articleSection":["Cidades","Colina","Pol\u00edtica"],"inLanguage":"pt-BR","potentialAction":[{"@type":"CommentAction","name":"Comment","target":["https:\/\/regiaonews.net.br\/2022\/2021\/05\/30\/prefeitura-de-colina-entrega-obras-de-reforma-ampliacao-e-modernizacao-na-central-municipal-de-alimentacao\/#respond"]}]},{"@type":"WebPage","@id":"https:\/\/regiaonews.net.br\/2022\/2021\/05\/30\/prefeitura-de-colina-entrega-obras-de-reforma-ampliacao-e-modernizacao-na-central-municipal-de-alimentacao\/","url":"https:\/\/regiaonews.net.br\/2022\/2021\/05\/30\/prefeitura-de-colina-entrega-obras-de-reforma-ampliacao-e-modernizacao-na-central-municipal-de-alimentacao\/","name":"Prefeitura de Colina entrega obras de reforma, amplia\u00e7\u00e3o e moderniza\u00e7\u00e3o na Central Municipal de Alimenta\u00e7\u00e3o - Regi\u00e3o News","isPartOf":{"@id":"https:\/\/regiaonews.net.br\/2022\/#website"},"primaryImageOfPage":{"@id":"https:\/\/regiaonews.net.br\/2022\/2021\/05\/30\/prefeitura-de-colina-entrega-obras-de-reforma-ampliacao-e-modernizacao-na-central-municipal-de-alimentacao\/#primaryimage"},"image":{"@id":"https:\/\/regiaonews.net.br\/2022\/2021\/05\/30\/prefeitura-de-colina-entrega-obras-de-reforma-ampliacao-e-modernizacao-na-central-municipal-de-alimentacao\/#primaryimage"},"thumbnailUrl":"https:\/\/regiaonews.net.br\/2022\/wp-content\/uploads\/2021\/05\/m_62_9_7_26052021173627.jpg","datePublished":"2021-05-30T16:43:46+00:00","breadcrumb":{"@id":"https:\/\/regiaonews.net.br\/2022\/2021\/05\/30\/prefeitura-de-colina-entrega-obras-de-reforma-ampliacao-e-modernizacao-na-central-municipal-de-alimentacao\/#breadcrumb"},"inLanguage":"pt-BR","potentialAction":[{"@type":"ReadAction","target":["https:\/\/regiaonews.net.br\/2022\/2021\/05\/30\/prefeitura-de-colina-entrega-obras-de-reforma-ampliacao-e-modernizacao-na-central-municipal-de-alimentacao\/"]}]},{"@type":"ImageObject","inLanguage":"pt-BR","@id":"https:\/\/regiaonews.net.br\/2022\/2021\/05\/30\/prefeitura-de-colina-entrega-obras-de-reforma-ampliacao-e-modernizacao-na-central-municipal-de-alimentacao\/#primaryimage","url":"https:\/\/regiaonews.net.br\/2022\/wp-content\/uploads\/2021\/05\/m_62_9_7_26052021173627.jpg","contentUrl":"https:\/\/regiaonews.net.br\/2022\/wp-content\/uploads\/2021\/05\/m_62_9_7_26052021173627.jpg","width":1280,"height":847},{"@type":"BreadcrumbList","@id":"https:\/\/regiaonews.net.br\/2022\/2021\/05\/30\/prefeitura-de-colina-entrega-obras-de-reforma-ampliacao-e-modernizacao-na-central-municipal-de-alimentacao\/#breadcrumb","itemListElement":[{"@type":"ListItem","position":1,"name":"In\u00edcio","item":"https:\/\/regiaonews.net.br\/2022\/"},{"@type":"ListItem","position":2,"name":"Prefeitura de Colina entrega obras de reforma, amplia\u00e7\u00e3o e moderniza\u00e7\u00e3o na Central Municipal de Alimenta\u00e7\u00e3o"}]},{"@type":"WebSite","@id":"https:\/\/regiaonews.net.br\/2022\/#website","url":"https:\/\/regiaonews.net.br\/2022\/","name":"Regi\u00e3o News","description":"Site de Not\u00edcias de Barretos e regi\u00e3o","publisher":{"@id":"https:\/\/regiaonews.net.br\/2022\/#organization"},"potentialAction":[{"@type":"SearchAction","target":{"@type":"EntryPoint","urlTemplate":"https:\/\/regiaonews.net.br\/2022\/?s={search_term_string}"},"query-input":{"@type":"PropertyValueSpecification","valueRequired":true,"valueName":"search_term_string"}}],"inLanguage":"pt-BR"},{"@type":"Organization","@id":"https:\/\/regiaonews.net.br\/2022\/#organization","name":"Regi\u00e3o News","url":"https:\/\/regiaonews.net.br\/2022\/","logo":{"@type":"ImageObject","inLanguage":"pt-BR","@id":"https:\/\/regiaonews.net.br\/2022\/#\/schema\/logo\/image\/","url":"https:\/\/regiaonews.net.br\/2022\/wp-content\/uploads\/2026\/03\/regiao-13-anos-scaled.jpg","contentUrl":"https:\/\/regiaonews.net.br\/2022\/wp-content\/uploads\/2026\/03\/regiao-13-anos-scaled.jpg","width":2560,"height":635,"caption":"Regi\u00e3o News"},"image":{"@id":"https:\/\/regiaonews.net.br\/2022\/#\/schema\/logo\/image\/"}},{"@type":"Person","@id":"https:\/\/regiaonews.net.br\/2022\/#\/schema\/person\/2d205a608a5aa97ac279d7a5e6d89ad8","name":"Roberto","image":{"@type":"ImageObject","inLanguage":"pt-BR","@id":"https:\/\/secure.gravatar.com\/avatar\/42749d8b712ff9d59ca93dc150494e5b55a44134482993f5baeb97e61b7ecc89?s=96&d=mm&r=g","url":"https:\/\/secure.gravatar.com\/avatar\/42749d8b712ff9d59ca93dc150494e5b55a44134482993f5baeb97e61b7ecc89?s=96&d=mm&r=g","contentUrl":"https:\/\/secure.gravatar.com\/avatar\/42749d8b712ff9d59ca93dc150494e5b55a44134482993f5baeb97e61b7ecc89?s=96&d=mm&r=g","caption":"Roberto"},"url":"https:\/\/regiaonews.net.br\/2022\/author\/roberto\/"}]}},"publishpress_future_action":{"enabled":false,"date":"2026-05-03 14:54:33","action":"change-status","newStatus":"draft","terms":[],"taxonomy":"category","extraData":[]},"publishpress_future_workflow_manual_trigger":{"enabledWorkflows":[]},"_links":{"self":[{"href":"https:\/\/regiaonews.net.br\/2022\/wp-json\/wp\/v2\/posts\/47864","targetHints":{"allow":["GET"]}}],"collection":[{"href":"https:\/\/regiaonews.net.br\/2022\/wp-json\/wp\/v2\/posts"}],"about":[{"href":"https:\/\/regiaonews.net.br\/2022\/wp-json\/wp\/v2\/types\/post"}],"author":[{"embeddable":true,"href":"https:\/\/regiaonews.net.br\/2022\/wp-json\/wp\/v2\/users\/2"}],"replies":[{"embeddable":true,"href":"https:\/\/regiaonews.net.br\/2022\/wp-json\/wp\/v2\/comments?post=47864"}],"version-history":[{"count":0,"href":"https:\/\/regiaonews.net.br\/2022\/wp-json\/wp\/v2\/posts\/47864\/revisions"}],"wp:featuredmedia":[{"embeddable":true,"href":"https:\/\/regiaonews.net.br\/2022\/wp-json\/wp\/v2\/media\/47865"}],"wp:attachment":[{"href":"https:\/\/regiaonews.net.br\/2022\/wp-json\/wp\/v2\/media?parent=47864"}],"wp:term":[{"taxonomy":"category","embeddable":true,"href":"https:\/\/regiaonews.net.br\/2022\/wp-json\/wp\/v2\/categories?post=47864"},{"taxonomy":"post_tag","embeddable":true,"href":"https:\/\/regiaonews.net.br\/2022\/wp-json\/wp\/v2\/tags?post=47864"}],"curies":[{"name":"wp","href":"https:\/\/api.w.org\/{rel}","templated":true}]}}