{"id":47834,"date":"2021-05-29T20:52:20","date_gmt":"2021-05-29T23:52:20","guid":{"rendered":"https:\/\/regiaonews.net.br\/2022\/?p=47834"},"modified":"2021-05-29T20:52:20","modified_gmt":"2021-05-29T23:52:20","slug":"chelsea-segura-pressao-do-manchester-city-de-guardiola-e-e-bi-da-champions","status":"publish","type":"post","link":"https:\/\/regiaonews.net.br\/2022\/2021\/05\/29\/chelsea-segura-pressao-do-manchester-city-de-guardiola-e-e-bi-da-champions\/","title":{"rendered":"Chelsea segura press\u00e3o do Manchester City de Guardiola e \u00e9 bi da Champions"},"content":{"rendered":"<p><a href=\"https:\/\/regiaonews.net.br\/2022\/wp-content\/uploads\/2021\/05\/000-9b22hf.jpg\"><img loading=\"lazy\" decoding=\"async\" class=\"alignnone size-medium wp-image-47832\" src=\"https:\/\/regiaonews.net.br\/2022\/wp-content\/uploads\/2021\/05\/000-9b22hf-300x191.jpg\" alt=\"\" width=\"300\" height=\"191\" \/><\/a><\/p>\n<section class=\"row titulo-pos-jogo\">\n<header class=\"titulo-pos-jogo__header column medium-24 large-20 large-offset-2 xlarge-20\"><\/header>\n<\/section>\n<div>\n<p>O Chelsea venceu o Manchester City por 1 a 0 neste s\u00e1bado (29) e foi campe\u00e3o da Liga dos Campe\u00f5es pela segunda vez em sua hist\u00f3ria. Os Blues foram melhores nos 90 minutos e marcaram com o alem\u00e3o Kai Havertz, ainda no primeiro tempo<\/p>\n<p>A etapa inicial da decis\u00e3o da Liga dos Campe\u00f5es foi de muita intensidade, de ambas as equipes. O time de Pep Guardiola subia a marca\u00e7\u00e3o para sufocar a sa\u00edda de bola do Chelsea, que trabalhava pelas pontas para escapar da press\u00e3o. Do outro lado, os Blues, quando quebravam a primeira linha do City, avan\u00e7avam em velocidade no contra-ataque.<\/p>\n<p>Esse \u00e9 o segundo t\u00edtulo de Champions League da hist\u00f3ria do Chelsea. O primeiro foi conquistado em 2012, contra o Bayern de Munique na final.<\/p>\n<p>O Manchester City entra para uma lista indesej\u00e1vel de times que estrearam em finais de Liga dos Campe\u00f5es e perderam, ao lado de Atl\u00e9tico de Madrid, PSG, Arsenal e tantas outras grandes equipes do futebol europeu.<\/p>\n<p>&nbsp;<\/p>\n<p>&nbsp;<\/p>\n<\/div>\n<section class=\"row temporeal__main-section\">\n<div class=\"column medium-24 large-12 large-offset-1 xlarge-12\">\n<section class=\"lances__container temporeal__fade--in\">\n<article class=\"lances-posjogo__article\">\n<div id=\"fa96e5d9-43d2-40ac-98e3-ea5ad645ddb7\" class=\"backstage-component\">\n<div class=\"mtr-atomic mtr-atomic-backstage-photo backstage-photo-wrapper\"><\/div>\n<\/div>\n<\/article>\n<\/section>\n<\/div>\n<\/section>\n","protected":false},"excerpt":{"rendered":"<p>O Chelsea venceu o Manchester City por 1 a 0<\/p>\n","protected":false},"author":2,"featured_media":47832,"comment_status":"open","ping_status":"open","sticky":false,"template":"","format":"standard","meta":{"footnotes":""},"categories":[14,25,21],"tags":[],"class_list":["post-47834","post","type-post","status-publish","format-standard","has-post-thumbnail","hentry","category-barretos","category-cidades","category-esporte"],"yoast_head":"<!-- This site is optimized with the Yoast SEO plugin v27.4 - https:\/\/yoast.com\/product\/yoast-seo-wordpress\/ -->\n<title>Chelsea segura press\u00e3o do Manchester City de Guardiola e \u00e9 bi da Champions - Regi\u00e3o News<\/title>\n<meta name=\"robots\" content=\"index, follow, max-snippet:-1, max-image-preview:large, max-video-preview:-1\" \/>\n<link rel=\"canonical\" href=\"https:\/\/regiaonews.net.br\/2022\/2021\/05\/29\/chelsea-segura-pressao-do-manchester-city-de-guardiola-e-e-bi-da-champions\/\" \/>\n<meta property=\"og:locale\" content=\"pt_BR\" \/>\n<meta property=\"og:type\" content=\"article\" \/>\n<meta property=\"og:title\" content=\"Chelsea segura press\u00e3o do Manchester City de Guardiola e \u00e9 bi da Champions - Regi\u00e3o News\" \/>\n<meta property=\"og:description\" content=\"O Chelsea venceu o Manchester City por 1 a 0\" \/>\n<meta property=\"og:url\" content=\"https:\/\/regiaonews.net.br\/2022\/2021\/05\/29\/chelsea-segura-pressao-do-manchester-city-de-guardiola-e-e-bi-da-champions\/\" \/>\n<meta property=\"og:site_name\" content=\"Regi\u00e3o News\" \/>\n<meta property=\"article:published_time\" content=\"2021-05-29T23:52:20+00:00\" \/>\n<meta property=\"og:image\" content=\"https:\/\/regiaonews.net.br\/2022\/wp-content\/uploads\/2021\/05\/000-9b22hf.jpg\" \/>\n\t<meta property=\"og:image:width\" content=\"924\" \/>\n\t<meta property=\"og:image:height\" content=\"589\" \/>\n\t<meta property=\"og:image:type\" content=\"image\/jpeg\" \/>\n<meta name=\"author\" content=\"Roberto\" \/>\n<meta name=\"twitter:card\" content=\"summary_large_image\" \/>\n<meta name=\"twitter:label1\" content=\"Escrito por\" \/>\n\t<meta name=\"twitter:data1\" content=\"Roberto\" \/>\n\t<meta name=\"twitter:label2\" content=\"Est. tempo de leitura\" \/>\n\t<meta name=\"twitter:data2\" content=\"1 minuto\" \/>\n<script type=\"application\/ld+json\" class=\"yoast-schema-graph\">{\"@context\":\"https:\\\/\\\/schema.org\",\"@graph\":[{\"@type\":\"Article\",\"@id\":\"https:\\\/\\\/regiaonews.net.br\\\/2022\\\/2021\\\/05\\\/29\\\/chelsea-segura-pressao-do-manchester-city-de-guardiola-e-e-bi-da-champions\\\/#article\",\"isPartOf\":{\"@id\":\"https:\\\/\\\/regiaonews.net.br\\\/2022\\\/2021\\\/05\\\/29\\\/chelsea-segura-pressao-do-manchester-city-de-guardiola-e-e-bi-da-champions\\\/\"},\"author\":{\"name\":\"Roberto\",\"@id\":\"https:\\\/\\\/regiaonews.net.br\\\/2022\\\/#\\\/schema\\\/person\\\/2d205a608a5aa97ac279d7a5e6d89ad8\"},\"headline\":\"Chelsea segura press\u00e3o do Manchester City de Guardiola e \u00e9 bi da Champions\",\"datePublished\":\"2021-05-29T23:52:20+00:00\",\"mainEntityOfPage\":{\"@id\":\"https:\\\/\\\/regiaonews.net.br\\\/2022\\\/2021\\\/05\\\/29\\\/chelsea-segura-pressao-do-manchester-city-de-guardiola-e-e-bi-da-champions\\\/\"},\"wordCount\":188,\"commentCount\":0,\"publisher\":{\"@id\":\"https:\\\/\\\/regiaonews.net.br\\\/2022\\\/#organization\"},\"image\":{\"@id\":\"https:\\\/\\\/regiaonews.net.br\\\/2022\\\/2021\\\/05\\\/29\\\/chelsea-segura-pressao-do-manchester-city-de-guardiola-e-e-bi-da-champions\\\/#primaryimage\"},\"thumbnailUrl\":\"https:\\\/\\\/regiaonews.net.br\\\/2022\\\/wp-content\\\/uploads\\\/2021\\\/05\\\/000-9b22hf.jpg\",\"articleSection\":[\"Barretos\",\"Cidades\",\"Esporte\"],\"inLanguage\":\"pt-BR\",\"potentialAction\":[{\"@type\":\"CommentAction\",\"name\":\"Comment\",\"target\":[\"https:\\\/\\\/regiaonews.net.br\\\/2022\\\/2021\\\/05\\\/29\\\/chelsea-segura-pressao-do-manchester-city-de-guardiola-e-e-bi-da-champions\\\/#respond\"]}]},{\"@type\":\"WebPage\",\"@id\":\"https:\\\/\\\/regiaonews.net.br\\\/2022\\\/2021\\\/05\\\/29\\\/chelsea-segura-pressao-do-manchester-city-de-guardiola-e-e-bi-da-champions\\\/\",\"url\":\"https:\\\/\\\/regiaonews.net.br\\\/2022\\\/2021\\\/05\\\/29\\\/chelsea-segura-pressao-do-manchester-city-de-guardiola-e-e-bi-da-champions\\\/\",\"name\":\"Chelsea segura press\u00e3o do Manchester City de Guardiola e \u00e9 bi da Champions - Regi\u00e3o News\",\"isPartOf\":{\"@id\":\"https:\\\/\\\/regiaonews.net.br\\\/2022\\\/#website\"},\"primaryImageOfPage\":{\"@id\":\"https:\\\/\\\/regiaonews.net.br\\\/2022\\\/2021\\\/05\\\/29\\\/chelsea-segura-pressao-do-manchester-city-de-guardiola-e-e-bi-da-champions\\\/#primaryimage\"},\"image\":{\"@id\":\"https:\\\/\\\/regiaonews.net.br\\\/2022\\\/2021\\\/05\\\/29\\\/chelsea-segura-pressao-do-manchester-city-de-guardiola-e-e-bi-da-champions\\\/#primaryimage\"},\"thumbnailUrl\":\"https:\\\/\\\/regiaonews.net.br\\\/2022\\\/wp-content\\\/uploads\\\/2021\\\/05\\\/000-9b22hf.jpg\",\"datePublished\":\"2021-05-29T23:52:20+00:00\",\"breadcrumb\":{\"@id\":\"https:\\\/\\\/regiaonews.net.br\\\/2022\\\/2021\\\/05\\\/29\\\/chelsea-segura-pressao-do-manchester-city-de-guardiola-e-e-bi-da-champions\\\/#breadcrumb\"},\"inLanguage\":\"pt-BR\",\"potentialAction\":[{\"@type\":\"ReadAction\",\"target\":[\"https:\\\/\\\/regiaonews.net.br\\\/2022\\\/2021\\\/05\\\/29\\\/chelsea-segura-pressao-do-manchester-city-de-guardiola-e-e-bi-da-champions\\\/\"]}]},{\"@type\":\"ImageObject\",\"inLanguage\":\"pt-BR\",\"@id\":\"https:\\\/\\\/regiaonews.net.br\\\/2022\\\/2021\\\/05\\\/29\\\/chelsea-segura-pressao-do-manchester-city-de-guardiola-e-e-bi-da-champions\\\/#primaryimage\",\"url\":\"https:\\\/\\\/regiaonews.net.br\\\/2022\\\/wp-content\\\/uploads\\\/2021\\\/05\\\/000-9b22hf.jpg\",\"contentUrl\":\"https:\\\/\\\/regiaonews.net.br\\\/2022\\\/wp-content\\\/uploads\\\/2021\\\/05\\\/000-9b22hf.jpg\",\"width\":924,\"height\":589},{\"@type\":\"BreadcrumbList\",\"@id\":\"https:\\\/\\\/regiaonews.net.br\\\/2022\\\/2021\\\/05\\\/29\\\/chelsea-segura-pressao-do-manchester-city-de-guardiola-e-e-bi-da-champions\\\/#breadcrumb\",\"itemListElement\":[{\"@type\":\"ListItem\",\"position\":1,\"name\":\"In\u00edcio\",\"item\":\"https:\\\/\\\/regiaonews.net.br\\\/2022\\\/\"},{\"@type\":\"ListItem\",\"position\":2,\"name\":\"Chelsea segura press\u00e3o do Manchester City de Guardiola e \u00e9 bi da Champions\"}]},{\"@type\":\"WebSite\",\"@id\":\"https:\\\/\\\/regiaonews.net.br\\\/2022\\\/#website\",\"url\":\"https:\\\/\\\/regiaonews.net.br\\\/2022\\\/\",\"name\":\"Regi\u00e3o News\",\"description\":\"Site de Not\u00edcias de Barretos e regi\u00e3o\",\"publisher\":{\"@id\":\"https:\\\/\\\/regiaonews.net.br\\\/2022\\\/#organization\"},\"potentialAction\":[{\"@type\":\"SearchAction\",\"target\":{\"@type\":\"EntryPoint\",\"urlTemplate\":\"https:\\\/\\\/regiaonews.net.br\\\/2022\\\/?s={search_term_string}\"},\"query-input\":{\"@type\":\"PropertyValueSpecification\",\"valueRequired\":true,\"valueName\":\"search_term_string\"}}],\"inLanguage\":\"pt-BR\"},{\"@type\":\"Organization\",\"@id\":\"https:\\\/\\\/regiaonews.net.br\\\/2022\\\/#organization\",\"name\":\"Regi\u00e3o News\",\"url\":\"https:\\\/\\\/regiaonews.net.br\\\/2022\\\/\",\"logo\":{\"@type\":\"ImageObject\",\"inLanguage\":\"pt-BR\",\"@id\":\"https:\\\/\\\/regiaonews.net.br\\\/2022\\\/#\\\/schema\\\/logo\\\/image\\\/\",\"url\":\"https:\\\/\\\/regiaonews.net.br\\\/2022\\\/wp-content\\\/uploads\\\/2026\\\/03\\\/regiao-13-anos-scaled.jpg\",\"contentUrl\":\"https:\\\/\\\/regiaonews.net.br\\\/2022\\\/wp-content\\\/uploads\\\/2026\\\/03\\\/regiao-13-anos-scaled.jpg\",\"width\":2560,\"height\":635,\"caption\":\"Regi\u00e3o News\"},\"image\":{\"@id\":\"https:\\\/\\\/regiaonews.net.br\\\/2022\\\/#\\\/schema\\\/logo\\\/image\\\/\"}},{\"@type\":\"Person\",\"@id\":\"https:\\\/\\\/regiaonews.net.br\\\/2022\\\/#\\\/schema\\\/person\\\/2d205a608a5aa97ac279d7a5e6d89ad8\",\"name\":\"Roberto\",\"image\":{\"@type\":\"ImageObject\",\"inLanguage\":\"pt-BR\",\"@id\":\"https:\\\/\\\/secure.gravatar.com\\\/avatar\\\/42749d8b712ff9d59ca93dc150494e5b55a44134482993f5baeb97e61b7ecc89?s=96&d=mm&r=g\",\"url\":\"https:\\\/\\\/secure.gravatar.com\\\/avatar\\\/42749d8b712ff9d59ca93dc150494e5b55a44134482993f5baeb97e61b7ecc89?s=96&d=mm&r=g\",\"contentUrl\":\"https:\\\/\\\/secure.gravatar.com\\\/avatar\\\/42749d8b712ff9d59ca93dc150494e5b55a44134482993f5baeb97e61b7ecc89?s=96&d=mm&r=g\",\"caption\":\"Roberto\"},\"url\":\"https:\\\/\\\/regiaonews.net.br\\\/2022\\\/author\\\/roberto\\\/\"}]}<\/script>\n<!-- \/ Yoast SEO plugin. -->","yoast_head_json":{"title":"Chelsea segura press\u00e3o do Manchester City de Guardiola e \u00e9 bi da Champions - Regi\u00e3o News","robots":{"index":"index","follow":"follow","max-snippet":"max-snippet:-1","max-image-preview":"max-image-preview:large","max-video-preview":"max-video-preview:-1"},"canonical":"https:\/\/regiaonews.net.br\/2022\/2021\/05\/29\/chelsea-segura-pressao-do-manchester-city-de-guardiola-e-e-bi-da-champions\/","og_locale":"pt_BR","og_type":"article","og_title":"Chelsea segura press\u00e3o do Manchester City de Guardiola e \u00e9 bi da Champions - Regi\u00e3o News","og_description":"O Chelsea venceu o Manchester City por 1 a 0","og_url":"https:\/\/regiaonews.net.br\/2022\/2021\/05\/29\/chelsea-segura-pressao-do-manchester-city-de-guardiola-e-e-bi-da-champions\/","og_site_name":"Regi\u00e3o News","article_published_time":"2021-05-29T23:52:20+00:00","og_image":[{"width":924,"height":589,"url":"https:\/\/regiaonews.net.br\/2022\/wp-content\/uploads\/2021\/05\/000-9b22hf.jpg","type":"image\/jpeg"}],"author":"Roberto","twitter_card":"summary_large_image","twitter_misc":{"Escrito por":"Roberto","Est. tempo de leitura":"1 minuto"},"schema":{"@context":"https:\/\/schema.org","@graph":[{"@type":"Article","@id":"https:\/\/regiaonews.net.br\/2022\/2021\/05\/29\/chelsea-segura-pressao-do-manchester-city-de-guardiola-e-e-bi-da-champions\/#article","isPartOf":{"@id":"https:\/\/regiaonews.net.br\/2022\/2021\/05\/29\/chelsea-segura-pressao-do-manchester-city-de-guardiola-e-e-bi-da-champions\/"},"author":{"name":"Roberto","@id":"https:\/\/regiaonews.net.br\/2022\/#\/schema\/person\/2d205a608a5aa97ac279d7a5e6d89ad8"},"headline":"Chelsea segura press\u00e3o do Manchester City de Guardiola e \u00e9 bi da Champions","datePublished":"2021-05-29T23:52:20+00:00","mainEntityOfPage":{"@id":"https:\/\/regiaonews.net.br\/2022\/2021\/05\/29\/chelsea-segura-pressao-do-manchester-city-de-guardiola-e-e-bi-da-champions\/"},"wordCount":188,"commentCount":0,"publisher":{"@id":"https:\/\/regiaonews.net.br\/2022\/#organization"},"image":{"@id":"https:\/\/regiaonews.net.br\/2022\/2021\/05\/29\/chelsea-segura-pressao-do-manchester-city-de-guardiola-e-e-bi-da-champions\/#primaryimage"},"thumbnailUrl":"https:\/\/regiaonews.net.br\/2022\/wp-content\/uploads\/2021\/05\/000-9b22hf.jpg","articleSection":["Barretos","Cidades","Esporte"],"inLanguage":"pt-BR","potentialAction":[{"@type":"CommentAction","name":"Comment","target":["https:\/\/regiaonews.net.br\/2022\/2021\/05\/29\/chelsea-segura-pressao-do-manchester-city-de-guardiola-e-e-bi-da-champions\/#respond"]}]},{"@type":"WebPage","@id":"https:\/\/regiaonews.net.br\/2022\/2021\/05\/29\/chelsea-segura-pressao-do-manchester-city-de-guardiola-e-e-bi-da-champions\/","url":"https:\/\/regiaonews.net.br\/2022\/2021\/05\/29\/chelsea-segura-pressao-do-manchester-city-de-guardiola-e-e-bi-da-champions\/","name":"Chelsea segura press\u00e3o do Manchester City de Guardiola e \u00e9 bi da Champions - Regi\u00e3o News","isPartOf":{"@id":"https:\/\/regiaonews.net.br\/2022\/#website"},"primaryImageOfPage":{"@id":"https:\/\/regiaonews.net.br\/2022\/2021\/05\/29\/chelsea-segura-pressao-do-manchester-city-de-guardiola-e-e-bi-da-champions\/#primaryimage"},"image":{"@id":"https:\/\/regiaonews.net.br\/2022\/2021\/05\/29\/chelsea-segura-pressao-do-manchester-city-de-guardiola-e-e-bi-da-champions\/#primaryimage"},"thumbnailUrl":"https:\/\/regiaonews.net.br\/2022\/wp-content\/uploads\/2021\/05\/000-9b22hf.jpg","datePublished":"2021-05-29T23:52:20+00:00","breadcrumb":{"@id":"https:\/\/regiaonews.net.br\/2022\/2021\/05\/29\/chelsea-segura-pressao-do-manchester-city-de-guardiola-e-e-bi-da-champions\/#breadcrumb"},"inLanguage":"pt-BR","potentialAction":[{"@type":"ReadAction","target":["https:\/\/regiaonews.net.br\/2022\/2021\/05\/29\/chelsea-segura-pressao-do-manchester-city-de-guardiola-e-e-bi-da-champions\/"]}]},{"@type":"ImageObject","inLanguage":"pt-BR","@id":"https:\/\/regiaonews.net.br\/2022\/2021\/05\/29\/chelsea-segura-pressao-do-manchester-city-de-guardiola-e-e-bi-da-champions\/#primaryimage","url":"https:\/\/regiaonews.net.br\/2022\/wp-content\/uploads\/2021\/05\/000-9b22hf.jpg","contentUrl":"https:\/\/regiaonews.net.br\/2022\/wp-content\/uploads\/2021\/05\/000-9b22hf.jpg","width":924,"height":589},{"@type":"BreadcrumbList","@id":"https:\/\/regiaonews.net.br\/2022\/2021\/05\/29\/chelsea-segura-pressao-do-manchester-city-de-guardiola-e-e-bi-da-champions\/#breadcrumb","itemListElement":[{"@type":"ListItem","position":1,"name":"In\u00edcio","item":"https:\/\/regiaonews.net.br\/2022\/"},{"@type":"ListItem","position":2,"name":"Chelsea segura press\u00e3o do Manchester City de Guardiola e \u00e9 bi da Champions"}]},{"@type":"WebSite","@id":"https:\/\/regiaonews.net.br\/2022\/#website","url":"https:\/\/regiaonews.net.br\/2022\/","name":"Regi\u00e3o News","description":"Site de Not\u00edcias de Barretos e regi\u00e3o","publisher":{"@id":"https:\/\/regiaonews.net.br\/2022\/#organization"},"potentialAction":[{"@type":"SearchAction","target":{"@type":"EntryPoint","urlTemplate":"https:\/\/regiaonews.net.br\/2022\/?s={search_term_string}"},"query-input":{"@type":"PropertyValueSpecification","valueRequired":true,"valueName":"search_term_string"}}],"inLanguage":"pt-BR"},{"@type":"Organization","@id":"https:\/\/regiaonews.net.br\/2022\/#organization","name":"Regi\u00e3o News","url":"https:\/\/regiaonews.net.br\/2022\/","logo":{"@type":"ImageObject","inLanguage":"pt-BR","@id":"https:\/\/regiaonews.net.br\/2022\/#\/schema\/logo\/image\/","url":"https:\/\/regiaonews.net.br\/2022\/wp-content\/uploads\/2026\/03\/regiao-13-anos-scaled.jpg","contentUrl":"https:\/\/regiaonews.net.br\/2022\/wp-content\/uploads\/2026\/03\/regiao-13-anos-scaled.jpg","width":2560,"height":635,"caption":"Regi\u00e3o News"},"image":{"@id":"https:\/\/regiaonews.net.br\/2022\/#\/schema\/logo\/image\/"}},{"@type":"Person","@id":"https:\/\/regiaonews.net.br\/2022\/#\/schema\/person\/2d205a608a5aa97ac279d7a5e6d89ad8","name":"Roberto","image":{"@type":"ImageObject","inLanguage":"pt-BR","@id":"https:\/\/secure.gravatar.com\/avatar\/42749d8b712ff9d59ca93dc150494e5b55a44134482993f5baeb97e61b7ecc89?s=96&d=mm&r=g","url":"https:\/\/secure.gravatar.com\/avatar\/42749d8b712ff9d59ca93dc150494e5b55a44134482993f5baeb97e61b7ecc89?s=96&d=mm&r=g","contentUrl":"https:\/\/secure.gravatar.com\/avatar\/42749d8b712ff9d59ca93dc150494e5b55a44134482993f5baeb97e61b7ecc89?s=96&d=mm&r=g","caption":"Roberto"},"url":"https:\/\/regiaonews.net.br\/2022\/author\/roberto\/"}]}},"publishpress_future_action":{"enabled":false,"date":"2026-05-03 02:10:48","action":"change-status","newStatus":"draft","terms":[],"taxonomy":"category","extraData":[]},"publishpress_future_workflow_manual_trigger":{"enabledWorkflows":[]},"_links":{"self":[{"href":"https:\/\/regiaonews.net.br\/2022\/wp-json\/wp\/v2\/posts\/47834","targetHints":{"allow":["GET"]}}],"collection":[{"href":"https:\/\/regiaonews.net.br\/2022\/wp-json\/wp\/v2\/posts"}],"about":[{"href":"https:\/\/regiaonews.net.br\/2022\/wp-json\/wp\/v2\/types\/post"}],"author":[{"embeddable":true,"href":"https:\/\/regiaonews.net.br\/2022\/wp-json\/wp\/v2\/users\/2"}],"replies":[{"embeddable":true,"href":"https:\/\/regiaonews.net.br\/2022\/wp-json\/wp\/v2\/comments?post=47834"}],"version-history":[{"count":0,"href":"https:\/\/regiaonews.net.br\/2022\/wp-json\/wp\/v2\/posts\/47834\/revisions"}],"wp:featuredmedia":[{"embeddable":true,"href":"https:\/\/regiaonews.net.br\/2022\/wp-json\/wp\/v2\/media\/47832"}],"wp:attachment":[{"href":"https:\/\/regiaonews.net.br\/2022\/wp-json\/wp\/v2\/media?parent=47834"}],"wp:term":[{"taxonomy":"category","embeddable":true,"href":"https:\/\/regiaonews.net.br\/2022\/wp-json\/wp\/v2\/categories?post=47834"},{"taxonomy":"post_tag","embeddable":true,"href":"https:\/\/regiaonews.net.br\/2022\/wp-json\/wp\/v2\/tags?post=47834"}],"curies":[{"name":"wp","href":"https:\/\/api.w.org\/{rel}","templated":true}]}}