{"id":47790,"date":"2021-05-28T19:13:56","date_gmt":"2021-05-28T22:13:56","guid":{"rendered":"https:\/\/regiaonews.net.br\/2022\/?p=47790"},"modified":"2021-05-28T19:13:56","modified_gmt":"2021-05-28T22:13:56","slug":"fundo-social-e-tiro-de-guerra-arrecadam-alimentos-em-supermercados-para-familias-carentes-de-barretos","status":"publish","type":"post","link":"https:\/\/regiaonews.net.br\/2022\/2021\/05\/28\/fundo-social-e-tiro-de-guerra-arrecadam-alimentos-em-supermercados-para-familias-carentes-de-barretos\/","title":{"rendered":"Fundo Social e Tiro de Guerra arrecadam alimentos em supermercados para fam\u00edlias carentes de Barretos"},"content":{"rendered":"<p><a href=\"https:\/\/regiaonews.net.br\/2022\/wp-content\/uploads\/2021\/05\/FSS-E-TG.jpg\"><img loading=\"lazy\" decoding=\"async\" class=\"alignnone size-medium wp-image-47791\" src=\"https:\/\/regiaonews.net.br\/2022\/wp-content\/uploads\/2021\/05\/FSS-E-TG-300x242.jpg\" alt=\"\" width=\"300\" height=\"242\" \/><\/a><\/p>\n<p>Pelo segundo s\u00e1bado consecutivo, a parceria entre o Fundo Social de Solidariedade e o Tiro de Guerra de Barretos arrecada alimentos e produtos de higiene em supermercados da cidade neste dia 29 de maio\/21.<br \/>\nNo s\u00e1bado passado, foram arrecadados 1.800 quilos de alimentos. Os mantimentos ser\u00e3o enviados \u00e0s fam\u00edlias carentes da cidade. Os supermercados participantes s\u00e3o: Savegnago (Avenida 43), Barretense (lojas 1 e 2), Manolo, JM Supermercado e Tome Leve (lojas da Avenida 43 e da Rua 18).<br \/>\nAssim, os consumidores destes supermercados ver\u00e3o os atiradores do Tiro de Guerra ao lado de um banner da a\u00e7\u00e3o e est\u00e3o convidados a fazer esse gesto de solidariedade.<br \/>\nO atirador trabalha em prol da sociedade. Ele \u00e9 formado para isso, para contribuir com sua cidade na \u00e1rea social. E \u00e9 o que estaremos fazendo, sempre com muita organiza\u00e7\u00e3o na estocagem e depois na distribui\u00e7\u00e3o dos alimentos e produtos de higiene arrecadados, comenta o subtenente Faber Pestana Fonseca.<\/p>\n<p><strong>Compromisso com as fam\u00edlias<\/strong><br \/>\nSegundo Let\u00edcia Lemos, presidente do Fundo Social de Solidariedade, Barretos assumiu um compromisso com as fam\u00edlias. \u201cHoje temos cerca de 3.500 fam\u00edlias em condi\u00e7\u00e3o de extrema vulnerabilidade econ\u00f4mica, ent\u00e3o precisamos buscar parcerias assim\u201d, pontua.<br \/>\nA prefeita de Barretos, Paula Lemos, agradece a a\u00e7\u00e3o. \u201dN\u00f3s assumimos o mandato com a miss\u00e3o de valorizar as pessoas da nossa cidade e n\u00e3o podemos deixar de ajudar quem mais precisa nesse momento. Estou muito feliz com o carinho que temos recebido das mais diversas institui\u00e7\u00f5es, como o Ex\u00e9rcito\u201d, completa a prefeita.<\/p>\n","protected":false},"excerpt":{"rendered":"<p>Pelo segundo s\u00e1bado consecutivo, a parceria entre o Fundo Social<\/p>\n","protected":false},"author":2,"featured_media":47791,"comment_status":"open","ping_status":"open","sticky":false,"template":"","format":"standard","meta":{"footnotes":""},"categories":[14,25,82],"tags":[],"class_list":["post-47790","post","type-post","status-publish","format-standard","has-post-thumbnail","hentry","category-barretos","category-cidades","category-solidariedade"],"yoast_head":"<!-- This site is optimized with the Yoast SEO plugin v27.4 - https:\/\/yoast.com\/product\/yoast-seo-wordpress\/ -->\n<title>Fundo Social e Tiro de Guerra arrecadam alimentos em supermercados para fam\u00edlias carentes de Barretos - Regi\u00e3o News<\/title>\n<meta name=\"robots\" content=\"index, follow, max-snippet:-1, max-image-preview:large, max-video-preview:-1\" \/>\n<link rel=\"canonical\" href=\"https:\/\/regiaonews.net.br\/2022\/2021\/05\/28\/fundo-social-e-tiro-de-guerra-arrecadam-alimentos-em-supermercados-para-familias-carentes-de-barretos\/\" \/>\n<meta property=\"og:locale\" content=\"pt_BR\" \/>\n<meta property=\"og:type\" content=\"article\" \/>\n<meta property=\"og:title\" content=\"Fundo Social e Tiro de Guerra arrecadam alimentos em supermercados para fam\u00edlias carentes de Barretos - Regi\u00e3o News\" \/>\n<meta property=\"og:description\" content=\"Pelo segundo s\u00e1bado consecutivo, a parceria entre o Fundo Social\" \/>\n<meta property=\"og:url\" content=\"https:\/\/regiaonews.net.br\/2022\/2021\/05\/28\/fundo-social-e-tiro-de-guerra-arrecadam-alimentos-em-supermercados-para-familias-carentes-de-barretos\/\" \/>\n<meta property=\"og:site_name\" content=\"Regi\u00e3o News\" \/>\n<meta property=\"article:published_time\" content=\"2021-05-28T22:13:56+00:00\" \/>\n<meta property=\"og:image\" content=\"https:\/\/regiaonews.net.br\/2022\/wp-content\/uploads\/2021\/05\/FSS-E-TG.jpg\" \/>\n\t<meta property=\"og:image:width\" content=\"2048\" \/>\n\t<meta property=\"og:image:height\" content=\"1651\" \/>\n\t<meta property=\"og:image:type\" content=\"image\/jpeg\" \/>\n<meta name=\"author\" content=\"Roberto\" \/>\n<meta name=\"twitter:card\" content=\"summary_large_image\" \/>\n<meta name=\"twitter:label1\" content=\"Escrito por\" \/>\n\t<meta name=\"twitter:data1\" content=\"Roberto\" \/>\n\t<meta name=\"twitter:label2\" content=\"Est. tempo de leitura\" \/>\n\t<meta name=\"twitter:data2\" content=\"1 minuto\" \/>\n<script type=\"application\/ld+json\" class=\"yoast-schema-graph\">{\"@context\":\"https:\\\/\\\/schema.org\",\"@graph\":[{\"@type\":\"Article\",\"@id\":\"https:\\\/\\\/regiaonews.net.br\\\/2022\\\/2021\\\/05\\\/28\\\/fundo-social-e-tiro-de-guerra-arrecadam-alimentos-em-supermercados-para-familias-carentes-de-barretos\\\/#article\",\"isPartOf\":{\"@id\":\"https:\\\/\\\/regiaonews.net.br\\\/2022\\\/2021\\\/05\\\/28\\\/fundo-social-e-tiro-de-guerra-arrecadam-alimentos-em-supermercados-para-familias-carentes-de-barretos\\\/\"},\"author\":{\"name\":\"Roberto\",\"@id\":\"https:\\\/\\\/regiaonews.net.br\\\/2022\\\/#\\\/schema\\\/person\\\/2d205a608a5aa97ac279d7a5e6d89ad8\"},\"headline\":\"Fundo Social e Tiro de Guerra arrecadam alimentos em supermercados para fam\u00edlias carentes de Barretos\",\"datePublished\":\"2021-05-28T22:13:56+00:00\",\"mainEntityOfPage\":{\"@id\":\"https:\\\/\\\/regiaonews.net.br\\\/2022\\\/2021\\\/05\\\/28\\\/fundo-social-e-tiro-de-guerra-arrecadam-alimentos-em-supermercados-para-familias-carentes-de-barretos\\\/\"},\"wordCount\":275,\"commentCount\":0,\"publisher\":{\"@id\":\"https:\\\/\\\/regiaonews.net.br\\\/2022\\\/#organization\"},\"image\":{\"@id\":\"https:\\\/\\\/regiaonews.net.br\\\/2022\\\/2021\\\/05\\\/28\\\/fundo-social-e-tiro-de-guerra-arrecadam-alimentos-em-supermercados-para-familias-carentes-de-barretos\\\/#primaryimage\"},\"thumbnailUrl\":\"https:\\\/\\\/regiaonews.net.br\\\/2022\\\/wp-content\\\/uploads\\\/2021\\\/05\\\/FSS-E-TG.jpg\",\"articleSection\":[\"Barretos\",\"Cidades\",\"Solidariedade\"],\"inLanguage\":\"pt-BR\",\"potentialAction\":[{\"@type\":\"CommentAction\",\"name\":\"Comment\",\"target\":[\"https:\\\/\\\/regiaonews.net.br\\\/2022\\\/2021\\\/05\\\/28\\\/fundo-social-e-tiro-de-guerra-arrecadam-alimentos-em-supermercados-para-familias-carentes-de-barretos\\\/#respond\"]}]},{\"@type\":\"WebPage\",\"@id\":\"https:\\\/\\\/regiaonews.net.br\\\/2022\\\/2021\\\/05\\\/28\\\/fundo-social-e-tiro-de-guerra-arrecadam-alimentos-em-supermercados-para-familias-carentes-de-barretos\\\/\",\"url\":\"https:\\\/\\\/regiaonews.net.br\\\/2022\\\/2021\\\/05\\\/28\\\/fundo-social-e-tiro-de-guerra-arrecadam-alimentos-em-supermercados-para-familias-carentes-de-barretos\\\/\",\"name\":\"Fundo Social e Tiro de Guerra arrecadam alimentos em supermercados para fam\u00edlias carentes de Barretos - Regi\u00e3o News\",\"isPartOf\":{\"@id\":\"https:\\\/\\\/regiaonews.net.br\\\/2022\\\/#website\"},\"primaryImageOfPage\":{\"@id\":\"https:\\\/\\\/regiaonews.net.br\\\/2022\\\/2021\\\/05\\\/28\\\/fundo-social-e-tiro-de-guerra-arrecadam-alimentos-em-supermercados-para-familias-carentes-de-barretos\\\/#primaryimage\"},\"image\":{\"@id\":\"https:\\\/\\\/regiaonews.net.br\\\/2022\\\/2021\\\/05\\\/28\\\/fundo-social-e-tiro-de-guerra-arrecadam-alimentos-em-supermercados-para-familias-carentes-de-barretos\\\/#primaryimage\"},\"thumbnailUrl\":\"https:\\\/\\\/regiaonews.net.br\\\/2022\\\/wp-content\\\/uploads\\\/2021\\\/05\\\/FSS-E-TG.jpg\",\"datePublished\":\"2021-05-28T22:13:56+00:00\",\"breadcrumb\":{\"@id\":\"https:\\\/\\\/regiaonews.net.br\\\/2022\\\/2021\\\/05\\\/28\\\/fundo-social-e-tiro-de-guerra-arrecadam-alimentos-em-supermercados-para-familias-carentes-de-barretos\\\/#breadcrumb\"},\"inLanguage\":\"pt-BR\",\"potentialAction\":[{\"@type\":\"ReadAction\",\"target\":[\"https:\\\/\\\/regiaonews.net.br\\\/2022\\\/2021\\\/05\\\/28\\\/fundo-social-e-tiro-de-guerra-arrecadam-alimentos-em-supermercados-para-familias-carentes-de-barretos\\\/\"]}]},{\"@type\":\"ImageObject\",\"inLanguage\":\"pt-BR\",\"@id\":\"https:\\\/\\\/regiaonews.net.br\\\/2022\\\/2021\\\/05\\\/28\\\/fundo-social-e-tiro-de-guerra-arrecadam-alimentos-em-supermercados-para-familias-carentes-de-barretos\\\/#primaryimage\",\"url\":\"https:\\\/\\\/regiaonews.net.br\\\/2022\\\/wp-content\\\/uploads\\\/2021\\\/05\\\/FSS-E-TG.jpg\",\"contentUrl\":\"https:\\\/\\\/regiaonews.net.br\\\/2022\\\/wp-content\\\/uploads\\\/2021\\\/05\\\/FSS-E-TG.jpg\",\"width\":2048,\"height\":1651},{\"@type\":\"BreadcrumbList\",\"@id\":\"https:\\\/\\\/regiaonews.net.br\\\/2022\\\/2021\\\/05\\\/28\\\/fundo-social-e-tiro-de-guerra-arrecadam-alimentos-em-supermercados-para-familias-carentes-de-barretos\\\/#breadcrumb\",\"itemListElement\":[{\"@type\":\"ListItem\",\"position\":1,\"name\":\"In\u00edcio\",\"item\":\"https:\\\/\\\/regiaonews.net.br\\\/2022\\\/\"},{\"@type\":\"ListItem\",\"position\":2,\"name\":\"Fundo Social e Tiro de Guerra arrecadam alimentos em supermercados para fam\u00edlias carentes de Barretos\"}]},{\"@type\":\"WebSite\",\"@id\":\"https:\\\/\\\/regiaonews.net.br\\\/2022\\\/#website\",\"url\":\"https:\\\/\\\/regiaonews.net.br\\\/2022\\\/\",\"name\":\"Regi\u00e3o News\",\"description\":\"Site de Not\u00edcias de Barretos e regi\u00e3o\",\"publisher\":{\"@id\":\"https:\\\/\\\/regiaonews.net.br\\\/2022\\\/#organization\"},\"potentialAction\":[{\"@type\":\"SearchAction\",\"target\":{\"@type\":\"EntryPoint\",\"urlTemplate\":\"https:\\\/\\\/regiaonews.net.br\\\/2022\\\/?s={search_term_string}\"},\"query-input\":{\"@type\":\"PropertyValueSpecification\",\"valueRequired\":true,\"valueName\":\"search_term_string\"}}],\"inLanguage\":\"pt-BR\"},{\"@type\":\"Organization\",\"@id\":\"https:\\\/\\\/regiaonews.net.br\\\/2022\\\/#organization\",\"name\":\"Regi\u00e3o News\",\"url\":\"https:\\\/\\\/regiaonews.net.br\\\/2022\\\/\",\"logo\":{\"@type\":\"ImageObject\",\"inLanguage\":\"pt-BR\",\"@id\":\"https:\\\/\\\/regiaonews.net.br\\\/2022\\\/#\\\/schema\\\/logo\\\/image\\\/\",\"url\":\"https:\\\/\\\/regiaonews.net.br\\\/2022\\\/wp-content\\\/uploads\\\/2026\\\/03\\\/regiao-13-anos-scaled.jpg\",\"contentUrl\":\"https:\\\/\\\/regiaonews.net.br\\\/2022\\\/wp-content\\\/uploads\\\/2026\\\/03\\\/regiao-13-anos-scaled.jpg\",\"width\":2560,\"height\":635,\"caption\":\"Regi\u00e3o News\"},\"image\":{\"@id\":\"https:\\\/\\\/regiaonews.net.br\\\/2022\\\/#\\\/schema\\\/logo\\\/image\\\/\"}},{\"@type\":\"Person\",\"@id\":\"https:\\\/\\\/regiaonews.net.br\\\/2022\\\/#\\\/schema\\\/person\\\/2d205a608a5aa97ac279d7a5e6d89ad8\",\"name\":\"Roberto\",\"image\":{\"@type\":\"ImageObject\",\"inLanguage\":\"pt-BR\",\"@id\":\"https:\\\/\\\/secure.gravatar.com\\\/avatar\\\/42749d8b712ff9d59ca93dc150494e5b55a44134482993f5baeb97e61b7ecc89?s=96&d=mm&r=g\",\"url\":\"https:\\\/\\\/secure.gravatar.com\\\/avatar\\\/42749d8b712ff9d59ca93dc150494e5b55a44134482993f5baeb97e61b7ecc89?s=96&d=mm&r=g\",\"contentUrl\":\"https:\\\/\\\/secure.gravatar.com\\\/avatar\\\/42749d8b712ff9d59ca93dc150494e5b55a44134482993f5baeb97e61b7ecc89?s=96&d=mm&r=g\",\"caption\":\"Roberto\"},\"url\":\"https:\\\/\\\/regiaonews.net.br\\\/2022\\\/author\\\/roberto\\\/\"}]}<\/script>\n<!-- \/ Yoast SEO plugin. -->","yoast_head_json":{"title":"Fundo Social e Tiro de Guerra arrecadam alimentos em supermercados para fam\u00edlias carentes de Barretos - Regi\u00e3o News","robots":{"index":"index","follow":"follow","max-snippet":"max-snippet:-1","max-image-preview":"max-image-preview:large","max-video-preview":"max-video-preview:-1"},"canonical":"https:\/\/regiaonews.net.br\/2022\/2021\/05\/28\/fundo-social-e-tiro-de-guerra-arrecadam-alimentos-em-supermercados-para-familias-carentes-de-barretos\/","og_locale":"pt_BR","og_type":"article","og_title":"Fundo Social e Tiro de Guerra arrecadam alimentos em supermercados para fam\u00edlias carentes de Barretos - Regi\u00e3o News","og_description":"Pelo segundo s\u00e1bado consecutivo, a parceria entre o Fundo Social","og_url":"https:\/\/regiaonews.net.br\/2022\/2021\/05\/28\/fundo-social-e-tiro-de-guerra-arrecadam-alimentos-em-supermercados-para-familias-carentes-de-barretos\/","og_site_name":"Regi\u00e3o News","article_published_time":"2021-05-28T22:13:56+00:00","og_image":[{"width":2048,"height":1651,"url":"https:\/\/regiaonews.net.br\/2022\/wp-content\/uploads\/2021\/05\/FSS-E-TG.jpg","type":"image\/jpeg"}],"author":"Roberto","twitter_card":"summary_large_image","twitter_misc":{"Escrito por":"Roberto","Est. tempo de leitura":"1 minuto"},"schema":{"@context":"https:\/\/schema.org","@graph":[{"@type":"Article","@id":"https:\/\/regiaonews.net.br\/2022\/2021\/05\/28\/fundo-social-e-tiro-de-guerra-arrecadam-alimentos-em-supermercados-para-familias-carentes-de-barretos\/#article","isPartOf":{"@id":"https:\/\/regiaonews.net.br\/2022\/2021\/05\/28\/fundo-social-e-tiro-de-guerra-arrecadam-alimentos-em-supermercados-para-familias-carentes-de-barretos\/"},"author":{"name":"Roberto","@id":"https:\/\/regiaonews.net.br\/2022\/#\/schema\/person\/2d205a608a5aa97ac279d7a5e6d89ad8"},"headline":"Fundo Social e Tiro de Guerra arrecadam alimentos em supermercados para fam\u00edlias carentes de Barretos","datePublished":"2021-05-28T22:13:56+00:00","mainEntityOfPage":{"@id":"https:\/\/regiaonews.net.br\/2022\/2021\/05\/28\/fundo-social-e-tiro-de-guerra-arrecadam-alimentos-em-supermercados-para-familias-carentes-de-barretos\/"},"wordCount":275,"commentCount":0,"publisher":{"@id":"https:\/\/regiaonews.net.br\/2022\/#organization"},"image":{"@id":"https:\/\/regiaonews.net.br\/2022\/2021\/05\/28\/fundo-social-e-tiro-de-guerra-arrecadam-alimentos-em-supermercados-para-familias-carentes-de-barretos\/#primaryimage"},"thumbnailUrl":"https:\/\/regiaonews.net.br\/2022\/wp-content\/uploads\/2021\/05\/FSS-E-TG.jpg","articleSection":["Barretos","Cidades","Solidariedade"],"inLanguage":"pt-BR","potentialAction":[{"@type":"CommentAction","name":"Comment","target":["https:\/\/regiaonews.net.br\/2022\/2021\/05\/28\/fundo-social-e-tiro-de-guerra-arrecadam-alimentos-em-supermercados-para-familias-carentes-de-barretos\/#respond"]}]},{"@type":"WebPage","@id":"https:\/\/regiaonews.net.br\/2022\/2021\/05\/28\/fundo-social-e-tiro-de-guerra-arrecadam-alimentos-em-supermercados-para-familias-carentes-de-barretos\/","url":"https:\/\/regiaonews.net.br\/2022\/2021\/05\/28\/fundo-social-e-tiro-de-guerra-arrecadam-alimentos-em-supermercados-para-familias-carentes-de-barretos\/","name":"Fundo Social e Tiro de Guerra arrecadam alimentos em supermercados para fam\u00edlias carentes de Barretos - Regi\u00e3o News","isPartOf":{"@id":"https:\/\/regiaonews.net.br\/2022\/#website"},"primaryImageOfPage":{"@id":"https:\/\/regiaonews.net.br\/2022\/2021\/05\/28\/fundo-social-e-tiro-de-guerra-arrecadam-alimentos-em-supermercados-para-familias-carentes-de-barretos\/#primaryimage"},"image":{"@id":"https:\/\/regiaonews.net.br\/2022\/2021\/05\/28\/fundo-social-e-tiro-de-guerra-arrecadam-alimentos-em-supermercados-para-familias-carentes-de-barretos\/#primaryimage"},"thumbnailUrl":"https:\/\/regiaonews.net.br\/2022\/wp-content\/uploads\/2021\/05\/FSS-E-TG.jpg","datePublished":"2021-05-28T22:13:56+00:00","breadcrumb":{"@id":"https:\/\/regiaonews.net.br\/2022\/2021\/05\/28\/fundo-social-e-tiro-de-guerra-arrecadam-alimentos-em-supermercados-para-familias-carentes-de-barretos\/#breadcrumb"},"inLanguage":"pt-BR","potentialAction":[{"@type":"ReadAction","target":["https:\/\/regiaonews.net.br\/2022\/2021\/05\/28\/fundo-social-e-tiro-de-guerra-arrecadam-alimentos-em-supermercados-para-familias-carentes-de-barretos\/"]}]},{"@type":"ImageObject","inLanguage":"pt-BR","@id":"https:\/\/regiaonews.net.br\/2022\/2021\/05\/28\/fundo-social-e-tiro-de-guerra-arrecadam-alimentos-em-supermercados-para-familias-carentes-de-barretos\/#primaryimage","url":"https:\/\/regiaonews.net.br\/2022\/wp-content\/uploads\/2021\/05\/FSS-E-TG.jpg","contentUrl":"https:\/\/regiaonews.net.br\/2022\/wp-content\/uploads\/2021\/05\/FSS-E-TG.jpg","width":2048,"height":1651},{"@type":"BreadcrumbList","@id":"https:\/\/regiaonews.net.br\/2022\/2021\/05\/28\/fundo-social-e-tiro-de-guerra-arrecadam-alimentos-em-supermercados-para-familias-carentes-de-barretos\/#breadcrumb","itemListElement":[{"@type":"ListItem","position":1,"name":"In\u00edcio","item":"https:\/\/regiaonews.net.br\/2022\/"},{"@type":"ListItem","position":2,"name":"Fundo Social e Tiro de Guerra arrecadam alimentos em supermercados para fam\u00edlias carentes de Barretos"}]},{"@type":"WebSite","@id":"https:\/\/regiaonews.net.br\/2022\/#website","url":"https:\/\/regiaonews.net.br\/2022\/","name":"Regi\u00e3o News","description":"Site de Not\u00edcias de Barretos e regi\u00e3o","publisher":{"@id":"https:\/\/regiaonews.net.br\/2022\/#organization"},"potentialAction":[{"@type":"SearchAction","target":{"@type":"EntryPoint","urlTemplate":"https:\/\/regiaonews.net.br\/2022\/?s={search_term_string}"},"query-input":{"@type":"PropertyValueSpecification","valueRequired":true,"valueName":"search_term_string"}}],"inLanguage":"pt-BR"},{"@type":"Organization","@id":"https:\/\/regiaonews.net.br\/2022\/#organization","name":"Regi\u00e3o News","url":"https:\/\/regiaonews.net.br\/2022\/","logo":{"@type":"ImageObject","inLanguage":"pt-BR","@id":"https:\/\/regiaonews.net.br\/2022\/#\/schema\/logo\/image\/","url":"https:\/\/regiaonews.net.br\/2022\/wp-content\/uploads\/2026\/03\/regiao-13-anos-scaled.jpg","contentUrl":"https:\/\/regiaonews.net.br\/2022\/wp-content\/uploads\/2026\/03\/regiao-13-anos-scaled.jpg","width":2560,"height":635,"caption":"Regi\u00e3o News"},"image":{"@id":"https:\/\/regiaonews.net.br\/2022\/#\/schema\/logo\/image\/"}},{"@type":"Person","@id":"https:\/\/regiaonews.net.br\/2022\/#\/schema\/person\/2d205a608a5aa97ac279d7a5e6d89ad8","name":"Roberto","image":{"@type":"ImageObject","inLanguage":"pt-BR","@id":"https:\/\/secure.gravatar.com\/avatar\/42749d8b712ff9d59ca93dc150494e5b55a44134482993f5baeb97e61b7ecc89?s=96&d=mm&r=g","url":"https:\/\/secure.gravatar.com\/avatar\/42749d8b712ff9d59ca93dc150494e5b55a44134482993f5baeb97e61b7ecc89?s=96&d=mm&r=g","contentUrl":"https:\/\/secure.gravatar.com\/avatar\/42749d8b712ff9d59ca93dc150494e5b55a44134482993f5baeb97e61b7ecc89?s=96&d=mm&r=g","caption":"Roberto"},"url":"https:\/\/regiaonews.net.br\/2022\/author\/roberto\/"}]}},"publishpress_future_action":{"enabled":false,"date":"2026-05-02 07:15:26","action":"change-status","newStatus":"draft","terms":[],"taxonomy":"category","extraData":[]},"publishpress_future_workflow_manual_trigger":{"enabledWorkflows":[]},"_links":{"self":[{"href":"https:\/\/regiaonews.net.br\/2022\/wp-json\/wp\/v2\/posts\/47790","targetHints":{"allow":["GET"]}}],"collection":[{"href":"https:\/\/regiaonews.net.br\/2022\/wp-json\/wp\/v2\/posts"}],"about":[{"href":"https:\/\/regiaonews.net.br\/2022\/wp-json\/wp\/v2\/types\/post"}],"author":[{"embeddable":true,"href":"https:\/\/regiaonews.net.br\/2022\/wp-json\/wp\/v2\/users\/2"}],"replies":[{"embeddable":true,"href":"https:\/\/regiaonews.net.br\/2022\/wp-json\/wp\/v2\/comments?post=47790"}],"version-history":[{"count":0,"href":"https:\/\/regiaonews.net.br\/2022\/wp-json\/wp\/v2\/posts\/47790\/revisions"}],"wp:featuredmedia":[{"embeddable":true,"href":"https:\/\/regiaonews.net.br\/2022\/wp-json\/wp\/v2\/media\/47791"}],"wp:attachment":[{"href":"https:\/\/regiaonews.net.br\/2022\/wp-json\/wp\/v2\/media?parent=47790"}],"wp:term":[{"taxonomy":"category","embeddable":true,"href":"https:\/\/regiaonews.net.br\/2022\/wp-json\/wp\/v2\/categories?post=47790"},{"taxonomy":"post_tag","embeddable":true,"href":"https:\/\/regiaonews.net.br\/2022\/wp-json\/wp\/v2\/tags?post=47790"}],"curies":[{"name":"wp","href":"https:\/\/api.w.org\/{rel}","templated":true}]}}