{"id":47592,"date":"2021-05-24T18:44:43","date_gmt":"2021-05-24T21:44:43","guid":{"rendered":"https:\/\/regiaonews.net.br\/2022\/?p=47592"},"modified":"2021-05-24T23:46:51","modified_gmt":"2021-05-25T02:46:51","slug":"cinturao-de-obras-mostra-organizacao-financeira-e-competencia-de-projetos-da-administracao-municipal","status":"publish","type":"post","link":"https:\/\/regiaonews.net.br\/2022\/2021\/05\/24\/cinturao-de-obras-mostra-organizacao-financeira-e-competencia-de-projetos-da-administracao-municipal\/","title":{"rendered":"\u201cCintur\u00e3o de Obras\u201d  mostra organiza\u00e7\u00e3o financeira e projeto da prefeitura de Gua\u00edra"},"content":{"rendered":"<p><a href=\"https:\/\/regiaonews.net.br\/2022\/wp-content\/uploads\/2021\/05\/foto-materia-cinturao.jpeg\"><img loading=\"lazy\" decoding=\"async\" class=\"alignnone size-medium wp-image-47593\" src=\"https:\/\/regiaonews.net.br\/2022\/wp-content\/uploads\/2021\/05\/foto-materia-cinturao-300x192.jpeg\" alt=\"\" width=\"300\" height=\"192\" \/><\/a><\/p>\n<p>Constru\u00e7\u00e3o da Primeira UTI da hist\u00f3ria da sa\u00fade municipal, Cria\u00e7\u00e3o do Centro de Diagnose da Santa Casa, In\u00edcio das Atividades do Tom\u00f3grafo, Base integrada do Corpo de Bombeiros e da Guarda Civil Municipal, Interliga\u00e7\u00e3o do Esgoto da Cidade \u00e0 Nova Esta\u00e7\u00e3o de Tratamento, Desativa\u00e7\u00e3o das Lagoas de Estabiliza\u00e7\u00e3o, Constru\u00e7\u00e3o das 232\u00a0 Novas Casas Populares, a Conclus\u00e3o das Obras da Nova Esta\u00e7\u00e3o de Tratamento de Santa Quit\u00e9ria,\u00a0 Reforma e Amplia\u00e7\u00e3o do Est\u00e1dio Jos\u00e9 Zuquim Nogueira e das Quadras Ramize Elias, integrando as duas pra\u00e7as esportivas em um mesmo complexo;\u00a0 Reforma e Amplia\u00e7\u00e3o do PSF do Bairro N\u00e1dia, Ilumina\u00e7\u00e3o de LED na Regi\u00e3o Central da Cidade.<\/p>\n<p>&nbsp;<\/p>\n<p>O an\u00fancio sequencial de realiza\u00e7\u00f5es e projetos pelo Executivo j\u00e1 est\u00e1 sendo chamado de \u201cCintur\u00e3o de Obras\u201d. A cada semana, o prefeito Edvaldo Morais anuncia editais de licita\u00e7\u00e3o de obras que est\u00e3o \u201cdestravando\u201d demandas de diferentes setores da governan\u00e7a p\u00fablica em Gua\u00edra.\u00a0 O objetivo \u00e9 transformar a cidade em um dos maiores canteiros de obras do interior paulista. \u201cA organiza\u00e7\u00e3o financeira do nosso governo e o desenvolvimento competente de projetos vi\u00e1veis permitem que possamos fazer muito em pouco tempo. Assumimos uma prefeitura com a casa organizada e imprimimos um ritmo fren\u00e9tico de trabalho. Queremos responder \u00e0s expectativas da popula\u00e7\u00e3o com desenvolvimento concreto. Estamos conseguindo\u201d, afirmou o Chefe do Executivo ao comentar o \u201cCintur\u00e3o de Obras\u201d que ser\u00e1 se formando em Gua\u00edra a partir de suas decis\u00f5es.<\/p>\n<p>&nbsp;<\/p>\n","protected":false},"excerpt":{"rendered":"<p>Constru\u00e7\u00e3o da Primeira UTI da hist\u00f3ria da sa\u00fade municipal, Cria\u00e7\u00e3o<\/p>\n","protected":false},"author":2,"featured_media":47593,"comment_status":"open","ping_status":"open","sticky":false,"template":"","format":"standard","meta":{"footnotes":""},"categories":[25,8],"tags":[],"class_list":["post-47592","post","type-post","status-publish","format-standard","has-post-thumbnail","hentry","category-cidades","category-guaira"],"yoast_head":"<!-- This site is optimized with the Yoast SEO plugin v27.4 - https:\/\/yoast.com\/product\/yoast-seo-wordpress\/ -->\n<title>\u201cCintur\u00e3o de Obras\u201d mostra organiza\u00e7\u00e3o financeira e projeto da prefeitura de Gua\u00edra - Regi\u00e3o News<\/title>\n<meta name=\"robots\" content=\"index, follow, max-snippet:-1, max-image-preview:large, max-video-preview:-1\" \/>\n<link rel=\"canonical\" href=\"https:\/\/regiaonews.net.br\/2022\/2021\/05\/24\/cinturao-de-obras-mostra-organizacao-financeira-e-competencia-de-projetos-da-administracao-municipal\/\" \/>\n<meta property=\"og:locale\" content=\"pt_BR\" \/>\n<meta property=\"og:type\" content=\"article\" \/>\n<meta property=\"og:title\" content=\"\u201cCintur\u00e3o de Obras\u201d mostra organiza\u00e7\u00e3o financeira e projeto da prefeitura de Gua\u00edra - Regi\u00e3o News\" \/>\n<meta property=\"og:description\" content=\"Constru\u00e7\u00e3o da Primeira UTI da hist\u00f3ria da sa\u00fade municipal, Cria\u00e7\u00e3o\" \/>\n<meta property=\"og:url\" content=\"https:\/\/regiaonews.net.br\/2022\/2021\/05\/24\/cinturao-de-obras-mostra-organizacao-financeira-e-competencia-de-projetos-da-administracao-municipal\/\" \/>\n<meta property=\"og:site_name\" content=\"Regi\u00e3o News\" \/>\n<meta property=\"article:published_time\" content=\"2021-05-24T21:44:43+00:00\" \/>\n<meta property=\"article:modified_time\" content=\"2021-05-25T02:46:51+00:00\" \/>\n<meta property=\"og:image\" content=\"https:\/\/regiaonews.net.br\/2022\/wp-content\/uploads\/2021\/05\/foto-materia-cinturao.jpeg\" \/>\n\t<meta property=\"og:image:width\" content=\"1000\" \/>\n\t<meta property=\"og:image:height\" content=\"640\" \/>\n\t<meta property=\"og:image:type\" content=\"image\/jpeg\" \/>\n<meta name=\"author\" content=\"Roberto\" \/>\n<meta name=\"twitter:card\" content=\"summary_large_image\" \/>\n<meta name=\"twitter:label1\" content=\"Escrito por\" \/>\n\t<meta name=\"twitter:data1\" content=\"Roberto\" \/>\n\t<meta name=\"twitter:label2\" content=\"Est. tempo de leitura\" \/>\n\t<meta name=\"twitter:data2\" content=\"1 minuto\" \/>\n<script type=\"application\/ld+json\" class=\"yoast-schema-graph\">{\"@context\":\"https:\\\/\\\/schema.org\",\"@graph\":[{\"@type\":\"Article\",\"@id\":\"https:\\\/\\\/regiaonews.net.br\\\/2022\\\/2021\\\/05\\\/24\\\/cinturao-de-obras-mostra-organizacao-financeira-e-competencia-de-projetos-da-administracao-municipal\\\/#article\",\"isPartOf\":{\"@id\":\"https:\\\/\\\/regiaonews.net.br\\\/2022\\\/2021\\\/05\\\/24\\\/cinturao-de-obras-mostra-organizacao-financeira-e-competencia-de-projetos-da-administracao-municipal\\\/\"},\"author\":{\"name\":\"Roberto\",\"@id\":\"https:\\\/\\\/regiaonews.net.br\\\/2022\\\/#\\\/schema\\\/person\\\/2d205a608a5aa97ac279d7a5e6d89ad8\"},\"headline\":\"\u201cCintur\u00e3o de Obras\u201d mostra organiza\u00e7\u00e3o financeira e projeto da prefeitura de Gua\u00edra\",\"datePublished\":\"2021-05-24T21:44:43+00:00\",\"dateModified\":\"2021-05-25T02:46:51+00:00\",\"mainEntityOfPage\":{\"@id\":\"https:\\\/\\\/regiaonews.net.br\\\/2022\\\/2021\\\/05\\\/24\\\/cinturao-de-obras-mostra-organizacao-financeira-e-competencia-de-projetos-da-administracao-municipal\\\/\"},\"wordCount\":280,\"commentCount\":0,\"publisher\":{\"@id\":\"https:\\\/\\\/regiaonews.net.br\\\/2022\\\/#organization\"},\"image\":{\"@id\":\"https:\\\/\\\/regiaonews.net.br\\\/2022\\\/2021\\\/05\\\/24\\\/cinturao-de-obras-mostra-organizacao-financeira-e-competencia-de-projetos-da-administracao-municipal\\\/#primaryimage\"},\"thumbnailUrl\":\"https:\\\/\\\/regiaonews.net.br\\\/2022\\\/wp-content\\\/uploads\\\/2021\\\/05\\\/foto-materia-cinturao.jpeg\",\"articleSection\":[\"Cidades\",\"Gua\u00edra\"],\"inLanguage\":\"pt-BR\",\"potentialAction\":[{\"@type\":\"CommentAction\",\"name\":\"Comment\",\"target\":[\"https:\\\/\\\/regiaonews.net.br\\\/2022\\\/2021\\\/05\\\/24\\\/cinturao-de-obras-mostra-organizacao-financeira-e-competencia-de-projetos-da-administracao-municipal\\\/#respond\"]}]},{\"@type\":\"WebPage\",\"@id\":\"https:\\\/\\\/regiaonews.net.br\\\/2022\\\/2021\\\/05\\\/24\\\/cinturao-de-obras-mostra-organizacao-financeira-e-competencia-de-projetos-da-administracao-municipal\\\/\",\"url\":\"https:\\\/\\\/regiaonews.net.br\\\/2022\\\/2021\\\/05\\\/24\\\/cinturao-de-obras-mostra-organizacao-financeira-e-competencia-de-projetos-da-administracao-municipal\\\/\",\"name\":\"\u201cCintur\u00e3o de Obras\u201d mostra organiza\u00e7\u00e3o financeira e projeto da prefeitura de Gua\u00edra - Regi\u00e3o News\",\"isPartOf\":{\"@id\":\"https:\\\/\\\/regiaonews.net.br\\\/2022\\\/#website\"},\"primaryImageOfPage\":{\"@id\":\"https:\\\/\\\/regiaonews.net.br\\\/2022\\\/2021\\\/05\\\/24\\\/cinturao-de-obras-mostra-organizacao-financeira-e-competencia-de-projetos-da-administracao-municipal\\\/#primaryimage\"},\"image\":{\"@id\":\"https:\\\/\\\/regiaonews.net.br\\\/2022\\\/2021\\\/05\\\/24\\\/cinturao-de-obras-mostra-organizacao-financeira-e-competencia-de-projetos-da-administracao-municipal\\\/#primaryimage\"},\"thumbnailUrl\":\"https:\\\/\\\/regiaonews.net.br\\\/2022\\\/wp-content\\\/uploads\\\/2021\\\/05\\\/foto-materia-cinturao.jpeg\",\"datePublished\":\"2021-05-24T21:44:43+00:00\",\"dateModified\":\"2021-05-25T02:46:51+00:00\",\"breadcrumb\":{\"@id\":\"https:\\\/\\\/regiaonews.net.br\\\/2022\\\/2021\\\/05\\\/24\\\/cinturao-de-obras-mostra-organizacao-financeira-e-competencia-de-projetos-da-administracao-municipal\\\/#breadcrumb\"},\"inLanguage\":\"pt-BR\",\"potentialAction\":[{\"@type\":\"ReadAction\",\"target\":[\"https:\\\/\\\/regiaonews.net.br\\\/2022\\\/2021\\\/05\\\/24\\\/cinturao-de-obras-mostra-organizacao-financeira-e-competencia-de-projetos-da-administracao-municipal\\\/\"]}]},{\"@type\":\"ImageObject\",\"inLanguage\":\"pt-BR\",\"@id\":\"https:\\\/\\\/regiaonews.net.br\\\/2022\\\/2021\\\/05\\\/24\\\/cinturao-de-obras-mostra-organizacao-financeira-e-competencia-de-projetos-da-administracao-municipal\\\/#primaryimage\",\"url\":\"https:\\\/\\\/regiaonews.net.br\\\/2022\\\/wp-content\\\/uploads\\\/2021\\\/05\\\/foto-materia-cinturao.jpeg\",\"contentUrl\":\"https:\\\/\\\/regiaonews.net.br\\\/2022\\\/wp-content\\\/uploads\\\/2021\\\/05\\\/foto-materia-cinturao.jpeg\",\"width\":1000,\"height\":640},{\"@type\":\"BreadcrumbList\",\"@id\":\"https:\\\/\\\/regiaonews.net.br\\\/2022\\\/2021\\\/05\\\/24\\\/cinturao-de-obras-mostra-organizacao-financeira-e-competencia-de-projetos-da-administracao-municipal\\\/#breadcrumb\",\"itemListElement\":[{\"@type\":\"ListItem\",\"position\":1,\"name\":\"In\u00edcio\",\"item\":\"https:\\\/\\\/regiaonews.net.br\\\/2022\\\/\"},{\"@type\":\"ListItem\",\"position\":2,\"name\":\"\u201cCintur\u00e3o de Obras\u201d mostra organiza\u00e7\u00e3o financeira e projeto da prefeitura de Gua\u00edra\"}]},{\"@type\":\"WebSite\",\"@id\":\"https:\\\/\\\/regiaonews.net.br\\\/2022\\\/#website\",\"url\":\"https:\\\/\\\/regiaonews.net.br\\\/2022\\\/\",\"name\":\"Regi\u00e3o News\",\"description\":\"Site de Not\u00edcias de Barretos e regi\u00e3o\",\"publisher\":{\"@id\":\"https:\\\/\\\/regiaonews.net.br\\\/2022\\\/#organization\"},\"potentialAction\":[{\"@type\":\"SearchAction\",\"target\":{\"@type\":\"EntryPoint\",\"urlTemplate\":\"https:\\\/\\\/regiaonews.net.br\\\/2022\\\/?s={search_term_string}\"},\"query-input\":{\"@type\":\"PropertyValueSpecification\",\"valueRequired\":true,\"valueName\":\"search_term_string\"}}],\"inLanguage\":\"pt-BR\"},{\"@type\":\"Organization\",\"@id\":\"https:\\\/\\\/regiaonews.net.br\\\/2022\\\/#organization\",\"name\":\"Regi\u00e3o News\",\"url\":\"https:\\\/\\\/regiaonews.net.br\\\/2022\\\/\",\"logo\":{\"@type\":\"ImageObject\",\"inLanguage\":\"pt-BR\",\"@id\":\"https:\\\/\\\/regiaonews.net.br\\\/2022\\\/#\\\/schema\\\/logo\\\/image\\\/\",\"url\":\"https:\\\/\\\/regiaonews.net.br\\\/2022\\\/wp-content\\\/uploads\\\/2026\\\/03\\\/regiao-13-anos-scaled.jpg\",\"contentUrl\":\"https:\\\/\\\/regiaonews.net.br\\\/2022\\\/wp-content\\\/uploads\\\/2026\\\/03\\\/regiao-13-anos-scaled.jpg\",\"width\":2560,\"height\":635,\"caption\":\"Regi\u00e3o News\"},\"image\":{\"@id\":\"https:\\\/\\\/regiaonews.net.br\\\/2022\\\/#\\\/schema\\\/logo\\\/image\\\/\"}},{\"@type\":\"Person\",\"@id\":\"https:\\\/\\\/regiaonews.net.br\\\/2022\\\/#\\\/schema\\\/person\\\/2d205a608a5aa97ac279d7a5e6d89ad8\",\"name\":\"Roberto\",\"image\":{\"@type\":\"ImageObject\",\"inLanguage\":\"pt-BR\",\"@id\":\"https:\\\/\\\/secure.gravatar.com\\\/avatar\\\/42749d8b712ff9d59ca93dc150494e5b55a44134482993f5baeb97e61b7ecc89?s=96&d=mm&r=g\",\"url\":\"https:\\\/\\\/secure.gravatar.com\\\/avatar\\\/42749d8b712ff9d59ca93dc150494e5b55a44134482993f5baeb97e61b7ecc89?s=96&d=mm&r=g\",\"contentUrl\":\"https:\\\/\\\/secure.gravatar.com\\\/avatar\\\/42749d8b712ff9d59ca93dc150494e5b55a44134482993f5baeb97e61b7ecc89?s=96&d=mm&r=g\",\"caption\":\"Roberto\"},\"url\":\"https:\\\/\\\/regiaonews.net.br\\\/2022\\\/author\\\/roberto\\\/\"}]}<\/script>\n<!-- \/ Yoast SEO plugin. -->","yoast_head_json":{"title":"\u201cCintur\u00e3o de Obras\u201d mostra organiza\u00e7\u00e3o financeira e projeto da prefeitura de Gua\u00edra - Regi\u00e3o News","robots":{"index":"index","follow":"follow","max-snippet":"max-snippet:-1","max-image-preview":"max-image-preview:large","max-video-preview":"max-video-preview:-1"},"canonical":"https:\/\/regiaonews.net.br\/2022\/2021\/05\/24\/cinturao-de-obras-mostra-organizacao-financeira-e-competencia-de-projetos-da-administracao-municipal\/","og_locale":"pt_BR","og_type":"article","og_title":"\u201cCintur\u00e3o de Obras\u201d mostra organiza\u00e7\u00e3o financeira e projeto da prefeitura de Gua\u00edra - Regi\u00e3o News","og_description":"Constru\u00e7\u00e3o da Primeira UTI da hist\u00f3ria da sa\u00fade municipal, Cria\u00e7\u00e3o","og_url":"https:\/\/regiaonews.net.br\/2022\/2021\/05\/24\/cinturao-de-obras-mostra-organizacao-financeira-e-competencia-de-projetos-da-administracao-municipal\/","og_site_name":"Regi\u00e3o News","article_published_time":"2021-05-24T21:44:43+00:00","article_modified_time":"2021-05-25T02:46:51+00:00","og_image":[{"width":1000,"height":640,"url":"https:\/\/regiaonews.net.br\/2022\/wp-content\/uploads\/2021\/05\/foto-materia-cinturao.jpeg","type":"image\/jpeg"}],"author":"Roberto","twitter_card":"summary_large_image","twitter_misc":{"Escrito por":"Roberto","Est. tempo de leitura":"1 minuto"},"schema":{"@context":"https:\/\/schema.org","@graph":[{"@type":"Article","@id":"https:\/\/regiaonews.net.br\/2022\/2021\/05\/24\/cinturao-de-obras-mostra-organizacao-financeira-e-competencia-de-projetos-da-administracao-municipal\/#article","isPartOf":{"@id":"https:\/\/regiaonews.net.br\/2022\/2021\/05\/24\/cinturao-de-obras-mostra-organizacao-financeira-e-competencia-de-projetos-da-administracao-municipal\/"},"author":{"name":"Roberto","@id":"https:\/\/regiaonews.net.br\/2022\/#\/schema\/person\/2d205a608a5aa97ac279d7a5e6d89ad8"},"headline":"\u201cCintur\u00e3o de Obras\u201d mostra organiza\u00e7\u00e3o financeira e projeto da prefeitura de Gua\u00edra","datePublished":"2021-05-24T21:44:43+00:00","dateModified":"2021-05-25T02:46:51+00:00","mainEntityOfPage":{"@id":"https:\/\/regiaonews.net.br\/2022\/2021\/05\/24\/cinturao-de-obras-mostra-organizacao-financeira-e-competencia-de-projetos-da-administracao-municipal\/"},"wordCount":280,"commentCount":0,"publisher":{"@id":"https:\/\/regiaonews.net.br\/2022\/#organization"},"image":{"@id":"https:\/\/regiaonews.net.br\/2022\/2021\/05\/24\/cinturao-de-obras-mostra-organizacao-financeira-e-competencia-de-projetos-da-administracao-municipal\/#primaryimage"},"thumbnailUrl":"https:\/\/regiaonews.net.br\/2022\/wp-content\/uploads\/2021\/05\/foto-materia-cinturao.jpeg","articleSection":["Cidades","Gua\u00edra"],"inLanguage":"pt-BR","potentialAction":[{"@type":"CommentAction","name":"Comment","target":["https:\/\/regiaonews.net.br\/2022\/2021\/05\/24\/cinturao-de-obras-mostra-organizacao-financeira-e-competencia-de-projetos-da-administracao-municipal\/#respond"]}]},{"@type":"WebPage","@id":"https:\/\/regiaonews.net.br\/2022\/2021\/05\/24\/cinturao-de-obras-mostra-organizacao-financeira-e-competencia-de-projetos-da-administracao-municipal\/","url":"https:\/\/regiaonews.net.br\/2022\/2021\/05\/24\/cinturao-de-obras-mostra-organizacao-financeira-e-competencia-de-projetos-da-administracao-municipal\/","name":"\u201cCintur\u00e3o de Obras\u201d mostra organiza\u00e7\u00e3o financeira e projeto da prefeitura de Gua\u00edra - Regi\u00e3o News","isPartOf":{"@id":"https:\/\/regiaonews.net.br\/2022\/#website"},"primaryImageOfPage":{"@id":"https:\/\/regiaonews.net.br\/2022\/2021\/05\/24\/cinturao-de-obras-mostra-organizacao-financeira-e-competencia-de-projetos-da-administracao-municipal\/#primaryimage"},"image":{"@id":"https:\/\/regiaonews.net.br\/2022\/2021\/05\/24\/cinturao-de-obras-mostra-organizacao-financeira-e-competencia-de-projetos-da-administracao-municipal\/#primaryimage"},"thumbnailUrl":"https:\/\/regiaonews.net.br\/2022\/wp-content\/uploads\/2021\/05\/foto-materia-cinturao.jpeg","datePublished":"2021-05-24T21:44:43+00:00","dateModified":"2021-05-25T02:46:51+00:00","breadcrumb":{"@id":"https:\/\/regiaonews.net.br\/2022\/2021\/05\/24\/cinturao-de-obras-mostra-organizacao-financeira-e-competencia-de-projetos-da-administracao-municipal\/#breadcrumb"},"inLanguage":"pt-BR","potentialAction":[{"@type":"ReadAction","target":["https:\/\/regiaonews.net.br\/2022\/2021\/05\/24\/cinturao-de-obras-mostra-organizacao-financeira-e-competencia-de-projetos-da-administracao-municipal\/"]}]},{"@type":"ImageObject","inLanguage":"pt-BR","@id":"https:\/\/regiaonews.net.br\/2022\/2021\/05\/24\/cinturao-de-obras-mostra-organizacao-financeira-e-competencia-de-projetos-da-administracao-municipal\/#primaryimage","url":"https:\/\/regiaonews.net.br\/2022\/wp-content\/uploads\/2021\/05\/foto-materia-cinturao.jpeg","contentUrl":"https:\/\/regiaonews.net.br\/2022\/wp-content\/uploads\/2021\/05\/foto-materia-cinturao.jpeg","width":1000,"height":640},{"@type":"BreadcrumbList","@id":"https:\/\/regiaonews.net.br\/2022\/2021\/05\/24\/cinturao-de-obras-mostra-organizacao-financeira-e-competencia-de-projetos-da-administracao-municipal\/#breadcrumb","itemListElement":[{"@type":"ListItem","position":1,"name":"In\u00edcio","item":"https:\/\/regiaonews.net.br\/2022\/"},{"@type":"ListItem","position":2,"name":"\u201cCintur\u00e3o de Obras\u201d mostra organiza\u00e7\u00e3o financeira e projeto da prefeitura de Gua\u00edra"}]},{"@type":"WebSite","@id":"https:\/\/regiaonews.net.br\/2022\/#website","url":"https:\/\/regiaonews.net.br\/2022\/","name":"Regi\u00e3o News","description":"Site de Not\u00edcias de Barretos e regi\u00e3o","publisher":{"@id":"https:\/\/regiaonews.net.br\/2022\/#organization"},"potentialAction":[{"@type":"SearchAction","target":{"@type":"EntryPoint","urlTemplate":"https:\/\/regiaonews.net.br\/2022\/?s={search_term_string}"},"query-input":{"@type":"PropertyValueSpecification","valueRequired":true,"valueName":"search_term_string"}}],"inLanguage":"pt-BR"},{"@type":"Organization","@id":"https:\/\/regiaonews.net.br\/2022\/#organization","name":"Regi\u00e3o News","url":"https:\/\/regiaonews.net.br\/2022\/","logo":{"@type":"ImageObject","inLanguage":"pt-BR","@id":"https:\/\/regiaonews.net.br\/2022\/#\/schema\/logo\/image\/","url":"https:\/\/regiaonews.net.br\/2022\/wp-content\/uploads\/2026\/03\/regiao-13-anos-scaled.jpg","contentUrl":"https:\/\/regiaonews.net.br\/2022\/wp-content\/uploads\/2026\/03\/regiao-13-anos-scaled.jpg","width":2560,"height":635,"caption":"Regi\u00e3o News"},"image":{"@id":"https:\/\/regiaonews.net.br\/2022\/#\/schema\/logo\/image\/"}},{"@type":"Person","@id":"https:\/\/regiaonews.net.br\/2022\/#\/schema\/person\/2d205a608a5aa97ac279d7a5e6d89ad8","name":"Roberto","image":{"@type":"ImageObject","inLanguage":"pt-BR","@id":"https:\/\/secure.gravatar.com\/avatar\/42749d8b712ff9d59ca93dc150494e5b55a44134482993f5baeb97e61b7ecc89?s=96&d=mm&r=g","url":"https:\/\/secure.gravatar.com\/avatar\/42749d8b712ff9d59ca93dc150494e5b55a44134482993f5baeb97e61b7ecc89?s=96&d=mm&r=g","contentUrl":"https:\/\/secure.gravatar.com\/avatar\/42749d8b712ff9d59ca93dc150494e5b55a44134482993f5baeb97e61b7ecc89?s=96&d=mm&r=g","caption":"Roberto"},"url":"https:\/\/regiaonews.net.br\/2022\/author\/roberto\/"}]}},"publishpress_future_action":{"enabled":false,"date":"2026-05-04 13:00:13","action":"change-status","newStatus":"draft","terms":[],"taxonomy":"category","extraData":[]},"publishpress_future_workflow_manual_trigger":{"enabledWorkflows":[]},"_links":{"self":[{"href":"https:\/\/regiaonews.net.br\/2022\/wp-json\/wp\/v2\/posts\/47592","targetHints":{"allow":["GET"]}}],"collection":[{"href":"https:\/\/regiaonews.net.br\/2022\/wp-json\/wp\/v2\/posts"}],"about":[{"href":"https:\/\/regiaonews.net.br\/2022\/wp-json\/wp\/v2\/types\/post"}],"author":[{"embeddable":true,"href":"https:\/\/regiaonews.net.br\/2022\/wp-json\/wp\/v2\/users\/2"}],"replies":[{"embeddable":true,"href":"https:\/\/regiaonews.net.br\/2022\/wp-json\/wp\/v2\/comments?post=47592"}],"version-history":[{"count":0,"href":"https:\/\/regiaonews.net.br\/2022\/wp-json\/wp\/v2\/posts\/47592\/revisions"}],"wp:featuredmedia":[{"embeddable":true,"href":"https:\/\/regiaonews.net.br\/2022\/wp-json\/wp\/v2\/media\/47593"}],"wp:attachment":[{"href":"https:\/\/regiaonews.net.br\/2022\/wp-json\/wp\/v2\/media?parent=47592"}],"wp:term":[{"taxonomy":"category","embeddable":true,"href":"https:\/\/regiaonews.net.br\/2022\/wp-json\/wp\/v2\/categories?post=47592"},{"taxonomy":"post_tag","embeddable":true,"href":"https:\/\/regiaonews.net.br\/2022\/wp-json\/wp\/v2\/tags?post=47592"}],"curies":[{"name":"wp","href":"https:\/\/api.w.org\/{rel}","templated":true}]}}