{"id":47586,"date":"2021-05-24T17:47:53","date_gmt":"2021-05-24T20:47:53","guid":{"rendered":"https:\/\/regiaonews.net.br\/2022\/?p=47586"},"modified":"2021-05-24T17:47:53","modified_gmt":"2021-05-24T20:47:53","slug":"ribeirao-preto-sp-vai-fechar-supermercados-e-suspender-transporte-coletivo-por-5-dias-para-conter-a-covid","status":"publish","type":"post","link":"https:\/\/regiaonews.net.br\/2022\/2021\/05\/24\/ribeirao-preto-sp-vai-fechar-supermercados-e-suspender-transporte-coletivo-por-5-dias-para-conter-a-covid\/","title":{"rendered":"Ribeir\u00e3o Preto, SP, vai fechar supermercados e suspender transporte coletivo por 5 dias para conter a Covid"},"content":{"rendered":"<div class=\"row content-head non-featured \">\n<div class=\"medium-centered subtitle\">\n<p>&nbsp;<\/p>\n<p style=\"text-align: center;\"><a href=\"https:\/\/regiaonews.net.br\/2022\/wp-content\/uploads\/2021\/05\/coletiva-nogueira.jpg\"><img loading=\"lazy\" decoding=\"async\" class=\"alignnone size-medium wp-image-47587\" src=\"https:\/\/regiaonews.net.br\/2022\/wp-content\/uploads\/2021\/05\/coletiva-nogueira-300x163.jpg\" alt=\"\" width=\"300\" height=\"163\" \/><\/a><\/p>\n<p class=\"content-head__subtitle\">Medidas, que tamb\u00e9m incluem o atendimento presencial em lojas, shoppings, bares e restaurantes, foram tomadas diante do aumento de casos, mortes e interna\u00e7\u00f5es por conta da doen\u00e7a. Regras valem de quinta-feira (27) at\u00e9 segunda-feira (31).<\/p>\n<\/div>\n<\/div>\n<div class=\"content__signa-share\">\n<div class=\"content__signature\">\n<div class=\"content-publication-data\">\n<div class=\"content-publication-data__text\">\n<div class=\"mc-column content-text active-extra-styles \" data-block-type=\"unstyled\" data-block-weight=\"44\" data-block-id=\"2\">\n<p class=\"content-text__container \" data-track-category=\"Link no Texto\" data-track-links=\"\"><span class=\"highlight highlighted\">Ribeir\u00e3o Preto (SP) ter\u00e1 regras mais r\u00edgidas contra a Covid-19 a partir de quinta-feira (27) at\u00e9 segunda-feira (31), como\u00a0<\/span><strong><span class=\"highlight highlighted\">fechamento de supermercados para clientes e suspens\u00e3o do transporte p\u00fablico<\/span><\/strong><strong>,<\/strong>\u00a0disse o prefeito Duarte Nogueira (PSDB) em coletiva de imprensa na tarde desta segunda-feira (24).<\/p>\n<\/div>\n<div class=\"wall protected-content\">\n<div class=\"mc-column content-text active-extra-styles \" data-block-type=\"unstyled\" data-block-weight=\"39\" data-block-id=\"3\">\n<p class=\"content-text__container \" data-track-category=\"Link no Texto\" data-track-links=\"\">As medidas foram tomadas diante do aumento de casos, mortes e interna\u00e7\u00f5es por conta da doen\u00e7a. A nova fase foi batizada de &#8220;Emergencial Restritiva&#8221; pela Prefeitura e se assemelha\u00a0<a href=\"https:\/\/g1.globo.com\/sp\/ribeirao-preto-franca\/noticia\/2021\/03\/22\/insuficiente-turbulento-necessario-moradores-avaliam-os-5-dias-de-confinamento-em-ribeirao-preto.ghtml\">ao decreto de &#8220;lockdown&#8221; de 17 a 21 de mar\u00e7o.<\/a><\/p>\n<\/div>\n<div class=\"mc-column content-text active-extra-styles\" data-block-type=\"raw\" data-block-weight=\"31\" data-block-id=\"4\">\n<p class=\"content-text__container\">\n<blockquote class=\"content-blockquote theme-border-color-primary-before\"><p>&#8220;S\u00e3o medidas necess\u00e1rias para que n\u00f3s possamos fazer o gerenciamento da pandemia na nossa cidade de uma maneira a salvaguardar a oferta de sa\u00fade a quem porventura venha precisar&#8221;, explicou Nogueira.<\/p><\/blockquote>\n<p>&nbsp;<\/p>\n<\/div>\n<div class=\"mc-column content-text active-extra-styles \" data-block-type=\"unstyled\" data-block-weight=\"37\" data-block-id=\"5\">\n<p class=\"content-text__container \" data-track-category=\"Link no Texto\" data-track-links=\"\">No momento do an\u00fancio, \u00e0s 16h40 desta segunda-feira, a taxa de ocupa\u00e7\u00e3o em leitos de Unidade de Terapia Intensiva (UTI) era de<strong>\u00a096,1%,<\/strong>\u00a0de acordo com a plataforma\u00a0<a href=\"https:\/\/leitoscovid.org\/sp\/ribeirao-preto\" target=\"_blank\" rel=\"noopener\">leitoscovid.org<\/a>,\u00a0<span class=\"highlight highlighted\">com 299 pacientes internados em 308 vagas ofertadas.<\/span><\/p>\n<\/div>\n<div class=\"mc-column content-text active-extra-styles \" data-block-type=\"unstyled\" data-block-weight=\"46\" data-block-id=\"6\">\n<p class=\"content-text__container \" data-track-category=\"Link no Texto\" data-track-links=\"\">Desde o in\u00edcio da pandemia, Ribeir\u00e3o Preto totaliza\u00a0<strong>77.755 casos de Covid e 2.086 mortes<\/strong>. Segundo a Secretaria Municipal de Sa\u00fade,\u00a0<span class=\"highlight highlighted\">s\u00e3o 1.043 \u00f3bitos de janeiro a dezembro do ano passado e 1.043 vidas perdidas de janeiro a maio<\/span>,\u00a0<a href=\"https:\/\/g1.globo.com\/sp\/ribeirao-preto-franca\/noticia\/2021\/05\/17\/em-4-meses-ribeirao-preto-dobra-numero-de-mortes-por-covid-com-piora-da-pandemia.ghtml\">o que mostra uma acelera\u00e7\u00e3o da doen\u00e7a.<\/a><\/p>\n<p data-track-category=\"Link no Texto\" data-track-links=\"\">FONTE : G1<\/p>\n<\/div>\n<\/div>\n<\/div>\n<\/div>\n<\/div>\n<\/div>\n","protected":false},"excerpt":{"rendered":"<p>&nbsp; Medidas, que tamb\u00e9m incluem o atendimento presencial em lojas,<\/p>\n","protected":false},"author":2,"featured_media":47587,"comment_status":"open","ping_status":"open","sticky":false,"template":"","format":"standard","meta":{"footnotes":""},"categories":[25,32],"tags":[],"class_list":["post-47586","post","type-post","status-publish","format-standard","has-post-thumbnail","hentry","category-cidades","category-ribeirao-preto"],"yoast_head":"<!-- This site is optimized with the Yoast SEO plugin v27.4 - https:\/\/yoast.com\/product\/yoast-seo-wordpress\/ -->\n<title>Ribeir\u00e3o Preto, SP, vai fechar supermercados e suspender transporte coletivo por 5 dias para conter a Covid - Regi\u00e3o News<\/title>\n<meta name=\"robots\" content=\"index, follow, max-snippet:-1, max-image-preview:large, max-video-preview:-1\" \/>\n<link rel=\"canonical\" href=\"https:\/\/regiaonews.net.br\/2022\/2021\/05\/24\/ribeirao-preto-sp-vai-fechar-supermercados-e-suspender-transporte-coletivo-por-5-dias-para-conter-a-covid\/\" \/>\n<meta property=\"og:locale\" content=\"pt_BR\" \/>\n<meta property=\"og:type\" content=\"article\" \/>\n<meta property=\"og:title\" content=\"Ribeir\u00e3o Preto, SP, vai fechar supermercados e suspender transporte coletivo por 5 dias para conter a Covid - Regi\u00e3o News\" \/>\n<meta property=\"og:description\" content=\"&nbsp; Medidas, que tamb\u00e9m incluem o atendimento presencial em lojas,\" \/>\n<meta property=\"og:url\" content=\"https:\/\/regiaonews.net.br\/2022\/2021\/05\/24\/ribeirao-preto-sp-vai-fechar-supermercados-e-suspender-transporte-coletivo-por-5-dias-para-conter-a-covid\/\" \/>\n<meta property=\"og:site_name\" content=\"Regi\u00e3o News\" \/>\n<meta property=\"article:published_time\" content=\"2021-05-24T20:47:53+00:00\" \/>\n<meta property=\"og:image\" content=\"https:\/\/regiaonews.net.br\/2022\/wp-content\/uploads\/2021\/05\/coletiva-nogueira.jpg\" \/>\n\t<meta property=\"og:image:width\" content=\"984\" \/>\n\t<meta property=\"og:image:height\" content=\"533\" \/>\n\t<meta property=\"og:image:type\" content=\"image\/jpeg\" \/>\n<meta name=\"author\" content=\"Roberto\" \/>\n<meta name=\"twitter:card\" content=\"summary_large_image\" \/>\n<meta name=\"twitter:label1\" content=\"Escrito por\" \/>\n\t<meta name=\"twitter:data1\" content=\"Roberto\" \/>\n\t<meta name=\"twitter:label2\" content=\"Est. tempo de leitura\" \/>\n\t<meta name=\"twitter:data2\" content=\"1 minuto\" \/>\n<script type=\"application\/ld+json\" class=\"yoast-schema-graph\">{\"@context\":\"https:\\\/\\\/schema.org\",\"@graph\":[{\"@type\":\"Article\",\"@id\":\"https:\\\/\\\/regiaonews.net.br\\\/2022\\\/2021\\\/05\\\/24\\\/ribeirao-preto-sp-vai-fechar-supermercados-e-suspender-transporte-coletivo-por-5-dias-para-conter-a-covid\\\/#article\",\"isPartOf\":{\"@id\":\"https:\\\/\\\/regiaonews.net.br\\\/2022\\\/2021\\\/05\\\/24\\\/ribeirao-preto-sp-vai-fechar-supermercados-e-suspender-transporte-coletivo-por-5-dias-para-conter-a-covid\\\/\"},\"author\":{\"name\":\"Roberto\",\"@id\":\"https:\\\/\\\/regiaonews.net.br\\\/2022\\\/#\\\/schema\\\/person\\\/2d205a608a5aa97ac279d7a5e6d89ad8\"},\"headline\":\"Ribeir\u00e3o Preto, SP, vai fechar supermercados e suspender transporte coletivo por 5 dias para conter a Covid\",\"datePublished\":\"2021-05-24T20:47:53+00:00\",\"mainEntityOfPage\":{\"@id\":\"https:\\\/\\\/regiaonews.net.br\\\/2022\\\/2021\\\/05\\\/24\\\/ribeirao-preto-sp-vai-fechar-supermercados-e-suspender-transporte-coletivo-por-5-dias-para-conter-a-covid\\\/\"},\"wordCount\":262,\"commentCount\":0,\"publisher\":{\"@id\":\"https:\\\/\\\/regiaonews.net.br\\\/2022\\\/#organization\"},\"image\":{\"@id\":\"https:\\\/\\\/regiaonews.net.br\\\/2022\\\/2021\\\/05\\\/24\\\/ribeirao-preto-sp-vai-fechar-supermercados-e-suspender-transporte-coletivo-por-5-dias-para-conter-a-covid\\\/#primaryimage\"},\"thumbnailUrl\":\"https:\\\/\\\/regiaonews.net.br\\\/2022\\\/wp-content\\\/uploads\\\/2021\\\/05\\\/coletiva-nogueira.jpg\",\"articleSection\":[\"Cidades\",\"Ribeir\u00e3o Preto\"],\"inLanguage\":\"pt-BR\",\"potentialAction\":[{\"@type\":\"CommentAction\",\"name\":\"Comment\",\"target\":[\"https:\\\/\\\/regiaonews.net.br\\\/2022\\\/2021\\\/05\\\/24\\\/ribeirao-preto-sp-vai-fechar-supermercados-e-suspender-transporte-coletivo-por-5-dias-para-conter-a-covid\\\/#respond\"]}]},{\"@type\":\"WebPage\",\"@id\":\"https:\\\/\\\/regiaonews.net.br\\\/2022\\\/2021\\\/05\\\/24\\\/ribeirao-preto-sp-vai-fechar-supermercados-e-suspender-transporte-coletivo-por-5-dias-para-conter-a-covid\\\/\",\"url\":\"https:\\\/\\\/regiaonews.net.br\\\/2022\\\/2021\\\/05\\\/24\\\/ribeirao-preto-sp-vai-fechar-supermercados-e-suspender-transporte-coletivo-por-5-dias-para-conter-a-covid\\\/\",\"name\":\"Ribeir\u00e3o Preto, SP, vai fechar supermercados e suspender transporte coletivo por 5 dias para conter a Covid - Regi\u00e3o News\",\"isPartOf\":{\"@id\":\"https:\\\/\\\/regiaonews.net.br\\\/2022\\\/#website\"},\"primaryImageOfPage\":{\"@id\":\"https:\\\/\\\/regiaonews.net.br\\\/2022\\\/2021\\\/05\\\/24\\\/ribeirao-preto-sp-vai-fechar-supermercados-e-suspender-transporte-coletivo-por-5-dias-para-conter-a-covid\\\/#primaryimage\"},\"image\":{\"@id\":\"https:\\\/\\\/regiaonews.net.br\\\/2022\\\/2021\\\/05\\\/24\\\/ribeirao-preto-sp-vai-fechar-supermercados-e-suspender-transporte-coletivo-por-5-dias-para-conter-a-covid\\\/#primaryimage\"},\"thumbnailUrl\":\"https:\\\/\\\/regiaonews.net.br\\\/2022\\\/wp-content\\\/uploads\\\/2021\\\/05\\\/coletiva-nogueira.jpg\",\"datePublished\":\"2021-05-24T20:47:53+00:00\",\"breadcrumb\":{\"@id\":\"https:\\\/\\\/regiaonews.net.br\\\/2022\\\/2021\\\/05\\\/24\\\/ribeirao-preto-sp-vai-fechar-supermercados-e-suspender-transporte-coletivo-por-5-dias-para-conter-a-covid\\\/#breadcrumb\"},\"inLanguage\":\"pt-BR\",\"potentialAction\":[{\"@type\":\"ReadAction\",\"target\":[\"https:\\\/\\\/regiaonews.net.br\\\/2022\\\/2021\\\/05\\\/24\\\/ribeirao-preto-sp-vai-fechar-supermercados-e-suspender-transporte-coletivo-por-5-dias-para-conter-a-covid\\\/\"]}]},{\"@type\":\"ImageObject\",\"inLanguage\":\"pt-BR\",\"@id\":\"https:\\\/\\\/regiaonews.net.br\\\/2022\\\/2021\\\/05\\\/24\\\/ribeirao-preto-sp-vai-fechar-supermercados-e-suspender-transporte-coletivo-por-5-dias-para-conter-a-covid\\\/#primaryimage\",\"url\":\"https:\\\/\\\/regiaonews.net.br\\\/2022\\\/wp-content\\\/uploads\\\/2021\\\/05\\\/coletiva-nogueira.jpg\",\"contentUrl\":\"https:\\\/\\\/regiaonews.net.br\\\/2022\\\/wp-content\\\/uploads\\\/2021\\\/05\\\/coletiva-nogueira.jpg\",\"width\":984,\"height\":533},{\"@type\":\"BreadcrumbList\",\"@id\":\"https:\\\/\\\/regiaonews.net.br\\\/2022\\\/2021\\\/05\\\/24\\\/ribeirao-preto-sp-vai-fechar-supermercados-e-suspender-transporte-coletivo-por-5-dias-para-conter-a-covid\\\/#breadcrumb\",\"itemListElement\":[{\"@type\":\"ListItem\",\"position\":1,\"name\":\"In\u00edcio\",\"item\":\"https:\\\/\\\/regiaonews.net.br\\\/2022\\\/\"},{\"@type\":\"ListItem\",\"position\":2,\"name\":\"Ribeir\u00e3o Preto, SP, vai fechar supermercados e suspender transporte coletivo por 5 dias para conter a Covid\"}]},{\"@type\":\"WebSite\",\"@id\":\"https:\\\/\\\/regiaonews.net.br\\\/2022\\\/#website\",\"url\":\"https:\\\/\\\/regiaonews.net.br\\\/2022\\\/\",\"name\":\"Regi\u00e3o News\",\"description\":\"Site de Not\u00edcias de Barretos e regi\u00e3o\",\"publisher\":{\"@id\":\"https:\\\/\\\/regiaonews.net.br\\\/2022\\\/#organization\"},\"potentialAction\":[{\"@type\":\"SearchAction\",\"target\":{\"@type\":\"EntryPoint\",\"urlTemplate\":\"https:\\\/\\\/regiaonews.net.br\\\/2022\\\/?s={search_term_string}\"},\"query-input\":{\"@type\":\"PropertyValueSpecification\",\"valueRequired\":true,\"valueName\":\"search_term_string\"}}],\"inLanguage\":\"pt-BR\"},{\"@type\":\"Organization\",\"@id\":\"https:\\\/\\\/regiaonews.net.br\\\/2022\\\/#organization\",\"name\":\"Regi\u00e3o News\",\"url\":\"https:\\\/\\\/regiaonews.net.br\\\/2022\\\/\",\"logo\":{\"@type\":\"ImageObject\",\"inLanguage\":\"pt-BR\",\"@id\":\"https:\\\/\\\/regiaonews.net.br\\\/2022\\\/#\\\/schema\\\/logo\\\/image\\\/\",\"url\":\"https:\\\/\\\/regiaonews.net.br\\\/2022\\\/wp-content\\\/uploads\\\/2026\\\/03\\\/regiao-13-anos-scaled.jpg\",\"contentUrl\":\"https:\\\/\\\/regiaonews.net.br\\\/2022\\\/wp-content\\\/uploads\\\/2026\\\/03\\\/regiao-13-anos-scaled.jpg\",\"width\":2560,\"height\":635,\"caption\":\"Regi\u00e3o News\"},\"image\":{\"@id\":\"https:\\\/\\\/regiaonews.net.br\\\/2022\\\/#\\\/schema\\\/logo\\\/image\\\/\"}},{\"@type\":\"Person\",\"@id\":\"https:\\\/\\\/regiaonews.net.br\\\/2022\\\/#\\\/schema\\\/person\\\/2d205a608a5aa97ac279d7a5e6d89ad8\",\"name\":\"Roberto\",\"image\":{\"@type\":\"ImageObject\",\"inLanguage\":\"pt-BR\",\"@id\":\"https:\\\/\\\/secure.gravatar.com\\\/avatar\\\/42749d8b712ff9d59ca93dc150494e5b55a44134482993f5baeb97e61b7ecc89?s=96&d=mm&r=g\",\"url\":\"https:\\\/\\\/secure.gravatar.com\\\/avatar\\\/42749d8b712ff9d59ca93dc150494e5b55a44134482993f5baeb97e61b7ecc89?s=96&d=mm&r=g\",\"contentUrl\":\"https:\\\/\\\/secure.gravatar.com\\\/avatar\\\/42749d8b712ff9d59ca93dc150494e5b55a44134482993f5baeb97e61b7ecc89?s=96&d=mm&r=g\",\"caption\":\"Roberto\"},\"url\":\"https:\\\/\\\/regiaonews.net.br\\\/2022\\\/author\\\/roberto\\\/\"}]}<\/script>\n<!-- \/ Yoast SEO plugin. -->","yoast_head_json":{"title":"Ribeir\u00e3o Preto, SP, vai fechar supermercados e suspender transporte coletivo por 5 dias para conter a Covid - Regi\u00e3o News","robots":{"index":"index","follow":"follow","max-snippet":"max-snippet:-1","max-image-preview":"max-image-preview:large","max-video-preview":"max-video-preview:-1"},"canonical":"https:\/\/regiaonews.net.br\/2022\/2021\/05\/24\/ribeirao-preto-sp-vai-fechar-supermercados-e-suspender-transporte-coletivo-por-5-dias-para-conter-a-covid\/","og_locale":"pt_BR","og_type":"article","og_title":"Ribeir\u00e3o Preto, SP, vai fechar supermercados e suspender transporte coletivo por 5 dias para conter a Covid - Regi\u00e3o News","og_description":"&nbsp; Medidas, que tamb\u00e9m incluem o atendimento presencial em lojas,","og_url":"https:\/\/regiaonews.net.br\/2022\/2021\/05\/24\/ribeirao-preto-sp-vai-fechar-supermercados-e-suspender-transporte-coletivo-por-5-dias-para-conter-a-covid\/","og_site_name":"Regi\u00e3o News","article_published_time":"2021-05-24T20:47:53+00:00","og_image":[{"width":984,"height":533,"url":"https:\/\/regiaonews.net.br\/2022\/wp-content\/uploads\/2021\/05\/coletiva-nogueira.jpg","type":"image\/jpeg"}],"author":"Roberto","twitter_card":"summary_large_image","twitter_misc":{"Escrito por":"Roberto","Est. tempo de leitura":"1 minuto"},"schema":{"@context":"https:\/\/schema.org","@graph":[{"@type":"Article","@id":"https:\/\/regiaonews.net.br\/2022\/2021\/05\/24\/ribeirao-preto-sp-vai-fechar-supermercados-e-suspender-transporte-coletivo-por-5-dias-para-conter-a-covid\/#article","isPartOf":{"@id":"https:\/\/regiaonews.net.br\/2022\/2021\/05\/24\/ribeirao-preto-sp-vai-fechar-supermercados-e-suspender-transporte-coletivo-por-5-dias-para-conter-a-covid\/"},"author":{"name":"Roberto","@id":"https:\/\/regiaonews.net.br\/2022\/#\/schema\/person\/2d205a608a5aa97ac279d7a5e6d89ad8"},"headline":"Ribeir\u00e3o Preto, SP, vai fechar supermercados e suspender transporte coletivo por 5 dias para conter a Covid","datePublished":"2021-05-24T20:47:53+00:00","mainEntityOfPage":{"@id":"https:\/\/regiaonews.net.br\/2022\/2021\/05\/24\/ribeirao-preto-sp-vai-fechar-supermercados-e-suspender-transporte-coletivo-por-5-dias-para-conter-a-covid\/"},"wordCount":262,"commentCount":0,"publisher":{"@id":"https:\/\/regiaonews.net.br\/2022\/#organization"},"image":{"@id":"https:\/\/regiaonews.net.br\/2022\/2021\/05\/24\/ribeirao-preto-sp-vai-fechar-supermercados-e-suspender-transporte-coletivo-por-5-dias-para-conter-a-covid\/#primaryimage"},"thumbnailUrl":"https:\/\/regiaonews.net.br\/2022\/wp-content\/uploads\/2021\/05\/coletiva-nogueira.jpg","articleSection":["Cidades","Ribeir\u00e3o Preto"],"inLanguage":"pt-BR","potentialAction":[{"@type":"CommentAction","name":"Comment","target":["https:\/\/regiaonews.net.br\/2022\/2021\/05\/24\/ribeirao-preto-sp-vai-fechar-supermercados-e-suspender-transporte-coletivo-por-5-dias-para-conter-a-covid\/#respond"]}]},{"@type":"WebPage","@id":"https:\/\/regiaonews.net.br\/2022\/2021\/05\/24\/ribeirao-preto-sp-vai-fechar-supermercados-e-suspender-transporte-coletivo-por-5-dias-para-conter-a-covid\/","url":"https:\/\/regiaonews.net.br\/2022\/2021\/05\/24\/ribeirao-preto-sp-vai-fechar-supermercados-e-suspender-transporte-coletivo-por-5-dias-para-conter-a-covid\/","name":"Ribeir\u00e3o Preto, SP, vai fechar supermercados e suspender transporte coletivo por 5 dias para conter a Covid - Regi\u00e3o News","isPartOf":{"@id":"https:\/\/regiaonews.net.br\/2022\/#website"},"primaryImageOfPage":{"@id":"https:\/\/regiaonews.net.br\/2022\/2021\/05\/24\/ribeirao-preto-sp-vai-fechar-supermercados-e-suspender-transporte-coletivo-por-5-dias-para-conter-a-covid\/#primaryimage"},"image":{"@id":"https:\/\/regiaonews.net.br\/2022\/2021\/05\/24\/ribeirao-preto-sp-vai-fechar-supermercados-e-suspender-transporte-coletivo-por-5-dias-para-conter-a-covid\/#primaryimage"},"thumbnailUrl":"https:\/\/regiaonews.net.br\/2022\/wp-content\/uploads\/2021\/05\/coletiva-nogueira.jpg","datePublished":"2021-05-24T20:47:53+00:00","breadcrumb":{"@id":"https:\/\/regiaonews.net.br\/2022\/2021\/05\/24\/ribeirao-preto-sp-vai-fechar-supermercados-e-suspender-transporte-coletivo-por-5-dias-para-conter-a-covid\/#breadcrumb"},"inLanguage":"pt-BR","potentialAction":[{"@type":"ReadAction","target":["https:\/\/regiaonews.net.br\/2022\/2021\/05\/24\/ribeirao-preto-sp-vai-fechar-supermercados-e-suspender-transporte-coletivo-por-5-dias-para-conter-a-covid\/"]}]},{"@type":"ImageObject","inLanguage":"pt-BR","@id":"https:\/\/regiaonews.net.br\/2022\/2021\/05\/24\/ribeirao-preto-sp-vai-fechar-supermercados-e-suspender-transporte-coletivo-por-5-dias-para-conter-a-covid\/#primaryimage","url":"https:\/\/regiaonews.net.br\/2022\/wp-content\/uploads\/2021\/05\/coletiva-nogueira.jpg","contentUrl":"https:\/\/regiaonews.net.br\/2022\/wp-content\/uploads\/2021\/05\/coletiva-nogueira.jpg","width":984,"height":533},{"@type":"BreadcrumbList","@id":"https:\/\/regiaonews.net.br\/2022\/2021\/05\/24\/ribeirao-preto-sp-vai-fechar-supermercados-e-suspender-transporte-coletivo-por-5-dias-para-conter-a-covid\/#breadcrumb","itemListElement":[{"@type":"ListItem","position":1,"name":"In\u00edcio","item":"https:\/\/regiaonews.net.br\/2022\/"},{"@type":"ListItem","position":2,"name":"Ribeir\u00e3o Preto, SP, vai fechar supermercados e suspender transporte coletivo por 5 dias para conter a Covid"}]},{"@type":"WebSite","@id":"https:\/\/regiaonews.net.br\/2022\/#website","url":"https:\/\/regiaonews.net.br\/2022\/","name":"Regi\u00e3o News","description":"Site de Not\u00edcias de Barretos e regi\u00e3o","publisher":{"@id":"https:\/\/regiaonews.net.br\/2022\/#organization"},"potentialAction":[{"@type":"SearchAction","target":{"@type":"EntryPoint","urlTemplate":"https:\/\/regiaonews.net.br\/2022\/?s={search_term_string}"},"query-input":{"@type":"PropertyValueSpecification","valueRequired":true,"valueName":"search_term_string"}}],"inLanguage":"pt-BR"},{"@type":"Organization","@id":"https:\/\/regiaonews.net.br\/2022\/#organization","name":"Regi\u00e3o News","url":"https:\/\/regiaonews.net.br\/2022\/","logo":{"@type":"ImageObject","inLanguage":"pt-BR","@id":"https:\/\/regiaonews.net.br\/2022\/#\/schema\/logo\/image\/","url":"https:\/\/regiaonews.net.br\/2022\/wp-content\/uploads\/2026\/03\/regiao-13-anos-scaled.jpg","contentUrl":"https:\/\/regiaonews.net.br\/2022\/wp-content\/uploads\/2026\/03\/regiao-13-anos-scaled.jpg","width":2560,"height":635,"caption":"Regi\u00e3o News"},"image":{"@id":"https:\/\/regiaonews.net.br\/2022\/#\/schema\/logo\/image\/"}},{"@type":"Person","@id":"https:\/\/regiaonews.net.br\/2022\/#\/schema\/person\/2d205a608a5aa97ac279d7a5e6d89ad8","name":"Roberto","image":{"@type":"ImageObject","inLanguage":"pt-BR","@id":"https:\/\/secure.gravatar.com\/avatar\/42749d8b712ff9d59ca93dc150494e5b55a44134482993f5baeb97e61b7ecc89?s=96&d=mm&r=g","url":"https:\/\/secure.gravatar.com\/avatar\/42749d8b712ff9d59ca93dc150494e5b55a44134482993f5baeb97e61b7ecc89?s=96&d=mm&r=g","contentUrl":"https:\/\/secure.gravatar.com\/avatar\/42749d8b712ff9d59ca93dc150494e5b55a44134482993f5baeb97e61b7ecc89?s=96&d=mm&r=g","caption":"Roberto"},"url":"https:\/\/regiaonews.net.br\/2022\/author\/roberto\/"}]}},"publishpress_future_action":{"enabled":false,"date":"2026-05-04 12:04:16","action":"change-status","newStatus":"draft","terms":[],"taxonomy":"category","extraData":[]},"publishpress_future_workflow_manual_trigger":{"enabledWorkflows":[]},"_links":{"self":[{"href":"https:\/\/regiaonews.net.br\/2022\/wp-json\/wp\/v2\/posts\/47586","targetHints":{"allow":["GET"]}}],"collection":[{"href":"https:\/\/regiaonews.net.br\/2022\/wp-json\/wp\/v2\/posts"}],"about":[{"href":"https:\/\/regiaonews.net.br\/2022\/wp-json\/wp\/v2\/types\/post"}],"author":[{"embeddable":true,"href":"https:\/\/regiaonews.net.br\/2022\/wp-json\/wp\/v2\/users\/2"}],"replies":[{"embeddable":true,"href":"https:\/\/regiaonews.net.br\/2022\/wp-json\/wp\/v2\/comments?post=47586"}],"version-history":[{"count":0,"href":"https:\/\/regiaonews.net.br\/2022\/wp-json\/wp\/v2\/posts\/47586\/revisions"}],"wp:featuredmedia":[{"embeddable":true,"href":"https:\/\/regiaonews.net.br\/2022\/wp-json\/wp\/v2\/media\/47587"}],"wp:attachment":[{"href":"https:\/\/regiaonews.net.br\/2022\/wp-json\/wp\/v2\/media?parent=47586"}],"wp:term":[{"taxonomy":"category","embeddable":true,"href":"https:\/\/regiaonews.net.br\/2022\/wp-json\/wp\/v2\/categories?post=47586"},{"taxonomy":"post_tag","embeddable":true,"href":"https:\/\/regiaonews.net.br\/2022\/wp-json\/wp\/v2\/tags?post=47586"}],"curies":[{"name":"wp","href":"https:\/\/api.w.org\/{rel}","templated":true}]}}