{"id":47573,"date":"2021-05-24T15:30:34","date_gmt":"2021-05-24T18:30:34","guid":{"rendered":"https:\/\/regiaonews.net.br\/2022\/?p=47573"},"modified":"2021-05-24T15:30:34","modified_gmt":"2021-05-24T18:30:34","slug":"governo-paula-lemos-promove-vacinacao-para-diversos-grupos-nesta-semana","status":"publish","type":"post","link":"https:\/\/regiaonews.net.br\/2022\/2021\/05\/24\/governo-paula-lemos-promove-vacinacao-para-diversos-grupos-nesta-semana\/","title":{"rendered":"Governo Paula Lemos promove vacina\u00e7\u00e3o para diversos grupos nesta semana"},"content":{"rendered":"<table width=\"100%\">\n<tbody>\n<tr>\n<td><\/td>\n<\/tr>\n<tr>\n<td style=\"text-align: center;\"><a href=\"https:\/\/regiaonews.net.br\/2022\/wp-content\/uploads\/2021\/05\/45bpc.jpg\"><img loading=\"lazy\" decoding=\"async\" class=\"alignnone size-medium wp-image-47576\" src=\"https:\/\/regiaonews.net.br\/2022\/wp-content\/uploads\/2021\/05\/45bpc-250x300.jpg\" alt=\"\" width=\"250\" height=\"300\" \/><\/a> <a href=\"https:\/\/regiaonews.net.br\/2022\/wp-content\/uploads\/2021\/05\/65a90anos.jpg\"><img loading=\"lazy\" decoding=\"async\" class=\"alignnone size-medium wp-image-47577\" src=\"https:\/\/regiaonews.net.br\/2022\/wp-content\/uploads\/2021\/05\/65a90anos-300x290.jpg\" alt=\"\" width=\"300\" height=\"290\" \/><\/a> <a href=\"https:\/\/regiaonews.net.br\/2022\/wp-content\/uploads\/2021\/05\/65a90unidades.jpg\"><img loading=\"lazy\" decoding=\"async\" class=\"alignnone size-medium wp-image-47578\" src=\"https:\/\/regiaonews.net.br\/2022\/wp-content\/uploads\/2021\/05\/65a90unidades-300x290.jpg\" alt=\"\" width=\"300\" height=\"290\" \/><\/a> <a href=\"https:\/\/regiaonews.net.br\/2022\/wp-content\/uploads\/2021\/05\/80a89anos2dose.jpg\"><img loading=\"lazy\" decoding=\"async\" class=\"alignnone size-medium wp-image-47579\" src=\"https:\/\/regiaonews.net.br\/2022\/wp-content\/uploads\/2021\/05\/80a89anos2dose-300x290.jpg\" alt=\"\" width=\"300\" height=\"290\" \/><\/a> <a href=\"https:\/\/regiaonews.net.br\/2022\/wp-content\/uploads\/2021\/05\/80a89anosunidades.jpg\"><img loading=\"lazy\" decoding=\"async\" class=\"alignnone size-medium wp-image-47580\" src=\"https:\/\/regiaonews.net.br\/2022\/wp-content\/uploads\/2021\/05\/80a89anosunidades-300x290.jpg\" alt=\"\" width=\"300\" height=\"290\" \/><\/a><\/td>\n<\/tr>\n<tr>\n<td><\/td>\n<\/tr>\n<tr>\n<td>A Prefeitura de Barretos, por meio da Secretaria Municipal de Sa\u00fade, promove a vacina\u00e7\u00e3o contra a Covid-19 para v\u00e1rios grupos: segunda dose para pessoas de 65 a 90 anos, segunda dose para pessoas de 80 a 89 anos, primeira dose para gestantes e pu\u00e9rperas com comorbidades \u2013 18 a 59 anos e primeira dose para pessoas de 45 a 49 anos \u2013 BPC.<br \/>\nAs imuniza\u00e7\u00f5es est\u00e3o programadas para o decorrer da semana em esquema drive-thru e tamb\u00e9m nas unidades de sa\u00fade.<br \/>\nAbaixo os grupos, com datas, locais e documenta\u00e7\u00e3o necess\u00e1ria.<\/p>\n<p><strong><u>2\u00aa. DOSE \u2013 65 A 90 ANOS (Coronavac)<\/u><\/strong><\/p>\n<p><strong>1 &#8211; Quando ser\u00e1 a vacina\u00e7\u00e3o?<\/strong><br \/>\nNo dia 25 de maio, das 9h \u00e0s 16h \u2013 Drive-Thru \u2013 Roch\u00e3o.<br \/>\nDias 25 e 26 de maio, das 7h \u00e0s 13h \u2013 Unidades de Sa\u00fade.<\/p>\n<p>2 <strong>\u00a0&#8211; Quais documentos levar?<\/strong><br \/>\nApresentar RG e CPF originais.<br \/>\nCarteirinha com a primeira dose.<\/p>\n<p><strong><u>2\u00aa. DOSE \u2013 80 A 89 ANOS (Astrazeneca)<\/u><\/strong><\/p>\n<p><strong>1 &#8211; Quando ser\u00e1 a vacina\u00e7\u00e3o?<\/strong><br \/>\nNo dia 27 de maio, das 9h \u00e0s 16h \u2013 Drive-Thru \u2013 Roch\u00e3o.<br \/>\nDias 27 e 28 de maio, das 7h \u00e0s 13h \u2013 Unidades de Sa\u00fade.<\/p>\n<p>2 <strong>\u00a0&#8211; Quais documentos levar?<\/strong><br \/>\nApresentar RG e CPF originais.<br \/>\nCarteirinha com a primeira dose.<\/p>\n<p><strong><u>1\u00aa. DOSE- Pessoas de 45 a 49 anos com Defici\u00eancia Permanente (BPC)<\/p>\n<p>1-<\/u><\/strong><em><strong>\u00a0Quem \u00e9 o p\u00fablico?<\/strong><\/em><br \/>\nA aplica\u00e7\u00e3o da primeira dose ser\u00e1 para pessoas de 45 a 49 anos com defici\u00eancia permanente e que recebem o Benef\u00edcio de Presta\u00e7\u00e3o Continuada da Assist\u00eancia Social (BPC).<\/p>\n<p><em><strong>2 &#8211; Quando acontece a vacina\u00e7\u00e3o?<\/strong><\/em><br \/>\nA vacina\u00e7\u00e3o acontece dia 27 de maio\/21, das 08h \u00e0s 16 horas.<\/p>\n<p><em><strong>3 &#8211; Onde ser\u00e1 a vacina\u00e7\u00e3o?<\/strong><\/em><br \/>\nSer\u00e1 no Centro de Reabilita\u00e7\u00e3o do munic\u00edpio, na via Conselheiro Ant\u00f4nio Prado, n\u00ba 1365, pr\u00f3ximo \u00e0 UPA e ao shopping.<\/p>\n<p><em><strong>4 &#8211; Quais os documentos eu tenho que levar?<\/strong><\/em><br \/>\nPara tomar a vacina, as pessoas devem levar:<br \/>\nDocumento com foto<br \/>\nCPF<br \/>\nComprovante de resid\u00eancia<br \/>\nC\u00f3pia do comprovante de recebimento do Benef\u00edcio de Presta\u00e7\u00e3o Continuada (BPC).<\/p>\n<p><strong><u>1\u00aa. DOSE &#8211; Gestantes e pu\u00e9rperas de 18 a 59 anos com comorbidades<\/u><\/strong><\/p>\n<p><strong>1 &#8211; Quando ser\u00e1 a vacina\u00e7\u00e3o?<\/strong><br \/>\nNos dias 26, 27 e 28 de maio, das 7h \u00e0s 13h.<\/p>\n<p><strong>2 &#8211; Onde ser\u00e1 a vacina\u00e7\u00e3o?<\/strong><br \/>\nNo Ambulat\u00f3rio de Refer\u00eancia em Especialidades (Post\u00e3o)<\/p>\n<p><strong>3- Quais as comorbidades?<\/strong><br \/>\nDiabetes<br \/>\nPneumonias cr\u00f4nicas graves<br \/>\nHipertens\u00e3o arterial Resistente (HAR)<br \/>\nHipertens\u00e3o arterial Est\u00e1gio 3<br \/>\nHipertens\u00e3o arterial est\u00e1gios 1 e 2 com les\u00e3o em \u00f3rg\u00e3o-alvo e\/ou comorbidade<br \/>\nInsufici\u00eancia card\u00edaca (IC)<br \/>\nHipertens\u00e3o Pulmonar<br \/>\nCardiopatia hipertensiva<br \/>\nS\u00edndromes coronarianas<br \/>\nValvopatias<br \/>\nMiocardiopatias e pericardiopatias<br \/>\nDoen\u00e7as da aorta, dos grandes vasos e f\u00edstulas arteriovenosas<br \/>\nArritmias card\u00edacas<br \/>\nCardiopatias cong\u00eanita<br \/>\nPr\u00f3teses valvares e dispositivos card\u00edacas implantados<br \/>\nDoen\u00e7a cerebrovascular<br \/>\nDoen\u00e7a renal cr\u00f4nica<br \/>\nImunossuprimidos<br \/>\nHemoglobinopatias graves<br \/>\nObesidade m\u00f3rbida<br \/>\nCirrose hep\u00e1tica<\/p>\n<p><strong>4 &#8211; Quais documentos levar?<\/strong><br \/>\n\u2022 Apresentar RG e CPF originais.<br \/>\n\u2022Apresentar comprovante de endere\u00e7o em Barretos, preferencialmente, em nome da pessoa a ser vacinada: conta de \u00e1gua, conta de energia el\u00e9trica, conta de telefone\/celular, conta de servi\u00e7os de internet, conta banc\u00e1ria, conta de cart\u00e3o de cr\u00e9dito, carn\u00ea de IPTU, etc.<br \/>\n\u2022Entregar c\u00f3pia de documento que comprove comorbidade (exames atualizados, receitas, relat\u00f3rios m\u00e9dicos atualizados, prescri\u00e7\u00e3o m\u00e9dica ou a DECLARA\u00c7\u00c3O M\u00c9DICA PADRONIZADA, dispon\u00edvel no site <a href=\"http:\/\/www.barretos.sp.gov.br\">www.barretos.sp.gov.br<\/a> e na Vigil\u00e2ncia Sanit\u00e1ria, devidamente preenchida e assinada pelo profissional m\u00e9dico). Quaisquer dos comprovantes dever\u00e3o constar, obrigatoriamente, o n\u00famero do CRM e assinatura do m\u00e9dico respons\u00e1vel.<\/td>\n<\/tr>\n<\/tbody>\n<\/table>\n","protected":false},"excerpt":{"rendered":"<p>A Prefeitura de Barretos, por meio da Secretaria Municipal de<\/p>\n","protected":false},"author":2,"featured_media":44392,"comment_status":"open","ping_status":"open","sticky":false,"template":"","format":"standard","meta":{"footnotes":""},"categories":[14,25],"tags":[],"class_list":["post-47573","post","type-post","status-publish","format-standard","has-post-thumbnail","hentry","category-barretos","category-cidades"],"yoast_head":"<!-- This site is optimized with the Yoast SEO plugin v27.4 - https:\/\/yoast.com\/product\/yoast-seo-wordpress\/ -->\n<title>Governo Paula Lemos promove vacina\u00e7\u00e3o para diversos grupos nesta semana - Regi\u00e3o News<\/title>\n<meta name=\"robots\" content=\"index, follow, max-snippet:-1, max-image-preview:large, max-video-preview:-1\" \/>\n<link rel=\"canonical\" href=\"https:\/\/regiaonews.net.br\/2022\/2021\/05\/24\/governo-paula-lemos-promove-vacinacao-para-diversos-grupos-nesta-semana\/\" \/>\n<meta property=\"og:locale\" content=\"pt_BR\" \/>\n<meta property=\"og:type\" content=\"article\" \/>\n<meta property=\"og:title\" content=\"Governo Paula Lemos promove vacina\u00e7\u00e3o para diversos grupos nesta semana - Regi\u00e3o News\" \/>\n<meta property=\"og:description\" content=\"A Prefeitura de Barretos, por meio da Secretaria Municipal de\" \/>\n<meta property=\"og:url\" content=\"https:\/\/regiaonews.net.br\/2022\/2021\/05\/24\/governo-paula-lemos-promove-vacinacao-para-diversos-grupos-nesta-semana\/\" \/>\n<meta property=\"og:site_name\" content=\"Regi\u00e3o News\" \/>\n<meta property=\"article:published_time\" content=\"2021-05-24T18:30:34+00:00\" \/>\n<meta property=\"og:image\" content=\"https:\/\/regiaonews.net.br\/2022\/wp-content\/uploads\/2021\/03\/vacinacao-parque-da-cidade_mcamgo_abr_180220211818-20.jpg\" \/>\n\t<meta property=\"og:image:width\" content=\"1170\" \/>\n\t<meta property=\"og:image:height\" content=\"700\" \/>\n\t<meta property=\"og:image:type\" content=\"image\/jpeg\" \/>\n<meta name=\"author\" content=\"Roberto\" \/>\n<meta name=\"twitter:card\" content=\"summary_large_image\" \/>\n<meta name=\"twitter:label1\" content=\"Escrito por\" \/>\n\t<meta name=\"twitter:data1\" content=\"Roberto\" \/>\n\t<meta name=\"twitter:label2\" content=\"Est. tempo de leitura\" \/>\n\t<meta name=\"twitter:data2\" content=\"3 minutos\" \/>\n<script type=\"application\/ld+json\" class=\"yoast-schema-graph\">{\"@context\":\"https:\\\/\\\/schema.org\",\"@graph\":[{\"@type\":\"Article\",\"@id\":\"https:\\\/\\\/regiaonews.net.br\\\/2022\\\/2021\\\/05\\\/24\\\/governo-paula-lemos-promove-vacinacao-para-diversos-grupos-nesta-semana\\\/#article\",\"isPartOf\":{\"@id\":\"https:\\\/\\\/regiaonews.net.br\\\/2022\\\/2021\\\/05\\\/24\\\/governo-paula-lemos-promove-vacinacao-para-diversos-grupos-nesta-semana\\\/\"},\"author\":{\"name\":\"Roberto\",\"@id\":\"https:\\\/\\\/regiaonews.net.br\\\/2022\\\/#\\\/schema\\\/person\\\/2d205a608a5aa97ac279d7a5e6d89ad8\"},\"headline\":\"Governo Paula Lemos promove vacina\u00e7\u00e3o para diversos grupos nesta semana\",\"datePublished\":\"2021-05-24T18:30:34+00:00\",\"mainEntityOfPage\":{\"@id\":\"https:\\\/\\\/regiaonews.net.br\\\/2022\\\/2021\\\/05\\\/24\\\/governo-paula-lemos-promove-vacinacao-para-diversos-grupos-nesta-semana\\\/\"},\"wordCount\":584,\"commentCount\":0,\"publisher\":{\"@id\":\"https:\\\/\\\/regiaonews.net.br\\\/2022\\\/#organization\"},\"image\":{\"@id\":\"https:\\\/\\\/regiaonews.net.br\\\/2022\\\/2021\\\/05\\\/24\\\/governo-paula-lemos-promove-vacinacao-para-diversos-grupos-nesta-semana\\\/#primaryimage\"},\"thumbnailUrl\":\"https:\\\/\\\/regiaonews.net.br\\\/2022\\\/wp-content\\\/uploads\\\/2021\\\/03\\\/vacinacao-parque-da-cidade_mcamgo_abr_180220211818-20.jpg\",\"articleSection\":[\"Barretos\",\"Cidades\"],\"inLanguage\":\"pt-BR\",\"potentialAction\":[{\"@type\":\"CommentAction\",\"name\":\"Comment\",\"target\":[\"https:\\\/\\\/regiaonews.net.br\\\/2022\\\/2021\\\/05\\\/24\\\/governo-paula-lemos-promove-vacinacao-para-diversos-grupos-nesta-semana\\\/#respond\"]}]},{\"@type\":\"WebPage\",\"@id\":\"https:\\\/\\\/regiaonews.net.br\\\/2022\\\/2021\\\/05\\\/24\\\/governo-paula-lemos-promove-vacinacao-para-diversos-grupos-nesta-semana\\\/\",\"url\":\"https:\\\/\\\/regiaonews.net.br\\\/2022\\\/2021\\\/05\\\/24\\\/governo-paula-lemos-promove-vacinacao-para-diversos-grupos-nesta-semana\\\/\",\"name\":\"Governo Paula Lemos promove vacina\u00e7\u00e3o para diversos grupos nesta semana - Regi\u00e3o News\",\"isPartOf\":{\"@id\":\"https:\\\/\\\/regiaonews.net.br\\\/2022\\\/#website\"},\"primaryImageOfPage\":{\"@id\":\"https:\\\/\\\/regiaonews.net.br\\\/2022\\\/2021\\\/05\\\/24\\\/governo-paula-lemos-promove-vacinacao-para-diversos-grupos-nesta-semana\\\/#primaryimage\"},\"image\":{\"@id\":\"https:\\\/\\\/regiaonews.net.br\\\/2022\\\/2021\\\/05\\\/24\\\/governo-paula-lemos-promove-vacinacao-para-diversos-grupos-nesta-semana\\\/#primaryimage\"},\"thumbnailUrl\":\"https:\\\/\\\/regiaonews.net.br\\\/2022\\\/wp-content\\\/uploads\\\/2021\\\/03\\\/vacinacao-parque-da-cidade_mcamgo_abr_180220211818-20.jpg\",\"datePublished\":\"2021-05-24T18:30:34+00:00\",\"breadcrumb\":{\"@id\":\"https:\\\/\\\/regiaonews.net.br\\\/2022\\\/2021\\\/05\\\/24\\\/governo-paula-lemos-promove-vacinacao-para-diversos-grupos-nesta-semana\\\/#breadcrumb\"},\"inLanguage\":\"pt-BR\",\"potentialAction\":[{\"@type\":\"ReadAction\",\"target\":[\"https:\\\/\\\/regiaonews.net.br\\\/2022\\\/2021\\\/05\\\/24\\\/governo-paula-lemos-promove-vacinacao-para-diversos-grupos-nesta-semana\\\/\"]}]},{\"@type\":\"ImageObject\",\"inLanguage\":\"pt-BR\",\"@id\":\"https:\\\/\\\/regiaonews.net.br\\\/2022\\\/2021\\\/05\\\/24\\\/governo-paula-lemos-promove-vacinacao-para-diversos-grupos-nesta-semana\\\/#primaryimage\",\"url\":\"https:\\\/\\\/regiaonews.net.br\\\/2022\\\/wp-content\\\/uploads\\\/2021\\\/03\\\/vacinacao-parque-da-cidade_mcamgo_abr_180220211818-20.jpg\",\"contentUrl\":\"https:\\\/\\\/regiaonews.net.br\\\/2022\\\/wp-content\\\/uploads\\\/2021\\\/03\\\/vacinacao-parque-da-cidade_mcamgo_abr_180220211818-20.jpg\",\"width\":1170,\"height\":700,\"caption\":\"Vacina\u00e7\u00e3o drive-thru contra a covid-19 no Parque da Cidade, em Bras\u00edlia.\"},{\"@type\":\"BreadcrumbList\",\"@id\":\"https:\\\/\\\/regiaonews.net.br\\\/2022\\\/2021\\\/05\\\/24\\\/governo-paula-lemos-promove-vacinacao-para-diversos-grupos-nesta-semana\\\/#breadcrumb\",\"itemListElement\":[{\"@type\":\"ListItem\",\"position\":1,\"name\":\"In\u00edcio\",\"item\":\"https:\\\/\\\/regiaonews.net.br\\\/2022\\\/\"},{\"@type\":\"ListItem\",\"position\":2,\"name\":\"Governo Paula Lemos promove vacina\u00e7\u00e3o para diversos grupos nesta semana\"}]},{\"@type\":\"WebSite\",\"@id\":\"https:\\\/\\\/regiaonews.net.br\\\/2022\\\/#website\",\"url\":\"https:\\\/\\\/regiaonews.net.br\\\/2022\\\/\",\"name\":\"Regi\u00e3o News\",\"description\":\"Site de Not\u00edcias de Barretos e regi\u00e3o\",\"publisher\":{\"@id\":\"https:\\\/\\\/regiaonews.net.br\\\/2022\\\/#organization\"},\"potentialAction\":[{\"@type\":\"SearchAction\",\"target\":{\"@type\":\"EntryPoint\",\"urlTemplate\":\"https:\\\/\\\/regiaonews.net.br\\\/2022\\\/?s={search_term_string}\"},\"query-input\":{\"@type\":\"PropertyValueSpecification\",\"valueRequired\":true,\"valueName\":\"search_term_string\"}}],\"inLanguage\":\"pt-BR\"},{\"@type\":\"Organization\",\"@id\":\"https:\\\/\\\/regiaonews.net.br\\\/2022\\\/#organization\",\"name\":\"Regi\u00e3o News\",\"url\":\"https:\\\/\\\/regiaonews.net.br\\\/2022\\\/\",\"logo\":{\"@type\":\"ImageObject\",\"inLanguage\":\"pt-BR\",\"@id\":\"https:\\\/\\\/regiaonews.net.br\\\/2022\\\/#\\\/schema\\\/logo\\\/image\\\/\",\"url\":\"https:\\\/\\\/regiaonews.net.br\\\/2022\\\/wp-content\\\/uploads\\\/2026\\\/03\\\/regiao-13-anos-scaled.jpg\",\"contentUrl\":\"https:\\\/\\\/regiaonews.net.br\\\/2022\\\/wp-content\\\/uploads\\\/2026\\\/03\\\/regiao-13-anos-scaled.jpg\",\"width\":2560,\"height\":635,\"caption\":\"Regi\u00e3o News\"},\"image\":{\"@id\":\"https:\\\/\\\/regiaonews.net.br\\\/2022\\\/#\\\/schema\\\/logo\\\/image\\\/\"}},{\"@type\":\"Person\",\"@id\":\"https:\\\/\\\/regiaonews.net.br\\\/2022\\\/#\\\/schema\\\/person\\\/2d205a608a5aa97ac279d7a5e6d89ad8\",\"name\":\"Roberto\",\"image\":{\"@type\":\"ImageObject\",\"inLanguage\":\"pt-BR\",\"@id\":\"https:\\\/\\\/secure.gravatar.com\\\/avatar\\\/42749d8b712ff9d59ca93dc150494e5b55a44134482993f5baeb97e61b7ecc89?s=96&d=mm&r=g\",\"url\":\"https:\\\/\\\/secure.gravatar.com\\\/avatar\\\/42749d8b712ff9d59ca93dc150494e5b55a44134482993f5baeb97e61b7ecc89?s=96&d=mm&r=g\",\"contentUrl\":\"https:\\\/\\\/secure.gravatar.com\\\/avatar\\\/42749d8b712ff9d59ca93dc150494e5b55a44134482993f5baeb97e61b7ecc89?s=96&d=mm&r=g\",\"caption\":\"Roberto\"},\"url\":\"https:\\\/\\\/regiaonews.net.br\\\/2022\\\/author\\\/roberto\\\/\"}]}<\/script>\n<!-- \/ Yoast SEO plugin. -->","yoast_head_json":{"title":"Governo Paula Lemos promove vacina\u00e7\u00e3o para diversos grupos nesta semana - Regi\u00e3o News","robots":{"index":"index","follow":"follow","max-snippet":"max-snippet:-1","max-image-preview":"max-image-preview:large","max-video-preview":"max-video-preview:-1"},"canonical":"https:\/\/regiaonews.net.br\/2022\/2021\/05\/24\/governo-paula-lemos-promove-vacinacao-para-diversos-grupos-nesta-semana\/","og_locale":"pt_BR","og_type":"article","og_title":"Governo Paula Lemos promove vacina\u00e7\u00e3o para diversos grupos nesta semana - Regi\u00e3o News","og_description":"A Prefeitura de Barretos, por meio da Secretaria Municipal de","og_url":"https:\/\/regiaonews.net.br\/2022\/2021\/05\/24\/governo-paula-lemos-promove-vacinacao-para-diversos-grupos-nesta-semana\/","og_site_name":"Regi\u00e3o News","article_published_time":"2021-05-24T18:30:34+00:00","og_image":[{"width":1170,"height":700,"url":"https:\/\/regiaonews.net.br\/2022\/wp-content\/uploads\/2021\/03\/vacinacao-parque-da-cidade_mcamgo_abr_180220211818-20.jpg","type":"image\/jpeg"}],"author":"Roberto","twitter_card":"summary_large_image","twitter_misc":{"Escrito por":"Roberto","Est. tempo de leitura":"3 minutos"},"schema":{"@context":"https:\/\/schema.org","@graph":[{"@type":"Article","@id":"https:\/\/regiaonews.net.br\/2022\/2021\/05\/24\/governo-paula-lemos-promove-vacinacao-para-diversos-grupos-nesta-semana\/#article","isPartOf":{"@id":"https:\/\/regiaonews.net.br\/2022\/2021\/05\/24\/governo-paula-lemos-promove-vacinacao-para-diversos-grupos-nesta-semana\/"},"author":{"name":"Roberto","@id":"https:\/\/regiaonews.net.br\/2022\/#\/schema\/person\/2d205a608a5aa97ac279d7a5e6d89ad8"},"headline":"Governo Paula Lemos promove vacina\u00e7\u00e3o para diversos grupos nesta semana","datePublished":"2021-05-24T18:30:34+00:00","mainEntityOfPage":{"@id":"https:\/\/regiaonews.net.br\/2022\/2021\/05\/24\/governo-paula-lemos-promove-vacinacao-para-diversos-grupos-nesta-semana\/"},"wordCount":584,"commentCount":0,"publisher":{"@id":"https:\/\/regiaonews.net.br\/2022\/#organization"},"image":{"@id":"https:\/\/regiaonews.net.br\/2022\/2021\/05\/24\/governo-paula-lemos-promove-vacinacao-para-diversos-grupos-nesta-semana\/#primaryimage"},"thumbnailUrl":"https:\/\/regiaonews.net.br\/2022\/wp-content\/uploads\/2021\/03\/vacinacao-parque-da-cidade_mcamgo_abr_180220211818-20.jpg","articleSection":["Barretos","Cidades"],"inLanguage":"pt-BR","potentialAction":[{"@type":"CommentAction","name":"Comment","target":["https:\/\/regiaonews.net.br\/2022\/2021\/05\/24\/governo-paula-lemos-promove-vacinacao-para-diversos-grupos-nesta-semana\/#respond"]}]},{"@type":"WebPage","@id":"https:\/\/regiaonews.net.br\/2022\/2021\/05\/24\/governo-paula-lemos-promove-vacinacao-para-diversos-grupos-nesta-semana\/","url":"https:\/\/regiaonews.net.br\/2022\/2021\/05\/24\/governo-paula-lemos-promove-vacinacao-para-diversos-grupos-nesta-semana\/","name":"Governo Paula Lemos promove vacina\u00e7\u00e3o para diversos grupos nesta semana - Regi\u00e3o News","isPartOf":{"@id":"https:\/\/regiaonews.net.br\/2022\/#website"},"primaryImageOfPage":{"@id":"https:\/\/regiaonews.net.br\/2022\/2021\/05\/24\/governo-paula-lemos-promove-vacinacao-para-diversos-grupos-nesta-semana\/#primaryimage"},"image":{"@id":"https:\/\/regiaonews.net.br\/2022\/2021\/05\/24\/governo-paula-lemos-promove-vacinacao-para-diversos-grupos-nesta-semana\/#primaryimage"},"thumbnailUrl":"https:\/\/regiaonews.net.br\/2022\/wp-content\/uploads\/2021\/03\/vacinacao-parque-da-cidade_mcamgo_abr_180220211818-20.jpg","datePublished":"2021-05-24T18:30:34+00:00","breadcrumb":{"@id":"https:\/\/regiaonews.net.br\/2022\/2021\/05\/24\/governo-paula-lemos-promove-vacinacao-para-diversos-grupos-nesta-semana\/#breadcrumb"},"inLanguage":"pt-BR","potentialAction":[{"@type":"ReadAction","target":["https:\/\/regiaonews.net.br\/2022\/2021\/05\/24\/governo-paula-lemos-promove-vacinacao-para-diversos-grupos-nesta-semana\/"]}]},{"@type":"ImageObject","inLanguage":"pt-BR","@id":"https:\/\/regiaonews.net.br\/2022\/2021\/05\/24\/governo-paula-lemos-promove-vacinacao-para-diversos-grupos-nesta-semana\/#primaryimage","url":"https:\/\/regiaonews.net.br\/2022\/wp-content\/uploads\/2021\/03\/vacinacao-parque-da-cidade_mcamgo_abr_180220211818-20.jpg","contentUrl":"https:\/\/regiaonews.net.br\/2022\/wp-content\/uploads\/2021\/03\/vacinacao-parque-da-cidade_mcamgo_abr_180220211818-20.jpg","width":1170,"height":700,"caption":"Vacina\u00e7\u00e3o drive-thru contra a covid-19 no Parque da Cidade, em Bras\u00edlia."},{"@type":"BreadcrumbList","@id":"https:\/\/regiaonews.net.br\/2022\/2021\/05\/24\/governo-paula-lemos-promove-vacinacao-para-diversos-grupos-nesta-semana\/#breadcrumb","itemListElement":[{"@type":"ListItem","position":1,"name":"In\u00edcio","item":"https:\/\/regiaonews.net.br\/2022\/"},{"@type":"ListItem","position":2,"name":"Governo Paula Lemos promove vacina\u00e7\u00e3o para diversos grupos nesta semana"}]},{"@type":"WebSite","@id":"https:\/\/regiaonews.net.br\/2022\/#website","url":"https:\/\/regiaonews.net.br\/2022\/","name":"Regi\u00e3o News","description":"Site de Not\u00edcias de Barretos e regi\u00e3o","publisher":{"@id":"https:\/\/regiaonews.net.br\/2022\/#organization"},"potentialAction":[{"@type":"SearchAction","target":{"@type":"EntryPoint","urlTemplate":"https:\/\/regiaonews.net.br\/2022\/?s={search_term_string}"},"query-input":{"@type":"PropertyValueSpecification","valueRequired":true,"valueName":"search_term_string"}}],"inLanguage":"pt-BR"},{"@type":"Organization","@id":"https:\/\/regiaonews.net.br\/2022\/#organization","name":"Regi\u00e3o News","url":"https:\/\/regiaonews.net.br\/2022\/","logo":{"@type":"ImageObject","inLanguage":"pt-BR","@id":"https:\/\/regiaonews.net.br\/2022\/#\/schema\/logo\/image\/","url":"https:\/\/regiaonews.net.br\/2022\/wp-content\/uploads\/2026\/03\/regiao-13-anos-scaled.jpg","contentUrl":"https:\/\/regiaonews.net.br\/2022\/wp-content\/uploads\/2026\/03\/regiao-13-anos-scaled.jpg","width":2560,"height":635,"caption":"Regi\u00e3o News"},"image":{"@id":"https:\/\/regiaonews.net.br\/2022\/#\/schema\/logo\/image\/"}},{"@type":"Person","@id":"https:\/\/regiaonews.net.br\/2022\/#\/schema\/person\/2d205a608a5aa97ac279d7a5e6d89ad8","name":"Roberto","image":{"@type":"ImageObject","inLanguage":"pt-BR","@id":"https:\/\/secure.gravatar.com\/avatar\/42749d8b712ff9d59ca93dc150494e5b55a44134482993f5baeb97e61b7ecc89?s=96&d=mm&r=g","url":"https:\/\/secure.gravatar.com\/avatar\/42749d8b712ff9d59ca93dc150494e5b55a44134482993f5baeb97e61b7ecc89?s=96&d=mm&r=g","contentUrl":"https:\/\/secure.gravatar.com\/avatar\/42749d8b712ff9d59ca93dc150494e5b55a44134482993f5baeb97e61b7ecc89?s=96&d=mm&r=g","caption":"Roberto"},"url":"https:\/\/regiaonews.net.br\/2022\/author\/roberto\/"}]}},"publishpress_future_action":{"enabled":false,"date":"2026-05-04 10:29:06","action":"change-status","newStatus":"draft","terms":[],"taxonomy":"category","extraData":[]},"publishpress_future_workflow_manual_trigger":{"enabledWorkflows":[]},"_links":{"self":[{"href":"https:\/\/regiaonews.net.br\/2022\/wp-json\/wp\/v2\/posts\/47573","targetHints":{"allow":["GET"]}}],"collection":[{"href":"https:\/\/regiaonews.net.br\/2022\/wp-json\/wp\/v2\/posts"}],"about":[{"href":"https:\/\/regiaonews.net.br\/2022\/wp-json\/wp\/v2\/types\/post"}],"author":[{"embeddable":true,"href":"https:\/\/regiaonews.net.br\/2022\/wp-json\/wp\/v2\/users\/2"}],"replies":[{"embeddable":true,"href":"https:\/\/regiaonews.net.br\/2022\/wp-json\/wp\/v2\/comments?post=47573"}],"version-history":[{"count":0,"href":"https:\/\/regiaonews.net.br\/2022\/wp-json\/wp\/v2\/posts\/47573\/revisions"}],"wp:featuredmedia":[{"embeddable":true,"href":"https:\/\/regiaonews.net.br\/2022\/wp-json\/wp\/v2\/media\/44392"}],"wp:attachment":[{"href":"https:\/\/regiaonews.net.br\/2022\/wp-json\/wp\/v2\/media?parent=47573"}],"wp:term":[{"taxonomy":"category","embeddable":true,"href":"https:\/\/regiaonews.net.br\/2022\/wp-json\/wp\/v2\/categories?post=47573"},{"taxonomy":"post_tag","embeddable":true,"href":"https:\/\/regiaonews.net.br\/2022\/wp-json\/wp\/v2\/tags?post=47573"}],"curies":[{"name":"wp","href":"https:\/\/api.w.org\/{rel}","templated":true}]}}