{"id":47564,"date":"2021-05-24T12:58:39","date_gmt":"2021-05-24T15:58:39","guid":{"rendered":"https:\/\/regiaonews.net.br\/2022\/?p=47564"},"modified":"2021-05-24T12:58:53","modified_gmt":"2021-05-24T15:58:53","slug":"prefeito-de-colina-confirma-recebimento-de-372-cestas-para-familias-carentes-da-cidade","status":"publish","type":"post","link":"https:\/\/regiaonews.net.br\/2022\/2021\/05\/24\/prefeito-de-colina-confirma-recebimento-de-372-cestas-para-familias-carentes-da-cidade\/","title":{"rendered":"Prefeito de Colina confirma recebimento de  372 cestas para fam\u00edlias carentes da cidade"},"content":{"rendered":"<p><a href=\"https:\/\/regiaonews.net.br\/2022\/wp-content\/uploads\/2021\/05\/m_62_0_2_19052021153154.jpg\"><img loading=\"lazy\" decoding=\"async\" class=\"alignnone size-medium wp-image-47565\" src=\"https:\/\/regiaonews.net.br\/2022\/wp-content\/uploads\/2021\/05\/m_62_0_2_19052021153154-300x199.jpg\" alt=\"\" width=\"300\" height=\"199\" \/><\/a><\/p>\n<div class=\"post-content\">\n<article class=\"post-text\">Na \u00faltima ter\u00e7a-feira, 18 de maio, a Prefeitura Municipal de Colina recebeu e entregou 92 cestas b\u00e1sicas para a Associa\u00e7\u00e3o de Pais e Amigos dos Excepcionais de Colina \u2013 APAE, beneficiando tanto os alunos de Colina quanto os de Jaborandi. E outras 280 cestas b\u00e1sicas, que ser\u00e3o distribu\u00eddas \u00e0s fam\u00edlias de baixa renda, assistidas pelo Fundo Social de Solidariedade e Secretaria Municipal de Desenvolvimento Social de Colina.As doa\u00e7\u00f5es foram recebidas atrav\u00e9s de pedido do Prefeito Municipal, Dieb Taha, que foi prontamente atendido pela Secret\u00e1ria de Estado da Pessoa com Defici\u00eancia, C\u00e9lia Le\u00e3o e pelo Fundo Social de S\u00e3o Paulo \u2013 FUSSP.<\/p>\n<p>Vale destacar que a Prefeitura de Colina disponibilizou um caminh\u00e3o para ir at\u00e9 a capital paulista buscar as cestas de alimentos.<\/p>\n<p>Esta \u00e9 mais uma a\u00e7\u00e3o social da Administra\u00e7\u00e3o Municipal em apoio \u00e0s pessoas com defici\u00eancia e seus familiares, bem como das fam\u00edlias mais necessitadas, assistidas pelo Fundo Social e Secretaria de Desenvolvimento Social do munic\u00edpio, principalmente as afetadas pelos reflexos da crise econ\u00f4mica que enfrentamos decorrente da pandemia causada pela COVID-19.<\/p>\n<p>Para o Prefeito Municipal Dieb Taha, as cestas de alimentos chegam em um momento importante, de enfrentamento \u00e0 pandemia. Ele concluiu dizendo que a luta e o trabalho s\u00e3o constantes. \u201cA distribui\u00e7\u00e3o dos alimentos \u00e9 de extrema import\u00e2ncia para suplementar a alimenta\u00e7\u00e3o e minimizar as dificuldades econ\u00f4micas das fam\u00edlias colinenses nesse per\u00edodo de pandemia do Novo Coronav\u00edrus\u201d.<\/p>\n<p>Dieb acrescentou, dizendo: \u201cal\u00e9m destas cestas b\u00e1sicas, a Prefeitura de Colina distribui, desde o in\u00edcio da pandemia, kits de alimentos para todos os alunos da Rede Municipal de Ensino \u2013 Educa\u00e7\u00e3o Infantil (Creche e Pr\u00e9-Escola), Ensino Fundamental (de 1\u00ba a 9\u00ba anos), Ensino M\u00e9dio Profissionalizante e Educa\u00e7\u00e3o de Jovens e Adultos (EJA), e para os alunos colinenses da Educa\u00e7\u00e3o Especial da Associa\u00e7\u00e3o de Pais e Amigos dos Excepcionais de Colina (APAE), assegurando um importante complemento alimentar aos estudantes neste per\u00edodo de pandemia\u201d.<\/p>\n<p>&nbsp;<\/p>\n<\/article>\n<\/div>\n","protected":false},"excerpt":{"rendered":"<p>Na \u00faltima ter\u00e7a-feira, 18 de maio, a Prefeitura Municipal de<\/p>\n","protected":false},"author":2,"featured_media":47565,"comment_status":"open","ping_status":"open","sticky":false,"template":"","format":"standard","meta":{"footnotes":""},"categories":[25,5,82],"tags":[],"class_list":["post-47564","post","type-post","status-publish","format-standard","has-post-thumbnail","hentry","category-cidades","category-colina","category-solidariedade"],"yoast_head":"<!-- This site is optimized with the Yoast SEO plugin v27.4 - https:\/\/yoast.com\/product\/yoast-seo-wordpress\/ -->\n<title>Prefeito de Colina confirma recebimento de 372 cestas para fam\u00edlias carentes da cidade - Regi\u00e3o News<\/title>\n<meta name=\"robots\" content=\"index, follow, max-snippet:-1, max-image-preview:large, max-video-preview:-1\" \/>\n<link rel=\"canonical\" href=\"https:\/\/regiaonews.net.br\/2022\/2021\/05\/24\/prefeito-de-colina-confirma-recebimento-de-372-cestas-para-familias-carentes-da-cidade\/\" \/>\n<meta property=\"og:locale\" content=\"pt_BR\" \/>\n<meta property=\"og:type\" content=\"article\" \/>\n<meta property=\"og:title\" content=\"Prefeito de Colina confirma recebimento de 372 cestas para fam\u00edlias carentes da cidade - Regi\u00e3o News\" \/>\n<meta property=\"og:description\" content=\"Na \u00faltima ter\u00e7a-feira, 18 de maio, a Prefeitura Municipal de\" \/>\n<meta property=\"og:url\" content=\"https:\/\/regiaonews.net.br\/2022\/2021\/05\/24\/prefeito-de-colina-confirma-recebimento-de-372-cestas-para-familias-carentes-da-cidade\/\" \/>\n<meta property=\"og:site_name\" content=\"Regi\u00e3o News\" \/>\n<meta property=\"article:published_time\" content=\"2021-05-24T15:58:39+00:00\" \/>\n<meta property=\"article:modified_time\" content=\"2021-05-24T15:58:53+00:00\" \/>\n<meta property=\"og:image\" content=\"https:\/\/regiaonews.net.br\/2022\/wp-content\/uploads\/2021\/05\/m_62_0_2_19052021153154.jpg\" \/>\n\t<meta property=\"og:image:width\" content=\"1280\" \/>\n\t<meta property=\"og:image:height\" content=\"847\" \/>\n\t<meta property=\"og:image:type\" content=\"image\/jpeg\" \/>\n<meta name=\"author\" content=\"Roberto\" \/>\n<meta name=\"twitter:card\" content=\"summary_large_image\" \/>\n<meta name=\"twitter:label1\" content=\"Escrito por\" \/>\n\t<meta name=\"twitter:data1\" content=\"Roberto\" \/>\n\t<meta name=\"twitter:label2\" content=\"Est. tempo de leitura\" \/>\n\t<meta name=\"twitter:data2\" content=\"2 minutos\" \/>\n<script type=\"application\/ld+json\" class=\"yoast-schema-graph\">{\"@context\":\"https:\\\/\\\/schema.org\",\"@graph\":[{\"@type\":\"Article\",\"@id\":\"https:\\\/\\\/regiaonews.net.br\\\/2022\\\/2021\\\/05\\\/24\\\/prefeito-de-colina-confirma-recebimento-de-372-cestas-para-familias-carentes-da-cidade\\\/#article\",\"isPartOf\":{\"@id\":\"https:\\\/\\\/regiaonews.net.br\\\/2022\\\/2021\\\/05\\\/24\\\/prefeito-de-colina-confirma-recebimento-de-372-cestas-para-familias-carentes-da-cidade\\\/\"},\"author\":{\"name\":\"Roberto\",\"@id\":\"https:\\\/\\\/regiaonews.net.br\\\/2022\\\/#\\\/schema\\\/person\\\/2d205a608a5aa97ac279d7a5e6d89ad8\"},\"headline\":\"Prefeito de Colina confirma recebimento de 372 cestas para fam\u00edlias carentes da cidade\",\"datePublished\":\"2021-05-24T15:58:39+00:00\",\"dateModified\":\"2021-05-24T15:58:53+00:00\",\"mainEntityOfPage\":{\"@id\":\"https:\\\/\\\/regiaonews.net.br\\\/2022\\\/2021\\\/05\\\/24\\\/prefeito-de-colina-confirma-recebimento-de-372-cestas-para-familias-carentes-da-cidade\\\/\"},\"wordCount\":355,\"commentCount\":0,\"publisher\":{\"@id\":\"https:\\\/\\\/regiaonews.net.br\\\/2022\\\/#organization\"},\"image\":{\"@id\":\"https:\\\/\\\/regiaonews.net.br\\\/2022\\\/2021\\\/05\\\/24\\\/prefeito-de-colina-confirma-recebimento-de-372-cestas-para-familias-carentes-da-cidade\\\/#primaryimage\"},\"thumbnailUrl\":\"https:\\\/\\\/regiaonews.net.br\\\/2022\\\/wp-content\\\/uploads\\\/2021\\\/05\\\/m_62_0_2_19052021153154.jpg\",\"articleSection\":[\"Cidades\",\"Colina\",\"Solidariedade\"],\"inLanguage\":\"pt-BR\",\"potentialAction\":[{\"@type\":\"CommentAction\",\"name\":\"Comment\",\"target\":[\"https:\\\/\\\/regiaonews.net.br\\\/2022\\\/2021\\\/05\\\/24\\\/prefeito-de-colina-confirma-recebimento-de-372-cestas-para-familias-carentes-da-cidade\\\/#respond\"]}]},{\"@type\":\"WebPage\",\"@id\":\"https:\\\/\\\/regiaonews.net.br\\\/2022\\\/2021\\\/05\\\/24\\\/prefeito-de-colina-confirma-recebimento-de-372-cestas-para-familias-carentes-da-cidade\\\/\",\"url\":\"https:\\\/\\\/regiaonews.net.br\\\/2022\\\/2021\\\/05\\\/24\\\/prefeito-de-colina-confirma-recebimento-de-372-cestas-para-familias-carentes-da-cidade\\\/\",\"name\":\"Prefeito de Colina confirma recebimento de 372 cestas para fam\u00edlias carentes da cidade - Regi\u00e3o News\",\"isPartOf\":{\"@id\":\"https:\\\/\\\/regiaonews.net.br\\\/2022\\\/#website\"},\"primaryImageOfPage\":{\"@id\":\"https:\\\/\\\/regiaonews.net.br\\\/2022\\\/2021\\\/05\\\/24\\\/prefeito-de-colina-confirma-recebimento-de-372-cestas-para-familias-carentes-da-cidade\\\/#primaryimage\"},\"image\":{\"@id\":\"https:\\\/\\\/regiaonews.net.br\\\/2022\\\/2021\\\/05\\\/24\\\/prefeito-de-colina-confirma-recebimento-de-372-cestas-para-familias-carentes-da-cidade\\\/#primaryimage\"},\"thumbnailUrl\":\"https:\\\/\\\/regiaonews.net.br\\\/2022\\\/wp-content\\\/uploads\\\/2021\\\/05\\\/m_62_0_2_19052021153154.jpg\",\"datePublished\":\"2021-05-24T15:58:39+00:00\",\"dateModified\":\"2021-05-24T15:58:53+00:00\",\"breadcrumb\":{\"@id\":\"https:\\\/\\\/regiaonews.net.br\\\/2022\\\/2021\\\/05\\\/24\\\/prefeito-de-colina-confirma-recebimento-de-372-cestas-para-familias-carentes-da-cidade\\\/#breadcrumb\"},\"inLanguage\":\"pt-BR\",\"potentialAction\":[{\"@type\":\"ReadAction\",\"target\":[\"https:\\\/\\\/regiaonews.net.br\\\/2022\\\/2021\\\/05\\\/24\\\/prefeito-de-colina-confirma-recebimento-de-372-cestas-para-familias-carentes-da-cidade\\\/\"]}]},{\"@type\":\"ImageObject\",\"inLanguage\":\"pt-BR\",\"@id\":\"https:\\\/\\\/regiaonews.net.br\\\/2022\\\/2021\\\/05\\\/24\\\/prefeito-de-colina-confirma-recebimento-de-372-cestas-para-familias-carentes-da-cidade\\\/#primaryimage\",\"url\":\"https:\\\/\\\/regiaonews.net.br\\\/2022\\\/wp-content\\\/uploads\\\/2021\\\/05\\\/m_62_0_2_19052021153154.jpg\",\"contentUrl\":\"https:\\\/\\\/regiaonews.net.br\\\/2022\\\/wp-content\\\/uploads\\\/2021\\\/05\\\/m_62_0_2_19052021153154.jpg\",\"width\":1280,\"height\":847},{\"@type\":\"BreadcrumbList\",\"@id\":\"https:\\\/\\\/regiaonews.net.br\\\/2022\\\/2021\\\/05\\\/24\\\/prefeito-de-colina-confirma-recebimento-de-372-cestas-para-familias-carentes-da-cidade\\\/#breadcrumb\",\"itemListElement\":[{\"@type\":\"ListItem\",\"position\":1,\"name\":\"In\u00edcio\",\"item\":\"https:\\\/\\\/regiaonews.net.br\\\/2022\\\/\"},{\"@type\":\"ListItem\",\"position\":2,\"name\":\"Prefeito de Colina confirma recebimento de 372 cestas para fam\u00edlias carentes da cidade\"}]},{\"@type\":\"WebSite\",\"@id\":\"https:\\\/\\\/regiaonews.net.br\\\/2022\\\/#website\",\"url\":\"https:\\\/\\\/regiaonews.net.br\\\/2022\\\/\",\"name\":\"Regi\u00e3o News\",\"description\":\"Site de Not\u00edcias de Barretos e regi\u00e3o\",\"publisher\":{\"@id\":\"https:\\\/\\\/regiaonews.net.br\\\/2022\\\/#organization\"},\"potentialAction\":[{\"@type\":\"SearchAction\",\"target\":{\"@type\":\"EntryPoint\",\"urlTemplate\":\"https:\\\/\\\/regiaonews.net.br\\\/2022\\\/?s={search_term_string}\"},\"query-input\":{\"@type\":\"PropertyValueSpecification\",\"valueRequired\":true,\"valueName\":\"search_term_string\"}}],\"inLanguage\":\"pt-BR\"},{\"@type\":\"Organization\",\"@id\":\"https:\\\/\\\/regiaonews.net.br\\\/2022\\\/#organization\",\"name\":\"Regi\u00e3o News\",\"url\":\"https:\\\/\\\/regiaonews.net.br\\\/2022\\\/\",\"logo\":{\"@type\":\"ImageObject\",\"inLanguage\":\"pt-BR\",\"@id\":\"https:\\\/\\\/regiaonews.net.br\\\/2022\\\/#\\\/schema\\\/logo\\\/image\\\/\",\"url\":\"https:\\\/\\\/regiaonews.net.br\\\/2022\\\/wp-content\\\/uploads\\\/2026\\\/03\\\/regiao-13-anos-scaled.jpg\",\"contentUrl\":\"https:\\\/\\\/regiaonews.net.br\\\/2022\\\/wp-content\\\/uploads\\\/2026\\\/03\\\/regiao-13-anos-scaled.jpg\",\"width\":2560,\"height\":635,\"caption\":\"Regi\u00e3o News\"},\"image\":{\"@id\":\"https:\\\/\\\/regiaonews.net.br\\\/2022\\\/#\\\/schema\\\/logo\\\/image\\\/\"}},{\"@type\":\"Person\",\"@id\":\"https:\\\/\\\/regiaonews.net.br\\\/2022\\\/#\\\/schema\\\/person\\\/2d205a608a5aa97ac279d7a5e6d89ad8\",\"name\":\"Roberto\",\"image\":{\"@type\":\"ImageObject\",\"inLanguage\":\"pt-BR\",\"@id\":\"https:\\\/\\\/secure.gravatar.com\\\/avatar\\\/42749d8b712ff9d59ca93dc150494e5b55a44134482993f5baeb97e61b7ecc89?s=96&d=mm&r=g\",\"url\":\"https:\\\/\\\/secure.gravatar.com\\\/avatar\\\/42749d8b712ff9d59ca93dc150494e5b55a44134482993f5baeb97e61b7ecc89?s=96&d=mm&r=g\",\"contentUrl\":\"https:\\\/\\\/secure.gravatar.com\\\/avatar\\\/42749d8b712ff9d59ca93dc150494e5b55a44134482993f5baeb97e61b7ecc89?s=96&d=mm&r=g\",\"caption\":\"Roberto\"},\"url\":\"https:\\\/\\\/regiaonews.net.br\\\/2022\\\/author\\\/roberto\\\/\"}]}<\/script>\n<!-- \/ Yoast SEO plugin. -->","yoast_head_json":{"title":"Prefeito de Colina confirma recebimento de 372 cestas para fam\u00edlias carentes da cidade - Regi\u00e3o News","robots":{"index":"index","follow":"follow","max-snippet":"max-snippet:-1","max-image-preview":"max-image-preview:large","max-video-preview":"max-video-preview:-1"},"canonical":"https:\/\/regiaonews.net.br\/2022\/2021\/05\/24\/prefeito-de-colina-confirma-recebimento-de-372-cestas-para-familias-carentes-da-cidade\/","og_locale":"pt_BR","og_type":"article","og_title":"Prefeito de Colina confirma recebimento de 372 cestas para fam\u00edlias carentes da cidade - Regi\u00e3o News","og_description":"Na \u00faltima ter\u00e7a-feira, 18 de maio, a Prefeitura Municipal de","og_url":"https:\/\/regiaonews.net.br\/2022\/2021\/05\/24\/prefeito-de-colina-confirma-recebimento-de-372-cestas-para-familias-carentes-da-cidade\/","og_site_name":"Regi\u00e3o News","article_published_time":"2021-05-24T15:58:39+00:00","article_modified_time":"2021-05-24T15:58:53+00:00","og_image":[{"width":1280,"height":847,"url":"https:\/\/regiaonews.net.br\/2022\/wp-content\/uploads\/2021\/05\/m_62_0_2_19052021153154.jpg","type":"image\/jpeg"}],"author":"Roberto","twitter_card":"summary_large_image","twitter_misc":{"Escrito por":"Roberto","Est. tempo de leitura":"2 minutos"},"schema":{"@context":"https:\/\/schema.org","@graph":[{"@type":"Article","@id":"https:\/\/regiaonews.net.br\/2022\/2021\/05\/24\/prefeito-de-colina-confirma-recebimento-de-372-cestas-para-familias-carentes-da-cidade\/#article","isPartOf":{"@id":"https:\/\/regiaonews.net.br\/2022\/2021\/05\/24\/prefeito-de-colina-confirma-recebimento-de-372-cestas-para-familias-carentes-da-cidade\/"},"author":{"name":"Roberto","@id":"https:\/\/regiaonews.net.br\/2022\/#\/schema\/person\/2d205a608a5aa97ac279d7a5e6d89ad8"},"headline":"Prefeito de Colina confirma recebimento de 372 cestas para fam\u00edlias carentes da cidade","datePublished":"2021-05-24T15:58:39+00:00","dateModified":"2021-05-24T15:58:53+00:00","mainEntityOfPage":{"@id":"https:\/\/regiaonews.net.br\/2022\/2021\/05\/24\/prefeito-de-colina-confirma-recebimento-de-372-cestas-para-familias-carentes-da-cidade\/"},"wordCount":355,"commentCount":0,"publisher":{"@id":"https:\/\/regiaonews.net.br\/2022\/#organization"},"image":{"@id":"https:\/\/regiaonews.net.br\/2022\/2021\/05\/24\/prefeito-de-colina-confirma-recebimento-de-372-cestas-para-familias-carentes-da-cidade\/#primaryimage"},"thumbnailUrl":"https:\/\/regiaonews.net.br\/2022\/wp-content\/uploads\/2021\/05\/m_62_0_2_19052021153154.jpg","articleSection":["Cidades","Colina","Solidariedade"],"inLanguage":"pt-BR","potentialAction":[{"@type":"CommentAction","name":"Comment","target":["https:\/\/regiaonews.net.br\/2022\/2021\/05\/24\/prefeito-de-colina-confirma-recebimento-de-372-cestas-para-familias-carentes-da-cidade\/#respond"]}]},{"@type":"WebPage","@id":"https:\/\/regiaonews.net.br\/2022\/2021\/05\/24\/prefeito-de-colina-confirma-recebimento-de-372-cestas-para-familias-carentes-da-cidade\/","url":"https:\/\/regiaonews.net.br\/2022\/2021\/05\/24\/prefeito-de-colina-confirma-recebimento-de-372-cestas-para-familias-carentes-da-cidade\/","name":"Prefeito de Colina confirma recebimento de 372 cestas para fam\u00edlias carentes da cidade - Regi\u00e3o News","isPartOf":{"@id":"https:\/\/regiaonews.net.br\/2022\/#website"},"primaryImageOfPage":{"@id":"https:\/\/regiaonews.net.br\/2022\/2021\/05\/24\/prefeito-de-colina-confirma-recebimento-de-372-cestas-para-familias-carentes-da-cidade\/#primaryimage"},"image":{"@id":"https:\/\/regiaonews.net.br\/2022\/2021\/05\/24\/prefeito-de-colina-confirma-recebimento-de-372-cestas-para-familias-carentes-da-cidade\/#primaryimage"},"thumbnailUrl":"https:\/\/regiaonews.net.br\/2022\/wp-content\/uploads\/2021\/05\/m_62_0_2_19052021153154.jpg","datePublished":"2021-05-24T15:58:39+00:00","dateModified":"2021-05-24T15:58:53+00:00","breadcrumb":{"@id":"https:\/\/regiaonews.net.br\/2022\/2021\/05\/24\/prefeito-de-colina-confirma-recebimento-de-372-cestas-para-familias-carentes-da-cidade\/#breadcrumb"},"inLanguage":"pt-BR","potentialAction":[{"@type":"ReadAction","target":["https:\/\/regiaonews.net.br\/2022\/2021\/05\/24\/prefeito-de-colina-confirma-recebimento-de-372-cestas-para-familias-carentes-da-cidade\/"]}]},{"@type":"ImageObject","inLanguage":"pt-BR","@id":"https:\/\/regiaonews.net.br\/2022\/2021\/05\/24\/prefeito-de-colina-confirma-recebimento-de-372-cestas-para-familias-carentes-da-cidade\/#primaryimage","url":"https:\/\/regiaonews.net.br\/2022\/wp-content\/uploads\/2021\/05\/m_62_0_2_19052021153154.jpg","contentUrl":"https:\/\/regiaonews.net.br\/2022\/wp-content\/uploads\/2021\/05\/m_62_0_2_19052021153154.jpg","width":1280,"height":847},{"@type":"BreadcrumbList","@id":"https:\/\/regiaonews.net.br\/2022\/2021\/05\/24\/prefeito-de-colina-confirma-recebimento-de-372-cestas-para-familias-carentes-da-cidade\/#breadcrumb","itemListElement":[{"@type":"ListItem","position":1,"name":"In\u00edcio","item":"https:\/\/regiaonews.net.br\/2022\/"},{"@type":"ListItem","position":2,"name":"Prefeito de Colina confirma recebimento de 372 cestas para fam\u00edlias carentes da cidade"}]},{"@type":"WebSite","@id":"https:\/\/regiaonews.net.br\/2022\/#website","url":"https:\/\/regiaonews.net.br\/2022\/","name":"Regi\u00e3o News","description":"Site de Not\u00edcias de Barretos e regi\u00e3o","publisher":{"@id":"https:\/\/regiaonews.net.br\/2022\/#organization"},"potentialAction":[{"@type":"SearchAction","target":{"@type":"EntryPoint","urlTemplate":"https:\/\/regiaonews.net.br\/2022\/?s={search_term_string}"},"query-input":{"@type":"PropertyValueSpecification","valueRequired":true,"valueName":"search_term_string"}}],"inLanguage":"pt-BR"},{"@type":"Organization","@id":"https:\/\/regiaonews.net.br\/2022\/#organization","name":"Regi\u00e3o News","url":"https:\/\/regiaonews.net.br\/2022\/","logo":{"@type":"ImageObject","inLanguage":"pt-BR","@id":"https:\/\/regiaonews.net.br\/2022\/#\/schema\/logo\/image\/","url":"https:\/\/regiaonews.net.br\/2022\/wp-content\/uploads\/2026\/03\/regiao-13-anos-scaled.jpg","contentUrl":"https:\/\/regiaonews.net.br\/2022\/wp-content\/uploads\/2026\/03\/regiao-13-anos-scaled.jpg","width":2560,"height":635,"caption":"Regi\u00e3o News"},"image":{"@id":"https:\/\/regiaonews.net.br\/2022\/#\/schema\/logo\/image\/"}},{"@type":"Person","@id":"https:\/\/regiaonews.net.br\/2022\/#\/schema\/person\/2d205a608a5aa97ac279d7a5e6d89ad8","name":"Roberto","image":{"@type":"ImageObject","inLanguage":"pt-BR","@id":"https:\/\/secure.gravatar.com\/avatar\/42749d8b712ff9d59ca93dc150494e5b55a44134482993f5baeb97e61b7ecc89?s=96&d=mm&r=g","url":"https:\/\/secure.gravatar.com\/avatar\/42749d8b712ff9d59ca93dc150494e5b55a44134482993f5baeb97e61b7ecc89?s=96&d=mm&r=g","contentUrl":"https:\/\/secure.gravatar.com\/avatar\/42749d8b712ff9d59ca93dc150494e5b55a44134482993f5baeb97e61b7ecc89?s=96&d=mm&r=g","caption":"Roberto"},"url":"https:\/\/regiaonews.net.br\/2022\/author\/roberto\/"}]}},"publishpress_future_action":{"enabled":false,"date":"2026-05-04 10:18:42","action":"change-status","newStatus":"draft","terms":[],"taxonomy":"category","extraData":[]},"publishpress_future_workflow_manual_trigger":{"enabledWorkflows":[]},"_links":{"self":[{"href":"https:\/\/regiaonews.net.br\/2022\/wp-json\/wp\/v2\/posts\/47564","targetHints":{"allow":["GET"]}}],"collection":[{"href":"https:\/\/regiaonews.net.br\/2022\/wp-json\/wp\/v2\/posts"}],"about":[{"href":"https:\/\/regiaonews.net.br\/2022\/wp-json\/wp\/v2\/types\/post"}],"author":[{"embeddable":true,"href":"https:\/\/regiaonews.net.br\/2022\/wp-json\/wp\/v2\/users\/2"}],"replies":[{"embeddable":true,"href":"https:\/\/regiaonews.net.br\/2022\/wp-json\/wp\/v2\/comments?post=47564"}],"version-history":[{"count":0,"href":"https:\/\/regiaonews.net.br\/2022\/wp-json\/wp\/v2\/posts\/47564\/revisions"}],"wp:featuredmedia":[{"embeddable":true,"href":"https:\/\/regiaonews.net.br\/2022\/wp-json\/wp\/v2\/media\/47565"}],"wp:attachment":[{"href":"https:\/\/regiaonews.net.br\/2022\/wp-json\/wp\/v2\/media?parent=47564"}],"wp:term":[{"taxonomy":"category","embeddable":true,"href":"https:\/\/regiaonews.net.br\/2022\/wp-json\/wp\/v2\/categories?post=47564"},{"taxonomy":"post_tag","embeddable":true,"href":"https:\/\/regiaonews.net.br\/2022\/wp-json\/wp\/v2\/tags?post=47564"}],"curies":[{"name":"wp","href":"https:\/\/api.w.org\/{rel}","templated":true}]}}