{"id":47491,"date":"2021-05-22T22:19:16","date_gmt":"2021-05-23T01:19:16","guid":{"rendered":"https:\/\/regiaonews.net.br\/2022\/?p=47491"},"modified":"2021-05-22T22:19:16","modified_gmt":"2021-05-23T01:19:16","slug":"america-latina-beira-1-milhao-de-mortos-com-apenas-3-de-vacinados","status":"publish","type":"post","link":"https:\/\/regiaonews.net.br\/2022\/2021\/05\/22\/america-latina-beira-1-milhao-de-mortos-com-apenas-3-de-vacinados\/","title":{"rendered":"Am\u00e9rica Latina beira 1 milh\u00e3o de mortos com apenas 3% de vacinados"},"content":{"rendered":"<div class=\"mc-column content-text active-extra-styles \" data-block-type=\"unstyled\" data-block-weight=\"47\" data-block-id=\"2\">\n<p style=\"text-align: center;\" data-track-category=\"Link no Texto\" data-track-links=\"\"><a href=\"https:\/\/regiaonews.net.br\/2022\/wp-content\/uploads\/2021\/05\/2021-05-22t000736z-569929203-rc2akn9y8z6a-rtrmadp-3-health-coronavirus-latam.jpg\"><img loading=\"lazy\" decoding=\"async\" class=\"alignnone size-medium wp-image-47492\" src=\"https:\/\/regiaonews.net.br\/2022\/wp-content\/uploads\/2021\/05\/2021-05-22t000736z-569929203-rc2akn9y8z6a-rtrmadp-3-health-coronavirus-latam-300x200.jpg\" alt=\"\" width=\"300\" height=\"200\" \/><\/a><\/p>\n<p class=\"content-text__container \" data-track-category=\"Link no Texto\" data-track-links=\"\">A Am\u00e9rica Latina e o Caribe est\u00e3o pr\u00f3ximos de ultrapassar a marca de 1 milh\u00e3o de mortes pela Covid-19, segundo dados da Organiza\u00e7\u00e3o Mundial de Sa\u00fade (<a href=\"https:\/\/g1.globo.com\/tudo-sobre\/organizacao-mundial-de-saude\/\">OMS<\/a>). At\u00e9 a manh\u00e3 de sexta-feira (21), um total de\u00a0<strong>997.364 pessoas<\/strong> haviam morrido da doen\u00e7a nos pa\u00edses da regi\u00e3o. Considerados os dados da OMS, das mortes registradas na regi\u00e3o, 44,3% do total de mortes da Am\u00e9rica Latina e do Caribe ocorreram no Brasil: 441.691 \u00f3bitos<\/p>\n<div class=\"mc-column content-text active-extra-styles \" data-block-type=\"unstyled\" data-block-weight=\"30\" data-block-id=\"4\">\n<p class=\"content-text__container \" data-track-category=\"Link no Texto\" data-track-links=\"\">(O cons\u00f3rcio de ve\u00edculos de imprensa, que atualiza os dados junto \u00e0s secretarias de Sa\u00fade do pa\u00eds, apontava um n\u00famero ainda maior de mortes no pa\u00eds at\u00e9 s\u00e1bado:\u00a0<a href=\"https:\/\/g1.globo.com\/bemestar\/coronavirus\/noticia\/2021\/05\/22\/brasil-ultrapassa-marca-de-16-milhoes-de-casos-registrados-de-covid.ghtml\">448.291 mortes<\/a>).<\/p>\n<\/div>\n<div class=\"mc-column content-text active-extra-styles \" data-block-type=\"unstyled\" data-block-weight=\"38\" data-block-id=\"5\">\n<p class=\"content-text__container \" data-track-category=\"Link no Texto\" data-track-links=\"\"><span class=\"highlight highlighted\">O segundo pa\u00eds com mais mortes<\/span>\u00a0pela doen\u00e7a entre os latino-americanos e caribenhos \u00e9 o\u00a0<a href=\"https:\/\/g1.globo.com\/tudo-sobre\/mexico\/\">M\u00e9xico<\/a>: at\u00e9 sexta-feira (21), eram 220.850 v\u00edtimas fatais da doen\u00e7a em solo mexicano, segundo a OMS, o equivalente a 22,1% do total.<\/p>\n<\/div>\n<div class=\"mc-column content-text active-extra-styles \" data-block-type=\"unstyled\" data-block-weight=\"41\" data-block-id=\"6\">\n<p class=\"content-text__container \" data-track-category=\"Link no Texto\" data-track-links=\"\">Em\u00a0<span class=\"highlight highlighted\">terceiro na regi\u00e3o<\/span>\u00a0vem a\u00a0<a href=\"https:\/\/g1.globo.com\/tudo-sobre\/colombia\/\">Col\u00f4mbia<\/a>, com 82.743 mortes at\u00e9 a sexta-feira, 8,3% do total. Fechando os cinco pa\u00edses com mais mortes est\u00e3o a\u00a0<a href=\"https:\/\/g1.globo.com\/tudo-sobre\/argentina\/\">Argentina<\/a>, com 72.265 \u00f3bitos (7,2% do total), e o\u00a0<a href=\"https:\/\/g1.globo.com\/tudo-sobre\/peru\/\">Peru<\/a>, com 67.034 (6,7%), at\u00e9 a sexta-feira.<\/p>\n<\/div>\n<div class=\"mc-column content-text active-extra-styles\" data-block-type=\"raw\" data-block-weight=\"9\" data-block-id=\"7\">\n<p class=\"content-text__container\">\n<ul class=\"content-unordered-list\">\n<li><a href=\"https:\/\/g1.globo.com\/mundo\/noticia\/2021\/05\/20\/argentina-anuncia-novo-confinamento-para-conter-escalada-da-covid-19.ghtml\"><strong>Argentina anuncia novo confinamento para conter escalada da Covid-19<\/strong><\/a><\/li>\n<\/ul>\n<p>&nbsp;<\/p>\n<\/div>\n<div class=\"mc-column content-text active-extra-styles \" data-block-type=\"unstyled\" data-block-weight=\"27\" data-block-id=\"8\">\n<p class=\"content-text__container \" data-track-category=\"Link no Texto\" data-track-links=\"\">Tamb\u00e9m na sexta,\u00a0<a href=\"https:\/\/g1.globo.com\/bemestar\/coronavirus\/noticia\/2021\/05\/21\/numero-de-mortes-na-pandemia-pode-ser-ate-tres-vezes-maior-do-que-o-registrado-aponta-relatorio-da-oms.ghtml\">um relat\u00f3rio da OMS havia apontado que o n\u00famero real de mortes na pandemia pode ser at\u00e9 3 vezes maior do que o registrado<\/a>.<\/p>\n<div class=\"mc-column content-text active-extra-styles \" data-block-type=\"unstyled\" data-block-weight=\"20\" data-block-id=\"12\">\n<p class=\"content-text__container \" data-track-category=\"Link no Texto\" data-track-links=\"\">Segundo a Organiza\u00e7\u00e3o Pan-Americana de Sa\u00fade (<a href=\"https:\/\/g1.globo.com\/tudo-sobre\/opas\/\">Opas<\/a>) apenas 3% da popula\u00e7\u00e3o latino-americana e caribenha j\u00e1 foi vacinada contra a doen\u00e7a.<\/p>\n<\/div>\n<div class=\"mc-column content-text active-extra-styles\" data-block-type=\"raw\" data-block-weight=\"41\" data-block-id=\"13\">\n<p class=\"content-text__container\">\n<blockquote class=\"content-blockquote theme-border-color-primary-before\"><p>&#8220;Esta pandemia est\u00e1 longe de terminar e est\u00e1 atingindo fortemente a Am\u00e9rica Latina, afetando nossa sa\u00fade, economias e sociedades inteiras. No entanto, apenas 3% de nossas popula\u00e7\u00f5es foram vacinadas&#8221;, declarou, em um comunicado de sexta-feira, a diretora da Opas, Carissa Etienne.<\/p><\/blockquote>\n<blockquote>\n<div class=\"mc-column content-text active-extra-styles \" data-block-type=\"unstyled\" data-block-weight=\"19\" data-block-id=\"14\">\n<p class=\"content-text__container \" data-track-category=\"Link no Texto\" data-track-links=\"\">&#8220;A regi\u00e3o \u00e9 um epicentro do sofrimento da Covid-19. Tamb\u00e9m deveria ser um epicentro para a vacina\u00e7\u00e3o&#8221;, ressaltou.<\/p>\n<\/div>\n<div class=\"mc-column content-text active-extra-styles \" data-block-type=\"unstyled\" data-block-weight=\"26\" data-block-id=\"15\">\n<p class=\"content-text__container \" data-track-category=\"Link no Texto\" data-track-links=\"\">No Brasil,\u00a0<a href=\"https:\/\/especiais.g1.globo.com\/bemestar\/vacina\/2021\/mapa-brasil-vacina-covid\/?_ga=2.180751463.1520912595.1621602876-1325977472.1621602874\" target=\"_blank\" rel=\"noopener\">apenas 9,65% da popula\u00e7\u00e3o j\u00e1 recebeu as duas doses de alguma das 3 vacinas<\/a>\u00a0contra a Covid aplicadas no pa\u00eds: CoronaVac, Pfizer ou Oxford\/AstraZeneca.<\/p>\n<p data-track-category=\"Link no Texto\" data-track-links=\"\">fonte : G1<\/p>\n<\/div>\n<\/blockquote>\n<\/div>\n<\/div>\n<\/div>\n","protected":false},"excerpt":{"rendered":"<p>A Am\u00e9rica Latina e o Caribe est\u00e3o pr\u00f3ximos de ultrapassar<\/p>\n","protected":false},"author":2,"featured_media":47492,"comment_status":"open","ping_status":"open","sticky":false,"template":"","format":"standard","meta":{"footnotes":""},"categories":[31],"tags":[],"class_list":["post-47491","post","type-post","status-publish","format-standard","has-post-thumbnail","hentry","category-internacional"],"yoast_head":"<!-- This site is optimized with the Yoast SEO plugin v27.4 - https:\/\/yoast.com\/product\/yoast-seo-wordpress\/ -->\n<title>Am\u00e9rica Latina beira 1 milh\u00e3o de mortos com apenas 3% de vacinados - Regi\u00e3o News<\/title>\n<meta name=\"robots\" content=\"index, follow, max-snippet:-1, max-image-preview:large, max-video-preview:-1\" \/>\n<link rel=\"canonical\" href=\"https:\/\/regiaonews.net.br\/2022\/2021\/05\/22\/america-latina-beira-1-milhao-de-mortos-com-apenas-3-de-vacinados\/\" \/>\n<meta property=\"og:locale\" content=\"pt_BR\" \/>\n<meta property=\"og:type\" content=\"article\" \/>\n<meta property=\"og:title\" content=\"Am\u00e9rica Latina beira 1 milh\u00e3o de mortos com apenas 3% de vacinados - Regi\u00e3o News\" \/>\n<meta property=\"og:description\" content=\"A Am\u00e9rica Latina e o Caribe est\u00e3o pr\u00f3ximos de ultrapassar\" \/>\n<meta property=\"og:url\" content=\"https:\/\/regiaonews.net.br\/2022\/2021\/05\/22\/america-latina-beira-1-milhao-de-mortos-com-apenas-3-de-vacinados\/\" \/>\n<meta property=\"og:site_name\" content=\"Regi\u00e3o News\" \/>\n<meta property=\"article:published_time\" content=\"2021-05-23T01:19:16+00:00\" \/>\n<meta property=\"og:image\" content=\"https:\/\/regiaonews.net.br\/2022\/wp-content\/uploads\/2021\/05\/2021-05-22t000736z-569929203-rc2akn9y8z6a-rtrmadp-3-health-coronavirus-latam.jpg\" \/>\n\t<meta property=\"og:image:width\" content=\"1008\" \/>\n\t<meta property=\"og:image:height\" content=\"672\" \/>\n\t<meta property=\"og:image:type\" content=\"image\/jpeg\" \/>\n<meta name=\"author\" content=\"Roberto\" \/>\n<meta name=\"twitter:card\" content=\"summary_large_image\" \/>\n<meta name=\"twitter:label1\" content=\"Escrito por\" \/>\n\t<meta name=\"twitter:data1\" content=\"Roberto\" \/>\n\t<meta name=\"twitter:label2\" content=\"Est. tempo de leitura\" \/>\n\t<meta name=\"twitter:data2\" content=\"2 minutos\" \/>\n<script type=\"application\/ld+json\" class=\"yoast-schema-graph\">{\"@context\":\"https:\\\/\\\/schema.org\",\"@graph\":[{\"@type\":\"Article\",\"@id\":\"https:\\\/\\\/regiaonews.net.br\\\/2022\\\/2021\\\/05\\\/22\\\/america-latina-beira-1-milhao-de-mortos-com-apenas-3-de-vacinados\\\/#article\",\"isPartOf\":{\"@id\":\"https:\\\/\\\/regiaonews.net.br\\\/2022\\\/2021\\\/05\\\/22\\\/america-latina-beira-1-milhao-de-mortos-com-apenas-3-de-vacinados\\\/\"},\"author\":{\"name\":\"Roberto\",\"@id\":\"https:\\\/\\\/regiaonews.net.br\\\/2022\\\/#\\\/schema\\\/person\\\/2d205a608a5aa97ac279d7a5e6d89ad8\"},\"headline\":\"Am\u00e9rica Latina beira 1 milh\u00e3o de mortos com apenas 3% de vacinados\",\"datePublished\":\"2021-05-23T01:19:16+00:00\",\"mainEntityOfPage\":{\"@id\":\"https:\\\/\\\/regiaonews.net.br\\\/2022\\\/2021\\\/05\\\/22\\\/america-latina-beira-1-milhao-de-mortos-com-apenas-3-de-vacinados\\\/\"},\"wordCount\":357,\"commentCount\":0,\"publisher\":{\"@id\":\"https:\\\/\\\/regiaonews.net.br\\\/2022\\\/#organization\"},\"image\":{\"@id\":\"https:\\\/\\\/regiaonews.net.br\\\/2022\\\/2021\\\/05\\\/22\\\/america-latina-beira-1-milhao-de-mortos-com-apenas-3-de-vacinados\\\/#primaryimage\"},\"thumbnailUrl\":\"https:\\\/\\\/regiaonews.net.br\\\/2022\\\/wp-content\\\/uploads\\\/2021\\\/05\\\/2021-05-22t000736z-569929203-rc2akn9y8z6a-rtrmadp-3-health-coronavirus-latam.jpg\",\"articleSection\":[\"Internacional\"],\"inLanguage\":\"pt-BR\",\"potentialAction\":[{\"@type\":\"CommentAction\",\"name\":\"Comment\",\"target\":[\"https:\\\/\\\/regiaonews.net.br\\\/2022\\\/2021\\\/05\\\/22\\\/america-latina-beira-1-milhao-de-mortos-com-apenas-3-de-vacinados\\\/#respond\"]}]},{\"@type\":\"WebPage\",\"@id\":\"https:\\\/\\\/regiaonews.net.br\\\/2022\\\/2021\\\/05\\\/22\\\/america-latina-beira-1-milhao-de-mortos-com-apenas-3-de-vacinados\\\/\",\"url\":\"https:\\\/\\\/regiaonews.net.br\\\/2022\\\/2021\\\/05\\\/22\\\/america-latina-beira-1-milhao-de-mortos-com-apenas-3-de-vacinados\\\/\",\"name\":\"Am\u00e9rica Latina beira 1 milh\u00e3o de mortos com apenas 3% de vacinados - Regi\u00e3o News\",\"isPartOf\":{\"@id\":\"https:\\\/\\\/regiaonews.net.br\\\/2022\\\/#website\"},\"primaryImageOfPage\":{\"@id\":\"https:\\\/\\\/regiaonews.net.br\\\/2022\\\/2021\\\/05\\\/22\\\/america-latina-beira-1-milhao-de-mortos-com-apenas-3-de-vacinados\\\/#primaryimage\"},\"image\":{\"@id\":\"https:\\\/\\\/regiaonews.net.br\\\/2022\\\/2021\\\/05\\\/22\\\/america-latina-beira-1-milhao-de-mortos-com-apenas-3-de-vacinados\\\/#primaryimage\"},\"thumbnailUrl\":\"https:\\\/\\\/regiaonews.net.br\\\/2022\\\/wp-content\\\/uploads\\\/2021\\\/05\\\/2021-05-22t000736z-569929203-rc2akn9y8z6a-rtrmadp-3-health-coronavirus-latam.jpg\",\"datePublished\":\"2021-05-23T01:19:16+00:00\",\"breadcrumb\":{\"@id\":\"https:\\\/\\\/regiaonews.net.br\\\/2022\\\/2021\\\/05\\\/22\\\/america-latina-beira-1-milhao-de-mortos-com-apenas-3-de-vacinados\\\/#breadcrumb\"},\"inLanguage\":\"pt-BR\",\"potentialAction\":[{\"@type\":\"ReadAction\",\"target\":[\"https:\\\/\\\/regiaonews.net.br\\\/2022\\\/2021\\\/05\\\/22\\\/america-latina-beira-1-milhao-de-mortos-com-apenas-3-de-vacinados\\\/\"]}]},{\"@type\":\"ImageObject\",\"inLanguage\":\"pt-BR\",\"@id\":\"https:\\\/\\\/regiaonews.net.br\\\/2022\\\/2021\\\/05\\\/22\\\/america-latina-beira-1-milhao-de-mortos-com-apenas-3-de-vacinados\\\/#primaryimage\",\"url\":\"https:\\\/\\\/regiaonews.net.br\\\/2022\\\/wp-content\\\/uploads\\\/2021\\\/05\\\/2021-05-22t000736z-569929203-rc2akn9y8z6a-rtrmadp-3-health-coronavirus-latam.jpg\",\"contentUrl\":\"https:\\\/\\\/regiaonews.net.br\\\/2022\\\/wp-content\\\/uploads\\\/2021\\\/05\\\/2021-05-22t000736z-569929203-rc2akn9y8z6a-rtrmadp-3-health-coronavirus-latam.jpg\",\"width\":1008,\"height\":672},{\"@type\":\"BreadcrumbList\",\"@id\":\"https:\\\/\\\/regiaonews.net.br\\\/2022\\\/2021\\\/05\\\/22\\\/america-latina-beira-1-milhao-de-mortos-com-apenas-3-de-vacinados\\\/#breadcrumb\",\"itemListElement\":[{\"@type\":\"ListItem\",\"position\":1,\"name\":\"In\u00edcio\",\"item\":\"https:\\\/\\\/regiaonews.net.br\\\/2022\\\/\"},{\"@type\":\"ListItem\",\"position\":2,\"name\":\"Am\u00e9rica Latina beira 1 milh\u00e3o de mortos com apenas 3% de vacinados\"}]},{\"@type\":\"WebSite\",\"@id\":\"https:\\\/\\\/regiaonews.net.br\\\/2022\\\/#website\",\"url\":\"https:\\\/\\\/regiaonews.net.br\\\/2022\\\/\",\"name\":\"Regi\u00e3o News\",\"description\":\"Site de Not\u00edcias de Barretos e regi\u00e3o\",\"publisher\":{\"@id\":\"https:\\\/\\\/regiaonews.net.br\\\/2022\\\/#organization\"},\"potentialAction\":[{\"@type\":\"SearchAction\",\"target\":{\"@type\":\"EntryPoint\",\"urlTemplate\":\"https:\\\/\\\/regiaonews.net.br\\\/2022\\\/?s={search_term_string}\"},\"query-input\":{\"@type\":\"PropertyValueSpecification\",\"valueRequired\":true,\"valueName\":\"search_term_string\"}}],\"inLanguage\":\"pt-BR\"},{\"@type\":\"Organization\",\"@id\":\"https:\\\/\\\/regiaonews.net.br\\\/2022\\\/#organization\",\"name\":\"Regi\u00e3o News\",\"url\":\"https:\\\/\\\/regiaonews.net.br\\\/2022\\\/\",\"logo\":{\"@type\":\"ImageObject\",\"inLanguage\":\"pt-BR\",\"@id\":\"https:\\\/\\\/regiaonews.net.br\\\/2022\\\/#\\\/schema\\\/logo\\\/image\\\/\",\"url\":\"https:\\\/\\\/regiaonews.net.br\\\/2022\\\/wp-content\\\/uploads\\\/2026\\\/03\\\/regiao-13-anos-scaled.jpg\",\"contentUrl\":\"https:\\\/\\\/regiaonews.net.br\\\/2022\\\/wp-content\\\/uploads\\\/2026\\\/03\\\/regiao-13-anos-scaled.jpg\",\"width\":2560,\"height\":635,\"caption\":\"Regi\u00e3o News\"},\"image\":{\"@id\":\"https:\\\/\\\/regiaonews.net.br\\\/2022\\\/#\\\/schema\\\/logo\\\/image\\\/\"}},{\"@type\":\"Person\",\"@id\":\"https:\\\/\\\/regiaonews.net.br\\\/2022\\\/#\\\/schema\\\/person\\\/2d205a608a5aa97ac279d7a5e6d89ad8\",\"name\":\"Roberto\",\"image\":{\"@type\":\"ImageObject\",\"inLanguage\":\"pt-BR\",\"@id\":\"https:\\\/\\\/secure.gravatar.com\\\/avatar\\\/42749d8b712ff9d59ca93dc150494e5b55a44134482993f5baeb97e61b7ecc89?s=96&d=mm&r=g\",\"url\":\"https:\\\/\\\/secure.gravatar.com\\\/avatar\\\/42749d8b712ff9d59ca93dc150494e5b55a44134482993f5baeb97e61b7ecc89?s=96&d=mm&r=g\",\"contentUrl\":\"https:\\\/\\\/secure.gravatar.com\\\/avatar\\\/42749d8b712ff9d59ca93dc150494e5b55a44134482993f5baeb97e61b7ecc89?s=96&d=mm&r=g\",\"caption\":\"Roberto\"},\"url\":\"https:\\\/\\\/regiaonews.net.br\\\/2022\\\/author\\\/roberto\\\/\"}]}<\/script>\n<!-- \/ Yoast SEO plugin. -->","yoast_head_json":{"title":"Am\u00e9rica Latina beira 1 milh\u00e3o de mortos com apenas 3% de vacinados - Regi\u00e3o News","robots":{"index":"index","follow":"follow","max-snippet":"max-snippet:-1","max-image-preview":"max-image-preview:large","max-video-preview":"max-video-preview:-1"},"canonical":"https:\/\/regiaonews.net.br\/2022\/2021\/05\/22\/america-latina-beira-1-milhao-de-mortos-com-apenas-3-de-vacinados\/","og_locale":"pt_BR","og_type":"article","og_title":"Am\u00e9rica Latina beira 1 milh\u00e3o de mortos com apenas 3% de vacinados - Regi\u00e3o News","og_description":"A Am\u00e9rica Latina e o Caribe est\u00e3o pr\u00f3ximos de ultrapassar","og_url":"https:\/\/regiaonews.net.br\/2022\/2021\/05\/22\/america-latina-beira-1-milhao-de-mortos-com-apenas-3-de-vacinados\/","og_site_name":"Regi\u00e3o News","article_published_time":"2021-05-23T01:19:16+00:00","og_image":[{"width":1008,"height":672,"url":"https:\/\/regiaonews.net.br\/2022\/wp-content\/uploads\/2021\/05\/2021-05-22t000736z-569929203-rc2akn9y8z6a-rtrmadp-3-health-coronavirus-latam.jpg","type":"image\/jpeg"}],"author":"Roberto","twitter_card":"summary_large_image","twitter_misc":{"Escrito por":"Roberto","Est. tempo de leitura":"2 minutos"},"schema":{"@context":"https:\/\/schema.org","@graph":[{"@type":"Article","@id":"https:\/\/regiaonews.net.br\/2022\/2021\/05\/22\/america-latina-beira-1-milhao-de-mortos-com-apenas-3-de-vacinados\/#article","isPartOf":{"@id":"https:\/\/regiaonews.net.br\/2022\/2021\/05\/22\/america-latina-beira-1-milhao-de-mortos-com-apenas-3-de-vacinados\/"},"author":{"name":"Roberto","@id":"https:\/\/regiaonews.net.br\/2022\/#\/schema\/person\/2d205a608a5aa97ac279d7a5e6d89ad8"},"headline":"Am\u00e9rica Latina beira 1 milh\u00e3o de mortos com apenas 3% de vacinados","datePublished":"2021-05-23T01:19:16+00:00","mainEntityOfPage":{"@id":"https:\/\/regiaonews.net.br\/2022\/2021\/05\/22\/america-latina-beira-1-milhao-de-mortos-com-apenas-3-de-vacinados\/"},"wordCount":357,"commentCount":0,"publisher":{"@id":"https:\/\/regiaonews.net.br\/2022\/#organization"},"image":{"@id":"https:\/\/regiaonews.net.br\/2022\/2021\/05\/22\/america-latina-beira-1-milhao-de-mortos-com-apenas-3-de-vacinados\/#primaryimage"},"thumbnailUrl":"https:\/\/regiaonews.net.br\/2022\/wp-content\/uploads\/2021\/05\/2021-05-22t000736z-569929203-rc2akn9y8z6a-rtrmadp-3-health-coronavirus-latam.jpg","articleSection":["Internacional"],"inLanguage":"pt-BR","potentialAction":[{"@type":"CommentAction","name":"Comment","target":["https:\/\/regiaonews.net.br\/2022\/2021\/05\/22\/america-latina-beira-1-milhao-de-mortos-com-apenas-3-de-vacinados\/#respond"]}]},{"@type":"WebPage","@id":"https:\/\/regiaonews.net.br\/2022\/2021\/05\/22\/america-latina-beira-1-milhao-de-mortos-com-apenas-3-de-vacinados\/","url":"https:\/\/regiaonews.net.br\/2022\/2021\/05\/22\/america-latina-beira-1-milhao-de-mortos-com-apenas-3-de-vacinados\/","name":"Am\u00e9rica Latina beira 1 milh\u00e3o de mortos com apenas 3% de vacinados - Regi\u00e3o News","isPartOf":{"@id":"https:\/\/regiaonews.net.br\/2022\/#website"},"primaryImageOfPage":{"@id":"https:\/\/regiaonews.net.br\/2022\/2021\/05\/22\/america-latina-beira-1-milhao-de-mortos-com-apenas-3-de-vacinados\/#primaryimage"},"image":{"@id":"https:\/\/regiaonews.net.br\/2022\/2021\/05\/22\/america-latina-beira-1-milhao-de-mortos-com-apenas-3-de-vacinados\/#primaryimage"},"thumbnailUrl":"https:\/\/regiaonews.net.br\/2022\/wp-content\/uploads\/2021\/05\/2021-05-22t000736z-569929203-rc2akn9y8z6a-rtrmadp-3-health-coronavirus-latam.jpg","datePublished":"2021-05-23T01:19:16+00:00","breadcrumb":{"@id":"https:\/\/regiaonews.net.br\/2022\/2021\/05\/22\/america-latina-beira-1-milhao-de-mortos-com-apenas-3-de-vacinados\/#breadcrumb"},"inLanguage":"pt-BR","potentialAction":[{"@type":"ReadAction","target":["https:\/\/regiaonews.net.br\/2022\/2021\/05\/22\/america-latina-beira-1-milhao-de-mortos-com-apenas-3-de-vacinados\/"]}]},{"@type":"ImageObject","inLanguage":"pt-BR","@id":"https:\/\/regiaonews.net.br\/2022\/2021\/05\/22\/america-latina-beira-1-milhao-de-mortos-com-apenas-3-de-vacinados\/#primaryimage","url":"https:\/\/regiaonews.net.br\/2022\/wp-content\/uploads\/2021\/05\/2021-05-22t000736z-569929203-rc2akn9y8z6a-rtrmadp-3-health-coronavirus-latam.jpg","contentUrl":"https:\/\/regiaonews.net.br\/2022\/wp-content\/uploads\/2021\/05\/2021-05-22t000736z-569929203-rc2akn9y8z6a-rtrmadp-3-health-coronavirus-latam.jpg","width":1008,"height":672},{"@type":"BreadcrumbList","@id":"https:\/\/regiaonews.net.br\/2022\/2021\/05\/22\/america-latina-beira-1-milhao-de-mortos-com-apenas-3-de-vacinados\/#breadcrumb","itemListElement":[{"@type":"ListItem","position":1,"name":"In\u00edcio","item":"https:\/\/regiaonews.net.br\/2022\/"},{"@type":"ListItem","position":2,"name":"Am\u00e9rica Latina beira 1 milh\u00e3o de mortos com apenas 3% de vacinados"}]},{"@type":"WebSite","@id":"https:\/\/regiaonews.net.br\/2022\/#website","url":"https:\/\/regiaonews.net.br\/2022\/","name":"Regi\u00e3o News","description":"Site de Not\u00edcias de Barretos e regi\u00e3o","publisher":{"@id":"https:\/\/regiaonews.net.br\/2022\/#organization"},"potentialAction":[{"@type":"SearchAction","target":{"@type":"EntryPoint","urlTemplate":"https:\/\/regiaonews.net.br\/2022\/?s={search_term_string}"},"query-input":{"@type":"PropertyValueSpecification","valueRequired":true,"valueName":"search_term_string"}}],"inLanguage":"pt-BR"},{"@type":"Organization","@id":"https:\/\/regiaonews.net.br\/2022\/#organization","name":"Regi\u00e3o News","url":"https:\/\/regiaonews.net.br\/2022\/","logo":{"@type":"ImageObject","inLanguage":"pt-BR","@id":"https:\/\/regiaonews.net.br\/2022\/#\/schema\/logo\/image\/","url":"https:\/\/regiaonews.net.br\/2022\/wp-content\/uploads\/2026\/03\/regiao-13-anos-scaled.jpg","contentUrl":"https:\/\/regiaonews.net.br\/2022\/wp-content\/uploads\/2026\/03\/regiao-13-anos-scaled.jpg","width":2560,"height":635,"caption":"Regi\u00e3o News"},"image":{"@id":"https:\/\/regiaonews.net.br\/2022\/#\/schema\/logo\/image\/"}},{"@type":"Person","@id":"https:\/\/regiaonews.net.br\/2022\/#\/schema\/person\/2d205a608a5aa97ac279d7a5e6d89ad8","name":"Roberto","image":{"@type":"ImageObject","inLanguage":"pt-BR","@id":"https:\/\/secure.gravatar.com\/avatar\/42749d8b712ff9d59ca93dc150494e5b55a44134482993f5baeb97e61b7ecc89?s=96&d=mm&r=g","url":"https:\/\/secure.gravatar.com\/avatar\/42749d8b712ff9d59ca93dc150494e5b55a44134482993f5baeb97e61b7ecc89?s=96&d=mm&r=g","contentUrl":"https:\/\/secure.gravatar.com\/avatar\/42749d8b712ff9d59ca93dc150494e5b55a44134482993f5baeb97e61b7ecc89?s=96&d=mm&r=g","caption":"Roberto"},"url":"https:\/\/regiaonews.net.br\/2022\/author\/roberto\/"}]}},"publishpress_future_action":{"enabled":false,"date":"2026-05-04 08:56:10","action":"change-status","newStatus":"draft","terms":[],"taxonomy":"category","extraData":[]},"publishpress_future_workflow_manual_trigger":{"enabledWorkflows":[]},"_links":{"self":[{"href":"https:\/\/regiaonews.net.br\/2022\/wp-json\/wp\/v2\/posts\/47491","targetHints":{"allow":["GET"]}}],"collection":[{"href":"https:\/\/regiaonews.net.br\/2022\/wp-json\/wp\/v2\/posts"}],"about":[{"href":"https:\/\/regiaonews.net.br\/2022\/wp-json\/wp\/v2\/types\/post"}],"author":[{"embeddable":true,"href":"https:\/\/regiaonews.net.br\/2022\/wp-json\/wp\/v2\/users\/2"}],"replies":[{"embeddable":true,"href":"https:\/\/regiaonews.net.br\/2022\/wp-json\/wp\/v2\/comments?post=47491"}],"version-history":[{"count":0,"href":"https:\/\/regiaonews.net.br\/2022\/wp-json\/wp\/v2\/posts\/47491\/revisions"}],"wp:featuredmedia":[{"embeddable":true,"href":"https:\/\/regiaonews.net.br\/2022\/wp-json\/wp\/v2\/media\/47492"}],"wp:attachment":[{"href":"https:\/\/regiaonews.net.br\/2022\/wp-json\/wp\/v2\/media?parent=47491"}],"wp:term":[{"taxonomy":"category","embeddable":true,"href":"https:\/\/regiaonews.net.br\/2022\/wp-json\/wp\/v2\/categories?post=47491"},{"taxonomy":"post_tag","embeddable":true,"href":"https:\/\/regiaonews.net.br\/2022\/wp-json\/wp\/v2\/tags?post=47491"}],"curies":[{"name":"wp","href":"https:\/\/api.w.org\/{rel}","templated":true}]}}