{"id":47330,"date":"2021-05-20T15:24:00","date_gmt":"2021-05-20T18:24:00","guid":{"rendered":"https:\/\/regiaonews.net.br\/2022\/?p=47330"},"modified":"2021-05-20T15:24:00","modified_gmt":"2021-05-20T18:24:00","slug":"pazuello-ministerio-nao-e-responsavel-por-falta-de-oxigenio-no-am","status":"publish","type":"post","link":"https:\/\/regiaonews.net.br\/2022\/2021\/05\/20\/pazuello-ministerio-nao-e-responsavel-por-falta-de-oxigenio-no-am\/","title":{"rendered":"Pazuello: minist\u00e9rio n\u00e3o \u00e9 respons\u00e1vel por falta de oxig\u00eanio no AM"},"content":{"rendered":"<p><a href=\"https:\/\/regiaonews.net.br\/2022\/wp-content\/uploads\/2021\/05\/51191676003_b57c0e047c_o.jpg\"><img loading=\"lazy\" decoding=\"async\" class=\"size-medium wp-image-47331\" src=\"https:\/\/regiaonews.net.br\/2022\/wp-content\/uploads\/2021\/05\/51191676003_b57c0e047c_o-300x179.jpg\" alt=\"\" width=\"300\" height=\"179\" \/><\/a><\/p>\n<p>&nbsp;<\/p>\n<p>No seu segundo dia de depoimento \u00e0 Comiss\u00e3o Parlamentar de Inqu\u00e9rito (CPI) da Pandemia do Senado, nesta quinta-feira (20), o ex-ministro da Sa\u00fade Eduardo Pazuello responsabilizou a empresa White Martins e a Secretaria Estadual de Sa\u00fade do Amazonas pela falta de oxig\u00eanio hospitalar em Manaus. \u201cA empresa White Martins \u2013 que \u00e9 a grande fornecedora &#8211; associada tamb\u00e9m, somada \u00e0 produ\u00e7\u00e3o da Carbox que \u00e9 uma empresa menor, ela j\u00e1 vinha consumindo a sua reserva estrat\u00e9gica e n\u00e3o fez essa reposi\u00e7\u00e3o de uma forma clara desde o in\u00edcio. Come\u00e7a a\u00ed a primeira posi\u00e7\u00e3o de responsabilidade\u201d, avaliou. Pazuello acrescentou que o contraponto disso foi a atua\u00e7\u00e3o da Secretaria de Sa\u00fade, que \u201cse tivesse acompanhado de perto, teria descoberto que estava sendo consumida uma reserva estrat\u00e9gica\u201d. \u201cVejo a\u00ed duas responsabilidades muito claras&#8221;, concluiu.<img decoding=\"async\" src=\"https:\/\/agenciabrasil.ebc.com.br\/ebc.png?id=1410257&amp;o=node\" \/><img decoding=\"async\" src=\"https:\/\/agenciabrasil.ebc.com.br\/ebc.gif?id=1410257&amp;o=node\" \/><\/p>\n<p>O ex-ministro da Sa\u00fade voltou a negar qualquer culpa do governo federal no colapso da falta de oxig\u00eanio no Amazonas, em janeiro de 2021.&#8221;Da nossa parte, n\u00f3s fomos muito proativos quando tomamos conhecimento.&#8221; Pazuello afirmou ainda que n\u00e3o coube ao Minist\u00e9rio da Sa\u00fade o encerramento das atividades do Hospital de Campanha Nilton Lins, em Manaus, aberto em abril e fechado em junho de 2020. &#8220;Tanto a abertura quanto o fechamento foram determinados pelo governador do Amazonas [Wilson Lima]&#8221;, respondeu.<\/p>\n<p>Pazuello disse ainda que o governo federal chegou a discutir em uma reuni\u00e3o com ministros uma interven\u00e7\u00e3o no Amazonas, mas a ideia n\u00e3o avan\u00e7ou ap\u00f3s ouvirem o governador. \u201c[A decis\u00e3o de intervir] foi levada \u00e0 reuni\u00e3o de ministros\u201d, contou. \u201cO governador se explicou e foi decidido pela n\u00e3o interven\u00e7\u00e3o\u201d, acrescentou.<\/p>\n<h2>Decis\u00f5es<\/h2>\n<p>O ex-ministro da Sa\u00fade disse aos senadores que, enquanto ocupou a pasta, decidiu sozinho estrat\u00e9gias em rela\u00e7\u00e3o \u00e0 pandemia e dividiu responsabilidades com gestores dos estados, munic\u00edpios e com os secret\u00e1rios do minist\u00e9rio.<\/p>\n<p>&#8220;A pandemia tem decis\u00f5es em muitos vetores e no n\u00edvel na Sa\u00fade, temos tamb\u00e9m decis\u00f5es escalonadas, do ministro, de secret\u00e1rios, de estados e prefeitos, decis\u00f5es tripartites. N\u00e3o tomei decis\u00f5es sozinho, eram pactuadas, discutidas de uma forma clara e objetiva com os executivos do Conass [Conselho Nacional de Secret\u00e1rios de Sa\u00fade] e do Conasems [Conselho Nacional de Secretarias Municipais de Sa\u00fade]&#8221;, explicou.<\/p>\n<h2>TratCov<\/h2>\n<p>Outra pergunta respondida por Pazuello foi sobre o aplicativo TratCov. Pela plataforma, pacientes descreviam os sintomas e, ao final, recebiam receitas de medicamentos como e ivermectina e hidroxicloroquina, sem efic\u00e1cia comprovada contra a covid-19.<\/p>\n<p>O presidente da CPI, senador Omar Aziz (PSD-AM), quis saber por que o app foi criado e divulgado pela\u00a0<strong>TV Brasil<\/strong>, da\u00a0<strong>Empresa Brasil de Comunica\u00e7\u00e3o<\/strong>\u00a0(<strong>EBC<\/strong>). O ex-ministro esclareceu que a sugest\u00e3o do app veio da secret\u00e1ria de Gest\u00e3o do Trabalho e da Educa\u00e7\u00e3o na Sa\u00fade, Mayra Ribeiro. Na pr\u00e1tica, disse Pazuello, a ideia era criar uma calculadora para \u201cfacilitar\u201d o diagn\u00f3stico da covid-19 em Manaus, que \u00e0 \u00e9poca enfrentava a falta de oxig\u00eanio hospitalar. \u201c\u00c9 bom colocar aos senhores que o diagn\u00f3stico cl\u00ednico, naquele caso, em Manaus, era muito necess\u00e1rio, pela velocidade com que as coisas estavam acontecendo, pela contamina\u00e7\u00e3o excessiva e pelo risco de n\u00f3s termos diagn\u00f3sticos diferentes de doen\u00e7as que estavam acontecendo em paralelo. Ent\u00e3o, o diagn\u00f3stico era muito importante\u201d, esclareceu.<\/p>\n<p>O ex-ministro detalhou que, entre 6 e 11 de janeiro, &#8220;inclusive no final de semana&#8221;, a equipe da pasta pegou uma base da internet e colocou os par\u00e2metros dos sintomas da covid-19 dentro dessa calculadora. Segundo Pazuello, o TratCov ainda n\u00e3o estava completo quando foi apresentado e acabou sendo hackeado. \u201cFoi feito um roubo dessa plataforma e foi feito um BO [boletim de ocorr\u00eancia]. Ele foi hackeado por um cidad\u00e3o. Tem uma investiga\u00e7\u00e3o que chega a esse cidad\u00e3o, ele foi descoberto, pegou o diagn\u00f3stico, alterou dados e colocou na rede p\u00fablica\u201d, afirmou sobre a plataforma, que depois desse fato foi retirada do ar.<\/p>\n<h2>Vacinas<\/h2>\n<p>Sobre o processo de compra de vacinas pelo Brasil, o ex-ministro atribuiu a demora na compra de imunizantes da Pfizer e da CoronaVac ao cumprimento da Lei do Sistema \u00danico de Sa\u00fade (SUS). &#8220;A lei brasileira n\u00e3o permitia contrata\u00e7\u00e3o sem que houvesse a vacina em territ\u00f3rio nacional, autoriza\u00e7\u00e3o de registro para ser inclu\u00edda no SUS. S\u00f3 poderia comprar a vacina com as autoriza\u00e7\u00f5es legais da medida provis\u00f3ria, que foi editada em 4 de janeiro&#8221;, justificou.<\/p>\n<p>Especificamente sobre a CoronaVac, do Instituto Butantan, disse que a aquisi\u00e7\u00e3o da vacina n\u00e3o sofreu interfer\u00eancia do presidente Jair Bolsonaro. \u201cO que n\u00e3o houve foi a interfer\u00eancia no processo. N\u00e3o havia compra, n\u00e3o havia contrato, a inten\u00e7\u00e3o de compra foi mantida. N\u00e3o houve atraso. No mesmo dia da autoriza\u00e7\u00e3o da Anvisa, no dia 17 [de janeiro], o pr\u00f3prio governador [de S\u00e3o Paulo, Jo\u00e3o Doria] come\u00e7ou a vacinar. E no dia 18 come\u00e7amos a vacinar em todo o pa\u00eds\u201d, destacou Pazuello.<\/p>\n<p>O depoimento do ex-ministro come\u00e7ou ontem (19), mas foi interrompido, depois de mais de sete horas de dura\u00e7\u00e3o, por causa do in\u00edcio da Ordem do Dia do Senado. A ideia do presidente do colegiado era retomar a oitiva ainda ontem, depois da sess\u00e3o deliberativa do plen\u00e1rio da Casa, mas, diante de um\u00a0<a href=\"https:\/\/agenciabrasil.ebc.com.br\/politica\/noticia\/2021-05\/pazuello-passa-mal-e-depoimento-na-cpi-e-suspenso-ate-amanha\" target=\"_blank\" rel=\"noopener\">mal-estar do ministro<\/a>\u00a0no intervalo e da grande quantidade de parlamentares interessados em fazer perguntas a ele, o depoimento foi retomado somente na manh\u00e3 de hoje.<\/p>\n<p>FONTE : Ag\u00eanciaBrasil<\/p>\n","protected":false},"excerpt":{"rendered":"<p>&nbsp; No seu segundo dia de depoimento \u00e0 Comiss\u00e3o Parlamentar<\/p>\n","protected":false},"author":2,"featured_media":47331,"comment_status":"open","ping_status":"open","sticky":false,"template":"","format":"standard","meta":{"footnotes":""},"categories":[61,25,22],"tags":[],"class_list":["post-47330","post","type-post","status-publish","format-standard","has-post-thumbnail","hentry","category-brasilia","category-cidades","category-politica"],"yoast_head":"<!-- This site is optimized with the Yoast SEO plugin v27.4 - https:\/\/yoast.com\/product\/yoast-seo-wordpress\/ -->\n<title>Pazuello: minist\u00e9rio n\u00e3o \u00e9 respons\u00e1vel por falta de oxig\u00eanio no AM - Regi\u00e3o News<\/title>\n<meta name=\"robots\" content=\"index, follow, max-snippet:-1, max-image-preview:large, max-video-preview:-1\" \/>\n<link rel=\"canonical\" href=\"https:\/\/regiaonews.net.br\/2022\/2021\/05\/20\/pazuello-ministerio-nao-e-responsavel-por-falta-de-oxigenio-no-am\/\" \/>\n<meta property=\"og:locale\" content=\"pt_BR\" \/>\n<meta property=\"og:type\" content=\"article\" \/>\n<meta property=\"og:title\" content=\"Pazuello: minist\u00e9rio n\u00e3o \u00e9 respons\u00e1vel por falta de oxig\u00eanio no AM - Regi\u00e3o News\" \/>\n<meta property=\"og:description\" content=\"&nbsp; No seu segundo dia de depoimento \u00e0 Comiss\u00e3o Parlamentar\" \/>\n<meta property=\"og:url\" content=\"https:\/\/regiaonews.net.br\/2022\/2021\/05\/20\/pazuello-ministerio-nao-e-responsavel-por-falta-de-oxigenio-no-am\/\" \/>\n<meta property=\"og:site_name\" content=\"Regi\u00e3o News\" \/>\n<meta property=\"article:published_time\" content=\"2021-05-20T18:24:00+00:00\" \/>\n<meta property=\"og:image\" content=\"https:\/\/regiaonews.net.br\/2022\/wp-content\/uploads\/2021\/05\/51191676003_b57c0e047c_o.jpg\" \/>\n\t<meta property=\"og:image:width\" content=\"1170\" \/>\n\t<meta property=\"og:image:height\" content=\"700\" \/>\n\t<meta property=\"og:image:type\" content=\"image\/jpeg\" \/>\n<meta name=\"author\" content=\"Roberto\" \/>\n<meta name=\"twitter:card\" content=\"summary_large_image\" \/>\n<meta name=\"twitter:label1\" content=\"Escrito por\" \/>\n\t<meta name=\"twitter:data1\" content=\"Roberto\" \/>\n\t<meta name=\"twitter:label2\" content=\"Est. tempo de leitura\" \/>\n\t<meta name=\"twitter:data2\" content=\"5 minutos\" \/>\n<script type=\"application\/ld+json\" class=\"yoast-schema-graph\">{\"@context\":\"https:\\\/\\\/schema.org\",\"@graph\":[{\"@type\":\"Article\",\"@id\":\"https:\\\/\\\/regiaonews.net.br\\\/2022\\\/2021\\\/05\\\/20\\\/pazuello-ministerio-nao-e-responsavel-por-falta-de-oxigenio-no-am\\\/#article\",\"isPartOf\":{\"@id\":\"https:\\\/\\\/regiaonews.net.br\\\/2022\\\/2021\\\/05\\\/20\\\/pazuello-ministerio-nao-e-responsavel-por-falta-de-oxigenio-no-am\\\/\"},\"author\":{\"name\":\"Roberto\",\"@id\":\"https:\\\/\\\/regiaonews.net.br\\\/2022\\\/#\\\/schema\\\/person\\\/2d205a608a5aa97ac279d7a5e6d89ad8\"},\"headline\":\"Pazuello: minist\u00e9rio n\u00e3o \u00e9 respons\u00e1vel por falta de oxig\u00eanio no AM\",\"datePublished\":\"2021-05-20T18:24:00+00:00\",\"mainEntityOfPage\":{\"@id\":\"https:\\\/\\\/regiaonews.net.br\\\/2022\\\/2021\\\/05\\\/20\\\/pazuello-ministerio-nao-e-responsavel-por-falta-de-oxigenio-no-am\\\/\"},\"wordCount\":959,\"commentCount\":0,\"publisher\":{\"@id\":\"https:\\\/\\\/regiaonews.net.br\\\/2022\\\/#organization\"},\"image\":{\"@id\":\"https:\\\/\\\/regiaonews.net.br\\\/2022\\\/2021\\\/05\\\/20\\\/pazuello-ministerio-nao-e-responsavel-por-falta-de-oxigenio-no-am\\\/#primaryimage\"},\"thumbnailUrl\":\"https:\\\/\\\/regiaonews.net.br\\\/2022\\\/wp-content\\\/uploads\\\/2021\\\/05\\\/51191676003_b57c0e047c_o.jpg\",\"articleSection\":[\"Bras\u00edlia\",\"Cidades\",\"Pol\u00edtica\"],\"inLanguage\":\"pt-BR\",\"potentialAction\":[{\"@type\":\"CommentAction\",\"name\":\"Comment\",\"target\":[\"https:\\\/\\\/regiaonews.net.br\\\/2022\\\/2021\\\/05\\\/20\\\/pazuello-ministerio-nao-e-responsavel-por-falta-de-oxigenio-no-am\\\/#respond\"]}]},{\"@type\":\"WebPage\",\"@id\":\"https:\\\/\\\/regiaonews.net.br\\\/2022\\\/2021\\\/05\\\/20\\\/pazuello-ministerio-nao-e-responsavel-por-falta-de-oxigenio-no-am\\\/\",\"url\":\"https:\\\/\\\/regiaonews.net.br\\\/2022\\\/2021\\\/05\\\/20\\\/pazuello-ministerio-nao-e-responsavel-por-falta-de-oxigenio-no-am\\\/\",\"name\":\"Pazuello: minist\u00e9rio n\u00e3o \u00e9 respons\u00e1vel por falta de oxig\u00eanio no AM - Regi\u00e3o News\",\"isPartOf\":{\"@id\":\"https:\\\/\\\/regiaonews.net.br\\\/2022\\\/#website\"},\"primaryImageOfPage\":{\"@id\":\"https:\\\/\\\/regiaonews.net.br\\\/2022\\\/2021\\\/05\\\/20\\\/pazuello-ministerio-nao-e-responsavel-por-falta-de-oxigenio-no-am\\\/#primaryimage\"},\"image\":{\"@id\":\"https:\\\/\\\/regiaonews.net.br\\\/2022\\\/2021\\\/05\\\/20\\\/pazuello-ministerio-nao-e-responsavel-por-falta-de-oxigenio-no-am\\\/#primaryimage\"},\"thumbnailUrl\":\"https:\\\/\\\/regiaonews.net.br\\\/2022\\\/wp-content\\\/uploads\\\/2021\\\/05\\\/51191676003_b57c0e047c_o.jpg\",\"datePublished\":\"2021-05-20T18:24:00+00:00\",\"breadcrumb\":{\"@id\":\"https:\\\/\\\/regiaonews.net.br\\\/2022\\\/2021\\\/05\\\/20\\\/pazuello-ministerio-nao-e-responsavel-por-falta-de-oxigenio-no-am\\\/#breadcrumb\"},\"inLanguage\":\"pt-BR\",\"potentialAction\":[{\"@type\":\"ReadAction\",\"target\":[\"https:\\\/\\\/regiaonews.net.br\\\/2022\\\/2021\\\/05\\\/20\\\/pazuello-ministerio-nao-e-responsavel-por-falta-de-oxigenio-no-am\\\/\"]}]},{\"@type\":\"ImageObject\",\"inLanguage\":\"pt-BR\",\"@id\":\"https:\\\/\\\/regiaonews.net.br\\\/2022\\\/2021\\\/05\\\/20\\\/pazuello-ministerio-nao-e-responsavel-por-falta-de-oxigenio-no-am\\\/#primaryimage\",\"url\":\"https:\\\/\\\/regiaonews.net.br\\\/2022\\\/wp-content\\\/uploads\\\/2021\\\/05\\\/51191676003_b57c0e047c_o.jpg\",\"contentUrl\":\"https:\\\/\\\/regiaonews.net.br\\\/2022\\\/wp-content\\\/uploads\\\/2021\\\/05\\\/51191676003_b57c0e047c_o.jpg\",\"width\":1170,\"height\":700,\"caption\":\"EDILSON RODRIGUES\\\/AGENCIA SENADO\"},{\"@type\":\"BreadcrumbList\",\"@id\":\"https:\\\/\\\/regiaonews.net.br\\\/2022\\\/2021\\\/05\\\/20\\\/pazuello-ministerio-nao-e-responsavel-por-falta-de-oxigenio-no-am\\\/#breadcrumb\",\"itemListElement\":[{\"@type\":\"ListItem\",\"position\":1,\"name\":\"In\u00edcio\",\"item\":\"https:\\\/\\\/regiaonews.net.br\\\/2022\\\/\"},{\"@type\":\"ListItem\",\"position\":2,\"name\":\"Pazuello: minist\u00e9rio n\u00e3o \u00e9 respons\u00e1vel por falta de oxig\u00eanio no AM\"}]},{\"@type\":\"WebSite\",\"@id\":\"https:\\\/\\\/regiaonews.net.br\\\/2022\\\/#website\",\"url\":\"https:\\\/\\\/regiaonews.net.br\\\/2022\\\/\",\"name\":\"Regi\u00e3o News\",\"description\":\"Site de Not\u00edcias de Barretos e regi\u00e3o\",\"publisher\":{\"@id\":\"https:\\\/\\\/regiaonews.net.br\\\/2022\\\/#organization\"},\"potentialAction\":[{\"@type\":\"SearchAction\",\"target\":{\"@type\":\"EntryPoint\",\"urlTemplate\":\"https:\\\/\\\/regiaonews.net.br\\\/2022\\\/?s={search_term_string}\"},\"query-input\":{\"@type\":\"PropertyValueSpecification\",\"valueRequired\":true,\"valueName\":\"search_term_string\"}}],\"inLanguage\":\"pt-BR\"},{\"@type\":\"Organization\",\"@id\":\"https:\\\/\\\/regiaonews.net.br\\\/2022\\\/#organization\",\"name\":\"Regi\u00e3o News\",\"url\":\"https:\\\/\\\/regiaonews.net.br\\\/2022\\\/\",\"logo\":{\"@type\":\"ImageObject\",\"inLanguage\":\"pt-BR\",\"@id\":\"https:\\\/\\\/regiaonews.net.br\\\/2022\\\/#\\\/schema\\\/logo\\\/image\\\/\",\"url\":\"https:\\\/\\\/regiaonews.net.br\\\/2022\\\/wp-content\\\/uploads\\\/2026\\\/03\\\/regiao-13-anos-scaled.jpg\",\"contentUrl\":\"https:\\\/\\\/regiaonews.net.br\\\/2022\\\/wp-content\\\/uploads\\\/2026\\\/03\\\/regiao-13-anos-scaled.jpg\",\"width\":2560,\"height\":635,\"caption\":\"Regi\u00e3o News\"},\"image\":{\"@id\":\"https:\\\/\\\/regiaonews.net.br\\\/2022\\\/#\\\/schema\\\/logo\\\/image\\\/\"}},{\"@type\":\"Person\",\"@id\":\"https:\\\/\\\/regiaonews.net.br\\\/2022\\\/#\\\/schema\\\/person\\\/2d205a608a5aa97ac279d7a5e6d89ad8\",\"name\":\"Roberto\",\"image\":{\"@type\":\"ImageObject\",\"inLanguage\":\"pt-BR\",\"@id\":\"https:\\\/\\\/secure.gravatar.com\\\/avatar\\\/42749d8b712ff9d59ca93dc150494e5b55a44134482993f5baeb97e61b7ecc89?s=96&d=mm&r=g\",\"url\":\"https:\\\/\\\/secure.gravatar.com\\\/avatar\\\/42749d8b712ff9d59ca93dc150494e5b55a44134482993f5baeb97e61b7ecc89?s=96&d=mm&r=g\",\"contentUrl\":\"https:\\\/\\\/secure.gravatar.com\\\/avatar\\\/42749d8b712ff9d59ca93dc150494e5b55a44134482993f5baeb97e61b7ecc89?s=96&d=mm&r=g\",\"caption\":\"Roberto\"},\"url\":\"https:\\\/\\\/regiaonews.net.br\\\/2022\\\/author\\\/roberto\\\/\"}]}<\/script>\n<!-- \/ Yoast SEO plugin. -->","yoast_head_json":{"title":"Pazuello: minist\u00e9rio n\u00e3o \u00e9 respons\u00e1vel por falta de oxig\u00eanio no AM - Regi\u00e3o News","robots":{"index":"index","follow":"follow","max-snippet":"max-snippet:-1","max-image-preview":"max-image-preview:large","max-video-preview":"max-video-preview:-1"},"canonical":"https:\/\/regiaonews.net.br\/2022\/2021\/05\/20\/pazuello-ministerio-nao-e-responsavel-por-falta-de-oxigenio-no-am\/","og_locale":"pt_BR","og_type":"article","og_title":"Pazuello: minist\u00e9rio n\u00e3o \u00e9 respons\u00e1vel por falta de oxig\u00eanio no AM - Regi\u00e3o News","og_description":"&nbsp; No seu segundo dia de depoimento \u00e0 Comiss\u00e3o Parlamentar","og_url":"https:\/\/regiaonews.net.br\/2022\/2021\/05\/20\/pazuello-ministerio-nao-e-responsavel-por-falta-de-oxigenio-no-am\/","og_site_name":"Regi\u00e3o News","article_published_time":"2021-05-20T18:24:00+00:00","og_image":[{"width":1170,"height":700,"url":"https:\/\/regiaonews.net.br\/2022\/wp-content\/uploads\/2021\/05\/51191676003_b57c0e047c_o.jpg","type":"image\/jpeg"}],"author":"Roberto","twitter_card":"summary_large_image","twitter_misc":{"Escrito por":"Roberto","Est. tempo de leitura":"5 minutos"},"schema":{"@context":"https:\/\/schema.org","@graph":[{"@type":"Article","@id":"https:\/\/regiaonews.net.br\/2022\/2021\/05\/20\/pazuello-ministerio-nao-e-responsavel-por-falta-de-oxigenio-no-am\/#article","isPartOf":{"@id":"https:\/\/regiaonews.net.br\/2022\/2021\/05\/20\/pazuello-ministerio-nao-e-responsavel-por-falta-de-oxigenio-no-am\/"},"author":{"name":"Roberto","@id":"https:\/\/regiaonews.net.br\/2022\/#\/schema\/person\/2d205a608a5aa97ac279d7a5e6d89ad8"},"headline":"Pazuello: minist\u00e9rio n\u00e3o \u00e9 respons\u00e1vel por falta de oxig\u00eanio no AM","datePublished":"2021-05-20T18:24:00+00:00","mainEntityOfPage":{"@id":"https:\/\/regiaonews.net.br\/2022\/2021\/05\/20\/pazuello-ministerio-nao-e-responsavel-por-falta-de-oxigenio-no-am\/"},"wordCount":959,"commentCount":0,"publisher":{"@id":"https:\/\/regiaonews.net.br\/2022\/#organization"},"image":{"@id":"https:\/\/regiaonews.net.br\/2022\/2021\/05\/20\/pazuello-ministerio-nao-e-responsavel-por-falta-de-oxigenio-no-am\/#primaryimage"},"thumbnailUrl":"https:\/\/regiaonews.net.br\/2022\/wp-content\/uploads\/2021\/05\/51191676003_b57c0e047c_o.jpg","articleSection":["Bras\u00edlia","Cidades","Pol\u00edtica"],"inLanguage":"pt-BR","potentialAction":[{"@type":"CommentAction","name":"Comment","target":["https:\/\/regiaonews.net.br\/2022\/2021\/05\/20\/pazuello-ministerio-nao-e-responsavel-por-falta-de-oxigenio-no-am\/#respond"]}]},{"@type":"WebPage","@id":"https:\/\/regiaonews.net.br\/2022\/2021\/05\/20\/pazuello-ministerio-nao-e-responsavel-por-falta-de-oxigenio-no-am\/","url":"https:\/\/regiaonews.net.br\/2022\/2021\/05\/20\/pazuello-ministerio-nao-e-responsavel-por-falta-de-oxigenio-no-am\/","name":"Pazuello: minist\u00e9rio n\u00e3o \u00e9 respons\u00e1vel por falta de oxig\u00eanio no AM - Regi\u00e3o News","isPartOf":{"@id":"https:\/\/regiaonews.net.br\/2022\/#website"},"primaryImageOfPage":{"@id":"https:\/\/regiaonews.net.br\/2022\/2021\/05\/20\/pazuello-ministerio-nao-e-responsavel-por-falta-de-oxigenio-no-am\/#primaryimage"},"image":{"@id":"https:\/\/regiaonews.net.br\/2022\/2021\/05\/20\/pazuello-ministerio-nao-e-responsavel-por-falta-de-oxigenio-no-am\/#primaryimage"},"thumbnailUrl":"https:\/\/regiaonews.net.br\/2022\/wp-content\/uploads\/2021\/05\/51191676003_b57c0e047c_o.jpg","datePublished":"2021-05-20T18:24:00+00:00","breadcrumb":{"@id":"https:\/\/regiaonews.net.br\/2022\/2021\/05\/20\/pazuello-ministerio-nao-e-responsavel-por-falta-de-oxigenio-no-am\/#breadcrumb"},"inLanguage":"pt-BR","potentialAction":[{"@type":"ReadAction","target":["https:\/\/regiaonews.net.br\/2022\/2021\/05\/20\/pazuello-ministerio-nao-e-responsavel-por-falta-de-oxigenio-no-am\/"]}]},{"@type":"ImageObject","inLanguage":"pt-BR","@id":"https:\/\/regiaonews.net.br\/2022\/2021\/05\/20\/pazuello-ministerio-nao-e-responsavel-por-falta-de-oxigenio-no-am\/#primaryimage","url":"https:\/\/regiaonews.net.br\/2022\/wp-content\/uploads\/2021\/05\/51191676003_b57c0e047c_o.jpg","contentUrl":"https:\/\/regiaonews.net.br\/2022\/wp-content\/uploads\/2021\/05\/51191676003_b57c0e047c_o.jpg","width":1170,"height":700,"caption":"EDILSON RODRIGUES\/AGENCIA SENADO"},{"@type":"BreadcrumbList","@id":"https:\/\/regiaonews.net.br\/2022\/2021\/05\/20\/pazuello-ministerio-nao-e-responsavel-por-falta-de-oxigenio-no-am\/#breadcrumb","itemListElement":[{"@type":"ListItem","position":1,"name":"In\u00edcio","item":"https:\/\/regiaonews.net.br\/2022\/"},{"@type":"ListItem","position":2,"name":"Pazuello: minist\u00e9rio n\u00e3o \u00e9 respons\u00e1vel por falta de oxig\u00eanio no AM"}]},{"@type":"WebSite","@id":"https:\/\/regiaonews.net.br\/2022\/#website","url":"https:\/\/regiaonews.net.br\/2022\/","name":"Regi\u00e3o News","description":"Site de Not\u00edcias de Barretos e regi\u00e3o","publisher":{"@id":"https:\/\/regiaonews.net.br\/2022\/#organization"},"potentialAction":[{"@type":"SearchAction","target":{"@type":"EntryPoint","urlTemplate":"https:\/\/regiaonews.net.br\/2022\/?s={search_term_string}"},"query-input":{"@type":"PropertyValueSpecification","valueRequired":true,"valueName":"search_term_string"}}],"inLanguage":"pt-BR"},{"@type":"Organization","@id":"https:\/\/regiaonews.net.br\/2022\/#organization","name":"Regi\u00e3o News","url":"https:\/\/regiaonews.net.br\/2022\/","logo":{"@type":"ImageObject","inLanguage":"pt-BR","@id":"https:\/\/regiaonews.net.br\/2022\/#\/schema\/logo\/image\/","url":"https:\/\/regiaonews.net.br\/2022\/wp-content\/uploads\/2026\/03\/regiao-13-anos-scaled.jpg","contentUrl":"https:\/\/regiaonews.net.br\/2022\/wp-content\/uploads\/2026\/03\/regiao-13-anos-scaled.jpg","width":2560,"height":635,"caption":"Regi\u00e3o News"},"image":{"@id":"https:\/\/regiaonews.net.br\/2022\/#\/schema\/logo\/image\/"}},{"@type":"Person","@id":"https:\/\/regiaonews.net.br\/2022\/#\/schema\/person\/2d205a608a5aa97ac279d7a5e6d89ad8","name":"Roberto","image":{"@type":"ImageObject","inLanguage":"pt-BR","@id":"https:\/\/secure.gravatar.com\/avatar\/42749d8b712ff9d59ca93dc150494e5b55a44134482993f5baeb97e61b7ecc89?s=96&d=mm&r=g","url":"https:\/\/secure.gravatar.com\/avatar\/42749d8b712ff9d59ca93dc150494e5b55a44134482993f5baeb97e61b7ecc89?s=96&d=mm&r=g","contentUrl":"https:\/\/secure.gravatar.com\/avatar\/42749d8b712ff9d59ca93dc150494e5b55a44134482993f5baeb97e61b7ecc89?s=96&d=mm&r=g","caption":"Roberto"},"url":"https:\/\/regiaonews.net.br\/2022\/author\/roberto\/"}]}},"publishpress_future_action":{"enabled":false,"date":"2026-05-04 08:56:00","action":"change-status","newStatus":"draft","terms":[],"taxonomy":"category","extraData":[]},"publishpress_future_workflow_manual_trigger":{"enabledWorkflows":[]},"_links":{"self":[{"href":"https:\/\/regiaonews.net.br\/2022\/wp-json\/wp\/v2\/posts\/47330","targetHints":{"allow":["GET"]}}],"collection":[{"href":"https:\/\/regiaonews.net.br\/2022\/wp-json\/wp\/v2\/posts"}],"about":[{"href":"https:\/\/regiaonews.net.br\/2022\/wp-json\/wp\/v2\/types\/post"}],"author":[{"embeddable":true,"href":"https:\/\/regiaonews.net.br\/2022\/wp-json\/wp\/v2\/users\/2"}],"replies":[{"embeddable":true,"href":"https:\/\/regiaonews.net.br\/2022\/wp-json\/wp\/v2\/comments?post=47330"}],"version-history":[{"count":0,"href":"https:\/\/regiaonews.net.br\/2022\/wp-json\/wp\/v2\/posts\/47330\/revisions"}],"wp:featuredmedia":[{"embeddable":true,"href":"https:\/\/regiaonews.net.br\/2022\/wp-json\/wp\/v2\/media\/47331"}],"wp:attachment":[{"href":"https:\/\/regiaonews.net.br\/2022\/wp-json\/wp\/v2\/media?parent=47330"}],"wp:term":[{"taxonomy":"category","embeddable":true,"href":"https:\/\/regiaonews.net.br\/2022\/wp-json\/wp\/v2\/categories?post=47330"},{"taxonomy":"post_tag","embeddable":true,"href":"https:\/\/regiaonews.net.br\/2022\/wp-json\/wp\/v2\/tags?post=47330"}],"curies":[{"name":"wp","href":"https:\/\/api.w.org\/{rel}","templated":true}]}}