{"id":47327,"date":"2021-05-20T14:58:04","date_gmt":"2021-05-20T17:58:04","guid":{"rendered":"https:\/\/regiaonews.net.br\/2022\/?p=47327"},"modified":"2021-05-20T14:58:04","modified_gmt":"2021-05-20T17:58:04","slug":"pm-localiza-drogas-com-casal-que-atuava-no-armazenamento-nos-predinhos","status":"publish","type":"post","link":"https:\/\/regiaonews.net.br\/2022\/2021\/05\/20\/pm-localiza-drogas-com-casal-que-atuava-no-armazenamento-nos-predinhos\/","title":{"rendered":"PM localiza drogas com casal que atuava no armazenamento nos predinhos"},"content":{"rendered":"<p><a href=\"https:\/\/regiaonews.net.br\/2022\/wp-content\/uploads\/2021\/05\/93942f88-1d9a-46c6-9584-14a8fd58ea6e.jpg\"><img loading=\"lazy\" decoding=\"async\" class=\"alignnone size-medium wp-image-47328\" src=\"https:\/\/regiaonews.net.br\/2022\/wp-content\/uploads\/2021\/05\/93942f88-1d9a-46c6-9584-14a8fd58ea6e-300x247.jpg\" alt=\"\" width=\"300\" height=\"247\" \/><\/a><\/p>\n<p>FLAGRANTE DE TR\u00c1FICO DE DROGAS \/ ASSOCIA\u00c7\u00c3O PARA O TR\u00c1FICO<\/p>\n<p>T\u00e1tico Comando<br \/>\n1\u00b0 Ten PM Luiz Neto<br \/>\nCb PM Ara\u00fajo<br \/>\nSd PM Adriano Reis<\/p>\n<p>T\u00e1tico 201<br \/>\n1\u00b0 Sgt PM Uewerton<br \/>\nCb PM Vasconcelos<br \/>\nCb PM Adriano<\/p>\n<p>Rocam<br \/>\nCb PM Rodrigo<br \/>\nCb PM R. Ribeiro<\/p>\n<p>Os policiais militares da equipe de For\u00e7a T\u00e1tica, tenente Luiz Neto, cabo Ara\u00fajo e soldado Adriano Reis, juntamente com o t\u00e1tico 201 e Rocam, obtiveram informa\u00e7\u00f5es que o casal R. e M.\u00a0 estariam guardando\u00a0 entorpecentes no apartamento em que residem no condom\u00ednio Ast\u00farias, e que tais drogas seriam distribu\u00eddas em pontos de vendas do bairro Luis Spina. Assim, durante Opera\u00e7\u00e3o de Combate ao Tr\u00e1fico, ambos foram localizados e detidos, sendo apreendido:\u2022 49 microtubos com coca\u00edna, \u2022 62 por\u00e7\u00f5es de maconha. \u2022 peda\u00e7os prensados de maconha,. \u2022 01 pedra bruta de pasta base de coca\u00edna (50 gramas), \u2022 01 pedra bruta de crack, \u2022 01 balan\u00e7a de precis\u00e3o e 01 aparelho celular Samsumg.<\/p>\n<p>A Ocorr\u00eancia foi apresentada ao D.P, onde ambos permaneceram presos. O acusado M.\u00a0 reincidente no crime de tr\u00e1fico.<\/p>\n<p>In Jesus We Trust<\/p>\n","protected":false},"excerpt":{"rendered":"<p>FLAGRANTE DE TR\u00c1FICO DE DROGAS \/ ASSOCIA\u00c7\u00c3O PARA O TR\u00c1FICO<\/p>\n","protected":false},"author":2,"featured_media":47328,"comment_status":"open","ping_status":"open","sticky":false,"template":"","format":"standard","meta":{"footnotes":""},"categories":[14,25,23],"tags":[],"class_list":["post-47327","post","type-post","status-publish","format-standard","has-post-thumbnail","hentry","category-barretos","category-cidades","category-policia"],"yoast_head":"<!-- This site is optimized with the Yoast SEO plugin v27.4 - https:\/\/yoast.com\/product\/yoast-seo-wordpress\/ -->\n<title>PM localiza drogas com casal que atuava no armazenamento nos predinhos - Regi\u00e3o News<\/title>\n<meta name=\"robots\" content=\"index, follow, max-snippet:-1, max-image-preview:large, max-video-preview:-1\" \/>\n<link rel=\"canonical\" href=\"https:\/\/regiaonews.net.br\/2022\/2021\/05\/20\/pm-localiza-drogas-com-casal-que-atuava-no-armazenamento-nos-predinhos\/\" \/>\n<meta property=\"og:locale\" content=\"pt_BR\" \/>\n<meta property=\"og:type\" content=\"article\" \/>\n<meta property=\"og:title\" content=\"PM localiza drogas com casal que atuava no armazenamento nos predinhos - Regi\u00e3o News\" \/>\n<meta property=\"og:description\" content=\"FLAGRANTE DE TR\u00c1FICO DE DROGAS \/ ASSOCIA\u00c7\u00c3O PARA O TR\u00c1FICO\" \/>\n<meta property=\"og:url\" content=\"https:\/\/regiaonews.net.br\/2022\/2021\/05\/20\/pm-localiza-drogas-com-casal-que-atuava-no-armazenamento-nos-predinhos\/\" \/>\n<meta property=\"og:site_name\" content=\"Regi\u00e3o News\" \/>\n<meta property=\"article:published_time\" content=\"2021-05-20T17:58:04+00:00\" \/>\n<meta property=\"og:image\" content=\"https:\/\/regiaonews.net.br\/2022\/wp-content\/uploads\/2021\/05\/93942f88-1d9a-46c6-9584-14a8fd58ea6e.jpg\" \/>\n\t<meta property=\"og:image:width\" content=\"1280\" \/>\n\t<meta property=\"og:image:height\" content=\"1055\" \/>\n\t<meta property=\"og:image:type\" content=\"image\/jpeg\" \/>\n<meta name=\"author\" content=\"Roberto\" \/>\n<meta name=\"twitter:card\" content=\"summary_large_image\" \/>\n<meta name=\"twitter:label1\" content=\"Escrito por\" \/>\n\t<meta name=\"twitter:data1\" content=\"Roberto\" \/>\n\t<meta name=\"twitter:label2\" content=\"Est. tempo de leitura\" \/>\n\t<meta name=\"twitter:data2\" content=\"1 minuto\" \/>\n<script type=\"application\/ld+json\" class=\"yoast-schema-graph\">{\"@context\":\"https:\\\/\\\/schema.org\",\"@graph\":[{\"@type\":\"Article\",\"@id\":\"https:\\\/\\\/regiaonews.net.br\\\/2022\\\/2021\\\/05\\\/20\\\/pm-localiza-drogas-com-casal-que-atuava-no-armazenamento-nos-predinhos\\\/#article\",\"isPartOf\":{\"@id\":\"https:\\\/\\\/regiaonews.net.br\\\/2022\\\/2021\\\/05\\\/20\\\/pm-localiza-drogas-com-casal-que-atuava-no-armazenamento-nos-predinhos\\\/\"},\"author\":{\"name\":\"Roberto\",\"@id\":\"https:\\\/\\\/regiaonews.net.br\\\/2022\\\/#\\\/schema\\\/person\\\/2d205a608a5aa97ac279d7a5e6d89ad8\"},\"headline\":\"PM localiza drogas com casal que atuava no armazenamento nos predinhos\",\"datePublished\":\"2021-05-20T17:58:04+00:00\",\"mainEntityOfPage\":{\"@id\":\"https:\\\/\\\/regiaonews.net.br\\\/2022\\\/2021\\\/05\\\/20\\\/pm-localiza-drogas-com-casal-que-atuava-no-armazenamento-nos-predinhos\\\/\"},\"wordCount\":197,\"commentCount\":0,\"publisher\":{\"@id\":\"https:\\\/\\\/regiaonews.net.br\\\/2022\\\/#organization\"},\"image\":{\"@id\":\"https:\\\/\\\/regiaonews.net.br\\\/2022\\\/2021\\\/05\\\/20\\\/pm-localiza-drogas-com-casal-que-atuava-no-armazenamento-nos-predinhos\\\/#primaryimage\"},\"thumbnailUrl\":\"https:\\\/\\\/regiaonews.net.br\\\/2022\\\/wp-content\\\/uploads\\\/2021\\\/05\\\/93942f88-1d9a-46c6-9584-14a8fd58ea6e.jpg\",\"articleSection\":[\"Barretos\",\"Cidades\",\"Policia\"],\"inLanguage\":\"pt-BR\",\"potentialAction\":[{\"@type\":\"CommentAction\",\"name\":\"Comment\",\"target\":[\"https:\\\/\\\/regiaonews.net.br\\\/2022\\\/2021\\\/05\\\/20\\\/pm-localiza-drogas-com-casal-que-atuava-no-armazenamento-nos-predinhos\\\/#respond\"]}]},{\"@type\":\"WebPage\",\"@id\":\"https:\\\/\\\/regiaonews.net.br\\\/2022\\\/2021\\\/05\\\/20\\\/pm-localiza-drogas-com-casal-que-atuava-no-armazenamento-nos-predinhos\\\/\",\"url\":\"https:\\\/\\\/regiaonews.net.br\\\/2022\\\/2021\\\/05\\\/20\\\/pm-localiza-drogas-com-casal-que-atuava-no-armazenamento-nos-predinhos\\\/\",\"name\":\"PM localiza drogas com casal que atuava no armazenamento nos predinhos - Regi\u00e3o News\",\"isPartOf\":{\"@id\":\"https:\\\/\\\/regiaonews.net.br\\\/2022\\\/#website\"},\"primaryImageOfPage\":{\"@id\":\"https:\\\/\\\/regiaonews.net.br\\\/2022\\\/2021\\\/05\\\/20\\\/pm-localiza-drogas-com-casal-que-atuava-no-armazenamento-nos-predinhos\\\/#primaryimage\"},\"image\":{\"@id\":\"https:\\\/\\\/regiaonews.net.br\\\/2022\\\/2021\\\/05\\\/20\\\/pm-localiza-drogas-com-casal-que-atuava-no-armazenamento-nos-predinhos\\\/#primaryimage\"},\"thumbnailUrl\":\"https:\\\/\\\/regiaonews.net.br\\\/2022\\\/wp-content\\\/uploads\\\/2021\\\/05\\\/93942f88-1d9a-46c6-9584-14a8fd58ea6e.jpg\",\"datePublished\":\"2021-05-20T17:58:04+00:00\",\"breadcrumb\":{\"@id\":\"https:\\\/\\\/regiaonews.net.br\\\/2022\\\/2021\\\/05\\\/20\\\/pm-localiza-drogas-com-casal-que-atuava-no-armazenamento-nos-predinhos\\\/#breadcrumb\"},\"inLanguage\":\"pt-BR\",\"potentialAction\":[{\"@type\":\"ReadAction\",\"target\":[\"https:\\\/\\\/regiaonews.net.br\\\/2022\\\/2021\\\/05\\\/20\\\/pm-localiza-drogas-com-casal-que-atuava-no-armazenamento-nos-predinhos\\\/\"]}]},{\"@type\":\"ImageObject\",\"inLanguage\":\"pt-BR\",\"@id\":\"https:\\\/\\\/regiaonews.net.br\\\/2022\\\/2021\\\/05\\\/20\\\/pm-localiza-drogas-com-casal-que-atuava-no-armazenamento-nos-predinhos\\\/#primaryimage\",\"url\":\"https:\\\/\\\/regiaonews.net.br\\\/2022\\\/wp-content\\\/uploads\\\/2021\\\/05\\\/93942f88-1d9a-46c6-9584-14a8fd58ea6e.jpg\",\"contentUrl\":\"https:\\\/\\\/regiaonews.net.br\\\/2022\\\/wp-content\\\/uploads\\\/2021\\\/05\\\/93942f88-1d9a-46c6-9584-14a8fd58ea6e.jpg\",\"width\":1280,\"height\":1055},{\"@type\":\"BreadcrumbList\",\"@id\":\"https:\\\/\\\/regiaonews.net.br\\\/2022\\\/2021\\\/05\\\/20\\\/pm-localiza-drogas-com-casal-que-atuava-no-armazenamento-nos-predinhos\\\/#breadcrumb\",\"itemListElement\":[{\"@type\":\"ListItem\",\"position\":1,\"name\":\"In\u00edcio\",\"item\":\"https:\\\/\\\/regiaonews.net.br\\\/2022\\\/\"},{\"@type\":\"ListItem\",\"position\":2,\"name\":\"PM localiza drogas com casal que atuava no armazenamento nos predinhos\"}]},{\"@type\":\"WebSite\",\"@id\":\"https:\\\/\\\/regiaonews.net.br\\\/2022\\\/#website\",\"url\":\"https:\\\/\\\/regiaonews.net.br\\\/2022\\\/\",\"name\":\"Regi\u00e3o News\",\"description\":\"Site de Not\u00edcias de Barretos e regi\u00e3o\",\"publisher\":{\"@id\":\"https:\\\/\\\/regiaonews.net.br\\\/2022\\\/#organization\"},\"potentialAction\":[{\"@type\":\"SearchAction\",\"target\":{\"@type\":\"EntryPoint\",\"urlTemplate\":\"https:\\\/\\\/regiaonews.net.br\\\/2022\\\/?s={search_term_string}\"},\"query-input\":{\"@type\":\"PropertyValueSpecification\",\"valueRequired\":true,\"valueName\":\"search_term_string\"}}],\"inLanguage\":\"pt-BR\"},{\"@type\":\"Organization\",\"@id\":\"https:\\\/\\\/regiaonews.net.br\\\/2022\\\/#organization\",\"name\":\"Regi\u00e3o News\",\"url\":\"https:\\\/\\\/regiaonews.net.br\\\/2022\\\/\",\"logo\":{\"@type\":\"ImageObject\",\"inLanguage\":\"pt-BR\",\"@id\":\"https:\\\/\\\/regiaonews.net.br\\\/2022\\\/#\\\/schema\\\/logo\\\/image\\\/\",\"url\":\"https:\\\/\\\/regiaonews.net.br\\\/2022\\\/wp-content\\\/uploads\\\/2026\\\/03\\\/regiao-13-anos-scaled.jpg\",\"contentUrl\":\"https:\\\/\\\/regiaonews.net.br\\\/2022\\\/wp-content\\\/uploads\\\/2026\\\/03\\\/regiao-13-anos-scaled.jpg\",\"width\":2560,\"height\":635,\"caption\":\"Regi\u00e3o News\"},\"image\":{\"@id\":\"https:\\\/\\\/regiaonews.net.br\\\/2022\\\/#\\\/schema\\\/logo\\\/image\\\/\"}},{\"@type\":\"Person\",\"@id\":\"https:\\\/\\\/regiaonews.net.br\\\/2022\\\/#\\\/schema\\\/person\\\/2d205a608a5aa97ac279d7a5e6d89ad8\",\"name\":\"Roberto\",\"image\":{\"@type\":\"ImageObject\",\"inLanguage\":\"pt-BR\",\"@id\":\"https:\\\/\\\/secure.gravatar.com\\\/avatar\\\/42749d8b712ff9d59ca93dc150494e5b55a44134482993f5baeb97e61b7ecc89?s=96&d=mm&r=g\",\"url\":\"https:\\\/\\\/secure.gravatar.com\\\/avatar\\\/42749d8b712ff9d59ca93dc150494e5b55a44134482993f5baeb97e61b7ecc89?s=96&d=mm&r=g\",\"contentUrl\":\"https:\\\/\\\/secure.gravatar.com\\\/avatar\\\/42749d8b712ff9d59ca93dc150494e5b55a44134482993f5baeb97e61b7ecc89?s=96&d=mm&r=g\",\"caption\":\"Roberto\"},\"url\":\"https:\\\/\\\/regiaonews.net.br\\\/2022\\\/author\\\/roberto\\\/\"}]}<\/script>\n<!-- \/ Yoast SEO plugin. -->","yoast_head_json":{"title":"PM localiza drogas com casal que atuava no armazenamento nos predinhos - Regi\u00e3o News","robots":{"index":"index","follow":"follow","max-snippet":"max-snippet:-1","max-image-preview":"max-image-preview:large","max-video-preview":"max-video-preview:-1"},"canonical":"https:\/\/regiaonews.net.br\/2022\/2021\/05\/20\/pm-localiza-drogas-com-casal-que-atuava-no-armazenamento-nos-predinhos\/","og_locale":"pt_BR","og_type":"article","og_title":"PM localiza drogas com casal que atuava no armazenamento nos predinhos - Regi\u00e3o News","og_description":"FLAGRANTE DE TR\u00c1FICO DE DROGAS \/ ASSOCIA\u00c7\u00c3O PARA O TR\u00c1FICO","og_url":"https:\/\/regiaonews.net.br\/2022\/2021\/05\/20\/pm-localiza-drogas-com-casal-que-atuava-no-armazenamento-nos-predinhos\/","og_site_name":"Regi\u00e3o News","article_published_time":"2021-05-20T17:58:04+00:00","og_image":[{"width":1280,"height":1055,"url":"https:\/\/regiaonews.net.br\/2022\/wp-content\/uploads\/2021\/05\/93942f88-1d9a-46c6-9584-14a8fd58ea6e.jpg","type":"image\/jpeg"}],"author":"Roberto","twitter_card":"summary_large_image","twitter_misc":{"Escrito por":"Roberto","Est. tempo de leitura":"1 minuto"},"schema":{"@context":"https:\/\/schema.org","@graph":[{"@type":"Article","@id":"https:\/\/regiaonews.net.br\/2022\/2021\/05\/20\/pm-localiza-drogas-com-casal-que-atuava-no-armazenamento-nos-predinhos\/#article","isPartOf":{"@id":"https:\/\/regiaonews.net.br\/2022\/2021\/05\/20\/pm-localiza-drogas-com-casal-que-atuava-no-armazenamento-nos-predinhos\/"},"author":{"name":"Roberto","@id":"https:\/\/regiaonews.net.br\/2022\/#\/schema\/person\/2d205a608a5aa97ac279d7a5e6d89ad8"},"headline":"PM localiza drogas com casal que atuava no armazenamento nos predinhos","datePublished":"2021-05-20T17:58:04+00:00","mainEntityOfPage":{"@id":"https:\/\/regiaonews.net.br\/2022\/2021\/05\/20\/pm-localiza-drogas-com-casal-que-atuava-no-armazenamento-nos-predinhos\/"},"wordCount":197,"commentCount":0,"publisher":{"@id":"https:\/\/regiaonews.net.br\/2022\/#organization"},"image":{"@id":"https:\/\/regiaonews.net.br\/2022\/2021\/05\/20\/pm-localiza-drogas-com-casal-que-atuava-no-armazenamento-nos-predinhos\/#primaryimage"},"thumbnailUrl":"https:\/\/regiaonews.net.br\/2022\/wp-content\/uploads\/2021\/05\/93942f88-1d9a-46c6-9584-14a8fd58ea6e.jpg","articleSection":["Barretos","Cidades","Policia"],"inLanguage":"pt-BR","potentialAction":[{"@type":"CommentAction","name":"Comment","target":["https:\/\/regiaonews.net.br\/2022\/2021\/05\/20\/pm-localiza-drogas-com-casal-que-atuava-no-armazenamento-nos-predinhos\/#respond"]}]},{"@type":"WebPage","@id":"https:\/\/regiaonews.net.br\/2022\/2021\/05\/20\/pm-localiza-drogas-com-casal-que-atuava-no-armazenamento-nos-predinhos\/","url":"https:\/\/regiaonews.net.br\/2022\/2021\/05\/20\/pm-localiza-drogas-com-casal-que-atuava-no-armazenamento-nos-predinhos\/","name":"PM localiza drogas com casal que atuava no armazenamento nos predinhos - Regi\u00e3o News","isPartOf":{"@id":"https:\/\/regiaonews.net.br\/2022\/#website"},"primaryImageOfPage":{"@id":"https:\/\/regiaonews.net.br\/2022\/2021\/05\/20\/pm-localiza-drogas-com-casal-que-atuava-no-armazenamento-nos-predinhos\/#primaryimage"},"image":{"@id":"https:\/\/regiaonews.net.br\/2022\/2021\/05\/20\/pm-localiza-drogas-com-casal-que-atuava-no-armazenamento-nos-predinhos\/#primaryimage"},"thumbnailUrl":"https:\/\/regiaonews.net.br\/2022\/wp-content\/uploads\/2021\/05\/93942f88-1d9a-46c6-9584-14a8fd58ea6e.jpg","datePublished":"2021-05-20T17:58:04+00:00","breadcrumb":{"@id":"https:\/\/regiaonews.net.br\/2022\/2021\/05\/20\/pm-localiza-drogas-com-casal-que-atuava-no-armazenamento-nos-predinhos\/#breadcrumb"},"inLanguage":"pt-BR","potentialAction":[{"@type":"ReadAction","target":["https:\/\/regiaonews.net.br\/2022\/2021\/05\/20\/pm-localiza-drogas-com-casal-que-atuava-no-armazenamento-nos-predinhos\/"]}]},{"@type":"ImageObject","inLanguage":"pt-BR","@id":"https:\/\/regiaonews.net.br\/2022\/2021\/05\/20\/pm-localiza-drogas-com-casal-que-atuava-no-armazenamento-nos-predinhos\/#primaryimage","url":"https:\/\/regiaonews.net.br\/2022\/wp-content\/uploads\/2021\/05\/93942f88-1d9a-46c6-9584-14a8fd58ea6e.jpg","contentUrl":"https:\/\/regiaonews.net.br\/2022\/wp-content\/uploads\/2021\/05\/93942f88-1d9a-46c6-9584-14a8fd58ea6e.jpg","width":1280,"height":1055},{"@type":"BreadcrumbList","@id":"https:\/\/regiaonews.net.br\/2022\/2021\/05\/20\/pm-localiza-drogas-com-casal-que-atuava-no-armazenamento-nos-predinhos\/#breadcrumb","itemListElement":[{"@type":"ListItem","position":1,"name":"In\u00edcio","item":"https:\/\/regiaonews.net.br\/2022\/"},{"@type":"ListItem","position":2,"name":"PM localiza drogas com casal que atuava no armazenamento nos predinhos"}]},{"@type":"WebSite","@id":"https:\/\/regiaonews.net.br\/2022\/#website","url":"https:\/\/regiaonews.net.br\/2022\/","name":"Regi\u00e3o News","description":"Site de Not\u00edcias de Barretos e regi\u00e3o","publisher":{"@id":"https:\/\/regiaonews.net.br\/2022\/#organization"},"potentialAction":[{"@type":"SearchAction","target":{"@type":"EntryPoint","urlTemplate":"https:\/\/regiaonews.net.br\/2022\/?s={search_term_string}"},"query-input":{"@type":"PropertyValueSpecification","valueRequired":true,"valueName":"search_term_string"}}],"inLanguage":"pt-BR"},{"@type":"Organization","@id":"https:\/\/regiaonews.net.br\/2022\/#organization","name":"Regi\u00e3o News","url":"https:\/\/regiaonews.net.br\/2022\/","logo":{"@type":"ImageObject","inLanguage":"pt-BR","@id":"https:\/\/regiaonews.net.br\/2022\/#\/schema\/logo\/image\/","url":"https:\/\/regiaonews.net.br\/2022\/wp-content\/uploads\/2026\/03\/regiao-13-anos-scaled.jpg","contentUrl":"https:\/\/regiaonews.net.br\/2022\/wp-content\/uploads\/2026\/03\/regiao-13-anos-scaled.jpg","width":2560,"height":635,"caption":"Regi\u00e3o News"},"image":{"@id":"https:\/\/regiaonews.net.br\/2022\/#\/schema\/logo\/image\/"}},{"@type":"Person","@id":"https:\/\/regiaonews.net.br\/2022\/#\/schema\/person\/2d205a608a5aa97ac279d7a5e6d89ad8","name":"Roberto","image":{"@type":"ImageObject","inLanguage":"pt-BR","@id":"https:\/\/secure.gravatar.com\/avatar\/42749d8b712ff9d59ca93dc150494e5b55a44134482993f5baeb97e61b7ecc89?s=96&d=mm&r=g","url":"https:\/\/secure.gravatar.com\/avatar\/42749d8b712ff9d59ca93dc150494e5b55a44134482993f5baeb97e61b7ecc89?s=96&d=mm&r=g","contentUrl":"https:\/\/secure.gravatar.com\/avatar\/42749d8b712ff9d59ca93dc150494e5b55a44134482993f5baeb97e61b7ecc89?s=96&d=mm&r=g","caption":"Roberto"},"url":"https:\/\/regiaonews.net.br\/2022\/author\/roberto\/"}]}},"publishpress_future_action":{"enabled":false,"date":"2026-05-04 07:26:33","action":"change-status","newStatus":"draft","terms":[],"taxonomy":"category","extraData":[]},"publishpress_future_workflow_manual_trigger":{"enabledWorkflows":[]},"_links":{"self":[{"href":"https:\/\/regiaonews.net.br\/2022\/wp-json\/wp\/v2\/posts\/47327","targetHints":{"allow":["GET"]}}],"collection":[{"href":"https:\/\/regiaonews.net.br\/2022\/wp-json\/wp\/v2\/posts"}],"about":[{"href":"https:\/\/regiaonews.net.br\/2022\/wp-json\/wp\/v2\/types\/post"}],"author":[{"embeddable":true,"href":"https:\/\/regiaonews.net.br\/2022\/wp-json\/wp\/v2\/users\/2"}],"replies":[{"embeddable":true,"href":"https:\/\/regiaonews.net.br\/2022\/wp-json\/wp\/v2\/comments?post=47327"}],"version-history":[{"count":0,"href":"https:\/\/regiaonews.net.br\/2022\/wp-json\/wp\/v2\/posts\/47327\/revisions"}],"wp:featuredmedia":[{"embeddable":true,"href":"https:\/\/regiaonews.net.br\/2022\/wp-json\/wp\/v2\/media\/47328"}],"wp:attachment":[{"href":"https:\/\/regiaonews.net.br\/2022\/wp-json\/wp\/v2\/media?parent=47327"}],"wp:term":[{"taxonomy":"category","embeddable":true,"href":"https:\/\/regiaonews.net.br\/2022\/wp-json\/wp\/v2\/categories?post=47327"},{"taxonomy":"post_tag","embeddable":true,"href":"https:\/\/regiaonews.net.br\/2022\/wp-json\/wp\/v2\/tags?post=47327"}],"curies":[{"name":"wp","href":"https:\/\/api.w.org\/{rel}","templated":true}]}}