{"id":47300,"date":"2021-05-20T10:48:57","date_gmt":"2021-05-20T13:48:57","guid":{"rendered":"https:\/\/regiaonews.net.br\/2022\/?p=47300"},"modified":"2021-05-20T21:40:00","modified_gmt":"2021-05-21T00:40:00","slug":"jovem-morre-eletrocutado-com-fio-de-alta-tensao-apos-bater-carro-em-poste-em-colina-sp","status":"publish","type":"post","link":"https:\/\/regiaonews.net.br\/2022\/2021\/05\/20\/jovem-morre-eletrocutado-com-fio-de-alta-tensao-apos-bater-carro-em-poste-em-colina-sp\/","title":{"rendered":"Jovem morre eletrocutado com fio de alta tens\u00e3o ap\u00f3s bater carro em poste em Colina, SP"},"content":{"rendered":"<p><a href=\"https:\/\/regiaonews.net.br\/2022\/wp-content\/uploads\/2021\/05\/ac43361d-7210-4d5b-89df-ca2695799c07.jpg\"><img loading=\"lazy\" decoding=\"async\" class=\"alignnone size-medium wp-image-47301\" src=\"https:\/\/regiaonews.net.br\/2022\/wp-content\/uploads\/2021\/05\/ac43361d-7210-4d5b-89df-ca2695799c07-181x300.jpg\" alt=\"\" width=\"181\" height=\"300\" \/><\/a><\/p>\n<p class=\"content-head__subtitle\">Estudante sofreu descargas el\u00e9tricas ao conferir estragos da batida. Ele chegou a ser levado para o pronto-socorro da cidade, mas n\u00e3o resistiu.<\/p>\n<div class=\"mc-column content-text active-extra-styles active-capital-letter\" data-block-type=\"unstyled\" data-block-weight=\"48\" data-block-id=\"1\">\n<p class=\"content-text__container theme-color-primary-first-letter\" data-track-category=\"Link no Texto\" data-track-links=\"\">Um estudante de 22 anos, Leonardo da Costa Gomes dos Santos,\u00a0 morreu ap\u00f3s sofrer descargas el\u00e9tricas na madrugada desta quinta-feira (20) na zona rural de Colina (SP). Segundo informa\u00e7\u00f5es registradas pela Pol\u00edcia Civil, a v\u00edtima tinha acabado de bater o carro em um poste e foi eletrocutado por fios que se soltaram da estrutura.<\/p>\n<\/div>\n<div class=\"wall protected-content\">\n<div class=\"mc-column content-text active-extra-styles \" data-block-type=\"unstyled\" data-block-weight=\"14\" data-block-id=\"2\">\n<p class=\"content-text__container \" data-track-category=\"Link no Texto\" data-track-links=\"\">O jovem chegou a ser levado ao pronto-socorro da cidade, mas n\u00e3o resistiu.<\/p>\n<p data-track-category=\"Link no Texto\" data-track-links=\"\">\n<\/div>\n<div class=\"mc-column content-text active-extra-styles \" data-block-type=\"unstyled\" data-block-weight=\"37\" data-block-id=\"3\">\n<p class=\"content-text__container \" data-track-category=\"Link no Texto\" data-track-links=\"\">De acordo com o boletim de ocorr\u00eancia, ele atingiu o carro em um poste na regi\u00e3o da Fazenda Perobal por volta das 2h50. Segundo informa\u00e7\u00f5es registradas pela pol\u00edcia, o grupo tinha ingerido bebidas alco\u00f3licas antes do acidente.<\/p>\n<\/div>\n<div class=\"mc-column content-text active-extra-styles \" data-block-type=\"unstyled\" data-block-weight=\"32\" data-block-id=\"4\">\n<p class=\"content-text__container \" data-track-category=\"Link no Texto\" data-track-links=\"\">Ao sair para verificar os estragos, o motorista n\u00e3o percebeu que um dos fios de alta tens\u00e3o estava solto e levou uma descarga el\u00e9trica, considerada inicialmente leve, segundo os registros policiais.<\/p>\n<p data-track-category=\"Link no Texto\" data-track-links=\"\">\n<\/div>\n<div class=\"mc-column content-text active-extra-styles \" data-block-type=\"unstyled\" data-block-weight=\"22\" data-block-id=\"5\">\n<p class=\"content-text__container \" data-track-category=\"Link no Texto\" data-track-links=\"\">Ao retornar para o autom\u00f3vel, de acordo com a pol\u00edcia, ele encostou em outro cabo e levou uma descarga mais forte.<\/p>\n<\/div>\n<div class=\"mc-column content-text active-extra-styles \" data-block-type=\"unstyled\" data-block-weight=\"17\" data-block-id=\"6\">\n<p class=\"content-text__container \" data-track-category=\"Link no Texto\" data-track-links=\"\">O estudante foi socorrido pelos amigos e levado ao pronto atendimento de Colina, mas n\u00e3o resistiu.<\/p>\n<\/div>\n<div class=\"mc-column content-text active-extra-styles \" data-block-type=\"unstyled\" data-block-weight=\"28\" data-block-id=\"7\">\n<p class=\"content-text__container \" data-track-category=\"Link no Texto\" data-track-links=\"\">O caso foi registrado como morte acidental na delegacia de Colina. Exames foram solicitados pela pol\u00edcia junto ao Instituto de Criminal\u00edstica (IC) e ao Instituto M\u00e9dico Legal (IML).<\/p>\n<p data-track-category=\"Link no Texto\" data-track-links=\"\">FONTE :\u00a0 G1<\/p>\n<\/div>\n<\/div>\n","protected":false},"excerpt":{"rendered":"<p>Estudante sofreu descargas el\u00e9tricas ao conferir estragos da batida. Ele<\/p>\n","protected":false},"author":2,"featured_media":47304,"comment_status":"open","ping_status":"open","sticky":false,"template":"","format":"standard","meta":{"footnotes":""},"categories":[25,5,23],"tags":[],"class_list":["post-47300","post","type-post","status-publish","format-standard","has-post-thumbnail","hentry","category-cidades","category-colina","category-policia"],"yoast_head":"<!-- This site is optimized with the Yoast SEO plugin v27.4 - https:\/\/yoast.com\/product\/yoast-seo-wordpress\/ -->\n<title>Jovem morre eletrocutado com fio de alta tens\u00e3o ap\u00f3s bater carro em poste em Colina, SP - Regi\u00e3o News<\/title>\n<meta name=\"robots\" content=\"index, follow, max-snippet:-1, max-image-preview:large, max-video-preview:-1\" \/>\n<link rel=\"canonical\" href=\"https:\/\/regiaonews.net.br\/2022\/2021\/05\/20\/jovem-morre-eletrocutado-com-fio-de-alta-tensao-apos-bater-carro-em-poste-em-colina-sp\/\" \/>\n<meta property=\"og:locale\" content=\"pt_BR\" \/>\n<meta property=\"og:type\" content=\"article\" \/>\n<meta property=\"og:title\" content=\"Jovem morre eletrocutado com fio de alta tens\u00e3o ap\u00f3s bater carro em poste em Colina, SP - Regi\u00e3o News\" \/>\n<meta property=\"og:description\" content=\"Estudante sofreu descargas el\u00e9tricas ao conferir estragos da batida. Ele\" \/>\n<meta property=\"og:url\" content=\"https:\/\/regiaonews.net.br\/2022\/2021\/05\/20\/jovem-morre-eletrocutado-com-fio-de-alta-tensao-apos-bater-carro-em-poste-em-colina-sp\/\" \/>\n<meta property=\"og:site_name\" content=\"Regi\u00e3o News\" \/>\n<meta property=\"article:published_time\" content=\"2021-05-20T13:48:57+00:00\" \/>\n<meta property=\"article:modified_time\" content=\"2021-05-21T00:40:00+00:00\" \/>\n<meta property=\"og:image\" content=\"https:\/\/regiaonews.net.br\/2022\/wp-content\/uploads\/2021\/05\/766eef6c-bd0d-48c8-9e87-a6d88a385f64.jpg\" \/>\n\t<meta property=\"og:image:width\" content=\"720\" \/>\n\t<meta property=\"og:image:height\" content=\"821\" \/>\n\t<meta property=\"og:image:type\" content=\"image\/jpeg\" \/>\n<meta name=\"author\" content=\"Roberto\" \/>\n<meta name=\"twitter:card\" content=\"summary_large_image\" \/>\n<meta name=\"twitter:label1\" content=\"Escrito por\" \/>\n\t<meta name=\"twitter:data1\" content=\"Roberto\" \/>\n\t<meta name=\"twitter:label2\" content=\"Est. tempo de leitura\" \/>\n\t<meta name=\"twitter:data2\" content=\"1 minuto\" \/>\n<script type=\"application\/ld+json\" class=\"yoast-schema-graph\">{\"@context\":\"https:\\\/\\\/schema.org\",\"@graph\":[{\"@type\":\"Article\",\"@id\":\"https:\\\/\\\/regiaonews.net.br\\\/2022\\\/2021\\\/05\\\/20\\\/jovem-morre-eletrocutado-com-fio-de-alta-tensao-apos-bater-carro-em-poste-em-colina-sp\\\/#article\",\"isPartOf\":{\"@id\":\"https:\\\/\\\/regiaonews.net.br\\\/2022\\\/2021\\\/05\\\/20\\\/jovem-morre-eletrocutado-com-fio-de-alta-tensao-apos-bater-carro-em-poste-em-colina-sp\\\/\"},\"author\":{\"name\":\"Roberto\",\"@id\":\"https:\\\/\\\/regiaonews.net.br\\\/2022\\\/#\\\/schema\\\/person\\\/2d205a608a5aa97ac279d7a5e6d89ad8\"},\"headline\":\"Jovem morre eletrocutado com fio de alta tens\u00e3o ap\u00f3s bater carro em poste em Colina, SP\",\"datePublished\":\"2021-05-20T13:48:57+00:00\",\"dateModified\":\"2021-05-21T00:40:00+00:00\",\"mainEntityOfPage\":{\"@id\":\"https:\\\/\\\/regiaonews.net.br\\\/2022\\\/2021\\\/05\\\/20\\\/jovem-morre-eletrocutado-com-fio-de-alta-tensao-apos-bater-carro-em-poste-em-colina-sp\\\/\"},\"wordCount\":262,\"commentCount\":0,\"publisher\":{\"@id\":\"https:\\\/\\\/regiaonews.net.br\\\/2022\\\/#organization\"},\"image\":{\"@id\":\"https:\\\/\\\/regiaonews.net.br\\\/2022\\\/2021\\\/05\\\/20\\\/jovem-morre-eletrocutado-com-fio-de-alta-tensao-apos-bater-carro-em-poste-em-colina-sp\\\/#primaryimage\"},\"thumbnailUrl\":\"https:\\\/\\\/regiaonews.net.br\\\/2022\\\/wp-content\\\/uploads\\\/2021\\\/05\\\/766eef6c-bd0d-48c8-9e87-a6d88a385f64.jpg\",\"articleSection\":[\"Cidades\",\"Colina\",\"Policia\"],\"inLanguage\":\"pt-BR\",\"potentialAction\":[{\"@type\":\"CommentAction\",\"name\":\"Comment\",\"target\":[\"https:\\\/\\\/regiaonews.net.br\\\/2022\\\/2021\\\/05\\\/20\\\/jovem-morre-eletrocutado-com-fio-de-alta-tensao-apos-bater-carro-em-poste-em-colina-sp\\\/#respond\"]}]},{\"@type\":\"WebPage\",\"@id\":\"https:\\\/\\\/regiaonews.net.br\\\/2022\\\/2021\\\/05\\\/20\\\/jovem-morre-eletrocutado-com-fio-de-alta-tensao-apos-bater-carro-em-poste-em-colina-sp\\\/\",\"url\":\"https:\\\/\\\/regiaonews.net.br\\\/2022\\\/2021\\\/05\\\/20\\\/jovem-morre-eletrocutado-com-fio-de-alta-tensao-apos-bater-carro-em-poste-em-colina-sp\\\/\",\"name\":\"Jovem morre eletrocutado com fio de alta tens\u00e3o ap\u00f3s bater carro em poste em Colina, SP - Regi\u00e3o News\",\"isPartOf\":{\"@id\":\"https:\\\/\\\/regiaonews.net.br\\\/2022\\\/#website\"},\"primaryImageOfPage\":{\"@id\":\"https:\\\/\\\/regiaonews.net.br\\\/2022\\\/2021\\\/05\\\/20\\\/jovem-morre-eletrocutado-com-fio-de-alta-tensao-apos-bater-carro-em-poste-em-colina-sp\\\/#primaryimage\"},\"image\":{\"@id\":\"https:\\\/\\\/regiaonews.net.br\\\/2022\\\/2021\\\/05\\\/20\\\/jovem-morre-eletrocutado-com-fio-de-alta-tensao-apos-bater-carro-em-poste-em-colina-sp\\\/#primaryimage\"},\"thumbnailUrl\":\"https:\\\/\\\/regiaonews.net.br\\\/2022\\\/wp-content\\\/uploads\\\/2021\\\/05\\\/766eef6c-bd0d-48c8-9e87-a6d88a385f64.jpg\",\"datePublished\":\"2021-05-20T13:48:57+00:00\",\"dateModified\":\"2021-05-21T00:40:00+00:00\",\"breadcrumb\":{\"@id\":\"https:\\\/\\\/regiaonews.net.br\\\/2022\\\/2021\\\/05\\\/20\\\/jovem-morre-eletrocutado-com-fio-de-alta-tensao-apos-bater-carro-em-poste-em-colina-sp\\\/#breadcrumb\"},\"inLanguage\":\"pt-BR\",\"potentialAction\":[{\"@type\":\"ReadAction\",\"target\":[\"https:\\\/\\\/regiaonews.net.br\\\/2022\\\/2021\\\/05\\\/20\\\/jovem-morre-eletrocutado-com-fio-de-alta-tensao-apos-bater-carro-em-poste-em-colina-sp\\\/\"]}]},{\"@type\":\"ImageObject\",\"inLanguage\":\"pt-BR\",\"@id\":\"https:\\\/\\\/regiaonews.net.br\\\/2022\\\/2021\\\/05\\\/20\\\/jovem-morre-eletrocutado-com-fio-de-alta-tensao-apos-bater-carro-em-poste-em-colina-sp\\\/#primaryimage\",\"url\":\"https:\\\/\\\/regiaonews.net.br\\\/2022\\\/wp-content\\\/uploads\\\/2021\\\/05\\\/766eef6c-bd0d-48c8-9e87-a6d88a385f64.jpg\",\"contentUrl\":\"https:\\\/\\\/regiaonews.net.br\\\/2022\\\/wp-content\\\/uploads\\\/2021\\\/05\\\/766eef6c-bd0d-48c8-9e87-a6d88a385f64.jpg\",\"width\":720,\"height\":821},{\"@type\":\"BreadcrumbList\",\"@id\":\"https:\\\/\\\/regiaonews.net.br\\\/2022\\\/2021\\\/05\\\/20\\\/jovem-morre-eletrocutado-com-fio-de-alta-tensao-apos-bater-carro-em-poste-em-colina-sp\\\/#breadcrumb\",\"itemListElement\":[{\"@type\":\"ListItem\",\"position\":1,\"name\":\"In\u00edcio\",\"item\":\"https:\\\/\\\/regiaonews.net.br\\\/2022\\\/\"},{\"@type\":\"ListItem\",\"position\":2,\"name\":\"Jovem morre eletrocutado com fio de alta tens\u00e3o ap\u00f3s bater carro em poste em Colina, SP\"}]},{\"@type\":\"WebSite\",\"@id\":\"https:\\\/\\\/regiaonews.net.br\\\/2022\\\/#website\",\"url\":\"https:\\\/\\\/regiaonews.net.br\\\/2022\\\/\",\"name\":\"Regi\u00e3o News\",\"description\":\"Site de Not\u00edcias de Barretos e regi\u00e3o\",\"publisher\":{\"@id\":\"https:\\\/\\\/regiaonews.net.br\\\/2022\\\/#organization\"},\"potentialAction\":[{\"@type\":\"SearchAction\",\"target\":{\"@type\":\"EntryPoint\",\"urlTemplate\":\"https:\\\/\\\/regiaonews.net.br\\\/2022\\\/?s={search_term_string}\"},\"query-input\":{\"@type\":\"PropertyValueSpecification\",\"valueRequired\":true,\"valueName\":\"search_term_string\"}}],\"inLanguage\":\"pt-BR\"},{\"@type\":\"Organization\",\"@id\":\"https:\\\/\\\/regiaonews.net.br\\\/2022\\\/#organization\",\"name\":\"Regi\u00e3o News\",\"url\":\"https:\\\/\\\/regiaonews.net.br\\\/2022\\\/\",\"logo\":{\"@type\":\"ImageObject\",\"inLanguage\":\"pt-BR\",\"@id\":\"https:\\\/\\\/regiaonews.net.br\\\/2022\\\/#\\\/schema\\\/logo\\\/image\\\/\",\"url\":\"https:\\\/\\\/regiaonews.net.br\\\/2022\\\/wp-content\\\/uploads\\\/2026\\\/03\\\/regiao-13-anos-scaled.jpg\",\"contentUrl\":\"https:\\\/\\\/regiaonews.net.br\\\/2022\\\/wp-content\\\/uploads\\\/2026\\\/03\\\/regiao-13-anos-scaled.jpg\",\"width\":2560,\"height\":635,\"caption\":\"Regi\u00e3o News\"},\"image\":{\"@id\":\"https:\\\/\\\/regiaonews.net.br\\\/2022\\\/#\\\/schema\\\/logo\\\/image\\\/\"}},{\"@type\":\"Person\",\"@id\":\"https:\\\/\\\/regiaonews.net.br\\\/2022\\\/#\\\/schema\\\/person\\\/2d205a608a5aa97ac279d7a5e6d89ad8\",\"name\":\"Roberto\",\"image\":{\"@type\":\"ImageObject\",\"inLanguage\":\"pt-BR\",\"@id\":\"https:\\\/\\\/secure.gravatar.com\\\/avatar\\\/42749d8b712ff9d59ca93dc150494e5b55a44134482993f5baeb97e61b7ecc89?s=96&d=mm&r=g\",\"url\":\"https:\\\/\\\/secure.gravatar.com\\\/avatar\\\/42749d8b712ff9d59ca93dc150494e5b55a44134482993f5baeb97e61b7ecc89?s=96&d=mm&r=g\",\"contentUrl\":\"https:\\\/\\\/secure.gravatar.com\\\/avatar\\\/42749d8b712ff9d59ca93dc150494e5b55a44134482993f5baeb97e61b7ecc89?s=96&d=mm&r=g\",\"caption\":\"Roberto\"},\"url\":\"https:\\\/\\\/regiaonews.net.br\\\/2022\\\/author\\\/roberto\\\/\"}]}<\/script>\n<!-- \/ Yoast SEO plugin. -->","yoast_head_json":{"title":"Jovem morre eletrocutado com fio de alta tens\u00e3o ap\u00f3s bater carro em poste em Colina, SP - Regi\u00e3o News","robots":{"index":"index","follow":"follow","max-snippet":"max-snippet:-1","max-image-preview":"max-image-preview:large","max-video-preview":"max-video-preview:-1"},"canonical":"https:\/\/regiaonews.net.br\/2022\/2021\/05\/20\/jovem-morre-eletrocutado-com-fio-de-alta-tensao-apos-bater-carro-em-poste-em-colina-sp\/","og_locale":"pt_BR","og_type":"article","og_title":"Jovem morre eletrocutado com fio de alta tens\u00e3o ap\u00f3s bater carro em poste em Colina, SP - Regi\u00e3o News","og_description":"Estudante sofreu descargas el\u00e9tricas ao conferir estragos da batida. Ele","og_url":"https:\/\/regiaonews.net.br\/2022\/2021\/05\/20\/jovem-morre-eletrocutado-com-fio-de-alta-tensao-apos-bater-carro-em-poste-em-colina-sp\/","og_site_name":"Regi\u00e3o News","article_published_time":"2021-05-20T13:48:57+00:00","article_modified_time":"2021-05-21T00:40:00+00:00","og_image":[{"width":720,"height":821,"url":"https:\/\/regiaonews.net.br\/2022\/wp-content\/uploads\/2021\/05\/766eef6c-bd0d-48c8-9e87-a6d88a385f64.jpg","type":"image\/jpeg"}],"author":"Roberto","twitter_card":"summary_large_image","twitter_misc":{"Escrito por":"Roberto","Est. tempo de leitura":"1 minuto"},"schema":{"@context":"https:\/\/schema.org","@graph":[{"@type":"Article","@id":"https:\/\/regiaonews.net.br\/2022\/2021\/05\/20\/jovem-morre-eletrocutado-com-fio-de-alta-tensao-apos-bater-carro-em-poste-em-colina-sp\/#article","isPartOf":{"@id":"https:\/\/regiaonews.net.br\/2022\/2021\/05\/20\/jovem-morre-eletrocutado-com-fio-de-alta-tensao-apos-bater-carro-em-poste-em-colina-sp\/"},"author":{"name":"Roberto","@id":"https:\/\/regiaonews.net.br\/2022\/#\/schema\/person\/2d205a608a5aa97ac279d7a5e6d89ad8"},"headline":"Jovem morre eletrocutado com fio de alta tens\u00e3o ap\u00f3s bater carro em poste em Colina, SP","datePublished":"2021-05-20T13:48:57+00:00","dateModified":"2021-05-21T00:40:00+00:00","mainEntityOfPage":{"@id":"https:\/\/regiaonews.net.br\/2022\/2021\/05\/20\/jovem-morre-eletrocutado-com-fio-de-alta-tensao-apos-bater-carro-em-poste-em-colina-sp\/"},"wordCount":262,"commentCount":0,"publisher":{"@id":"https:\/\/regiaonews.net.br\/2022\/#organization"},"image":{"@id":"https:\/\/regiaonews.net.br\/2022\/2021\/05\/20\/jovem-morre-eletrocutado-com-fio-de-alta-tensao-apos-bater-carro-em-poste-em-colina-sp\/#primaryimage"},"thumbnailUrl":"https:\/\/regiaonews.net.br\/2022\/wp-content\/uploads\/2021\/05\/766eef6c-bd0d-48c8-9e87-a6d88a385f64.jpg","articleSection":["Cidades","Colina","Policia"],"inLanguage":"pt-BR","potentialAction":[{"@type":"CommentAction","name":"Comment","target":["https:\/\/regiaonews.net.br\/2022\/2021\/05\/20\/jovem-morre-eletrocutado-com-fio-de-alta-tensao-apos-bater-carro-em-poste-em-colina-sp\/#respond"]}]},{"@type":"WebPage","@id":"https:\/\/regiaonews.net.br\/2022\/2021\/05\/20\/jovem-morre-eletrocutado-com-fio-de-alta-tensao-apos-bater-carro-em-poste-em-colina-sp\/","url":"https:\/\/regiaonews.net.br\/2022\/2021\/05\/20\/jovem-morre-eletrocutado-com-fio-de-alta-tensao-apos-bater-carro-em-poste-em-colina-sp\/","name":"Jovem morre eletrocutado com fio de alta tens\u00e3o ap\u00f3s bater carro em poste em Colina, SP - Regi\u00e3o News","isPartOf":{"@id":"https:\/\/regiaonews.net.br\/2022\/#website"},"primaryImageOfPage":{"@id":"https:\/\/regiaonews.net.br\/2022\/2021\/05\/20\/jovem-morre-eletrocutado-com-fio-de-alta-tensao-apos-bater-carro-em-poste-em-colina-sp\/#primaryimage"},"image":{"@id":"https:\/\/regiaonews.net.br\/2022\/2021\/05\/20\/jovem-morre-eletrocutado-com-fio-de-alta-tensao-apos-bater-carro-em-poste-em-colina-sp\/#primaryimage"},"thumbnailUrl":"https:\/\/regiaonews.net.br\/2022\/wp-content\/uploads\/2021\/05\/766eef6c-bd0d-48c8-9e87-a6d88a385f64.jpg","datePublished":"2021-05-20T13:48:57+00:00","dateModified":"2021-05-21T00:40:00+00:00","breadcrumb":{"@id":"https:\/\/regiaonews.net.br\/2022\/2021\/05\/20\/jovem-morre-eletrocutado-com-fio-de-alta-tensao-apos-bater-carro-em-poste-em-colina-sp\/#breadcrumb"},"inLanguage":"pt-BR","potentialAction":[{"@type":"ReadAction","target":["https:\/\/regiaonews.net.br\/2022\/2021\/05\/20\/jovem-morre-eletrocutado-com-fio-de-alta-tensao-apos-bater-carro-em-poste-em-colina-sp\/"]}]},{"@type":"ImageObject","inLanguage":"pt-BR","@id":"https:\/\/regiaonews.net.br\/2022\/2021\/05\/20\/jovem-morre-eletrocutado-com-fio-de-alta-tensao-apos-bater-carro-em-poste-em-colina-sp\/#primaryimage","url":"https:\/\/regiaonews.net.br\/2022\/wp-content\/uploads\/2021\/05\/766eef6c-bd0d-48c8-9e87-a6d88a385f64.jpg","contentUrl":"https:\/\/regiaonews.net.br\/2022\/wp-content\/uploads\/2021\/05\/766eef6c-bd0d-48c8-9e87-a6d88a385f64.jpg","width":720,"height":821},{"@type":"BreadcrumbList","@id":"https:\/\/regiaonews.net.br\/2022\/2021\/05\/20\/jovem-morre-eletrocutado-com-fio-de-alta-tensao-apos-bater-carro-em-poste-em-colina-sp\/#breadcrumb","itemListElement":[{"@type":"ListItem","position":1,"name":"In\u00edcio","item":"https:\/\/regiaonews.net.br\/2022\/"},{"@type":"ListItem","position":2,"name":"Jovem morre eletrocutado com fio de alta tens\u00e3o ap\u00f3s bater carro em poste em Colina, SP"}]},{"@type":"WebSite","@id":"https:\/\/regiaonews.net.br\/2022\/#website","url":"https:\/\/regiaonews.net.br\/2022\/","name":"Regi\u00e3o News","description":"Site de Not\u00edcias de Barretos e regi\u00e3o","publisher":{"@id":"https:\/\/regiaonews.net.br\/2022\/#organization"},"potentialAction":[{"@type":"SearchAction","target":{"@type":"EntryPoint","urlTemplate":"https:\/\/regiaonews.net.br\/2022\/?s={search_term_string}"},"query-input":{"@type":"PropertyValueSpecification","valueRequired":true,"valueName":"search_term_string"}}],"inLanguage":"pt-BR"},{"@type":"Organization","@id":"https:\/\/regiaonews.net.br\/2022\/#organization","name":"Regi\u00e3o News","url":"https:\/\/regiaonews.net.br\/2022\/","logo":{"@type":"ImageObject","inLanguage":"pt-BR","@id":"https:\/\/regiaonews.net.br\/2022\/#\/schema\/logo\/image\/","url":"https:\/\/regiaonews.net.br\/2022\/wp-content\/uploads\/2026\/03\/regiao-13-anos-scaled.jpg","contentUrl":"https:\/\/regiaonews.net.br\/2022\/wp-content\/uploads\/2026\/03\/regiao-13-anos-scaled.jpg","width":2560,"height":635,"caption":"Regi\u00e3o News"},"image":{"@id":"https:\/\/regiaonews.net.br\/2022\/#\/schema\/logo\/image\/"}},{"@type":"Person","@id":"https:\/\/regiaonews.net.br\/2022\/#\/schema\/person\/2d205a608a5aa97ac279d7a5e6d89ad8","name":"Roberto","image":{"@type":"ImageObject","inLanguage":"pt-BR","@id":"https:\/\/secure.gravatar.com\/avatar\/42749d8b712ff9d59ca93dc150494e5b55a44134482993f5baeb97e61b7ecc89?s=96&d=mm&r=g","url":"https:\/\/secure.gravatar.com\/avatar\/42749d8b712ff9d59ca93dc150494e5b55a44134482993f5baeb97e61b7ecc89?s=96&d=mm&r=g","contentUrl":"https:\/\/secure.gravatar.com\/avatar\/42749d8b712ff9d59ca93dc150494e5b55a44134482993f5baeb97e61b7ecc89?s=96&d=mm&r=g","caption":"Roberto"},"url":"https:\/\/regiaonews.net.br\/2022\/author\/roberto\/"}]}},"publishpress_future_action":{"enabled":false,"date":"2026-05-04 08:46:22","action":"change-status","newStatus":"draft","terms":[],"taxonomy":"category","extraData":[]},"publishpress_future_workflow_manual_trigger":{"enabledWorkflows":[]},"_links":{"self":[{"href":"https:\/\/regiaonews.net.br\/2022\/wp-json\/wp\/v2\/posts\/47300","targetHints":{"allow":["GET"]}}],"collection":[{"href":"https:\/\/regiaonews.net.br\/2022\/wp-json\/wp\/v2\/posts"}],"about":[{"href":"https:\/\/regiaonews.net.br\/2022\/wp-json\/wp\/v2\/types\/post"}],"author":[{"embeddable":true,"href":"https:\/\/regiaonews.net.br\/2022\/wp-json\/wp\/v2\/users\/2"}],"replies":[{"embeddable":true,"href":"https:\/\/regiaonews.net.br\/2022\/wp-json\/wp\/v2\/comments?post=47300"}],"version-history":[{"count":0,"href":"https:\/\/regiaonews.net.br\/2022\/wp-json\/wp\/v2\/posts\/47300\/revisions"}],"wp:featuredmedia":[{"embeddable":true,"href":"https:\/\/regiaonews.net.br\/2022\/wp-json\/wp\/v2\/media\/47304"}],"wp:attachment":[{"href":"https:\/\/regiaonews.net.br\/2022\/wp-json\/wp\/v2\/media?parent=47300"}],"wp:term":[{"taxonomy":"category","embeddable":true,"href":"https:\/\/regiaonews.net.br\/2022\/wp-json\/wp\/v2\/categories?post=47300"},{"taxonomy":"post_tag","embeddable":true,"href":"https:\/\/regiaonews.net.br\/2022\/wp-json\/wp\/v2\/tags?post=47300"}],"curies":[{"name":"wp","href":"https:\/\/api.w.org\/{rel}","templated":true}]}}