{"id":47297,"date":"2021-05-20T09:33:45","date_gmt":"2021-05-20T12:33:45","guid":{"rendered":"https:\/\/regiaonews.net.br\/2022\/?p=47297"},"modified":"2021-05-20T09:34:31","modified_gmt":"2021-05-20T12:34:31","slug":"governador-assina-a-criacao-da-regiao-metropolitana-de-sao-jose-do-rio-preto","status":"publish","type":"post","link":"https:\/\/regiaonews.net.br\/2022\/2021\/05\/20\/governador-assina-a-criacao-da-regiao-metropolitana-de-sao-jose-do-rio-preto\/","title":{"rendered":"Governador assina a cria\u00e7\u00e3o da Regi\u00e3o Metropolitana de S\u00e3o Jos\u00e9 do Rio Preto"},"content":{"rendered":"<p><a href=\"https:\/\/regiaonews.net.br\/2022\/wp-content\/uploads\/2021\/05\/39c2ded7-559b-4257-b6cb-0bb9d99a4dc1.jpg\"><img loading=\"lazy\" decoding=\"async\" class=\"alignnone size-medium wp-image-47298\" src=\"https:\/\/regiaonews.net.br\/2022\/wp-content\/uploads\/2021\/05\/39c2ded7-559b-4257-b6cb-0bb9d99a4dc1-300x200.jpg\" alt=\"\" width=\"300\" height=\"200\" \/><\/a><\/p>\n<p>Deputado Sebasti\u00e3o Santos atuou para que o projeto fosse discutido na Assembleia Legislativa<\/p>\n<p>Governador Jo\u00e3o Doria assinou na tarde de ter\u00e7a-feira, dia 18 de maio, na sede da prefeitura municipal de Rio Preto, o projeto da Regi\u00e3o Metropolitana de S\u00e3o Jos\u00e9 do Rio Preto<\/p>\n<p>O deputado estadual Sebasti\u00e3o Santos (Republicanos) \u00e9 um dos principais pol\u00edticos da regi\u00e3o ao levantar essa bandeira, ap\u00f3s protocolar em 2019 o projeto de lei complementar n\u00ba 57, de 7 de agosto, que cria a Regi\u00e3o Metropolitana de S\u00e3o Jos\u00e9 do Rio Preto, como unidade regional do territ\u00f3rio do Estado de S\u00e3o Paulo, nos termos do artigo 25, \u00a7 3\u00ba, da Constitui\u00e7\u00e3o Federal, dos artigos 152 a 158 da Constitui\u00e7\u00e3o Estadual e da Lei Complementar n\u00ba 760, de 1\u00ba de agosto de 1994.<\/p>\n<p>\u201cBatalhamos para que esse projeto fosse ganhando for\u00e7a, pois a nossa luta pela regi\u00e3o vem desde sempre. A Regi\u00e3o Metropolitana de S\u00e3o Jos\u00e9 do Rio Preto passa por uma fase de incentivos do Estado, o governo fez certo de aceitar nosso pedido e assinar a libera\u00e7\u00e3o desse projeto. O regramento necess\u00e1rio agora ser\u00e1 o planejamento socioecon\u00f4mico regional, dando qualidade de vida \u00e0s 35 cidades que abrangem a regi\u00e3o&#8221;, disse Sebasti\u00e3o Santos.<\/p>\n<p>O deputado do Republicanos cita ainda, sobre as a\u00e7\u00f5es em prol da constru\u00e7\u00e3o da terceira faixa, cria\u00e7\u00e3o de vias e marginais e o contorno da malha ferrovi\u00e1ria na regi\u00e3o noroeste do Estado. \u201cTrabalhamos desde os anos 2000, em prol da constru\u00e7\u00e3o da terceira faixa e o muro de conten\u00e7\u00e3o, no trecho entre Mirassol e Rio Preto, al\u00e9m da variante que permitir\u00e1 a remo\u00e7\u00e3o da linha f\u00e9rrea urbana da regi\u00e3o. Depois de mais de 21 anos, e com v\u00e1rias a\u00e7\u00f5es junto ao governo e secret\u00e1rios, estamos vendo a luz no fim do t\u00fanel para que os in\u00fameros acidentes na SP-310 possa enfim acabar\u201d, disse Sebasti\u00e3o Santos, ap\u00f3s o Governador Jo\u00e3o D\u00f3ria, assinar a autoriza\u00e7\u00e3o das obras para cria\u00e7\u00e3o das vias marginais.<\/p>\n<p>A Regi\u00e3o Metropolitana de S\u00e3o Jos\u00e9 do Rio Preto ser\u00e1 composta por 35 munic\u00edpios: Adolfo, B\u00e1lsamo, Bady Bassitt, Cedral, Guapia\u00e7u, Ibir\u00e1, Ipigu\u00e1, Jaci, Jos\u00e9 Bonif\u00e1cio, Mirassol, Mendon\u00e7a, Mirassol\u00e2ndia, Macaubal, Monte Apraz\u00edvel, Neves Paulista, Nipo\u00e3, Nova Alian\u00e7a, Nova Granada, Onda Verde, Potirendaba, Palestina, Ic\u00e9m, Paulo de Faria, Poloni, Planalto, Ubarana, S\u00e3o Jos\u00e9 do Rio Preto, Tabapu\u00e3, Tanabi, Zacarias, Orindi\u00fava, Sales, Irapu\u00e3, Urup\u00eas e Uchoa.<\/p>\n<p>De acordo com dados apurados, a popula\u00e7\u00e3o total abrangente da regi\u00e3o \u00e9 de 845.225 habitantes, al\u00e9m do movimento do PIB (Produto Interno Bruno) de R$ 29,4 bilh\u00f5es, tendo uma renda de R$ 33,1 mil per capita.<\/p>\n<p>Texto: Abrah\u00e3o Hackme \/ Assessor de Imprensa \u2013 Deputado Estadual Sebasti\u00e3o Santos (Republicanos)<\/p>\n","protected":false},"excerpt":{"rendered":"<p>Deputado Sebasti\u00e3o Santos atuou para que o projeto fosse discutido<\/p>\n","protected":false},"author":2,"featured_media":47298,"comment_status":"open","ping_status":"open","sticky":false,"template":"","format":"standard","meta":{"footnotes":""},"categories":[25,22,38],"tags":[],"class_list":["post-47297","post","type-post","status-publish","format-standard","has-post-thumbnail","hentry","category-cidades","category-politica","category-sao-jose-do-rio-preto"],"yoast_head":"<!-- This site is optimized with the Yoast SEO plugin v27.4 - https:\/\/yoast.com\/product\/yoast-seo-wordpress\/ -->\n<title>Governador assina a cria\u00e7\u00e3o da Regi\u00e3o Metropolitana de S\u00e3o Jos\u00e9 do Rio Preto - Regi\u00e3o News<\/title>\n<meta name=\"robots\" content=\"index, follow, max-snippet:-1, max-image-preview:large, max-video-preview:-1\" \/>\n<link rel=\"canonical\" href=\"https:\/\/regiaonews.net.br\/2022\/2021\/05\/20\/governador-assina-a-criacao-da-regiao-metropolitana-de-sao-jose-do-rio-preto\/\" \/>\n<meta property=\"og:locale\" content=\"pt_BR\" \/>\n<meta property=\"og:type\" content=\"article\" \/>\n<meta property=\"og:title\" content=\"Governador assina a cria\u00e7\u00e3o da Regi\u00e3o Metropolitana de S\u00e3o Jos\u00e9 do Rio Preto - Regi\u00e3o News\" \/>\n<meta property=\"og:description\" content=\"Deputado Sebasti\u00e3o Santos atuou para que o projeto fosse discutido\" \/>\n<meta property=\"og:url\" content=\"https:\/\/regiaonews.net.br\/2022\/2021\/05\/20\/governador-assina-a-criacao-da-regiao-metropolitana-de-sao-jose-do-rio-preto\/\" \/>\n<meta property=\"og:site_name\" content=\"Regi\u00e3o News\" \/>\n<meta property=\"article:published_time\" content=\"2021-05-20T12:33:45+00:00\" \/>\n<meta property=\"article:modified_time\" content=\"2021-05-20T12:34:31+00:00\" \/>\n<meta property=\"og:image\" content=\"https:\/\/regiaonews.net.br\/2022\/wp-content\/uploads\/2021\/05\/39c2ded7-559b-4257-b6cb-0bb9d99a4dc1.jpg\" \/>\n\t<meta property=\"og:image:width\" content=\"1280\" \/>\n\t<meta property=\"og:image:height\" content=\"853\" \/>\n\t<meta property=\"og:image:type\" content=\"image\/jpeg\" \/>\n<meta name=\"author\" content=\"Roberto\" \/>\n<meta name=\"twitter:card\" content=\"summary_large_image\" \/>\n<meta name=\"twitter:label1\" content=\"Escrito por\" \/>\n\t<meta name=\"twitter:data1\" content=\"Roberto\" \/>\n\t<meta name=\"twitter:label2\" content=\"Est. tempo de leitura\" \/>\n\t<meta name=\"twitter:data2\" content=\"2 minutos\" \/>\n<script type=\"application\/ld+json\" class=\"yoast-schema-graph\">{\"@context\":\"https:\\\/\\\/schema.org\",\"@graph\":[{\"@type\":\"Article\",\"@id\":\"https:\\\/\\\/regiaonews.net.br\\\/2022\\\/2021\\\/05\\\/20\\\/governador-assina-a-criacao-da-regiao-metropolitana-de-sao-jose-do-rio-preto\\\/#article\",\"isPartOf\":{\"@id\":\"https:\\\/\\\/regiaonews.net.br\\\/2022\\\/2021\\\/05\\\/20\\\/governador-assina-a-criacao-da-regiao-metropolitana-de-sao-jose-do-rio-preto\\\/\"},\"author\":{\"name\":\"Roberto\",\"@id\":\"https:\\\/\\\/regiaonews.net.br\\\/2022\\\/#\\\/schema\\\/person\\\/2d205a608a5aa97ac279d7a5e6d89ad8\"},\"headline\":\"Governador assina a cria\u00e7\u00e3o da Regi\u00e3o Metropolitana de S\u00e3o Jos\u00e9 do Rio Preto\",\"datePublished\":\"2021-05-20T12:33:45+00:00\",\"dateModified\":\"2021-05-20T12:34:31+00:00\",\"mainEntityOfPage\":{\"@id\":\"https:\\\/\\\/regiaonews.net.br\\\/2022\\\/2021\\\/05\\\/20\\\/governador-assina-a-criacao-da-regiao-metropolitana-de-sao-jose-do-rio-preto\\\/\"},\"wordCount\":489,\"commentCount\":0,\"publisher\":{\"@id\":\"https:\\\/\\\/regiaonews.net.br\\\/2022\\\/#organization\"},\"image\":{\"@id\":\"https:\\\/\\\/regiaonews.net.br\\\/2022\\\/2021\\\/05\\\/20\\\/governador-assina-a-criacao-da-regiao-metropolitana-de-sao-jose-do-rio-preto\\\/#primaryimage\"},\"thumbnailUrl\":\"https:\\\/\\\/regiaonews.net.br\\\/2022\\\/wp-content\\\/uploads\\\/2021\\\/05\\\/39c2ded7-559b-4257-b6cb-0bb9d99a4dc1.jpg\",\"articleSection\":[\"Cidades\",\"Pol\u00edtica\",\"S\u00e3o Jos\u00e9 do RIo Preto\"],\"inLanguage\":\"pt-BR\",\"potentialAction\":[{\"@type\":\"CommentAction\",\"name\":\"Comment\",\"target\":[\"https:\\\/\\\/regiaonews.net.br\\\/2022\\\/2021\\\/05\\\/20\\\/governador-assina-a-criacao-da-regiao-metropolitana-de-sao-jose-do-rio-preto\\\/#respond\"]}]},{\"@type\":\"WebPage\",\"@id\":\"https:\\\/\\\/regiaonews.net.br\\\/2022\\\/2021\\\/05\\\/20\\\/governador-assina-a-criacao-da-regiao-metropolitana-de-sao-jose-do-rio-preto\\\/\",\"url\":\"https:\\\/\\\/regiaonews.net.br\\\/2022\\\/2021\\\/05\\\/20\\\/governador-assina-a-criacao-da-regiao-metropolitana-de-sao-jose-do-rio-preto\\\/\",\"name\":\"Governador assina a cria\u00e7\u00e3o da Regi\u00e3o Metropolitana de S\u00e3o Jos\u00e9 do Rio Preto - Regi\u00e3o News\",\"isPartOf\":{\"@id\":\"https:\\\/\\\/regiaonews.net.br\\\/2022\\\/#website\"},\"primaryImageOfPage\":{\"@id\":\"https:\\\/\\\/regiaonews.net.br\\\/2022\\\/2021\\\/05\\\/20\\\/governador-assina-a-criacao-da-regiao-metropolitana-de-sao-jose-do-rio-preto\\\/#primaryimage\"},\"image\":{\"@id\":\"https:\\\/\\\/regiaonews.net.br\\\/2022\\\/2021\\\/05\\\/20\\\/governador-assina-a-criacao-da-regiao-metropolitana-de-sao-jose-do-rio-preto\\\/#primaryimage\"},\"thumbnailUrl\":\"https:\\\/\\\/regiaonews.net.br\\\/2022\\\/wp-content\\\/uploads\\\/2021\\\/05\\\/39c2ded7-559b-4257-b6cb-0bb9d99a4dc1.jpg\",\"datePublished\":\"2021-05-20T12:33:45+00:00\",\"dateModified\":\"2021-05-20T12:34:31+00:00\",\"breadcrumb\":{\"@id\":\"https:\\\/\\\/regiaonews.net.br\\\/2022\\\/2021\\\/05\\\/20\\\/governador-assina-a-criacao-da-regiao-metropolitana-de-sao-jose-do-rio-preto\\\/#breadcrumb\"},\"inLanguage\":\"pt-BR\",\"potentialAction\":[{\"@type\":\"ReadAction\",\"target\":[\"https:\\\/\\\/regiaonews.net.br\\\/2022\\\/2021\\\/05\\\/20\\\/governador-assina-a-criacao-da-regiao-metropolitana-de-sao-jose-do-rio-preto\\\/\"]}]},{\"@type\":\"ImageObject\",\"inLanguage\":\"pt-BR\",\"@id\":\"https:\\\/\\\/regiaonews.net.br\\\/2022\\\/2021\\\/05\\\/20\\\/governador-assina-a-criacao-da-regiao-metropolitana-de-sao-jose-do-rio-preto\\\/#primaryimage\",\"url\":\"https:\\\/\\\/regiaonews.net.br\\\/2022\\\/wp-content\\\/uploads\\\/2021\\\/05\\\/39c2ded7-559b-4257-b6cb-0bb9d99a4dc1.jpg\",\"contentUrl\":\"https:\\\/\\\/regiaonews.net.br\\\/2022\\\/wp-content\\\/uploads\\\/2021\\\/05\\\/39c2ded7-559b-4257-b6cb-0bb9d99a4dc1.jpg\",\"width\":1280,\"height\":853},{\"@type\":\"BreadcrumbList\",\"@id\":\"https:\\\/\\\/regiaonews.net.br\\\/2022\\\/2021\\\/05\\\/20\\\/governador-assina-a-criacao-da-regiao-metropolitana-de-sao-jose-do-rio-preto\\\/#breadcrumb\",\"itemListElement\":[{\"@type\":\"ListItem\",\"position\":1,\"name\":\"In\u00edcio\",\"item\":\"https:\\\/\\\/regiaonews.net.br\\\/2022\\\/\"},{\"@type\":\"ListItem\",\"position\":2,\"name\":\"Governador assina a cria\u00e7\u00e3o da Regi\u00e3o Metropolitana de S\u00e3o Jos\u00e9 do Rio Preto\"}]},{\"@type\":\"WebSite\",\"@id\":\"https:\\\/\\\/regiaonews.net.br\\\/2022\\\/#website\",\"url\":\"https:\\\/\\\/regiaonews.net.br\\\/2022\\\/\",\"name\":\"Regi\u00e3o News\",\"description\":\"Site de Not\u00edcias de Barretos e regi\u00e3o\",\"publisher\":{\"@id\":\"https:\\\/\\\/regiaonews.net.br\\\/2022\\\/#organization\"},\"potentialAction\":[{\"@type\":\"SearchAction\",\"target\":{\"@type\":\"EntryPoint\",\"urlTemplate\":\"https:\\\/\\\/regiaonews.net.br\\\/2022\\\/?s={search_term_string}\"},\"query-input\":{\"@type\":\"PropertyValueSpecification\",\"valueRequired\":true,\"valueName\":\"search_term_string\"}}],\"inLanguage\":\"pt-BR\"},{\"@type\":\"Organization\",\"@id\":\"https:\\\/\\\/regiaonews.net.br\\\/2022\\\/#organization\",\"name\":\"Regi\u00e3o News\",\"url\":\"https:\\\/\\\/regiaonews.net.br\\\/2022\\\/\",\"logo\":{\"@type\":\"ImageObject\",\"inLanguage\":\"pt-BR\",\"@id\":\"https:\\\/\\\/regiaonews.net.br\\\/2022\\\/#\\\/schema\\\/logo\\\/image\\\/\",\"url\":\"https:\\\/\\\/regiaonews.net.br\\\/2022\\\/wp-content\\\/uploads\\\/2026\\\/03\\\/regiao-13-anos-scaled.jpg\",\"contentUrl\":\"https:\\\/\\\/regiaonews.net.br\\\/2022\\\/wp-content\\\/uploads\\\/2026\\\/03\\\/regiao-13-anos-scaled.jpg\",\"width\":2560,\"height\":635,\"caption\":\"Regi\u00e3o News\"},\"image\":{\"@id\":\"https:\\\/\\\/regiaonews.net.br\\\/2022\\\/#\\\/schema\\\/logo\\\/image\\\/\"}},{\"@type\":\"Person\",\"@id\":\"https:\\\/\\\/regiaonews.net.br\\\/2022\\\/#\\\/schema\\\/person\\\/2d205a608a5aa97ac279d7a5e6d89ad8\",\"name\":\"Roberto\",\"image\":{\"@type\":\"ImageObject\",\"inLanguage\":\"pt-BR\",\"@id\":\"https:\\\/\\\/secure.gravatar.com\\\/avatar\\\/42749d8b712ff9d59ca93dc150494e5b55a44134482993f5baeb97e61b7ecc89?s=96&d=mm&r=g\",\"url\":\"https:\\\/\\\/secure.gravatar.com\\\/avatar\\\/42749d8b712ff9d59ca93dc150494e5b55a44134482993f5baeb97e61b7ecc89?s=96&d=mm&r=g\",\"contentUrl\":\"https:\\\/\\\/secure.gravatar.com\\\/avatar\\\/42749d8b712ff9d59ca93dc150494e5b55a44134482993f5baeb97e61b7ecc89?s=96&d=mm&r=g\",\"caption\":\"Roberto\"},\"url\":\"https:\\\/\\\/regiaonews.net.br\\\/2022\\\/author\\\/roberto\\\/\"}]}<\/script>\n<!-- \/ Yoast SEO plugin. -->","yoast_head_json":{"title":"Governador assina a cria\u00e7\u00e3o da Regi\u00e3o Metropolitana de S\u00e3o Jos\u00e9 do Rio Preto - Regi\u00e3o News","robots":{"index":"index","follow":"follow","max-snippet":"max-snippet:-1","max-image-preview":"max-image-preview:large","max-video-preview":"max-video-preview:-1"},"canonical":"https:\/\/regiaonews.net.br\/2022\/2021\/05\/20\/governador-assina-a-criacao-da-regiao-metropolitana-de-sao-jose-do-rio-preto\/","og_locale":"pt_BR","og_type":"article","og_title":"Governador assina a cria\u00e7\u00e3o da Regi\u00e3o Metropolitana de S\u00e3o Jos\u00e9 do Rio Preto - Regi\u00e3o News","og_description":"Deputado Sebasti\u00e3o Santos atuou para que o projeto fosse discutido","og_url":"https:\/\/regiaonews.net.br\/2022\/2021\/05\/20\/governador-assina-a-criacao-da-regiao-metropolitana-de-sao-jose-do-rio-preto\/","og_site_name":"Regi\u00e3o News","article_published_time":"2021-05-20T12:33:45+00:00","article_modified_time":"2021-05-20T12:34:31+00:00","og_image":[{"width":1280,"height":853,"url":"https:\/\/regiaonews.net.br\/2022\/wp-content\/uploads\/2021\/05\/39c2ded7-559b-4257-b6cb-0bb9d99a4dc1.jpg","type":"image\/jpeg"}],"author":"Roberto","twitter_card":"summary_large_image","twitter_misc":{"Escrito por":"Roberto","Est. tempo de leitura":"2 minutos"},"schema":{"@context":"https:\/\/schema.org","@graph":[{"@type":"Article","@id":"https:\/\/regiaonews.net.br\/2022\/2021\/05\/20\/governador-assina-a-criacao-da-regiao-metropolitana-de-sao-jose-do-rio-preto\/#article","isPartOf":{"@id":"https:\/\/regiaonews.net.br\/2022\/2021\/05\/20\/governador-assina-a-criacao-da-regiao-metropolitana-de-sao-jose-do-rio-preto\/"},"author":{"name":"Roberto","@id":"https:\/\/regiaonews.net.br\/2022\/#\/schema\/person\/2d205a608a5aa97ac279d7a5e6d89ad8"},"headline":"Governador assina a cria\u00e7\u00e3o da Regi\u00e3o Metropolitana de S\u00e3o Jos\u00e9 do Rio Preto","datePublished":"2021-05-20T12:33:45+00:00","dateModified":"2021-05-20T12:34:31+00:00","mainEntityOfPage":{"@id":"https:\/\/regiaonews.net.br\/2022\/2021\/05\/20\/governador-assina-a-criacao-da-regiao-metropolitana-de-sao-jose-do-rio-preto\/"},"wordCount":489,"commentCount":0,"publisher":{"@id":"https:\/\/regiaonews.net.br\/2022\/#organization"},"image":{"@id":"https:\/\/regiaonews.net.br\/2022\/2021\/05\/20\/governador-assina-a-criacao-da-regiao-metropolitana-de-sao-jose-do-rio-preto\/#primaryimage"},"thumbnailUrl":"https:\/\/regiaonews.net.br\/2022\/wp-content\/uploads\/2021\/05\/39c2ded7-559b-4257-b6cb-0bb9d99a4dc1.jpg","articleSection":["Cidades","Pol\u00edtica","S\u00e3o Jos\u00e9 do RIo Preto"],"inLanguage":"pt-BR","potentialAction":[{"@type":"CommentAction","name":"Comment","target":["https:\/\/regiaonews.net.br\/2022\/2021\/05\/20\/governador-assina-a-criacao-da-regiao-metropolitana-de-sao-jose-do-rio-preto\/#respond"]}]},{"@type":"WebPage","@id":"https:\/\/regiaonews.net.br\/2022\/2021\/05\/20\/governador-assina-a-criacao-da-regiao-metropolitana-de-sao-jose-do-rio-preto\/","url":"https:\/\/regiaonews.net.br\/2022\/2021\/05\/20\/governador-assina-a-criacao-da-regiao-metropolitana-de-sao-jose-do-rio-preto\/","name":"Governador assina a cria\u00e7\u00e3o da Regi\u00e3o Metropolitana de S\u00e3o Jos\u00e9 do Rio Preto - Regi\u00e3o News","isPartOf":{"@id":"https:\/\/regiaonews.net.br\/2022\/#website"},"primaryImageOfPage":{"@id":"https:\/\/regiaonews.net.br\/2022\/2021\/05\/20\/governador-assina-a-criacao-da-regiao-metropolitana-de-sao-jose-do-rio-preto\/#primaryimage"},"image":{"@id":"https:\/\/regiaonews.net.br\/2022\/2021\/05\/20\/governador-assina-a-criacao-da-regiao-metropolitana-de-sao-jose-do-rio-preto\/#primaryimage"},"thumbnailUrl":"https:\/\/regiaonews.net.br\/2022\/wp-content\/uploads\/2021\/05\/39c2ded7-559b-4257-b6cb-0bb9d99a4dc1.jpg","datePublished":"2021-05-20T12:33:45+00:00","dateModified":"2021-05-20T12:34:31+00:00","breadcrumb":{"@id":"https:\/\/regiaonews.net.br\/2022\/2021\/05\/20\/governador-assina-a-criacao-da-regiao-metropolitana-de-sao-jose-do-rio-preto\/#breadcrumb"},"inLanguage":"pt-BR","potentialAction":[{"@type":"ReadAction","target":["https:\/\/regiaonews.net.br\/2022\/2021\/05\/20\/governador-assina-a-criacao-da-regiao-metropolitana-de-sao-jose-do-rio-preto\/"]}]},{"@type":"ImageObject","inLanguage":"pt-BR","@id":"https:\/\/regiaonews.net.br\/2022\/2021\/05\/20\/governador-assina-a-criacao-da-regiao-metropolitana-de-sao-jose-do-rio-preto\/#primaryimage","url":"https:\/\/regiaonews.net.br\/2022\/wp-content\/uploads\/2021\/05\/39c2ded7-559b-4257-b6cb-0bb9d99a4dc1.jpg","contentUrl":"https:\/\/regiaonews.net.br\/2022\/wp-content\/uploads\/2021\/05\/39c2ded7-559b-4257-b6cb-0bb9d99a4dc1.jpg","width":1280,"height":853},{"@type":"BreadcrumbList","@id":"https:\/\/regiaonews.net.br\/2022\/2021\/05\/20\/governador-assina-a-criacao-da-regiao-metropolitana-de-sao-jose-do-rio-preto\/#breadcrumb","itemListElement":[{"@type":"ListItem","position":1,"name":"In\u00edcio","item":"https:\/\/regiaonews.net.br\/2022\/"},{"@type":"ListItem","position":2,"name":"Governador assina a cria\u00e7\u00e3o da Regi\u00e3o Metropolitana de S\u00e3o Jos\u00e9 do Rio Preto"}]},{"@type":"WebSite","@id":"https:\/\/regiaonews.net.br\/2022\/#website","url":"https:\/\/regiaonews.net.br\/2022\/","name":"Regi\u00e3o News","description":"Site de Not\u00edcias de Barretos e regi\u00e3o","publisher":{"@id":"https:\/\/regiaonews.net.br\/2022\/#organization"},"potentialAction":[{"@type":"SearchAction","target":{"@type":"EntryPoint","urlTemplate":"https:\/\/regiaonews.net.br\/2022\/?s={search_term_string}"},"query-input":{"@type":"PropertyValueSpecification","valueRequired":true,"valueName":"search_term_string"}}],"inLanguage":"pt-BR"},{"@type":"Organization","@id":"https:\/\/regiaonews.net.br\/2022\/#organization","name":"Regi\u00e3o News","url":"https:\/\/regiaonews.net.br\/2022\/","logo":{"@type":"ImageObject","inLanguage":"pt-BR","@id":"https:\/\/regiaonews.net.br\/2022\/#\/schema\/logo\/image\/","url":"https:\/\/regiaonews.net.br\/2022\/wp-content\/uploads\/2026\/03\/regiao-13-anos-scaled.jpg","contentUrl":"https:\/\/regiaonews.net.br\/2022\/wp-content\/uploads\/2026\/03\/regiao-13-anos-scaled.jpg","width":2560,"height":635,"caption":"Regi\u00e3o News"},"image":{"@id":"https:\/\/regiaonews.net.br\/2022\/#\/schema\/logo\/image\/"}},{"@type":"Person","@id":"https:\/\/regiaonews.net.br\/2022\/#\/schema\/person\/2d205a608a5aa97ac279d7a5e6d89ad8","name":"Roberto","image":{"@type":"ImageObject","inLanguage":"pt-BR","@id":"https:\/\/secure.gravatar.com\/avatar\/42749d8b712ff9d59ca93dc150494e5b55a44134482993f5baeb97e61b7ecc89?s=96&d=mm&r=g","url":"https:\/\/secure.gravatar.com\/avatar\/42749d8b712ff9d59ca93dc150494e5b55a44134482993f5baeb97e61b7ecc89?s=96&d=mm&r=g","contentUrl":"https:\/\/secure.gravatar.com\/avatar\/42749d8b712ff9d59ca93dc150494e5b55a44134482993f5baeb97e61b7ecc89?s=96&d=mm&r=g","caption":"Roberto"},"url":"https:\/\/regiaonews.net.br\/2022\/author\/roberto\/"}]}},"publishpress_future_action":{"enabled":false,"date":"2026-05-04 09:05:53","action":"change-status","newStatus":"draft","terms":[],"taxonomy":"category","extraData":[]},"publishpress_future_workflow_manual_trigger":{"enabledWorkflows":[]},"_links":{"self":[{"href":"https:\/\/regiaonews.net.br\/2022\/wp-json\/wp\/v2\/posts\/47297","targetHints":{"allow":["GET"]}}],"collection":[{"href":"https:\/\/regiaonews.net.br\/2022\/wp-json\/wp\/v2\/posts"}],"about":[{"href":"https:\/\/regiaonews.net.br\/2022\/wp-json\/wp\/v2\/types\/post"}],"author":[{"embeddable":true,"href":"https:\/\/regiaonews.net.br\/2022\/wp-json\/wp\/v2\/users\/2"}],"replies":[{"embeddable":true,"href":"https:\/\/regiaonews.net.br\/2022\/wp-json\/wp\/v2\/comments?post=47297"}],"version-history":[{"count":0,"href":"https:\/\/regiaonews.net.br\/2022\/wp-json\/wp\/v2\/posts\/47297\/revisions"}],"wp:featuredmedia":[{"embeddable":true,"href":"https:\/\/regiaonews.net.br\/2022\/wp-json\/wp\/v2\/media\/47298"}],"wp:attachment":[{"href":"https:\/\/regiaonews.net.br\/2022\/wp-json\/wp\/v2\/media?parent=47297"}],"wp:term":[{"taxonomy":"category","embeddable":true,"href":"https:\/\/regiaonews.net.br\/2022\/wp-json\/wp\/v2\/categories?post=47297"},{"taxonomy":"post_tag","embeddable":true,"href":"https:\/\/regiaonews.net.br\/2022\/wp-json\/wp\/v2\/tags?post=47297"}],"curies":[{"name":"wp","href":"https:\/\/api.w.org\/{rel}","templated":true}]}}