{"id":47258,"date":"2021-05-19T16:22:07","date_gmt":"2021-05-19T19:22:07","guid":{"rendered":"https:\/\/regiaonews.net.br\/2022\/?p=47258"},"modified":"2021-05-19T16:24:12","modified_gmt":"2021-05-19T19:24:12","slug":"cpi-pede-que-prefeitura-encaminhe-comprovantes-de-gastos-com-covid","status":"publish","type":"post","link":"https:\/\/regiaonews.net.br\/2022\/2021\/05\/19\/cpi-pede-que-prefeitura-encaminhe-comprovantes-de-gastos-com-covid\/","title":{"rendered":"CPI pede que Prefeitura encaminhe comprovantes de gastos com Covid"},"content":{"rendered":"<p><a href=\"https:\/\/regiaonews.net.br\/2022\/wp-content\/uploads\/2021\/05\/alta_162143429160a51fb36cea9.jpg\"><img loading=\"lazy\" decoding=\"async\" class=\"alignnone size-medium wp-image-47260\" src=\"https:\/\/regiaonews.net.br\/2022\/wp-content\/uploads\/2021\/05\/alta_162143429160a51fb36cea9-300x169.jpg\" alt=\"\" width=\"300\" height=\"169\" \/><\/a><\/p>\n<p>A\u00a0<strong>CPI da Covid,\u00a0\u00a0<\/strong>que<strong>\u00a0<\/strong>investiga<strong>\u00a0<\/strong><strong>as a\u00e7\u00f5es e eventuais omiss\u00f5es da Prefeitura no enfrentamento\u00a0da pandemia\u00a0de coronav\u00edrus em 2020,\u00a0<\/strong>realizou a terceira reuni\u00e3o\u00a0nesta quarta-feira (19\u00a0 de maio), na C\u00e2mara.<\/p>\n<p>Os vereadores\u00a0Carl\u00e3o do Basquete (PSD)[Presidente], Raphael Oliveira (PRTB) [Relator] e Nestor Leonel (DEM) [Membro]\u00a0comentaram sobre\u00a0<strong>05 (cinco)<\/strong>\u00a0<strong>Projetos de Lei de Aberturas de Cr\u00e9dito\u00a0<\/strong>aprovados pela C\u00e2mara em 2020\u00a0 e\u00a0<strong>Portaria do Minist\u00e9rio da Sa\u00fade<\/strong>\u00a0de maio de 2020 que somam mais de\u00a0\u00a0<strong>R$ 21 milh\u00f5es<\/strong>\u00a0repassados aos hospitais que atendem\u00a0pacientes com Covid-19.<\/p>\n<p>&nbsp;<\/p>\n<p>Os projetos mencionados s\u00e3o:\u00a0<strong>\u00a0<a title=\"\" href=\"http:\/\/consulta.camarabarretos.sp.gov.br\/Documentos\/Documento\/345288\" target=\"_blank\" rel=\"noopener\" data-original-title=\"\">Projeto de Lei n\u00ba 62\/2020<\/a><\/strong>\u00a0(cr\u00e9dito de R$970.752,00);\u00a0<a title=\"\" href=\"http:\/\/consulta.camarabarretos.sp.gov.br\/Documentos\/Documento\/345671\" target=\"_blank\" rel=\"noopener\" data-original-title=\"\"><strong>Projeto de Lei n\u00ba 65\/2020<\/strong><\/a>\u00a0(cr\u00e9dito de\u00a0 R$ 4.184.703,50);<strong>\u00a0<a title=\"\" href=\"http:\/\/consulta.camarabarretos.sp.gov.br\/Documentos\/Documento\/346502\" target=\"_blank\" rel=\"noopener\" data-original-title=\"\">Projeto de Lei n\u00ba 74\/2020<\/a><\/strong>\u00a0(cr\u00e9dito de R$2.659.288,00);\u00a0<a title=\"\" href=\"http:\/\/consulta.camarabarretos.sp.gov.br\/Documentos\/Documento\/347310\" target=\"_blank\" rel=\"noopener\" data-original-title=\"\"><strong>Projeto de Lei n\u00ba 83\/2020<\/strong><\/a>\u00a0(cr\u00e9dito R$ 5.184.000,00) e\u00a0<a title=\"\" href=\"http:\/\/consulta.camarabarretos.sp.gov.br\/Documentos\/Documento\/347312\" target=\"_blank\" rel=\"noopener\" data-original-title=\"\"><strong>Projeto de Lei n\u00ba 85\/2020<\/strong><\/a>\u00a0(cr\u00e9dito de\u00a0R$ 3.404.340,39). A Portaria do Minist\u00e9rio da Sa\u00fade mencionada \u00e9 a n\u00ba\u00a0<a title=\"\" href=\"https:\/\/www.in.gov.br\/en\/web\/dou\/-\/anexo-portaria-n-1448-de-29-de-maio-de-2020-259490691\" target=\"_blank\" rel=\"noopener\" data-original-title=\"\"><strong>1.448, de 29 de maio de 2020<\/strong><\/a>\u00a0(valor de\u00a05.066.298,35)<\/p>\n<p>Sobre esses projetos, a\u00a0CPI\u00a0 decidiu junt\u00e1-los ao processo de\u00a0\u00a0investiga\u00e7\u00e3o e encaminhar of\u00edcio \u00e0 Prefeitura\u00a0solicitando\u00a0<strong>c\u00f3pias dos documentos que comprovem<\/strong>\u00a0os repasses desses valores \u00e0s institui\u00e7\u00f5es que atenderam pacientes com Covid.<\/p>\n<p>O prazo para que a Prefeitura responda esses of\u00edcios \u00e9 de 15 dias.<\/p>\n<p>Durante a reuni\u00e3o, os membros da CPi tamb\u00e9m decidiram que v\u00e3o visitar aos hospitais e os \u00f3rg\u00e3os p\u00fablicos que receberam verbas para tratar a Covid-19. Entre eles est\u00e3o a Santa Casa, o Hospital Nossa Senhora, a Secretaria e o Conselho Municipal de Sa\u00fade.<\/p>\n<p>O objetivo \u00e9\u00a0buscar informa\u00e7\u00f5es tecnicas e averiguar supostas irregularidades nos locais\u00a0. As datas das visitas ser\u00e3o definidas nas pr\u00f3ximas reuni\u00f5es.<\/p>\n<p>Os vereadores Luiz Anast\u00e1cio- Pa\u00e7oca\u00a0(SD) e Ricardo Bodinho (PP) estiveram na C\u00e2mara para acompanhar o trabalho da CPI.<\/p>\n<p><strong>PR\u00d3XIMA REUNI\u00c3O<\/strong><\/p>\n<p>A pr\u00f3xima reuni\u00e3o da CPI ficou agendada para o dia\u00a0<strong>02 de junho<\/strong>, quarta-feira, \u00e0s\u00a0<strong>10h<\/strong>. A TV C\u00e2mara transmite ao vivo pelo\u00a0<strong>canal 31.3, Facebook, Youtube e site.<\/strong><\/p>\n<p><strong>SOBRE A CPI DA COVID-19<\/strong><\/p>\n<p>A\u00a0<strong>CPI (Comiss\u00e3o Parlamentar de Inqu\u00e9rito) da Covid-19<\/strong>\u00a0foi instaurada na C\u00e2mara no dia\u00a0<strong>27 de abril\u00a0<\/strong>por meio do\u00a0\u00a0<a title=\"\" href=\"http:\/\/consulta.camarabarretos.sp.gov.br\/Documentos\/Documento\/357070\" target=\"_blank\" rel=\"noopener\" data-original-title=\"\"><strong>Requerimento n\u00ba 823\/2021<\/strong><\/a>,\u00a0assinado por 8(oito) vereadores: Carl\u00e3o do Basquete (PSD), Prof. Adilson (PL), Juninho Bandeira (PL), Nestor Leonel (DEM), Gabriel Uchida (DEM), Lupa (PRTB), Raphael Oliveira (PRTB) e Jos\u00e9 Eduardo dos Santos Junior (REP).\u00a0O\u00a0<strong><a title=\"\" href=\"https:\/\/camarabarretos.sp.gov.br\/arquivos\/regimento_interno_da_camara.pdf\" target=\"_blank\" rel=\"noopener\" data-original-title=\"\">Art. 62 do Regimento Interno da C\u00e2mara<\/a>\u00a0<\/strong>determina que<strong>\u00a0<\/strong>para instaurar uma CPI na C\u00e2mara de Barretos\u00a0\u00e9 necess\u00e1rio a\u00a0<strong>assinatura de\u00a01\/3 do total de vereadores<\/strong>, ou seja, no m\u00ednimo 6(seis) assinaturas.<\/p>\n<p>&nbsp;<\/p>\n<p>De acordo com\u00a0<a title=\"\" href=\"https:\/\/drive.google.com\/file\/d\/1k1NGPrYQl5swg559MSjqehuv-hQjrIeH\/view?usp=sharing\" target=\"_blank\" rel=\"noopener\" data-original-title=\"\"><strong>o texto do requerimento<\/strong><\/a>, desde o in\u00edcio da pandemia de Coronav\u00edrus\u00a0(em mar\u00e7o de 2020),\u00a0\u00a0o Munic\u00edpio de Barretos recebeu mais de R$ 50 milh\u00f5es do Minist\u00e9rio da Sa\u00fade.\u00a0Os vereadores querem saber se o dinheiro foi aplicado de forma adequada para instalar\u00a0leitos de UTI, contratar profisisonais de sa\u00fade, implementar programas de orienta\u00e7\u00e3o e\u00a0atender pacientes nas redes p\u00fablica e privada.<\/p>\n<p>&nbsp;<\/p>\n<p>O\u00a0Presidente da C\u00e2mara, Paulo Correa (PL) assinou a\u00a0<a title=\"\" href=\"http:\/\/consulta.camarabarretos.sp.gov.br\/Documentos\/Documento\/357341\" target=\"_blank\" rel=\"noopener\" data-original-title=\"\">\u00a0<\/a><a title=\"\" href=\"http:\/\/consulta.camarabarretos.sp.gov.br\/Documentos\/Documento\/357341\" target=\"_blank\" rel=\"noopener\" data-original-title=\"\"><strong>Portaria n\u00ba 5464<\/strong><\/a>\u00a0\u00a0indicando os\u00a0<strong>3(tr\u00eas) vereadores<\/strong>\u00a0que comp\u00f5em a\u00a0CPI, respeitando a proporcionalidade partid\u00e1ria.\u00a0\u00a0S\u00e3o eles:\u00a0<strong>Carl\u00e3o do Basquete (PSD), Nestor Leonel (DEM) e Raphael Oliveira (PRTB).\u00a0\u00a0<\/strong><\/p>\n<p>&nbsp;<\/p>\n<p>Na primeira reuni\u00e3o da Comiss\u00e3o, ficou definido que\u00a0<strong>Carl\u00e3o do Basquete (PSD)<\/strong>\u00a0\u00e9 o\u00a0<strong>Presidente<\/strong>,\u00a0<strong>Raphael Oliveira (PRTB)<\/strong>\u00a0\u00e9 o\u00a0<strong>Relator\u00a0<\/strong>e\u00a0<strong>Nestor Leonel (DEM)\u00a0<\/strong>o Membro.<\/p>\n<p><strong>O QUE A CPI PODE FAZER ?<\/strong><\/p>\n<p>As fun\u00e7\u00f5es da Comiss\u00e3o Parlamentar de Inqu\u00e9rito constam no<strong>\u00a0<\/strong>\u00a0<a title=\"\" href=\"https:\/\/camarabarretos.sp.gov.br\/arquivos\/regimento_interno_da_camara.pdf\" target=\"_blank\" rel=\"noopener\" data-original-title=\"\"><strong>Art. 63 do Regimento Interno<\/strong>\u00a0<\/a>da Casa. Os vereadores poder\u00e3o\u00a0realizar\u00a0<strong>vistorias nas reparti\u00e7\u00f5es p\u00fablicas,\u00a0\u00a0pedir explica\u00e7\u00f5es dos servidores respons\u00e1veis pelo setor, convocar Secret\u00e1rios Municipais, ouvir depoimentos de testemunhas (oitivas)\u00a0e solicitar documentos dos \u00f3rg\u00e3os da Administra\u00e7\u00e3o direta e indireta.\u00a0\u00a0<\/strong><\/p>\n<p>&nbsp;<\/p>\n<p>A Comiss\u00e3o Parlamantar de Inqu\u00e9rito dever\u00e1\u00a0<strong>concluir os trabalhos em 120 dias<\/strong>, podendo esse prazo ser\u00a0<strong>prorrogado por mais 60 dias<\/strong>.<\/p>\n<p>&nbsp;<\/p>\n<p>O relat\u00f3rio final, caso seja necess\u00e1rio,\u00a0 poder\u00e1 ser encaminhado ao Minist\u00e9rio P\u00fablico para que seja estabelecida a responsabilidade civil e\/ou criminal de\u00a0poss\u00edveis infratores.<\/p>\n<p><strong>HIST\u00d3RICO<\/strong><\/p>\n<p>&nbsp;<\/p>\n<p><strong>27\/abr\u00a0<\/strong>&#8211; Instura\u00e7\u00e3o da CPI:\u00a0\u00a0<a title=\"\" href=\"http:\/\/consulta.camarabarretos.sp.gov.br\/Documentos\/Documento\/357070\" target=\"_blank\" rel=\"noopener\" data-original-title=\"\"><strong>Requerimento n\u00ba 823\/2021<\/strong><\/a><\/p>\n<p>&nbsp;<\/p>\n<p><strong>28\/abr &#8211;\u00a0<\/strong>Nomea\u00e7\u00e3o dos integrantes da CPI:\u00a0<a title=\"\" href=\"http:\/\/consulta.camarabarretos.sp.gov.br\/Documentos\/Documento\/357341\" target=\"_blank\" rel=\"noopener\" data-original-title=\"\"><strong>Portaria n\u00ba 5464<\/strong><\/a><\/p>\n<p>&nbsp;<\/p>\n<p><strong>29\/abr\u00a0<\/strong>&#8211;\u00a0<strong><a title=\"\" href=\"https:\/\/camarabarretos.sp.gov.br\/noticia\/cpi-da-covid-19-realiza-primeira-reuniao!5068\" target=\"_blank\" rel=\"noopener\" data-original-title=\"\">1\u00aa Reuni\u00e3o:<\/a>\u00a0<\/strong>defini\u00e7\u00e3o das fun\u00e7\u00f5es de Presidente, Relator e Membro<\/p>\n<p>&nbsp;<\/p>\n<p><strong>05\/ mai\u00a0<\/strong>&#8211;\u00a0<strong><a title=\"\" href=\"https:\/\/www.youtube.com\/watch?v=ziFOXsFkX-g\" target=\"_blank\" rel=\"noopener\" data-original-title=\"\">2\u00aa Reuni\u00e3o\u00a0<\/a><\/strong><\/p>\n<p>&nbsp;<\/p>\n<p><strong>19\/mai &#8211;\u00a0<\/strong>3\u00aa\u00a0 Reuni\u00e3o<\/p>\n<p>&nbsp;<\/p>\n","protected":false},"excerpt":{"rendered":"<p>A\u00a0CPI da Covid,\u00a0\u00a0que\u00a0investiga\u00a0as a\u00e7\u00f5es e eventuais omiss\u00f5es da Prefeitura no<\/p>\n","protected":false},"author":2,"featured_media":47260,"comment_status":"open","ping_status":"open","sticky":false,"template":"","format":"standard","meta":{"footnotes":""},"categories":[14,25,22],"tags":[],"class_list":["post-47258","post","type-post","status-publish","format-standard","has-post-thumbnail","hentry","category-barretos","category-cidades","category-politica"],"yoast_head":"<!-- This site is optimized with the Yoast SEO plugin v27.4 - https:\/\/yoast.com\/product\/yoast-seo-wordpress\/ -->\n<title>CPI pede que Prefeitura encaminhe comprovantes de gastos com Covid - Regi\u00e3o News<\/title>\n<meta name=\"robots\" content=\"index, follow, max-snippet:-1, max-image-preview:large, max-video-preview:-1\" \/>\n<link rel=\"canonical\" href=\"https:\/\/regiaonews.net.br\/2022\/2021\/05\/19\/cpi-pede-que-prefeitura-encaminhe-comprovantes-de-gastos-com-covid\/\" \/>\n<meta property=\"og:locale\" content=\"pt_BR\" \/>\n<meta property=\"og:type\" content=\"article\" \/>\n<meta property=\"og:title\" content=\"CPI pede que Prefeitura encaminhe comprovantes de gastos com Covid - Regi\u00e3o News\" \/>\n<meta property=\"og:description\" content=\"A\u00a0CPI da Covid,\u00a0\u00a0que\u00a0investiga\u00a0as a\u00e7\u00f5es e eventuais omiss\u00f5es da Prefeitura no\" \/>\n<meta property=\"og:url\" content=\"https:\/\/regiaonews.net.br\/2022\/2021\/05\/19\/cpi-pede-que-prefeitura-encaminhe-comprovantes-de-gastos-com-covid\/\" \/>\n<meta property=\"og:site_name\" content=\"Regi\u00e3o News\" \/>\n<meta property=\"article:published_time\" content=\"2021-05-19T19:22:07+00:00\" \/>\n<meta property=\"article:modified_time\" content=\"2021-05-19T19:24:12+00:00\" \/>\n<meta property=\"og:image\" content=\"https:\/\/regiaonews.net.br\/2022\/wp-content\/uploads\/2021\/05\/alta_162143429160a51fb36cea9.jpg\" \/>\n\t<meta property=\"og:image:width\" content=\"1280\" \/>\n\t<meta property=\"og:image:height\" content=\"720\" \/>\n\t<meta property=\"og:image:type\" content=\"image\/jpeg\" \/>\n<meta name=\"author\" content=\"Roberto\" \/>\n<meta name=\"twitter:card\" content=\"summary_large_image\" \/>\n<meta name=\"twitter:label1\" content=\"Escrito por\" \/>\n\t<meta name=\"twitter:data1\" content=\"Roberto\" \/>\n\t<meta name=\"twitter:label2\" content=\"Est. tempo de leitura\" \/>\n\t<meta name=\"twitter:data2\" content=\"4 minutos\" \/>\n<script type=\"application\/ld+json\" class=\"yoast-schema-graph\">{\"@context\":\"https:\\\/\\\/schema.org\",\"@graph\":[{\"@type\":\"Article\",\"@id\":\"https:\\\/\\\/regiaonews.net.br\\\/2022\\\/2021\\\/05\\\/19\\\/cpi-pede-que-prefeitura-encaminhe-comprovantes-de-gastos-com-covid\\\/#article\",\"isPartOf\":{\"@id\":\"https:\\\/\\\/regiaonews.net.br\\\/2022\\\/2021\\\/05\\\/19\\\/cpi-pede-que-prefeitura-encaminhe-comprovantes-de-gastos-com-covid\\\/\"},\"author\":{\"name\":\"Roberto\",\"@id\":\"https:\\\/\\\/regiaonews.net.br\\\/2022\\\/#\\\/schema\\\/person\\\/2d205a608a5aa97ac279d7a5e6d89ad8\"},\"headline\":\"CPI pede que Prefeitura encaminhe comprovantes de gastos com Covid\",\"datePublished\":\"2021-05-19T19:22:07+00:00\",\"dateModified\":\"2021-05-19T19:24:12+00:00\",\"mainEntityOfPage\":{\"@id\":\"https:\\\/\\\/regiaonews.net.br\\\/2022\\\/2021\\\/05\\\/19\\\/cpi-pede-que-prefeitura-encaminhe-comprovantes-de-gastos-com-covid\\\/\"},\"wordCount\":755,\"commentCount\":0,\"publisher\":{\"@id\":\"https:\\\/\\\/regiaonews.net.br\\\/2022\\\/#organization\"},\"image\":{\"@id\":\"https:\\\/\\\/regiaonews.net.br\\\/2022\\\/2021\\\/05\\\/19\\\/cpi-pede-que-prefeitura-encaminhe-comprovantes-de-gastos-com-covid\\\/#primaryimage\"},\"thumbnailUrl\":\"https:\\\/\\\/regiaonews.net.br\\\/2022\\\/wp-content\\\/uploads\\\/2021\\\/05\\\/alta_162143429160a51fb36cea9.jpg\",\"articleSection\":[\"Barretos\",\"Cidades\",\"Pol\u00edtica\"],\"inLanguage\":\"pt-BR\",\"potentialAction\":[{\"@type\":\"CommentAction\",\"name\":\"Comment\",\"target\":[\"https:\\\/\\\/regiaonews.net.br\\\/2022\\\/2021\\\/05\\\/19\\\/cpi-pede-que-prefeitura-encaminhe-comprovantes-de-gastos-com-covid\\\/#respond\"]}]},{\"@type\":\"WebPage\",\"@id\":\"https:\\\/\\\/regiaonews.net.br\\\/2022\\\/2021\\\/05\\\/19\\\/cpi-pede-que-prefeitura-encaminhe-comprovantes-de-gastos-com-covid\\\/\",\"url\":\"https:\\\/\\\/regiaonews.net.br\\\/2022\\\/2021\\\/05\\\/19\\\/cpi-pede-que-prefeitura-encaminhe-comprovantes-de-gastos-com-covid\\\/\",\"name\":\"CPI pede que Prefeitura encaminhe comprovantes de gastos com Covid - Regi\u00e3o News\",\"isPartOf\":{\"@id\":\"https:\\\/\\\/regiaonews.net.br\\\/2022\\\/#website\"},\"primaryImageOfPage\":{\"@id\":\"https:\\\/\\\/regiaonews.net.br\\\/2022\\\/2021\\\/05\\\/19\\\/cpi-pede-que-prefeitura-encaminhe-comprovantes-de-gastos-com-covid\\\/#primaryimage\"},\"image\":{\"@id\":\"https:\\\/\\\/regiaonews.net.br\\\/2022\\\/2021\\\/05\\\/19\\\/cpi-pede-que-prefeitura-encaminhe-comprovantes-de-gastos-com-covid\\\/#primaryimage\"},\"thumbnailUrl\":\"https:\\\/\\\/regiaonews.net.br\\\/2022\\\/wp-content\\\/uploads\\\/2021\\\/05\\\/alta_162143429160a51fb36cea9.jpg\",\"datePublished\":\"2021-05-19T19:22:07+00:00\",\"dateModified\":\"2021-05-19T19:24:12+00:00\",\"breadcrumb\":{\"@id\":\"https:\\\/\\\/regiaonews.net.br\\\/2022\\\/2021\\\/05\\\/19\\\/cpi-pede-que-prefeitura-encaminhe-comprovantes-de-gastos-com-covid\\\/#breadcrumb\"},\"inLanguage\":\"pt-BR\",\"potentialAction\":[{\"@type\":\"ReadAction\",\"target\":[\"https:\\\/\\\/regiaonews.net.br\\\/2022\\\/2021\\\/05\\\/19\\\/cpi-pede-que-prefeitura-encaminhe-comprovantes-de-gastos-com-covid\\\/\"]}]},{\"@type\":\"ImageObject\",\"inLanguage\":\"pt-BR\",\"@id\":\"https:\\\/\\\/regiaonews.net.br\\\/2022\\\/2021\\\/05\\\/19\\\/cpi-pede-que-prefeitura-encaminhe-comprovantes-de-gastos-com-covid\\\/#primaryimage\",\"url\":\"https:\\\/\\\/regiaonews.net.br\\\/2022\\\/wp-content\\\/uploads\\\/2021\\\/05\\\/alta_162143429160a51fb36cea9.jpg\",\"contentUrl\":\"https:\\\/\\\/regiaonews.net.br\\\/2022\\\/wp-content\\\/uploads\\\/2021\\\/05\\\/alta_162143429160a51fb36cea9.jpg\",\"width\":1280,\"height\":720},{\"@type\":\"BreadcrumbList\",\"@id\":\"https:\\\/\\\/regiaonews.net.br\\\/2022\\\/2021\\\/05\\\/19\\\/cpi-pede-que-prefeitura-encaminhe-comprovantes-de-gastos-com-covid\\\/#breadcrumb\",\"itemListElement\":[{\"@type\":\"ListItem\",\"position\":1,\"name\":\"In\u00edcio\",\"item\":\"https:\\\/\\\/regiaonews.net.br\\\/2022\\\/\"},{\"@type\":\"ListItem\",\"position\":2,\"name\":\"CPI pede que Prefeitura encaminhe comprovantes de gastos com Covid\"}]},{\"@type\":\"WebSite\",\"@id\":\"https:\\\/\\\/regiaonews.net.br\\\/2022\\\/#website\",\"url\":\"https:\\\/\\\/regiaonews.net.br\\\/2022\\\/\",\"name\":\"Regi\u00e3o News\",\"description\":\"Site de Not\u00edcias de Barretos e regi\u00e3o\",\"publisher\":{\"@id\":\"https:\\\/\\\/regiaonews.net.br\\\/2022\\\/#organization\"},\"potentialAction\":[{\"@type\":\"SearchAction\",\"target\":{\"@type\":\"EntryPoint\",\"urlTemplate\":\"https:\\\/\\\/regiaonews.net.br\\\/2022\\\/?s={search_term_string}\"},\"query-input\":{\"@type\":\"PropertyValueSpecification\",\"valueRequired\":true,\"valueName\":\"search_term_string\"}}],\"inLanguage\":\"pt-BR\"},{\"@type\":\"Organization\",\"@id\":\"https:\\\/\\\/regiaonews.net.br\\\/2022\\\/#organization\",\"name\":\"Regi\u00e3o News\",\"url\":\"https:\\\/\\\/regiaonews.net.br\\\/2022\\\/\",\"logo\":{\"@type\":\"ImageObject\",\"inLanguage\":\"pt-BR\",\"@id\":\"https:\\\/\\\/regiaonews.net.br\\\/2022\\\/#\\\/schema\\\/logo\\\/image\\\/\",\"url\":\"https:\\\/\\\/regiaonews.net.br\\\/2022\\\/wp-content\\\/uploads\\\/2026\\\/03\\\/regiao-13-anos-scaled.jpg\",\"contentUrl\":\"https:\\\/\\\/regiaonews.net.br\\\/2022\\\/wp-content\\\/uploads\\\/2026\\\/03\\\/regiao-13-anos-scaled.jpg\",\"width\":2560,\"height\":635,\"caption\":\"Regi\u00e3o News\"},\"image\":{\"@id\":\"https:\\\/\\\/regiaonews.net.br\\\/2022\\\/#\\\/schema\\\/logo\\\/image\\\/\"}},{\"@type\":\"Person\",\"@id\":\"https:\\\/\\\/regiaonews.net.br\\\/2022\\\/#\\\/schema\\\/person\\\/2d205a608a5aa97ac279d7a5e6d89ad8\",\"name\":\"Roberto\",\"image\":{\"@type\":\"ImageObject\",\"inLanguage\":\"pt-BR\",\"@id\":\"https:\\\/\\\/secure.gravatar.com\\\/avatar\\\/42749d8b712ff9d59ca93dc150494e5b55a44134482993f5baeb97e61b7ecc89?s=96&d=mm&r=g\",\"url\":\"https:\\\/\\\/secure.gravatar.com\\\/avatar\\\/42749d8b712ff9d59ca93dc150494e5b55a44134482993f5baeb97e61b7ecc89?s=96&d=mm&r=g\",\"contentUrl\":\"https:\\\/\\\/secure.gravatar.com\\\/avatar\\\/42749d8b712ff9d59ca93dc150494e5b55a44134482993f5baeb97e61b7ecc89?s=96&d=mm&r=g\",\"caption\":\"Roberto\"},\"url\":\"https:\\\/\\\/regiaonews.net.br\\\/2022\\\/author\\\/roberto\\\/\"}]}<\/script>\n<!-- \/ Yoast SEO plugin. -->","yoast_head_json":{"title":"CPI pede que Prefeitura encaminhe comprovantes de gastos com Covid - Regi\u00e3o News","robots":{"index":"index","follow":"follow","max-snippet":"max-snippet:-1","max-image-preview":"max-image-preview:large","max-video-preview":"max-video-preview:-1"},"canonical":"https:\/\/regiaonews.net.br\/2022\/2021\/05\/19\/cpi-pede-que-prefeitura-encaminhe-comprovantes-de-gastos-com-covid\/","og_locale":"pt_BR","og_type":"article","og_title":"CPI pede que Prefeitura encaminhe comprovantes de gastos com Covid - Regi\u00e3o News","og_description":"A\u00a0CPI da Covid,\u00a0\u00a0que\u00a0investiga\u00a0as a\u00e7\u00f5es e eventuais omiss\u00f5es da Prefeitura no","og_url":"https:\/\/regiaonews.net.br\/2022\/2021\/05\/19\/cpi-pede-que-prefeitura-encaminhe-comprovantes-de-gastos-com-covid\/","og_site_name":"Regi\u00e3o News","article_published_time":"2021-05-19T19:22:07+00:00","article_modified_time":"2021-05-19T19:24:12+00:00","og_image":[{"width":1280,"height":720,"url":"https:\/\/regiaonews.net.br\/2022\/wp-content\/uploads\/2021\/05\/alta_162143429160a51fb36cea9.jpg","type":"image\/jpeg"}],"author":"Roberto","twitter_card":"summary_large_image","twitter_misc":{"Escrito por":"Roberto","Est. tempo de leitura":"4 minutos"},"schema":{"@context":"https:\/\/schema.org","@graph":[{"@type":"Article","@id":"https:\/\/regiaonews.net.br\/2022\/2021\/05\/19\/cpi-pede-que-prefeitura-encaminhe-comprovantes-de-gastos-com-covid\/#article","isPartOf":{"@id":"https:\/\/regiaonews.net.br\/2022\/2021\/05\/19\/cpi-pede-que-prefeitura-encaminhe-comprovantes-de-gastos-com-covid\/"},"author":{"name":"Roberto","@id":"https:\/\/regiaonews.net.br\/2022\/#\/schema\/person\/2d205a608a5aa97ac279d7a5e6d89ad8"},"headline":"CPI pede que Prefeitura encaminhe comprovantes de gastos com Covid","datePublished":"2021-05-19T19:22:07+00:00","dateModified":"2021-05-19T19:24:12+00:00","mainEntityOfPage":{"@id":"https:\/\/regiaonews.net.br\/2022\/2021\/05\/19\/cpi-pede-que-prefeitura-encaminhe-comprovantes-de-gastos-com-covid\/"},"wordCount":755,"commentCount":0,"publisher":{"@id":"https:\/\/regiaonews.net.br\/2022\/#organization"},"image":{"@id":"https:\/\/regiaonews.net.br\/2022\/2021\/05\/19\/cpi-pede-que-prefeitura-encaminhe-comprovantes-de-gastos-com-covid\/#primaryimage"},"thumbnailUrl":"https:\/\/regiaonews.net.br\/2022\/wp-content\/uploads\/2021\/05\/alta_162143429160a51fb36cea9.jpg","articleSection":["Barretos","Cidades","Pol\u00edtica"],"inLanguage":"pt-BR","potentialAction":[{"@type":"CommentAction","name":"Comment","target":["https:\/\/regiaonews.net.br\/2022\/2021\/05\/19\/cpi-pede-que-prefeitura-encaminhe-comprovantes-de-gastos-com-covid\/#respond"]}]},{"@type":"WebPage","@id":"https:\/\/regiaonews.net.br\/2022\/2021\/05\/19\/cpi-pede-que-prefeitura-encaminhe-comprovantes-de-gastos-com-covid\/","url":"https:\/\/regiaonews.net.br\/2022\/2021\/05\/19\/cpi-pede-que-prefeitura-encaminhe-comprovantes-de-gastos-com-covid\/","name":"CPI pede que Prefeitura encaminhe comprovantes de gastos com Covid - Regi\u00e3o News","isPartOf":{"@id":"https:\/\/regiaonews.net.br\/2022\/#website"},"primaryImageOfPage":{"@id":"https:\/\/regiaonews.net.br\/2022\/2021\/05\/19\/cpi-pede-que-prefeitura-encaminhe-comprovantes-de-gastos-com-covid\/#primaryimage"},"image":{"@id":"https:\/\/regiaonews.net.br\/2022\/2021\/05\/19\/cpi-pede-que-prefeitura-encaminhe-comprovantes-de-gastos-com-covid\/#primaryimage"},"thumbnailUrl":"https:\/\/regiaonews.net.br\/2022\/wp-content\/uploads\/2021\/05\/alta_162143429160a51fb36cea9.jpg","datePublished":"2021-05-19T19:22:07+00:00","dateModified":"2021-05-19T19:24:12+00:00","breadcrumb":{"@id":"https:\/\/regiaonews.net.br\/2022\/2021\/05\/19\/cpi-pede-que-prefeitura-encaminhe-comprovantes-de-gastos-com-covid\/#breadcrumb"},"inLanguage":"pt-BR","potentialAction":[{"@type":"ReadAction","target":["https:\/\/regiaonews.net.br\/2022\/2021\/05\/19\/cpi-pede-que-prefeitura-encaminhe-comprovantes-de-gastos-com-covid\/"]}]},{"@type":"ImageObject","inLanguage":"pt-BR","@id":"https:\/\/regiaonews.net.br\/2022\/2021\/05\/19\/cpi-pede-que-prefeitura-encaminhe-comprovantes-de-gastos-com-covid\/#primaryimage","url":"https:\/\/regiaonews.net.br\/2022\/wp-content\/uploads\/2021\/05\/alta_162143429160a51fb36cea9.jpg","contentUrl":"https:\/\/regiaonews.net.br\/2022\/wp-content\/uploads\/2021\/05\/alta_162143429160a51fb36cea9.jpg","width":1280,"height":720},{"@type":"BreadcrumbList","@id":"https:\/\/regiaonews.net.br\/2022\/2021\/05\/19\/cpi-pede-que-prefeitura-encaminhe-comprovantes-de-gastos-com-covid\/#breadcrumb","itemListElement":[{"@type":"ListItem","position":1,"name":"In\u00edcio","item":"https:\/\/regiaonews.net.br\/2022\/"},{"@type":"ListItem","position":2,"name":"CPI pede que Prefeitura encaminhe comprovantes de gastos com Covid"}]},{"@type":"WebSite","@id":"https:\/\/regiaonews.net.br\/2022\/#website","url":"https:\/\/regiaonews.net.br\/2022\/","name":"Regi\u00e3o News","description":"Site de Not\u00edcias de Barretos e regi\u00e3o","publisher":{"@id":"https:\/\/regiaonews.net.br\/2022\/#organization"},"potentialAction":[{"@type":"SearchAction","target":{"@type":"EntryPoint","urlTemplate":"https:\/\/regiaonews.net.br\/2022\/?s={search_term_string}"},"query-input":{"@type":"PropertyValueSpecification","valueRequired":true,"valueName":"search_term_string"}}],"inLanguage":"pt-BR"},{"@type":"Organization","@id":"https:\/\/regiaonews.net.br\/2022\/#organization","name":"Regi\u00e3o News","url":"https:\/\/regiaonews.net.br\/2022\/","logo":{"@type":"ImageObject","inLanguage":"pt-BR","@id":"https:\/\/regiaonews.net.br\/2022\/#\/schema\/logo\/image\/","url":"https:\/\/regiaonews.net.br\/2022\/wp-content\/uploads\/2026\/03\/regiao-13-anos-scaled.jpg","contentUrl":"https:\/\/regiaonews.net.br\/2022\/wp-content\/uploads\/2026\/03\/regiao-13-anos-scaled.jpg","width":2560,"height":635,"caption":"Regi\u00e3o News"},"image":{"@id":"https:\/\/regiaonews.net.br\/2022\/#\/schema\/logo\/image\/"}},{"@type":"Person","@id":"https:\/\/regiaonews.net.br\/2022\/#\/schema\/person\/2d205a608a5aa97ac279d7a5e6d89ad8","name":"Roberto","image":{"@type":"ImageObject","inLanguage":"pt-BR","@id":"https:\/\/secure.gravatar.com\/avatar\/42749d8b712ff9d59ca93dc150494e5b55a44134482993f5baeb97e61b7ecc89?s=96&d=mm&r=g","url":"https:\/\/secure.gravatar.com\/avatar\/42749d8b712ff9d59ca93dc150494e5b55a44134482993f5baeb97e61b7ecc89?s=96&d=mm&r=g","contentUrl":"https:\/\/secure.gravatar.com\/avatar\/42749d8b712ff9d59ca93dc150494e5b55a44134482993f5baeb97e61b7ecc89?s=96&d=mm&r=g","caption":"Roberto"},"url":"https:\/\/regiaonews.net.br\/2022\/author\/roberto\/"}]}},"publishpress_future_action":{"enabled":false,"date":"2026-05-04 15:56:13","action":"change-status","newStatus":"draft","terms":[],"taxonomy":"category","extraData":[]},"publishpress_future_workflow_manual_trigger":{"enabledWorkflows":[]},"_links":{"self":[{"href":"https:\/\/regiaonews.net.br\/2022\/wp-json\/wp\/v2\/posts\/47258","targetHints":{"allow":["GET"]}}],"collection":[{"href":"https:\/\/regiaonews.net.br\/2022\/wp-json\/wp\/v2\/posts"}],"about":[{"href":"https:\/\/regiaonews.net.br\/2022\/wp-json\/wp\/v2\/types\/post"}],"author":[{"embeddable":true,"href":"https:\/\/regiaonews.net.br\/2022\/wp-json\/wp\/v2\/users\/2"}],"replies":[{"embeddable":true,"href":"https:\/\/regiaonews.net.br\/2022\/wp-json\/wp\/v2\/comments?post=47258"}],"version-history":[{"count":0,"href":"https:\/\/regiaonews.net.br\/2022\/wp-json\/wp\/v2\/posts\/47258\/revisions"}],"wp:featuredmedia":[{"embeddable":true,"href":"https:\/\/regiaonews.net.br\/2022\/wp-json\/wp\/v2\/media\/47260"}],"wp:attachment":[{"href":"https:\/\/regiaonews.net.br\/2022\/wp-json\/wp\/v2\/media?parent=47258"}],"wp:term":[{"taxonomy":"category","embeddable":true,"href":"https:\/\/regiaonews.net.br\/2022\/wp-json\/wp\/v2\/categories?post=47258"},{"taxonomy":"post_tag","embeddable":true,"href":"https:\/\/regiaonews.net.br\/2022\/wp-json\/wp\/v2\/tags?post=47258"}],"curies":[{"name":"wp","href":"https:\/\/api.w.org\/{rel}","templated":true}]}}