{"id":47253,"date":"2021-05-19T15:55:57","date_gmt":"2021-05-19T18:55:57","guid":{"rendered":"https:\/\/regiaonews.net.br\/2022\/?p=47253"},"modified":"2021-05-19T17:05:28","modified_gmt":"2021-05-19T20:05:28","slug":"sp-tera-nova-flexibilizacao-da-quarentena-com-ampliacao-de-funcionamento-do-comercio-ate-22h-a-partir-de-1o-de-junho","status":"publish","type":"post","link":"https:\/\/regiaonews.net.br\/2022\/2021\/05\/19\/sp-tera-nova-flexibilizacao-da-quarentena-com-ampliacao-de-funcionamento-do-comercio-ate-22h-a-partir-de-1o-de-junho\/","title":{"rendered":"SP ter\u00e1 nova flexibiliza\u00e7\u00e3o da quarentena com amplia\u00e7\u00e3o de funcionamento do com\u00e9rcio at\u00e9 22h a partir de 1\u00ba de junho"},"content":{"rendered":"<p>O governo de\u00a0<a href=\"https:\/\/g1.globo.com\/sp\/sao-paulo\">S\u00e3o Paulo<\/a>\u00a0anunciou nesta quarta-feira (19) que o estado ter\u00e1 nova flexibiliza\u00e7\u00e3o da quarentena contra a\u00a0<a href=\"https:\/\/g1.globo.com\/bemestar\/coronavirus\/\">Covid-19\u00a0<\/a>a partir do dia 1\u00ba de junho,\u00a0<span class=\"highlight highlighted\">com amplia\u00e7\u00e3o do hor\u00e1rio de funcionamento de estabelecimentos comerciais at\u00e9 22h<\/span>.<\/p>\n<div class=\"mc-column content-text active-extra-styles \" data-block-type=\"unstyled\" data-block-weight=\"37\" data-block-id=\"3\">\n<p class=\"content-text__container \" data-track-category=\"Link no Texto\" data-track-links=\"\">O an\u00fancio ocorre apesar da estagna\u00e7\u00e3o de importantes indicadores da pandemia, como n\u00famero de interna\u00e7\u00f5es e novos casos confirmados, e de porta-vozes do governo reconhecerem que deve haver novo aumento no n\u00famero de mortes nos pr\u00f3ximos dias.<\/p>\n<\/div>\n<div class=\"mc-column content-text active-extra-styles \" data-block-type=\"unstyled\" data-block-weight=\"62\" data-block-id=\"4\">\n<p class=\"content-text__container \" data-track-category=\"Link no Texto\" data-track-links=\"\">Al\u00e9m da extens\u00e3o de hor\u00e1rio, o governo anunciou ainda que a\u00a0<span class=\"highlight highlighted\">recomenda\u00e7\u00e3o de capacidade m\u00e1xima dos estabelecimentos ser\u00e1 ampliada para 40%<\/span>\u00a0a partir do dia 24 de maio e para 60% em 1\u00ba de junho. Antes, o limite\u00a0<a href=\"https:\/\/g1.globo.com\/sp\/sao-paulo\/noticia\/2021\/04\/28\/governo-de-sp-flexibiliza-fase-de-transicao-e-libera-funcionamento-de-comercio-e-servicos-das-6h-as-20h-a-partir-de-1o-de-maio.ghtml\">era de at\u00e9 25%<\/a>, e foi para\u00a0<a href=\"https:\/\/g1.globo.com\/sp\/sao-paulo\/noticia\/2021\/05\/07\/sp-relaxa-regras-da-fase-de-transicao-e-libera-funcionamento-de-comercio-e-servicos-ate-21h-a-partir-de-sabado.ghtml\">30% no come\u00e7o de maio<\/a>. Na pr\u00e1tica, n\u00e3o h\u00e1 lei, multa ou fiscaliza\u00e7\u00e3o para verificar esse percentual.<\/p>\n<\/div>\n<div class=\"mc-column content-text active-extra-styles \" data-block-type=\"unstyled\" data-block-weight=\"42\" data-block-id=\"5\">\n<p class=\"content-text__container \" data-track-category=\"Link no Texto\" data-track-links=\"\">A amplia\u00e7\u00e3o do hor\u00e1rio de funcionamento at\u00e9 as 22h, a partir de 1\u00ba de junho,\u00a0<span class=\"highlight highlighted\">valer\u00e1 para todos os setores comerciais, atividades religiosas, servi\u00e7os em geral, restaurantes, sal\u00f5es de beleza, atividades culturais, eventos sociais culturais e academias<\/span><em>\u00a0(Veja detalhes na tabela abaixo).<\/em><\/p>\n<\/div>\n<p data-track-category=\"Link no Texto\" data-track-links=\"\"><a href=\"https:\/\/regiaonews.net.br\/2022\/wp-content\/uploads\/2021\/05\/fase-transicao.jpg\"><img loading=\"lazy\" decoding=\"async\" class=\"alignnone size-medium wp-image-47254\" src=\"https:\/\/regiaonews.net.br\/2022\/wp-content\/uploads\/2021\/05\/fase-transicao-300x168.jpg\" alt=\"\" width=\"300\" height=\"168\" \/><\/a><\/p>\n<p data-track-category=\"Link no Texto\" data-track-links=\"\">fonte : G1<\/p>\n","protected":false},"excerpt":{"rendered":"<p>O governo de\u00a0S\u00e3o Paulo\u00a0anunciou nesta quarta-feira (19) que o estado<\/p>\n","protected":false},"author":2,"featured_media":47254,"comment_status":"open","ping_status":"open","sticky":false,"template":"","format":"standard","meta":{"footnotes":""},"categories":[25,7],"tags":[],"class_list":["post-47253","post","type-post","status-publish","format-standard","has-post-thumbnail","hentry","category-cidades","category-estado-de-sao-paulo"],"yoast_head":"<!-- This site is optimized with the Yoast SEO plugin v27.4 - https:\/\/yoast.com\/product\/yoast-seo-wordpress\/ -->\n<title>SP ter\u00e1 nova flexibiliza\u00e7\u00e3o da quarentena com amplia\u00e7\u00e3o de funcionamento do com\u00e9rcio at\u00e9 22h a partir de 1\u00ba de junho - Regi\u00e3o News<\/title>\n<meta name=\"robots\" content=\"index, follow, max-snippet:-1, max-image-preview:large, max-video-preview:-1\" \/>\n<link rel=\"canonical\" href=\"https:\/\/regiaonews.net.br\/2022\/2021\/05\/19\/sp-tera-nova-flexibilizacao-da-quarentena-com-ampliacao-de-funcionamento-do-comercio-ate-22h-a-partir-de-1o-de-junho\/\" \/>\n<meta property=\"og:locale\" content=\"pt_BR\" \/>\n<meta property=\"og:type\" content=\"article\" \/>\n<meta property=\"og:title\" content=\"SP ter\u00e1 nova flexibiliza\u00e7\u00e3o da quarentena com amplia\u00e7\u00e3o de funcionamento do com\u00e9rcio at\u00e9 22h a partir de 1\u00ba de junho - Regi\u00e3o News\" \/>\n<meta property=\"og:description\" content=\"O governo de\u00a0S\u00e3o Paulo\u00a0anunciou nesta quarta-feira (19) que o estado\" \/>\n<meta property=\"og:url\" content=\"https:\/\/regiaonews.net.br\/2022\/2021\/05\/19\/sp-tera-nova-flexibilizacao-da-quarentena-com-ampliacao-de-funcionamento-do-comercio-ate-22h-a-partir-de-1o-de-junho\/\" \/>\n<meta property=\"og:site_name\" content=\"Regi\u00e3o News\" \/>\n<meta property=\"article:published_time\" content=\"2021-05-19T18:55:57+00:00\" \/>\n<meta property=\"article:modified_time\" content=\"2021-05-19T20:05:28+00:00\" \/>\n<meta property=\"og:image\" content=\"https:\/\/regiaonews.net.br\/2022\/wp-content\/uploads\/2021\/05\/fase-transicao.jpg\" \/>\n\t<meta property=\"og:image:width\" content=\"1008\" \/>\n\t<meta property=\"og:image:height\" content=\"566\" \/>\n\t<meta property=\"og:image:type\" content=\"image\/jpeg\" \/>\n<meta name=\"author\" content=\"Roberto\" \/>\n<meta name=\"twitter:card\" content=\"summary_large_image\" \/>\n<meta name=\"twitter:label1\" content=\"Escrito por\" \/>\n\t<meta name=\"twitter:data1\" content=\"Roberto\" \/>\n\t<meta name=\"twitter:label2\" content=\"Est. tempo de leitura\" \/>\n\t<meta name=\"twitter:data2\" content=\"1 minuto\" \/>\n<script type=\"application\/ld+json\" class=\"yoast-schema-graph\">{\"@context\":\"https:\\\/\\\/schema.org\",\"@graph\":[{\"@type\":\"Article\",\"@id\":\"https:\\\/\\\/regiaonews.net.br\\\/2022\\\/2021\\\/05\\\/19\\\/sp-tera-nova-flexibilizacao-da-quarentena-com-ampliacao-de-funcionamento-do-comercio-ate-22h-a-partir-de-1o-de-junho\\\/#article\",\"isPartOf\":{\"@id\":\"https:\\\/\\\/regiaonews.net.br\\\/2022\\\/2021\\\/05\\\/19\\\/sp-tera-nova-flexibilizacao-da-quarentena-com-ampliacao-de-funcionamento-do-comercio-ate-22h-a-partir-de-1o-de-junho\\\/\"},\"author\":{\"name\":\"Roberto\",\"@id\":\"https:\\\/\\\/regiaonews.net.br\\\/2022\\\/#\\\/schema\\\/person\\\/2d205a608a5aa97ac279d7a5e6d89ad8\"},\"headline\":\"SP ter\u00e1 nova flexibiliza\u00e7\u00e3o da quarentena com amplia\u00e7\u00e3o de funcionamento do com\u00e9rcio at\u00e9 22h a partir de 1\u00ba de junho\",\"datePublished\":\"2021-05-19T18:55:57+00:00\",\"dateModified\":\"2021-05-19T20:05:28+00:00\",\"mainEntityOfPage\":{\"@id\":\"https:\\\/\\\/regiaonews.net.br\\\/2022\\\/2021\\\/05\\\/19\\\/sp-tera-nova-flexibilizacao-da-quarentena-com-ampliacao-de-funcionamento-do-comercio-ate-22h-a-partir-de-1o-de-junho\\\/\"},\"wordCount\":217,\"commentCount\":0,\"publisher\":{\"@id\":\"https:\\\/\\\/regiaonews.net.br\\\/2022\\\/#organization\"},\"image\":{\"@id\":\"https:\\\/\\\/regiaonews.net.br\\\/2022\\\/2021\\\/05\\\/19\\\/sp-tera-nova-flexibilizacao-da-quarentena-com-ampliacao-de-funcionamento-do-comercio-ate-22h-a-partir-de-1o-de-junho\\\/#primaryimage\"},\"thumbnailUrl\":\"https:\\\/\\\/regiaonews.net.br\\\/2022\\\/wp-content\\\/uploads\\\/2021\\\/05\\\/fase-transicao.jpg\",\"articleSection\":[\"Cidades\",\"Estado de S\u00e3o Paulo\"],\"inLanguage\":\"pt-BR\",\"potentialAction\":[{\"@type\":\"CommentAction\",\"name\":\"Comment\",\"target\":[\"https:\\\/\\\/regiaonews.net.br\\\/2022\\\/2021\\\/05\\\/19\\\/sp-tera-nova-flexibilizacao-da-quarentena-com-ampliacao-de-funcionamento-do-comercio-ate-22h-a-partir-de-1o-de-junho\\\/#respond\"]}]},{\"@type\":\"WebPage\",\"@id\":\"https:\\\/\\\/regiaonews.net.br\\\/2022\\\/2021\\\/05\\\/19\\\/sp-tera-nova-flexibilizacao-da-quarentena-com-ampliacao-de-funcionamento-do-comercio-ate-22h-a-partir-de-1o-de-junho\\\/\",\"url\":\"https:\\\/\\\/regiaonews.net.br\\\/2022\\\/2021\\\/05\\\/19\\\/sp-tera-nova-flexibilizacao-da-quarentena-com-ampliacao-de-funcionamento-do-comercio-ate-22h-a-partir-de-1o-de-junho\\\/\",\"name\":\"SP ter\u00e1 nova flexibiliza\u00e7\u00e3o da quarentena com amplia\u00e7\u00e3o de funcionamento do com\u00e9rcio at\u00e9 22h a partir de 1\u00ba de junho - Regi\u00e3o News\",\"isPartOf\":{\"@id\":\"https:\\\/\\\/regiaonews.net.br\\\/2022\\\/#website\"},\"primaryImageOfPage\":{\"@id\":\"https:\\\/\\\/regiaonews.net.br\\\/2022\\\/2021\\\/05\\\/19\\\/sp-tera-nova-flexibilizacao-da-quarentena-com-ampliacao-de-funcionamento-do-comercio-ate-22h-a-partir-de-1o-de-junho\\\/#primaryimage\"},\"image\":{\"@id\":\"https:\\\/\\\/regiaonews.net.br\\\/2022\\\/2021\\\/05\\\/19\\\/sp-tera-nova-flexibilizacao-da-quarentena-com-ampliacao-de-funcionamento-do-comercio-ate-22h-a-partir-de-1o-de-junho\\\/#primaryimage\"},\"thumbnailUrl\":\"https:\\\/\\\/regiaonews.net.br\\\/2022\\\/wp-content\\\/uploads\\\/2021\\\/05\\\/fase-transicao.jpg\",\"datePublished\":\"2021-05-19T18:55:57+00:00\",\"dateModified\":\"2021-05-19T20:05:28+00:00\",\"breadcrumb\":{\"@id\":\"https:\\\/\\\/regiaonews.net.br\\\/2022\\\/2021\\\/05\\\/19\\\/sp-tera-nova-flexibilizacao-da-quarentena-com-ampliacao-de-funcionamento-do-comercio-ate-22h-a-partir-de-1o-de-junho\\\/#breadcrumb\"},\"inLanguage\":\"pt-BR\",\"potentialAction\":[{\"@type\":\"ReadAction\",\"target\":[\"https:\\\/\\\/regiaonews.net.br\\\/2022\\\/2021\\\/05\\\/19\\\/sp-tera-nova-flexibilizacao-da-quarentena-com-ampliacao-de-funcionamento-do-comercio-ate-22h-a-partir-de-1o-de-junho\\\/\"]}]},{\"@type\":\"ImageObject\",\"inLanguage\":\"pt-BR\",\"@id\":\"https:\\\/\\\/regiaonews.net.br\\\/2022\\\/2021\\\/05\\\/19\\\/sp-tera-nova-flexibilizacao-da-quarentena-com-ampliacao-de-funcionamento-do-comercio-ate-22h-a-partir-de-1o-de-junho\\\/#primaryimage\",\"url\":\"https:\\\/\\\/regiaonews.net.br\\\/2022\\\/wp-content\\\/uploads\\\/2021\\\/05\\\/fase-transicao.jpg\",\"contentUrl\":\"https:\\\/\\\/regiaonews.net.br\\\/2022\\\/wp-content\\\/uploads\\\/2021\\\/05\\\/fase-transicao.jpg\",\"width\":1008,\"height\":566},{\"@type\":\"BreadcrumbList\",\"@id\":\"https:\\\/\\\/regiaonews.net.br\\\/2022\\\/2021\\\/05\\\/19\\\/sp-tera-nova-flexibilizacao-da-quarentena-com-ampliacao-de-funcionamento-do-comercio-ate-22h-a-partir-de-1o-de-junho\\\/#breadcrumb\",\"itemListElement\":[{\"@type\":\"ListItem\",\"position\":1,\"name\":\"In\u00edcio\",\"item\":\"https:\\\/\\\/regiaonews.net.br\\\/2022\\\/\"},{\"@type\":\"ListItem\",\"position\":2,\"name\":\"SP ter\u00e1 nova flexibiliza\u00e7\u00e3o da quarentena com amplia\u00e7\u00e3o de funcionamento do com\u00e9rcio at\u00e9 22h a partir de 1\u00ba de junho\"}]},{\"@type\":\"WebSite\",\"@id\":\"https:\\\/\\\/regiaonews.net.br\\\/2022\\\/#website\",\"url\":\"https:\\\/\\\/regiaonews.net.br\\\/2022\\\/\",\"name\":\"Regi\u00e3o News\",\"description\":\"Site de Not\u00edcias de Barretos e regi\u00e3o\",\"publisher\":{\"@id\":\"https:\\\/\\\/regiaonews.net.br\\\/2022\\\/#organization\"},\"potentialAction\":[{\"@type\":\"SearchAction\",\"target\":{\"@type\":\"EntryPoint\",\"urlTemplate\":\"https:\\\/\\\/regiaonews.net.br\\\/2022\\\/?s={search_term_string}\"},\"query-input\":{\"@type\":\"PropertyValueSpecification\",\"valueRequired\":true,\"valueName\":\"search_term_string\"}}],\"inLanguage\":\"pt-BR\"},{\"@type\":\"Organization\",\"@id\":\"https:\\\/\\\/regiaonews.net.br\\\/2022\\\/#organization\",\"name\":\"Regi\u00e3o News\",\"url\":\"https:\\\/\\\/regiaonews.net.br\\\/2022\\\/\",\"logo\":{\"@type\":\"ImageObject\",\"inLanguage\":\"pt-BR\",\"@id\":\"https:\\\/\\\/regiaonews.net.br\\\/2022\\\/#\\\/schema\\\/logo\\\/image\\\/\",\"url\":\"https:\\\/\\\/regiaonews.net.br\\\/2022\\\/wp-content\\\/uploads\\\/2026\\\/03\\\/regiao-13-anos-scaled.jpg\",\"contentUrl\":\"https:\\\/\\\/regiaonews.net.br\\\/2022\\\/wp-content\\\/uploads\\\/2026\\\/03\\\/regiao-13-anos-scaled.jpg\",\"width\":2560,\"height\":635,\"caption\":\"Regi\u00e3o News\"},\"image\":{\"@id\":\"https:\\\/\\\/regiaonews.net.br\\\/2022\\\/#\\\/schema\\\/logo\\\/image\\\/\"}},{\"@type\":\"Person\",\"@id\":\"https:\\\/\\\/regiaonews.net.br\\\/2022\\\/#\\\/schema\\\/person\\\/2d205a608a5aa97ac279d7a5e6d89ad8\",\"name\":\"Roberto\",\"image\":{\"@type\":\"ImageObject\",\"inLanguage\":\"pt-BR\",\"@id\":\"https:\\\/\\\/secure.gravatar.com\\\/avatar\\\/42749d8b712ff9d59ca93dc150494e5b55a44134482993f5baeb97e61b7ecc89?s=96&d=mm&r=g\",\"url\":\"https:\\\/\\\/secure.gravatar.com\\\/avatar\\\/42749d8b712ff9d59ca93dc150494e5b55a44134482993f5baeb97e61b7ecc89?s=96&d=mm&r=g\",\"contentUrl\":\"https:\\\/\\\/secure.gravatar.com\\\/avatar\\\/42749d8b712ff9d59ca93dc150494e5b55a44134482993f5baeb97e61b7ecc89?s=96&d=mm&r=g\",\"caption\":\"Roberto\"},\"url\":\"https:\\\/\\\/regiaonews.net.br\\\/2022\\\/author\\\/roberto\\\/\"}]}<\/script>\n<!-- \/ Yoast SEO plugin. -->","yoast_head_json":{"title":"SP ter\u00e1 nova flexibiliza\u00e7\u00e3o da quarentena com amplia\u00e7\u00e3o de funcionamento do com\u00e9rcio at\u00e9 22h a partir de 1\u00ba de junho - Regi\u00e3o News","robots":{"index":"index","follow":"follow","max-snippet":"max-snippet:-1","max-image-preview":"max-image-preview:large","max-video-preview":"max-video-preview:-1"},"canonical":"https:\/\/regiaonews.net.br\/2022\/2021\/05\/19\/sp-tera-nova-flexibilizacao-da-quarentena-com-ampliacao-de-funcionamento-do-comercio-ate-22h-a-partir-de-1o-de-junho\/","og_locale":"pt_BR","og_type":"article","og_title":"SP ter\u00e1 nova flexibiliza\u00e7\u00e3o da quarentena com amplia\u00e7\u00e3o de funcionamento do com\u00e9rcio at\u00e9 22h a partir de 1\u00ba de junho - Regi\u00e3o News","og_description":"O governo de\u00a0S\u00e3o Paulo\u00a0anunciou nesta quarta-feira (19) que o estado","og_url":"https:\/\/regiaonews.net.br\/2022\/2021\/05\/19\/sp-tera-nova-flexibilizacao-da-quarentena-com-ampliacao-de-funcionamento-do-comercio-ate-22h-a-partir-de-1o-de-junho\/","og_site_name":"Regi\u00e3o News","article_published_time":"2021-05-19T18:55:57+00:00","article_modified_time":"2021-05-19T20:05:28+00:00","og_image":[{"width":1008,"height":566,"url":"https:\/\/regiaonews.net.br\/2022\/wp-content\/uploads\/2021\/05\/fase-transicao.jpg","type":"image\/jpeg"}],"author":"Roberto","twitter_card":"summary_large_image","twitter_misc":{"Escrito por":"Roberto","Est. tempo de leitura":"1 minuto"},"schema":{"@context":"https:\/\/schema.org","@graph":[{"@type":"Article","@id":"https:\/\/regiaonews.net.br\/2022\/2021\/05\/19\/sp-tera-nova-flexibilizacao-da-quarentena-com-ampliacao-de-funcionamento-do-comercio-ate-22h-a-partir-de-1o-de-junho\/#article","isPartOf":{"@id":"https:\/\/regiaonews.net.br\/2022\/2021\/05\/19\/sp-tera-nova-flexibilizacao-da-quarentena-com-ampliacao-de-funcionamento-do-comercio-ate-22h-a-partir-de-1o-de-junho\/"},"author":{"name":"Roberto","@id":"https:\/\/regiaonews.net.br\/2022\/#\/schema\/person\/2d205a608a5aa97ac279d7a5e6d89ad8"},"headline":"SP ter\u00e1 nova flexibiliza\u00e7\u00e3o da quarentena com amplia\u00e7\u00e3o de funcionamento do com\u00e9rcio at\u00e9 22h a partir de 1\u00ba de junho","datePublished":"2021-05-19T18:55:57+00:00","dateModified":"2021-05-19T20:05:28+00:00","mainEntityOfPage":{"@id":"https:\/\/regiaonews.net.br\/2022\/2021\/05\/19\/sp-tera-nova-flexibilizacao-da-quarentena-com-ampliacao-de-funcionamento-do-comercio-ate-22h-a-partir-de-1o-de-junho\/"},"wordCount":217,"commentCount":0,"publisher":{"@id":"https:\/\/regiaonews.net.br\/2022\/#organization"},"image":{"@id":"https:\/\/regiaonews.net.br\/2022\/2021\/05\/19\/sp-tera-nova-flexibilizacao-da-quarentena-com-ampliacao-de-funcionamento-do-comercio-ate-22h-a-partir-de-1o-de-junho\/#primaryimage"},"thumbnailUrl":"https:\/\/regiaonews.net.br\/2022\/wp-content\/uploads\/2021\/05\/fase-transicao.jpg","articleSection":["Cidades","Estado de S\u00e3o Paulo"],"inLanguage":"pt-BR","potentialAction":[{"@type":"CommentAction","name":"Comment","target":["https:\/\/regiaonews.net.br\/2022\/2021\/05\/19\/sp-tera-nova-flexibilizacao-da-quarentena-com-ampliacao-de-funcionamento-do-comercio-ate-22h-a-partir-de-1o-de-junho\/#respond"]}]},{"@type":"WebPage","@id":"https:\/\/regiaonews.net.br\/2022\/2021\/05\/19\/sp-tera-nova-flexibilizacao-da-quarentena-com-ampliacao-de-funcionamento-do-comercio-ate-22h-a-partir-de-1o-de-junho\/","url":"https:\/\/regiaonews.net.br\/2022\/2021\/05\/19\/sp-tera-nova-flexibilizacao-da-quarentena-com-ampliacao-de-funcionamento-do-comercio-ate-22h-a-partir-de-1o-de-junho\/","name":"SP ter\u00e1 nova flexibiliza\u00e7\u00e3o da quarentena com amplia\u00e7\u00e3o de funcionamento do com\u00e9rcio at\u00e9 22h a partir de 1\u00ba de junho - Regi\u00e3o News","isPartOf":{"@id":"https:\/\/regiaonews.net.br\/2022\/#website"},"primaryImageOfPage":{"@id":"https:\/\/regiaonews.net.br\/2022\/2021\/05\/19\/sp-tera-nova-flexibilizacao-da-quarentena-com-ampliacao-de-funcionamento-do-comercio-ate-22h-a-partir-de-1o-de-junho\/#primaryimage"},"image":{"@id":"https:\/\/regiaonews.net.br\/2022\/2021\/05\/19\/sp-tera-nova-flexibilizacao-da-quarentena-com-ampliacao-de-funcionamento-do-comercio-ate-22h-a-partir-de-1o-de-junho\/#primaryimage"},"thumbnailUrl":"https:\/\/regiaonews.net.br\/2022\/wp-content\/uploads\/2021\/05\/fase-transicao.jpg","datePublished":"2021-05-19T18:55:57+00:00","dateModified":"2021-05-19T20:05:28+00:00","breadcrumb":{"@id":"https:\/\/regiaonews.net.br\/2022\/2021\/05\/19\/sp-tera-nova-flexibilizacao-da-quarentena-com-ampliacao-de-funcionamento-do-comercio-ate-22h-a-partir-de-1o-de-junho\/#breadcrumb"},"inLanguage":"pt-BR","potentialAction":[{"@type":"ReadAction","target":["https:\/\/regiaonews.net.br\/2022\/2021\/05\/19\/sp-tera-nova-flexibilizacao-da-quarentena-com-ampliacao-de-funcionamento-do-comercio-ate-22h-a-partir-de-1o-de-junho\/"]}]},{"@type":"ImageObject","inLanguage":"pt-BR","@id":"https:\/\/regiaonews.net.br\/2022\/2021\/05\/19\/sp-tera-nova-flexibilizacao-da-quarentena-com-ampliacao-de-funcionamento-do-comercio-ate-22h-a-partir-de-1o-de-junho\/#primaryimage","url":"https:\/\/regiaonews.net.br\/2022\/wp-content\/uploads\/2021\/05\/fase-transicao.jpg","contentUrl":"https:\/\/regiaonews.net.br\/2022\/wp-content\/uploads\/2021\/05\/fase-transicao.jpg","width":1008,"height":566},{"@type":"BreadcrumbList","@id":"https:\/\/regiaonews.net.br\/2022\/2021\/05\/19\/sp-tera-nova-flexibilizacao-da-quarentena-com-ampliacao-de-funcionamento-do-comercio-ate-22h-a-partir-de-1o-de-junho\/#breadcrumb","itemListElement":[{"@type":"ListItem","position":1,"name":"In\u00edcio","item":"https:\/\/regiaonews.net.br\/2022\/"},{"@type":"ListItem","position":2,"name":"SP ter\u00e1 nova flexibiliza\u00e7\u00e3o da quarentena com amplia\u00e7\u00e3o de funcionamento do com\u00e9rcio at\u00e9 22h a partir de 1\u00ba de junho"}]},{"@type":"WebSite","@id":"https:\/\/regiaonews.net.br\/2022\/#website","url":"https:\/\/regiaonews.net.br\/2022\/","name":"Regi\u00e3o News","description":"Site de Not\u00edcias de Barretos e regi\u00e3o","publisher":{"@id":"https:\/\/regiaonews.net.br\/2022\/#organization"},"potentialAction":[{"@type":"SearchAction","target":{"@type":"EntryPoint","urlTemplate":"https:\/\/regiaonews.net.br\/2022\/?s={search_term_string}"},"query-input":{"@type":"PropertyValueSpecification","valueRequired":true,"valueName":"search_term_string"}}],"inLanguage":"pt-BR"},{"@type":"Organization","@id":"https:\/\/regiaonews.net.br\/2022\/#organization","name":"Regi\u00e3o News","url":"https:\/\/regiaonews.net.br\/2022\/","logo":{"@type":"ImageObject","inLanguage":"pt-BR","@id":"https:\/\/regiaonews.net.br\/2022\/#\/schema\/logo\/image\/","url":"https:\/\/regiaonews.net.br\/2022\/wp-content\/uploads\/2026\/03\/regiao-13-anos-scaled.jpg","contentUrl":"https:\/\/regiaonews.net.br\/2022\/wp-content\/uploads\/2026\/03\/regiao-13-anos-scaled.jpg","width":2560,"height":635,"caption":"Regi\u00e3o News"},"image":{"@id":"https:\/\/regiaonews.net.br\/2022\/#\/schema\/logo\/image\/"}},{"@type":"Person","@id":"https:\/\/regiaonews.net.br\/2022\/#\/schema\/person\/2d205a608a5aa97ac279d7a5e6d89ad8","name":"Roberto","image":{"@type":"ImageObject","inLanguage":"pt-BR","@id":"https:\/\/secure.gravatar.com\/avatar\/42749d8b712ff9d59ca93dc150494e5b55a44134482993f5baeb97e61b7ecc89?s=96&d=mm&r=g","url":"https:\/\/secure.gravatar.com\/avatar\/42749d8b712ff9d59ca93dc150494e5b55a44134482993f5baeb97e61b7ecc89?s=96&d=mm&r=g","contentUrl":"https:\/\/secure.gravatar.com\/avatar\/42749d8b712ff9d59ca93dc150494e5b55a44134482993f5baeb97e61b7ecc89?s=96&d=mm&r=g","caption":"Roberto"},"url":"https:\/\/regiaonews.net.br\/2022\/author\/roberto\/"}]}},"publishpress_future_action":{"enabled":false,"date":"2026-05-04 14:36:41","action":"change-status","newStatus":"draft","terms":[],"taxonomy":"category","extraData":[]},"publishpress_future_workflow_manual_trigger":{"enabledWorkflows":[]},"_links":{"self":[{"href":"https:\/\/regiaonews.net.br\/2022\/wp-json\/wp\/v2\/posts\/47253","targetHints":{"allow":["GET"]}}],"collection":[{"href":"https:\/\/regiaonews.net.br\/2022\/wp-json\/wp\/v2\/posts"}],"about":[{"href":"https:\/\/regiaonews.net.br\/2022\/wp-json\/wp\/v2\/types\/post"}],"author":[{"embeddable":true,"href":"https:\/\/regiaonews.net.br\/2022\/wp-json\/wp\/v2\/users\/2"}],"replies":[{"embeddable":true,"href":"https:\/\/regiaonews.net.br\/2022\/wp-json\/wp\/v2\/comments?post=47253"}],"version-history":[{"count":0,"href":"https:\/\/regiaonews.net.br\/2022\/wp-json\/wp\/v2\/posts\/47253\/revisions"}],"wp:featuredmedia":[{"embeddable":true,"href":"https:\/\/regiaonews.net.br\/2022\/wp-json\/wp\/v2\/media\/47254"}],"wp:attachment":[{"href":"https:\/\/regiaonews.net.br\/2022\/wp-json\/wp\/v2\/media?parent=47253"}],"wp:term":[{"taxonomy":"category","embeddable":true,"href":"https:\/\/regiaonews.net.br\/2022\/wp-json\/wp\/v2\/categories?post=47253"},{"taxonomy":"post_tag","embeddable":true,"href":"https:\/\/regiaonews.net.br\/2022\/wp-json\/wp\/v2\/tags?post=47253"}],"curies":[{"name":"wp","href":"https:\/\/api.w.org\/{rel}","templated":true}]}}