{"id":47240,"date":"2021-05-19T11:55:39","date_gmt":"2021-05-19T14:55:39","guid":{"rendered":"https:\/\/regiaonews.net.br\/2022\/?p=47240"},"modified":"2021-05-19T11:55:39","modified_gmt":"2021-05-19T14:55:39","slug":"bebedouro-adota-medidas-restritivas-de-lockdown","status":"publish","type":"post","link":"https:\/\/regiaonews.net.br\/2022\/2021\/05\/19\/bebedouro-adota-medidas-restritivas-de-lockdown\/","title":{"rendered":"Bebedouro adota medidas restritivas de lockdown"},"content":{"rendered":"<p><a href=\"https:\/\/regiaonews.net.br\/2022\/wp-content\/uploads\/2021\/05\/fbe419c6-cb80-4905-8f50-6ea94ee2e998.jpg\"><img loading=\"lazy\" decoding=\"async\" class=\"alignnone size-medium wp-image-47241\" src=\"https:\/\/regiaonews.net.br\/2022\/wp-content\/uploads\/2021\/05\/fbe419c6-cb80-4905-8f50-6ea94ee2e998-300x158.jpg\" alt=\"\" width=\"300\" height=\"158\" \/><\/a><\/p>\n<p>Foto \u2013 Prefeito de Bebedouro, Lucas Seren durante coletiva<\/p>\n<p>O prefeito de Bebedouro (SP), Lucas Seren (DEM), afirmou que a cidade aumentar\u00e1 as restri\u00e7\u00f5es para conter o avan\u00e7o da Covid-19 a partir de amanh\u00e3 (20) at\u00e9 o dia 30. De acordo com o chefe o do Executivo, na regi\u00e3o de Bebedouro s\u00e3o 38 pacientes aguardando por vagas em leitos de Unidade de Terapia Intensiva (UTI) e h\u00e1 50 dias, todas as vagas da cidade est\u00e3o esgotadas. O prefeito tamb\u00e9m afirmou que h\u00e1 dificuldade para encontrar leitos de enfermarias. \u201cN\u00e3o temos outra sa\u00edda. Os n\u00fameros est\u00e3o crescendo n\u00e3o s\u00f3 em Bebedouro, como na regi\u00e3o\u201d, afirmou.<br \/>\nAs medidas adotadas foram publicadas no Di\u00e1rio Oficial de ontem (18).<br \/>\nDe acordo com a Prefeitura de Bebedouro, da \u00faltima sexta (14) at\u00e9 segunda (17), foram confirmados 234 novos casos de Covid na cidade. Desde o in\u00edcio da pandemia, Bebedouro registra 5.471 infec\u00e7\u00f5es e 179 mortes por complica\u00e7\u00f5es do novo coronav\u00edrus.<br \/>\nBebedouro \u00e9 a segunda cidade da regi\u00e3o de Ribeir\u00e3o Preto (SP) a anunciar restri\u00e7\u00f5es para conter a Covid-19. Desde s\u00e1bado (15) at\u00e9 31 de maio, Batatais (SP) est\u00e1 em confinamento contra a doen\u00e7a.<br \/>\nMedidas adotadas<br \/>\nSegundo Seren, as medidas incluem a proibi\u00e7\u00e3o de comercializa\u00e7\u00e3o de bebidas alco\u00f3licas, fechamento de clubes, academias, sal\u00f5es de beleza, cl\u00ednicas de est\u00e9tica, templos religiosos e escrit\u00f3rios. As lot\u00e9ricas tamb\u00e9m fechar\u00e3o e os bancos s\u00f3 ter\u00e3o autoriza\u00e7\u00e3o para funcionamento dos caixas eletr\u00f4nicos, sem atendimento presencial. O com\u00e9rcio de rua e as lojas do shopping funcionar\u00e3o por delivery, assim como bares e restaurantes.<\/p>\n","protected":false},"excerpt":{"rendered":"<p>Foto \u2013 Prefeito de Bebedouro, Lucas Seren durante coletiva O<\/p>\n","protected":false},"author":2,"featured_media":47241,"comment_status":"open","ping_status":"open","sticky":false,"template":"","format":"standard","meta":{"footnotes":""},"categories":[4,25],"tags":[],"class_list":["post-47240","post","type-post","status-publish","format-standard","has-post-thumbnail","hentry","category-bebedouro","category-cidades"],"yoast_head":"<!-- This site is optimized with the Yoast SEO plugin v27.4 - https:\/\/yoast.com\/product\/yoast-seo-wordpress\/ -->\n<title>Bebedouro adota medidas restritivas de lockdown - Regi\u00e3o News<\/title>\n<meta name=\"robots\" content=\"index, follow, max-snippet:-1, max-image-preview:large, max-video-preview:-1\" \/>\n<link rel=\"canonical\" href=\"https:\/\/regiaonews.net.br\/2022\/2021\/05\/19\/bebedouro-adota-medidas-restritivas-de-lockdown\/\" \/>\n<meta property=\"og:locale\" content=\"pt_BR\" \/>\n<meta property=\"og:type\" content=\"article\" \/>\n<meta property=\"og:title\" content=\"Bebedouro adota medidas restritivas de lockdown - Regi\u00e3o News\" \/>\n<meta property=\"og:description\" content=\"Foto \u2013 Prefeito de Bebedouro, Lucas Seren durante coletiva O\" \/>\n<meta property=\"og:url\" content=\"https:\/\/regiaonews.net.br\/2022\/2021\/05\/19\/bebedouro-adota-medidas-restritivas-de-lockdown\/\" \/>\n<meta property=\"og:site_name\" content=\"Regi\u00e3o News\" \/>\n<meta property=\"article:published_time\" content=\"2021-05-19T14:55:39+00:00\" \/>\n<meta property=\"og:image\" content=\"https:\/\/regiaonews.net.br\/2022\/wp-content\/uploads\/2021\/05\/fbe419c6-cb80-4905-8f50-6ea94ee2e998.jpg\" \/>\n\t<meta property=\"og:image:width\" content=\"984\" \/>\n\t<meta property=\"og:image:height\" content=\"517\" \/>\n\t<meta property=\"og:image:type\" content=\"image\/jpeg\" \/>\n<meta name=\"author\" content=\"Roberto\" \/>\n<meta name=\"twitter:card\" content=\"summary_large_image\" \/>\n<meta name=\"twitter:label1\" content=\"Escrito por\" \/>\n\t<meta name=\"twitter:data1\" content=\"Roberto\" \/>\n\t<meta name=\"twitter:label2\" content=\"Est. tempo de leitura\" \/>\n\t<meta name=\"twitter:data2\" content=\"1 minuto\" \/>\n<script type=\"application\/ld+json\" class=\"yoast-schema-graph\">{\"@context\":\"https:\\\/\\\/schema.org\",\"@graph\":[{\"@type\":\"Article\",\"@id\":\"https:\\\/\\\/regiaonews.net.br\\\/2022\\\/2021\\\/05\\\/19\\\/bebedouro-adota-medidas-restritivas-de-lockdown\\\/#article\",\"isPartOf\":{\"@id\":\"https:\\\/\\\/regiaonews.net.br\\\/2022\\\/2021\\\/05\\\/19\\\/bebedouro-adota-medidas-restritivas-de-lockdown\\\/\"},\"author\":{\"name\":\"Roberto\",\"@id\":\"https:\\\/\\\/regiaonews.net.br\\\/2022\\\/#\\\/schema\\\/person\\\/2d205a608a5aa97ac279d7a5e6d89ad8\"},\"headline\":\"Bebedouro adota medidas restritivas de lockdown\",\"datePublished\":\"2021-05-19T14:55:39+00:00\",\"mainEntityOfPage\":{\"@id\":\"https:\\\/\\\/regiaonews.net.br\\\/2022\\\/2021\\\/05\\\/19\\\/bebedouro-adota-medidas-restritivas-de-lockdown\\\/\"},\"wordCount\":280,\"commentCount\":0,\"publisher\":{\"@id\":\"https:\\\/\\\/regiaonews.net.br\\\/2022\\\/#organization\"},\"image\":{\"@id\":\"https:\\\/\\\/regiaonews.net.br\\\/2022\\\/2021\\\/05\\\/19\\\/bebedouro-adota-medidas-restritivas-de-lockdown\\\/#primaryimage\"},\"thumbnailUrl\":\"https:\\\/\\\/regiaonews.net.br\\\/2022\\\/wp-content\\\/uploads\\\/2021\\\/05\\\/fbe419c6-cb80-4905-8f50-6ea94ee2e998.jpg\",\"articleSection\":[\"Bebedouro\",\"Cidades\"],\"inLanguage\":\"pt-BR\",\"potentialAction\":[{\"@type\":\"CommentAction\",\"name\":\"Comment\",\"target\":[\"https:\\\/\\\/regiaonews.net.br\\\/2022\\\/2021\\\/05\\\/19\\\/bebedouro-adota-medidas-restritivas-de-lockdown\\\/#respond\"]}]},{\"@type\":\"WebPage\",\"@id\":\"https:\\\/\\\/regiaonews.net.br\\\/2022\\\/2021\\\/05\\\/19\\\/bebedouro-adota-medidas-restritivas-de-lockdown\\\/\",\"url\":\"https:\\\/\\\/regiaonews.net.br\\\/2022\\\/2021\\\/05\\\/19\\\/bebedouro-adota-medidas-restritivas-de-lockdown\\\/\",\"name\":\"Bebedouro adota medidas restritivas de lockdown - Regi\u00e3o News\",\"isPartOf\":{\"@id\":\"https:\\\/\\\/regiaonews.net.br\\\/2022\\\/#website\"},\"primaryImageOfPage\":{\"@id\":\"https:\\\/\\\/regiaonews.net.br\\\/2022\\\/2021\\\/05\\\/19\\\/bebedouro-adota-medidas-restritivas-de-lockdown\\\/#primaryimage\"},\"image\":{\"@id\":\"https:\\\/\\\/regiaonews.net.br\\\/2022\\\/2021\\\/05\\\/19\\\/bebedouro-adota-medidas-restritivas-de-lockdown\\\/#primaryimage\"},\"thumbnailUrl\":\"https:\\\/\\\/regiaonews.net.br\\\/2022\\\/wp-content\\\/uploads\\\/2021\\\/05\\\/fbe419c6-cb80-4905-8f50-6ea94ee2e998.jpg\",\"datePublished\":\"2021-05-19T14:55:39+00:00\",\"breadcrumb\":{\"@id\":\"https:\\\/\\\/regiaonews.net.br\\\/2022\\\/2021\\\/05\\\/19\\\/bebedouro-adota-medidas-restritivas-de-lockdown\\\/#breadcrumb\"},\"inLanguage\":\"pt-BR\",\"potentialAction\":[{\"@type\":\"ReadAction\",\"target\":[\"https:\\\/\\\/regiaonews.net.br\\\/2022\\\/2021\\\/05\\\/19\\\/bebedouro-adota-medidas-restritivas-de-lockdown\\\/\"]}]},{\"@type\":\"ImageObject\",\"inLanguage\":\"pt-BR\",\"@id\":\"https:\\\/\\\/regiaonews.net.br\\\/2022\\\/2021\\\/05\\\/19\\\/bebedouro-adota-medidas-restritivas-de-lockdown\\\/#primaryimage\",\"url\":\"https:\\\/\\\/regiaonews.net.br\\\/2022\\\/wp-content\\\/uploads\\\/2021\\\/05\\\/fbe419c6-cb80-4905-8f50-6ea94ee2e998.jpg\",\"contentUrl\":\"https:\\\/\\\/regiaonews.net.br\\\/2022\\\/wp-content\\\/uploads\\\/2021\\\/05\\\/fbe419c6-cb80-4905-8f50-6ea94ee2e998.jpg\",\"width\":984,\"height\":517},{\"@type\":\"BreadcrumbList\",\"@id\":\"https:\\\/\\\/regiaonews.net.br\\\/2022\\\/2021\\\/05\\\/19\\\/bebedouro-adota-medidas-restritivas-de-lockdown\\\/#breadcrumb\",\"itemListElement\":[{\"@type\":\"ListItem\",\"position\":1,\"name\":\"In\u00edcio\",\"item\":\"https:\\\/\\\/regiaonews.net.br\\\/2022\\\/\"},{\"@type\":\"ListItem\",\"position\":2,\"name\":\"Bebedouro adota medidas restritivas de lockdown\"}]},{\"@type\":\"WebSite\",\"@id\":\"https:\\\/\\\/regiaonews.net.br\\\/2022\\\/#website\",\"url\":\"https:\\\/\\\/regiaonews.net.br\\\/2022\\\/\",\"name\":\"Regi\u00e3o News\",\"description\":\"Site de Not\u00edcias de Barretos e regi\u00e3o\",\"publisher\":{\"@id\":\"https:\\\/\\\/regiaonews.net.br\\\/2022\\\/#organization\"},\"potentialAction\":[{\"@type\":\"SearchAction\",\"target\":{\"@type\":\"EntryPoint\",\"urlTemplate\":\"https:\\\/\\\/regiaonews.net.br\\\/2022\\\/?s={search_term_string}\"},\"query-input\":{\"@type\":\"PropertyValueSpecification\",\"valueRequired\":true,\"valueName\":\"search_term_string\"}}],\"inLanguage\":\"pt-BR\"},{\"@type\":\"Organization\",\"@id\":\"https:\\\/\\\/regiaonews.net.br\\\/2022\\\/#organization\",\"name\":\"Regi\u00e3o News\",\"url\":\"https:\\\/\\\/regiaonews.net.br\\\/2022\\\/\",\"logo\":{\"@type\":\"ImageObject\",\"inLanguage\":\"pt-BR\",\"@id\":\"https:\\\/\\\/regiaonews.net.br\\\/2022\\\/#\\\/schema\\\/logo\\\/image\\\/\",\"url\":\"https:\\\/\\\/regiaonews.net.br\\\/2022\\\/wp-content\\\/uploads\\\/2026\\\/03\\\/regiao-13-anos-scaled.jpg\",\"contentUrl\":\"https:\\\/\\\/regiaonews.net.br\\\/2022\\\/wp-content\\\/uploads\\\/2026\\\/03\\\/regiao-13-anos-scaled.jpg\",\"width\":2560,\"height\":635,\"caption\":\"Regi\u00e3o News\"},\"image\":{\"@id\":\"https:\\\/\\\/regiaonews.net.br\\\/2022\\\/#\\\/schema\\\/logo\\\/image\\\/\"}},{\"@type\":\"Person\",\"@id\":\"https:\\\/\\\/regiaonews.net.br\\\/2022\\\/#\\\/schema\\\/person\\\/2d205a608a5aa97ac279d7a5e6d89ad8\",\"name\":\"Roberto\",\"image\":{\"@type\":\"ImageObject\",\"inLanguage\":\"pt-BR\",\"@id\":\"https:\\\/\\\/secure.gravatar.com\\\/avatar\\\/42749d8b712ff9d59ca93dc150494e5b55a44134482993f5baeb97e61b7ecc89?s=96&d=mm&r=g\",\"url\":\"https:\\\/\\\/secure.gravatar.com\\\/avatar\\\/42749d8b712ff9d59ca93dc150494e5b55a44134482993f5baeb97e61b7ecc89?s=96&d=mm&r=g\",\"contentUrl\":\"https:\\\/\\\/secure.gravatar.com\\\/avatar\\\/42749d8b712ff9d59ca93dc150494e5b55a44134482993f5baeb97e61b7ecc89?s=96&d=mm&r=g\",\"caption\":\"Roberto\"},\"url\":\"https:\\\/\\\/regiaonews.net.br\\\/2022\\\/author\\\/roberto\\\/\"}]}<\/script>\n<!-- \/ Yoast SEO plugin. -->","yoast_head_json":{"title":"Bebedouro adota medidas restritivas de lockdown - Regi\u00e3o News","robots":{"index":"index","follow":"follow","max-snippet":"max-snippet:-1","max-image-preview":"max-image-preview:large","max-video-preview":"max-video-preview:-1"},"canonical":"https:\/\/regiaonews.net.br\/2022\/2021\/05\/19\/bebedouro-adota-medidas-restritivas-de-lockdown\/","og_locale":"pt_BR","og_type":"article","og_title":"Bebedouro adota medidas restritivas de lockdown - Regi\u00e3o News","og_description":"Foto \u2013 Prefeito de Bebedouro, Lucas Seren durante coletiva O","og_url":"https:\/\/regiaonews.net.br\/2022\/2021\/05\/19\/bebedouro-adota-medidas-restritivas-de-lockdown\/","og_site_name":"Regi\u00e3o News","article_published_time":"2021-05-19T14:55:39+00:00","og_image":[{"width":984,"height":517,"url":"https:\/\/regiaonews.net.br\/2022\/wp-content\/uploads\/2021\/05\/fbe419c6-cb80-4905-8f50-6ea94ee2e998.jpg","type":"image\/jpeg"}],"author":"Roberto","twitter_card":"summary_large_image","twitter_misc":{"Escrito por":"Roberto","Est. tempo de leitura":"1 minuto"},"schema":{"@context":"https:\/\/schema.org","@graph":[{"@type":"Article","@id":"https:\/\/regiaonews.net.br\/2022\/2021\/05\/19\/bebedouro-adota-medidas-restritivas-de-lockdown\/#article","isPartOf":{"@id":"https:\/\/regiaonews.net.br\/2022\/2021\/05\/19\/bebedouro-adota-medidas-restritivas-de-lockdown\/"},"author":{"name":"Roberto","@id":"https:\/\/regiaonews.net.br\/2022\/#\/schema\/person\/2d205a608a5aa97ac279d7a5e6d89ad8"},"headline":"Bebedouro adota medidas restritivas de lockdown","datePublished":"2021-05-19T14:55:39+00:00","mainEntityOfPage":{"@id":"https:\/\/regiaonews.net.br\/2022\/2021\/05\/19\/bebedouro-adota-medidas-restritivas-de-lockdown\/"},"wordCount":280,"commentCount":0,"publisher":{"@id":"https:\/\/regiaonews.net.br\/2022\/#organization"},"image":{"@id":"https:\/\/regiaonews.net.br\/2022\/2021\/05\/19\/bebedouro-adota-medidas-restritivas-de-lockdown\/#primaryimage"},"thumbnailUrl":"https:\/\/regiaonews.net.br\/2022\/wp-content\/uploads\/2021\/05\/fbe419c6-cb80-4905-8f50-6ea94ee2e998.jpg","articleSection":["Bebedouro","Cidades"],"inLanguage":"pt-BR","potentialAction":[{"@type":"CommentAction","name":"Comment","target":["https:\/\/regiaonews.net.br\/2022\/2021\/05\/19\/bebedouro-adota-medidas-restritivas-de-lockdown\/#respond"]}]},{"@type":"WebPage","@id":"https:\/\/regiaonews.net.br\/2022\/2021\/05\/19\/bebedouro-adota-medidas-restritivas-de-lockdown\/","url":"https:\/\/regiaonews.net.br\/2022\/2021\/05\/19\/bebedouro-adota-medidas-restritivas-de-lockdown\/","name":"Bebedouro adota medidas restritivas de lockdown - Regi\u00e3o News","isPartOf":{"@id":"https:\/\/regiaonews.net.br\/2022\/#website"},"primaryImageOfPage":{"@id":"https:\/\/regiaonews.net.br\/2022\/2021\/05\/19\/bebedouro-adota-medidas-restritivas-de-lockdown\/#primaryimage"},"image":{"@id":"https:\/\/regiaonews.net.br\/2022\/2021\/05\/19\/bebedouro-adota-medidas-restritivas-de-lockdown\/#primaryimage"},"thumbnailUrl":"https:\/\/regiaonews.net.br\/2022\/wp-content\/uploads\/2021\/05\/fbe419c6-cb80-4905-8f50-6ea94ee2e998.jpg","datePublished":"2021-05-19T14:55:39+00:00","breadcrumb":{"@id":"https:\/\/regiaonews.net.br\/2022\/2021\/05\/19\/bebedouro-adota-medidas-restritivas-de-lockdown\/#breadcrumb"},"inLanguage":"pt-BR","potentialAction":[{"@type":"ReadAction","target":["https:\/\/regiaonews.net.br\/2022\/2021\/05\/19\/bebedouro-adota-medidas-restritivas-de-lockdown\/"]}]},{"@type":"ImageObject","inLanguage":"pt-BR","@id":"https:\/\/regiaonews.net.br\/2022\/2021\/05\/19\/bebedouro-adota-medidas-restritivas-de-lockdown\/#primaryimage","url":"https:\/\/regiaonews.net.br\/2022\/wp-content\/uploads\/2021\/05\/fbe419c6-cb80-4905-8f50-6ea94ee2e998.jpg","contentUrl":"https:\/\/regiaonews.net.br\/2022\/wp-content\/uploads\/2021\/05\/fbe419c6-cb80-4905-8f50-6ea94ee2e998.jpg","width":984,"height":517},{"@type":"BreadcrumbList","@id":"https:\/\/regiaonews.net.br\/2022\/2021\/05\/19\/bebedouro-adota-medidas-restritivas-de-lockdown\/#breadcrumb","itemListElement":[{"@type":"ListItem","position":1,"name":"In\u00edcio","item":"https:\/\/regiaonews.net.br\/2022\/"},{"@type":"ListItem","position":2,"name":"Bebedouro adota medidas restritivas de lockdown"}]},{"@type":"WebSite","@id":"https:\/\/regiaonews.net.br\/2022\/#website","url":"https:\/\/regiaonews.net.br\/2022\/","name":"Regi\u00e3o News","description":"Site de Not\u00edcias de Barretos e regi\u00e3o","publisher":{"@id":"https:\/\/regiaonews.net.br\/2022\/#organization"},"potentialAction":[{"@type":"SearchAction","target":{"@type":"EntryPoint","urlTemplate":"https:\/\/regiaonews.net.br\/2022\/?s={search_term_string}"},"query-input":{"@type":"PropertyValueSpecification","valueRequired":true,"valueName":"search_term_string"}}],"inLanguage":"pt-BR"},{"@type":"Organization","@id":"https:\/\/regiaonews.net.br\/2022\/#organization","name":"Regi\u00e3o News","url":"https:\/\/regiaonews.net.br\/2022\/","logo":{"@type":"ImageObject","inLanguage":"pt-BR","@id":"https:\/\/regiaonews.net.br\/2022\/#\/schema\/logo\/image\/","url":"https:\/\/regiaonews.net.br\/2022\/wp-content\/uploads\/2026\/03\/regiao-13-anos-scaled.jpg","contentUrl":"https:\/\/regiaonews.net.br\/2022\/wp-content\/uploads\/2026\/03\/regiao-13-anos-scaled.jpg","width":2560,"height":635,"caption":"Regi\u00e3o News"},"image":{"@id":"https:\/\/regiaonews.net.br\/2022\/#\/schema\/logo\/image\/"}},{"@type":"Person","@id":"https:\/\/regiaonews.net.br\/2022\/#\/schema\/person\/2d205a608a5aa97ac279d7a5e6d89ad8","name":"Roberto","image":{"@type":"ImageObject","inLanguage":"pt-BR","@id":"https:\/\/secure.gravatar.com\/avatar\/42749d8b712ff9d59ca93dc150494e5b55a44134482993f5baeb97e61b7ecc89?s=96&d=mm&r=g","url":"https:\/\/secure.gravatar.com\/avatar\/42749d8b712ff9d59ca93dc150494e5b55a44134482993f5baeb97e61b7ecc89?s=96&d=mm&r=g","contentUrl":"https:\/\/secure.gravatar.com\/avatar\/42749d8b712ff9d59ca93dc150494e5b55a44134482993f5baeb97e61b7ecc89?s=96&d=mm&r=g","caption":"Roberto"},"url":"https:\/\/regiaonews.net.br\/2022\/author\/roberto\/"}]}},"publishpress_future_action":{"enabled":false,"date":"2026-05-04 08:46:22","action":"change-status","newStatus":"draft","terms":[],"taxonomy":"category","extraData":[]},"publishpress_future_workflow_manual_trigger":{"enabledWorkflows":[]},"_links":{"self":[{"href":"https:\/\/regiaonews.net.br\/2022\/wp-json\/wp\/v2\/posts\/47240","targetHints":{"allow":["GET"]}}],"collection":[{"href":"https:\/\/regiaonews.net.br\/2022\/wp-json\/wp\/v2\/posts"}],"about":[{"href":"https:\/\/regiaonews.net.br\/2022\/wp-json\/wp\/v2\/types\/post"}],"author":[{"embeddable":true,"href":"https:\/\/regiaonews.net.br\/2022\/wp-json\/wp\/v2\/users\/2"}],"replies":[{"embeddable":true,"href":"https:\/\/regiaonews.net.br\/2022\/wp-json\/wp\/v2\/comments?post=47240"}],"version-history":[{"count":0,"href":"https:\/\/regiaonews.net.br\/2022\/wp-json\/wp\/v2\/posts\/47240\/revisions"}],"wp:featuredmedia":[{"embeddable":true,"href":"https:\/\/regiaonews.net.br\/2022\/wp-json\/wp\/v2\/media\/47241"}],"wp:attachment":[{"href":"https:\/\/regiaonews.net.br\/2022\/wp-json\/wp\/v2\/media?parent=47240"}],"wp:term":[{"taxonomy":"category","embeddable":true,"href":"https:\/\/regiaonews.net.br\/2022\/wp-json\/wp\/v2\/categories?post=47240"},{"taxonomy":"post_tag","embeddable":true,"href":"https:\/\/regiaonews.net.br\/2022\/wp-json\/wp\/v2\/tags?post=47240"}],"curies":[{"name":"wp","href":"https:\/\/api.w.org\/{rel}","templated":true}]}}