{"id":47232,"date":"2021-05-19T09:49:04","date_gmt":"2021-05-19T12:49:04","guid":{"rendered":"https:\/\/regiaonews.net.br\/2022\/?p=47232"},"modified":"2021-05-19T09:49:04","modified_gmt":"2021-05-19T12:49:04","slug":"operacao-akuanduba-da-pf-apura-crimes-em-orgaos-ambientais","status":"publish","type":"post","link":"https:\/\/regiaonews.net.br\/2022\/2021\/05\/19\/operacao-akuanduba-da-pf-apura-crimes-em-orgaos-ambientais\/","title":{"rendered":"Opera\u00e7\u00e3o Akuanduba da PF apura crimes em \u00f3rg\u00e3os ambientais"},"content":{"rendered":"<figure id=\"attachment_47233\" aria-describedby=\"caption-attachment-47233\" style=\"width: 300px\" class=\"wp-caption alignnone\"><a href=\"https:\/\/regiaonews.net.br\/2022\/wp-content\/uploads\/2021\/05\/sede_da_policia_federal_em_brasilia0505202670.jpg\"><img loading=\"lazy\" decoding=\"async\" class=\"size-medium wp-image-47233\" src=\"https:\/\/regiaonews.net.br\/2022\/wp-content\/uploads\/2021\/05\/sede_da_policia_federal_em_brasilia0505202670-300x179.jpg\" alt=\"\" width=\"300\" height=\"179\" \/><\/a><figcaption id=\"caption-attachment-47233\" class=\"wp-caption-text\">Sede da Pol\u00edcia Federal em Bras\u00edlia<\/figcaption><\/figure>\n<div class=\"post-item-wrap\">\n<p>Crimes contra a administra\u00e7\u00e3o p\u00fablica, como corrup\u00e7\u00e3o, advocacia administrativa, prevarica\u00e7\u00e3o e, especialmente, facilita\u00e7\u00e3o de contrabando, praticados por agentes p\u00fablicos e empres\u00e1rios do ramo madeireiro, s\u00e3o o alvo da Opera\u00e7\u00e3o Akuanduba, da Pol\u00edcia Federal, nesta quarta-feira (19).<img decoding=\"async\" src=\"https:\/\/agenciabrasil.ebc.com.br\/ebc.png?id=1410130&amp;o=node\" \/><img decoding=\"async\" src=\"https:\/\/agenciabrasil.ebc.com.br\/ebc.gif?id=1410130&amp;o=node\" \/><\/p>\n<p>Na a\u00e7\u00e3o, cerca de 160 policiais federais cumprem 35 mandados de busca e apreens\u00e3o no Distrito Federal e nos estados de S\u00e3o Paulo e Par\u00e1. As medidas foram determinadas pelo Supremo Tribunal Federal (STF).<\/p>\n<p>Al\u00e9m das buscas, o STF determinou o afastamento preventivo de 10 agentes p\u00fablicos ocupantes de cargos e fun\u00e7\u00f5es de confian\u00e7a no Instituto Brasileiro do Meio Ambiente e dos Recursos Naturais Renov\u00e1veis (Ibama) e no Minist\u00e9rio do Meio Ambiente.<\/p>\n<p>As investiga\u00e7\u00f5es foram iniciadas em janeiro deste ano a partir de informa\u00e7\u00f5es obtidas junto a autoridades estrangeiras noticiando poss\u00edvel desvio de conduta de servidores p\u00fablicos brasileiros no processo de exporta\u00e7\u00e3o de madeira.<\/p>\n<p>Akuanduba, que d\u00e1 nome \u00e0 opera\u00e7\u00e3o, \u00e9 uma divindade da mitologia dos \u00edndios Araras, que habitam o estado do Par\u00e1. Segundo a lenda, se algu\u00e9m cometesse algum excesso, contrariando as normas, a divindade fazia soar uma pequena flauta, restabelecendo a ordem.<\/p>\n<\/div>\n<p class=\"alt-font font-italic my-2 small text-info\">Edi\u00e7\u00e3o: Kelly Oliveira Ag\u00eanciaBrasil<\/p>\n","protected":false},"excerpt":{"rendered":"<p>Crimes contra a administra\u00e7\u00e3o p\u00fablica, como corrup\u00e7\u00e3o, advocacia administrativa, prevarica\u00e7\u00e3o<\/p>\n","protected":false},"author":2,"featured_media":47233,"comment_status":"open","ping_status":"open","sticky":false,"template":"","format":"standard","meta":{"footnotes":""},"categories":[24,25,23],"tags":[],"class_list":["post-47232","post","type-post","status-publish","format-standard","has-post-thumbnail","hentry","category-brasil","category-cidades","category-policia"],"yoast_head":"<!-- This site is optimized with the Yoast SEO plugin v27.4 - https:\/\/yoast.com\/product\/yoast-seo-wordpress\/ -->\n<title>Opera\u00e7\u00e3o Akuanduba da PF apura crimes em \u00f3rg\u00e3os ambientais - Regi\u00e3o News<\/title>\n<meta name=\"robots\" content=\"index, follow, max-snippet:-1, max-image-preview:large, max-video-preview:-1\" \/>\n<link rel=\"canonical\" href=\"https:\/\/regiaonews.net.br\/2022\/2021\/05\/19\/operacao-akuanduba-da-pf-apura-crimes-em-orgaos-ambientais\/\" \/>\n<meta property=\"og:locale\" content=\"pt_BR\" \/>\n<meta property=\"og:type\" content=\"article\" \/>\n<meta property=\"og:title\" content=\"Opera\u00e7\u00e3o Akuanduba da PF apura crimes em \u00f3rg\u00e3os ambientais - Regi\u00e3o News\" \/>\n<meta property=\"og:description\" content=\"Crimes contra a administra\u00e7\u00e3o p\u00fablica, como corrup\u00e7\u00e3o, advocacia administrativa, prevarica\u00e7\u00e3o\" \/>\n<meta property=\"og:url\" content=\"https:\/\/regiaonews.net.br\/2022\/2021\/05\/19\/operacao-akuanduba-da-pf-apura-crimes-em-orgaos-ambientais\/\" \/>\n<meta property=\"og:site_name\" content=\"Regi\u00e3o News\" \/>\n<meta property=\"article:published_time\" content=\"2021-05-19T12:49:04+00:00\" \/>\n<meta property=\"og:image\" content=\"https:\/\/regiaonews.net.br\/2022\/wp-content\/uploads\/2021\/05\/sede_da_policia_federal_em_brasilia0505202670.jpg\" \/>\n\t<meta property=\"og:image:width\" content=\"1170\" \/>\n\t<meta property=\"og:image:height\" content=\"700\" \/>\n\t<meta property=\"og:image:type\" content=\"image\/jpeg\" \/>\n<meta name=\"author\" content=\"Roberto\" \/>\n<meta name=\"twitter:card\" content=\"summary_large_image\" \/>\n<meta name=\"twitter:label1\" content=\"Escrito por\" \/>\n\t<meta name=\"twitter:data1\" content=\"Roberto\" \/>\n\t<meta name=\"twitter:label2\" content=\"Est. tempo de leitura\" \/>\n\t<meta name=\"twitter:data2\" content=\"1 minuto\" \/>\n<script type=\"application\/ld+json\" class=\"yoast-schema-graph\">{\"@context\":\"https:\\\/\\\/schema.org\",\"@graph\":[{\"@type\":\"Article\",\"@id\":\"https:\\\/\\\/regiaonews.net.br\\\/2022\\\/2021\\\/05\\\/19\\\/operacao-akuanduba-da-pf-apura-crimes-em-orgaos-ambientais\\\/#article\",\"isPartOf\":{\"@id\":\"https:\\\/\\\/regiaonews.net.br\\\/2022\\\/2021\\\/05\\\/19\\\/operacao-akuanduba-da-pf-apura-crimes-em-orgaos-ambientais\\\/\"},\"author\":{\"name\":\"Roberto\",\"@id\":\"https:\\\/\\\/regiaonews.net.br\\\/2022\\\/#\\\/schema\\\/person\\\/2d205a608a5aa97ac279d7a5e6d89ad8\"},\"headline\":\"Opera\u00e7\u00e3o Akuanduba da PF apura crimes em \u00f3rg\u00e3os ambientais\",\"datePublished\":\"2021-05-19T12:49:04+00:00\",\"mainEntityOfPage\":{\"@id\":\"https:\\\/\\\/regiaonews.net.br\\\/2022\\\/2021\\\/05\\\/19\\\/operacao-akuanduba-da-pf-apura-crimes-em-orgaos-ambientais\\\/\"},\"wordCount\":233,\"commentCount\":0,\"publisher\":{\"@id\":\"https:\\\/\\\/regiaonews.net.br\\\/2022\\\/#organization\"},\"image\":{\"@id\":\"https:\\\/\\\/regiaonews.net.br\\\/2022\\\/2021\\\/05\\\/19\\\/operacao-akuanduba-da-pf-apura-crimes-em-orgaos-ambientais\\\/#primaryimage\"},\"thumbnailUrl\":\"https:\\\/\\\/regiaonews.net.br\\\/2022\\\/wp-content\\\/uploads\\\/2021\\\/05\\\/sede_da_policia_federal_em_brasilia0505202670.jpg\",\"articleSection\":[\"Brasil\",\"Cidades\",\"Policia\"],\"inLanguage\":\"pt-BR\",\"potentialAction\":[{\"@type\":\"CommentAction\",\"name\":\"Comment\",\"target\":[\"https:\\\/\\\/regiaonews.net.br\\\/2022\\\/2021\\\/05\\\/19\\\/operacao-akuanduba-da-pf-apura-crimes-em-orgaos-ambientais\\\/#respond\"]}]},{\"@type\":\"WebPage\",\"@id\":\"https:\\\/\\\/regiaonews.net.br\\\/2022\\\/2021\\\/05\\\/19\\\/operacao-akuanduba-da-pf-apura-crimes-em-orgaos-ambientais\\\/\",\"url\":\"https:\\\/\\\/regiaonews.net.br\\\/2022\\\/2021\\\/05\\\/19\\\/operacao-akuanduba-da-pf-apura-crimes-em-orgaos-ambientais\\\/\",\"name\":\"Opera\u00e7\u00e3o Akuanduba da PF apura crimes em \u00f3rg\u00e3os ambientais - Regi\u00e3o News\",\"isPartOf\":{\"@id\":\"https:\\\/\\\/regiaonews.net.br\\\/2022\\\/#website\"},\"primaryImageOfPage\":{\"@id\":\"https:\\\/\\\/regiaonews.net.br\\\/2022\\\/2021\\\/05\\\/19\\\/operacao-akuanduba-da-pf-apura-crimes-em-orgaos-ambientais\\\/#primaryimage\"},\"image\":{\"@id\":\"https:\\\/\\\/regiaonews.net.br\\\/2022\\\/2021\\\/05\\\/19\\\/operacao-akuanduba-da-pf-apura-crimes-em-orgaos-ambientais\\\/#primaryimage\"},\"thumbnailUrl\":\"https:\\\/\\\/regiaonews.net.br\\\/2022\\\/wp-content\\\/uploads\\\/2021\\\/05\\\/sede_da_policia_federal_em_brasilia0505202670.jpg\",\"datePublished\":\"2021-05-19T12:49:04+00:00\",\"breadcrumb\":{\"@id\":\"https:\\\/\\\/regiaonews.net.br\\\/2022\\\/2021\\\/05\\\/19\\\/operacao-akuanduba-da-pf-apura-crimes-em-orgaos-ambientais\\\/#breadcrumb\"},\"inLanguage\":\"pt-BR\",\"potentialAction\":[{\"@type\":\"ReadAction\",\"target\":[\"https:\\\/\\\/regiaonews.net.br\\\/2022\\\/2021\\\/05\\\/19\\\/operacao-akuanduba-da-pf-apura-crimes-em-orgaos-ambientais\\\/\"]}]},{\"@type\":\"ImageObject\",\"inLanguage\":\"pt-BR\",\"@id\":\"https:\\\/\\\/regiaonews.net.br\\\/2022\\\/2021\\\/05\\\/19\\\/operacao-akuanduba-da-pf-apura-crimes-em-orgaos-ambientais\\\/#primaryimage\",\"url\":\"https:\\\/\\\/regiaonews.net.br\\\/2022\\\/wp-content\\\/uploads\\\/2021\\\/05\\\/sede_da_policia_federal_em_brasilia0505202670.jpg\",\"contentUrl\":\"https:\\\/\\\/regiaonews.net.br\\\/2022\\\/wp-content\\\/uploads\\\/2021\\\/05\\\/sede_da_policia_federal_em_brasilia0505202670.jpg\",\"width\":1170,\"height\":700,\"caption\":\"Sede da Pol\u00edcia Federal em Bras\u00edlia\"},{\"@type\":\"BreadcrumbList\",\"@id\":\"https:\\\/\\\/regiaonews.net.br\\\/2022\\\/2021\\\/05\\\/19\\\/operacao-akuanduba-da-pf-apura-crimes-em-orgaos-ambientais\\\/#breadcrumb\",\"itemListElement\":[{\"@type\":\"ListItem\",\"position\":1,\"name\":\"In\u00edcio\",\"item\":\"https:\\\/\\\/regiaonews.net.br\\\/2022\\\/\"},{\"@type\":\"ListItem\",\"position\":2,\"name\":\"Opera\u00e7\u00e3o Akuanduba da PF apura crimes em \u00f3rg\u00e3os ambientais\"}]},{\"@type\":\"WebSite\",\"@id\":\"https:\\\/\\\/regiaonews.net.br\\\/2022\\\/#website\",\"url\":\"https:\\\/\\\/regiaonews.net.br\\\/2022\\\/\",\"name\":\"Regi\u00e3o News\",\"description\":\"Site de Not\u00edcias de Barretos e regi\u00e3o\",\"publisher\":{\"@id\":\"https:\\\/\\\/regiaonews.net.br\\\/2022\\\/#organization\"},\"potentialAction\":[{\"@type\":\"SearchAction\",\"target\":{\"@type\":\"EntryPoint\",\"urlTemplate\":\"https:\\\/\\\/regiaonews.net.br\\\/2022\\\/?s={search_term_string}\"},\"query-input\":{\"@type\":\"PropertyValueSpecification\",\"valueRequired\":true,\"valueName\":\"search_term_string\"}}],\"inLanguage\":\"pt-BR\"},{\"@type\":\"Organization\",\"@id\":\"https:\\\/\\\/regiaonews.net.br\\\/2022\\\/#organization\",\"name\":\"Regi\u00e3o News\",\"url\":\"https:\\\/\\\/regiaonews.net.br\\\/2022\\\/\",\"logo\":{\"@type\":\"ImageObject\",\"inLanguage\":\"pt-BR\",\"@id\":\"https:\\\/\\\/regiaonews.net.br\\\/2022\\\/#\\\/schema\\\/logo\\\/image\\\/\",\"url\":\"https:\\\/\\\/regiaonews.net.br\\\/2022\\\/wp-content\\\/uploads\\\/2026\\\/03\\\/regiao-13-anos-scaled.jpg\",\"contentUrl\":\"https:\\\/\\\/regiaonews.net.br\\\/2022\\\/wp-content\\\/uploads\\\/2026\\\/03\\\/regiao-13-anos-scaled.jpg\",\"width\":2560,\"height\":635,\"caption\":\"Regi\u00e3o News\"},\"image\":{\"@id\":\"https:\\\/\\\/regiaonews.net.br\\\/2022\\\/#\\\/schema\\\/logo\\\/image\\\/\"}},{\"@type\":\"Person\",\"@id\":\"https:\\\/\\\/regiaonews.net.br\\\/2022\\\/#\\\/schema\\\/person\\\/2d205a608a5aa97ac279d7a5e6d89ad8\",\"name\":\"Roberto\",\"image\":{\"@type\":\"ImageObject\",\"inLanguage\":\"pt-BR\",\"@id\":\"https:\\\/\\\/secure.gravatar.com\\\/avatar\\\/42749d8b712ff9d59ca93dc150494e5b55a44134482993f5baeb97e61b7ecc89?s=96&d=mm&r=g\",\"url\":\"https:\\\/\\\/secure.gravatar.com\\\/avatar\\\/42749d8b712ff9d59ca93dc150494e5b55a44134482993f5baeb97e61b7ecc89?s=96&d=mm&r=g\",\"contentUrl\":\"https:\\\/\\\/secure.gravatar.com\\\/avatar\\\/42749d8b712ff9d59ca93dc150494e5b55a44134482993f5baeb97e61b7ecc89?s=96&d=mm&r=g\",\"caption\":\"Roberto\"},\"url\":\"https:\\\/\\\/regiaonews.net.br\\\/2022\\\/author\\\/roberto\\\/\"}]}<\/script>\n<!-- \/ Yoast SEO plugin. -->","yoast_head_json":{"title":"Opera\u00e7\u00e3o Akuanduba da PF apura crimes em \u00f3rg\u00e3os ambientais - Regi\u00e3o News","robots":{"index":"index","follow":"follow","max-snippet":"max-snippet:-1","max-image-preview":"max-image-preview:large","max-video-preview":"max-video-preview:-1"},"canonical":"https:\/\/regiaonews.net.br\/2022\/2021\/05\/19\/operacao-akuanduba-da-pf-apura-crimes-em-orgaos-ambientais\/","og_locale":"pt_BR","og_type":"article","og_title":"Opera\u00e7\u00e3o Akuanduba da PF apura crimes em \u00f3rg\u00e3os ambientais - Regi\u00e3o News","og_description":"Crimes contra a administra\u00e7\u00e3o p\u00fablica, como corrup\u00e7\u00e3o, advocacia administrativa, prevarica\u00e7\u00e3o","og_url":"https:\/\/regiaonews.net.br\/2022\/2021\/05\/19\/operacao-akuanduba-da-pf-apura-crimes-em-orgaos-ambientais\/","og_site_name":"Regi\u00e3o News","article_published_time":"2021-05-19T12:49:04+00:00","og_image":[{"width":1170,"height":700,"url":"https:\/\/regiaonews.net.br\/2022\/wp-content\/uploads\/2021\/05\/sede_da_policia_federal_em_brasilia0505202670.jpg","type":"image\/jpeg"}],"author":"Roberto","twitter_card":"summary_large_image","twitter_misc":{"Escrito por":"Roberto","Est. tempo de leitura":"1 minuto"},"schema":{"@context":"https:\/\/schema.org","@graph":[{"@type":"Article","@id":"https:\/\/regiaonews.net.br\/2022\/2021\/05\/19\/operacao-akuanduba-da-pf-apura-crimes-em-orgaos-ambientais\/#article","isPartOf":{"@id":"https:\/\/regiaonews.net.br\/2022\/2021\/05\/19\/operacao-akuanduba-da-pf-apura-crimes-em-orgaos-ambientais\/"},"author":{"name":"Roberto","@id":"https:\/\/regiaonews.net.br\/2022\/#\/schema\/person\/2d205a608a5aa97ac279d7a5e6d89ad8"},"headline":"Opera\u00e7\u00e3o Akuanduba da PF apura crimes em \u00f3rg\u00e3os ambientais","datePublished":"2021-05-19T12:49:04+00:00","mainEntityOfPage":{"@id":"https:\/\/regiaonews.net.br\/2022\/2021\/05\/19\/operacao-akuanduba-da-pf-apura-crimes-em-orgaos-ambientais\/"},"wordCount":233,"commentCount":0,"publisher":{"@id":"https:\/\/regiaonews.net.br\/2022\/#organization"},"image":{"@id":"https:\/\/regiaonews.net.br\/2022\/2021\/05\/19\/operacao-akuanduba-da-pf-apura-crimes-em-orgaos-ambientais\/#primaryimage"},"thumbnailUrl":"https:\/\/regiaonews.net.br\/2022\/wp-content\/uploads\/2021\/05\/sede_da_policia_federal_em_brasilia0505202670.jpg","articleSection":["Brasil","Cidades","Policia"],"inLanguage":"pt-BR","potentialAction":[{"@type":"CommentAction","name":"Comment","target":["https:\/\/regiaonews.net.br\/2022\/2021\/05\/19\/operacao-akuanduba-da-pf-apura-crimes-em-orgaos-ambientais\/#respond"]}]},{"@type":"WebPage","@id":"https:\/\/regiaonews.net.br\/2022\/2021\/05\/19\/operacao-akuanduba-da-pf-apura-crimes-em-orgaos-ambientais\/","url":"https:\/\/regiaonews.net.br\/2022\/2021\/05\/19\/operacao-akuanduba-da-pf-apura-crimes-em-orgaos-ambientais\/","name":"Opera\u00e7\u00e3o Akuanduba da PF apura crimes em \u00f3rg\u00e3os ambientais - Regi\u00e3o News","isPartOf":{"@id":"https:\/\/regiaonews.net.br\/2022\/#website"},"primaryImageOfPage":{"@id":"https:\/\/regiaonews.net.br\/2022\/2021\/05\/19\/operacao-akuanduba-da-pf-apura-crimes-em-orgaos-ambientais\/#primaryimage"},"image":{"@id":"https:\/\/regiaonews.net.br\/2022\/2021\/05\/19\/operacao-akuanduba-da-pf-apura-crimes-em-orgaos-ambientais\/#primaryimage"},"thumbnailUrl":"https:\/\/regiaonews.net.br\/2022\/wp-content\/uploads\/2021\/05\/sede_da_policia_federal_em_brasilia0505202670.jpg","datePublished":"2021-05-19T12:49:04+00:00","breadcrumb":{"@id":"https:\/\/regiaonews.net.br\/2022\/2021\/05\/19\/operacao-akuanduba-da-pf-apura-crimes-em-orgaos-ambientais\/#breadcrumb"},"inLanguage":"pt-BR","potentialAction":[{"@type":"ReadAction","target":["https:\/\/regiaonews.net.br\/2022\/2021\/05\/19\/operacao-akuanduba-da-pf-apura-crimes-em-orgaos-ambientais\/"]}]},{"@type":"ImageObject","inLanguage":"pt-BR","@id":"https:\/\/regiaonews.net.br\/2022\/2021\/05\/19\/operacao-akuanduba-da-pf-apura-crimes-em-orgaos-ambientais\/#primaryimage","url":"https:\/\/regiaonews.net.br\/2022\/wp-content\/uploads\/2021\/05\/sede_da_policia_federal_em_brasilia0505202670.jpg","contentUrl":"https:\/\/regiaonews.net.br\/2022\/wp-content\/uploads\/2021\/05\/sede_da_policia_federal_em_brasilia0505202670.jpg","width":1170,"height":700,"caption":"Sede da Pol\u00edcia Federal em Bras\u00edlia"},{"@type":"BreadcrumbList","@id":"https:\/\/regiaonews.net.br\/2022\/2021\/05\/19\/operacao-akuanduba-da-pf-apura-crimes-em-orgaos-ambientais\/#breadcrumb","itemListElement":[{"@type":"ListItem","position":1,"name":"In\u00edcio","item":"https:\/\/regiaonews.net.br\/2022\/"},{"@type":"ListItem","position":2,"name":"Opera\u00e7\u00e3o Akuanduba da PF apura crimes em \u00f3rg\u00e3os ambientais"}]},{"@type":"WebSite","@id":"https:\/\/regiaonews.net.br\/2022\/#website","url":"https:\/\/regiaonews.net.br\/2022\/","name":"Regi\u00e3o News","description":"Site de Not\u00edcias de Barretos e regi\u00e3o","publisher":{"@id":"https:\/\/regiaonews.net.br\/2022\/#organization"},"potentialAction":[{"@type":"SearchAction","target":{"@type":"EntryPoint","urlTemplate":"https:\/\/regiaonews.net.br\/2022\/?s={search_term_string}"},"query-input":{"@type":"PropertyValueSpecification","valueRequired":true,"valueName":"search_term_string"}}],"inLanguage":"pt-BR"},{"@type":"Organization","@id":"https:\/\/regiaonews.net.br\/2022\/#organization","name":"Regi\u00e3o News","url":"https:\/\/regiaonews.net.br\/2022\/","logo":{"@type":"ImageObject","inLanguage":"pt-BR","@id":"https:\/\/regiaonews.net.br\/2022\/#\/schema\/logo\/image\/","url":"https:\/\/regiaonews.net.br\/2022\/wp-content\/uploads\/2026\/03\/regiao-13-anos-scaled.jpg","contentUrl":"https:\/\/regiaonews.net.br\/2022\/wp-content\/uploads\/2026\/03\/regiao-13-anos-scaled.jpg","width":2560,"height":635,"caption":"Regi\u00e3o News"},"image":{"@id":"https:\/\/regiaonews.net.br\/2022\/#\/schema\/logo\/image\/"}},{"@type":"Person","@id":"https:\/\/regiaonews.net.br\/2022\/#\/schema\/person\/2d205a608a5aa97ac279d7a5e6d89ad8","name":"Roberto","image":{"@type":"ImageObject","inLanguage":"pt-BR","@id":"https:\/\/secure.gravatar.com\/avatar\/42749d8b712ff9d59ca93dc150494e5b55a44134482993f5baeb97e61b7ecc89?s=96&d=mm&r=g","url":"https:\/\/secure.gravatar.com\/avatar\/42749d8b712ff9d59ca93dc150494e5b55a44134482993f5baeb97e61b7ecc89?s=96&d=mm&r=g","contentUrl":"https:\/\/secure.gravatar.com\/avatar\/42749d8b712ff9d59ca93dc150494e5b55a44134482993f5baeb97e61b7ecc89?s=96&d=mm&r=g","caption":"Roberto"},"url":"https:\/\/regiaonews.net.br\/2022\/author\/roberto\/"}]}},"publishpress_future_action":{"enabled":false,"date":"2026-05-04 07:25:03","action":"change-status","newStatus":"draft","terms":[],"taxonomy":"category","extraData":[]},"publishpress_future_workflow_manual_trigger":{"enabledWorkflows":[]},"_links":{"self":[{"href":"https:\/\/regiaonews.net.br\/2022\/wp-json\/wp\/v2\/posts\/47232","targetHints":{"allow":["GET"]}}],"collection":[{"href":"https:\/\/regiaonews.net.br\/2022\/wp-json\/wp\/v2\/posts"}],"about":[{"href":"https:\/\/regiaonews.net.br\/2022\/wp-json\/wp\/v2\/types\/post"}],"author":[{"embeddable":true,"href":"https:\/\/regiaonews.net.br\/2022\/wp-json\/wp\/v2\/users\/2"}],"replies":[{"embeddable":true,"href":"https:\/\/regiaonews.net.br\/2022\/wp-json\/wp\/v2\/comments?post=47232"}],"version-history":[{"count":0,"href":"https:\/\/regiaonews.net.br\/2022\/wp-json\/wp\/v2\/posts\/47232\/revisions"}],"wp:featuredmedia":[{"embeddable":true,"href":"https:\/\/regiaonews.net.br\/2022\/wp-json\/wp\/v2\/media\/47233"}],"wp:attachment":[{"href":"https:\/\/regiaonews.net.br\/2022\/wp-json\/wp\/v2\/media?parent=47232"}],"wp:term":[{"taxonomy":"category","embeddable":true,"href":"https:\/\/regiaonews.net.br\/2022\/wp-json\/wp\/v2\/categories?post=47232"},{"taxonomy":"post_tag","embeddable":true,"href":"https:\/\/regiaonews.net.br\/2022\/wp-json\/wp\/v2\/tags?post=47232"}],"curies":[{"name":"wp","href":"https:\/\/api.w.org\/{rel}","templated":true}]}}