{"id":47168,"date":"2021-05-18T15:22:12","date_gmt":"2021-05-18T18:22:12","guid":{"rendered":"https:\/\/regiaonews.net.br\/2022\/?p=47168"},"modified":"2021-05-25T08:17:27","modified_gmt":"2021-05-25T11:17:27","slug":"cia-pe-na-tabua-completa-13-anos-de-resistencia-no-cenario-da-danca","status":"publish","type":"post","link":"https:\/\/regiaonews.net.br\/2022\/2021\/05\/18\/cia-pe-na-tabua-completa-13-anos-de-resistencia-no-cenario-da-danca\/","title":{"rendered":"Cia. P\u00e9 na T\u00e1bua completa 13 anos de resist\u00eancia no cen\u00e1rio da dan\u00e7a"},"content":{"rendered":"<p><a href=\"https:\/\/regiaonews.net.br\/2022\/wp-content\/uploads\/2021\/05\/91f44c31-746b-4b60-bd70-58ca44571eed.jpg\"><img loading=\"lazy\" decoding=\"async\" class=\"alignnone size-medium wp-image-47169\" src=\"https:\/\/regiaonews.net.br\/2022\/wp-content\/uploads\/2021\/05\/91f44c31-746b-4b60-bd70-58ca44571eed-300x199.jpg\" alt=\"\" width=\"300\" height=\"199\" \/><\/a> <a href=\"https:\/\/regiaonews.net.br\/2022\/wp-content\/uploads\/2021\/05\/5934c1a4-ab44-460f-b968-2abcc2ba3cf0.jpg\"><img loading=\"lazy\" decoding=\"async\" class=\"alignnone size-medium wp-image-47170\" src=\"https:\/\/regiaonews.net.br\/2022\/wp-content\/uploads\/2021\/05\/5934c1a4-ab44-460f-b968-2abcc2ba3cf0-300x199.jpg\" alt=\"\" width=\"300\" height=\"199\" \/><\/a><\/p>\n<p>Fotos &#8211; Carol Cb Fotografia<\/p>\n<p>&nbsp;<\/p>\n<p><em>\u00a0<\/em><\/p>\n<p><em>Uma extensa programa\u00e7\u00e3o foi pensada para celebrar essa express\u00e3o art\u00edstica, agregando conhecimento cient\u00edfico, processos criativos art\u00edsticos, acessibilidade e inclus\u00e3o social<\/em><\/p>\n<p>Chapinhas e sapatos brilhando para celebrar os 13 anos de resili\u00eancia da Cia. de Sapateado P\u00e9 na T\u00e1bua, de Ribeir\u00e3o Preto, que se dedica \u00e0 pesquisa r\u00edtmica aliada ao movimento corporal e \u00e0 pesquisa em dan\u00e7a. Para celebrar essa trajet\u00f3ria, foi idealizado um projeto denominado \u201cTrip\u00e9\u201d, que, com apoio do Minist\u00e9rio do Turismo, Secretaria Especial da Cultura, Lei Aldir Blanc e Governo do Estado de S\u00e3o Paulo, por meio da Secretaria de Cultura e Economia Criativa, ter\u00e1 in\u00edcio no dia 22 de maio e se estender\u00e1 at\u00e9 o m\u00eas de agosto com diversas atividades remotas, oferecidas de forma gratuita.<\/p>\n<p>A preocupa\u00e7\u00e3o constante com a forma\u00e7\u00e3o de p\u00fablico e acessibilidade aos bens culturais que produz sempre se fez presente na trajet\u00f3ria da cia. A necessidade de sair dos espa\u00e7os convencionais de apresenta\u00e7\u00f5es de dan\u00e7a e tamb\u00e9m de procurar outros formatos al\u00e9m do palco italiano atravessa esses deslocamentos e reflete a busca constante pela democratiza\u00e7\u00e3o do acesso ao sapateado que \u00e9 feito.<\/p>\n<p>A fim de contribuir na expans\u00e3o das no\u00e7\u00f5es de acessibilidade importantes para o contexto nacional em Dan\u00e7a, a Cia. pretende atuar no campo da comunica\u00e7\u00e3o acess\u00edvel, colocando em foco, principalmente, o uso da l\u00edngua brasileira de sinais e da audiodescri\u00e7\u00e3o em trabalhos art\u00edsticos-culturais. Para seguir nesse caminho plural e consciente, o projeto Trip\u00e9 engloba a\u00e7\u00f5es urgentes para os pr\u00f3ximos processos de cria\u00e7\u00e3o da Cia, e que podem impactar diretamente na inclus\u00e3o social, t\u00e3o ou mais urgentes nesse tempo de pandemia.<\/p>\n<p>Al\u00e9m disso, o projeto prev\u00ea a\u00e7\u00f5es de partilha de processos criativos, uma vez que o pensamento e o debate sobre dramaturgia no campo do sapateado \u00e9 extremamente escasso.<\/p>\n<p>Em resumo, as a\u00e7\u00f5es do Projeto Trip\u00e9 englobam a cria\u00e7\u00e3o de v\u00eddeos de processos criativos para compartilhar com o p\u00fablico e outros artistas, um Webin\u00e1rio cujo tema \u00e9 Dan\u00e7a e Acessibilidade, com enfoque principalmente na acessibilidade comunicacional, e finalmente, a cria\u00e7\u00e3o de um website para a Cia.<\/p>\n<p>Al\u00e9m deste projeto, a Cia se debru\u00e7a no processo criativo do seu mais recente trabalho c\u00eanico, intitulado \u201cAtalhos\u201d, tamb\u00e9m com apoio da Secretaria de Cultura e Economia Criativa do Estado de S\u00e3o Paulo. A trilha sonora \u00e9 assinada pelo m\u00fasico carioca Jo\u00e3o Callado e o processo conta com a colabora\u00e7\u00e3o do percussionista corporal Charles Raszl, do Grupo Barbatuques.<\/p>\n<p>&nbsp;<\/p>\n<p>&nbsp;<\/p>\n<p>Programa\u00e7\u00e3o Maio &#8211; Projeto TRIP\u00c9<\/p>\n<ul>\n<li>S\u00e1bado, 22\/05 \u00e0s 14h. <strong><em>Mesa Tem\u00e1tica &#8211; Dan\u00e7a e Acessibilidade: ensaios para uma pr\u00e1tica mais acess\u00edvel <\/em><\/strong>com Gabriel Domingues e L\u00edvia Motta. Di\u00e1logos que buscam ampliar as possibilidades c\u00eanicas, refletindo sobre a hierarquia dos sentidos, sobretudo a vis\u00e3o para o campo da Dan\u00e7a, aproximando as\/os participantes da audiodescri\u00e7\u00e3o como po\u00e9tica e Direito.<\/li>\n<\/ul>\n<p>Transmiss\u00e3o ao vivo no canal da Cia &#8211; youtube.com\/ciapenatabua<\/p>\n<p>&nbsp;<\/p>\n<ul>\n<li>Sexta, 28\/05, \u00e0s 18h e S\u00e1bado, 29\/05, \u00e0s <strong><em>Encontro &#8211; Dan\u00e7a e Acessibilidade: experimentos em audiodescri\u00e7\u00e3o<\/em><\/strong> ministrado por L\u00edvia Motta. Sensibilizar as\/os participantes por meio de experimentos e demonstra\u00e7\u00f5es pr\u00e1ticas de audiodescri\u00e7\u00e3o para espet\u00e1culos de dan\u00e7a, apontando poss\u00edveis caminhos e escolhas dessa comunica\u00e7\u00e3o acess\u00edvel ao projetarem seus trabalhos futuros.<\/li>\n<\/ul>\n<p>Ingressos online via Sympla &#8211; sympla.com.br\/ciapenatabua<\/p>\n<p>&nbsp;<\/p>\n","protected":false},"excerpt":{"rendered":"<p>Fotos &#8211; Carol Cb Fotografia &nbsp; \u00a0 Uma extensa programa\u00e7\u00e3o<\/p>\n","protected":false},"author":2,"featured_media":47170,"comment_status":"open","ping_status":"open","sticky":false,"template":"","format":"standard","meta":{"footnotes":""},"categories":[25,32],"tags":[],"class_list":["post-47168","post","type-post","status-publish","format-standard","has-post-thumbnail","hentry","category-cidades","category-ribeirao-preto"],"yoast_head":"<!-- This site is optimized with the Yoast SEO plugin v27.4 - https:\/\/yoast.com\/product\/yoast-seo-wordpress\/ -->\n<title>Cia. P\u00e9 na T\u00e1bua completa 13 anos de resist\u00eancia no cen\u00e1rio da dan\u00e7a - Regi\u00e3o News<\/title>\n<meta name=\"robots\" content=\"index, follow, max-snippet:-1, max-image-preview:large, max-video-preview:-1\" \/>\n<link rel=\"canonical\" href=\"https:\/\/regiaonews.net.br\/2022\/2021\/05\/18\/cia-pe-na-tabua-completa-13-anos-de-resistencia-no-cenario-da-danca\/\" \/>\n<meta property=\"og:locale\" content=\"pt_BR\" \/>\n<meta property=\"og:type\" content=\"article\" \/>\n<meta property=\"og:title\" content=\"Cia. P\u00e9 na T\u00e1bua completa 13 anos de resist\u00eancia no cen\u00e1rio da dan\u00e7a - Regi\u00e3o News\" \/>\n<meta property=\"og:description\" content=\"Fotos &#8211; Carol Cb Fotografia &nbsp; \u00a0 Uma extensa programa\u00e7\u00e3o\" \/>\n<meta property=\"og:url\" content=\"https:\/\/regiaonews.net.br\/2022\/2021\/05\/18\/cia-pe-na-tabua-completa-13-anos-de-resistencia-no-cenario-da-danca\/\" \/>\n<meta property=\"og:site_name\" content=\"Regi\u00e3o News\" \/>\n<meta property=\"article:published_time\" content=\"2021-05-18T18:22:12+00:00\" \/>\n<meta property=\"article:modified_time\" content=\"2021-05-25T11:17:27+00:00\" \/>\n<meta property=\"og:image\" content=\"https:\/\/regiaonews.net.br\/2022\/wp-content\/uploads\/2021\/05\/5934c1a4-ab44-460f-b968-2abcc2ba3cf0.jpg\" \/>\n\t<meta property=\"og:image:width\" content=\"1280\" \/>\n\t<meta property=\"og:image:height\" content=\"850\" \/>\n\t<meta property=\"og:image:type\" content=\"image\/jpeg\" \/>\n<meta name=\"author\" content=\"Roberto\" \/>\n<meta name=\"twitter:card\" content=\"summary_large_image\" \/>\n<meta name=\"twitter:label1\" content=\"Escrito por\" \/>\n\t<meta name=\"twitter:data1\" content=\"Roberto\" \/>\n\t<meta name=\"twitter:label2\" content=\"Est. tempo de leitura\" \/>\n\t<meta name=\"twitter:data2\" content=\"3 minutos\" \/>\n<script type=\"application\/ld+json\" class=\"yoast-schema-graph\">{\"@context\":\"https:\\\/\\\/schema.org\",\"@graph\":[{\"@type\":\"Article\",\"@id\":\"https:\\\/\\\/regiaonews.net.br\\\/2022\\\/2021\\\/05\\\/18\\\/cia-pe-na-tabua-completa-13-anos-de-resistencia-no-cenario-da-danca\\\/#article\",\"isPartOf\":{\"@id\":\"https:\\\/\\\/regiaonews.net.br\\\/2022\\\/2021\\\/05\\\/18\\\/cia-pe-na-tabua-completa-13-anos-de-resistencia-no-cenario-da-danca\\\/\"},\"author\":{\"name\":\"Roberto\",\"@id\":\"https:\\\/\\\/regiaonews.net.br\\\/2022\\\/#\\\/schema\\\/person\\\/2d205a608a5aa97ac279d7a5e6d89ad8\"},\"headline\":\"Cia. P\u00e9 na T\u00e1bua completa 13 anos de resist\u00eancia no cen\u00e1rio da dan\u00e7a\",\"datePublished\":\"2021-05-18T18:22:12+00:00\",\"dateModified\":\"2021-05-25T11:17:27+00:00\",\"mainEntityOfPage\":{\"@id\":\"https:\\\/\\\/regiaonews.net.br\\\/2022\\\/2021\\\/05\\\/18\\\/cia-pe-na-tabua-completa-13-anos-de-resistencia-no-cenario-da-danca\\\/\"},\"wordCount\":618,\"commentCount\":0,\"publisher\":{\"@id\":\"https:\\\/\\\/regiaonews.net.br\\\/2022\\\/#organization\"},\"image\":{\"@id\":\"https:\\\/\\\/regiaonews.net.br\\\/2022\\\/2021\\\/05\\\/18\\\/cia-pe-na-tabua-completa-13-anos-de-resistencia-no-cenario-da-danca\\\/#primaryimage\"},\"thumbnailUrl\":\"https:\\\/\\\/regiaonews.net.br\\\/2022\\\/wp-content\\\/uploads\\\/2021\\\/05\\\/5934c1a4-ab44-460f-b968-2abcc2ba3cf0.jpg\",\"articleSection\":[\"Cidades\",\"Ribeir\u00e3o Preto\"],\"inLanguage\":\"pt-BR\",\"potentialAction\":[{\"@type\":\"CommentAction\",\"name\":\"Comment\",\"target\":[\"https:\\\/\\\/regiaonews.net.br\\\/2022\\\/2021\\\/05\\\/18\\\/cia-pe-na-tabua-completa-13-anos-de-resistencia-no-cenario-da-danca\\\/#respond\"]}]},{\"@type\":\"WebPage\",\"@id\":\"https:\\\/\\\/regiaonews.net.br\\\/2022\\\/2021\\\/05\\\/18\\\/cia-pe-na-tabua-completa-13-anos-de-resistencia-no-cenario-da-danca\\\/\",\"url\":\"https:\\\/\\\/regiaonews.net.br\\\/2022\\\/2021\\\/05\\\/18\\\/cia-pe-na-tabua-completa-13-anos-de-resistencia-no-cenario-da-danca\\\/\",\"name\":\"Cia. P\u00e9 na T\u00e1bua completa 13 anos de resist\u00eancia no cen\u00e1rio da dan\u00e7a - Regi\u00e3o News\",\"isPartOf\":{\"@id\":\"https:\\\/\\\/regiaonews.net.br\\\/2022\\\/#website\"},\"primaryImageOfPage\":{\"@id\":\"https:\\\/\\\/regiaonews.net.br\\\/2022\\\/2021\\\/05\\\/18\\\/cia-pe-na-tabua-completa-13-anos-de-resistencia-no-cenario-da-danca\\\/#primaryimage\"},\"image\":{\"@id\":\"https:\\\/\\\/regiaonews.net.br\\\/2022\\\/2021\\\/05\\\/18\\\/cia-pe-na-tabua-completa-13-anos-de-resistencia-no-cenario-da-danca\\\/#primaryimage\"},\"thumbnailUrl\":\"https:\\\/\\\/regiaonews.net.br\\\/2022\\\/wp-content\\\/uploads\\\/2021\\\/05\\\/5934c1a4-ab44-460f-b968-2abcc2ba3cf0.jpg\",\"datePublished\":\"2021-05-18T18:22:12+00:00\",\"dateModified\":\"2021-05-25T11:17:27+00:00\",\"breadcrumb\":{\"@id\":\"https:\\\/\\\/regiaonews.net.br\\\/2022\\\/2021\\\/05\\\/18\\\/cia-pe-na-tabua-completa-13-anos-de-resistencia-no-cenario-da-danca\\\/#breadcrumb\"},\"inLanguage\":\"pt-BR\",\"potentialAction\":[{\"@type\":\"ReadAction\",\"target\":[\"https:\\\/\\\/regiaonews.net.br\\\/2022\\\/2021\\\/05\\\/18\\\/cia-pe-na-tabua-completa-13-anos-de-resistencia-no-cenario-da-danca\\\/\"]}]},{\"@type\":\"ImageObject\",\"inLanguage\":\"pt-BR\",\"@id\":\"https:\\\/\\\/regiaonews.net.br\\\/2022\\\/2021\\\/05\\\/18\\\/cia-pe-na-tabua-completa-13-anos-de-resistencia-no-cenario-da-danca\\\/#primaryimage\",\"url\":\"https:\\\/\\\/regiaonews.net.br\\\/2022\\\/wp-content\\\/uploads\\\/2021\\\/05\\\/5934c1a4-ab44-460f-b968-2abcc2ba3cf0.jpg\",\"contentUrl\":\"https:\\\/\\\/regiaonews.net.br\\\/2022\\\/wp-content\\\/uploads\\\/2021\\\/05\\\/5934c1a4-ab44-460f-b968-2abcc2ba3cf0.jpg\",\"width\":1280,\"height\":850},{\"@type\":\"BreadcrumbList\",\"@id\":\"https:\\\/\\\/regiaonews.net.br\\\/2022\\\/2021\\\/05\\\/18\\\/cia-pe-na-tabua-completa-13-anos-de-resistencia-no-cenario-da-danca\\\/#breadcrumb\",\"itemListElement\":[{\"@type\":\"ListItem\",\"position\":1,\"name\":\"In\u00edcio\",\"item\":\"https:\\\/\\\/regiaonews.net.br\\\/2022\\\/\"},{\"@type\":\"ListItem\",\"position\":2,\"name\":\"Cia. P\u00e9 na T\u00e1bua completa 13 anos de resist\u00eancia no cen\u00e1rio da dan\u00e7a\"}]},{\"@type\":\"WebSite\",\"@id\":\"https:\\\/\\\/regiaonews.net.br\\\/2022\\\/#website\",\"url\":\"https:\\\/\\\/regiaonews.net.br\\\/2022\\\/\",\"name\":\"Regi\u00e3o News\",\"description\":\"Site de Not\u00edcias de Barretos e regi\u00e3o\",\"publisher\":{\"@id\":\"https:\\\/\\\/regiaonews.net.br\\\/2022\\\/#organization\"},\"potentialAction\":[{\"@type\":\"SearchAction\",\"target\":{\"@type\":\"EntryPoint\",\"urlTemplate\":\"https:\\\/\\\/regiaonews.net.br\\\/2022\\\/?s={search_term_string}\"},\"query-input\":{\"@type\":\"PropertyValueSpecification\",\"valueRequired\":true,\"valueName\":\"search_term_string\"}}],\"inLanguage\":\"pt-BR\"},{\"@type\":\"Organization\",\"@id\":\"https:\\\/\\\/regiaonews.net.br\\\/2022\\\/#organization\",\"name\":\"Regi\u00e3o News\",\"url\":\"https:\\\/\\\/regiaonews.net.br\\\/2022\\\/\",\"logo\":{\"@type\":\"ImageObject\",\"inLanguage\":\"pt-BR\",\"@id\":\"https:\\\/\\\/regiaonews.net.br\\\/2022\\\/#\\\/schema\\\/logo\\\/image\\\/\",\"url\":\"https:\\\/\\\/regiaonews.net.br\\\/2022\\\/wp-content\\\/uploads\\\/2026\\\/03\\\/regiao-13-anos-scaled.jpg\",\"contentUrl\":\"https:\\\/\\\/regiaonews.net.br\\\/2022\\\/wp-content\\\/uploads\\\/2026\\\/03\\\/regiao-13-anos-scaled.jpg\",\"width\":2560,\"height\":635,\"caption\":\"Regi\u00e3o News\"},\"image\":{\"@id\":\"https:\\\/\\\/regiaonews.net.br\\\/2022\\\/#\\\/schema\\\/logo\\\/image\\\/\"}},{\"@type\":\"Person\",\"@id\":\"https:\\\/\\\/regiaonews.net.br\\\/2022\\\/#\\\/schema\\\/person\\\/2d205a608a5aa97ac279d7a5e6d89ad8\",\"name\":\"Roberto\",\"image\":{\"@type\":\"ImageObject\",\"inLanguage\":\"pt-BR\",\"@id\":\"https:\\\/\\\/secure.gravatar.com\\\/avatar\\\/42749d8b712ff9d59ca93dc150494e5b55a44134482993f5baeb97e61b7ecc89?s=96&d=mm&r=g\",\"url\":\"https:\\\/\\\/secure.gravatar.com\\\/avatar\\\/42749d8b712ff9d59ca93dc150494e5b55a44134482993f5baeb97e61b7ecc89?s=96&d=mm&r=g\",\"contentUrl\":\"https:\\\/\\\/secure.gravatar.com\\\/avatar\\\/42749d8b712ff9d59ca93dc150494e5b55a44134482993f5baeb97e61b7ecc89?s=96&d=mm&r=g\",\"caption\":\"Roberto\"},\"url\":\"https:\\\/\\\/regiaonews.net.br\\\/2022\\\/author\\\/roberto\\\/\"}]}<\/script>\n<!-- \/ Yoast SEO plugin. -->","yoast_head_json":{"title":"Cia. P\u00e9 na T\u00e1bua completa 13 anos de resist\u00eancia no cen\u00e1rio da dan\u00e7a - Regi\u00e3o News","robots":{"index":"index","follow":"follow","max-snippet":"max-snippet:-1","max-image-preview":"max-image-preview:large","max-video-preview":"max-video-preview:-1"},"canonical":"https:\/\/regiaonews.net.br\/2022\/2021\/05\/18\/cia-pe-na-tabua-completa-13-anos-de-resistencia-no-cenario-da-danca\/","og_locale":"pt_BR","og_type":"article","og_title":"Cia. P\u00e9 na T\u00e1bua completa 13 anos de resist\u00eancia no cen\u00e1rio da dan\u00e7a - Regi\u00e3o News","og_description":"Fotos &#8211; Carol Cb Fotografia &nbsp; \u00a0 Uma extensa programa\u00e7\u00e3o","og_url":"https:\/\/regiaonews.net.br\/2022\/2021\/05\/18\/cia-pe-na-tabua-completa-13-anos-de-resistencia-no-cenario-da-danca\/","og_site_name":"Regi\u00e3o News","article_published_time":"2021-05-18T18:22:12+00:00","article_modified_time":"2021-05-25T11:17:27+00:00","og_image":[{"width":1280,"height":850,"url":"https:\/\/regiaonews.net.br\/2022\/wp-content\/uploads\/2021\/05\/5934c1a4-ab44-460f-b968-2abcc2ba3cf0.jpg","type":"image\/jpeg"}],"author":"Roberto","twitter_card":"summary_large_image","twitter_misc":{"Escrito por":"Roberto","Est. tempo de leitura":"3 minutos"},"schema":{"@context":"https:\/\/schema.org","@graph":[{"@type":"Article","@id":"https:\/\/regiaonews.net.br\/2022\/2021\/05\/18\/cia-pe-na-tabua-completa-13-anos-de-resistencia-no-cenario-da-danca\/#article","isPartOf":{"@id":"https:\/\/regiaonews.net.br\/2022\/2021\/05\/18\/cia-pe-na-tabua-completa-13-anos-de-resistencia-no-cenario-da-danca\/"},"author":{"name":"Roberto","@id":"https:\/\/regiaonews.net.br\/2022\/#\/schema\/person\/2d205a608a5aa97ac279d7a5e6d89ad8"},"headline":"Cia. P\u00e9 na T\u00e1bua completa 13 anos de resist\u00eancia no cen\u00e1rio da dan\u00e7a","datePublished":"2021-05-18T18:22:12+00:00","dateModified":"2021-05-25T11:17:27+00:00","mainEntityOfPage":{"@id":"https:\/\/regiaonews.net.br\/2022\/2021\/05\/18\/cia-pe-na-tabua-completa-13-anos-de-resistencia-no-cenario-da-danca\/"},"wordCount":618,"commentCount":0,"publisher":{"@id":"https:\/\/regiaonews.net.br\/2022\/#organization"},"image":{"@id":"https:\/\/regiaonews.net.br\/2022\/2021\/05\/18\/cia-pe-na-tabua-completa-13-anos-de-resistencia-no-cenario-da-danca\/#primaryimage"},"thumbnailUrl":"https:\/\/regiaonews.net.br\/2022\/wp-content\/uploads\/2021\/05\/5934c1a4-ab44-460f-b968-2abcc2ba3cf0.jpg","articleSection":["Cidades","Ribeir\u00e3o Preto"],"inLanguage":"pt-BR","potentialAction":[{"@type":"CommentAction","name":"Comment","target":["https:\/\/regiaonews.net.br\/2022\/2021\/05\/18\/cia-pe-na-tabua-completa-13-anos-de-resistencia-no-cenario-da-danca\/#respond"]}]},{"@type":"WebPage","@id":"https:\/\/regiaonews.net.br\/2022\/2021\/05\/18\/cia-pe-na-tabua-completa-13-anos-de-resistencia-no-cenario-da-danca\/","url":"https:\/\/regiaonews.net.br\/2022\/2021\/05\/18\/cia-pe-na-tabua-completa-13-anos-de-resistencia-no-cenario-da-danca\/","name":"Cia. P\u00e9 na T\u00e1bua completa 13 anos de resist\u00eancia no cen\u00e1rio da dan\u00e7a - Regi\u00e3o News","isPartOf":{"@id":"https:\/\/regiaonews.net.br\/2022\/#website"},"primaryImageOfPage":{"@id":"https:\/\/regiaonews.net.br\/2022\/2021\/05\/18\/cia-pe-na-tabua-completa-13-anos-de-resistencia-no-cenario-da-danca\/#primaryimage"},"image":{"@id":"https:\/\/regiaonews.net.br\/2022\/2021\/05\/18\/cia-pe-na-tabua-completa-13-anos-de-resistencia-no-cenario-da-danca\/#primaryimage"},"thumbnailUrl":"https:\/\/regiaonews.net.br\/2022\/wp-content\/uploads\/2021\/05\/5934c1a4-ab44-460f-b968-2abcc2ba3cf0.jpg","datePublished":"2021-05-18T18:22:12+00:00","dateModified":"2021-05-25T11:17:27+00:00","breadcrumb":{"@id":"https:\/\/regiaonews.net.br\/2022\/2021\/05\/18\/cia-pe-na-tabua-completa-13-anos-de-resistencia-no-cenario-da-danca\/#breadcrumb"},"inLanguage":"pt-BR","potentialAction":[{"@type":"ReadAction","target":["https:\/\/regiaonews.net.br\/2022\/2021\/05\/18\/cia-pe-na-tabua-completa-13-anos-de-resistencia-no-cenario-da-danca\/"]}]},{"@type":"ImageObject","inLanguage":"pt-BR","@id":"https:\/\/regiaonews.net.br\/2022\/2021\/05\/18\/cia-pe-na-tabua-completa-13-anos-de-resistencia-no-cenario-da-danca\/#primaryimage","url":"https:\/\/regiaonews.net.br\/2022\/wp-content\/uploads\/2021\/05\/5934c1a4-ab44-460f-b968-2abcc2ba3cf0.jpg","contentUrl":"https:\/\/regiaonews.net.br\/2022\/wp-content\/uploads\/2021\/05\/5934c1a4-ab44-460f-b968-2abcc2ba3cf0.jpg","width":1280,"height":850},{"@type":"BreadcrumbList","@id":"https:\/\/regiaonews.net.br\/2022\/2021\/05\/18\/cia-pe-na-tabua-completa-13-anos-de-resistencia-no-cenario-da-danca\/#breadcrumb","itemListElement":[{"@type":"ListItem","position":1,"name":"In\u00edcio","item":"https:\/\/regiaonews.net.br\/2022\/"},{"@type":"ListItem","position":2,"name":"Cia. P\u00e9 na T\u00e1bua completa 13 anos de resist\u00eancia no cen\u00e1rio da dan\u00e7a"}]},{"@type":"WebSite","@id":"https:\/\/regiaonews.net.br\/2022\/#website","url":"https:\/\/regiaonews.net.br\/2022\/","name":"Regi\u00e3o News","description":"Site de Not\u00edcias de Barretos e regi\u00e3o","publisher":{"@id":"https:\/\/regiaonews.net.br\/2022\/#organization"},"potentialAction":[{"@type":"SearchAction","target":{"@type":"EntryPoint","urlTemplate":"https:\/\/regiaonews.net.br\/2022\/?s={search_term_string}"},"query-input":{"@type":"PropertyValueSpecification","valueRequired":true,"valueName":"search_term_string"}}],"inLanguage":"pt-BR"},{"@type":"Organization","@id":"https:\/\/regiaonews.net.br\/2022\/#organization","name":"Regi\u00e3o News","url":"https:\/\/regiaonews.net.br\/2022\/","logo":{"@type":"ImageObject","inLanguage":"pt-BR","@id":"https:\/\/regiaonews.net.br\/2022\/#\/schema\/logo\/image\/","url":"https:\/\/regiaonews.net.br\/2022\/wp-content\/uploads\/2026\/03\/regiao-13-anos-scaled.jpg","contentUrl":"https:\/\/regiaonews.net.br\/2022\/wp-content\/uploads\/2026\/03\/regiao-13-anos-scaled.jpg","width":2560,"height":635,"caption":"Regi\u00e3o News"},"image":{"@id":"https:\/\/regiaonews.net.br\/2022\/#\/schema\/logo\/image\/"}},{"@type":"Person","@id":"https:\/\/regiaonews.net.br\/2022\/#\/schema\/person\/2d205a608a5aa97ac279d7a5e6d89ad8","name":"Roberto","image":{"@type":"ImageObject","inLanguage":"pt-BR","@id":"https:\/\/secure.gravatar.com\/avatar\/42749d8b712ff9d59ca93dc150494e5b55a44134482993f5baeb97e61b7ecc89?s=96&d=mm&r=g","url":"https:\/\/secure.gravatar.com\/avatar\/42749d8b712ff9d59ca93dc150494e5b55a44134482993f5baeb97e61b7ecc89?s=96&d=mm&r=g","contentUrl":"https:\/\/secure.gravatar.com\/avatar\/42749d8b712ff9d59ca93dc150494e5b55a44134482993f5baeb97e61b7ecc89?s=96&d=mm&r=g","caption":"Roberto"},"url":"https:\/\/regiaonews.net.br\/2022\/author\/roberto\/"}]}},"publishpress_future_action":{"enabled":false,"date":"2026-05-04 10:20:14","action":"change-status","newStatus":"draft","terms":[],"taxonomy":"category","extraData":[]},"publishpress_future_workflow_manual_trigger":{"enabledWorkflows":[]},"_links":{"self":[{"href":"https:\/\/regiaonews.net.br\/2022\/wp-json\/wp\/v2\/posts\/47168","targetHints":{"allow":["GET"]}}],"collection":[{"href":"https:\/\/regiaonews.net.br\/2022\/wp-json\/wp\/v2\/posts"}],"about":[{"href":"https:\/\/regiaonews.net.br\/2022\/wp-json\/wp\/v2\/types\/post"}],"author":[{"embeddable":true,"href":"https:\/\/regiaonews.net.br\/2022\/wp-json\/wp\/v2\/users\/2"}],"replies":[{"embeddable":true,"href":"https:\/\/regiaonews.net.br\/2022\/wp-json\/wp\/v2\/comments?post=47168"}],"version-history":[{"count":0,"href":"https:\/\/regiaonews.net.br\/2022\/wp-json\/wp\/v2\/posts\/47168\/revisions"}],"wp:featuredmedia":[{"embeddable":true,"href":"https:\/\/regiaonews.net.br\/2022\/wp-json\/wp\/v2\/media\/47170"}],"wp:attachment":[{"href":"https:\/\/regiaonews.net.br\/2022\/wp-json\/wp\/v2\/media?parent=47168"}],"wp:term":[{"taxonomy":"category","embeddable":true,"href":"https:\/\/regiaonews.net.br\/2022\/wp-json\/wp\/v2\/categories?post=47168"},{"taxonomy":"post_tag","embeddable":true,"href":"https:\/\/regiaonews.net.br\/2022\/wp-json\/wp\/v2\/tags?post=47168"}],"curies":[{"name":"wp","href":"https:\/\/api.w.org\/{rel}","templated":true}]}}