{"id":47156,"date":"2021-05-18T11:52:46","date_gmt":"2021-05-18T14:52:46","guid":{"rendered":"https:\/\/regiaonews.net.br\/2022\/?p=47156"},"modified":"2021-05-27T00:18:27","modified_gmt":"2021-05-27T03:18:27","slug":"compositor-e-baixista-lanca-cd-eduardo-machado-toca-alegre-dia-20-nas-plataformas-digitais","status":"publish","type":"post","link":"https:\/\/regiaonews.net.br\/2022\/2021\/05\/18\/compositor-e-baixista-lanca-cd-eduardo-machado-toca-alegre-dia-20-nas-plataformas-digitais\/","title":{"rendered":"Compositor e baixista lan\u00e7a CD \u2018Eduardo Machado toca Alegre\u2019 dia 20 nas plataformas digitais"},"content":{"rendered":"<p><a href=\"https:\/\/regiaonews.net.br\/2022\/wp-content\/uploads\/2021\/05\/9e1f2bbc-be08-6307-8e1c-4a18a780b958.jpg\"><img loading=\"lazy\" decoding=\"async\" class=\"alignnone size-medium wp-image-47157\" src=\"https:\/\/regiaonews.net.br\/2022\/wp-content\/uploads\/2021\/05\/9e1f2bbc-be08-6307-8e1c-4a18a780b958-300x200.jpg\" alt=\"\" width=\"300\" height=\"200\" \/><\/a><\/p>\n<p>Em seu 9\u00ba disco, \u201cEduardo Machado toca Alegre\u201d, o compositor e baixista Eduardo Machado revela, despropositadamente, toda a diversidade e o ecletismo da m\u00fasica instrumental brasileira. O trabalho, que homenageia o m\u00fasico e compositor ga\u00facho Alegre Corr\u00eaa e ser\u00e1 lan\u00e7ado quinta-feira (20\/05) nas plataformas digitais, re\u00fane um time de peso, que explora os instrumentos al\u00e9m da sua forma tradicional, criando uma atmosfera com hibridismo de estilos como maracatu, bai\u00e3o, samba, bossa nova e latin jazz, influenciados ainda pelo chamam\u00e9 e pela chacarera, ritmos de origem argentina, presentes no Sul do Brasil.<\/p>\n<p>\u201cO Alegre tem uma obra fant\u00e1stica e deveria ser muito mais reconhecido pelo que \u00e9 e o que representa para a m\u00fasica brasileira. Seu som \u00e9 diferente, com melodia simples e ao mesmo tempo sofisticada, muito dif\u00edcil de se fazer. E ele \u00e9 assim, seu trabalho \u00e9 o seu retrato. Sou seu f\u00e3 e admiro a riqueza das suas composi\u00e7\u00f5es e can\u00e7\u00f5es, em todos os sentidos: ritmicamente, harmonicamente e melodicamente\u201d, diz Eduardo Machado.<\/p>\n<p>A hist\u00f3ria do compositor e baixista com a obra de Alegre come\u00e7ou em 1996, durante sua primeira viagem \u00e0 Europa para estudos, onde assistiu o Festival de Jazz de Montreux, na Su\u00ed\u00e7a. \u201cO show era \u00e0 noite, mas cheguei cedo e tinha um pessoal fazendo um baita som, que me impressionou muito. Era o Alegre e sua banda. Ap\u00f3s uns meses, fui tocar em Campinas (SP) e um amigo guitarrista me apresentou dois CDs do Alegre, foi muita coincid\u00eancia porque eu nem sabia que ele era brasileiro. Fiz c\u00f3pia das m\u00fasicas e comecei a estudar as partituras e compartilhar com os amigos\u201d, conta Eduardo.<\/p>\n<p>A partir da\u00ed, o baixista paulista &#8211; que \u00e9 considerado pela cr\u00edtica especializada um dos maiores nomes do contrabaixo brasileiro da atualidade &#8211; incluiu Alegre nos repert\u00f3rios de shows e projetos como o \u201cQuinta Jazz\u201d, realizado durante sete anos em Franca (SP), cidade que Eduardo escolheu para morar h\u00e1 mais de 40 anos.<\/p>\n<p>\u201cEm 2016 fiquei sabendo que Alegre havia se mudado de Viena (onde morou durante mais de 20 anos) para Florian\u00f3polis (SC) e mandei um e-mail o convidando para participar do projeto. Na oportunidade, agendei alguns shows nas cidades da regi\u00e3o. Ele perdeu o avi\u00e3o, chegou em cima da hora e n\u00e3o conseguimos ensaiar. Conheci ele no palco e ele ficou impressionado que a banda sabia tocar suas m\u00fasicas\u201d, diz Eduardo.<\/p>\n<p>Foi neste dia que surgiu uma grande amizade e parceria entre os m\u00fasicos. \u201cDois meses depois, ele me convidou para fazer shows com a banda dele, coincidentemente, 20 anos depois de eu ver seu show na Su\u00ed\u00e7a\u201d, ressalta Eduardo.<\/p>\n<p>Alegre Corr\u00eaa, de Passo Fundo (RS), \u00e9 m\u00fasico autodidata, com 40 anos de carreira. Iniciou sua trajet\u00f3ria em bandas de baile, mas logo passou a se dedicar \u00e0 composi\u00e7\u00e3o. Em 1988, mudou-se para a \u00c1ustria, onde consolidou sua carreira tocando com orquestras e grandes m\u00fasicos da World Music, dentre eles Joe Zawinul.<\/p>\n<p>Ao longo de sua trajet\u00f3ria, gravou 13 \u00e1lbuns solo como compositor, arranjador e instrumentista, e ganhou v\u00e1rios pr\u00eamios, sendo os mais importantes: \u201cCD do ano\u201d (Hanskoller Prize \u2013 \u00c1ustria 2002), \u201cM\u00fasico do Ano\u201d (Hanskoller Prize \u2013 \u00c1ustria 2003) e, com o grupo de Joe Zawinul, o \u201cGrammy Awards\u201d (EUA 2009).<\/p>\n<p>\u201cN\u00e3o tenho palavras para agradecer. Essa homenagem, em vida, significa um respeito muito grande pela minha m\u00fasica e pelo meu trabalho, ainda mais sendo do Eduardo, que tem um n\u00edvel alto de m\u00fasica. N\u00e3o tem como explicar a sensa\u00e7\u00e3o de trabalho cumprido, de sentir que sempre estive no caminho certo\u201d, diz Alegre Corr\u00eaa, que participa do disco como cantor.<\/p>\n<p><strong>O DISCO<\/strong><br \/>\nO CD \u201cEduardo Machado toca Alegre\u201d ser\u00e1 lan\u00e7ado na quinta-feira (20\/05), em todas as plataformas digitais. Com participa\u00e7\u00e3o especial do homenageado, o \u00e1lbum apresenta nove faixas e repert\u00f3rio ecl\u00e9tico de m\u00fasica instrumental brasileira. Chamam\u00e9 e pela chacarera, ritmos de origem argentina presentes no Sul do Brasil, influenciam os acordes, batuques e efeitos sonoros, em um jogo din\u00e2mico e extremamente mel\u00f3dico, com hibridismo de estilos como maracatu, bai\u00e3o, samba, bossa nova e latin jazz.<\/p>\n<p>\u201cA diversidade, essa atmosfera, a ginga que a m\u00fasica brasileira tem \u00e9 \u00fanica! A ideia \u00e9 explorar os instrumentos al\u00e9m da sua forma tradicional, com sonoras melodias e harmonia mais ritmada, empolgante, e a bateria mais mel\u00f3dica\u201d, diz Eduardo.<\/p>\n<p>No disco, o baixista vem acompanhado de um time de m\u00fasicos da mais alta qualidade. O carioca M\u00e1rcio Bahia (bateria) integrou o grupo de Hermeto Pascoal durante 33 anos e j\u00e1 tocou nos maiores festivais de jazz na Europa, EUA, Jap\u00e3o e Am\u00e9rica do Sul. Jota P (sax tenor\/soprano\/flauta) faz parte dos grupos de Alegre e de Hermeto Pascoal, e tem no curr\u00edculo Pr\u00eamio da M\u00fasica Brasileira e Grammy Latino. Gil Reis (teclado) \u00e9 parceiro de Eduardo h\u00e1 12 anos e, como pianista, j\u00e1 fez quatro turn\u00eas internacionais ao lado do baixista.<\/p>\n<p>\u201cEduardo Machado toca Alegre\u201d conta com participa\u00e7\u00e3o especial de Gabriel Grossi (harm\u00f4nica), que \u00e9 autodidata, considerado um dos melhores harmonicistas do mundo, com carreira solo consolidada no Brasil e outros pa\u00edses, integrante do Hamilton de Holanda Quinteto (Pr\u00eamio M\u00fasica Brasileira, em 2007) e finalista do Grammy Latino (tr\u00eas vezes). E de Marquinho Sabino (percuss\u00e3o), com mais de 25 anos de experi\u00eancia, j\u00e1 dividiu o palco com grandes artistas e participou de in\u00fameros CDs e DVDs.<\/p>\n<p>\u201cEu j\u00e1 toquei com todos eles, mas em diversas \u00e9pocas e situa\u00e7\u00f5es. Escolhi m\u00fasicos que tinham a ver com a minha m\u00fasica e a do Alegre e reuni essa turma pela primeira vez. Nesta grava\u00e7\u00e3o, momentos onde o prazer de ouvir e fazer m\u00fasica se misturam\u201d, explica Eduardo.<\/p>\n<p>\u201cMinha m\u00fasica \u00e9 muito simples, qualquer pessoa pode tocar, mas esses m\u00fasicos de alto n\u00edvel, acostumados a tocar melodias complexas, fizeram interpreta\u00e7\u00f5es maravilhosas, a minha m\u00fasica cresceu. Fiquei muito emocionado pela escolha do repert\u00f3rio, os arranjos especiais, as vers\u00f5es com novas ideias. Foi uma honra participar de todas as formas\u201d, completa Alegre.<\/p>\n<p>O \u00e1lbum mostra diversas fases da trajet\u00f3ria de Alegre e apresenta duas faixas in\u00e9ditas: \u201cToca Alegre\u201d, composta em parceria com Eduardo, especialmente para a obra, e a can\u00e7\u00e3o \u201cBrotou uma Can\u00e7\u00e3o\u201d, composta por Alegre, Paulinho Pedra Azul e Crist\u00f3v\u00e3o Bastos, e gravada com a participa\u00e7\u00e3o do homenageado, mostrando uma nova faceta, como cantor.<\/p>\n<p>\u201cTive o prazer de compor com esses novos parceiros, Crist\u00f3v\u00e3o Bastos \u00e9 simplesmente um dos maiores compositores do nosso pa\u00eds, e participar cantando. Sempre gostei de cantar, na verdade fui primeiro cantor antes do que qualquer outra coisa, e todos os meus temas, as melodias, sempre fiz com a voz\u201d, revela Alegre.<\/p>\n<p>Entre as nove faixas vale destacar tamb\u00e9m a refinada \u201cBachi\u00e3o\u201d, que mescla o bai\u00e3o da m\u00fasica nordestina com forte influ\u00eancia da m\u00fasica erudita, especialmente do compositor Bach, e a melodia do chamam\u00e9 \u201cEncontro das \u00c1guas\u201d, que, segundo Eduardo, sempre emociona o p\u00fablico.<\/p>\n<p><strong>SERVI\u00c7O<\/strong><br \/>\n<strong>Lan\u00e7amento do CD \u2018Eduardo Machado toca Alegre\u2019<\/strong><br \/>\n<strong>Data:\u00a0<\/strong>quinta-feira, 20 de maio<br \/>\n<strong>Pre-save:\u00a0<\/strong><a href=\"https:\/\/tratore.ffm.to\/alegre\">https:\/\/tratore.ffm.to\/alegre<\/a><br \/>\n<strong>Site:<\/strong>\u00a0<a href=\"http:\/\/www.eduardo-machado.com\/\">www.eduardo-machado.com<\/a><br \/>\n<strong>Redes sociais:\u00a0<\/strong><a href=\"http:\/\/www.facebook.com\/eduardomachadobass\/\">www.facebook.com\/eduardomachadobass\/<\/a><br \/>\n<a href=\"https:\/\/www.instagram.com\/eduardomachadobass\/\">https:\/\/www.instagram.com\/eduardomachadobass\/<\/a><br \/>\n<a href=\"http:\/\/www.youtube.com\/EduardoMachadoBass\">www.youtube.com\/EduardoMachadoBass<\/a><\/p>\n<p><a href=\"https:\/\/regiaonews.net.br\/2022\/wp-content\/uploads\/2021\/05\/6883ad26-26e4-7190-9537-d4804b336227.jpg\"><img loading=\"lazy\" decoding=\"async\" class=\"alignnone size-medium wp-image-47158\" src=\"https:\/\/regiaonews.net.br\/2022\/wp-content\/uploads\/2021\/05\/6883ad26-26e4-7190-9537-d4804b336227-300x200.jpg\" alt=\"\" width=\"300\" height=\"200\" \/><\/a><\/p>\n<p>&nbsp;<\/p>\n","protected":false},"excerpt":{"rendered":"<p>Em seu 9\u00ba disco, \u201cEduardo Machado toca Alegre\u201d, o compositor<\/p>\n","protected":false},"author":2,"featured_media":47157,"comment_status":"open","ping_status":"open","sticky":false,"template":"","format":"standard","meta":{"footnotes":""},"categories":[1],"tags":[],"class_list":["post-47156","post","type-post","status-publish","format-standard","has-post-thumbnail","hentry","category-indefinido"],"yoast_head":"<!-- This site is optimized with the Yoast SEO plugin v27.4 - https:\/\/yoast.com\/product\/yoast-seo-wordpress\/ -->\n<title>Compositor e baixista lan\u00e7a CD \u2018Eduardo Machado toca Alegre\u2019 dia 20 nas plataformas digitais - Regi\u00e3o News<\/title>\n<meta name=\"robots\" content=\"index, follow, max-snippet:-1, max-image-preview:large, max-video-preview:-1\" \/>\n<link rel=\"canonical\" href=\"https:\/\/regiaonews.net.br\/2022\/2021\/05\/18\/compositor-e-baixista-lanca-cd-eduardo-machado-toca-alegre-dia-20-nas-plataformas-digitais\/\" \/>\n<meta property=\"og:locale\" content=\"pt_BR\" \/>\n<meta property=\"og:type\" content=\"article\" \/>\n<meta property=\"og:title\" content=\"Compositor e baixista lan\u00e7a CD \u2018Eduardo Machado toca Alegre\u2019 dia 20 nas plataformas digitais - Regi\u00e3o News\" \/>\n<meta property=\"og:description\" content=\"Em seu 9\u00ba disco, \u201cEduardo Machado toca Alegre\u201d, o compositor\" \/>\n<meta property=\"og:url\" content=\"https:\/\/regiaonews.net.br\/2022\/2021\/05\/18\/compositor-e-baixista-lanca-cd-eduardo-machado-toca-alegre-dia-20-nas-plataformas-digitais\/\" \/>\n<meta property=\"og:site_name\" content=\"Regi\u00e3o News\" \/>\n<meta property=\"article:published_time\" content=\"2021-05-18T14:52:46+00:00\" \/>\n<meta property=\"article:modified_time\" content=\"2021-05-27T03:18:27+00:00\" \/>\n<meta property=\"og:image\" content=\"https:\/\/regiaonews.net.br\/2022\/wp-content\/uploads\/2021\/05\/9e1f2bbc-be08-6307-8e1c-4a18a780b958.jpg\" \/>\n\t<meta property=\"og:image:width\" content=\"800\" \/>\n\t<meta property=\"og:image:height\" content=\"533\" \/>\n\t<meta property=\"og:image:type\" content=\"image\/jpeg\" \/>\n<meta name=\"author\" content=\"Roberto\" \/>\n<meta name=\"twitter:card\" content=\"summary_large_image\" \/>\n<meta name=\"twitter:label1\" content=\"Escrito por\" \/>\n\t<meta name=\"twitter:data1\" content=\"Roberto\" \/>\n\t<meta name=\"twitter:label2\" content=\"Est. tempo de leitura\" \/>\n\t<meta name=\"twitter:data2\" content=\"6 minutos\" \/>\n<script type=\"application\/ld+json\" class=\"yoast-schema-graph\">{\"@context\":\"https:\\\/\\\/schema.org\",\"@graph\":[{\"@type\":\"Article\",\"@id\":\"https:\\\/\\\/regiaonews.net.br\\\/2022\\\/2021\\\/05\\\/18\\\/compositor-e-baixista-lanca-cd-eduardo-machado-toca-alegre-dia-20-nas-plataformas-digitais\\\/#article\",\"isPartOf\":{\"@id\":\"https:\\\/\\\/regiaonews.net.br\\\/2022\\\/2021\\\/05\\\/18\\\/compositor-e-baixista-lanca-cd-eduardo-machado-toca-alegre-dia-20-nas-plataformas-digitais\\\/\"},\"author\":{\"name\":\"Roberto\",\"@id\":\"https:\\\/\\\/regiaonews.net.br\\\/2022\\\/#\\\/schema\\\/person\\\/2d205a608a5aa97ac279d7a5e6d89ad8\"},\"headline\":\"Compositor e baixista lan\u00e7a CD \u2018Eduardo Machado toca Alegre\u2019 dia 20 nas plataformas digitais\",\"datePublished\":\"2021-05-18T14:52:46+00:00\",\"dateModified\":\"2021-05-27T03:18:27+00:00\",\"mainEntityOfPage\":{\"@id\":\"https:\\\/\\\/regiaonews.net.br\\\/2022\\\/2021\\\/05\\\/18\\\/compositor-e-baixista-lanca-cd-eduardo-machado-toca-alegre-dia-20-nas-plataformas-digitais\\\/\"},\"wordCount\":1242,\"commentCount\":0,\"publisher\":{\"@id\":\"https:\\\/\\\/regiaonews.net.br\\\/2022\\\/#organization\"},\"image\":{\"@id\":\"https:\\\/\\\/regiaonews.net.br\\\/2022\\\/2021\\\/05\\\/18\\\/compositor-e-baixista-lanca-cd-eduardo-machado-toca-alegre-dia-20-nas-plataformas-digitais\\\/#primaryimage\"},\"thumbnailUrl\":\"https:\\\/\\\/regiaonews.net.br\\\/2022\\\/wp-content\\\/uploads\\\/2021\\\/05\\\/9e1f2bbc-be08-6307-8e1c-4a18a780b958.jpg\",\"articleSection\":[\"Indefinido\"],\"inLanguage\":\"pt-BR\",\"potentialAction\":[{\"@type\":\"CommentAction\",\"name\":\"Comment\",\"target\":[\"https:\\\/\\\/regiaonews.net.br\\\/2022\\\/2021\\\/05\\\/18\\\/compositor-e-baixista-lanca-cd-eduardo-machado-toca-alegre-dia-20-nas-plataformas-digitais\\\/#respond\"]}]},{\"@type\":\"WebPage\",\"@id\":\"https:\\\/\\\/regiaonews.net.br\\\/2022\\\/2021\\\/05\\\/18\\\/compositor-e-baixista-lanca-cd-eduardo-machado-toca-alegre-dia-20-nas-plataformas-digitais\\\/\",\"url\":\"https:\\\/\\\/regiaonews.net.br\\\/2022\\\/2021\\\/05\\\/18\\\/compositor-e-baixista-lanca-cd-eduardo-machado-toca-alegre-dia-20-nas-plataformas-digitais\\\/\",\"name\":\"Compositor e baixista lan\u00e7a CD \u2018Eduardo Machado toca Alegre\u2019 dia 20 nas plataformas digitais - Regi\u00e3o News\",\"isPartOf\":{\"@id\":\"https:\\\/\\\/regiaonews.net.br\\\/2022\\\/#website\"},\"primaryImageOfPage\":{\"@id\":\"https:\\\/\\\/regiaonews.net.br\\\/2022\\\/2021\\\/05\\\/18\\\/compositor-e-baixista-lanca-cd-eduardo-machado-toca-alegre-dia-20-nas-plataformas-digitais\\\/#primaryimage\"},\"image\":{\"@id\":\"https:\\\/\\\/regiaonews.net.br\\\/2022\\\/2021\\\/05\\\/18\\\/compositor-e-baixista-lanca-cd-eduardo-machado-toca-alegre-dia-20-nas-plataformas-digitais\\\/#primaryimage\"},\"thumbnailUrl\":\"https:\\\/\\\/regiaonews.net.br\\\/2022\\\/wp-content\\\/uploads\\\/2021\\\/05\\\/9e1f2bbc-be08-6307-8e1c-4a18a780b958.jpg\",\"datePublished\":\"2021-05-18T14:52:46+00:00\",\"dateModified\":\"2021-05-27T03:18:27+00:00\",\"breadcrumb\":{\"@id\":\"https:\\\/\\\/regiaonews.net.br\\\/2022\\\/2021\\\/05\\\/18\\\/compositor-e-baixista-lanca-cd-eduardo-machado-toca-alegre-dia-20-nas-plataformas-digitais\\\/#breadcrumb\"},\"inLanguage\":\"pt-BR\",\"potentialAction\":[{\"@type\":\"ReadAction\",\"target\":[\"https:\\\/\\\/regiaonews.net.br\\\/2022\\\/2021\\\/05\\\/18\\\/compositor-e-baixista-lanca-cd-eduardo-machado-toca-alegre-dia-20-nas-plataformas-digitais\\\/\"]}]},{\"@type\":\"ImageObject\",\"inLanguage\":\"pt-BR\",\"@id\":\"https:\\\/\\\/regiaonews.net.br\\\/2022\\\/2021\\\/05\\\/18\\\/compositor-e-baixista-lanca-cd-eduardo-machado-toca-alegre-dia-20-nas-plataformas-digitais\\\/#primaryimage\",\"url\":\"https:\\\/\\\/regiaonews.net.br\\\/2022\\\/wp-content\\\/uploads\\\/2021\\\/05\\\/9e1f2bbc-be08-6307-8e1c-4a18a780b958.jpg\",\"contentUrl\":\"https:\\\/\\\/regiaonews.net.br\\\/2022\\\/wp-content\\\/uploads\\\/2021\\\/05\\\/9e1f2bbc-be08-6307-8e1c-4a18a780b958.jpg\",\"width\":800,\"height\":533},{\"@type\":\"BreadcrumbList\",\"@id\":\"https:\\\/\\\/regiaonews.net.br\\\/2022\\\/2021\\\/05\\\/18\\\/compositor-e-baixista-lanca-cd-eduardo-machado-toca-alegre-dia-20-nas-plataformas-digitais\\\/#breadcrumb\",\"itemListElement\":[{\"@type\":\"ListItem\",\"position\":1,\"name\":\"In\u00edcio\",\"item\":\"https:\\\/\\\/regiaonews.net.br\\\/2022\\\/\"},{\"@type\":\"ListItem\",\"position\":2,\"name\":\"Compositor e baixista lan\u00e7a CD \u2018Eduardo Machado toca Alegre\u2019 dia 20 nas plataformas digitais\"}]},{\"@type\":\"WebSite\",\"@id\":\"https:\\\/\\\/regiaonews.net.br\\\/2022\\\/#website\",\"url\":\"https:\\\/\\\/regiaonews.net.br\\\/2022\\\/\",\"name\":\"Regi\u00e3o News\",\"description\":\"Site de Not\u00edcias de Barretos e regi\u00e3o\",\"publisher\":{\"@id\":\"https:\\\/\\\/regiaonews.net.br\\\/2022\\\/#organization\"},\"potentialAction\":[{\"@type\":\"SearchAction\",\"target\":{\"@type\":\"EntryPoint\",\"urlTemplate\":\"https:\\\/\\\/regiaonews.net.br\\\/2022\\\/?s={search_term_string}\"},\"query-input\":{\"@type\":\"PropertyValueSpecification\",\"valueRequired\":true,\"valueName\":\"search_term_string\"}}],\"inLanguage\":\"pt-BR\"},{\"@type\":\"Organization\",\"@id\":\"https:\\\/\\\/regiaonews.net.br\\\/2022\\\/#organization\",\"name\":\"Regi\u00e3o News\",\"url\":\"https:\\\/\\\/regiaonews.net.br\\\/2022\\\/\",\"logo\":{\"@type\":\"ImageObject\",\"inLanguage\":\"pt-BR\",\"@id\":\"https:\\\/\\\/regiaonews.net.br\\\/2022\\\/#\\\/schema\\\/logo\\\/image\\\/\",\"url\":\"https:\\\/\\\/regiaonews.net.br\\\/2022\\\/wp-content\\\/uploads\\\/2026\\\/03\\\/regiao-13-anos-scaled.jpg\",\"contentUrl\":\"https:\\\/\\\/regiaonews.net.br\\\/2022\\\/wp-content\\\/uploads\\\/2026\\\/03\\\/regiao-13-anos-scaled.jpg\",\"width\":2560,\"height\":635,\"caption\":\"Regi\u00e3o News\"},\"image\":{\"@id\":\"https:\\\/\\\/regiaonews.net.br\\\/2022\\\/#\\\/schema\\\/logo\\\/image\\\/\"}},{\"@type\":\"Person\",\"@id\":\"https:\\\/\\\/regiaonews.net.br\\\/2022\\\/#\\\/schema\\\/person\\\/2d205a608a5aa97ac279d7a5e6d89ad8\",\"name\":\"Roberto\",\"image\":{\"@type\":\"ImageObject\",\"inLanguage\":\"pt-BR\",\"@id\":\"https:\\\/\\\/secure.gravatar.com\\\/avatar\\\/42749d8b712ff9d59ca93dc150494e5b55a44134482993f5baeb97e61b7ecc89?s=96&d=mm&r=g\",\"url\":\"https:\\\/\\\/secure.gravatar.com\\\/avatar\\\/42749d8b712ff9d59ca93dc150494e5b55a44134482993f5baeb97e61b7ecc89?s=96&d=mm&r=g\",\"contentUrl\":\"https:\\\/\\\/secure.gravatar.com\\\/avatar\\\/42749d8b712ff9d59ca93dc150494e5b55a44134482993f5baeb97e61b7ecc89?s=96&d=mm&r=g\",\"caption\":\"Roberto\"},\"url\":\"https:\\\/\\\/regiaonews.net.br\\\/2022\\\/author\\\/roberto\\\/\"}]}<\/script>\n<!-- \/ Yoast SEO plugin. -->","yoast_head_json":{"title":"Compositor e baixista lan\u00e7a CD \u2018Eduardo Machado toca Alegre\u2019 dia 20 nas plataformas digitais - Regi\u00e3o News","robots":{"index":"index","follow":"follow","max-snippet":"max-snippet:-1","max-image-preview":"max-image-preview:large","max-video-preview":"max-video-preview:-1"},"canonical":"https:\/\/regiaonews.net.br\/2022\/2021\/05\/18\/compositor-e-baixista-lanca-cd-eduardo-machado-toca-alegre-dia-20-nas-plataformas-digitais\/","og_locale":"pt_BR","og_type":"article","og_title":"Compositor e baixista lan\u00e7a CD \u2018Eduardo Machado toca Alegre\u2019 dia 20 nas plataformas digitais - Regi\u00e3o News","og_description":"Em seu 9\u00ba disco, \u201cEduardo Machado toca Alegre\u201d, o compositor","og_url":"https:\/\/regiaonews.net.br\/2022\/2021\/05\/18\/compositor-e-baixista-lanca-cd-eduardo-machado-toca-alegre-dia-20-nas-plataformas-digitais\/","og_site_name":"Regi\u00e3o News","article_published_time":"2021-05-18T14:52:46+00:00","article_modified_time":"2021-05-27T03:18:27+00:00","og_image":[{"width":800,"height":533,"url":"https:\/\/regiaonews.net.br\/2022\/wp-content\/uploads\/2021\/05\/9e1f2bbc-be08-6307-8e1c-4a18a780b958.jpg","type":"image\/jpeg"}],"author":"Roberto","twitter_card":"summary_large_image","twitter_misc":{"Escrito por":"Roberto","Est. tempo de leitura":"6 minutos"},"schema":{"@context":"https:\/\/schema.org","@graph":[{"@type":"Article","@id":"https:\/\/regiaonews.net.br\/2022\/2021\/05\/18\/compositor-e-baixista-lanca-cd-eduardo-machado-toca-alegre-dia-20-nas-plataformas-digitais\/#article","isPartOf":{"@id":"https:\/\/regiaonews.net.br\/2022\/2021\/05\/18\/compositor-e-baixista-lanca-cd-eduardo-machado-toca-alegre-dia-20-nas-plataformas-digitais\/"},"author":{"name":"Roberto","@id":"https:\/\/regiaonews.net.br\/2022\/#\/schema\/person\/2d205a608a5aa97ac279d7a5e6d89ad8"},"headline":"Compositor e baixista lan\u00e7a CD \u2018Eduardo Machado toca Alegre\u2019 dia 20 nas plataformas digitais","datePublished":"2021-05-18T14:52:46+00:00","dateModified":"2021-05-27T03:18:27+00:00","mainEntityOfPage":{"@id":"https:\/\/regiaonews.net.br\/2022\/2021\/05\/18\/compositor-e-baixista-lanca-cd-eduardo-machado-toca-alegre-dia-20-nas-plataformas-digitais\/"},"wordCount":1242,"commentCount":0,"publisher":{"@id":"https:\/\/regiaonews.net.br\/2022\/#organization"},"image":{"@id":"https:\/\/regiaonews.net.br\/2022\/2021\/05\/18\/compositor-e-baixista-lanca-cd-eduardo-machado-toca-alegre-dia-20-nas-plataformas-digitais\/#primaryimage"},"thumbnailUrl":"https:\/\/regiaonews.net.br\/2022\/wp-content\/uploads\/2021\/05\/9e1f2bbc-be08-6307-8e1c-4a18a780b958.jpg","articleSection":["Indefinido"],"inLanguage":"pt-BR","potentialAction":[{"@type":"CommentAction","name":"Comment","target":["https:\/\/regiaonews.net.br\/2022\/2021\/05\/18\/compositor-e-baixista-lanca-cd-eduardo-machado-toca-alegre-dia-20-nas-plataformas-digitais\/#respond"]}]},{"@type":"WebPage","@id":"https:\/\/regiaonews.net.br\/2022\/2021\/05\/18\/compositor-e-baixista-lanca-cd-eduardo-machado-toca-alegre-dia-20-nas-plataformas-digitais\/","url":"https:\/\/regiaonews.net.br\/2022\/2021\/05\/18\/compositor-e-baixista-lanca-cd-eduardo-machado-toca-alegre-dia-20-nas-plataformas-digitais\/","name":"Compositor e baixista lan\u00e7a CD \u2018Eduardo Machado toca Alegre\u2019 dia 20 nas plataformas digitais - Regi\u00e3o News","isPartOf":{"@id":"https:\/\/regiaonews.net.br\/2022\/#website"},"primaryImageOfPage":{"@id":"https:\/\/regiaonews.net.br\/2022\/2021\/05\/18\/compositor-e-baixista-lanca-cd-eduardo-machado-toca-alegre-dia-20-nas-plataformas-digitais\/#primaryimage"},"image":{"@id":"https:\/\/regiaonews.net.br\/2022\/2021\/05\/18\/compositor-e-baixista-lanca-cd-eduardo-machado-toca-alegre-dia-20-nas-plataformas-digitais\/#primaryimage"},"thumbnailUrl":"https:\/\/regiaonews.net.br\/2022\/wp-content\/uploads\/2021\/05\/9e1f2bbc-be08-6307-8e1c-4a18a780b958.jpg","datePublished":"2021-05-18T14:52:46+00:00","dateModified":"2021-05-27T03:18:27+00:00","breadcrumb":{"@id":"https:\/\/regiaonews.net.br\/2022\/2021\/05\/18\/compositor-e-baixista-lanca-cd-eduardo-machado-toca-alegre-dia-20-nas-plataformas-digitais\/#breadcrumb"},"inLanguage":"pt-BR","potentialAction":[{"@type":"ReadAction","target":["https:\/\/regiaonews.net.br\/2022\/2021\/05\/18\/compositor-e-baixista-lanca-cd-eduardo-machado-toca-alegre-dia-20-nas-plataformas-digitais\/"]}]},{"@type":"ImageObject","inLanguage":"pt-BR","@id":"https:\/\/regiaonews.net.br\/2022\/2021\/05\/18\/compositor-e-baixista-lanca-cd-eduardo-machado-toca-alegre-dia-20-nas-plataformas-digitais\/#primaryimage","url":"https:\/\/regiaonews.net.br\/2022\/wp-content\/uploads\/2021\/05\/9e1f2bbc-be08-6307-8e1c-4a18a780b958.jpg","contentUrl":"https:\/\/regiaonews.net.br\/2022\/wp-content\/uploads\/2021\/05\/9e1f2bbc-be08-6307-8e1c-4a18a780b958.jpg","width":800,"height":533},{"@type":"BreadcrumbList","@id":"https:\/\/regiaonews.net.br\/2022\/2021\/05\/18\/compositor-e-baixista-lanca-cd-eduardo-machado-toca-alegre-dia-20-nas-plataformas-digitais\/#breadcrumb","itemListElement":[{"@type":"ListItem","position":1,"name":"In\u00edcio","item":"https:\/\/regiaonews.net.br\/2022\/"},{"@type":"ListItem","position":2,"name":"Compositor e baixista lan\u00e7a CD \u2018Eduardo Machado toca Alegre\u2019 dia 20 nas plataformas digitais"}]},{"@type":"WebSite","@id":"https:\/\/regiaonews.net.br\/2022\/#website","url":"https:\/\/regiaonews.net.br\/2022\/","name":"Regi\u00e3o News","description":"Site de Not\u00edcias de Barretos e regi\u00e3o","publisher":{"@id":"https:\/\/regiaonews.net.br\/2022\/#organization"},"potentialAction":[{"@type":"SearchAction","target":{"@type":"EntryPoint","urlTemplate":"https:\/\/regiaonews.net.br\/2022\/?s={search_term_string}"},"query-input":{"@type":"PropertyValueSpecification","valueRequired":true,"valueName":"search_term_string"}}],"inLanguage":"pt-BR"},{"@type":"Organization","@id":"https:\/\/regiaonews.net.br\/2022\/#organization","name":"Regi\u00e3o News","url":"https:\/\/regiaonews.net.br\/2022\/","logo":{"@type":"ImageObject","inLanguage":"pt-BR","@id":"https:\/\/regiaonews.net.br\/2022\/#\/schema\/logo\/image\/","url":"https:\/\/regiaonews.net.br\/2022\/wp-content\/uploads\/2026\/03\/regiao-13-anos-scaled.jpg","contentUrl":"https:\/\/regiaonews.net.br\/2022\/wp-content\/uploads\/2026\/03\/regiao-13-anos-scaled.jpg","width":2560,"height":635,"caption":"Regi\u00e3o News"},"image":{"@id":"https:\/\/regiaonews.net.br\/2022\/#\/schema\/logo\/image\/"}},{"@type":"Person","@id":"https:\/\/regiaonews.net.br\/2022\/#\/schema\/person\/2d205a608a5aa97ac279d7a5e6d89ad8","name":"Roberto","image":{"@type":"ImageObject","inLanguage":"pt-BR","@id":"https:\/\/secure.gravatar.com\/avatar\/42749d8b712ff9d59ca93dc150494e5b55a44134482993f5baeb97e61b7ecc89?s=96&d=mm&r=g","url":"https:\/\/secure.gravatar.com\/avatar\/42749d8b712ff9d59ca93dc150494e5b55a44134482993f5baeb97e61b7ecc89?s=96&d=mm&r=g","contentUrl":"https:\/\/secure.gravatar.com\/avatar\/42749d8b712ff9d59ca93dc150494e5b55a44134482993f5baeb97e61b7ecc89?s=96&d=mm&r=g","caption":"Roberto"},"url":"https:\/\/regiaonews.net.br\/2022\/author\/roberto\/"}]}},"publishpress_future_action":{"enabled":false,"date":"2026-05-04 14:36:52","action":"change-status","newStatus":"draft","terms":[],"taxonomy":"category","extraData":[]},"publishpress_future_workflow_manual_trigger":{"enabledWorkflows":[]},"_links":{"self":[{"href":"https:\/\/regiaonews.net.br\/2022\/wp-json\/wp\/v2\/posts\/47156","targetHints":{"allow":["GET"]}}],"collection":[{"href":"https:\/\/regiaonews.net.br\/2022\/wp-json\/wp\/v2\/posts"}],"about":[{"href":"https:\/\/regiaonews.net.br\/2022\/wp-json\/wp\/v2\/types\/post"}],"author":[{"embeddable":true,"href":"https:\/\/regiaonews.net.br\/2022\/wp-json\/wp\/v2\/users\/2"}],"replies":[{"embeddable":true,"href":"https:\/\/regiaonews.net.br\/2022\/wp-json\/wp\/v2\/comments?post=47156"}],"version-history":[{"count":0,"href":"https:\/\/regiaonews.net.br\/2022\/wp-json\/wp\/v2\/posts\/47156\/revisions"}],"wp:featuredmedia":[{"embeddable":true,"href":"https:\/\/regiaonews.net.br\/2022\/wp-json\/wp\/v2\/media\/47157"}],"wp:attachment":[{"href":"https:\/\/regiaonews.net.br\/2022\/wp-json\/wp\/v2\/media?parent=47156"}],"wp:term":[{"taxonomy":"category","embeddable":true,"href":"https:\/\/regiaonews.net.br\/2022\/wp-json\/wp\/v2\/categories?post=47156"},{"taxonomy":"post_tag","embeddable":true,"href":"https:\/\/regiaonews.net.br\/2022\/wp-json\/wp\/v2\/tags?post=47156"}],"curies":[{"name":"wp","href":"https:\/\/api.w.org\/{rel}","templated":true}]}}