{"id":47138,"date":"2021-05-18T09:31:46","date_gmt":"2021-05-18T12:31:46","guid":{"rendered":"https:\/\/regiaonews.net.br\/2022\/?p=47138"},"modified":"2021-05-18T11:27:08","modified_gmt":"2021-05-18T14:27:08","slug":"guaira-comemora-aniversario-de-92-anos-hoje","status":"publish","type":"post","link":"https:\/\/regiaonews.net.br\/2022\/2021\/05\/18\/guaira-comemora-aniversario-de-92-anos-hoje\/","title":{"rendered":"Gua\u00edra comemora anivers\u00e1rio de 92 anos hoje"},"content":{"rendered":"<p>&nbsp;<\/p>\n<p><a href=\"https:\/\/regiaonews.net.br\/2022\/wp-content\/uploads\/2021\/05\/guaira-1.jpg\"><img loading=\"lazy\" decoding=\"async\" class=\"alignnone size-full wp-image-47139\" src=\"https:\/\/regiaonews.net.br\/2022\/wp-content\/uploads\/2021\/05\/guaira-1.jpg\" alt=\"\" width=\"295\" height=\"171\" \/><\/a><\/p>\n<p>A vizinha cidade de Gua\u00edra, completa hoje (18), os seus 92 anos. A cidade\u00a0 localiza-se ao nordeste do estado a uma <a title=\"Latitude\" href=\"https:\/\/pt.wikipedia.org\/wiki\/Latitude\">latitude<\/a>\u00a020\u00ba19&#8217;06&#8221;\u00a0<a title=\"Sul\" href=\"https:\/\/pt.wikipedia.org\/wiki\/Sul\">sul<\/a>\u00a0e a uma\u00a0<a title=\"Longitude\" href=\"https:\/\/pt.wikipedia.org\/wiki\/Longitude\">longitude<\/a>\u00a048\u00ba18&#8217;38&#8221;\u00a0<a title=\"Oeste\" href=\"https:\/\/pt.wikipedia.org\/wiki\/Oeste\">oeste<\/a>, estando a uma altitude de 517 metros e limita-se com o Estado de Minas Gerais e com os munic\u00edpios de Barretos, Ipu\u00e3, Miguel\u00f3polis e Morro Agudo. O munic\u00edpio \u00e9 servido pelas Rodovias SP- 425 e SP- 325, havendo disponibilidade de \u00f4nibus para a realiza\u00e7\u00e3o de viagens aos munic\u00edpios vizinhos e para a capital, diariamente. Sua popula\u00e7\u00e3o estimada pelo <a class=\"mw-redirect\" title=\"IBGE\" href=\"https:\/\/pt.wikipedia.org\/wiki\/IBGE\">IBGE<\/a>\u00a0em\u00a0<a title=\"2012\" href=\"https:\/\/pt.wikipedia.org\/wiki\/2012\">2015<\/a>\u00a0\u00e9 de 42.480 habitantes<sup id=\"cite_ref-IBGE_5-0\" class=\"reference\"><a href=\"https:\/\/pt.wikipedia.org\/wiki\/Gua%C3%ADra_(S%C3%A3o_Paulo)#cite_note-IBGE-5\">[5]<\/a><\/sup>. O munic\u00edpio \u00e9 formado somente pelo distrito sede, que inclui o povoado de\u00a0<a title=\"S\u00e3o Jos\u00e9 do Albert\u00f3polis\" href=\"https:\/\/pt.wikipedia.org\/wiki\/S%C3%A3o_Jos%C3%A9_do_Albert%C3%B3polis\">S\u00e3o Jos\u00e9 do Albert\u00f3polis<\/a>.<sup id=\"cite_ref-6\" class=\"reference\"><\/sup><sup id=\"cite_ref-7\" class=\"reference\"><\/sup><\/p>\n<p>Na regi\u00e3o Nordeste de S\u00e3o Paulo, entre os rios Grande, Pardo e Sapuca\u00ed, no que era chamado de Nuporanga, Ant\u00f4nio Marques Garcia fundou uma cidade na &#8220;Corredeira,&#8221; pelo caminho que vai at\u00e9 Santa dos Olhos D&#8217;\u00c1gua (conhecida hoje como Ipu\u00e3). Um peda\u00e7o de terra que foi adquirido em 12 de Novembro de 1901 por &#8220;Seiscentos Mil r\u00e9is&#8221; foi expandido com terras doadas por Joaquim Garcia Franco e Maria Sabino Alves Franco, resultando em uma \u00e1rea de tamanho significante focada em torno de um pequeno povoado chamado &#8220;Corredeira of S\u00e3o Sebasti\u00e3o&#8221; em homenagem ao Santo padroeiro, que foi ent\u00e3o renomeada para &#8220;Corredeira do Bom Jardim&#8221; ou simplesmente &#8220;Corredeira.&#8221;<\/p>\n<p>Foi nomeada &#8220;Distrito de Paz,&#8221; com o nome de Gua\u00edra, pela Lei Estadual n\u00ba 1144 no dia 16 de Novembro de 1908, e munic\u00edpio pela Lei Estadual n\u00ba 2328 no dia 27 de Dezembro de 1928. A instala\u00e7\u00e3o como munic\u00edpio ocorreu no dia 18 de Maio de 1929, e a instala\u00e7\u00e3o como\u00a0<i>comarca<\/i>\u00a0no dia 18 de Maio de 1955. &#8220;Gua\u00edra&#8221; \u00e9 um top\u00f4nimo que pode ser traduzido como &#8220;\u00c1guas correntes&#8221;.<\/p>\n<h2><span id=\"Estrutura_Urbana\" class=\"mw-headline\">Estrutura Urbana<\/span><\/h2>\n<h3><span id=\"Economia\" class=\"mw-headline\">Economia<\/span><\/h3>\n<p>As fontes de emprego e renda s\u00e3o provenientes da agricultura, pecu\u00e1ria, com\u00e9rcio, presta\u00e7\u00e3o de servi\u00e7os e ind\u00fastria, com destaque principalmente para as tr\u00eas usinas sucroalcooleiras estabelecidas no munic\u00edpio.<\/p>\n<h3><span id=\"Educa.C3.A7.C3.A3o\"><\/span><span id=\"Educa\u00e7\u00e3o\" class=\"mw-headline\">Educa\u00e7\u00e3o<\/span><\/h3>\n<p>A demanda escolar de Educa\u00e7\u00e3o B\u00e1sica \u00e9 atendida por 3 Escolas Estaduais, 5 Escolas P\u00fablicas Municipais e 3 Escolas Particulares. A demanda do ensino profissional \u00e9 atendida apenas por uma escola. H\u00e1 ainda um Polo da Faculdade Uniderp\/Anhanguera, mas a maior parte das pessoas que cursam o ensino superior, o fazem em outras cidades do Pa\u00eds.<\/p>\n<h3><span id=\"Sa.C3.BAde\"><\/span><span id=\"Sa\u00fade\" class=\"mw-headline\">Sa\u00fade<\/span><\/h3>\n<p>Os atendimentos m\u00e9dico-hospitalar, em Gua\u00edra, s\u00e3o realizados no hospital da Santa Casa e os atendimentos mais emergenciais pelo Pronto Socorro P\u00fablico Municipal ou Pronto Socorro da UNIMED. Em todas as regi\u00f5es da cidade existem Postos de Sa\u00fade.<\/p>\n<h3><span id=\"Servi.C3.A7os_e_comunica.C3.A7.C3.A3o\"><\/span><span id=\"Servi\u00e7os_e_comunica\u00e7\u00e3o\" class=\"mw-headline\">Servi\u00e7os e comunica\u00e7\u00e3o<\/span><\/h3>\n<p>H\u00e1 na cidade 8 clubes recreativos, al\u00e9m do Centro Social Urbano e o Centro de Lazer, esses dois \u00faltimos, p\u00fablicos. A cidade conta tamb\u00e9m com uma biblioteca p\u00fablica municipal, um museu e um bosque, com animais da fauna do cerrado e expressivo n\u00famero de esp\u00e9cimes vegetais. A cidade disp\u00f5e de 3 jornais, 2 revistas e 3 emissoras de r\u00e1dio.<\/p>\n<h3><span id=\"Seguran.C3.A7a\"><\/span><span id=\"Seguran\u00e7a\" class=\"mw-headline\">Seguran\u00e7a<\/span><\/h3>\n<p>A seguran\u00e7a da cidade \u00e9 feita pelas Pol\u00edcias Civil, Militar e Guarda Civil Municipal. As quest\u00f5es Judiciais s\u00e3o decididas pelo F\u00f3rum da Comarca de Gua\u00edra.<\/p>\n<h2><span id=\"Geografia\" class=\"mw-headline\">Geografia<\/span><\/h2>\n<ul>\n<li>Topografia: plana<\/li>\n<li>Precipita\u00e7\u00e3o pluviom\u00e9trica: m\u00e9dia anual de 1.550\u00a0mm<\/li>\n<li>Os\u00a0<a class=\"mw-redirect\" title=\"Ventos dominantes\" href=\"https:\/\/pt.wikipedia.org\/wiki\/Ventos_dominantes\">ventos dominantes<\/a>\u00a0s\u00e3o os de noroeste<\/li>\n<\/ul>\n<ul>\n<li>Temperatura:\n<ul>\n<li>m\u00e1xima: 40 graus<\/li>\n<li>m\u00ednima: 6 graus<\/li>\n<li>media: 25 graus.<\/li>\n<\/ul>\n<\/li>\n<\/ul>\n<h3><span id=\"Outros_dados\" class=\"mw-headline\">Outros dados<\/span><\/h3>\n<ul>\n<li>O n\u00famero de eleitores apurado em\u00a0<a title=\"2006\" href=\"https:\/\/pt.wikipedia.org\/wiki\/2006\">2006<\/a>\u00a0foi de 27.407.<\/li>\n<li>Data de Emancipa\u00e7\u00e3o Pol\u00edtica:\u00a0<a title=\"27 de dezembro\" href=\"https:\/\/pt.wikipedia.org\/wiki\/27_de_dezembro\">27 de dezembro<\/a>\u00a0de\u00a0<a title=\"1928\" href=\"https:\/\/pt.wikipedia.org\/wiki\/1928\">1928<\/a>.<\/li>\n<li>Economia b\u00e1sica do munic\u00edpio:\u00a0<a title=\"Agricultura\" href=\"https:\/\/pt.wikipedia.org\/wiki\/Agricultura\">agricultura<\/a>,\u00a0<a title=\"Pecu\u00e1ria\" href=\"https:\/\/pt.wikipedia.org\/wiki\/Pecu%C3%A1ria\">pecu\u00e1ria<\/a>\u00a0e\u00a0<a class=\"mw-redirect\" title=\"Agroind\u00fastria\" href=\"https:\/\/pt.wikipedia.org\/wiki\/Agroind%C3%BAstria\">agroind\u00fastria<\/a>.<\/li>\n<li>Extens\u00e3o malha vi\u00e1ria \u2013 740\u00a0km<\/li>\n<li>Extens\u00e3o malha vi\u00e1ria \u2013 vicinais pavimentadas \u2013 44\u00a0km<\/li>\n<li>Principais pontos tur\u00edsticos: Parque Ecol\u00f3gico Marac\u00e1 (projetado pelo paisagista\u00a0<a title=\"Roberto Burle Marx\" href=\"https:\/\/pt.wikipedia.org\/wiki\/Roberto_Burle_Marx\">Roberto Burle Marx<\/a>), Pra\u00e7a S\u00e3o Sebasti\u00e3o(Jardim Japon\u00eas), Casa de Cultura, Museu Municipal, Capela do escravo Pindoba, Balne\u00e1rio Municipal.<\/li>\n<\/ul>\n<h3><span id=\"Hidrografia\" class=\"mw-headline\">Hidrografia<\/span><\/h3>\n<ul>\n<li><a title=\"Rio Grande (Minas Gerais)\" href=\"https:\/\/pt.wikipedia.org\/wiki\/Rio_Grande_(Minas_Gerais)\">Rio Grande<\/a><\/li>\n<li><a title=\"Rio Sapuca\u00ed\" href=\"https:\/\/pt.wikipedia.org\/wiki\/Rio_Sapuca%C3%AD\">Rio Sapuca\u00ed<\/a><\/li>\n<li><a class=\"mw-redirect\" title=\"Rio Pardo (S\u00e3o Paulo)\" href=\"https:\/\/pt.wikipedia.org\/wiki\/Rio_Pardo_(S%C3%A3o_Paulo)\">Rio Pardo<\/a><\/li>\n<li><a title=\"Ribeir\u00e3o do Jardim\" href=\"https:\/\/pt.wikipedia.org\/wiki\/Ribeir%C3%A3o_do_Jardim\">Ribeir\u00e3o do Jardim<\/a><\/li>\n<\/ul>\n<h3><span id=\"Rodovias\" class=\"mw-headline\">Rodovias<\/span><\/h3>\n<ul>\n<li><a class=\"mw-redirect\" title=\"SP-345\" href=\"https:\/\/pt.wikipedia.org\/wiki\/SP-345\">SP-345<\/a><\/li>\n<li><a title=\"SP-425\" href=\"https:\/\/pt.wikipedia.org\/wiki\/SP-425\">SP-425<\/a><\/li>\n<\/ul>\n","protected":false},"excerpt":{"rendered":"<p>&nbsp; A vizinha cidade de Gua\u00edra, completa hoje (18), os<\/p>\n","protected":false},"author":2,"featured_media":47145,"comment_status":"open","ping_status":"open","sticky":false,"template":"","format":"standard","meta":{"footnotes":""},"categories":[25,8],"tags":[],"class_list":["post-47138","post","type-post","status-publish","format-standard","has-post-thumbnail","hentry","category-cidades","category-guaira"],"yoast_head":"<!-- This site is optimized with the Yoast SEO plugin v27.4 - https:\/\/yoast.com\/product\/yoast-seo-wordpress\/ -->\n<title>Gua\u00edra comemora anivers\u00e1rio de 92 anos hoje - Regi\u00e3o News<\/title>\n<meta name=\"robots\" content=\"index, follow, max-snippet:-1, max-image-preview:large, max-video-preview:-1\" \/>\n<link rel=\"canonical\" href=\"https:\/\/regiaonews.net.br\/2022\/2021\/05\/18\/guaira-comemora-aniversario-de-92-anos-hoje\/\" \/>\n<meta property=\"og:locale\" content=\"pt_BR\" \/>\n<meta property=\"og:type\" content=\"article\" \/>\n<meta property=\"og:title\" content=\"Gua\u00edra comemora anivers\u00e1rio de 92 anos hoje - Regi\u00e3o News\" \/>\n<meta property=\"og:description\" content=\"&nbsp; A vizinha cidade de Gua\u00edra, completa hoje (18), os\" \/>\n<meta property=\"og:url\" content=\"https:\/\/regiaonews.net.br\/2022\/2021\/05\/18\/guaira-comemora-aniversario-de-92-anos-hoje\/\" \/>\n<meta property=\"og:site_name\" content=\"Regi\u00e3o News\" \/>\n<meta property=\"article:published_time\" content=\"2021-05-18T12:31:46+00:00\" \/>\n<meta property=\"article:modified_time\" content=\"2021-05-18T14:27:08+00:00\" \/>\n<meta property=\"og:image\" content=\"https:\/\/regiaonews.net.br\/2022\/wp-content\/uploads\/2021\/05\/guairasp-municipio-de-interesse-turistico-lago-maraca.jpg\" \/>\n\t<meta property=\"og:image:width\" content=\"1000\" \/>\n\t<meta property=\"og:image:height\" content=\"578\" \/>\n\t<meta property=\"og:image:type\" content=\"image\/jpeg\" \/>\n<meta name=\"author\" content=\"Roberto\" \/>\n<meta name=\"twitter:card\" content=\"summary_large_image\" \/>\n<meta name=\"twitter:label1\" content=\"Escrito por\" \/>\n\t<meta name=\"twitter:data1\" content=\"Roberto\" \/>\n\t<meta name=\"twitter:label2\" content=\"Est. tempo de leitura\" \/>\n\t<meta name=\"twitter:data2\" content=\"3 minutos\" \/>\n<script type=\"application\/ld+json\" class=\"yoast-schema-graph\">{\"@context\":\"https:\\\/\\\/schema.org\",\"@graph\":[{\"@type\":\"Article\",\"@id\":\"https:\\\/\\\/regiaonews.net.br\\\/2022\\\/2021\\\/05\\\/18\\\/guaira-comemora-aniversario-de-92-anos-hoje\\\/#article\",\"isPartOf\":{\"@id\":\"https:\\\/\\\/regiaonews.net.br\\\/2022\\\/2021\\\/05\\\/18\\\/guaira-comemora-aniversario-de-92-anos-hoje\\\/\"},\"author\":{\"name\":\"Roberto\",\"@id\":\"https:\\\/\\\/regiaonews.net.br\\\/2022\\\/#\\\/schema\\\/person\\\/2d205a608a5aa97ac279d7a5e6d89ad8\"},\"headline\":\"Gua\u00edra comemora anivers\u00e1rio de 92 anos hoje\",\"datePublished\":\"2021-05-18T12:31:46+00:00\",\"dateModified\":\"2021-05-18T14:27:08+00:00\",\"mainEntityOfPage\":{\"@id\":\"https:\\\/\\\/regiaonews.net.br\\\/2022\\\/2021\\\/05\\\/18\\\/guaira-comemora-aniversario-de-92-anos-hoje\\\/\"},\"wordCount\":666,\"commentCount\":0,\"publisher\":{\"@id\":\"https:\\\/\\\/regiaonews.net.br\\\/2022\\\/#organization\"},\"image\":{\"@id\":\"https:\\\/\\\/regiaonews.net.br\\\/2022\\\/2021\\\/05\\\/18\\\/guaira-comemora-aniversario-de-92-anos-hoje\\\/#primaryimage\"},\"thumbnailUrl\":\"https:\\\/\\\/regiaonews.net.br\\\/2022\\\/wp-content\\\/uploads\\\/2021\\\/05\\\/guairasp-municipio-de-interesse-turistico-lago-maraca.jpg\",\"articleSection\":[\"Cidades\",\"Gua\u00edra\"],\"inLanguage\":\"pt-BR\",\"potentialAction\":[{\"@type\":\"CommentAction\",\"name\":\"Comment\",\"target\":[\"https:\\\/\\\/regiaonews.net.br\\\/2022\\\/2021\\\/05\\\/18\\\/guaira-comemora-aniversario-de-92-anos-hoje\\\/#respond\"]}]},{\"@type\":\"WebPage\",\"@id\":\"https:\\\/\\\/regiaonews.net.br\\\/2022\\\/2021\\\/05\\\/18\\\/guaira-comemora-aniversario-de-92-anos-hoje\\\/\",\"url\":\"https:\\\/\\\/regiaonews.net.br\\\/2022\\\/2021\\\/05\\\/18\\\/guaira-comemora-aniversario-de-92-anos-hoje\\\/\",\"name\":\"Gua\u00edra comemora anivers\u00e1rio de 92 anos hoje - Regi\u00e3o News\",\"isPartOf\":{\"@id\":\"https:\\\/\\\/regiaonews.net.br\\\/2022\\\/#website\"},\"primaryImageOfPage\":{\"@id\":\"https:\\\/\\\/regiaonews.net.br\\\/2022\\\/2021\\\/05\\\/18\\\/guaira-comemora-aniversario-de-92-anos-hoje\\\/#primaryimage\"},\"image\":{\"@id\":\"https:\\\/\\\/regiaonews.net.br\\\/2022\\\/2021\\\/05\\\/18\\\/guaira-comemora-aniversario-de-92-anos-hoje\\\/#primaryimage\"},\"thumbnailUrl\":\"https:\\\/\\\/regiaonews.net.br\\\/2022\\\/wp-content\\\/uploads\\\/2021\\\/05\\\/guairasp-municipio-de-interesse-turistico-lago-maraca.jpg\",\"datePublished\":\"2021-05-18T12:31:46+00:00\",\"dateModified\":\"2021-05-18T14:27:08+00:00\",\"breadcrumb\":{\"@id\":\"https:\\\/\\\/regiaonews.net.br\\\/2022\\\/2021\\\/05\\\/18\\\/guaira-comemora-aniversario-de-92-anos-hoje\\\/#breadcrumb\"},\"inLanguage\":\"pt-BR\",\"potentialAction\":[{\"@type\":\"ReadAction\",\"target\":[\"https:\\\/\\\/regiaonews.net.br\\\/2022\\\/2021\\\/05\\\/18\\\/guaira-comemora-aniversario-de-92-anos-hoje\\\/\"]}]},{\"@type\":\"ImageObject\",\"inLanguage\":\"pt-BR\",\"@id\":\"https:\\\/\\\/regiaonews.net.br\\\/2022\\\/2021\\\/05\\\/18\\\/guaira-comemora-aniversario-de-92-anos-hoje\\\/#primaryimage\",\"url\":\"https:\\\/\\\/regiaonews.net.br\\\/2022\\\/wp-content\\\/uploads\\\/2021\\\/05\\\/guairasp-municipio-de-interesse-turistico-lago-maraca.jpg\",\"contentUrl\":\"https:\\\/\\\/regiaonews.net.br\\\/2022\\\/wp-content\\\/uploads\\\/2021\\\/05\\\/guairasp-municipio-de-interesse-turistico-lago-maraca.jpg\",\"width\":1000,\"height\":578,\"caption\":\"OLYMPUS DIGITAL CAMERA\"},{\"@type\":\"BreadcrumbList\",\"@id\":\"https:\\\/\\\/regiaonews.net.br\\\/2022\\\/2021\\\/05\\\/18\\\/guaira-comemora-aniversario-de-92-anos-hoje\\\/#breadcrumb\",\"itemListElement\":[{\"@type\":\"ListItem\",\"position\":1,\"name\":\"In\u00edcio\",\"item\":\"https:\\\/\\\/regiaonews.net.br\\\/2022\\\/\"},{\"@type\":\"ListItem\",\"position\":2,\"name\":\"Gua\u00edra comemora anivers\u00e1rio de 92 anos hoje\"}]},{\"@type\":\"WebSite\",\"@id\":\"https:\\\/\\\/regiaonews.net.br\\\/2022\\\/#website\",\"url\":\"https:\\\/\\\/regiaonews.net.br\\\/2022\\\/\",\"name\":\"Regi\u00e3o News\",\"description\":\"Site de Not\u00edcias de Barretos e regi\u00e3o\",\"publisher\":{\"@id\":\"https:\\\/\\\/regiaonews.net.br\\\/2022\\\/#organization\"},\"potentialAction\":[{\"@type\":\"SearchAction\",\"target\":{\"@type\":\"EntryPoint\",\"urlTemplate\":\"https:\\\/\\\/regiaonews.net.br\\\/2022\\\/?s={search_term_string}\"},\"query-input\":{\"@type\":\"PropertyValueSpecification\",\"valueRequired\":true,\"valueName\":\"search_term_string\"}}],\"inLanguage\":\"pt-BR\"},{\"@type\":\"Organization\",\"@id\":\"https:\\\/\\\/regiaonews.net.br\\\/2022\\\/#organization\",\"name\":\"Regi\u00e3o News\",\"url\":\"https:\\\/\\\/regiaonews.net.br\\\/2022\\\/\",\"logo\":{\"@type\":\"ImageObject\",\"inLanguage\":\"pt-BR\",\"@id\":\"https:\\\/\\\/regiaonews.net.br\\\/2022\\\/#\\\/schema\\\/logo\\\/image\\\/\",\"url\":\"https:\\\/\\\/regiaonews.net.br\\\/2022\\\/wp-content\\\/uploads\\\/2026\\\/03\\\/regiao-13-anos-scaled.jpg\",\"contentUrl\":\"https:\\\/\\\/regiaonews.net.br\\\/2022\\\/wp-content\\\/uploads\\\/2026\\\/03\\\/regiao-13-anos-scaled.jpg\",\"width\":2560,\"height\":635,\"caption\":\"Regi\u00e3o News\"},\"image\":{\"@id\":\"https:\\\/\\\/regiaonews.net.br\\\/2022\\\/#\\\/schema\\\/logo\\\/image\\\/\"}},{\"@type\":\"Person\",\"@id\":\"https:\\\/\\\/regiaonews.net.br\\\/2022\\\/#\\\/schema\\\/person\\\/2d205a608a5aa97ac279d7a5e6d89ad8\",\"name\":\"Roberto\",\"image\":{\"@type\":\"ImageObject\",\"inLanguage\":\"pt-BR\",\"@id\":\"https:\\\/\\\/secure.gravatar.com\\\/avatar\\\/42749d8b712ff9d59ca93dc150494e5b55a44134482993f5baeb97e61b7ecc89?s=96&d=mm&r=g\",\"url\":\"https:\\\/\\\/secure.gravatar.com\\\/avatar\\\/42749d8b712ff9d59ca93dc150494e5b55a44134482993f5baeb97e61b7ecc89?s=96&d=mm&r=g\",\"contentUrl\":\"https:\\\/\\\/secure.gravatar.com\\\/avatar\\\/42749d8b712ff9d59ca93dc150494e5b55a44134482993f5baeb97e61b7ecc89?s=96&d=mm&r=g\",\"caption\":\"Roberto\"},\"url\":\"https:\\\/\\\/regiaonews.net.br\\\/2022\\\/author\\\/roberto\\\/\"}]}<\/script>\n<!-- \/ Yoast SEO plugin. -->","yoast_head_json":{"title":"Gua\u00edra comemora anivers\u00e1rio de 92 anos hoje - Regi\u00e3o News","robots":{"index":"index","follow":"follow","max-snippet":"max-snippet:-1","max-image-preview":"max-image-preview:large","max-video-preview":"max-video-preview:-1"},"canonical":"https:\/\/regiaonews.net.br\/2022\/2021\/05\/18\/guaira-comemora-aniversario-de-92-anos-hoje\/","og_locale":"pt_BR","og_type":"article","og_title":"Gua\u00edra comemora anivers\u00e1rio de 92 anos hoje - Regi\u00e3o News","og_description":"&nbsp; A vizinha cidade de Gua\u00edra, completa hoje (18), os","og_url":"https:\/\/regiaonews.net.br\/2022\/2021\/05\/18\/guaira-comemora-aniversario-de-92-anos-hoje\/","og_site_name":"Regi\u00e3o News","article_published_time":"2021-05-18T12:31:46+00:00","article_modified_time":"2021-05-18T14:27:08+00:00","og_image":[{"width":1000,"height":578,"url":"https:\/\/regiaonews.net.br\/2022\/wp-content\/uploads\/2021\/05\/guairasp-municipio-de-interesse-turistico-lago-maraca.jpg","type":"image\/jpeg"}],"author":"Roberto","twitter_card":"summary_large_image","twitter_misc":{"Escrito por":"Roberto","Est. tempo de leitura":"3 minutos"},"schema":{"@context":"https:\/\/schema.org","@graph":[{"@type":"Article","@id":"https:\/\/regiaonews.net.br\/2022\/2021\/05\/18\/guaira-comemora-aniversario-de-92-anos-hoje\/#article","isPartOf":{"@id":"https:\/\/regiaonews.net.br\/2022\/2021\/05\/18\/guaira-comemora-aniversario-de-92-anos-hoje\/"},"author":{"name":"Roberto","@id":"https:\/\/regiaonews.net.br\/2022\/#\/schema\/person\/2d205a608a5aa97ac279d7a5e6d89ad8"},"headline":"Gua\u00edra comemora anivers\u00e1rio de 92 anos hoje","datePublished":"2021-05-18T12:31:46+00:00","dateModified":"2021-05-18T14:27:08+00:00","mainEntityOfPage":{"@id":"https:\/\/regiaonews.net.br\/2022\/2021\/05\/18\/guaira-comemora-aniversario-de-92-anos-hoje\/"},"wordCount":666,"commentCount":0,"publisher":{"@id":"https:\/\/regiaonews.net.br\/2022\/#organization"},"image":{"@id":"https:\/\/regiaonews.net.br\/2022\/2021\/05\/18\/guaira-comemora-aniversario-de-92-anos-hoje\/#primaryimage"},"thumbnailUrl":"https:\/\/regiaonews.net.br\/2022\/wp-content\/uploads\/2021\/05\/guairasp-municipio-de-interesse-turistico-lago-maraca.jpg","articleSection":["Cidades","Gua\u00edra"],"inLanguage":"pt-BR","potentialAction":[{"@type":"CommentAction","name":"Comment","target":["https:\/\/regiaonews.net.br\/2022\/2021\/05\/18\/guaira-comemora-aniversario-de-92-anos-hoje\/#respond"]}]},{"@type":"WebPage","@id":"https:\/\/regiaonews.net.br\/2022\/2021\/05\/18\/guaira-comemora-aniversario-de-92-anos-hoje\/","url":"https:\/\/regiaonews.net.br\/2022\/2021\/05\/18\/guaira-comemora-aniversario-de-92-anos-hoje\/","name":"Gua\u00edra comemora anivers\u00e1rio de 92 anos hoje - Regi\u00e3o News","isPartOf":{"@id":"https:\/\/regiaonews.net.br\/2022\/#website"},"primaryImageOfPage":{"@id":"https:\/\/regiaonews.net.br\/2022\/2021\/05\/18\/guaira-comemora-aniversario-de-92-anos-hoje\/#primaryimage"},"image":{"@id":"https:\/\/regiaonews.net.br\/2022\/2021\/05\/18\/guaira-comemora-aniversario-de-92-anos-hoje\/#primaryimage"},"thumbnailUrl":"https:\/\/regiaonews.net.br\/2022\/wp-content\/uploads\/2021\/05\/guairasp-municipio-de-interesse-turistico-lago-maraca.jpg","datePublished":"2021-05-18T12:31:46+00:00","dateModified":"2021-05-18T14:27:08+00:00","breadcrumb":{"@id":"https:\/\/regiaonews.net.br\/2022\/2021\/05\/18\/guaira-comemora-aniversario-de-92-anos-hoje\/#breadcrumb"},"inLanguage":"pt-BR","potentialAction":[{"@type":"ReadAction","target":["https:\/\/regiaonews.net.br\/2022\/2021\/05\/18\/guaira-comemora-aniversario-de-92-anos-hoje\/"]}]},{"@type":"ImageObject","inLanguage":"pt-BR","@id":"https:\/\/regiaonews.net.br\/2022\/2021\/05\/18\/guaira-comemora-aniversario-de-92-anos-hoje\/#primaryimage","url":"https:\/\/regiaonews.net.br\/2022\/wp-content\/uploads\/2021\/05\/guairasp-municipio-de-interesse-turistico-lago-maraca.jpg","contentUrl":"https:\/\/regiaonews.net.br\/2022\/wp-content\/uploads\/2021\/05\/guairasp-municipio-de-interesse-turistico-lago-maraca.jpg","width":1000,"height":578,"caption":"OLYMPUS DIGITAL CAMERA"},{"@type":"BreadcrumbList","@id":"https:\/\/regiaonews.net.br\/2022\/2021\/05\/18\/guaira-comemora-aniversario-de-92-anos-hoje\/#breadcrumb","itemListElement":[{"@type":"ListItem","position":1,"name":"In\u00edcio","item":"https:\/\/regiaonews.net.br\/2022\/"},{"@type":"ListItem","position":2,"name":"Gua\u00edra comemora anivers\u00e1rio de 92 anos hoje"}]},{"@type":"WebSite","@id":"https:\/\/regiaonews.net.br\/2022\/#website","url":"https:\/\/regiaonews.net.br\/2022\/","name":"Regi\u00e3o News","description":"Site de Not\u00edcias de Barretos e regi\u00e3o","publisher":{"@id":"https:\/\/regiaonews.net.br\/2022\/#organization"},"potentialAction":[{"@type":"SearchAction","target":{"@type":"EntryPoint","urlTemplate":"https:\/\/regiaonews.net.br\/2022\/?s={search_term_string}"},"query-input":{"@type":"PropertyValueSpecification","valueRequired":true,"valueName":"search_term_string"}}],"inLanguage":"pt-BR"},{"@type":"Organization","@id":"https:\/\/regiaonews.net.br\/2022\/#organization","name":"Regi\u00e3o News","url":"https:\/\/regiaonews.net.br\/2022\/","logo":{"@type":"ImageObject","inLanguage":"pt-BR","@id":"https:\/\/regiaonews.net.br\/2022\/#\/schema\/logo\/image\/","url":"https:\/\/regiaonews.net.br\/2022\/wp-content\/uploads\/2026\/03\/regiao-13-anos-scaled.jpg","contentUrl":"https:\/\/regiaonews.net.br\/2022\/wp-content\/uploads\/2026\/03\/regiao-13-anos-scaled.jpg","width":2560,"height":635,"caption":"Regi\u00e3o News"},"image":{"@id":"https:\/\/regiaonews.net.br\/2022\/#\/schema\/logo\/image\/"}},{"@type":"Person","@id":"https:\/\/regiaonews.net.br\/2022\/#\/schema\/person\/2d205a608a5aa97ac279d7a5e6d89ad8","name":"Roberto","image":{"@type":"ImageObject","inLanguage":"pt-BR","@id":"https:\/\/secure.gravatar.com\/avatar\/42749d8b712ff9d59ca93dc150494e5b55a44134482993f5baeb97e61b7ecc89?s=96&d=mm&r=g","url":"https:\/\/secure.gravatar.com\/avatar\/42749d8b712ff9d59ca93dc150494e5b55a44134482993f5baeb97e61b7ecc89?s=96&d=mm&r=g","contentUrl":"https:\/\/secure.gravatar.com\/avatar\/42749d8b712ff9d59ca93dc150494e5b55a44134482993f5baeb97e61b7ecc89?s=96&d=mm&r=g","caption":"Roberto"},"url":"https:\/\/regiaonews.net.br\/2022\/author\/roberto\/"}]}},"publishpress_future_action":{"enabled":false,"date":"2026-05-04 13:01:33","action":"change-status","newStatus":"draft","terms":[],"taxonomy":"category","extraData":[]},"publishpress_future_workflow_manual_trigger":{"enabledWorkflows":[]},"_links":{"self":[{"href":"https:\/\/regiaonews.net.br\/2022\/wp-json\/wp\/v2\/posts\/47138","targetHints":{"allow":["GET"]}}],"collection":[{"href":"https:\/\/regiaonews.net.br\/2022\/wp-json\/wp\/v2\/posts"}],"about":[{"href":"https:\/\/regiaonews.net.br\/2022\/wp-json\/wp\/v2\/types\/post"}],"author":[{"embeddable":true,"href":"https:\/\/regiaonews.net.br\/2022\/wp-json\/wp\/v2\/users\/2"}],"replies":[{"embeddable":true,"href":"https:\/\/regiaonews.net.br\/2022\/wp-json\/wp\/v2\/comments?post=47138"}],"version-history":[{"count":0,"href":"https:\/\/regiaonews.net.br\/2022\/wp-json\/wp\/v2\/posts\/47138\/revisions"}],"wp:featuredmedia":[{"embeddable":true,"href":"https:\/\/regiaonews.net.br\/2022\/wp-json\/wp\/v2\/media\/47145"}],"wp:attachment":[{"href":"https:\/\/regiaonews.net.br\/2022\/wp-json\/wp\/v2\/media?parent=47138"}],"wp:term":[{"taxonomy":"category","embeddable":true,"href":"https:\/\/regiaonews.net.br\/2022\/wp-json\/wp\/v2\/categories?post=47138"},{"taxonomy":"post_tag","embeddable":true,"href":"https:\/\/regiaonews.net.br\/2022\/wp-json\/wp\/v2\/tags?post=47138"}],"curies":[{"name":"wp","href":"https:\/\/api.w.org\/{rel}","templated":true}]}}