{"id":47121,"date":"2021-05-17T20:45:57","date_gmt":"2021-05-17T23:45:57","guid":{"rendered":"https:\/\/regiaonews.net.br\/2022\/?p=47121"},"modified":"2021-05-17T20:45:57","modified_gmt":"2021-05-17T23:45:57","slug":"cemei-do-bairro-rios-recebe-nome-de-padre-gai","status":"publish","type":"post","link":"https:\/\/regiaonews.net.br\/2022\/2021\/05\/17\/cemei-do-bairro-rios-recebe-nome-de-padre-gai\/","title":{"rendered":"Cemei do bairro Rios recebe nome de Padre Gai"},"content":{"rendered":"<p><a href=\"https:\/\/regiaonews.net.br\/2022\/wp-content\/uploads\/2021\/05\/escola-municipal-padre-gai-site.jpg\"><img loading=\"lazy\" decoding=\"async\" class=\"alignnone size-medium wp-image-47122\" src=\"https:\/\/regiaonews.net.br\/2022\/wp-content\/uploads\/2021\/05\/escola-municipal-padre-gai-site-300x188.jpg\" alt=\"\" width=\"300\" height=\"188\" \/><\/a><\/p>\n<p>A manh\u00e3 do domingo dia 16, foi de muita emo\u00e7\u00e3o para os familiares do Monsenhor Archimedes Gai, o saudoso Padre Gai. O Cemei do bairro Rios agora passa a ter o nome dele.<br \/>\nEm um ato singelo, mas muito comovente, a prefeita Paula Lemos esteve na escola para fazer o descerramento da placa e se emocionou ao se lembrar de suas passagens pelo Cemei, que sempre esteve de portas abertas para ela desde quando era vereadora e, agora, como prefeita. \u201cA diretora Adriana, que foi evangelizada pelo padre Gai, sempre foi minha amiga e sempre manteve as portas abertas para que eu atuasse como vereadora por dois mandatos\u201d, afirmou Paula.<br \/>\n\u201cTenho certeza de que esse pr\u00e9dio ser\u00e1 muito aben\u00e7oado. Nosso Governo vem para servir e ser exemplo de compromisso com as pessoas e com o pr\u00f3ximo, uma das grandes marcas da vida dedicada ao pr\u00f3ximo do padre Gai\u201d, afirmou a prefeita. Paula agradeceu ainda \u00e0 diretora da Cemei, Adriana Fragas de Souza, pela ideia de renomear a escola.<br \/>\nA sobrinha do homenageado, Silvia Gai, comentou que o padre era uma esp\u00e9cie de professor para a fam\u00edlia tamb\u00e9m. \u201cEle contava a hist\u00f3ria de Jesus para a gente enquanto est\u00e1vamos almo\u00e7ando aos domingos. Ele foi um instrutor e um professor para todos n\u00f3s. Nada mais justo que ser homenageado em um pr\u00e9dio que serve para educar nossas crian\u00e7as\u201d, salientou.<br \/>\nEstiveram presentes tamb\u00e9m Carlos Gai, irm\u00e3o do padre, junto com Isabela Gai, sobrinha neta e Luis Carlos Martins, marido da Isabela. O di\u00e1cono Jos\u00e9 Paulo Lombardi foi o respons\u00e1vel por fazer uma ora\u00e7\u00e3o e representar o bispo.<br \/>\nAl\u00e9m de v\u00e1rias professoras e profissionais da rede municipal de ensino, tamb\u00e9m estiveram presentes a supervisora de Educa\u00e7\u00e3o Infantil, D\u00e9bora Schnek e a Secret\u00e1ria de Educa\u00e7\u00e3o, J\u00e9ssica Maria dos Santos.<br \/>\nO evento contou com a participa\u00e7\u00e3o dos secret\u00e1rios municipais de Desenvolvimento Econ\u00f4mico, Maria Ad\u00e9lia Espinha de Lima Bueno; Obras e Servi\u00e7os Urbanos, Reinaldo Garcia; Esportes e Lazer, Tony Vieira Carvalho; Ordem P\u00fablica, Jorge Roberto Coutinho; de Assist\u00eancia Social, Vit\u00f3ria de Lourdes Toledo Scaretta de Oliveira; e de Rela\u00e7\u00f5es Institucionais e Comunica\u00e7\u00e3o, Danilo Nunes.<br \/>\nA C\u00e2mara de Vereadores esteve representada por Ad\u00edlson Ventura de Mello, o professor Ad\u00edlson. \u201c\u00c9 um motivo de honra poder contribuir com o projeto de lei e perpetuar a mem\u00f3ria do padre Gai. O sonho da diretora Adriana de fazer essa homenagem agora est\u00e1 cumprido\u201d, salientou. A homenagem foi feita ap\u00f3s a aprova\u00e7\u00e3o da Lei Ordin\u00e1ria 6.011\/21, por unanimidade, de iniciativa do vereador professor Ad\u00edlson.<br \/>\nA prefeita de Barretos, Paula Lemos, destacou ainda que o padre Gai era uma pessoa muito querida por todos que conviviam com ele. \u201cEu rogo a Deus para que um dia meu filho ou\u00e7a de mim o que eu sempre ouvi do padre, sempre coisas positivas e boas\u201d, completou.<\/p>\n<p><strong>Quem foi Padre Gai?<\/strong><br \/>\nNascido em Barretos (distrito de Laranjeiras) em 1925, cursou o prim\u00e1rio, ginasial e colegial em Barretos e depois foi cursar Filosofia e Teologia em S\u00e3o Paulo. Foi ordenado presb\u00edtero na Igreja Matriz de Barretos em 1950.<br \/>\nFoi semin\u00e1rio menor em Jaboticabal por 10 anos e depois foi p\u00e1roco da Par\u00f3quia Nossa Senhora do Ros\u00e1rio entre 1960 e 1984, onde realizou um trabalho marcante de evangeliza\u00e7\u00e3o, atendendo tamb\u00e9m as comunidades do Frigor\u00edfico, da Vila Pereira e da Vila Rios. Foi neste per\u00edodo iniciada a constru\u00e7\u00e3o da nova Igreja Matriz de S\u00e3o Luiz. Faleceu em 1997, deixando legado social, comunit\u00e1rio e educacional para a comunidade barretense.<\/p>\n<p><a href=\"https:\/\/regiaonews.net.br\/2022\/wp-content\/uploads\/2021\/05\/Papai-abencoando-Escola-Municipal.jpg\"><img loading=\"lazy\" decoding=\"async\" class=\"alignnone size-medium wp-image-47123\" src=\"https:\/\/regiaonews.net.br\/2022\/wp-content\/uploads\/2021\/05\/Papai-abencoando-Escola-Municipal-200x300.jpg\" alt=\"\" width=\"200\" height=\"300\" \/><\/a><\/p>\n<p>Foto: Andr\u00e9 Monteiro<\/p>\n","protected":false},"excerpt":{"rendered":"<p>A manh\u00e3 do domingo dia 16, foi de muita emo\u00e7\u00e3o<\/p>\n","protected":false},"author":2,"featured_media":47122,"comment_status":"open","ping_status":"open","sticky":false,"template":"","format":"standard","meta":{"footnotes":""},"categories":[14,25],"tags":[],"class_list":["post-47121","post","type-post","status-publish","format-standard","has-post-thumbnail","hentry","category-barretos","category-cidades"],"yoast_head":"<!-- This site is optimized with the Yoast SEO plugin v27.4 - https:\/\/yoast.com\/product\/yoast-seo-wordpress\/ -->\n<title>Cemei do bairro Rios recebe nome de Padre Gai - Regi\u00e3o News<\/title>\n<meta name=\"robots\" content=\"index, follow, max-snippet:-1, max-image-preview:large, max-video-preview:-1\" \/>\n<link rel=\"canonical\" href=\"https:\/\/regiaonews.net.br\/2022\/2021\/05\/17\/cemei-do-bairro-rios-recebe-nome-de-padre-gai\/\" \/>\n<meta property=\"og:locale\" content=\"pt_BR\" \/>\n<meta property=\"og:type\" content=\"article\" \/>\n<meta property=\"og:title\" content=\"Cemei do bairro Rios recebe nome de Padre Gai - Regi\u00e3o News\" \/>\n<meta property=\"og:description\" content=\"A manh\u00e3 do domingo dia 16, foi de muita emo\u00e7\u00e3o\" \/>\n<meta property=\"og:url\" content=\"https:\/\/regiaonews.net.br\/2022\/2021\/05\/17\/cemei-do-bairro-rios-recebe-nome-de-padre-gai\/\" \/>\n<meta property=\"og:site_name\" content=\"Regi\u00e3o News\" \/>\n<meta property=\"article:published_time\" content=\"2021-05-17T23:45:57+00:00\" \/>\n<meta property=\"og:image\" content=\"https:\/\/regiaonews.net.br\/2022\/wp-content\/uploads\/2021\/05\/escola-municipal-padre-gai-site.jpg\" \/>\n\t<meta property=\"og:image:width\" content=\"400\" \/>\n\t<meta property=\"og:image:height\" content=\"250\" \/>\n\t<meta property=\"og:image:type\" content=\"image\/jpeg\" \/>\n<meta name=\"author\" content=\"Roberto\" \/>\n<meta name=\"twitter:card\" content=\"summary_large_image\" \/>\n<meta name=\"twitter:label1\" content=\"Escrito por\" \/>\n\t<meta name=\"twitter:data1\" content=\"Roberto\" \/>\n\t<meta name=\"twitter:label2\" content=\"Est. tempo de leitura\" \/>\n\t<meta name=\"twitter:data2\" content=\"3 minutos\" \/>\n<script type=\"application\/ld+json\" class=\"yoast-schema-graph\">{\"@context\":\"https:\\\/\\\/schema.org\",\"@graph\":[{\"@type\":\"Article\",\"@id\":\"https:\\\/\\\/regiaonews.net.br\\\/2022\\\/2021\\\/05\\\/17\\\/cemei-do-bairro-rios-recebe-nome-de-padre-gai\\\/#article\",\"isPartOf\":{\"@id\":\"https:\\\/\\\/regiaonews.net.br\\\/2022\\\/2021\\\/05\\\/17\\\/cemei-do-bairro-rios-recebe-nome-de-padre-gai\\\/\"},\"author\":{\"name\":\"Roberto\",\"@id\":\"https:\\\/\\\/regiaonews.net.br\\\/2022\\\/#\\\/schema\\\/person\\\/2d205a608a5aa97ac279d7a5e6d89ad8\"},\"headline\":\"Cemei do bairro Rios recebe nome de Padre Gai\",\"datePublished\":\"2021-05-17T23:45:57+00:00\",\"mainEntityOfPage\":{\"@id\":\"https:\\\/\\\/regiaonews.net.br\\\/2022\\\/2021\\\/05\\\/17\\\/cemei-do-bairro-rios-recebe-nome-de-padre-gai\\\/\"},\"wordCount\":631,\"commentCount\":0,\"publisher\":{\"@id\":\"https:\\\/\\\/regiaonews.net.br\\\/2022\\\/#organization\"},\"image\":{\"@id\":\"https:\\\/\\\/regiaonews.net.br\\\/2022\\\/2021\\\/05\\\/17\\\/cemei-do-bairro-rios-recebe-nome-de-padre-gai\\\/#primaryimage\"},\"thumbnailUrl\":\"https:\\\/\\\/regiaonews.net.br\\\/2022\\\/wp-content\\\/uploads\\\/2021\\\/05\\\/escola-municipal-padre-gai-site.jpg\",\"articleSection\":[\"Barretos\",\"Cidades\"],\"inLanguage\":\"pt-BR\",\"potentialAction\":[{\"@type\":\"CommentAction\",\"name\":\"Comment\",\"target\":[\"https:\\\/\\\/regiaonews.net.br\\\/2022\\\/2021\\\/05\\\/17\\\/cemei-do-bairro-rios-recebe-nome-de-padre-gai\\\/#respond\"]}]},{\"@type\":\"WebPage\",\"@id\":\"https:\\\/\\\/regiaonews.net.br\\\/2022\\\/2021\\\/05\\\/17\\\/cemei-do-bairro-rios-recebe-nome-de-padre-gai\\\/\",\"url\":\"https:\\\/\\\/regiaonews.net.br\\\/2022\\\/2021\\\/05\\\/17\\\/cemei-do-bairro-rios-recebe-nome-de-padre-gai\\\/\",\"name\":\"Cemei do bairro Rios recebe nome de Padre Gai - Regi\u00e3o News\",\"isPartOf\":{\"@id\":\"https:\\\/\\\/regiaonews.net.br\\\/2022\\\/#website\"},\"primaryImageOfPage\":{\"@id\":\"https:\\\/\\\/regiaonews.net.br\\\/2022\\\/2021\\\/05\\\/17\\\/cemei-do-bairro-rios-recebe-nome-de-padre-gai\\\/#primaryimage\"},\"image\":{\"@id\":\"https:\\\/\\\/regiaonews.net.br\\\/2022\\\/2021\\\/05\\\/17\\\/cemei-do-bairro-rios-recebe-nome-de-padre-gai\\\/#primaryimage\"},\"thumbnailUrl\":\"https:\\\/\\\/regiaonews.net.br\\\/2022\\\/wp-content\\\/uploads\\\/2021\\\/05\\\/escola-municipal-padre-gai-site.jpg\",\"datePublished\":\"2021-05-17T23:45:57+00:00\",\"breadcrumb\":{\"@id\":\"https:\\\/\\\/regiaonews.net.br\\\/2022\\\/2021\\\/05\\\/17\\\/cemei-do-bairro-rios-recebe-nome-de-padre-gai\\\/#breadcrumb\"},\"inLanguage\":\"pt-BR\",\"potentialAction\":[{\"@type\":\"ReadAction\",\"target\":[\"https:\\\/\\\/regiaonews.net.br\\\/2022\\\/2021\\\/05\\\/17\\\/cemei-do-bairro-rios-recebe-nome-de-padre-gai\\\/\"]}]},{\"@type\":\"ImageObject\",\"inLanguage\":\"pt-BR\",\"@id\":\"https:\\\/\\\/regiaonews.net.br\\\/2022\\\/2021\\\/05\\\/17\\\/cemei-do-bairro-rios-recebe-nome-de-padre-gai\\\/#primaryimage\",\"url\":\"https:\\\/\\\/regiaonews.net.br\\\/2022\\\/wp-content\\\/uploads\\\/2021\\\/05\\\/escola-municipal-padre-gai-site.jpg\",\"contentUrl\":\"https:\\\/\\\/regiaonews.net.br\\\/2022\\\/wp-content\\\/uploads\\\/2021\\\/05\\\/escola-municipal-padre-gai-site.jpg\",\"width\":400,\"height\":250},{\"@type\":\"BreadcrumbList\",\"@id\":\"https:\\\/\\\/regiaonews.net.br\\\/2022\\\/2021\\\/05\\\/17\\\/cemei-do-bairro-rios-recebe-nome-de-padre-gai\\\/#breadcrumb\",\"itemListElement\":[{\"@type\":\"ListItem\",\"position\":1,\"name\":\"In\u00edcio\",\"item\":\"https:\\\/\\\/regiaonews.net.br\\\/2022\\\/\"},{\"@type\":\"ListItem\",\"position\":2,\"name\":\"Cemei do bairro Rios recebe nome de Padre Gai\"}]},{\"@type\":\"WebSite\",\"@id\":\"https:\\\/\\\/regiaonews.net.br\\\/2022\\\/#website\",\"url\":\"https:\\\/\\\/regiaonews.net.br\\\/2022\\\/\",\"name\":\"Regi\u00e3o News\",\"description\":\"Site de Not\u00edcias de Barretos e regi\u00e3o\",\"publisher\":{\"@id\":\"https:\\\/\\\/regiaonews.net.br\\\/2022\\\/#organization\"},\"potentialAction\":[{\"@type\":\"SearchAction\",\"target\":{\"@type\":\"EntryPoint\",\"urlTemplate\":\"https:\\\/\\\/regiaonews.net.br\\\/2022\\\/?s={search_term_string}\"},\"query-input\":{\"@type\":\"PropertyValueSpecification\",\"valueRequired\":true,\"valueName\":\"search_term_string\"}}],\"inLanguage\":\"pt-BR\"},{\"@type\":\"Organization\",\"@id\":\"https:\\\/\\\/regiaonews.net.br\\\/2022\\\/#organization\",\"name\":\"Regi\u00e3o News\",\"url\":\"https:\\\/\\\/regiaonews.net.br\\\/2022\\\/\",\"logo\":{\"@type\":\"ImageObject\",\"inLanguage\":\"pt-BR\",\"@id\":\"https:\\\/\\\/regiaonews.net.br\\\/2022\\\/#\\\/schema\\\/logo\\\/image\\\/\",\"url\":\"https:\\\/\\\/regiaonews.net.br\\\/2022\\\/wp-content\\\/uploads\\\/2026\\\/03\\\/regiao-13-anos-scaled.jpg\",\"contentUrl\":\"https:\\\/\\\/regiaonews.net.br\\\/2022\\\/wp-content\\\/uploads\\\/2026\\\/03\\\/regiao-13-anos-scaled.jpg\",\"width\":2560,\"height\":635,\"caption\":\"Regi\u00e3o News\"},\"image\":{\"@id\":\"https:\\\/\\\/regiaonews.net.br\\\/2022\\\/#\\\/schema\\\/logo\\\/image\\\/\"}},{\"@type\":\"Person\",\"@id\":\"https:\\\/\\\/regiaonews.net.br\\\/2022\\\/#\\\/schema\\\/person\\\/2d205a608a5aa97ac279d7a5e6d89ad8\",\"name\":\"Roberto\",\"image\":{\"@type\":\"ImageObject\",\"inLanguage\":\"pt-BR\",\"@id\":\"https:\\\/\\\/secure.gravatar.com\\\/avatar\\\/42749d8b712ff9d59ca93dc150494e5b55a44134482993f5baeb97e61b7ecc89?s=96&d=mm&r=g\",\"url\":\"https:\\\/\\\/secure.gravatar.com\\\/avatar\\\/42749d8b712ff9d59ca93dc150494e5b55a44134482993f5baeb97e61b7ecc89?s=96&d=mm&r=g\",\"contentUrl\":\"https:\\\/\\\/secure.gravatar.com\\\/avatar\\\/42749d8b712ff9d59ca93dc150494e5b55a44134482993f5baeb97e61b7ecc89?s=96&d=mm&r=g\",\"caption\":\"Roberto\"},\"url\":\"https:\\\/\\\/regiaonews.net.br\\\/2022\\\/author\\\/roberto\\\/\"}]}<\/script>\n<!-- \/ Yoast SEO plugin. -->","yoast_head_json":{"title":"Cemei do bairro Rios recebe nome de Padre Gai - Regi\u00e3o News","robots":{"index":"index","follow":"follow","max-snippet":"max-snippet:-1","max-image-preview":"max-image-preview:large","max-video-preview":"max-video-preview:-1"},"canonical":"https:\/\/regiaonews.net.br\/2022\/2021\/05\/17\/cemei-do-bairro-rios-recebe-nome-de-padre-gai\/","og_locale":"pt_BR","og_type":"article","og_title":"Cemei do bairro Rios recebe nome de Padre Gai - Regi\u00e3o News","og_description":"A manh\u00e3 do domingo dia 16, foi de muita emo\u00e7\u00e3o","og_url":"https:\/\/regiaonews.net.br\/2022\/2021\/05\/17\/cemei-do-bairro-rios-recebe-nome-de-padre-gai\/","og_site_name":"Regi\u00e3o News","article_published_time":"2021-05-17T23:45:57+00:00","og_image":[{"width":400,"height":250,"url":"https:\/\/regiaonews.net.br\/2022\/wp-content\/uploads\/2021\/05\/escola-municipal-padre-gai-site.jpg","type":"image\/jpeg"}],"author":"Roberto","twitter_card":"summary_large_image","twitter_misc":{"Escrito por":"Roberto","Est. tempo de leitura":"3 minutos"},"schema":{"@context":"https:\/\/schema.org","@graph":[{"@type":"Article","@id":"https:\/\/regiaonews.net.br\/2022\/2021\/05\/17\/cemei-do-bairro-rios-recebe-nome-de-padre-gai\/#article","isPartOf":{"@id":"https:\/\/regiaonews.net.br\/2022\/2021\/05\/17\/cemei-do-bairro-rios-recebe-nome-de-padre-gai\/"},"author":{"name":"Roberto","@id":"https:\/\/regiaonews.net.br\/2022\/#\/schema\/person\/2d205a608a5aa97ac279d7a5e6d89ad8"},"headline":"Cemei do bairro Rios recebe nome de Padre Gai","datePublished":"2021-05-17T23:45:57+00:00","mainEntityOfPage":{"@id":"https:\/\/regiaonews.net.br\/2022\/2021\/05\/17\/cemei-do-bairro-rios-recebe-nome-de-padre-gai\/"},"wordCount":631,"commentCount":0,"publisher":{"@id":"https:\/\/regiaonews.net.br\/2022\/#organization"},"image":{"@id":"https:\/\/regiaonews.net.br\/2022\/2021\/05\/17\/cemei-do-bairro-rios-recebe-nome-de-padre-gai\/#primaryimage"},"thumbnailUrl":"https:\/\/regiaonews.net.br\/2022\/wp-content\/uploads\/2021\/05\/escola-municipal-padre-gai-site.jpg","articleSection":["Barretos","Cidades"],"inLanguage":"pt-BR","potentialAction":[{"@type":"CommentAction","name":"Comment","target":["https:\/\/regiaonews.net.br\/2022\/2021\/05\/17\/cemei-do-bairro-rios-recebe-nome-de-padre-gai\/#respond"]}]},{"@type":"WebPage","@id":"https:\/\/regiaonews.net.br\/2022\/2021\/05\/17\/cemei-do-bairro-rios-recebe-nome-de-padre-gai\/","url":"https:\/\/regiaonews.net.br\/2022\/2021\/05\/17\/cemei-do-bairro-rios-recebe-nome-de-padre-gai\/","name":"Cemei do bairro Rios recebe nome de Padre Gai - Regi\u00e3o News","isPartOf":{"@id":"https:\/\/regiaonews.net.br\/2022\/#website"},"primaryImageOfPage":{"@id":"https:\/\/regiaonews.net.br\/2022\/2021\/05\/17\/cemei-do-bairro-rios-recebe-nome-de-padre-gai\/#primaryimage"},"image":{"@id":"https:\/\/regiaonews.net.br\/2022\/2021\/05\/17\/cemei-do-bairro-rios-recebe-nome-de-padre-gai\/#primaryimage"},"thumbnailUrl":"https:\/\/regiaonews.net.br\/2022\/wp-content\/uploads\/2021\/05\/escola-municipal-padre-gai-site.jpg","datePublished":"2021-05-17T23:45:57+00:00","breadcrumb":{"@id":"https:\/\/regiaonews.net.br\/2022\/2021\/05\/17\/cemei-do-bairro-rios-recebe-nome-de-padre-gai\/#breadcrumb"},"inLanguage":"pt-BR","potentialAction":[{"@type":"ReadAction","target":["https:\/\/regiaonews.net.br\/2022\/2021\/05\/17\/cemei-do-bairro-rios-recebe-nome-de-padre-gai\/"]}]},{"@type":"ImageObject","inLanguage":"pt-BR","@id":"https:\/\/regiaonews.net.br\/2022\/2021\/05\/17\/cemei-do-bairro-rios-recebe-nome-de-padre-gai\/#primaryimage","url":"https:\/\/regiaonews.net.br\/2022\/wp-content\/uploads\/2021\/05\/escola-municipal-padre-gai-site.jpg","contentUrl":"https:\/\/regiaonews.net.br\/2022\/wp-content\/uploads\/2021\/05\/escola-municipal-padre-gai-site.jpg","width":400,"height":250},{"@type":"BreadcrumbList","@id":"https:\/\/regiaonews.net.br\/2022\/2021\/05\/17\/cemei-do-bairro-rios-recebe-nome-de-padre-gai\/#breadcrumb","itemListElement":[{"@type":"ListItem","position":1,"name":"In\u00edcio","item":"https:\/\/regiaonews.net.br\/2022\/"},{"@type":"ListItem","position":2,"name":"Cemei do bairro Rios recebe nome de Padre Gai"}]},{"@type":"WebSite","@id":"https:\/\/regiaonews.net.br\/2022\/#website","url":"https:\/\/regiaonews.net.br\/2022\/","name":"Regi\u00e3o News","description":"Site de Not\u00edcias de Barretos e regi\u00e3o","publisher":{"@id":"https:\/\/regiaonews.net.br\/2022\/#organization"},"potentialAction":[{"@type":"SearchAction","target":{"@type":"EntryPoint","urlTemplate":"https:\/\/regiaonews.net.br\/2022\/?s={search_term_string}"},"query-input":{"@type":"PropertyValueSpecification","valueRequired":true,"valueName":"search_term_string"}}],"inLanguage":"pt-BR"},{"@type":"Organization","@id":"https:\/\/regiaonews.net.br\/2022\/#organization","name":"Regi\u00e3o News","url":"https:\/\/regiaonews.net.br\/2022\/","logo":{"@type":"ImageObject","inLanguage":"pt-BR","@id":"https:\/\/regiaonews.net.br\/2022\/#\/schema\/logo\/image\/","url":"https:\/\/regiaonews.net.br\/2022\/wp-content\/uploads\/2026\/03\/regiao-13-anos-scaled.jpg","contentUrl":"https:\/\/regiaonews.net.br\/2022\/wp-content\/uploads\/2026\/03\/regiao-13-anos-scaled.jpg","width":2560,"height":635,"caption":"Regi\u00e3o News"},"image":{"@id":"https:\/\/regiaonews.net.br\/2022\/#\/schema\/logo\/image\/"}},{"@type":"Person","@id":"https:\/\/regiaonews.net.br\/2022\/#\/schema\/person\/2d205a608a5aa97ac279d7a5e6d89ad8","name":"Roberto","image":{"@type":"ImageObject","inLanguage":"pt-BR","@id":"https:\/\/secure.gravatar.com\/avatar\/42749d8b712ff9d59ca93dc150494e5b55a44134482993f5baeb97e61b7ecc89?s=96&d=mm&r=g","url":"https:\/\/secure.gravatar.com\/avatar\/42749d8b712ff9d59ca93dc150494e5b55a44134482993f5baeb97e61b7ecc89?s=96&d=mm&r=g","contentUrl":"https:\/\/secure.gravatar.com\/avatar\/42749d8b712ff9d59ca93dc150494e5b55a44134482993f5baeb97e61b7ecc89?s=96&d=mm&r=g","caption":"Roberto"},"url":"https:\/\/regiaonews.net.br\/2022\/author\/roberto\/"}]}},"publishpress_future_action":{"enabled":false,"date":"2026-05-04 09:05:37","action":"change-status","newStatus":"draft","terms":[],"taxonomy":"category","extraData":[]},"publishpress_future_workflow_manual_trigger":{"enabledWorkflows":[]},"_links":{"self":[{"href":"https:\/\/regiaonews.net.br\/2022\/wp-json\/wp\/v2\/posts\/47121","targetHints":{"allow":["GET"]}}],"collection":[{"href":"https:\/\/regiaonews.net.br\/2022\/wp-json\/wp\/v2\/posts"}],"about":[{"href":"https:\/\/regiaonews.net.br\/2022\/wp-json\/wp\/v2\/types\/post"}],"author":[{"embeddable":true,"href":"https:\/\/regiaonews.net.br\/2022\/wp-json\/wp\/v2\/users\/2"}],"replies":[{"embeddable":true,"href":"https:\/\/regiaonews.net.br\/2022\/wp-json\/wp\/v2\/comments?post=47121"}],"version-history":[{"count":0,"href":"https:\/\/regiaonews.net.br\/2022\/wp-json\/wp\/v2\/posts\/47121\/revisions"}],"wp:featuredmedia":[{"embeddable":true,"href":"https:\/\/regiaonews.net.br\/2022\/wp-json\/wp\/v2\/media\/47122"}],"wp:attachment":[{"href":"https:\/\/regiaonews.net.br\/2022\/wp-json\/wp\/v2\/media?parent=47121"}],"wp:term":[{"taxonomy":"category","embeddable":true,"href":"https:\/\/regiaonews.net.br\/2022\/wp-json\/wp\/v2\/categories?post=47121"},{"taxonomy":"post_tag","embeddable":true,"href":"https:\/\/regiaonews.net.br\/2022\/wp-json\/wp\/v2\/tags?post=47121"}],"curies":[{"name":"wp","href":"https:\/\/api.w.org\/{rel}","templated":true}]}}