{"id":47117,"date":"2021-05-17T20:38:04","date_gmt":"2021-05-17T23:38:04","guid":{"rendered":"https:\/\/regiaonews.net.br\/2022\/?p=47117"},"modified":"2021-05-17T20:39:30","modified_gmt":"2021-05-17T23:39:30","slug":"coelhoterapia-sera-desenvolvida-por-meio-de-parceria-entre-unifeb-e-secretaria-municipal-de-educacao","status":"publish","type":"post","link":"https:\/\/regiaonews.net.br\/2022\/2021\/05\/17\/coelhoterapia-sera-desenvolvida-por-meio-de-parceria-entre-unifeb-e-secretaria-municipal-de-educacao\/","title":{"rendered":"Coelhoterapia ser\u00e1 desenvolvida por meio de parceria entre UNIFEB e Secretaria Municipal de Educa\u00e7\u00e3o"},"content":{"rendered":"<p><a href=\"https:\/\/regiaonews.net.br\/2022\/wp-content\/uploads\/2021\/05\/coelhoterapia-site.jpg\"><img loading=\"lazy\" decoding=\"async\" class=\"alignnone size-medium wp-image-47118\" src=\"https:\/\/regiaonews.net.br\/2022\/wp-content\/uploads\/2021\/05\/coelhoterapia-site-300x194.jpg\" alt=\"\" width=\"300\" height=\"194\" \/><\/a><\/p>\n<p>O UNIFEB e a Secretaria Municipal de Educa\u00e7\u00e3o, estabeleceram uma parceria para a execu\u00e7\u00e3o do projeto Coelhoterapia desenvolvido pelo curso de Zootecnia e que possibilitar\u00e1 o atendimento de crian\u00e7as com defici\u00eancia. O in\u00edcio dos atendimentos depende das diretrizes do Plano S\u00e3o Paulo, que ainda n\u00e3o permitem estes tipos de atividades na modalidade presencial, por conta da pandemia. A execu\u00e7\u00e3o do projeto tamb\u00e9m contar\u00e1 com o curso de pedagogia, que \u00e9 coordenado pela Profa. Dra. L\u00facia Parreira.<\/p>\n<p>De acordo com o reitor do UNIFEB, Prof. Dr. Fabiano de Sant\u2019Ana dos Santos, o projeto de Zooterapia vem ao encontro da miss\u00e3o da institui\u00e7\u00e3o, que al\u00e9m de formar profissionais qualificados tamb\u00e9m preza pelo aperfei\u00e7oamento cont\u00ednuo e atendimento \u00e0 comunidade. \u201cNosso projeto pedag\u00f3gico visa colocar o aluno com a \u2018m\u00e3o na massa\u2019 para que ele tenha uma viv\u00eancia pr\u00e1tica e real da profiss\u00e3o. E a Zooterapia permite uma melhora na sa\u00fade mental e bem-estar dos acolhidos\u201d, destacou.<\/p>\n<p>A professora de Zootecnia, Gabriela Pombo, explica que a Coelhoterapia busca estudar o efeito da participa\u00e7\u00e3o de coelhos em sess\u00f5es de terapia com crian\u00e7as do programa de educa\u00e7\u00e3o inclusiva. \u201cO projeto come\u00e7ou a ser elaborado quando apresentei para a X Turma da Zootecnia os conceitos de Zooterapia. A mat\u00e9ria era cunicultura, que tem o objetivo de ensinar aos alunos a cria\u00e7\u00e3o de coelhos para fins pet, e n\u00e3o s\u00f3 para consumo humano da carne. Sa\u00ed da sala de aula com a vontade de desenvolver algo que os alunos pudessem participar ativamente atendendo a comunidade e cuidando de pequenos animais. Infelizmente, com a pandemia, a turma n\u00e3o pode seguir com o prop\u00f3sito, mas desde ent\u00e3o n\u00e3o parei de buscar oportunidades para que o projeto pudesse avan\u00e7ar. E, um ano e meio depois, tudo deu certo\u201d, lembrou.<\/p>\n<p>De acordo com a secret\u00e1ria municipal de Educa\u00e7\u00e3o, J\u00e9ssica Maria dos Santos, essa uni\u00e3o \u00e9 um sonho antigo do setor de educa\u00e7\u00e3o Inclusiva, mas foi tomada como prioridade e conclu\u00edda pela gest\u00e3o Paula Lemos. \u201cUma educa\u00e7\u00e3o que de fato se caracterize como inclusiva necessita ampliar as oportunidades, valorizar os profissionais envolvidos, atender as necessidades da sociedade e ter como foco a emancipa\u00e7\u00e3o humana, o bem-estar e a aprendizagem dos estudantes. Essas s\u00e3o marcas do nosso governo: a constru\u00e7\u00e3o de uma educa\u00e7\u00e3o inclusiva, equ\u00e2nime e para todos. Essa \u00e9 mais uma de muitas parcerias que vir\u00e3o em prol da educa\u00e7\u00e3o, do ensino e da ci\u00eancia\u201d, aponta J\u00e9ssica.<\/p>\n<p>Segundo a professora Gabriela, o uso da TAA (Terapia Assistida com Animais) \u00e9 bem difundida mundialmente. Estudos com cavalos e c\u00e3es para tal finalidade s\u00e3o bem compreendidos no meio acad\u00eamico, no entanto, o uso de outros animais ainda est\u00e1 em an\u00e1lise. \u201cA ideia de avaliar o bem-estar dos animais p\u00f3s-terapia \u00e9 pouco discutida. Al\u00e9m disso, desenvolveremos um protocolo de treinamento com esses coelhos para que fiquem aptos para fins terap\u00eauticos, algo in\u00e9dito na literatura\u201d, enfatizou.<\/p>\n<p>Gabriela explica que existem alguns profissionais que j\u00e1 trabalham com este tipo de terapia. \u201cNo Brasil temos um professor em Minas Gerais (se bem me recordo) que faz atendimento em uma APAE da cidade com coelhos, no entanto, ele n\u00e3o possui avalia\u00e7\u00e3o cient\u00edfica sobre o tema\u201d, destaca.<\/p>\n<p>\u201cAl\u00e9m do ineditismo do protocolo para treinamento, avalia\u00e7\u00e3o do animal e p\u00f3s-terapia, nosso objetivo \u00e9 acompanhar as crian\u00e7as do ensino fundamental, por exemplo, at\u00e9 o final do curso, o que ser\u00e1 in\u00e9dito tamb\u00e9m\u201d, enfatizou a professora.<\/p>\n<p>De acordo com Gabriela, o desenvolvimento do projeto preza muito pela sa\u00fade e bem-estar dos coelhos. \u201cUma simples queda para um animal do tamanho de um coelho adulto, pode vir a machuc\u00e1-lo seriamente, assim como alguma rea\u00e7\u00e3o inesperada de crian\u00e7as com alto grau de transtornos. O importante \u00e9 confiar na pedagoga que estar\u00e1 com o assistido, nos informando das poss\u00edveis rea\u00e7\u00f5es da crian\u00e7a, para que possamos tomar todos os cuidados necess\u00e1rios, desde apenas permitir que o aluno observe o animal, at\u00e9 entender quando ele estar\u00e1 preparado para intera\u00e7\u00e3o\u201d, ponderou.<\/p>\n<p>Em rela\u00e7\u00e3o aos estudos promovidos pelo UNIFEB neste projeto, al\u00e9m de avaliar se os animais t\u00eam perfil para fins terap\u00eauticos, tamb\u00e9m ser\u00e1 verificado o n\u00edvel de estresse dos coelhos ap\u00f3s as sess\u00f5es de terapia; quais transtornos s\u00e3o mais estressantes para os animais; se os coelhos conseguem ter um comportamento normal frente a transtornos diferentes; se a vida de um coelho terap\u00eautico muda; e tamb\u00e9m como dever\u00e1 ser a alimenta\u00e7\u00e3o, horas de descanso e ingest\u00e3o de \u00e1gua destes animais.<\/p>\n<p>A professora Gabriela refor\u00e7a a import\u00e2ncia deste projeto n\u00e3o s\u00f3 para a vida dos assistidos, mas tamb\u00e9m para uma quebra de paradigma em rela\u00e7\u00e3o aos animais de potencial comercial. \u201cEste \u00e9 um projeto que ajudar\u00e1 muitas crian\u00e7as e fam\u00edlias que precisam de aux\u00edlio, mas vale ressaltar que o projeto surgiu de uma vontade imensa de manter ou melhorar o bem-estar de animais de estima\u00e7\u00e3o, que possuem potencial para fins comerciais. N\u00f3s podemos criar animais n\u00e3o apenas para fins de produ\u00e7\u00e3o e a zootecnia pode e tem o dever de inserir os animais na vida dos seres humanos, para que possamos viver em equil\u00edbrio com tudo aquilo que n\u00f3s cerca\u201d, finalizou.<\/p>\n","protected":false},"excerpt":{"rendered":"<p>O UNIFEB e a Secretaria Municipal de Educa\u00e7\u00e3o, estabeleceram uma<\/p>\n","protected":false},"author":2,"featured_media":19839,"comment_status":"open","ping_status":"open","sticky":false,"template":"","format":"standard","meta":{"footnotes":""},"categories":[14,25,98],"tags":[],"class_list":["post-47117","post","type-post","status-publish","format-standard","has-post-thumbnail","hentry","category-barretos","category-cidades","category-educacao-educacao"],"yoast_head":"<!-- This site is optimized with the Yoast SEO plugin v27.4 - https:\/\/yoast.com\/product\/yoast-seo-wordpress\/ -->\n<title>Coelhoterapia ser\u00e1 desenvolvida por meio de parceria entre UNIFEB e Secretaria Municipal de Educa\u00e7\u00e3o - Regi\u00e3o News<\/title>\n<meta name=\"robots\" content=\"index, follow, max-snippet:-1, max-image-preview:large, max-video-preview:-1\" \/>\n<link rel=\"canonical\" href=\"https:\/\/regiaonews.net.br\/2022\/2021\/05\/17\/coelhoterapia-sera-desenvolvida-por-meio-de-parceria-entre-unifeb-e-secretaria-municipal-de-educacao\/\" \/>\n<meta property=\"og:locale\" content=\"pt_BR\" \/>\n<meta property=\"og:type\" content=\"article\" \/>\n<meta property=\"og:title\" content=\"Coelhoterapia ser\u00e1 desenvolvida por meio de parceria entre UNIFEB e Secretaria Municipal de Educa\u00e7\u00e3o - Regi\u00e3o News\" \/>\n<meta property=\"og:description\" content=\"O UNIFEB e a Secretaria Municipal de Educa\u00e7\u00e3o, estabeleceram uma\" \/>\n<meta property=\"og:url\" content=\"https:\/\/regiaonews.net.br\/2022\/2021\/05\/17\/coelhoterapia-sera-desenvolvida-por-meio-de-parceria-entre-unifeb-e-secretaria-municipal-de-educacao\/\" \/>\n<meta property=\"og:site_name\" content=\"Regi\u00e3o News\" \/>\n<meta property=\"article:published_time\" content=\"2021-05-17T23:38:04+00:00\" \/>\n<meta property=\"article:modified_time\" content=\"2021-05-17T23:39:30+00:00\" \/>\n<meta property=\"og:image\" content=\"https:\/\/regiaonews.net.br\/2022\/wp-content\/uploads\/2019\/05\/campus-unifeb.jpg\" \/>\n\t<meta property=\"og:image:width\" content=\"800\" \/>\n\t<meta property=\"og:image:height\" content=\"530\" \/>\n\t<meta property=\"og:image:type\" content=\"image\/jpeg\" \/>\n<meta name=\"author\" content=\"Roberto\" \/>\n<meta name=\"twitter:card\" content=\"summary_large_image\" \/>\n<meta name=\"twitter:label1\" content=\"Escrito por\" \/>\n\t<meta name=\"twitter:data1\" content=\"Roberto\" \/>\n\t<meta name=\"twitter:label2\" content=\"Est. tempo de leitura\" \/>\n\t<meta name=\"twitter:data2\" content=\"5 minutos\" \/>\n<script type=\"application\/ld+json\" class=\"yoast-schema-graph\">{\"@context\":\"https:\\\/\\\/schema.org\",\"@graph\":[{\"@type\":\"Article\",\"@id\":\"https:\\\/\\\/regiaonews.net.br\\\/2022\\\/2021\\\/05\\\/17\\\/coelhoterapia-sera-desenvolvida-por-meio-de-parceria-entre-unifeb-e-secretaria-municipal-de-educacao\\\/#article\",\"isPartOf\":{\"@id\":\"https:\\\/\\\/regiaonews.net.br\\\/2022\\\/2021\\\/05\\\/17\\\/coelhoterapia-sera-desenvolvida-por-meio-de-parceria-entre-unifeb-e-secretaria-municipal-de-educacao\\\/\"},\"author\":{\"name\":\"Roberto\",\"@id\":\"https:\\\/\\\/regiaonews.net.br\\\/2022\\\/#\\\/schema\\\/person\\\/2d205a608a5aa97ac279d7a5e6d89ad8\"},\"headline\":\"Coelhoterapia ser\u00e1 desenvolvida por meio de parceria entre UNIFEB e Secretaria Municipal de Educa\u00e7\u00e3o\",\"datePublished\":\"2021-05-17T23:38:04+00:00\",\"dateModified\":\"2021-05-17T23:39:30+00:00\",\"mainEntityOfPage\":{\"@id\":\"https:\\\/\\\/regiaonews.net.br\\\/2022\\\/2021\\\/05\\\/17\\\/coelhoterapia-sera-desenvolvida-por-meio-de-parceria-entre-unifeb-e-secretaria-municipal-de-educacao\\\/\"},\"wordCount\":941,\"commentCount\":0,\"publisher\":{\"@id\":\"https:\\\/\\\/regiaonews.net.br\\\/2022\\\/#organization\"},\"image\":{\"@id\":\"https:\\\/\\\/regiaonews.net.br\\\/2022\\\/2021\\\/05\\\/17\\\/coelhoterapia-sera-desenvolvida-por-meio-de-parceria-entre-unifeb-e-secretaria-municipal-de-educacao\\\/#primaryimage\"},\"thumbnailUrl\":\"https:\\\/\\\/regiaonews.net.br\\\/2022\\\/wp-content\\\/uploads\\\/2019\\\/05\\\/campus-unifeb.jpg\",\"articleSection\":[\"Barretos\",\"Cidades\",\"Educa\u00e7\u00e3o\"],\"inLanguage\":\"pt-BR\",\"potentialAction\":[{\"@type\":\"CommentAction\",\"name\":\"Comment\",\"target\":[\"https:\\\/\\\/regiaonews.net.br\\\/2022\\\/2021\\\/05\\\/17\\\/coelhoterapia-sera-desenvolvida-por-meio-de-parceria-entre-unifeb-e-secretaria-municipal-de-educacao\\\/#respond\"]}]},{\"@type\":\"WebPage\",\"@id\":\"https:\\\/\\\/regiaonews.net.br\\\/2022\\\/2021\\\/05\\\/17\\\/coelhoterapia-sera-desenvolvida-por-meio-de-parceria-entre-unifeb-e-secretaria-municipal-de-educacao\\\/\",\"url\":\"https:\\\/\\\/regiaonews.net.br\\\/2022\\\/2021\\\/05\\\/17\\\/coelhoterapia-sera-desenvolvida-por-meio-de-parceria-entre-unifeb-e-secretaria-municipal-de-educacao\\\/\",\"name\":\"Coelhoterapia ser\u00e1 desenvolvida por meio de parceria entre UNIFEB e Secretaria Municipal de Educa\u00e7\u00e3o - Regi\u00e3o News\",\"isPartOf\":{\"@id\":\"https:\\\/\\\/regiaonews.net.br\\\/2022\\\/#website\"},\"primaryImageOfPage\":{\"@id\":\"https:\\\/\\\/regiaonews.net.br\\\/2022\\\/2021\\\/05\\\/17\\\/coelhoterapia-sera-desenvolvida-por-meio-de-parceria-entre-unifeb-e-secretaria-municipal-de-educacao\\\/#primaryimage\"},\"image\":{\"@id\":\"https:\\\/\\\/regiaonews.net.br\\\/2022\\\/2021\\\/05\\\/17\\\/coelhoterapia-sera-desenvolvida-por-meio-de-parceria-entre-unifeb-e-secretaria-municipal-de-educacao\\\/#primaryimage\"},\"thumbnailUrl\":\"https:\\\/\\\/regiaonews.net.br\\\/2022\\\/wp-content\\\/uploads\\\/2019\\\/05\\\/campus-unifeb.jpg\",\"datePublished\":\"2021-05-17T23:38:04+00:00\",\"dateModified\":\"2021-05-17T23:39:30+00:00\",\"breadcrumb\":{\"@id\":\"https:\\\/\\\/regiaonews.net.br\\\/2022\\\/2021\\\/05\\\/17\\\/coelhoterapia-sera-desenvolvida-por-meio-de-parceria-entre-unifeb-e-secretaria-municipal-de-educacao\\\/#breadcrumb\"},\"inLanguage\":\"pt-BR\",\"potentialAction\":[{\"@type\":\"ReadAction\",\"target\":[\"https:\\\/\\\/regiaonews.net.br\\\/2022\\\/2021\\\/05\\\/17\\\/coelhoterapia-sera-desenvolvida-por-meio-de-parceria-entre-unifeb-e-secretaria-municipal-de-educacao\\\/\"]}]},{\"@type\":\"ImageObject\",\"inLanguage\":\"pt-BR\",\"@id\":\"https:\\\/\\\/regiaonews.net.br\\\/2022\\\/2021\\\/05\\\/17\\\/coelhoterapia-sera-desenvolvida-por-meio-de-parceria-entre-unifeb-e-secretaria-municipal-de-educacao\\\/#primaryimage\",\"url\":\"https:\\\/\\\/regiaonews.net.br\\\/2022\\\/wp-content\\\/uploads\\\/2019\\\/05\\\/campus-unifeb.jpg\",\"contentUrl\":\"https:\\\/\\\/regiaonews.net.br\\\/2022\\\/wp-content\\\/uploads\\\/2019\\\/05\\\/campus-unifeb.jpg\",\"width\":800,\"height\":530},{\"@type\":\"BreadcrumbList\",\"@id\":\"https:\\\/\\\/regiaonews.net.br\\\/2022\\\/2021\\\/05\\\/17\\\/coelhoterapia-sera-desenvolvida-por-meio-de-parceria-entre-unifeb-e-secretaria-municipal-de-educacao\\\/#breadcrumb\",\"itemListElement\":[{\"@type\":\"ListItem\",\"position\":1,\"name\":\"In\u00edcio\",\"item\":\"https:\\\/\\\/regiaonews.net.br\\\/2022\\\/\"},{\"@type\":\"ListItem\",\"position\":2,\"name\":\"Coelhoterapia ser\u00e1 desenvolvida por meio de parceria entre UNIFEB e Secretaria Municipal de Educa\u00e7\u00e3o\"}]},{\"@type\":\"WebSite\",\"@id\":\"https:\\\/\\\/regiaonews.net.br\\\/2022\\\/#website\",\"url\":\"https:\\\/\\\/regiaonews.net.br\\\/2022\\\/\",\"name\":\"Regi\u00e3o News\",\"description\":\"Site de Not\u00edcias de Barretos e regi\u00e3o\",\"publisher\":{\"@id\":\"https:\\\/\\\/regiaonews.net.br\\\/2022\\\/#organization\"},\"potentialAction\":[{\"@type\":\"SearchAction\",\"target\":{\"@type\":\"EntryPoint\",\"urlTemplate\":\"https:\\\/\\\/regiaonews.net.br\\\/2022\\\/?s={search_term_string}\"},\"query-input\":{\"@type\":\"PropertyValueSpecification\",\"valueRequired\":true,\"valueName\":\"search_term_string\"}}],\"inLanguage\":\"pt-BR\"},{\"@type\":\"Organization\",\"@id\":\"https:\\\/\\\/regiaonews.net.br\\\/2022\\\/#organization\",\"name\":\"Regi\u00e3o News\",\"url\":\"https:\\\/\\\/regiaonews.net.br\\\/2022\\\/\",\"logo\":{\"@type\":\"ImageObject\",\"inLanguage\":\"pt-BR\",\"@id\":\"https:\\\/\\\/regiaonews.net.br\\\/2022\\\/#\\\/schema\\\/logo\\\/image\\\/\",\"url\":\"https:\\\/\\\/regiaonews.net.br\\\/2022\\\/wp-content\\\/uploads\\\/2026\\\/03\\\/regiao-13-anos-scaled.jpg\",\"contentUrl\":\"https:\\\/\\\/regiaonews.net.br\\\/2022\\\/wp-content\\\/uploads\\\/2026\\\/03\\\/regiao-13-anos-scaled.jpg\",\"width\":2560,\"height\":635,\"caption\":\"Regi\u00e3o News\"},\"image\":{\"@id\":\"https:\\\/\\\/regiaonews.net.br\\\/2022\\\/#\\\/schema\\\/logo\\\/image\\\/\"}},{\"@type\":\"Person\",\"@id\":\"https:\\\/\\\/regiaonews.net.br\\\/2022\\\/#\\\/schema\\\/person\\\/2d205a608a5aa97ac279d7a5e6d89ad8\",\"name\":\"Roberto\",\"image\":{\"@type\":\"ImageObject\",\"inLanguage\":\"pt-BR\",\"@id\":\"https:\\\/\\\/secure.gravatar.com\\\/avatar\\\/42749d8b712ff9d59ca93dc150494e5b55a44134482993f5baeb97e61b7ecc89?s=96&d=mm&r=g\",\"url\":\"https:\\\/\\\/secure.gravatar.com\\\/avatar\\\/42749d8b712ff9d59ca93dc150494e5b55a44134482993f5baeb97e61b7ecc89?s=96&d=mm&r=g\",\"contentUrl\":\"https:\\\/\\\/secure.gravatar.com\\\/avatar\\\/42749d8b712ff9d59ca93dc150494e5b55a44134482993f5baeb97e61b7ecc89?s=96&d=mm&r=g\",\"caption\":\"Roberto\"},\"url\":\"https:\\\/\\\/regiaonews.net.br\\\/2022\\\/author\\\/roberto\\\/\"}]}<\/script>\n<!-- \/ Yoast SEO plugin. -->","yoast_head_json":{"title":"Coelhoterapia ser\u00e1 desenvolvida por meio de parceria entre UNIFEB e Secretaria Municipal de Educa\u00e7\u00e3o - Regi\u00e3o News","robots":{"index":"index","follow":"follow","max-snippet":"max-snippet:-1","max-image-preview":"max-image-preview:large","max-video-preview":"max-video-preview:-1"},"canonical":"https:\/\/regiaonews.net.br\/2022\/2021\/05\/17\/coelhoterapia-sera-desenvolvida-por-meio-de-parceria-entre-unifeb-e-secretaria-municipal-de-educacao\/","og_locale":"pt_BR","og_type":"article","og_title":"Coelhoterapia ser\u00e1 desenvolvida por meio de parceria entre UNIFEB e Secretaria Municipal de Educa\u00e7\u00e3o - Regi\u00e3o News","og_description":"O UNIFEB e a Secretaria Municipal de Educa\u00e7\u00e3o, estabeleceram uma","og_url":"https:\/\/regiaonews.net.br\/2022\/2021\/05\/17\/coelhoterapia-sera-desenvolvida-por-meio-de-parceria-entre-unifeb-e-secretaria-municipal-de-educacao\/","og_site_name":"Regi\u00e3o News","article_published_time":"2021-05-17T23:38:04+00:00","article_modified_time":"2021-05-17T23:39:30+00:00","og_image":[{"width":800,"height":530,"url":"https:\/\/regiaonews.net.br\/2022\/wp-content\/uploads\/2019\/05\/campus-unifeb.jpg","type":"image\/jpeg"}],"author":"Roberto","twitter_card":"summary_large_image","twitter_misc":{"Escrito por":"Roberto","Est. tempo de leitura":"5 minutos"},"schema":{"@context":"https:\/\/schema.org","@graph":[{"@type":"Article","@id":"https:\/\/regiaonews.net.br\/2022\/2021\/05\/17\/coelhoterapia-sera-desenvolvida-por-meio-de-parceria-entre-unifeb-e-secretaria-municipal-de-educacao\/#article","isPartOf":{"@id":"https:\/\/regiaonews.net.br\/2022\/2021\/05\/17\/coelhoterapia-sera-desenvolvida-por-meio-de-parceria-entre-unifeb-e-secretaria-municipal-de-educacao\/"},"author":{"name":"Roberto","@id":"https:\/\/regiaonews.net.br\/2022\/#\/schema\/person\/2d205a608a5aa97ac279d7a5e6d89ad8"},"headline":"Coelhoterapia ser\u00e1 desenvolvida por meio de parceria entre UNIFEB e Secretaria Municipal de Educa\u00e7\u00e3o","datePublished":"2021-05-17T23:38:04+00:00","dateModified":"2021-05-17T23:39:30+00:00","mainEntityOfPage":{"@id":"https:\/\/regiaonews.net.br\/2022\/2021\/05\/17\/coelhoterapia-sera-desenvolvida-por-meio-de-parceria-entre-unifeb-e-secretaria-municipal-de-educacao\/"},"wordCount":941,"commentCount":0,"publisher":{"@id":"https:\/\/regiaonews.net.br\/2022\/#organization"},"image":{"@id":"https:\/\/regiaonews.net.br\/2022\/2021\/05\/17\/coelhoterapia-sera-desenvolvida-por-meio-de-parceria-entre-unifeb-e-secretaria-municipal-de-educacao\/#primaryimage"},"thumbnailUrl":"https:\/\/regiaonews.net.br\/2022\/wp-content\/uploads\/2019\/05\/campus-unifeb.jpg","articleSection":["Barretos","Cidades","Educa\u00e7\u00e3o"],"inLanguage":"pt-BR","potentialAction":[{"@type":"CommentAction","name":"Comment","target":["https:\/\/regiaonews.net.br\/2022\/2021\/05\/17\/coelhoterapia-sera-desenvolvida-por-meio-de-parceria-entre-unifeb-e-secretaria-municipal-de-educacao\/#respond"]}]},{"@type":"WebPage","@id":"https:\/\/regiaonews.net.br\/2022\/2021\/05\/17\/coelhoterapia-sera-desenvolvida-por-meio-de-parceria-entre-unifeb-e-secretaria-municipal-de-educacao\/","url":"https:\/\/regiaonews.net.br\/2022\/2021\/05\/17\/coelhoterapia-sera-desenvolvida-por-meio-de-parceria-entre-unifeb-e-secretaria-municipal-de-educacao\/","name":"Coelhoterapia ser\u00e1 desenvolvida por meio de parceria entre UNIFEB e Secretaria Municipal de Educa\u00e7\u00e3o - Regi\u00e3o News","isPartOf":{"@id":"https:\/\/regiaonews.net.br\/2022\/#website"},"primaryImageOfPage":{"@id":"https:\/\/regiaonews.net.br\/2022\/2021\/05\/17\/coelhoterapia-sera-desenvolvida-por-meio-de-parceria-entre-unifeb-e-secretaria-municipal-de-educacao\/#primaryimage"},"image":{"@id":"https:\/\/regiaonews.net.br\/2022\/2021\/05\/17\/coelhoterapia-sera-desenvolvida-por-meio-de-parceria-entre-unifeb-e-secretaria-municipal-de-educacao\/#primaryimage"},"thumbnailUrl":"https:\/\/regiaonews.net.br\/2022\/wp-content\/uploads\/2019\/05\/campus-unifeb.jpg","datePublished":"2021-05-17T23:38:04+00:00","dateModified":"2021-05-17T23:39:30+00:00","breadcrumb":{"@id":"https:\/\/regiaonews.net.br\/2022\/2021\/05\/17\/coelhoterapia-sera-desenvolvida-por-meio-de-parceria-entre-unifeb-e-secretaria-municipal-de-educacao\/#breadcrumb"},"inLanguage":"pt-BR","potentialAction":[{"@type":"ReadAction","target":["https:\/\/regiaonews.net.br\/2022\/2021\/05\/17\/coelhoterapia-sera-desenvolvida-por-meio-de-parceria-entre-unifeb-e-secretaria-municipal-de-educacao\/"]}]},{"@type":"ImageObject","inLanguage":"pt-BR","@id":"https:\/\/regiaonews.net.br\/2022\/2021\/05\/17\/coelhoterapia-sera-desenvolvida-por-meio-de-parceria-entre-unifeb-e-secretaria-municipal-de-educacao\/#primaryimage","url":"https:\/\/regiaonews.net.br\/2022\/wp-content\/uploads\/2019\/05\/campus-unifeb.jpg","contentUrl":"https:\/\/regiaonews.net.br\/2022\/wp-content\/uploads\/2019\/05\/campus-unifeb.jpg","width":800,"height":530},{"@type":"BreadcrumbList","@id":"https:\/\/regiaonews.net.br\/2022\/2021\/05\/17\/coelhoterapia-sera-desenvolvida-por-meio-de-parceria-entre-unifeb-e-secretaria-municipal-de-educacao\/#breadcrumb","itemListElement":[{"@type":"ListItem","position":1,"name":"In\u00edcio","item":"https:\/\/regiaonews.net.br\/2022\/"},{"@type":"ListItem","position":2,"name":"Coelhoterapia ser\u00e1 desenvolvida por meio de parceria entre UNIFEB e Secretaria Municipal de Educa\u00e7\u00e3o"}]},{"@type":"WebSite","@id":"https:\/\/regiaonews.net.br\/2022\/#website","url":"https:\/\/regiaonews.net.br\/2022\/","name":"Regi\u00e3o News","description":"Site de Not\u00edcias de Barretos e regi\u00e3o","publisher":{"@id":"https:\/\/regiaonews.net.br\/2022\/#organization"},"potentialAction":[{"@type":"SearchAction","target":{"@type":"EntryPoint","urlTemplate":"https:\/\/regiaonews.net.br\/2022\/?s={search_term_string}"},"query-input":{"@type":"PropertyValueSpecification","valueRequired":true,"valueName":"search_term_string"}}],"inLanguage":"pt-BR"},{"@type":"Organization","@id":"https:\/\/regiaonews.net.br\/2022\/#organization","name":"Regi\u00e3o News","url":"https:\/\/regiaonews.net.br\/2022\/","logo":{"@type":"ImageObject","inLanguage":"pt-BR","@id":"https:\/\/regiaonews.net.br\/2022\/#\/schema\/logo\/image\/","url":"https:\/\/regiaonews.net.br\/2022\/wp-content\/uploads\/2026\/03\/regiao-13-anos-scaled.jpg","contentUrl":"https:\/\/regiaonews.net.br\/2022\/wp-content\/uploads\/2026\/03\/regiao-13-anos-scaled.jpg","width":2560,"height":635,"caption":"Regi\u00e3o News"},"image":{"@id":"https:\/\/regiaonews.net.br\/2022\/#\/schema\/logo\/image\/"}},{"@type":"Person","@id":"https:\/\/regiaonews.net.br\/2022\/#\/schema\/person\/2d205a608a5aa97ac279d7a5e6d89ad8","name":"Roberto","image":{"@type":"ImageObject","inLanguage":"pt-BR","@id":"https:\/\/secure.gravatar.com\/avatar\/42749d8b712ff9d59ca93dc150494e5b55a44134482993f5baeb97e61b7ecc89?s=96&d=mm&r=g","url":"https:\/\/secure.gravatar.com\/avatar\/42749d8b712ff9d59ca93dc150494e5b55a44134482993f5baeb97e61b7ecc89?s=96&d=mm&r=g","contentUrl":"https:\/\/secure.gravatar.com\/avatar\/42749d8b712ff9d59ca93dc150494e5b55a44134482993f5baeb97e61b7ecc89?s=96&d=mm&r=g","caption":"Roberto"},"url":"https:\/\/regiaonews.net.br\/2022\/author\/roberto\/"}]}},"publishpress_future_action":{"enabled":false,"date":"2026-05-04 10:38:43","action":"change-status","newStatus":"draft","terms":[],"taxonomy":"category","extraData":[]},"publishpress_future_workflow_manual_trigger":{"enabledWorkflows":[]},"_links":{"self":[{"href":"https:\/\/regiaonews.net.br\/2022\/wp-json\/wp\/v2\/posts\/47117","targetHints":{"allow":["GET"]}}],"collection":[{"href":"https:\/\/regiaonews.net.br\/2022\/wp-json\/wp\/v2\/posts"}],"about":[{"href":"https:\/\/regiaonews.net.br\/2022\/wp-json\/wp\/v2\/types\/post"}],"author":[{"embeddable":true,"href":"https:\/\/regiaonews.net.br\/2022\/wp-json\/wp\/v2\/users\/2"}],"replies":[{"embeddable":true,"href":"https:\/\/regiaonews.net.br\/2022\/wp-json\/wp\/v2\/comments?post=47117"}],"version-history":[{"count":0,"href":"https:\/\/regiaonews.net.br\/2022\/wp-json\/wp\/v2\/posts\/47117\/revisions"}],"wp:featuredmedia":[{"embeddable":true,"href":"https:\/\/regiaonews.net.br\/2022\/wp-json\/wp\/v2\/media\/19839"}],"wp:attachment":[{"href":"https:\/\/regiaonews.net.br\/2022\/wp-json\/wp\/v2\/media?parent=47117"}],"wp:term":[{"taxonomy":"category","embeddable":true,"href":"https:\/\/regiaonews.net.br\/2022\/wp-json\/wp\/v2\/categories?post=47117"},{"taxonomy":"post_tag","embeddable":true,"href":"https:\/\/regiaonews.net.br\/2022\/wp-json\/wp\/v2\/tags?post=47117"}],"curies":[{"name":"wp","href":"https:\/\/api.w.org\/{rel}","templated":true}]}}