{"id":47097,"date":"2021-05-17T15:21:42","date_gmt":"2021-05-17T18:21:42","guid":{"rendered":"https:\/\/regiaonews.net.br\/2022\/?p=47097"},"modified":"2021-05-17T15:21:42","modified_gmt":"2021-05-17T18:21:42","slug":"mais-de-65-mil-moradores-de-botucatu-foram-vacinados-contra-a-covid-19","status":"publish","type":"post","link":"https:\/\/regiaonews.net.br\/2022\/2021\/05\/17\/mais-de-65-mil-moradores-de-botucatu-foram-vacinados-contra-a-covid-19\/","title":{"rendered":"Mais de 65 mil moradores de Botucatu foram vacinados contra a covid-19"},"content":{"rendered":"<p><a href=\"https:\/\/regiaonews.net.br\/2022\/wp-content\/uploads\/2021\/05\/img_5954_0.jpg\"><img loading=\"lazy\" decoding=\"async\" class=\"alignnone size-medium wp-image-47098\" src=\"https:\/\/regiaonews.net.br\/2022\/wp-content\/uploads\/2021\/05\/img_5954_0-300x179.jpg\" alt=\"\" width=\"300\" height=\"179\" \/><\/a><\/p>\n<p>Mais de 65 mil moradores de Botucatu, no interior paulista, foram vacinados contra a covid-19 ontem (17), durante a campanha de vacina\u00e7\u00e3o em massa para um estudo com o imunizante Oxford\/AstraZeneca\/Fiocruz. A expectativa do Minist\u00e9rio da Sa\u00fade era vacinar 60 mil pessoas.<img decoding=\"async\" src=\"https:\/\/agenciabrasil.ebc.com.br\/ebc.png?id=1409934&amp;o=node\" \/><img decoding=\"async\" src=\"https:\/\/agenciabrasil.ebc.com.br\/ebc.gif?id=1409934&amp;o=node\" \/><\/p>\n<p>Em v\u00eddeo publicado nas redes sociais da prefeitura, o secret\u00e1rio municipal de sa\u00fade, Andr\u00e9 Spadaro, disse que foram aplicadas 65.932 doses de vacina, mas o n\u00famero ainda pode ser maior, ap\u00f3s acrescentarem registros que foram feitos manualmente por problemas no sistema digital. Esse trabalho, segundo ele, deve ser finalizado ainda hoje (17). \u201cAgradecemos a toda a popula\u00e7\u00e3o pela forte ades\u00e3o \u00e0 campanha\u201d, disse Spadaro.<\/p>\n<p>Ontem, toda a popula\u00e7\u00e3o adulta da cidade, entre 18 e 60 anos, foi imunizada para um estudo com a vacina contra a covid-19 desenvolvida pela Oxford\/AstraZeneca e Fiocruz. As pessoas com idade acima de 60 anos n\u00e3o foram inclu\u00eddas no estudo porque j\u00e1 est\u00e3o vacinadas pelo Programa Nacional de Imuniza\u00e7\u00f5es (PNI).<\/p>\n<p>Os menores de 18 anos ainda n\u00e3o ser\u00e3o ainda vacinados porque, at\u00e9 o momento, n\u00e3o houve estudos sobre a aplica\u00e7\u00e3o do imunizante nesse p\u00fablico. As gestantes tamb\u00e9m n\u00e3o receberam a dose da vacina, seguindo orienta\u00e7\u00e3o da Ag\u00eancia Nacional de Vigil\u00e2ncia Sanit\u00e1ria (Anvisa), que\u00a0<a href=\"https:\/\/agenciabrasil.ebc.com.br\/saude\/noticia\/2021-05\/anvisa-orienta-suspensao-de-vacina-da-astrazeneca-para-gravidas\" target=\"_blank\" rel=\"noopener\">n\u00e3o recomenda a aplica\u00e7\u00e3o do imunizante da AstraZeneca nesse grupo<\/a>.<\/p>\n<p>Para o estudo, o Programa Nacional de Imuniza\u00e7\u00f5es (PNI) doou 80 mil doses da vacina produzida no Brasil pela Funda\u00e7\u00e3o Oswaldo Cruz (Fiocruz). Al\u00e9m da vacina\u00e7\u00e3o, a pesquisa prev\u00ea testagem da popula\u00e7\u00e3o e sequenciamento gen\u00e9tico do v\u00edrus. A previs\u00e3o \u00e9 que o estudo dure oito meses, contando com a aplica\u00e7\u00e3o da segunda dose e o monitoramento das pessoas imunizadas.<\/p>\n<p>Al\u00e9m do Minist\u00e9rio da Sa\u00fade e da prefeitura de Botucatu, participam do estudo a Universidade de Oxford, a Fiocruz, a Universidade Estadual Paulista (Unesp), o laborat\u00f3rio AstraZeneca, a Universidade Federal de S\u00e3o Paulo (Unifesp) e a Funda\u00e7\u00e3o Bill e Melinda Gates.<\/p>\n<p>A prefeitura de Botucatu orienta os moradores j\u00e1 vacinados a manterem os cuidados e as medidas sanit\u00e1rias. \u201cPrecisamos continuar usando m\u00e1scara ao sair de casa, higienizando as m\u00e3os frequentemente e evitando aglomera\u00e7\u00f5es. A vacina reduz muito as chances de desenvolver a doen\u00e7a e desafoga o sistema de sa\u00fade, mas relaxar agora \u2013 mesmo com a vacina \u2013 significa aumentar as chances de contamina\u00e7\u00e3o\u201d, diz a administra\u00e7\u00e3o, nas redes sociais.<\/p>\n<p>At\u00e9 este momento, a cidade contabiliza 12.685 casos confirmados de covid-19, com 207 \u00f3bitos.<\/p>\n<p>FONTE : Ag\u00eanciaBrasil<\/p>\n","protected":false},"excerpt":{"rendered":"<p>Mais de 65 mil moradores de Botucatu, no interior paulista,<\/p>\n","protected":false},"author":2,"featured_media":47098,"comment_status":"open","ping_status":"open","sticky":false,"template":"","format":"standard","meta":{"footnotes":""},"categories":[25],"tags":[],"class_list":["post-47097","post","type-post","status-publish","format-standard","has-post-thumbnail","hentry","category-cidades"],"yoast_head":"<!-- This site is optimized with the Yoast SEO plugin v27.4 - https:\/\/yoast.com\/product\/yoast-seo-wordpress\/ -->\n<title>Mais de 65 mil moradores de Botucatu foram vacinados contra a covid-19 - Regi\u00e3o News<\/title>\n<meta name=\"robots\" content=\"index, follow, max-snippet:-1, max-image-preview:large, max-video-preview:-1\" \/>\n<link rel=\"canonical\" href=\"https:\/\/regiaonews.net.br\/2022\/2021\/05\/17\/mais-de-65-mil-moradores-de-botucatu-foram-vacinados-contra-a-covid-19\/\" \/>\n<meta property=\"og:locale\" content=\"pt_BR\" \/>\n<meta property=\"og:type\" content=\"article\" \/>\n<meta property=\"og:title\" content=\"Mais de 65 mil moradores de Botucatu foram vacinados contra a covid-19 - Regi\u00e3o News\" \/>\n<meta property=\"og:description\" content=\"Mais de 65 mil moradores de Botucatu, no interior paulista,\" \/>\n<meta property=\"og:url\" content=\"https:\/\/regiaonews.net.br\/2022\/2021\/05\/17\/mais-de-65-mil-moradores-de-botucatu-foram-vacinados-contra-a-covid-19\/\" \/>\n<meta property=\"og:site_name\" content=\"Regi\u00e3o News\" \/>\n<meta property=\"article:published_time\" content=\"2021-05-17T18:21:42+00:00\" \/>\n<meta property=\"og:image\" content=\"https:\/\/regiaonews.net.br\/2022\/wp-content\/uploads\/2021\/05\/img_5954_0.jpg\" \/>\n\t<meta property=\"og:image:width\" content=\"1170\" \/>\n\t<meta property=\"og:image:height\" content=\"700\" \/>\n\t<meta property=\"og:image:type\" content=\"image\/jpeg\" \/>\n<meta name=\"author\" content=\"Roberto\" \/>\n<meta name=\"twitter:card\" content=\"summary_large_image\" \/>\n<meta name=\"twitter:label1\" content=\"Escrito por\" \/>\n\t<meta name=\"twitter:data1\" content=\"Roberto\" \/>\n\t<meta name=\"twitter:label2\" content=\"Est. tempo de leitura\" \/>\n\t<meta name=\"twitter:data2\" content=\"2 minutos\" \/>\n<script type=\"application\/ld+json\" class=\"yoast-schema-graph\">{\"@context\":\"https:\\\/\\\/schema.org\",\"@graph\":[{\"@type\":\"Article\",\"@id\":\"https:\\\/\\\/regiaonews.net.br\\\/2022\\\/2021\\\/05\\\/17\\\/mais-de-65-mil-moradores-de-botucatu-foram-vacinados-contra-a-covid-19\\\/#article\",\"isPartOf\":{\"@id\":\"https:\\\/\\\/regiaonews.net.br\\\/2022\\\/2021\\\/05\\\/17\\\/mais-de-65-mil-moradores-de-botucatu-foram-vacinados-contra-a-covid-19\\\/\"},\"author\":{\"name\":\"Roberto\",\"@id\":\"https:\\\/\\\/regiaonews.net.br\\\/2022\\\/#\\\/schema\\\/person\\\/2d205a608a5aa97ac279d7a5e6d89ad8\"},\"headline\":\"Mais de 65 mil moradores de Botucatu foram vacinados contra a covid-19\",\"datePublished\":\"2021-05-17T18:21:42+00:00\",\"mainEntityOfPage\":{\"@id\":\"https:\\\/\\\/regiaonews.net.br\\\/2022\\\/2021\\\/05\\\/17\\\/mais-de-65-mil-moradores-de-botucatu-foram-vacinados-contra-a-covid-19\\\/\"},\"wordCount\":445,\"commentCount\":0,\"publisher\":{\"@id\":\"https:\\\/\\\/regiaonews.net.br\\\/2022\\\/#organization\"},\"image\":{\"@id\":\"https:\\\/\\\/regiaonews.net.br\\\/2022\\\/2021\\\/05\\\/17\\\/mais-de-65-mil-moradores-de-botucatu-foram-vacinados-contra-a-covid-19\\\/#primaryimage\"},\"thumbnailUrl\":\"https:\\\/\\\/regiaonews.net.br\\\/2022\\\/wp-content\\\/uploads\\\/2021\\\/05\\\/img_5954_0.jpg\",\"articleSection\":[\"Cidades\"],\"inLanguage\":\"pt-BR\",\"potentialAction\":[{\"@type\":\"CommentAction\",\"name\":\"Comment\",\"target\":[\"https:\\\/\\\/regiaonews.net.br\\\/2022\\\/2021\\\/05\\\/17\\\/mais-de-65-mil-moradores-de-botucatu-foram-vacinados-contra-a-covid-19\\\/#respond\"]}]},{\"@type\":\"WebPage\",\"@id\":\"https:\\\/\\\/regiaonews.net.br\\\/2022\\\/2021\\\/05\\\/17\\\/mais-de-65-mil-moradores-de-botucatu-foram-vacinados-contra-a-covid-19\\\/\",\"url\":\"https:\\\/\\\/regiaonews.net.br\\\/2022\\\/2021\\\/05\\\/17\\\/mais-de-65-mil-moradores-de-botucatu-foram-vacinados-contra-a-covid-19\\\/\",\"name\":\"Mais de 65 mil moradores de Botucatu foram vacinados contra a covid-19 - Regi\u00e3o News\",\"isPartOf\":{\"@id\":\"https:\\\/\\\/regiaonews.net.br\\\/2022\\\/#website\"},\"primaryImageOfPage\":{\"@id\":\"https:\\\/\\\/regiaonews.net.br\\\/2022\\\/2021\\\/05\\\/17\\\/mais-de-65-mil-moradores-de-botucatu-foram-vacinados-contra-a-covid-19\\\/#primaryimage\"},\"image\":{\"@id\":\"https:\\\/\\\/regiaonews.net.br\\\/2022\\\/2021\\\/05\\\/17\\\/mais-de-65-mil-moradores-de-botucatu-foram-vacinados-contra-a-covid-19\\\/#primaryimage\"},\"thumbnailUrl\":\"https:\\\/\\\/regiaonews.net.br\\\/2022\\\/wp-content\\\/uploads\\\/2021\\\/05\\\/img_5954_0.jpg\",\"datePublished\":\"2021-05-17T18:21:42+00:00\",\"breadcrumb\":{\"@id\":\"https:\\\/\\\/regiaonews.net.br\\\/2022\\\/2021\\\/05\\\/17\\\/mais-de-65-mil-moradores-de-botucatu-foram-vacinados-contra-a-covid-19\\\/#breadcrumb\"},\"inLanguage\":\"pt-BR\",\"potentialAction\":[{\"@type\":\"ReadAction\",\"target\":[\"https:\\\/\\\/regiaonews.net.br\\\/2022\\\/2021\\\/05\\\/17\\\/mais-de-65-mil-moradores-de-botucatu-foram-vacinados-contra-a-covid-19\\\/\"]}]},{\"@type\":\"ImageObject\",\"inLanguage\":\"pt-BR\",\"@id\":\"https:\\\/\\\/regiaonews.net.br\\\/2022\\\/2021\\\/05\\\/17\\\/mais-de-65-mil-moradores-de-botucatu-foram-vacinados-contra-a-covid-19\\\/#primaryimage\",\"url\":\"https:\\\/\\\/regiaonews.net.br\\\/2022\\\/wp-content\\\/uploads\\\/2021\\\/05\\\/img_5954_0.jpg\",\"contentUrl\":\"https:\\\/\\\/regiaonews.net.br\\\/2022\\\/wp-content\\\/uploads\\\/2021\\\/05\\\/img_5954_0.jpg\",\"width\":1170,\"height\":700},{\"@type\":\"BreadcrumbList\",\"@id\":\"https:\\\/\\\/regiaonews.net.br\\\/2022\\\/2021\\\/05\\\/17\\\/mais-de-65-mil-moradores-de-botucatu-foram-vacinados-contra-a-covid-19\\\/#breadcrumb\",\"itemListElement\":[{\"@type\":\"ListItem\",\"position\":1,\"name\":\"In\u00edcio\",\"item\":\"https:\\\/\\\/regiaonews.net.br\\\/2022\\\/\"},{\"@type\":\"ListItem\",\"position\":2,\"name\":\"Mais de 65 mil moradores de Botucatu foram vacinados contra a covid-19\"}]},{\"@type\":\"WebSite\",\"@id\":\"https:\\\/\\\/regiaonews.net.br\\\/2022\\\/#website\",\"url\":\"https:\\\/\\\/regiaonews.net.br\\\/2022\\\/\",\"name\":\"Regi\u00e3o News\",\"description\":\"Site de Not\u00edcias de Barretos e regi\u00e3o\",\"publisher\":{\"@id\":\"https:\\\/\\\/regiaonews.net.br\\\/2022\\\/#organization\"},\"potentialAction\":[{\"@type\":\"SearchAction\",\"target\":{\"@type\":\"EntryPoint\",\"urlTemplate\":\"https:\\\/\\\/regiaonews.net.br\\\/2022\\\/?s={search_term_string}\"},\"query-input\":{\"@type\":\"PropertyValueSpecification\",\"valueRequired\":true,\"valueName\":\"search_term_string\"}}],\"inLanguage\":\"pt-BR\"},{\"@type\":\"Organization\",\"@id\":\"https:\\\/\\\/regiaonews.net.br\\\/2022\\\/#organization\",\"name\":\"Regi\u00e3o News\",\"url\":\"https:\\\/\\\/regiaonews.net.br\\\/2022\\\/\",\"logo\":{\"@type\":\"ImageObject\",\"inLanguage\":\"pt-BR\",\"@id\":\"https:\\\/\\\/regiaonews.net.br\\\/2022\\\/#\\\/schema\\\/logo\\\/image\\\/\",\"url\":\"https:\\\/\\\/regiaonews.net.br\\\/2022\\\/wp-content\\\/uploads\\\/2026\\\/03\\\/regiao-13-anos-scaled.jpg\",\"contentUrl\":\"https:\\\/\\\/regiaonews.net.br\\\/2022\\\/wp-content\\\/uploads\\\/2026\\\/03\\\/regiao-13-anos-scaled.jpg\",\"width\":2560,\"height\":635,\"caption\":\"Regi\u00e3o News\"},\"image\":{\"@id\":\"https:\\\/\\\/regiaonews.net.br\\\/2022\\\/#\\\/schema\\\/logo\\\/image\\\/\"}},{\"@type\":\"Person\",\"@id\":\"https:\\\/\\\/regiaonews.net.br\\\/2022\\\/#\\\/schema\\\/person\\\/2d205a608a5aa97ac279d7a5e6d89ad8\",\"name\":\"Roberto\",\"image\":{\"@type\":\"ImageObject\",\"inLanguage\":\"pt-BR\",\"@id\":\"https:\\\/\\\/secure.gravatar.com\\\/avatar\\\/42749d8b712ff9d59ca93dc150494e5b55a44134482993f5baeb97e61b7ecc89?s=96&d=mm&r=g\",\"url\":\"https:\\\/\\\/secure.gravatar.com\\\/avatar\\\/42749d8b712ff9d59ca93dc150494e5b55a44134482993f5baeb97e61b7ecc89?s=96&d=mm&r=g\",\"contentUrl\":\"https:\\\/\\\/secure.gravatar.com\\\/avatar\\\/42749d8b712ff9d59ca93dc150494e5b55a44134482993f5baeb97e61b7ecc89?s=96&d=mm&r=g\",\"caption\":\"Roberto\"},\"url\":\"https:\\\/\\\/regiaonews.net.br\\\/2022\\\/author\\\/roberto\\\/\"}]}<\/script>\n<!-- \/ Yoast SEO plugin. -->","yoast_head_json":{"title":"Mais de 65 mil moradores de Botucatu foram vacinados contra a covid-19 - Regi\u00e3o News","robots":{"index":"index","follow":"follow","max-snippet":"max-snippet:-1","max-image-preview":"max-image-preview:large","max-video-preview":"max-video-preview:-1"},"canonical":"https:\/\/regiaonews.net.br\/2022\/2021\/05\/17\/mais-de-65-mil-moradores-de-botucatu-foram-vacinados-contra-a-covid-19\/","og_locale":"pt_BR","og_type":"article","og_title":"Mais de 65 mil moradores de Botucatu foram vacinados contra a covid-19 - Regi\u00e3o News","og_description":"Mais de 65 mil moradores de Botucatu, no interior paulista,","og_url":"https:\/\/regiaonews.net.br\/2022\/2021\/05\/17\/mais-de-65-mil-moradores-de-botucatu-foram-vacinados-contra-a-covid-19\/","og_site_name":"Regi\u00e3o News","article_published_time":"2021-05-17T18:21:42+00:00","og_image":[{"width":1170,"height":700,"url":"https:\/\/regiaonews.net.br\/2022\/wp-content\/uploads\/2021\/05\/img_5954_0.jpg","type":"image\/jpeg"}],"author":"Roberto","twitter_card":"summary_large_image","twitter_misc":{"Escrito por":"Roberto","Est. tempo de leitura":"2 minutos"},"schema":{"@context":"https:\/\/schema.org","@graph":[{"@type":"Article","@id":"https:\/\/regiaonews.net.br\/2022\/2021\/05\/17\/mais-de-65-mil-moradores-de-botucatu-foram-vacinados-contra-a-covid-19\/#article","isPartOf":{"@id":"https:\/\/regiaonews.net.br\/2022\/2021\/05\/17\/mais-de-65-mil-moradores-de-botucatu-foram-vacinados-contra-a-covid-19\/"},"author":{"name":"Roberto","@id":"https:\/\/regiaonews.net.br\/2022\/#\/schema\/person\/2d205a608a5aa97ac279d7a5e6d89ad8"},"headline":"Mais de 65 mil moradores de Botucatu foram vacinados contra a covid-19","datePublished":"2021-05-17T18:21:42+00:00","mainEntityOfPage":{"@id":"https:\/\/regiaonews.net.br\/2022\/2021\/05\/17\/mais-de-65-mil-moradores-de-botucatu-foram-vacinados-contra-a-covid-19\/"},"wordCount":445,"commentCount":0,"publisher":{"@id":"https:\/\/regiaonews.net.br\/2022\/#organization"},"image":{"@id":"https:\/\/regiaonews.net.br\/2022\/2021\/05\/17\/mais-de-65-mil-moradores-de-botucatu-foram-vacinados-contra-a-covid-19\/#primaryimage"},"thumbnailUrl":"https:\/\/regiaonews.net.br\/2022\/wp-content\/uploads\/2021\/05\/img_5954_0.jpg","articleSection":["Cidades"],"inLanguage":"pt-BR","potentialAction":[{"@type":"CommentAction","name":"Comment","target":["https:\/\/regiaonews.net.br\/2022\/2021\/05\/17\/mais-de-65-mil-moradores-de-botucatu-foram-vacinados-contra-a-covid-19\/#respond"]}]},{"@type":"WebPage","@id":"https:\/\/regiaonews.net.br\/2022\/2021\/05\/17\/mais-de-65-mil-moradores-de-botucatu-foram-vacinados-contra-a-covid-19\/","url":"https:\/\/regiaonews.net.br\/2022\/2021\/05\/17\/mais-de-65-mil-moradores-de-botucatu-foram-vacinados-contra-a-covid-19\/","name":"Mais de 65 mil moradores de Botucatu foram vacinados contra a covid-19 - Regi\u00e3o News","isPartOf":{"@id":"https:\/\/regiaonews.net.br\/2022\/#website"},"primaryImageOfPage":{"@id":"https:\/\/regiaonews.net.br\/2022\/2021\/05\/17\/mais-de-65-mil-moradores-de-botucatu-foram-vacinados-contra-a-covid-19\/#primaryimage"},"image":{"@id":"https:\/\/regiaonews.net.br\/2022\/2021\/05\/17\/mais-de-65-mil-moradores-de-botucatu-foram-vacinados-contra-a-covid-19\/#primaryimage"},"thumbnailUrl":"https:\/\/regiaonews.net.br\/2022\/wp-content\/uploads\/2021\/05\/img_5954_0.jpg","datePublished":"2021-05-17T18:21:42+00:00","breadcrumb":{"@id":"https:\/\/regiaonews.net.br\/2022\/2021\/05\/17\/mais-de-65-mil-moradores-de-botucatu-foram-vacinados-contra-a-covid-19\/#breadcrumb"},"inLanguage":"pt-BR","potentialAction":[{"@type":"ReadAction","target":["https:\/\/regiaonews.net.br\/2022\/2021\/05\/17\/mais-de-65-mil-moradores-de-botucatu-foram-vacinados-contra-a-covid-19\/"]}]},{"@type":"ImageObject","inLanguage":"pt-BR","@id":"https:\/\/regiaonews.net.br\/2022\/2021\/05\/17\/mais-de-65-mil-moradores-de-botucatu-foram-vacinados-contra-a-covid-19\/#primaryimage","url":"https:\/\/regiaonews.net.br\/2022\/wp-content\/uploads\/2021\/05\/img_5954_0.jpg","contentUrl":"https:\/\/regiaonews.net.br\/2022\/wp-content\/uploads\/2021\/05\/img_5954_0.jpg","width":1170,"height":700},{"@type":"BreadcrumbList","@id":"https:\/\/regiaonews.net.br\/2022\/2021\/05\/17\/mais-de-65-mil-moradores-de-botucatu-foram-vacinados-contra-a-covid-19\/#breadcrumb","itemListElement":[{"@type":"ListItem","position":1,"name":"In\u00edcio","item":"https:\/\/regiaonews.net.br\/2022\/"},{"@type":"ListItem","position":2,"name":"Mais de 65 mil moradores de Botucatu foram vacinados contra a covid-19"}]},{"@type":"WebSite","@id":"https:\/\/regiaonews.net.br\/2022\/#website","url":"https:\/\/regiaonews.net.br\/2022\/","name":"Regi\u00e3o News","description":"Site de Not\u00edcias de Barretos e regi\u00e3o","publisher":{"@id":"https:\/\/regiaonews.net.br\/2022\/#organization"},"potentialAction":[{"@type":"SearchAction","target":{"@type":"EntryPoint","urlTemplate":"https:\/\/regiaonews.net.br\/2022\/?s={search_term_string}"},"query-input":{"@type":"PropertyValueSpecification","valueRequired":true,"valueName":"search_term_string"}}],"inLanguage":"pt-BR"},{"@type":"Organization","@id":"https:\/\/regiaonews.net.br\/2022\/#organization","name":"Regi\u00e3o News","url":"https:\/\/regiaonews.net.br\/2022\/","logo":{"@type":"ImageObject","inLanguage":"pt-BR","@id":"https:\/\/regiaonews.net.br\/2022\/#\/schema\/logo\/image\/","url":"https:\/\/regiaonews.net.br\/2022\/wp-content\/uploads\/2026\/03\/regiao-13-anos-scaled.jpg","contentUrl":"https:\/\/regiaonews.net.br\/2022\/wp-content\/uploads\/2026\/03\/regiao-13-anos-scaled.jpg","width":2560,"height":635,"caption":"Regi\u00e3o News"},"image":{"@id":"https:\/\/regiaonews.net.br\/2022\/#\/schema\/logo\/image\/"}},{"@type":"Person","@id":"https:\/\/regiaonews.net.br\/2022\/#\/schema\/person\/2d205a608a5aa97ac279d7a5e6d89ad8","name":"Roberto","image":{"@type":"ImageObject","inLanguage":"pt-BR","@id":"https:\/\/secure.gravatar.com\/avatar\/42749d8b712ff9d59ca93dc150494e5b55a44134482993f5baeb97e61b7ecc89?s=96&d=mm&r=g","url":"https:\/\/secure.gravatar.com\/avatar\/42749d8b712ff9d59ca93dc150494e5b55a44134482993f5baeb97e61b7ecc89?s=96&d=mm&r=g","contentUrl":"https:\/\/secure.gravatar.com\/avatar\/42749d8b712ff9d59ca93dc150494e5b55a44134482993f5baeb97e61b7ecc89?s=96&d=mm&r=g","caption":"Roberto"},"url":"https:\/\/regiaonews.net.br\/2022\/author\/roberto\/"}]}},"publishpress_future_action":{"enabled":false,"date":"2026-05-04 08:55:03","action":"change-status","newStatus":"draft","terms":[],"taxonomy":"category","extraData":[]},"publishpress_future_workflow_manual_trigger":{"enabledWorkflows":[]},"_links":{"self":[{"href":"https:\/\/regiaonews.net.br\/2022\/wp-json\/wp\/v2\/posts\/47097","targetHints":{"allow":["GET"]}}],"collection":[{"href":"https:\/\/regiaonews.net.br\/2022\/wp-json\/wp\/v2\/posts"}],"about":[{"href":"https:\/\/regiaonews.net.br\/2022\/wp-json\/wp\/v2\/types\/post"}],"author":[{"embeddable":true,"href":"https:\/\/regiaonews.net.br\/2022\/wp-json\/wp\/v2\/users\/2"}],"replies":[{"embeddable":true,"href":"https:\/\/regiaonews.net.br\/2022\/wp-json\/wp\/v2\/comments?post=47097"}],"version-history":[{"count":0,"href":"https:\/\/regiaonews.net.br\/2022\/wp-json\/wp\/v2\/posts\/47097\/revisions"}],"wp:featuredmedia":[{"embeddable":true,"href":"https:\/\/regiaonews.net.br\/2022\/wp-json\/wp\/v2\/media\/47098"}],"wp:attachment":[{"href":"https:\/\/regiaonews.net.br\/2022\/wp-json\/wp\/v2\/media?parent=47097"}],"wp:term":[{"taxonomy":"category","embeddable":true,"href":"https:\/\/regiaonews.net.br\/2022\/wp-json\/wp\/v2\/categories?post=47097"},{"taxonomy":"post_tag","embeddable":true,"href":"https:\/\/regiaonews.net.br\/2022\/wp-json\/wp\/v2\/tags?post=47097"}],"curies":[{"name":"wp","href":"https:\/\/api.w.org\/{rel}","templated":true}]}}