{"id":46935,"date":"2021-05-14T07:44:19","date_gmt":"2021-05-14T10:44:19","guid":{"rendered":"https:\/\/regiaonews.net.br\/2022\/?p=46935"},"modified":"2021-05-14T07:44:19","modified_gmt":"2021-05-14T10:44:19","slug":"deic-de-ribeirao-preto-apreende-mais-de-100-porcoes-de-maconha","status":"publish","type":"post","link":"https:\/\/regiaonews.net.br\/2022\/2021\/05\/14\/deic-de-ribeirao-preto-apreende-mais-de-100-porcoes-de-maconha\/","title":{"rendered":"Deic de Ribeir\u00e3o Preto apreende mais de 100 por\u00e7\u00f5es de maconha"},"content":{"rendered":"<div><center><\/p>\n<h2 class=\"titulopreto ng-binding\">\u00a0<a href=\"https:\/\/regiaonews.net.br\/2022\/wp-content\/uploads\/2021\/05\/00044958.jpeg\"><img loading=\"lazy\" decoding=\"async\" class=\"alignnone size-medium wp-image-46937\" src=\"https:\/\/regiaonews.net.br\/2022\/wp-content\/uploads\/2021\/05\/00044958-225x300.jpeg\" alt=\"\" width=\"225\" height=\"300\" \/><\/a><\/h2>\n<p><\/center><\/div>\n<div id=\"notCorpo\" class=\"ng-binding\">\n<p>A Pol\u00edcia Civil apreendeu, na tarde de quinta-feira (13), mais de 100 por\u00e7\u00f5es de maconha, que foram encontradas na casa de ajudante de pintor, de 29 anos. O flagrante aconteceu rua Vila Elisa, no munic\u00edpio de Ribeir\u00e3o Preto.<\/p>\n<p>A a\u00e7\u00e3o foi deflagrada por agentes da 2\u00aa Delegacia de Investiga\u00e7\u00f5es Sobre Entorpecentes (Dise), da Divis\u00e3o Especializada de Investiga\u00e7\u00f5es Criminais (Deic) da cidade, que estavam em um pr\u00e9vio trabalho de apura\u00e7\u00e3o para combater o tr\u00e1fico de drogas.<\/p>\n<p>As equipes conseguiram identificar que um homem envolvido com o tr\u00e1fico estaria armazenando entorpecentes em sua resid\u00eancia e ent\u00e3o foram at\u00e9 o im\u00f3vel, sendo que durante as buscas foram encontrados um tijolo e 108 por\u00e7\u00f5es menores de maconha.<\/p>\n<p>Al\u00e9m das subst\u00e2ncias, que foram apreendidas para per\u00edcia, ainda foram recolhidos dois rolos de pl\u00e1stico film, duas balan\u00e7as de precis\u00e3o e R$ 1.072. O respons\u00e1vel pela droga foi encontrado em um bar pr\u00f3ximo \u00e0 casa e preso em flagrante.<\/p>\n<\/div>\n","protected":false},"excerpt":{"rendered":"<p>\u00a0 A Pol\u00edcia Civil apreendeu, na tarde de quinta-feira (13),<\/p>\n","protected":false},"author":2,"featured_media":46937,"comment_status":"open","ping_status":"open","sticky":false,"template":"","format":"standard","meta":{"footnotes":""},"categories":[25,23,32],"tags":[],"class_list":["post-46935","post","type-post","status-publish","format-standard","has-post-thumbnail","hentry","category-cidades","category-policia","category-ribeirao-preto"],"yoast_head":"<!-- This site is optimized with the Yoast SEO plugin v27.4 - https:\/\/yoast.com\/product\/yoast-seo-wordpress\/ -->\n<title>Deic de Ribeir\u00e3o Preto apreende mais de 100 por\u00e7\u00f5es de maconha - Regi\u00e3o News<\/title>\n<meta name=\"robots\" content=\"index, follow, max-snippet:-1, max-image-preview:large, max-video-preview:-1\" \/>\n<link rel=\"canonical\" href=\"https:\/\/regiaonews.net.br\/2022\/2021\/05\/14\/deic-de-ribeirao-preto-apreende-mais-de-100-porcoes-de-maconha\/\" \/>\n<meta property=\"og:locale\" content=\"pt_BR\" \/>\n<meta property=\"og:type\" content=\"article\" \/>\n<meta property=\"og:title\" content=\"Deic de Ribeir\u00e3o Preto apreende mais de 100 por\u00e7\u00f5es de maconha - Regi\u00e3o News\" \/>\n<meta property=\"og:description\" content=\"\u00a0 A Pol\u00edcia Civil apreendeu, na tarde de quinta-feira (13),\" \/>\n<meta property=\"og:url\" content=\"https:\/\/regiaonews.net.br\/2022\/2021\/05\/14\/deic-de-ribeirao-preto-apreende-mais-de-100-porcoes-de-maconha\/\" \/>\n<meta property=\"og:site_name\" content=\"Regi\u00e3o News\" \/>\n<meta property=\"article:published_time\" content=\"2021-05-14T10:44:19+00:00\" \/>\n<meta property=\"og:image\" content=\"https:\/\/regiaonews.net.br\/2022\/wp-content\/uploads\/2021\/05\/00044958.jpeg\" \/>\n\t<meta property=\"og:image:width\" content=\"960\" \/>\n\t<meta property=\"og:image:height\" content=\"1280\" \/>\n\t<meta property=\"og:image:type\" content=\"image\/jpeg\" \/>\n<meta name=\"author\" content=\"Roberto\" \/>\n<meta name=\"twitter:card\" content=\"summary_large_image\" \/>\n<meta name=\"twitter:label1\" content=\"Escrito por\" \/>\n\t<meta name=\"twitter:data1\" content=\"Roberto\" \/>\n\t<meta name=\"twitter:label2\" content=\"Est. tempo de leitura\" \/>\n\t<meta name=\"twitter:data2\" content=\"1 minuto\" \/>\n<script type=\"application\/ld+json\" class=\"yoast-schema-graph\">{\"@context\":\"https:\\\/\\\/schema.org\",\"@graph\":[{\"@type\":\"Article\",\"@id\":\"https:\\\/\\\/regiaonews.net.br\\\/2022\\\/2021\\\/05\\\/14\\\/deic-de-ribeirao-preto-apreende-mais-de-100-porcoes-de-maconha\\\/#article\",\"isPartOf\":{\"@id\":\"https:\\\/\\\/regiaonews.net.br\\\/2022\\\/2021\\\/05\\\/14\\\/deic-de-ribeirao-preto-apreende-mais-de-100-porcoes-de-maconha\\\/\"},\"author\":{\"name\":\"Roberto\",\"@id\":\"https:\\\/\\\/regiaonews.net.br\\\/2022\\\/#\\\/schema\\\/person\\\/2d205a608a5aa97ac279d7a5e6d89ad8\"},\"headline\":\"Deic de Ribeir\u00e3o Preto apreende mais de 100 por\u00e7\u00f5es de maconha\",\"datePublished\":\"2021-05-14T10:44:19+00:00\",\"mainEntityOfPage\":{\"@id\":\"https:\\\/\\\/regiaonews.net.br\\\/2022\\\/2021\\\/05\\\/14\\\/deic-de-ribeirao-preto-apreende-mais-de-100-porcoes-de-maconha\\\/\"},\"wordCount\":181,\"commentCount\":0,\"publisher\":{\"@id\":\"https:\\\/\\\/regiaonews.net.br\\\/2022\\\/#organization\"},\"image\":{\"@id\":\"https:\\\/\\\/regiaonews.net.br\\\/2022\\\/2021\\\/05\\\/14\\\/deic-de-ribeirao-preto-apreende-mais-de-100-porcoes-de-maconha\\\/#primaryimage\"},\"thumbnailUrl\":\"https:\\\/\\\/regiaonews.net.br\\\/2022\\\/wp-content\\\/uploads\\\/2021\\\/05\\\/00044958.jpeg\",\"articleSection\":[\"Cidades\",\"Policia\",\"Ribeir\u00e3o Preto\"],\"inLanguage\":\"pt-BR\",\"potentialAction\":[{\"@type\":\"CommentAction\",\"name\":\"Comment\",\"target\":[\"https:\\\/\\\/regiaonews.net.br\\\/2022\\\/2021\\\/05\\\/14\\\/deic-de-ribeirao-preto-apreende-mais-de-100-porcoes-de-maconha\\\/#respond\"]}]},{\"@type\":\"WebPage\",\"@id\":\"https:\\\/\\\/regiaonews.net.br\\\/2022\\\/2021\\\/05\\\/14\\\/deic-de-ribeirao-preto-apreende-mais-de-100-porcoes-de-maconha\\\/\",\"url\":\"https:\\\/\\\/regiaonews.net.br\\\/2022\\\/2021\\\/05\\\/14\\\/deic-de-ribeirao-preto-apreende-mais-de-100-porcoes-de-maconha\\\/\",\"name\":\"Deic de Ribeir\u00e3o Preto apreende mais de 100 por\u00e7\u00f5es de maconha - Regi\u00e3o News\",\"isPartOf\":{\"@id\":\"https:\\\/\\\/regiaonews.net.br\\\/2022\\\/#website\"},\"primaryImageOfPage\":{\"@id\":\"https:\\\/\\\/regiaonews.net.br\\\/2022\\\/2021\\\/05\\\/14\\\/deic-de-ribeirao-preto-apreende-mais-de-100-porcoes-de-maconha\\\/#primaryimage\"},\"image\":{\"@id\":\"https:\\\/\\\/regiaonews.net.br\\\/2022\\\/2021\\\/05\\\/14\\\/deic-de-ribeirao-preto-apreende-mais-de-100-porcoes-de-maconha\\\/#primaryimage\"},\"thumbnailUrl\":\"https:\\\/\\\/regiaonews.net.br\\\/2022\\\/wp-content\\\/uploads\\\/2021\\\/05\\\/00044958.jpeg\",\"datePublished\":\"2021-05-14T10:44:19+00:00\",\"breadcrumb\":{\"@id\":\"https:\\\/\\\/regiaonews.net.br\\\/2022\\\/2021\\\/05\\\/14\\\/deic-de-ribeirao-preto-apreende-mais-de-100-porcoes-de-maconha\\\/#breadcrumb\"},\"inLanguage\":\"pt-BR\",\"potentialAction\":[{\"@type\":\"ReadAction\",\"target\":[\"https:\\\/\\\/regiaonews.net.br\\\/2022\\\/2021\\\/05\\\/14\\\/deic-de-ribeirao-preto-apreende-mais-de-100-porcoes-de-maconha\\\/\"]}]},{\"@type\":\"ImageObject\",\"inLanguage\":\"pt-BR\",\"@id\":\"https:\\\/\\\/regiaonews.net.br\\\/2022\\\/2021\\\/05\\\/14\\\/deic-de-ribeirao-preto-apreende-mais-de-100-porcoes-de-maconha\\\/#primaryimage\",\"url\":\"https:\\\/\\\/regiaonews.net.br\\\/2022\\\/wp-content\\\/uploads\\\/2021\\\/05\\\/00044958.jpeg\",\"contentUrl\":\"https:\\\/\\\/regiaonews.net.br\\\/2022\\\/wp-content\\\/uploads\\\/2021\\\/05\\\/00044958.jpeg\",\"width\":960,\"height\":1280},{\"@type\":\"BreadcrumbList\",\"@id\":\"https:\\\/\\\/regiaonews.net.br\\\/2022\\\/2021\\\/05\\\/14\\\/deic-de-ribeirao-preto-apreende-mais-de-100-porcoes-de-maconha\\\/#breadcrumb\",\"itemListElement\":[{\"@type\":\"ListItem\",\"position\":1,\"name\":\"In\u00edcio\",\"item\":\"https:\\\/\\\/regiaonews.net.br\\\/2022\\\/\"},{\"@type\":\"ListItem\",\"position\":2,\"name\":\"Deic de Ribeir\u00e3o Preto apreende mais de 100 por\u00e7\u00f5es de maconha\"}]},{\"@type\":\"WebSite\",\"@id\":\"https:\\\/\\\/regiaonews.net.br\\\/2022\\\/#website\",\"url\":\"https:\\\/\\\/regiaonews.net.br\\\/2022\\\/\",\"name\":\"Regi\u00e3o News\",\"description\":\"Site de Not\u00edcias de Barretos e regi\u00e3o\",\"publisher\":{\"@id\":\"https:\\\/\\\/regiaonews.net.br\\\/2022\\\/#organization\"},\"potentialAction\":[{\"@type\":\"SearchAction\",\"target\":{\"@type\":\"EntryPoint\",\"urlTemplate\":\"https:\\\/\\\/regiaonews.net.br\\\/2022\\\/?s={search_term_string}\"},\"query-input\":{\"@type\":\"PropertyValueSpecification\",\"valueRequired\":true,\"valueName\":\"search_term_string\"}}],\"inLanguage\":\"pt-BR\"},{\"@type\":\"Organization\",\"@id\":\"https:\\\/\\\/regiaonews.net.br\\\/2022\\\/#organization\",\"name\":\"Regi\u00e3o News\",\"url\":\"https:\\\/\\\/regiaonews.net.br\\\/2022\\\/\",\"logo\":{\"@type\":\"ImageObject\",\"inLanguage\":\"pt-BR\",\"@id\":\"https:\\\/\\\/regiaonews.net.br\\\/2022\\\/#\\\/schema\\\/logo\\\/image\\\/\",\"url\":\"https:\\\/\\\/regiaonews.net.br\\\/2022\\\/wp-content\\\/uploads\\\/2026\\\/03\\\/regiao-13-anos-scaled.jpg\",\"contentUrl\":\"https:\\\/\\\/regiaonews.net.br\\\/2022\\\/wp-content\\\/uploads\\\/2026\\\/03\\\/regiao-13-anos-scaled.jpg\",\"width\":2560,\"height\":635,\"caption\":\"Regi\u00e3o News\"},\"image\":{\"@id\":\"https:\\\/\\\/regiaonews.net.br\\\/2022\\\/#\\\/schema\\\/logo\\\/image\\\/\"}},{\"@type\":\"Person\",\"@id\":\"https:\\\/\\\/regiaonews.net.br\\\/2022\\\/#\\\/schema\\\/person\\\/2d205a608a5aa97ac279d7a5e6d89ad8\",\"name\":\"Roberto\",\"image\":{\"@type\":\"ImageObject\",\"inLanguage\":\"pt-BR\",\"@id\":\"https:\\\/\\\/secure.gravatar.com\\\/avatar\\\/42749d8b712ff9d59ca93dc150494e5b55a44134482993f5baeb97e61b7ecc89?s=96&d=mm&r=g\",\"url\":\"https:\\\/\\\/secure.gravatar.com\\\/avatar\\\/42749d8b712ff9d59ca93dc150494e5b55a44134482993f5baeb97e61b7ecc89?s=96&d=mm&r=g\",\"contentUrl\":\"https:\\\/\\\/secure.gravatar.com\\\/avatar\\\/42749d8b712ff9d59ca93dc150494e5b55a44134482993f5baeb97e61b7ecc89?s=96&d=mm&r=g\",\"caption\":\"Roberto\"},\"url\":\"https:\\\/\\\/regiaonews.net.br\\\/2022\\\/author\\\/roberto\\\/\"}]}<\/script>\n<!-- \/ Yoast SEO plugin. -->","yoast_head_json":{"title":"Deic de Ribeir\u00e3o Preto apreende mais de 100 por\u00e7\u00f5es de maconha - Regi\u00e3o News","robots":{"index":"index","follow":"follow","max-snippet":"max-snippet:-1","max-image-preview":"max-image-preview:large","max-video-preview":"max-video-preview:-1"},"canonical":"https:\/\/regiaonews.net.br\/2022\/2021\/05\/14\/deic-de-ribeirao-preto-apreende-mais-de-100-porcoes-de-maconha\/","og_locale":"pt_BR","og_type":"article","og_title":"Deic de Ribeir\u00e3o Preto apreende mais de 100 por\u00e7\u00f5es de maconha - Regi\u00e3o News","og_description":"\u00a0 A Pol\u00edcia Civil apreendeu, na tarde de quinta-feira (13),","og_url":"https:\/\/regiaonews.net.br\/2022\/2021\/05\/14\/deic-de-ribeirao-preto-apreende-mais-de-100-porcoes-de-maconha\/","og_site_name":"Regi\u00e3o News","article_published_time":"2021-05-14T10:44:19+00:00","og_image":[{"width":960,"height":1280,"url":"https:\/\/regiaonews.net.br\/2022\/wp-content\/uploads\/2021\/05\/00044958.jpeg","type":"image\/jpeg"}],"author":"Roberto","twitter_card":"summary_large_image","twitter_misc":{"Escrito por":"Roberto","Est. tempo de leitura":"1 minuto"},"schema":{"@context":"https:\/\/schema.org","@graph":[{"@type":"Article","@id":"https:\/\/regiaonews.net.br\/2022\/2021\/05\/14\/deic-de-ribeirao-preto-apreende-mais-de-100-porcoes-de-maconha\/#article","isPartOf":{"@id":"https:\/\/regiaonews.net.br\/2022\/2021\/05\/14\/deic-de-ribeirao-preto-apreende-mais-de-100-porcoes-de-maconha\/"},"author":{"name":"Roberto","@id":"https:\/\/regiaonews.net.br\/2022\/#\/schema\/person\/2d205a608a5aa97ac279d7a5e6d89ad8"},"headline":"Deic de Ribeir\u00e3o Preto apreende mais de 100 por\u00e7\u00f5es de maconha","datePublished":"2021-05-14T10:44:19+00:00","mainEntityOfPage":{"@id":"https:\/\/regiaonews.net.br\/2022\/2021\/05\/14\/deic-de-ribeirao-preto-apreende-mais-de-100-porcoes-de-maconha\/"},"wordCount":181,"commentCount":0,"publisher":{"@id":"https:\/\/regiaonews.net.br\/2022\/#organization"},"image":{"@id":"https:\/\/regiaonews.net.br\/2022\/2021\/05\/14\/deic-de-ribeirao-preto-apreende-mais-de-100-porcoes-de-maconha\/#primaryimage"},"thumbnailUrl":"https:\/\/regiaonews.net.br\/2022\/wp-content\/uploads\/2021\/05\/00044958.jpeg","articleSection":["Cidades","Policia","Ribeir\u00e3o Preto"],"inLanguage":"pt-BR","potentialAction":[{"@type":"CommentAction","name":"Comment","target":["https:\/\/regiaonews.net.br\/2022\/2021\/05\/14\/deic-de-ribeirao-preto-apreende-mais-de-100-porcoes-de-maconha\/#respond"]}]},{"@type":"WebPage","@id":"https:\/\/regiaonews.net.br\/2022\/2021\/05\/14\/deic-de-ribeirao-preto-apreende-mais-de-100-porcoes-de-maconha\/","url":"https:\/\/regiaonews.net.br\/2022\/2021\/05\/14\/deic-de-ribeirao-preto-apreende-mais-de-100-porcoes-de-maconha\/","name":"Deic de Ribeir\u00e3o Preto apreende mais de 100 por\u00e7\u00f5es de maconha - Regi\u00e3o News","isPartOf":{"@id":"https:\/\/regiaonews.net.br\/2022\/#website"},"primaryImageOfPage":{"@id":"https:\/\/regiaonews.net.br\/2022\/2021\/05\/14\/deic-de-ribeirao-preto-apreende-mais-de-100-porcoes-de-maconha\/#primaryimage"},"image":{"@id":"https:\/\/regiaonews.net.br\/2022\/2021\/05\/14\/deic-de-ribeirao-preto-apreende-mais-de-100-porcoes-de-maconha\/#primaryimage"},"thumbnailUrl":"https:\/\/regiaonews.net.br\/2022\/wp-content\/uploads\/2021\/05\/00044958.jpeg","datePublished":"2021-05-14T10:44:19+00:00","breadcrumb":{"@id":"https:\/\/regiaonews.net.br\/2022\/2021\/05\/14\/deic-de-ribeirao-preto-apreende-mais-de-100-porcoes-de-maconha\/#breadcrumb"},"inLanguage":"pt-BR","potentialAction":[{"@type":"ReadAction","target":["https:\/\/regiaonews.net.br\/2022\/2021\/05\/14\/deic-de-ribeirao-preto-apreende-mais-de-100-porcoes-de-maconha\/"]}]},{"@type":"ImageObject","inLanguage":"pt-BR","@id":"https:\/\/regiaonews.net.br\/2022\/2021\/05\/14\/deic-de-ribeirao-preto-apreende-mais-de-100-porcoes-de-maconha\/#primaryimage","url":"https:\/\/regiaonews.net.br\/2022\/wp-content\/uploads\/2021\/05\/00044958.jpeg","contentUrl":"https:\/\/regiaonews.net.br\/2022\/wp-content\/uploads\/2021\/05\/00044958.jpeg","width":960,"height":1280},{"@type":"BreadcrumbList","@id":"https:\/\/regiaonews.net.br\/2022\/2021\/05\/14\/deic-de-ribeirao-preto-apreende-mais-de-100-porcoes-de-maconha\/#breadcrumb","itemListElement":[{"@type":"ListItem","position":1,"name":"In\u00edcio","item":"https:\/\/regiaonews.net.br\/2022\/"},{"@type":"ListItem","position":2,"name":"Deic de Ribeir\u00e3o Preto apreende mais de 100 por\u00e7\u00f5es de maconha"}]},{"@type":"WebSite","@id":"https:\/\/regiaonews.net.br\/2022\/#website","url":"https:\/\/regiaonews.net.br\/2022\/","name":"Regi\u00e3o News","description":"Site de Not\u00edcias de Barretos e regi\u00e3o","publisher":{"@id":"https:\/\/regiaonews.net.br\/2022\/#organization"},"potentialAction":[{"@type":"SearchAction","target":{"@type":"EntryPoint","urlTemplate":"https:\/\/regiaonews.net.br\/2022\/?s={search_term_string}"},"query-input":{"@type":"PropertyValueSpecification","valueRequired":true,"valueName":"search_term_string"}}],"inLanguage":"pt-BR"},{"@type":"Organization","@id":"https:\/\/regiaonews.net.br\/2022\/#organization","name":"Regi\u00e3o News","url":"https:\/\/regiaonews.net.br\/2022\/","logo":{"@type":"ImageObject","inLanguage":"pt-BR","@id":"https:\/\/regiaonews.net.br\/2022\/#\/schema\/logo\/image\/","url":"https:\/\/regiaonews.net.br\/2022\/wp-content\/uploads\/2026\/03\/regiao-13-anos-scaled.jpg","contentUrl":"https:\/\/regiaonews.net.br\/2022\/wp-content\/uploads\/2026\/03\/regiao-13-anos-scaled.jpg","width":2560,"height":635,"caption":"Regi\u00e3o News"},"image":{"@id":"https:\/\/regiaonews.net.br\/2022\/#\/schema\/logo\/image\/"}},{"@type":"Person","@id":"https:\/\/regiaonews.net.br\/2022\/#\/schema\/person\/2d205a608a5aa97ac279d7a5e6d89ad8","name":"Roberto","image":{"@type":"ImageObject","inLanguage":"pt-BR","@id":"https:\/\/secure.gravatar.com\/avatar\/42749d8b712ff9d59ca93dc150494e5b55a44134482993f5baeb97e61b7ecc89?s=96&d=mm&r=g","url":"https:\/\/secure.gravatar.com\/avatar\/42749d8b712ff9d59ca93dc150494e5b55a44134482993f5baeb97e61b7ecc89?s=96&d=mm&r=g","contentUrl":"https:\/\/secure.gravatar.com\/avatar\/42749d8b712ff9d59ca93dc150494e5b55a44134482993f5baeb97e61b7ecc89?s=96&d=mm&r=g","caption":"Roberto"},"url":"https:\/\/regiaonews.net.br\/2022\/author\/roberto\/"}]}},"publishpress_future_action":{"enabled":false,"date":"2026-05-04 07:26:42","action":"change-status","newStatus":"draft","terms":[],"taxonomy":"category","extraData":[]},"publishpress_future_workflow_manual_trigger":{"enabledWorkflows":[]},"_links":{"self":[{"href":"https:\/\/regiaonews.net.br\/2022\/wp-json\/wp\/v2\/posts\/46935","targetHints":{"allow":["GET"]}}],"collection":[{"href":"https:\/\/regiaonews.net.br\/2022\/wp-json\/wp\/v2\/posts"}],"about":[{"href":"https:\/\/regiaonews.net.br\/2022\/wp-json\/wp\/v2\/types\/post"}],"author":[{"embeddable":true,"href":"https:\/\/regiaonews.net.br\/2022\/wp-json\/wp\/v2\/users\/2"}],"replies":[{"embeddable":true,"href":"https:\/\/regiaonews.net.br\/2022\/wp-json\/wp\/v2\/comments?post=46935"}],"version-history":[{"count":0,"href":"https:\/\/regiaonews.net.br\/2022\/wp-json\/wp\/v2\/posts\/46935\/revisions"}],"wp:featuredmedia":[{"embeddable":true,"href":"https:\/\/regiaonews.net.br\/2022\/wp-json\/wp\/v2\/media\/46937"}],"wp:attachment":[{"href":"https:\/\/regiaonews.net.br\/2022\/wp-json\/wp\/v2\/media?parent=46935"}],"wp:term":[{"taxonomy":"category","embeddable":true,"href":"https:\/\/regiaonews.net.br\/2022\/wp-json\/wp\/v2\/categories?post=46935"},{"taxonomy":"post_tag","embeddable":true,"href":"https:\/\/regiaonews.net.br\/2022\/wp-json\/wp\/v2\/tags?post=46935"}],"curies":[{"name":"wp","href":"https:\/\/api.w.org\/{rel}","templated":true}]}}