{"id":46922,"date":"2021-05-13T19:27:36","date_gmt":"2021-05-13T22:27:36","guid":{"rendered":"https:\/\/regiaonews.net.br\/2022\/?p=46922"},"modified":"2021-05-13T19:44:12","modified_gmt":"2021-05-13T22:44:12","slug":"dia-14-de-maio-data-reforca-a-importancia-da-contratacao-de-seguros-atualmente","status":"publish","type":"post","link":"https:\/\/regiaonews.net.br\/2022\/2021\/05\/13\/dia-14-de-maio-data-reforca-a-importancia-da-contratacao-de-seguros-atualmente\/","title":{"rendered":"Dia 14 de Maio, data refor\u00e7a a import\u00e2ncia da contrata\u00e7\u00e3o de seguros atualmente"},"content":{"rendered":"<p><strong><a href=\"https:\/\/regiaonews.net.br\/2022\/wp-content\/uploads\/2021\/05\/Fabiana.jpeg\"><img loading=\"lazy\" decoding=\"async\" class=\"alignnone size-medium wp-image-46923\" src=\"https:\/\/regiaonews.net.br\/2022\/wp-content\/uploads\/2021\/05\/Fabiana-200x300.jpeg\" alt=\"\" width=\"200\" height=\"300\" \/><\/a><\/strong><\/p>\n<p><strong><em>Especialista e corretora de seguros Fabiana Gon\u00e7alves<\/em><\/strong><strong><em><br \/>\nCr\u00e9dito &#8211; Izabela Abe\u00a0<\/em><\/strong><\/p>\n<p><em>O setor de seguros cresceu 15% durante a pandemia e representa 6,7% do PIB nacional<\/em><\/p>\n<p>Instabilidade econ\u00f4mica e uma situa\u00e7\u00e3o at\u00edpica no pa\u00eds h\u00e1 mais de um ano, a pandemia trouxe aspectos que evidenciam cada vez mais a necessidade de proteger bens materiais e imateriais. Por esse motivo, a data 14 de maio ganha ainda mais significado ao celebrar nos continentes americanos e na Espanha, o \u201cDia Continental do Seguro\u201d, uma oportunidade de refor\u00e7ar e conscientizar a sociedade sobre o servi\u00e7o de prote\u00e7\u00e3o\u00a0\u00e0s vidas das pessoas, dos familiares e de seus patrim\u00f4nios.<br \/>\nNo Brasil, o setor de seguros equivale a 6,7% do PIB \u2013 Produto Interno Bruto e apresenta crescimento constante e din\u00e2mico frente a outras ind\u00fastrias. De acordo com os dados divulgados pela CNSeg &#8211; Confedera\u00e7\u00e3o Nacional das Seguradoras, a pandemia foi respons\u00e1vel pelo aumento de 15% na arrecada\u00e7\u00e3o de Seguro Residencial, em decorr\u00eancia do crescimento da atividade profissional no sistema home office. O setor de Seguros cresceu 4,5%, apenas no primeiro bimestre de 2021, em rela\u00e7\u00e3o ao mesmo per\u00edodo de 2020. S\u00f3 a arrecada\u00e7\u00e3o do m\u00eas de fevereiro deste ano chegou a R$ 22 bilh\u00f5es de reais.<br \/>\nPara a especialista e corretora de seguros da \u201cSeguralta Barretos\u201d, Fabiana Gon\u00e7alves, \u201ceste momento desafiador de nossas vidas fez com que muitas pessoas entendessem melhor a necessidade de pensar na seguran\u00e7a em todos os aspectos, n\u00e3o apenas o material, fazendo o seguro de bens f\u00edsicos, mas tamb\u00e9m no bem-estar da fam\u00edlia, com as ap\u00f3lices de vida. Por isso, nos especializamos em realizar um tipo de atendimento personalizado a nossos clientes, entendendo suas necessidades individuais. H\u00e1 diversas modalidades e coberturas de seguros: o de prote\u00e7\u00e3o a vida; seja individual ou familiar; o residencial, o de autom\u00f3veis, o educacional, sem falar nos seguros empresariais, como prote\u00e7\u00e3o patrimonial das empresas, seguro de frota ou de equipamentos, al\u00e9m dos que cobrem colaboradores da empresa, como seguro sa\u00fade ou de vida global. Cada um tem suas especificidades, cabe ao profissional da \u00e1rea ser uma esp\u00e9cie de tradutor desses contratos para seus clientes, buscando sempre solu\u00e7\u00f5es\u201d, explicou.<\/p>\n<p><strong><em>A Seguralta<\/em><\/strong><br \/>\n<em>Com uma trajet\u00f3ria de mais de 50 anos baseada em transpar\u00eancia e \u00e9tica, a Seguralta \u00e9 pioneira no segmento de franquias de seguros no Brasil, com um crescimento cont\u00ednuo e sustent\u00e1vel. Se tornando a 9\u00aa maior rede de franquias do pa\u00eds.<\/em><br \/>\n<em>Em Barretos, \u00a0a franquia da Seguralta est\u00e1 localizada na Avenida 9, 1069, esquina da rua 26, no centro e realiza cota\u00e7\u00f5es \u00a0e tamb\u00e9m pela central de atendimento e \u00a0WhatsApp (17) 3612 1681, ou ainda por meio do e-mail:\u00a0<a href=\"mailto:contato.barretos@seguralta.com.br\">contato.barretos@seguralta.com.br<\/a><\/em><em>.<\/em><\/p>\n","protected":false},"excerpt":{"rendered":"<p>Especialista e corretora de seguros Fabiana Gon\u00e7alves Cr\u00e9dito &#8211; Izabela<\/p>\n","protected":false},"author":2,"featured_media":46926,"comment_status":"open","ping_status":"open","sticky":false,"template":"","format":"standard","meta":{"footnotes":""},"categories":[14,25,94],"tags":[],"class_list":["post-46922","post","type-post","status-publish","format-standard","has-post-thumbnail","hentry","category-barretos","category-cidades","category-economia"],"yoast_head":"<!-- This site is optimized with the Yoast SEO plugin v27.4 - https:\/\/yoast.com\/product\/yoast-seo-wordpress\/ -->\n<title>Dia 14 de Maio, data refor\u00e7a a import\u00e2ncia da contrata\u00e7\u00e3o de seguros atualmente - Regi\u00e3o News<\/title>\n<meta name=\"robots\" content=\"index, follow, max-snippet:-1, max-image-preview:large, max-video-preview:-1\" \/>\n<link rel=\"canonical\" href=\"https:\/\/regiaonews.net.br\/2022\/2021\/05\/13\/dia-14-de-maio-data-reforca-a-importancia-da-contratacao-de-seguros-atualmente\/\" \/>\n<meta property=\"og:locale\" content=\"pt_BR\" \/>\n<meta property=\"og:type\" content=\"article\" \/>\n<meta property=\"og:title\" content=\"Dia 14 de Maio, data refor\u00e7a a import\u00e2ncia da contrata\u00e7\u00e3o de seguros atualmente - Regi\u00e3o News\" \/>\n<meta property=\"og:description\" content=\"Especialista e corretora de seguros Fabiana Gon\u00e7alves Cr\u00e9dito &#8211; Izabela\" \/>\n<meta property=\"og:url\" content=\"https:\/\/regiaonews.net.br\/2022\/2021\/05\/13\/dia-14-de-maio-data-reforca-a-importancia-da-contratacao-de-seguros-atualmente\/\" \/>\n<meta property=\"og:site_name\" content=\"Regi\u00e3o News\" \/>\n<meta property=\"article:published_time\" content=\"2021-05-13T22:27:36+00:00\" \/>\n<meta property=\"article:modified_time\" content=\"2021-05-13T22:44:12+00:00\" \/>\n<meta property=\"og:image\" content=\"https:\/\/regiaonews.net.br\/2022\/wp-content\/uploads\/2021\/05\/a6554a56-3284-436e-a62a-5ce7cd486037.jpg\" \/>\n\t<meta property=\"og:image:width\" content=\"720\" \/>\n\t<meta property=\"og:image:height\" content=\"696\" \/>\n\t<meta property=\"og:image:type\" content=\"image\/jpeg\" \/>\n<meta name=\"author\" content=\"Roberto\" \/>\n<meta name=\"twitter:card\" content=\"summary_large_image\" \/>\n<meta name=\"twitter:label1\" content=\"Escrito por\" \/>\n\t<meta name=\"twitter:data1\" content=\"Roberto\" \/>\n\t<meta name=\"twitter:label2\" content=\"Est. tempo de leitura\" \/>\n\t<meta name=\"twitter:data2\" content=\"2 minutos\" \/>\n<script type=\"application\/ld+json\" class=\"yoast-schema-graph\">{\"@context\":\"https:\\\/\\\/schema.org\",\"@graph\":[{\"@type\":\"Article\",\"@id\":\"https:\\\/\\\/regiaonews.net.br\\\/2022\\\/2021\\\/05\\\/13\\\/dia-14-de-maio-data-reforca-a-importancia-da-contratacao-de-seguros-atualmente\\\/#article\",\"isPartOf\":{\"@id\":\"https:\\\/\\\/regiaonews.net.br\\\/2022\\\/2021\\\/05\\\/13\\\/dia-14-de-maio-data-reforca-a-importancia-da-contratacao-de-seguros-atualmente\\\/\"},\"author\":{\"name\":\"Roberto\",\"@id\":\"https:\\\/\\\/regiaonews.net.br\\\/2022\\\/#\\\/schema\\\/person\\\/2d205a608a5aa97ac279d7a5e6d89ad8\"},\"headline\":\"Dia 14 de Maio, data refor\u00e7a a import\u00e2ncia da contrata\u00e7\u00e3o de seguros atualmente\",\"datePublished\":\"2021-05-13T22:27:36+00:00\",\"dateModified\":\"2021-05-13T22:44:12+00:00\",\"mainEntityOfPage\":{\"@id\":\"https:\\\/\\\/regiaonews.net.br\\\/2022\\\/2021\\\/05\\\/13\\\/dia-14-de-maio-data-reforca-a-importancia-da-contratacao-de-seguros-atualmente\\\/\"},\"wordCount\":476,\"commentCount\":0,\"publisher\":{\"@id\":\"https:\\\/\\\/regiaonews.net.br\\\/2022\\\/#organization\"},\"image\":{\"@id\":\"https:\\\/\\\/regiaonews.net.br\\\/2022\\\/2021\\\/05\\\/13\\\/dia-14-de-maio-data-reforca-a-importancia-da-contratacao-de-seguros-atualmente\\\/#primaryimage\"},\"thumbnailUrl\":\"https:\\\/\\\/regiaonews.net.br\\\/2022\\\/wp-content\\\/uploads\\\/2021\\\/05\\\/a6554a56-3284-436e-a62a-5ce7cd486037.jpg\",\"articleSection\":[\"Barretos\",\"Cidades\",\"Economia\"],\"inLanguage\":\"pt-BR\",\"potentialAction\":[{\"@type\":\"CommentAction\",\"name\":\"Comment\",\"target\":[\"https:\\\/\\\/regiaonews.net.br\\\/2022\\\/2021\\\/05\\\/13\\\/dia-14-de-maio-data-reforca-a-importancia-da-contratacao-de-seguros-atualmente\\\/#respond\"]}]},{\"@type\":\"WebPage\",\"@id\":\"https:\\\/\\\/regiaonews.net.br\\\/2022\\\/2021\\\/05\\\/13\\\/dia-14-de-maio-data-reforca-a-importancia-da-contratacao-de-seguros-atualmente\\\/\",\"url\":\"https:\\\/\\\/regiaonews.net.br\\\/2022\\\/2021\\\/05\\\/13\\\/dia-14-de-maio-data-reforca-a-importancia-da-contratacao-de-seguros-atualmente\\\/\",\"name\":\"Dia 14 de Maio, data refor\u00e7a a import\u00e2ncia da contrata\u00e7\u00e3o de seguros atualmente - Regi\u00e3o News\",\"isPartOf\":{\"@id\":\"https:\\\/\\\/regiaonews.net.br\\\/2022\\\/#website\"},\"primaryImageOfPage\":{\"@id\":\"https:\\\/\\\/regiaonews.net.br\\\/2022\\\/2021\\\/05\\\/13\\\/dia-14-de-maio-data-reforca-a-importancia-da-contratacao-de-seguros-atualmente\\\/#primaryimage\"},\"image\":{\"@id\":\"https:\\\/\\\/regiaonews.net.br\\\/2022\\\/2021\\\/05\\\/13\\\/dia-14-de-maio-data-reforca-a-importancia-da-contratacao-de-seguros-atualmente\\\/#primaryimage\"},\"thumbnailUrl\":\"https:\\\/\\\/regiaonews.net.br\\\/2022\\\/wp-content\\\/uploads\\\/2021\\\/05\\\/a6554a56-3284-436e-a62a-5ce7cd486037.jpg\",\"datePublished\":\"2021-05-13T22:27:36+00:00\",\"dateModified\":\"2021-05-13T22:44:12+00:00\",\"breadcrumb\":{\"@id\":\"https:\\\/\\\/regiaonews.net.br\\\/2022\\\/2021\\\/05\\\/13\\\/dia-14-de-maio-data-reforca-a-importancia-da-contratacao-de-seguros-atualmente\\\/#breadcrumb\"},\"inLanguage\":\"pt-BR\",\"potentialAction\":[{\"@type\":\"ReadAction\",\"target\":[\"https:\\\/\\\/regiaonews.net.br\\\/2022\\\/2021\\\/05\\\/13\\\/dia-14-de-maio-data-reforca-a-importancia-da-contratacao-de-seguros-atualmente\\\/\"]}]},{\"@type\":\"ImageObject\",\"inLanguage\":\"pt-BR\",\"@id\":\"https:\\\/\\\/regiaonews.net.br\\\/2022\\\/2021\\\/05\\\/13\\\/dia-14-de-maio-data-reforca-a-importancia-da-contratacao-de-seguros-atualmente\\\/#primaryimage\",\"url\":\"https:\\\/\\\/regiaonews.net.br\\\/2022\\\/wp-content\\\/uploads\\\/2021\\\/05\\\/a6554a56-3284-436e-a62a-5ce7cd486037.jpg\",\"contentUrl\":\"https:\\\/\\\/regiaonews.net.br\\\/2022\\\/wp-content\\\/uploads\\\/2021\\\/05\\\/a6554a56-3284-436e-a62a-5ce7cd486037.jpg\",\"width\":720,\"height\":696},{\"@type\":\"BreadcrumbList\",\"@id\":\"https:\\\/\\\/regiaonews.net.br\\\/2022\\\/2021\\\/05\\\/13\\\/dia-14-de-maio-data-reforca-a-importancia-da-contratacao-de-seguros-atualmente\\\/#breadcrumb\",\"itemListElement\":[{\"@type\":\"ListItem\",\"position\":1,\"name\":\"In\u00edcio\",\"item\":\"https:\\\/\\\/regiaonews.net.br\\\/2022\\\/\"},{\"@type\":\"ListItem\",\"position\":2,\"name\":\"Dia 14 de Maio, data refor\u00e7a a import\u00e2ncia da contrata\u00e7\u00e3o de seguros atualmente\"}]},{\"@type\":\"WebSite\",\"@id\":\"https:\\\/\\\/regiaonews.net.br\\\/2022\\\/#website\",\"url\":\"https:\\\/\\\/regiaonews.net.br\\\/2022\\\/\",\"name\":\"Regi\u00e3o News\",\"description\":\"Site de Not\u00edcias de Barretos e regi\u00e3o\",\"publisher\":{\"@id\":\"https:\\\/\\\/regiaonews.net.br\\\/2022\\\/#organization\"},\"potentialAction\":[{\"@type\":\"SearchAction\",\"target\":{\"@type\":\"EntryPoint\",\"urlTemplate\":\"https:\\\/\\\/regiaonews.net.br\\\/2022\\\/?s={search_term_string}\"},\"query-input\":{\"@type\":\"PropertyValueSpecification\",\"valueRequired\":true,\"valueName\":\"search_term_string\"}}],\"inLanguage\":\"pt-BR\"},{\"@type\":\"Organization\",\"@id\":\"https:\\\/\\\/regiaonews.net.br\\\/2022\\\/#organization\",\"name\":\"Regi\u00e3o News\",\"url\":\"https:\\\/\\\/regiaonews.net.br\\\/2022\\\/\",\"logo\":{\"@type\":\"ImageObject\",\"inLanguage\":\"pt-BR\",\"@id\":\"https:\\\/\\\/regiaonews.net.br\\\/2022\\\/#\\\/schema\\\/logo\\\/image\\\/\",\"url\":\"https:\\\/\\\/regiaonews.net.br\\\/2022\\\/wp-content\\\/uploads\\\/2026\\\/03\\\/regiao-13-anos-scaled.jpg\",\"contentUrl\":\"https:\\\/\\\/regiaonews.net.br\\\/2022\\\/wp-content\\\/uploads\\\/2026\\\/03\\\/regiao-13-anos-scaled.jpg\",\"width\":2560,\"height\":635,\"caption\":\"Regi\u00e3o News\"},\"image\":{\"@id\":\"https:\\\/\\\/regiaonews.net.br\\\/2022\\\/#\\\/schema\\\/logo\\\/image\\\/\"}},{\"@type\":\"Person\",\"@id\":\"https:\\\/\\\/regiaonews.net.br\\\/2022\\\/#\\\/schema\\\/person\\\/2d205a608a5aa97ac279d7a5e6d89ad8\",\"name\":\"Roberto\",\"image\":{\"@type\":\"ImageObject\",\"inLanguage\":\"pt-BR\",\"@id\":\"https:\\\/\\\/secure.gravatar.com\\\/avatar\\\/42749d8b712ff9d59ca93dc150494e5b55a44134482993f5baeb97e61b7ecc89?s=96&d=mm&r=g\",\"url\":\"https:\\\/\\\/secure.gravatar.com\\\/avatar\\\/42749d8b712ff9d59ca93dc150494e5b55a44134482993f5baeb97e61b7ecc89?s=96&d=mm&r=g\",\"contentUrl\":\"https:\\\/\\\/secure.gravatar.com\\\/avatar\\\/42749d8b712ff9d59ca93dc150494e5b55a44134482993f5baeb97e61b7ecc89?s=96&d=mm&r=g\",\"caption\":\"Roberto\"},\"url\":\"https:\\\/\\\/regiaonews.net.br\\\/2022\\\/author\\\/roberto\\\/\"}]}<\/script>\n<!-- \/ Yoast SEO plugin. -->","yoast_head_json":{"title":"Dia 14 de Maio, data refor\u00e7a a import\u00e2ncia da contrata\u00e7\u00e3o de seguros atualmente - Regi\u00e3o News","robots":{"index":"index","follow":"follow","max-snippet":"max-snippet:-1","max-image-preview":"max-image-preview:large","max-video-preview":"max-video-preview:-1"},"canonical":"https:\/\/regiaonews.net.br\/2022\/2021\/05\/13\/dia-14-de-maio-data-reforca-a-importancia-da-contratacao-de-seguros-atualmente\/","og_locale":"pt_BR","og_type":"article","og_title":"Dia 14 de Maio, data refor\u00e7a a import\u00e2ncia da contrata\u00e7\u00e3o de seguros atualmente - Regi\u00e3o News","og_description":"Especialista e corretora de seguros Fabiana Gon\u00e7alves Cr\u00e9dito &#8211; Izabela","og_url":"https:\/\/regiaonews.net.br\/2022\/2021\/05\/13\/dia-14-de-maio-data-reforca-a-importancia-da-contratacao-de-seguros-atualmente\/","og_site_name":"Regi\u00e3o News","article_published_time":"2021-05-13T22:27:36+00:00","article_modified_time":"2021-05-13T22:44:12+00:00","og_image":[{"width":720,"height":696,"url":"https:\/\/regiaonews.net.br\/2022\/wp-content\/uploads\/2021\/05\/a6554a56-3284-436e-a62a-5ce7cd486037.jpg","type":"image\/jpeg"}],"author":"Roberto","twitter_card":"summary_large_image","twitter_misc":{"Escrito por":"Roberto","Est. tempo de leitura":"2 minutos"},"schema":{"@context":"https:\/\/schema.org","@graph":[{"@type":"Article","@id":"https:\/\/regiaonews.net.br\/2022\/2021\/05\/13\/dia-14-de-maio-data-reforca-a-importancia-da-contratacao-de-seguros-atualmente\/#article","isPartOf":{"@id":"https:\/\/regiaonews.net.br\/2022\/2021\/05\/13\/dia-14-de-maio-data-reforca-a-importancia-da-contratacao-de-seguros-atualmente\/"},"author":{"name":"Roberto","@id":"https:\/\/regiaonews.net.br\/2022\/#\/schema\/person\/2d205a608a5aa97ac279d7a5e6d89ad8"},"headline":"Dia 14 de Maio, data refor\u00e7a a import\u00e2ncia da contrata\u00e7\u00e3o de seguros atualmente","datePublished":"2021-05-13T22:27:36+00:00","dateModified":"2021-05-13T22:44:12+00:00","mainEntityOfPage":{"@id":"https:\/\/regiaonews.net.br\/2022\/2021\/05\/13\/dia-14-de-maio-data-reforca-a-importancia-da-contratacao-de-seguros-atualmente\/"},"wordCount":476,"commentCount":0,"publisher":{"@id":"https:\/\/regiaonews.net.br\/2022\/#organization"},"image":{"@id":"https:\/\/regiaonews.net.br\/2022\/2021\/05\/13\/dia-14-de-maio-data-reforca-a-importancia-da-contratacao-de-seguros-atualmente\/#primaryimage"},"thumbnailUrl":"https:\/\/regiaonews.net.br\/2022\/wp-content\/uploads\/2021\/05\/a6554a56-3284-436e-a62a-5ce7cd486037.jpg","articleSection":["Barretos","Cidades","Economia"],"inLanguage":"pt-BR","potentialAction":[{"@type":"CommentAction","name":"Comment","target":["https:\/\/regiaonews.net.br\/2022\/2021\/05\/13\/dia-14-de-maio-data-reforca-a-importancia-da-contratacao-de-seguros-atualmente\/#respond"]}]},{"@type":"WebPage","@id":"https:\/\/regiaonews.net.br\/2022\/2021\/05\/13\/dia-14-de-maio-data-reforca-a-importancia-da-contratacao-de-seguros-atualmente\/","url":"https:\/\/regiaonews.net.br\/2022\/2021\/05\/13\/dia-14-de-maio-data-reforca-a-importancia-da-contratacao-de-seguros-atualmente\/","name":"Dia 14 de Maio, data refor\u00e7a a import\u00e2ncia da contrata\u00e7\u00e3o de seguros atualmente - Regi\u00e3o News","isPartOf":{"@id":"https:\/\/regiaonews.net.br\/2022\/#website"},"primaryImageOfPage":{"@id":"https:\/\/regiaonews.net.br\/2022\/2021\/05\/13\/dia-14-de-maio-data-reforca-a-importancia-da-contratacao-de-seguros-atualmente\/#primaryimage"},"image":{"@id":"https:\/\/regiaonews.net.br\/2022\/2021\/05\/13\/dia-14-de-maio-data-reforca-a-importancia-da-contratacao-de-seguros-atualmente\/#primaryimage"},"thumbnailUrl":"https:\/\/regiaonews.net.br\/2022\/wp-content\/uploads\/2021\/05\/a6554a56-3284-436e-a62a-5ce7cd486037.jpg","datePublished":"2021-05-13T22:27:36+00:00","dateModified":"2021-05-13T22:44:12+00:00","breadcrumb":{"@id":"https:\/\/regiaonews.net.br\/2022\/2021\/05\/13\/dia-14-de-maio-data-reforca-a-importancia-da-contratacao-de-seguros-atualmente\/#breadcrumb"},"inLanguage":"pt-BR","potentialAction":[{"@type":"ReadAction","target":["https:\/\/regiaonews.net.br\/2022\/2021\/05\/13\/dia-14-de-maio-data-reforca-a-importancia-da-contratacao-de-seguros-atualmente\/"]}]},{"@type":"ImageObject","inLanguage":"pt-BR","@id":"https:\/\/regiaonews.net.br\/2022\/2021\/05\/13\/dia-14-de-maio-data-reforca-a-importancia-da-contratacao-de-seguros-atualmente\/#primaryimage","url":"https:\/\/regiaonews.net.br\/2022\/wp-content\/uploads\/2021\/05\/a6554a56-3284-436e-a62a-5ce7cd486037.jpg","contentUrl":"https:\/\/regiaonews.net.br\/2022\/wp-content\/uploads\/2021\/05\/a6554a56-3284-436e-a62a-5ce7cd486037.jpg","width":720,"height":696},{"@type":"BreadcrumbList","@id":"https:\/\/regiaonews.net.br\/2022\/2021\/05\/13\/dia-14-de-maio-data-reforca-a-importancia-da-contratacao-de-seguros-atualmente\/#breadcrumb","itemListElement":[{"@type":"ListItem","position":1,"name":"In\u00edcio","item":"https:\/\/regiaonews.net.br\/2022\/"},{"@type":"ListItem","position":2,"name":"Dia 14 de Maio, data refor\u00e7a a import\u00e2ncia da contrata\u00e7\u00e3o de seguros atualmente"}]},{"@type":"WebSite","@id":"https:\/\/regiaonews.net.br\/2022\/#website","url":"https:\/\/regiaonews.net.br\/2022\/","name":"Regi\u00e3o News","description":"Site de Not\u00edcias de Barretos e regi\u00e3o","publisher":{"@id":"https:\/\/regiaonews.net.br\/2022\/#organization"},"potentialAction":[{"@type":"SearchAction","target":{"@type":"EntryPoint","urlTemplate":"https:\/\/regiaonews.net.br\/2022\/?s={search_term_string}"},"query-input":{"@type":"PropertyValueSpecification","valueRequired":true,"valueName":"search_term_string"}}],"inLanguage":"pt-BR"},{"@type":"Organization","@id":"https:\/\/regiaonews.net.br\/2022\/#organization","name":"Regi\u00e3o News","url":"https:\/\/regiaonews.net.br\/2022\/","logo":{"@type":"ImageObject","inLanguage":"pt-BR","@id":"https:\/\/regiaonews.net.br\/2022\/#\/schema\/logo\/image\/","url":"https:\/\/regiaonews.net.br\/2022\/wp-content\/uploads\/2026\/03\/regiao-13-anos-scaled.jpg","contentUrl":"https:\/\/regiaonews.net.br\/2022\/wp-content\/uploads\/2026\/03\/regiao-13-anos-scaled.jpg","width":2560,"height":635,"caption":"Regi\u00e3o News"},"image":{"@id":"https:\/\/regiaonews.net.br\/2022\/#\/schema\/logo\/image\/"}},{"@type":"Person","@id":"https:\/\/regiaonews.net.br\/2022\/#\/schema\/person\/2d205a608a5aa97ac279d7a5e6d89ad8","name":"Roberto","image":{"@type":"ImageObject","inLanguage":"pt-BR","@id":"https:\/\/secure.gravatar.com\/avatar\/42749d8b712ff9d59ca93dc150494e5b55a44134482993f5baeb97e61b7ecc89?s=96&d=mm&r=g","url":"https:\/\/secure.gravatar.com\/avatar\/42749d8b712ff9d59ca93dc150494e5b55a44134482993f5baeb97e61b7ecc89?s=96&d=mm&r=g","contentUrl":"https:\/\/secure.gravatar.com\/avatar\/42749d8b712ff9d59ca93dc150494e5b55a44134482993f5baeb97e61b7ecc89?s=96&d=mm&r=g","caption":"Roberto"},"url":"https:\/\/regiaonews.net.br\/2022\/author\/roberto\/"}]}},"publishpress_future_action":{"enabled":false,"date":"2026-05-04 07:37:15","action":"change-status","newStatus":"draft","terms":[],"taxonomy":"category","extraData":[]},"publishpress_future_workflow_manual_trigger":{"enabledWorkflows":[]},"_links":{"self":[{"href":"https:\/\/regiaonews.net.br\/2022\/wp-json\/wp\/v2\/posts\/46922","targetHints":{"allow":["GET"]}}],"collection":[{"href":"https:\/\/regiaonews.net.br\/2022\/wp-json\/wp\/v2\/posts"}],"about":[{"href":"https:\/\/regiaonews.net.br\/2022\/wp-json\/wp\/v2\/types\/post"}],"author":[{"embeddable":true,"href":"https:\/\/regiaonews.net.br\/2022\/wp-json\/wp\/v2\/users\/2"}],"replies":[{"embeddable":true,"href":"https:\/\/regiaonews.net.br\/2022\/wp-json\/wp\/v2\/comments?post=46922"}],"version-history":[{"count":0,"href":"https:\/\/regiaonews.net.br\/2022\/wp-json\/wp\/v2\/posts\/46922\/revisions"}],"wp:featuredmedia":[{"embeddable":true,"href":"https:\/\/regiaonews.net.br\/2022\/wp-json\/wp\/v2\/media\/46926"}],"wp:attachment":[{"href":"https:\/\/regiaonews.net.br\/2022\/wp-json\/wp\/v2\/media?parent=46922"}],"wp:term":[{"taxonomy":"category","embeddable":true,"href":"https:\/\/regiaonews.net.br\/2022\/wp-json\/wp\/v2\/categories?post=46922"},{"taxonomy":"post_tag","embeddable":true,"href":"https:\/\/regiaonews.net.br\/2022\/wp-json\/wp\/v2\/tags?post=46922"}],"curies":[{"name":"wp","href":"https:\/\/api.w.org\/{rel}","templated":true}]}}