{"id":46917,"date":"2021-05-13T19:21:29","date_gmt":"2021-05-13T22:21:29","guid":{"rendered":"https:\/\/regiaonews.net.br\/2022\/?p=46917"},"modified":"2021-05-13T19:21:29","modified_gmt":"2021-05-13T22:21:29","slug":"governo-paula-lemos-promove-vacinacao-para-pessoas-entre-55-e-59-anos-com-comorbidades","status":"publish","type":"post","link":"https:\/\/regiaonews.net.br\/2022\/2021\/05\/13\/governo-paula-lemos-promove-vacinacao-para-pessoas-entre-55-e-59-anos-com-comorbidades\/","title":{"rendered":"Governo Paula Lemos promove vacina\u00e7\u00e3o para pessoas entre 55 e 59 anos com comorbidades"},"content":{"rendered":"<p><a href=\"https:\/\/regiaonews.net.br\/2022\/wp-content\/uploads\/2021\/05\/1-2.jpeg\"><img loading=\"lazy\" decoding=\"async\" class=\"alignnone size-medium wp-image-46918\" src=\"https:\/\/regiaonews.net.br\/2022\/wp-content\/uploads\/2021\/05\/1-2-267x300.jpeg\" alt=\"\" width=\"267\" height=\"300\" \/><\/a> <a href=\"https:\/\/regiaonews.net.br\/2022\/wp-content\/uploads\/2021\/05\/2-2.jpeg\"><img loading=\"lazy\" decoding=\"async\" class=\"alignnone size-medium wp-image-46919\" src=\"https:\/\/regiaonews.net.br\/2022\/wp-content\/uploads\/2021\/05\/2-2-267x300.jpeg\" alt=\"\" width=\"267\" height=\"300\" \/><\/a> <a href=\"https:\/\/regiaonews.net.br\/2022\/wp-content\/uploads\/2021\/05\/3.jpeg\"><img loading=\"lazy\" decoding=\"async\" class=\"alignnone size-medium wp-image-46920\" src=\"https:\/\/regiaonews.net.br\/2022\/wp-content\/uploads\/2021\/05\/3-300x290.jpeg\" alt=\"\" width=\"300\" height=\"290\" \/><\/a><\/p>\n<p>A Prefeitura de Barretos, por meio da Secretaria de Sa\u00fade, promove nos dias 18 e 19 de maio\/21 a vacina\u00e7\u00e3o para pessoas entre 55 e 59 anos com comorbidades. A aplica\u00e7\u00e3o das doses acontece das 7h \u00e0s 13h nas Unidades de Sa\u00fade.<br \/>\nA lista de comorbidades inclu\u00eddas nessa fase de vacina\u00e7\u00e3o foi determinada pelo Governo Estadual.<\/p>\n<p><strong>1 \u2013 Quando ser\u00e1 a vacina\u00e7\u00e3o?<\/strong><br \/>\nNos dias 18 e 19 de maio, das 7h \u00e0s 13h.<\/p>\n<p>2 \u2013 Onde ser\u00e1 a vacina\u00e7\u00e3o?<br \/>\nEm todas as Unidades de Sa\u00fade.<\/p>\n<p>3 \u2013 Quais as comorbidades?<br \/>\nDiabetes<br \/>\nPneumonias cr\u00f4nicas graves<br \/>\nHipertens\u00e3o arterial Resistente (HAR)<br \/>\nHipertens\u00e3o arterial Est\u00e1gio 3<br \/>\nHipertens\u00e3o arterial est\u00e1gios 1 e 2 com les\u00e3o em \u00f3rg\u00e3o-alvo e\/ou comorbidade<br \/>\nInsufici\u00eancia card\u00edaca (IC)<br \/>\nHipertens\u00e3o Pulmonar<br \/>\nCardiopatia hipertensiva<br \/>\nS\u00edndromes coronarianas<br \/>\nValvopatias<br \/>\nMiocardiopatias e pericardiopatias<br \/>\nDoen\u00e7as da aorta, dos grandes vasos e f\u00edstulas arteriovenosas<br \/>\nArritmias card\u00edacas<br \/>\nCardiopatias cong\u00eanita<br \/>\nPr\u00f3teses valvares e dispositivos card\u00edacas implantados<br \/>\nDoen\u00e7a cerebrovascular<br \/>\nDoen\u00e7a renal cr\u00f4nica<br \/>\nImunossuprimidos<br \/>\nHemoglobinopatias graves<br \/>\nObesidade m\u00f3rbida<br \/>\nCirrose hep\u00e1tica<\/p>\n<p>4 \u2013 Quais documentos levar?<br \/>\n\u00b7 Apresentar RG e CPF originais.<br \/>\n\u00b7 Apresentar comprovante de endere\u00e7o em Barretos, preferencialmente, em nome da pessoa a ser vacinada: conta de \u00e1gua, conta de energia el\u00e9trica, conta de telefone\/celular, conta de servi\u00e7os de internet, conta banc\u00e1ria, conta de cart\u00e3o de cr\u00e9dito, carn\u00ea de IPTU, etc.<br \/>\n\u00b7 Apresentar qualquer comprovante que demonstre pertencer a um dos grupos de risco (exames atualizados, receitas, relat\u00f3rios m\u00e9dicos atualizados, prescri\u00e7\u00e3o m\u00e9dica ou a DECLARA\u00c7\u00c3O M\u00c9DICA PADRONIZADA, dispon\u00edvel no site <a href=\"http:\/\/www.barretos.sp.gov.br\">www.barretos.sp.gov.br<\/a> e na Vigil\u00e2ncia Sanit\u00e1ria, devidamente preenchida e assinada pelo profissional m\u00e9dico). Quaisquer dos comprovantes dever\u00e3o constar, obrigatoriamente, o n\u00famero do CRM e assinatura do m\u00e9dico respons\u00e1vel<\/p>\n","protected":false},"excerpt":{"rendered":"<p>A Prefeitura de Barretos, por meio da Secretaria de Sa\u00fade,<\/p>\n","protected":false},"author":2,"featured_media":46918,"comment_status":"open","ping_status":"open","sticky":false,"template":"","format":"standard","meta":{"footnotes":""},"categories":[14,25],"tags":[],"class_list":["post-46917","post","type-post","status-publish","format-standard","has-post-thumbnail","hentry","category-barretos","category-cidades"],"yoast_head":"<!-- This site is optimized with the Yoast SEO plugin v27.4 - https:\/\/yoast.com\/product\/yoast-seo-wordpress\/ -->\n<title>Governo Paula Lemos promove vacina\u00e7\u00e3o para pessoas entre 55 e 59 anos com comorbidades - Regi\u00e3o News<\/title>\n<meta name=\"robots\" content=\"index, follow, max-snippet:-1, max-image-preview:large, max-video-preview:-1\" \/>\n<link rel=\"canonical\" href=\"https:\/\/regiaonews.net.br\/2022\/2021\/05\/13\/governo-paula-lemos-promove-vacinacao-para-pessoas-entre-55-e-59-anos-com-comorbidades\/\" \/>\n<meta property=\"og:locale\" content=\"pt_BR\" \/>\n<meta property=\"og:type\" content=\"article\" \/>\n<meta property=\"og:title\" content=\"Governo Paula Lemos promove vacina\u00e7\u00e3o para pessoas entre 55 e 59 anos com comorbidades - Regi\u00e3o News\" \/>\n<meta property=\"og:description\" content=\"A Prefeitura de Barretos, por meio da Secretaria de Sa\u00fade,\" \/>\n<meta property=\"og:url\" content=\"https:\/\/regiaonews.net.br\/2022\/2021\/05\/13\/governo-paula-lemos-promove-vacinacao-para-pessoas-entre-55-e-59-anos-com-comorbidades\/\" \/>\n<meta property=\"og:site_name\" content=\"Regi\u00e3o News\" \/>\n<meta property=\"article:published_time\" content=\"2021-05-13T22:21:29+00:00\" \/>\n<meta property=\"og:image\" content=\"https:\/\/regiaonews.net.br\/2022\/wp-content\/uploads\/2021\/05\/1-2.jpeg\" \/>\n\t<meta property=\"og:image:width\" content=\"1141\" \/>\n\t<meta property=\"og:image:height\" content=\"1280\" \/>\n\t<meta property=\"og:image:type\" content=\"image\/jpeg\" \/>\n<meta name=\"author\" content=\"Roberto\" \/>\n<meta name=\"twitter:card\" content=\"summary_large_image\" \/>\n<meta name=\"twitter:label1\" content=\"Escrito por\" \/>\n\t<meta name=\"twitter:data1\" content=\"Roberto\" \/>\n\t<meta name=\"twitter:label2\" content=\"Est. tempo de leitura\" \/>\n\t<meta name=\"twitter:data2\" content=\"2 minutos\" \/>\n<script type=\"application\/ld+json\" class=\"yoast-schema-graph\">{\"@context\":\"https:\\\/\\\/schema.org\",\"@graph\":[{\"@type\":\"Article\",\"@id\":\"https:\\\/\\\/regiaonews.net.br\\\/2022\\\/2021\\\/05\\\/13\\\/governo-paula-lemos-promove-vacinacao-para-pessoas-entre-55-e-59-anos-com-comorbidades\\\/#article\",\"isPartOf\":{\"@id\":\"https:\\\/\\\/regiaonews.net.br\\\/2022\\\/2021\\\/05\\\/13\\\/governo-paula-lemos-promove-vacinacao-para-pessoas-entre-55-e-59-anos-com-comorbidades\\\/\"},\"author\":{\"name\":\"Roberto\",\"@id\":\"https:\\\/\\\/regiaonews.net.br\\\/2022\\\/#\\\/schema\\\/person\\\/2d205a608a5aa97ac279d7a5e6d89ad8\"},\"headline\":\"Governo Paula Lemos promove vacina\u00e7\u00e3o para pessoas entre 55 e 59 anos com comorbidades\",\"datePublished\":\"2021-05-13T22:21:29+00:00\",\"mainEntityOfPage\":{\"@id\":\"https:\\\/\\\/regiaonews.net.br\\\/2022\\\/2021\\\/05\\\/13\\\/governo-paula-lemos-promove-vacinacao-para-pessoas-entre-55-e-59-anos-com-comorbidades\\\/\"},\"wordCount\":317,\"commentCount\":0,\"publisher\":{\"@id\":\"https:\\\/\\\/regiaonews.net.br\\\/2022\\\/#organization\"},\"image\":{\"@id\":\"https:\\\/\\\/regiaonews.net.br\\\/2022\\\/2021\\\/05\\\/13\\\/governo-paula-lemos-promove-vacinacao-para-pessoas-entre-55-e-59-anos-com-comorbidades\\\/#primaryimage\"},\"thumbnailUrl\":\"https:\\\/\\\/regiaonews.net.br\\\/2022\\\/wp-content\\\/uploads\\\/2021\\\/05\\\/1-2.jpeg\",\"articleSection\":[\"Barretos\",\"Cidades\"],\"inLanguage\":\"pt-BR\",\"potentialAction\":[{\"@type\":\"CommentAction\",\"name\":\"Comment\",\"target\":[\"https:\\\/\\\/regiaonews.net.br\\\/2022\\\/2021\\\/05\\\/13\\\/governo-paula-lemos-promove-vacinacao-para-pessoas-entre-55-e-59-anos-com-comorbidades\\\/#respond\"]}]},{\"@type\":\"WebPage\",\"@id\":\"https:\\\/\\\/regiaonews.net.br\\\/2022\\\/2021\\\/05\\\/13\\\/governo-paula-lemos-promove-vacinacao-para-pessoas-entre-55-e-59-anos-com-comorbidades\\\/\",\"url\":\"https:\\\/\\\/regiaonews.net.br\\\/2022\\\/2021\\\/05\\\/13\\\/governo-paula-lemos-promove-vacinacao-para-pessoas-entre-55-e-59-anos-com-comorbidades\\\/\",\"name\":\"Governo Paula Lemos promove vacina\u00e7\u00e3o para pessoas entre 55 e 59 anos com comorbidades - Regi\u00e3o News\",\"isPartOf\":{\"@id\":\"https:\\\/\\\/regiaonews.net.br\\\/2022\\\/#website\"},\"primaryImageOfPage\":{\"@id\":\"https:\\\/\\\/regiaonews.net.br\\\/2022\\\/2021\\\/05\\\/13\\\/governo-paula-lemos-promove-vacinacao-para-pessoas-entre-55-e-59-anos-com-comorbidades\\\/#primaryimage\"},\"image\":{\"@id\":\"https:\\\/\\\/regiaonews.net.br\\\/2022\\\/2021\\\/05\\\/13\\\/governo-paula-lemos-promove-vacinacao-para-pessoas-entre-55-e-59-anos-com-comorbidades\\\/#primaryimage\"},\"thumbnailUrl\":\"https:\\\/\\\/regiaonews.net.br\\\/2022\\\/wp-content\\\/uploads\\\/2021\\\/05\\\/1-2.jpeg\",\"datePublished\":\"2021-05-13T22:21:29+00:00\",\"breadcrumb\":{\"@id\":\"https:\\\/\\\/regiaonews.net.br\\\/2022\\\/2021\\\/05\\\/13\\\/governo-paula-lemos-promove-vacinacao-para-pessoas-entre-55-e-59-anos-com-comorbidades\\\/#breadcrumb\"},\"inLanguage\":\"pt-BR\",\"potentialAction\":[{\"@type\":\"ReadAction\",\"target\":[\"https:\\\/\\\/regiaonews.net.br\\\/2022\\\/2021\\\/05\\\/13\\\/governo-paula-lemos-promove-vacinacao-para-pessoas-entre-55-e-59-anos-com-comorbidades\\\/\"]}]},{\"@type\":\"ImageObject\",\"inLanguage\":\"pt-BR\",\"@id\":\"https:\\\/\\\/regiaonews.net.br\\\/2022\\\/2021\\\/05\\\/13\\\/governo-paula-lemos-promove-vacinacao-para-pessoas-entre-55-e-59-anos-com-comorbidades\\\/#primaryimage\",\"url\":\"https:\\\/\\\/regiaonews.net.br\\\/2022\\\/wp-content\\\/uploads\\\/2021\\\/05\\\/1-2.jpeg\",\"contentUrl\":\"https:\\\/\\\/regiaonews.net.br\\\/2022\\\/wp-content\\\/uploads\\\/2021\\\/05\\\/1-2.jpeg\",\"width\":1141,\"height\":1280},{\"@type\":\"BreadcrumbList\",\"@id\":\"https:\\\/\\\/regiaonews.net.br\\\/2022\\\/2021\\\/05\\\/13\\\/governo-paula-lemos-promove-vacinacao-para-pessoas-entre-55-e-59-anos-com-comorbidades\\\/#breadcrumb\",\"itemListElement\":[{\"@type\":\"ListItem\",\"position\":1,\"name\":\"In\u00edcio\",\"item\":\"https:\\\/\\\/regiaonews.net.br\\\/2022\\\/\"},{\"@type\":\"ListItem\",\"position\":2,\"name\":\"Governo Paula Lemos promove vacina\u00e7\u00e3o para pessoas entre 55 e 59 anos com comorbidades\"}]},{\"@type\":\"WebSite\",\"@id\":\"https:\\\/\\\/regiaonews.net.br\\\/2022\\\/#website\",\"url\":\"https:\\\/\\\/regiaonews.net.br\\\/2022\\\/\",\"name\":\"Regi\u00e3o News\",\"description\":\"Site de Not\u00edcias de Barretos e regi\u00e3o\",\"publisher\":{\"@id\":\"https:\\\/\\\/regiaonews.net.br\\\/2022\\\/#organization\"},\"potentialAction\":[{\"@type\":\"SearchAction\",\"target\":{\"@type\":\"EntryPoint\",\"urlTemplate\":\"https:\\\/\\\/regiaonews.net.br\\\/2022\\\/?s={search_term_string}\"},\"query-input\":{\"@type\":\"PropertyValueSpecification\",\"valueRequired\":true,\"valueName\":\"search_term_string\"}}],\"inLanguage\":\"pt-BR\"},{\"@type\":\"Organization\",\"@id\":\"https:\\\/\\\/regiaonews.net.br\\\/2022\\\/#organization\",\"name\":\"Regi\u00e3o News\",\"url\":\"https:\\\/\\\/regiaonews.net.br\\\/2022\\\/\",\"logo\":{\"@type\":\"ImageObject\",\"inLanguage\":\"pt-BR\",\"@id\":\"https:\\\/\\\/regiaonews.net.br\\\/2022\\\/#\\\/schema\\\/logo\\\/image\\\/\",\"url\":\"https:\\\/\\\/regiaonews.net.br\\\/2022\\\/wp-content\\\/uploads\\\/2026\\\/03\\\/regiao-13-anos-scaled.jpg\",\"contentUrl\":\"https:\\\/\\\/regiaonews.net.br\\\/2022\\\/wp-content\\\/uploads\\\/2026\\\/03\\\/regiao-13-anos-scaled.jpg\",\"width\":2560,\"height\":635,\"caption\":\"Regi\u00e3o News\"},\"image\":{\"@id\":\"https:\\\/\\\/regiaonews.net.br\\\/2022\\\/#\\\/schema\\\/logo\\\/image\\\/\"}},{\"@type\":\"Person\",\"@id\":\"https:\\\/\\\/regiaonews.net.br\\\/2022\\\/#\\\/schema\\\/person\\\/2d205a608a5aa97ac279d7a5e6d89ad8\",\"name\":\"Roberto\",\"image\":{\"@type\":\"ImageObject\",\"inLanguage\":\"pt-BR\",\"@id\":\"https:\\\/\\\/secure.gravatar.com\\\/avatar\\\/42749d8b712ff9d59ca93dc150494e5b55a44134482993f5baeb97e61b7ecc89?s=96&d=mm&r=g\",\"url\":\"https:\\\/\\\/secure.gravatar.com\\\/avatar\\\/42749d8b712ff9d59ca93dc150494e5b55a44134482993f5baeb97e61b7ecc89?s=96&d=mm&r=g\",\"contentUrl\":\"https:\\\/\\\/secure.gravatar.com\\\/avatar\\\/42749d8b712ff9d59ca93dc150494e5b55a44134482993f5baeb97e61b7ecc89?s=96&d=mm&r=g\",\"caption\":\"Roberto\"},\"url\":\"https:\\\/\\\/regiaonews.net.br\\\/2022\\\/author\\\/roberto\\\/\"}]}<\/script>\n<!-- \/ Yoast SEO plugin. -->","yoast_head_json":{"title":"Governo Paula Lemos promove vacina\u00e7\u00e3o para pessoas entre 55 e 59 anos com comorbidades - Regi\u00e3o News","robots":{"index":"index","follow":"follow","max-snippet":"max-snippet:-1","max-image-preview":"max-image-preview:large","max-video-preview":"max-video-preview:-1"},"canonical":"https:\/\/regiaonews.net.br\/2022\/2021\/05\/13\/governo-paula-lemos-promove-vacinacao-para-pessoas-entre-55-e-59-anos-com-comorbidades\/","og_locale":"pt_BR","og_type":"article","og_title":"Governo Paula Lemos promove vacina\u00e7\u00e3o para pessoas entre 55 e 59 anos com comorbidades - Regi\u00e3o News","og_description":"A Prefeitura de Barretos, por meio da Secretaria de Sa\u00fade,","og_url":"https:\/\/regiaonews.net.br\/2022\/2021\/05\/13\/governo-paula-lemos-promove-vacinacao-para-pessoas-entre-55-e-59-anos-com-comorbidades\/","og_site_name":"Regi\u00e3o News","article_published_time":"2021-05-13T22:21:29+00:00","og_image":[{"width":1141,"height":1280,"url":"https:\/\/regiaonews.net.br\/2022\/wp-content\/uploads\/2021\/05\/1-2.jpeg","type":"image\/jpeg"}],"author":"Roberto","twitter_card":"summary_large_image","twitter_misc":{"Escrito por":"Roberto","Est. tempo de leitura":"2 minutos"},"schema":{"@context":"https:\/\/schema.org","@graph":[{"@type":"Article","@id":"https:\/\/regiaonews.net.br\/2022\/2021\/05\/13\/governo-paula-lemos-promove-vacinacao-para-pessoas-entre-55-e-59-anos-com-comorbidades\/#article","isPartOf":{"@id":"https:\/\/regiaonews.net.br\/2022\/2021\/05\/13\/governo-paula-lemos-promove-vacinacao-para-pessoas-entre-55-e-59-anos-com-comorbidades\/"},"author":{"name":"Roberto","@id":"https:\/\/regiaonews.net.br\/2022\/#\/schema\/person\/2d205a608a5aa97ac279d7a5e6d89ad8"},"headline":"Governo Paula Lemos promove vacina\u00e7\u00e3o para pessoas entre 55 e 59 anos com comorbidades","datePublished":"2021-05-13T22:21:29+00:00","mainEntityOfPage":{"@id":"https:\/\/regiaonews.net.br\/2022\/2021\/05\/13\/governo-paula-lemos-promove-vacinacao-para-pessoas-entre-55-e-59-anos-com-comorbidades\/"},"wordCount":317,"commentCount":0,"publisher":{"@id":"https:\/\/regiaonews.net.br\/2022\/#organization"},"image":{"@id":"https:\/\/regiaonews.net.br\/2022\/2021\/05\/13\/governo-paula-lemos-promove-vacinacao-para-pessoas-entre-55-e-59-anos-com-comorbidades\/#primaryimage"},"thumbnailUrl":"https:\/\/regiaonews.net.br\/2022\/wp-content\/uploads\/2021\/05\/1-2.jpeg","articleSection":["Barretos","Cidades"],"inLanguage":"pt-BR","potentialAction":[{"@type":"CommentAction","name":"Comment","target":["https:\/\/regiaonews.net.br\/2022\/2021\/05\/13\/governo-paula-lemos-promove-vacinacao-para-pessoas-entre-55-e-59-anos-com-comorbidades\/#respond"]}]},{"@type":"WebPage","@id":"https:\/\/regiaonews.net.br\/2022\/2021\/05\/13\/governo-paula-lemos-promove-vacinacao-para-pessoas-entre-55-e-59-anos-com-comorbidades\/","url":"https:\/\/regiaonews.net.br\/2022\/2021\/05\/13\/governo-paula-lemos-promove-vacinacao-para-pessoas-entre-55-e-59-anos-com-comorbidades\/","name":"Governo Paula Lemos promove vacina\u00e7\u00e3o para pessoas entre 55 e 59 anos com comorbidades - Regi\u00e3o News","isPartOf":{"@id":"https:\/\/regiaonews.net.br\/2022\/#website"},"primaryImageOfPage":{"@id":"https:\/\/regiaonews.net.br\/2022\/2021\/05\/13\/governo-paula-lemos-promove-vacinacao-para-pessoas-entre-55-e-59-anos-com-comorbidades\/#primaryimage"},"image":{"@id":"https:\/\/regiaonews.net.br\/2022\/2021\/05\/13\/governo-paula-lemos-promove-vacinacao-para-pessoas-entre-55-e-59-anos-com-comorbidades\/#primaryimage"},"thumbnailUrl":"https:\/\/regiaonews.net.br\/2022\/wp-content\/uploads\/2021\/05\/1-2.jpeg","datePublished":"2021-05-13T22:21:29+00:00","breadcrumb":{"@id":"https:\/\/regiaonews.net.br\/2022\/2021\/05\/13\/governo-paula-lemos-promove-vacinacao-para-pessoas-entre-55-e-59-anos-com-comorbidades\/#breadcrumb"},"inLanguage":"pt-BR","potentialAction":[{"@type":"ReadAction","target":["https:\/\/regiaonews.net.br\/2022\/2021\/05\/13\/governo-paula-lemos-promove-vacinacao-para-pessoas-entre-55-e-59-anos-com-comorbidades\/"]}]},{"@type":"ImageObject","inLanguage":"pt-BR","@id":"https:\/\/regiaonews.net.br\/2022\/2021\/05\/13\/governo-paula-lemos-promove-vacinacao-para-pessoas-entre-55-e-59-anos-com-comorbidades\/#primaryimage","url":"https:\/\/regiaonews.net.br\/2022\/wp-content\/uploads\/2021\/05\/1-2.jpeg","contentUrl":"https:\/\/regiaonews.net.br\/2022\/wp-content\/uploads\/2021\/05\/1-2.jpeg","width":1141,"height":1280},{"@type":"BreadcrumbList","@id":"https:\/\/regiaonews.net.br\/2022\/2021\/05\/13\/governo-paula-lemos-promove-vacinacao-para-pessoas-entre-55-e-59-anos-com-comorbidades\/#breadcrumb","itemListElement":[{"@type":"ListItem","position":1,"name":"In\u00edcio","item":"https:\/\/regiaonews.net.br\/2022\/"},{"@type":"ListItem","position":2,"name":"Governo Paula Lemos promove vacina\u00e7\u00e3o para pessoas entre 55 e 59 anos com comorbidades"}]},{"@type":"WebSite","@id":"https:\/\/regiaonews.net.br\/2022\/#website","url":"https:\/\/regiaonews.net.br\/2022\/","name":"Regi\u00e3o News","description":"Site de Not\u00edcias de Barretos e regi\u00e3o","publisher":{"@id":"https:\/\/regiaonews.net.br\/2022\/#organization"},"potentialAction":[{"@type":"SearchAction","target":{"@type":"EntryPoint","urlTemplate":"https:\/\/regiaonews.net.br\/2022\/?s={search_term_string}"},"query-input":{"@type":"PropertyValueSpecification","valueRequired":true,"valueName":"search_term_string"}}],"inLanguage":"pt-BR"},{"@type":"Organization","@id":"https:\/\/regiaonews.net.br\/2022\/#organization","name":"Regi\u00e3o News","url":"https:\/\/regiaonews.net.br\/2022\/","logo":{"@type":"ImageObject","inLanguage":"pt-BR","@id":"https:\/\/regiaonews.net.br\/2022\/#\/schema\/logo\/image\/","url":"https:\/\/regiaonews.net.br\/2022\/wp-content\/uploads\/2026\/03\/regiao-13-anos-scaled.jpg","contentUrl":"https:\/\/regiaonews.net.br\/2022\/wp-content\/uploads\/2026\/03\/regiao-13-anos-scaled.jpg","width":2560,"height":635,"caption":"Regi\u00e3o News"},"image":{"@id":"https:\/\/regiaonews.net.br\/2022\/#\/schema\/logo\/image\/"}},{"@type":"Person","@id":"https:\/\/regiaonews.net.br\/2022\/#\/schema\/person\/2d205a608a5aa97ac279d7a5e6d89ad8","name":"Roberto","image":{"@type":"ImageObject","inLanguage":"pt-BR","@id":"https:\/\/secure.gravatar.com\/avatar\/42749d8b712ff9d59ca93dc150494e5b55a44134482993f5baeb97e61b7ecc89?s=96&d=mm&r=g","url":"https:\/\/secure.gravatar.com\/avatar\/42749d8b712ff9d59ca93dc150494e5b55a44134482993f5baeb97e61b7ecc89?s=96&d=mm&r=g","contentUrl":"https:\/\/secure.gravatar.com\/avatar\/42749d8b712ff9d59ca93dc150494e5b55a44134482993f5baeb97e61b7ecc89?s=96&d=mm&r=g","caption":"Roberto"},"url":"https:\/\/regiaonews.net.br\/2022\/author\/roberto\/"}]}},"publishpress_future_action":{"enabled":false,"date":"2026-05-04 09:06:04","action":"change-status","newStatus":"draft","terms":[],"taxonomy":"category","extraData":[]},"publishpress_future_workflow_manual_trigger":{"enabledWorkflows":[]},"_links":{"self":[{"href":"https:\/\/regiaonews.net.br\/2022\/wp-json\/wp\/v2\/posts\/46917","targetHints":{"allow":["GET"]}}],"collection":[{"href":"https:\/\/regiaonews.net.br\/2022\/wp-json\/wp\/v2\/posts"}],"about":[{"href":"https:\/\/regiaonews.net.br\/2022\/wp-json\/wp\/v2\/types\/post"}],"author":[{"embeddable":true,"href":"https:\/\/regiaonews.net.br\/2022\/wp-json\/wp\/v2\/users\/2"}],"replies":[{"embeddable":true,"href":"https:\/\/regiaonews.net.br\/2022\/wp-json\/wp\/v2\/comments?post=46917"}],"version-history":[{"count":0,"href":"https:\/\/regiaonews.net.br\/2022\/wp-json\/wp\/v2\/posts\/46917\/revisions"}],"wp:featuredmedia":[{"embeddable":true,"href":"https:\/\/regiaonews.net.br\/2022\/wp-json\/wp\/v2\/media\/46918"}],"wp:attachment":[{"href":"https:\/\/regiaonews.net.br\/2022\/wp-json\/wp\/v2\/media?parent=46917"}],"wp:term":[{"taxonomy":"category","embeddable":true,"href":"https:\/\/regiaonews.net.br\/2022\/wp-json\/wp\/v2\/categories?post=46917"},{"taxonomy":"post_tag","embeddable":true,"href":"https:\/\/regiaonews.net.br\/2022\/wp-json\/wp\/v2\/tags?post=46917"}],"curies":[{"name":"wp","href":"https:\/\/api.w.org\/{rel}","templated":true}]}}