{"id":46888,"date":"2021-05-13T10:30:31","date_gmt":"2021-05-13T13:30:31","guid":{"rendered":"https:\/\/regiaonews.net.br\/2022\/?p=46888"},"modified":"2021-05-13T10:37:26","modified_gmt":"2021-05-13T13:37:26","slug":"tropas-israelenses-se-posicionam-na-fronteira-da-faixa-de-gaza","status":"publish","type":"post","link":"https:\/\/regiaonews.net.br\/2022\/2021\/05\/13\/tropas-israelenses-se-posicionam-na-fronteira-da-faixa-de-gaza\/","title":{"rendered":"Tropas israelenses se posicionam na fronteira da Faixa de Gaza"},"content":{"rendered":"<p><a href=\"https:\/\/regiaonews.net.br\/2022\/wp-content\/uploads\/2021\/05\/11ae3c76-665b-4eeb-9e63-caad57672196.jpg\"><img loading=\"lazy\" decoding=\"async\" class=\"alignnone size-medium wp-image-46352\" src=\"https:\/\/regiaonews.net.br\/2022\/wp-content\/uploads\/2021\/05\/11ae3c76-665b-4eeb-9e63-caad57672196-300x300.jpg\" alt=\"\" width=\"300\" height=\"300\" \/><\/a><\/p>\n<p><a href=\"https:\/\/regiaonews.net.br\/2022\/wp-content\/uploads\/2021\/04\/etapaextra-polo-1080x1080_Prancheta-1.jpg\"><img loading=\"lazy\" decoding=\"async\" class=\"alignnone size-medium wp-image-45509\" src=\"https:\/\/regiaonews.net.br\/2022\/wp-content\/uploads\/2021\/04\/etapaextra-polo-1080x1080_Prancheta-1-300x300.jpg\" alt=\"\" width=\"300\" height=\"300\" \/><\/a><\/p>\n<p><a href=\"https:\/\/regiaonews.net.br\/2022\/wp-content\/uploads\/2021\/05\/2021-05-13t120748z_1_lynxmpeh4c0ll_rtroptp_4_ormed-israel-gaza-tropas.jpg\"><img loading=\"lazy\" decoding=\"async\" class=\"alignnone size-medium wp-image-46889\" src=\"https:\/\/regiaonews.net.br\/2022\/wp-content\/uploads\/2021\/05\/2021-05-13t120748z_1_lynxmpeh4c0ll_rtroptp_4_ormed-israel-gaza-tropas-300x179.jpg\" alt=\"\" width=\"300\" height=\"179\" \/><\/a><\/p>\n<div class=\"post-item alt-font\">\n<div class=\"post-item-wrap\">\n<p>Tropas israelenses se concentraram na fronteira de Gaza nesta quinta-feira (13) e militantes palestinos atingiram Israel com foguetes em hostilidades intensas que desencadearam choques entre judeus e \u00e1rabes em Israel e causam preocupa\u00e7\u00e3o internacional.<img decoding=\"async\" src=\"https:\/\/agenciabrasil.ebc.com.br\/ebc.png?id=1409537&amp;o=node\" \/><img decoding=\"async\" src=\"https:\/\/agenciabrasil.ebc.com.br\/ebc.gif?id=1409537&amp;o=node\" \/><\/p>\n<p><a href=\"https:\/\/agenciabrasil.ebc.com.br\/internacional\/noticia\/2021-05\/israel-e-hamas-intensificam-bombardeios\" target=\"_blank\" rel=\"noopener\">Dias de viol\u00eancia<\/a>\u00a0entre judeus israelenses e a minoria \u00e1rabe do pa\u00eds se agravaram de madrugada, quando sinagogas foram atacadas e confrontos ocorreram nas ruas de algumas comunidades.<\/p>\n<p><a href=\"https:\/\/regiaonews.net.br\/2022\/wp-content\/uploads\/2021\/04\/images-3.jpeg\"><img loading=\"lazy\" decoding=\"async\" class=\"alignnone size-full wp-image-45476\" src=\"https:\/\/regiaonews.net.br\/2022\/wp-content\/uploads\/2021\/04\/images-3.jpeg\" alt=\"\" width=\"225\" height=\"225\" \/><\/a><\/p>\n<p>Diante do receio crescente de que a viol\u00eancia que veio \u00e0 tona na segunda-feira (10) fuja de controle, os Estados Unidos est\u00e3o despachando um enviado, Hady Amr, \u00e0 regi\u00e3o, mas os esfor\u00e7os para encerrar as piores hostilidades em anos n\u00e3o parecem ter feito progresso at\u00e9 agora.<\/p>\n<p>Em\u00a0<a href=\"https:\/\/agenciabrasil.ebc.com.br\/internacional\/noticia\/2021-05\/ataques-aereos-na-faixa-de-gaza-deixam-mais-de-20-mortos\" target=\"_blank\" rel=\"noopener\">novos ataques a\u00e9reos<\/a>\u00a0em Gaza, Israel atingiu um edif\u00edcio residencial de seis andares na Cidade de Gaza que disse pertencer ao Hamas, o grupo isl\u00e2mico que comanda o enclave<\/p>\n<p><a href=\"https:\/\/regiaonews.net.br\/2022\/wp-content\/uploads\/2021\/04\/20210419_091446.jpg\"><img loading=\"lazy\" decoding=\"async\" class=\"alignnone size-medium wp-image-45468\" src=\"https:\/\/regiaonews.net.br\/2022\/wp-content\/uploads\/2021\/04\/20210419_091446-298x300.jpg\" alt=\"\" width=\"298\" height=\"300\" \/><\/a><\/p>\n<p>Ao menos 83 pessoas foram mortas em Gaza desde que a viol\u00eancia se agravou na segunda-feira, disseram m\u00e9dicos, pressionando ainda mais hospitais j\u00e1 sob grande estresse em meio \u00e0 pandemia de covid-19.<\/p>\n<p>&#8220;Estamos enfrentando Israel e a covid-19. Estamos entre dois inimigos&#8221;, disse Asad Karam, um oper\u00e1rio de constru\u00e7\u00e3o de 20 anos, na lateral de uma rua danificada durante os ataques a\u00e9reos &#8211; um poste de eletricidade caiu e os fios se romperam.<\/p>\n<p><a href=\"https:\/\/regiaonews.net.br\/2022\/wp-content\/uploads\/2021\/04\/33d927d6-6197-43d7-89ca-d7440b866f35-7.jpg\"><img loading=\"lazy\" decoding=\"async\" class=\"alignnone size-medium wp-image-45458\" src=\"https:\/\/regiaonews.net.br\/2022\/wp-content\/uploads\/2021\/04\/33d927d6-6197-43d7-89ca-d7440b866f35-7-300x298.jpg\" alt=\"\" width=\"300\" height=\"298\" \/><\/a><\/p>\n<p>Nos ataques de foguetes mais recentes dos palestinos, um foguete atingiu um edif\u00edcio pr\u00f3ximo da capital comercial israelense de Tel Aviv e feriu cinco israelenses, informou a pol\u00edcia. Sirenes foram acionadas em cidades de todo o Sul de Israel, fazendo milhares correrem para abrigos.<\/p>\n<p>Sete pessoas foram mortas em Israel, disseram seus militares.<\/p>\n<p>&#8220;Israel est\u00e1 sob ataque. \u00c9 uma situa\u00e7\u00e3o muito assustadora&#8221;, disse Margo Aronovic, uma estudante de 26 anos, em Tel Aviv.<\/p>\n<p><a href=\"https:\/\/regiaonews.net.br\/2022\/wp-content\/uploads\/2021\/04\/20210419_090927.jpg\"><img loading=\"lazy\" decoding=\"async\" class=\"alignnone size-medium wp-image-45461\" src=\"https:\/\/regiaonews.net.br\/2022\/wp-content\/uploads\/2021\/04\/20210419_090927-300x300.jpg\" alt=\"\" width=\"300\" height=\"300\" \/><\/a><\/p>\n<p>Israel colocou tropas de combate de prontid\u00e3o ao longo da fronteira com Gaza e est\u00e1 em &#8220;v\u00e1rios est\u00e1gios de prepara\u00e7\u00e3o de opera\u00e7\u00f5es terrestres&#8221;, disse um porta-voz militar, uma medida que lembra incurs\u00f5es semelhantes durante as guerras entre Israel e Gaza em 2014 e entre 2008 e 2009.<\/p>\n<p>Autoridades de sa\u00fade de Gaza disseram estar investigando as mortes de v\u00e1rias pessoas de madrugada que disseram ter inalado g\u00e1s venenoso. Amostras est\u00e3o sendo examinadas, e eles ainda n\u00e3o chegaram a nenhuma conclus\u00e3o definitiva.<\/p>\n<p>O primeiro-ministro de Israel, Benjamin Netanyahu, prometeu &#8220;continuar agindo para atingir as capacidades militares do Hamas&#8221; e de outros grupos de Gaza.<\/p>\n<p>FONTE :Ag\u00eanciaBrasil<\/p>\n<p><a href=\"https:\/\/regiaonews.net.br\/2022\/wp-content\/uploads\/2021\/04\/20210419_090737.jpg\"><img loading=\"lazy\" decoding=\"async\" class=\"alignnone size-medium wp-image-45460\" src=\"https:\/\/regiaonews.net.br\/2022\/wp-content\/uploads\/2021\/04\/20210419_090737-300x300.jpg\" alt=\"\" width=\"300\" height=\"300\" \/><\/a><\/p>\n<\/div>\n<\/div>\n","protected":false},"excerpt":{"rendered":"<p>Tropas israelenses se concentraram na fronteira de Gaza nesta quinta-feira<\/p>\n","protected":false},"author":2,"featured_media":46889,"comment_status":"open","ping_status":"open","sticky":false,"template":"","format":"standard","meta":{"footnotes":""},"categories":[31],"tags":[],"class_list":["post-46888","post","type-post","status-publish","format-standard","has-post-thumbnail","hentry","category-internacional"],"yoast_head":"<!-- This site is optimized with the Yoast SEO plugin v27.4 - https:\/\/yoast.com\/product\/yoast-seo-wordpress\/ -->\n<title>Tropas israelenses se posicionam na fronteira da Faixa de Gaza - Regi\u00e3o News<\/title>\n<meta name=\"robots\" content=\"index, follow, max-snippet:-1, max-image-preview:large, max-video-preview:-1\" \/>\n<link rel=\"canonical\" href=\"https:\/\/regiaonews.net.br\/2022\/2021\/05\/13\/tropas-israelenses-se-posicionam-na-fronteira-da-faixa-de-gaza\/\" \/>\n<meta property=\"og:locale\" content=\"pt_BR\" \/>\n<meta property=\"og:type\" content=\"article\" \/>\n<meta property=\"og:title\" content=\"Tropas israelenses se posicionam na fronteira da Faixa de Gaza - Regi\u00e3o News\" \/>\n<meta property=\"og:description\" content=\"Tropas israelenses se concentraram na fronteira de Gaza nesta quinta-feira\" \/>\n<meta property=\"og:url\" content=\"https:\/\/regiaonews.net.br\/2022\/2021\/05\/13\/tropas-israelenses-se-posicionam-na-fronteira-da-faixa-de-gaza\/\" \/>\n<meta property=\"og:site_name\" content=\"Regi\u00e3o News\" \/>\n<meta property=\"article:published_time\" content=\"2021-05-13T13:30:31+00:00\" \/>\n<meta property=\"article:modified_time\" content=\"2021-05-13T13:37:26+00:00\" \/>\n<meta property=\"og:image\" content=\"https:\/\/regiaonews.net.br\/2022\/wp-content\/uploads\/2021\/05\/2021-05-13t120748z_1_lynxmpeh4c0ll_rtroptp_4_ormed-israel-gaza-tropas.jpg\" \/>\n\t<meta property=\"og:image:width\" content=\"1170\" \/>\n\t<meta property=\"og:image:height\" content=\"700\" \/>\n\t<meta property=\"og:image:type\" content=\"image\/jpeg\" \/>\n<meta name=\"author\" content=\"Roberto\" \/>\n<meta name=\"twitter:card\" content=\"summary_large_image\" \/>\n<meta name=\"twitter:label1\" content=\"Escrito por\" \/>\n\t<meta name=\"twitter:data1\" content=\"Roberto\" \/>\n\t<meta name=\"twitter:label2\" content=\"Est. tempo de leitura\" \/>\n\t<meta name=\"twitter:data2\" content=\"2 minutos\" \/>\n<script type=\"application\/ld+json\" class=\"yoast-schema-graph\">{\"@context\":\"https:\\\/\\\/schema.org\",\"@graph\":[{\"@type\":\"Article\",\"@id\":\"https:\\\/\\\/regiaonews.net.br\\\/2022\\\/2021\\\/05\\\/13\\\/tropas-israelenses-se-posicionam-na-fronteira-da-faixa-de-gaza\\\/#article\",\"isPartOf\":{\"@id\":\"https:\\\/\\\/regiaonews.net.br\\\/2022\\\/2021\\\/05\\\/13\\\/tropas-israelenses-se-posicionam-na-fronteira-da-faixa-de-gaza\\\/\"},\"author\":{\"name\":\"Roberto\",\"@id\":\"https:\\\/\\\/regiaonews.net.br\\\/2022\\\/#\\\/schema\\\/person\\\/2d205a608a5aa97ac279d7a5e6d89ad8\"},\"headline\":\"Tropas israelenses se posicionam na fronteira da Faixa de Gaza\",\"datePublished\":\"2021-05-13T13:30:31+00:00\",\"dateModified\":\"2021-05-13T13:37:26+00:00\",\"mainEntityOfPage\":{\"@id\":\"https:\\\/\\\/regiaonews.net.br\\\/2022\\\/2021\\\/05\\\/13\\\/tropas-israelenses-se-posicionam-na-fronteira-da-faixa-de-gaza\\\/\"},\"wordCount\":420,\"commentCount\":0,\"publisher\":{\"@id\":\"https:\\\/\\\/regiaonews.net.br\\\/2022\\\/#organization\"},\"image\":{\"@id\":\"https:\\\/\\\/regiaonews.net.br\\\/2022\\\/2021\\\/05\\\/13\\\/tropas-israelenses-se-posicionam-na-fronteira-da-faixa-de-gaza\\\/#primaryimage\"},\"thumbnailUrl\":\"https:\\\/\\\/regiaonews.net.br\\\/2022\\\/wp-content\\\/uploads\\\/2021\\\/05\\\/2021-05-13t120748z_1_lynxmpeh4c0ll_rtroptp_4_ormed-israel-gaza-tropas.jpg\",\"articleSection\":[\"Internacional\"],\"inLanguage\":\"pt-BR\",\"potentialAction\":[{\"@type\":\"CommentAction\",\"name\":\"Comment\",\"target\":[\"https:\\\/\\\/regiaonews.net.br\\\/2022\\\/2021\\\/05\\\/13\\\/tropas-israelenses-se-posicionam-na-fronteira-da-faixa-de-gaza\\\/#respond\"]}]},{\"@type\":\"WebPage\",\"@id\":\"https:\\\/\\\/regiaonews.net.br\\\/2022\\\/2021\\\/05\\\/13\\\/tropas-israelenses-se-posicionam-na-fronteira-da-faixa-de-gaza\\\/\",\"url\":\"https:\\\/\\\/regiaonews.net.br\\\/2022\\\/2021\\\/05\\\/13\\\/tropas-israelenses-se-posicionam-na-fronteira-da-faixa-de-gaza\\\/\",\"name\":\"Tropas israelenses se posicionam na fronteira da Faixa de Gaza - Regi\u00e3o News\",\"isPartOf\":{\"@id\":\"https:\\\/\\\/regiaonews.net.br\\\/2022\\\/#website\"},\"primaryImageOfPage\":{\"@id\":\"https:\\\/\\\/regiaonews.net.br\\\/2022\\\/2021\\\/05\\\/13\\\/tropas-israelenses-se-posicionam-na-fronteira-da-faixa-de-gaza\\\/#primaryimage\"},\"image\":{\"@id\":\"https:\\\/\\\/regiaonews.net.br\\\/2022\\\/2021\\\/05\\\/13\\\/tropas-israelenses-se-posicionam-na-fronteira-da-faixa-de-gaza\\\/#primaryimage\"},\"thumbnailUrl\":\"https:\\\/\\\/regiaonews.net.br\\\/2022\\\/wp-content\\\/uploads\\\/2021\\\/05\\\/2021-05-13t120748z_1_lynxmpeh4c0ll_rtroptp_4_ormed-israel-gaza-tropas.jpg\",\"datePublished\":\"2021-05-13T13:30:31+00:00\",\"dateModified\":\"2021-05-13T13:37:26+00:00\",\"breadcrumb\":{\"@id\":\"https:\\\/\\\/regiaonews.net.br\\\/2022\\\/2021\\\/05\\\/13\\\/tropas-israelenses-se-posicionam-na-fronteira-da-faixa-de-gaza\\\/#breadcrumb\"},\"inLanguage\":\"pt-BR\",\"potentialAction\":[{\"@type\":\"ReadAction\",\"target\":[\"https:\\\/\\\/regiaonews.net.br\\\/2022\\\/2021\\\/05\\\/13\\\/tropas-israelenses-se-posicionam-na-fronteira-da-faixa-de-gaza\\\/\"]}]},{\"@type\":\"ImageObject\",\"inLanguage\":\"pt-BR\",\"@id\":\"https:\\\/\\\/regiaonews.net.br\\\/2022\\\/2021\\\/05\\\/13\\\/tropas-israelenses-se-posicionam-na-fronteira-da-faixa-de-gaza\\\/#primaryimage\",\"url\":\"https:\\\/\\\/regiaonews.net.br\\\/2022\\\/wp-content\\\/uploads\\\/2021\\\/05\\\/2021-05-13t120748z_1_lynxmpeh4c0ll_rtroptp_4_ormed-israel-gaza-tropas.jpg\",\"contentUrl\":\"https:\\\/\\\/regiaonews.net.br\\\/2022\\\/wp-content\\\/uploads\\\/2021\\\/05\\\/2021-05-13t120748z_1_lynxmpeh4c0ll_rtroptp_4_ormed-israel-gaza-tropas.jpg\",\"width\":1170,\"height\":700},{\"@type\":\"BreadcrumbList\",\"@id\":\"https:\\\/\\\/regiaonews.net.br\\\/2022\\\/2021\\\/05\\\/13\\\/tropas-israelenses-se-posicionam-na-fronteira-da-faixa-de-gaza\\\/#breadcrumb\",\"itemListElement\":[{\"@type\":\"ListItem\",\"position\":1,\"name\":\"In\u00edcio\",\"item\":\"https:\\\/\\\/regiaonews.net.br\\\/2022\\\/\"},{\"@type\":\"ListItem\",\"position\":2,\"name\":\"Tropas israelenses se posicionam na fronteira da Faixa de Gaza\"}]},{\"@type\":\"WebSite\",\"@id\":\"https:\\\/\\\/regiaonews.net.br\\\/2022\\\/#website\",\"url\":\"https:\\\/\\\/regiaonews.net.br\\\/2022\\\/\",\"name\":\"Regi\u00e3o News\",\"description\":\"Site de Not\u00edcias de Barretos e regi\u00e3o\",\"publisher\":{\"@id\":\"https:\\\/\\\/regiaonews.net.br\\\/2022\\\/#organization\"},\"potentialAction\":[{\"@type\":\"SearchAction\",\"target\":{\"@type\":\"EntryPoint\",\"urlTemplate\":\"https:\\\/\\\/regiaonews.net.br\\\/2022\\\/?s={search_term_string}\"},\"query-input\":{\"@type\":\"PropertyValueSpecification\",\"valueRequired\":true,\"valueName\":\"search_term_string\"}}],\"inLanguage\":\"pt-BR\"},{\"@type\":\"Organization\",\"@id\":\"https:\\\/\\\/regiaonews.net.br\\\/2022\\\/#organization\",\"name\":\"Regi\u00e3o News\",\"url\":\"https:\\\/\\\/regiaonews.net.br\\\/2022\\\/\",\"logo\":{\"@type\":\"ImageObject\",\"inLanguage\":\"pt-BR\",\"@id\":\"https:\\\/\\\/regiaonews.net.br\\\/2022\\\/#\\\/schema\\\/logo\\\/image\\\/\",\"url\":\"https:\\\/\\\/regiaonews.net.br\\\/2022\\\/wp-content\\\/uploads\\\/2026\\\/03\\\/regiao-13-anos-scaled.jpg\",\"contentUrl\":\"https:\\\/\\\/regiaonews.net.br\\\/2022\\\/wp-content\\\/uploads\\\/2026\\\/03\\\/regiao-13-anos-scaled.jpg\",\"width\":2560,\"height\":635,\"caption\":\"Regi\u00e3o News\"},\"image\":{\"@id\":\"https:\\\/\\\/regiaonews.net.br\\\/2022\\\/#\\\/schema\\\/logo\\\/image\\\/\"}},{\"@type\":\"Person\",\"@id\":\"https:\\\/\\\/regiaonews.net.br\\\/2022\\\/#\\\/schema\\\/person\\\/2d205a608a5aa97ac279d7a5e6d89ad8\",\"name\":\"Roberto\",\"image\":{\"@type\":\"ImageObject\",\"inLanguage\":\"pt-BR\",\"@id\":\"https:\\\/\\\/secure.gravatar.com\\\/avatar\\\/42749d8b712ff9d59ca93dc150494e5b55a44134482993f5baeb97e61b7ecc89?s=96&d=mm&r=g\",\"url\":\"https:\\\/\\\/secure.gravatar.com\\\/avatar\\\/42749d8b712ff9d59ca93dc150494e5b55a44134482993f5baeb97e61b7ecc89?s=96&d=mm&r=g\",\"contentUrl\":\"https:\\\/\\\/secure.gravatar.com\\\/avatar\\\/42749d8b712ff9d59ca93dc150494e5b55a44134482993f5baeb97e61b7ecc89?s=96&d=mm&r=g\",\"caption\":\"Roberto\"},\"url\":\"https:\\\/\\\/regiaonews.net.br\\\/2022\\\/author\\\/roberto\\\/\"}]}<\/script>\n<!-- \/ Yoast SEO plugin. -->","yoast_head_json":{"title":"Tropas israelenses se posicionam na fronteira da Faixa de Gaza - Regi\u00e3o News","robots":{"index":"index","follow":"follow","max-snippet":"max-snippet:-1","max-image-preview":"max-image-preview:large","max-video-preview":"max-video-preview:-1"},"canonical":"https:\/\/regiaonews.net.br\/2022\/2021\/05\/13\/tropas-israelenses-se-posicionam-na-fronteira-da-faixa-de-gaza\/","og_locale":"pt_BR","og_type":"article","og_title":"Tropas israelenses se posicionam na fronteira da Faixa de Gaza - Regi\u00e3o News","og_description":"Tropas israelenses se concentraram na fronteira de Gaza nesta quinta-feira","og_url":"https:\/\/regiaonews.net.br\/2022\/2021\/05\/13\/tropas-israelenses-se-posicionam-na-fronteira-da-faixa-de-gaza\/","og_site_name":"Regi\u00e3o News","article_published_time":"2021-05-13T13:30:31+00:00","article_modified_time":"2021-05-13T13:37:26+00:00","og_image":[{"width":1170,"height":700,"url":"https:\/\/regiaonews.net.br\/2022\/wp-content\/uploads\/2021\/05\/2021-05-13t120748z_1_lynxmpeh4c0ll_rtroptp_4_ormed-israel-gaza-tropas.jpg","type":"image\/jpeg"}],"author":"Roberto","twitter_card":"summary_large_image","twitter_misc":{"Escrito por":"Roberto","Est. tempo de leitura":"2 minutos"},"schema":{"@context":"https:\/\/schema.org","@graph":[{"@type":"Article","@id":"https:\/\/regiaonews.net.br\/2022\/2021\/05\/13\/tropas-israelenses-se-posicionam-na-fronteira-da-faixa-de-gaza\/#article","isPartOf":{"@id":"https:\/\/regiaonews.net.br\/2022\/2021\/05\/13\/tropas-israelenses-se-posicionam-na-fronteira-da-faixa-de-gaza\/"},"author":{"name":"Roberto","@id":"https:\/\/regiaonews.net.br\/2022\/#\/schema\/person\/2d205a608a5aa97ac279d7a5e6d89ad8"},"headline":"Tropas israelenses se posicionam na fronteira da Faixa de Gaza","datePublished":"2021-05-13T13:30:31+00:00","dateModified":"2021-05-13T13:37:26+00:00","mainEntityOfPage":{"@id":"https:\/\/regiaonews.net.br\/2022\/2021\/05\/13\/tropas-israelenses-se-posicionam-na-fronteira-da-faixa-de-gaza\/"},"wordCount":420,"commentCount":0,"publisher":{"@id":"https:\/\/regiaonews.net.br\/2022\/#organization"},"image":{"@id":"https:\/\/regiaonews.net.br\/2022\/2021\/05\/13\/tropas-israelenses-se-posicionam-na-fronteira-da-faixa-de-gaza\/#primaryimage"},"thumbnailUrl":"https:\/\/regiaonews.net.br\/2022\/wp-content\/uploads\/2021\/05\/2021-05-13t120748z_1_lynxmpeh4c0ll_rtroptp_4_ormed-israel-gaza-tropas.jpg","articleSection":["Internacional"],"inLanguage":"pt-BR","potentialAction":[{"@type":"CommentAction","name":"Comment","target":["https:\/\/regiaonews.net.br\/2022\/2021\/05\/13\/tropas-israelenses-se-posicionam-na-fronteira-da-faixa-de-gaza\/#respond"]}]},{"@type":"WebPage","@id":"https:\/\/regiaonews.net.br\/2022\/2021\/05\/13\/tropas-israelenses-se-posicionam-na-fronteira-da-faixa-de-gaza\/","url":"https:\/\/regiaonews.net.br\/2022\/2021\/05\/13\/tropas-israelenses-se-posicionam-na-fronteira-da-faixa-de-gaza\/","name":"Tropas israelenses se posicionam na fronteira da Faixa de Gaza - Regi\u00e3o News","isPartOf":{"@id":"https:\/\/regiaonews.net.br\/2022\/#website"},"primaryImageOfPage":{"@id":"https:\/\/regiaonews.net.br\/2022\/2021\/05\/13\/tropas-israelenses-se-posicionam-na-fronteira-da-faixa-de-gaza\/#primaryimage"},"image":{"@id":"https:\/\/regiaonews.net.br\/2022\/2021\/05\/13\/tropas-israelenses-se-posicionam-na-fronteira-da-faixa-de-gaza\/#primaryimage"},"thumbnailUrl":"https:\/\/regiaonews.net.br\/2022\/wp-content\/uploads\/2021\/05\/2021-05-13t120748z_1_lynxmpeh4c0ll_rtroptp_4_ormed-israel-gaza-tropas.jpg","datePublished":"2021-05-13T13:30:31+00:00","dateModified":"2021-05-13T13:37:26+00:00","breadcrumb":{"@id":"https:\/\/regiaonews.net.br\/2022\/2021\/05\/13\/tropas-israelenses-se-posicionam-na-fronteira-da-faixa-de-gaza\/#breadcrumb"},"inLanguage":"pt-BR","potentialAction":[{"@type":"ReadAction","target":["https:\/\/regiaonews.net.br\/2022\/2021\/05\/13\/tropas-israelenses-se-posicionam-na-fronteira-da-faixa-de-gaza\/"]}]},{"@type":"ImageObject","inLanguage":"pt-BR","@id":"https:\/\/regiaonews.net.br\/2022\/2021\/05\/13\/tropas-israelenses-se-posicionam-na-fronteira-da-faixa-de-gaza\/#primaryimage","url":"https:\/\/regiaonews.net.br\/2022\/wp-content\/uploads\/2021\/05\/2021-05-13t120748z_1_lynxmpeh4c0ll_rtroptp_4_ormed-israel-gaza-tropas.jpg","contentUrl":"https:\/\/regiaonews.net.br\/2022\/wp-content\/uploads\/2021\/05\/2021-05-13t120748z_1_lynxmpeh4c0ll_rtroptp_4_ormed-israel-gaza-tropas.jpg","width":1170,"height":700},{"@type":"BreadcrumbList","@id":"https:\/\/regiaonews.net.br\/2022\/2021\/05\/13\/tropas-israelenses-se-posicionam-na-fronteira-da-faixa-de-gaza\/#breadcrumb","itemListElement":[{"@type":"ListItem","position":1,"name":"In\u00edcio","item":"https:\/\/regiaonews.net.br\/2022\/"},{"@type":"ListItem","position":2,"name":"Tropas israelenses se posicionam na fronteira da Faixa de Gaza"}]},{"@type":"WebSite","@id":"https:\/\/regiaonews.net.br\/2022\/#website","url":"https:\/\/regiaonews.net.br\/2022\/","name":"Regi\u00e3o News","description":"Site de Not\u00edcias de Barretos e regi\u00e3o","publisher":{"@id":"https:\/\/regiaonews.net.br\/2022\/#organization"},"potentialAction":[{"@type":"SearchAction","target":{"@type":"EntryPoint","urlTemplate":"https:\/\/regiaonews.net.br\/2022\/?s={search_term_string}"},"query-input":{"@type":"PropertyValueSpecification","valueRequired":true,"valueName":"search_term_string"}}],"inLanguage":"pt-BR"},{"@type":"Organization","@id":"https:\/\/regiaonews.net.br\/2022\/#organization","name":"Regi\u00e3o News","url":"https:\/\/regiaonews.net.br\/2022\/","logo":{"@type":"ImageObject","inLanguage":"pt-BR","@id":"https:\/\/regiaonews.net.br\/2022\/#\/schema\/logo\/image\/","url":"https:\/\/regiaonews.net.br\/2022\/wp-content\/uploads\/2026\/03\/regiao-13-anos-scaled.jpg","contentUrl":"https:\/\/regiaonews.net.br\/2022\/wp-content\/uploads\/2026\/03\/regiao-13-anos-scaled.jpg","width":2560,"height":635,"caption":"Regi\u00e3o News"},"image":{"@id":"https:\/\/regiaonews.net.br\/2022\/#\/schema\/logo\/image\/"}},{"@type":"Person","@id":"https:\/\/regiaonews.net.br\/2022\/#\/schema\/person\/2d205a608a5aa97ac279d7a5e6d89ad8","name":"Roberto","image":{"@type":"ImageObject","inLanguage":"pt-BR","@id":"https:\/\/secure.gravatar.com\/avatar\/42749d8b712ff9d59ca93dc150494e5b55a44134482993f5baeb97e61b7ecc89?s=96&d=mm&r=g","url":"https:\/\/secure.gravatar.com\/avatar\/42749d8b712ff9d59ca93dc150494e5b55a44134482993f5baeb97e61b7ecc89?s=96&d=mm&r=g","contentUrl":"https:\/\/secure.gravatar.com\/avatar\/42749d8b712ff9d59ca93dc150494e5b55a44134482993f5baeb97e61b7ecc89?s=96&d=mm&r=g","caption":"Roberto"},"url":"https:\/\/regiaonews.net.br\/2022\/author\/roberto\/"}]}},"publishpress_future_action":{"enabled":false,"date":"2026-05-04 08:46:22","action":"change-status","newStatus":"draft","terms":[],"taxonomy":"category","extraData":[]},"publishpress_future_workflow_manual_trigger":{"enabledWorkflows":[]},"_links":{"self":[{"href":"https:\/\/regiaonews.net.br\/2022\/wp-json\/wp\/v2\/posts\/46888","targetHints":{"allow":["GET"]}}],"collection":[{"href":"https:\/\/regiaonews.net.br\/2022\/wp-json\/wp\/v2\/posts"}],"about":[{"href":"https:\/\/regiaonews.net.br\/2022\/wp-json\/wp\/v2\/types\/post"}],"author":[{"embeddable":true,"href":"https:\/\/regiaonews.net.br\/2022\/wp-json\/wp\/v2\/users\/2"}],"replies":[{"embeddable":true,"href":"https:\/\/regiaonews.net.br\/2022\/wp-json\/wp\/v2\/comments?post=46888"}],"version-history":[{"count":0,"href":"https:\/\/regiaonews.net.br\/2022\/wp-json\/wp\/v2\/posts\/46888\/revisions"}],"wp:featuredmedia":[{"embeddable":true,"href":"https:\/\/regiaonews.net.br\/2022\/wp-json\/wp\/v2\/media\/46889"}],"wp:attachment":[{"href":"https:\/\/regiaonews.net.br\/2022\/wp-json\/wp\/v2\/media?parent=46888"}],"wp:term":[{"taxonomy":"category","embeddable":true,"href":"https:\/\/regiaonews.net.br\/2022\/wp-json\/wp\/v2\/categories?post=46888"},{"taxonomy":"post_tag","embeddable":true,"href":"https:\/\/regiaonews.net.br\/2022\/wp-json\/wp\/v2\/tags?post=46888"}],"curies":[{"name":"wp","href":"https:\/\/api.w.org\/{rel}","templated":true}]}}