{"id":46880,"date":"2021-05-13T08:32:26","date_gmt":"2021-05-13T11:32:26","guid":{"rendered":"https:\/\/regiaonews.net.br\/2022\/?p=46880"},"modified":"2021-05-13T08:32:26","modified_gmt":"2021-05-13T11:32:26","slug":"ppa-e-ldo-projetos-sobre-planejamento-do-dinheiro-publico-sao-apresentados-na-camara","status":"publish","type":"post","link":"https:\/\/regiaonews.net.br\/2022\/2021\/05\/13\/ppa-e-ldo-projetos-sobre-planejamento-do-dinheiro-publico-sao-apresentados-na-camara\/","title":{"rendered":"PPA e LDO: Projetos sobre planejamento do dinheiro p\u00fablico s\u00e3o apresentados na C\u00e2mara"},"content":{"rendered":"<p><a href=\"https:\/\/regiaonews.net.br\/2022\/wp-content\/uploads\/2021\/05\/alta_1620856139609c4d4b193e0.jpg\"><img loading=\"lazy\" decoding=\"async\" class=\"alignnone size-medium wp-image-46881\" src=\"https:\/\/regiaonews.net.br\/2022\/wp-content\/uploads\/2021\/05\/alta_1620856139609c4d4b193e0-300x169.jpg\" alt=\"\" width=\"300\" height=\"169\" \/><\/a> <a href=\"https:\/\/regiaonews.net.br\/2022\/wp-content\/uploads\/2021\/05\/alta_1620856164609c4d64d5c18.jpg\"><img loading=\"lazy\" decoding=\"async\" class=\"alignnone size-medium wp-image-46882\" src=\"https:\/\/regiaonews.net.br\/2022\/wp-content\/uploads\/2021\/05\/alta_1620856164609c4d64d5c18-300x161.jpg\" alt=\"\" width=\"300\" height=\"161\" \/><\/a><\/p>\n<p>Devido \u00e0s medidas de preven\u00e7\u00e3o \u00e0 Covid-19 a Audi\u00eancia P\u00fablica ser\u00e1 realizada\u00a0por meio de videoconfer\u00eancia . A TV C\u00e2mara transmitiu ao vivo pelo canal 31.3, Facebook, Youtube e site.<\/p>\n<p>O\u00a0<strong>PPA (Plano Plurianual)<\/strong>, como o pr\u00f3prio nome diz, \u00e9 um planejamento, uma lei que define as metas e objetivos a serem realizados pelo Poder Executivo (Prefeitura) a m\u00e9dio prazo, ou seja, dentro de um per\u00edodo de quatro anos. O pr\u00f3ximo\u00a0PPA\u00a0ter\u00e1 in\u00edcio em\u00a02022\u00a0e seguir\u00e1 at\u00e9\u00a02025.<\/p>\n<p>&nbsp;<\/p>\n<p>A\u00a0<strong>LDO<\/strong>\u00a0\u00a0<strong>(Lei de Diretrizes Or\u00e7ament\u00e1rias)\u00a0<\/strong>\u00e9 um conjunto de\u00a0metas, a\u00e7\u00f5es e programas governamentais que a Prefeitura considera mais importantes para serem colocados em pr\u00e1tica\u00a0no ano seguinte, bem como a estimativa de custos. A Lei de Diretrizes Or\u00e7ament\u00e1rias serve como\u00a0<strong>orienta\u00e7\u00e3o<\/strong>\u00a0para a LOA (Lei Or\u00e7ament\u00e1ria Anual) 2022, ou seja, \u00e9 uma pr\u00e9via do Or\u00e7amento para o pr\u00f3ximo ano.<\/p>\n<p>&nbsp;<\/p>\n<p>Agora, os vereadores podem apresentar\u00a0\u201cEmendas Legislativas\u201d para alterar ou ajustar as aplica\u00e7\u00f5es do or\u00e7amento previstas no PPA e na LDO.<\/p>\n<p>&nbsp;<\/p>\n<p>A Audi\u00eancia P\u00fablica foi conduzida pelo Presidente da C\u00e2mara, vereador Paulo Correa (PL) e contou com a participa\u00e7\u00e3o dos vereadores Ricardo Bodinho (PP) [1\u00ba Secret\u00e1rio], Gabriel Uchida (DEM) [ 2\u00ba Secret\u00e1rio], Professor Adilson (PL) [ Presidente da Comiss\u00e3o de Finan\u00e7as], Juninho Bandeira (PL), Nestor Leonel (DEM) e Rodrigo Malaman (PSDB).<\/p>\n<p>&nbsp;<\/p>\n<p>&nbsp;<\/p>\n<p>&nbsp;<\/p>\n<hr \/>\n<p>&nbsp;<\/p>\n<p><strong>ENTENDA\u00a0<\/strong><\/p>\n<p>&nbsp;<\/p>\n<p>&nbsp;<\/p>\n<p>A convoca\u00e7\u00e3o da Audi\u00eancia P\u00fablica para discuss\u00e3o do PPA e LDO \u00e9 uma exig\u00eancia prevista pela\u00a0<a title=\"\" href=\"http:\/\/www.planalto.gov.br\/ccivil_03\/leis\/lcp\/lcp101.htm\" target=\"_blank\" rel=\"noopener\" data-original-title=\"\"><strong>Lei Complementar Federal n\u00ba 101, de 04 de maio de 2000<\/strong><\/a>, conhecida como Lei de Responsabilidade Fiscal.<\/p>\n<p>&nbsp;<\/p>\n<p>No Cap\u00edtulo IX dessa lei, que trata da\u00a0DA TRANSPAR\u00caNCIA, CONTROLE E FISCALIZA\u00c7\u00c3O &#8211; Se\u00e7\u00e3o I &#8211; Da Transpar\u00eancia da Gest\u00e3o Fiscal, diz o seguinte:<\/p>\n<p>&nbsp;<\/p>\n<p><strong>&#8220;<\/strong><em><strong>Art. 48\u00a0\u00a0<\/strong><\/em>\u00a0<em>&#8211; \u00a0\u00a0 S\u00e3o instrumentos de transpar\u00eancia da gest\u00e3o fiscal, aos quais ser\u00e1 dada ampla divulga\u00e7\u00e3o, inclusive em meios eletr\u00f4nicos de acesso p\u00fablico: os planos, or\u00e7amentos e leis de diretrizes or\u00e7ament\u00e1rias; as presta\u00e7\u00f5es de contas e o respectivo parecer pr\u00e9vio; o Relat\u00f3rio Resumido da Execu\u00e7\u00e3o Or\u00e7ament\u00e1ria e o Relat\u00f3rio de Gest\u00e3o Fiscal; e as vers\u00f5es simplificadas desses documentos.<\/em><\/p>\n<p>&nbsp;<\/p>\n<p><em><strong>Par\u00e1grafo \u00fanico &#8211;<\/strong><\/em>\u00a0<em>A transpar\u00eancia ser\u00e1 assegurada tamb\u00e9m mediante:<\/em><\/p>\n<p><em>I \u2013 incentivo \u00e0 participa\u00e7\u00e3o popular e realiza\u00e7\u00e3o de audi\u00eancias p\u00fablicas, durante os processos de elabora\u00e7\u00e3o e discuss\u00e3o dos planos, lei de diretrizes or\u00e7ament\u00e1rias e or\u00e7amentos;\u00a0<\/em><\/p>\n<p>&nbsp;<\/p>\n<p>&nbsp;<\/p>\n<p>Para complementar as discuss\u00f5es sobre PPA e LDO, em cumprimento ao\u00a0<a title=\"\" href=\"http:\/\/www.planalto.gov.br\/ccivil_03\/leis\/lcp\/lcp101.htm\" target=\"_blank\" rel=\"noopener\" data-original-title=\"\"><strong>Par\u00e1grafo \u00danico do Art. 45 da Lei Complementar 101\/2000<\/strong><\/a>, o Munic\u00edpio precisa encaminhar ao Poder Legislativo o\u00a0<strong><a title=\"\" href=\"https:\/\/drive.google.com\/file\/d\/1rQOUBgwXybrua8IGSHHVSqHwAau51o6m\/view?usp=sharing\" target=\"_blank\" rel=\"noopener\" data-original-title=\"\">RELAT\u00d3RIO DE OBRAS MUNICIPAIS EM ANDAMENTO NO EXERC\u00cdCIO DE 2021<\/a>.<\/strong><\/p>\n<p>&nbsp;<\/p>\n<p>Este ano, a\u00a0<strong>\u00a0LDO e o PPA<\/strong>\u00a0est\u00e3o sendo discutidos por meio dos\u00a0<a title=\"\" href=\"http:\/\/consulta.camarabarretos.sp.gov.br\/Documentos\/Documento\/357387\" target=\"_blank\" rel=\"noopener\" data-original-title=\"\"><strong>Projetos de Lei n\u00ba\u00a074\/2021<\/strong><\/a>\u00a0e\u00a0<a title=\"\" href=\"http:\/\/consulta.camarabarretos.sp.gov.br\/Documentos\/Documento\/357388\" target=\"_blank\" rel=\"noopener\" data-original-title=\"\"><strong>75\/2021<\/strong><\/a>,\u00a0respectivamente. Os dois projetos precisam\u00a0ser aprovados<strong>\u00a0at\u00e9 o dia 30 junho<\/strong>\u00a0deste ano &#8211; \u00a0antes do recesso da C\u00e2mara Municipal. Os vereadores n\u00e3o podem entrar em recesso parlamentar sem que os dois projetos sejam aprovados.<\/p>\n<p>&nbsp;<\/p>\n<p>J\u00e1 o<strong>\u00a0Projeto de Lei que vai discutir a LOA para 2022\u00a0<\/strong>dever\u00e1 ser elaborado pelo Prefeito e enviado \u00e0 C\u00e2mara em setembro. A LOA tem prazo para ser aprovada at\u00e9 dezembro.<\/p>\n<p>&nbsp;<\/p>\n<hr \/>\n<p>&nbsp;<\/p>\n<p>&nbsp;<\/p>\n<p><strong>SAIBA MAIS<\/strong><\/p>\n<p>&nbsp;<\/p>\n<p>&nbsp;<\/p>\n<p>O\u00a0<strong>PPA (Plano Plurianual)<\/strong>, como o pr\u00f3prio nome diz, \u00e9 um planejamento, uma lei que define as metas e objetivos a serem realizados pelo Poder Executivo (Prefeitura) a m\u00e9dio prazo, ou seja, dentro de um per\u00edodo de quatro anos. O PPA em vigor teve in\u00edcio em 2018 e termina em 2021.<\/p>\n<p>&nbsp;<\/p>\n<p>A\u00a0<strong>LDO (Lei de Diretrizes Or\u00e7ament\u00e1rias)\u00a0<\/strong>\u00e9\u00a0uma lei que indica e orienta quais s\u00e3o as prioridades da Prefeitura para o ano seguinte, j\u00e1 que nem todas as metas previstas no PPA podem ser atingidas num curto per\u00edodo de tempo. \u00c9 uma lei que fixa e determina quais dever\u00e3o ser as a\u00e7\u00f5es mais importantes a serem observadas pelo Poder Executivo na elabora\u00e7\u00e3o da chamada LOA (Lei Or\u00e7ament\u00e1ria Anual).<\/p>\n<p>&nbsp;<\/p>\n<p>J\u00e1 a\u00a0<strong>LOA (Lei Or\u00e7ament\u00e1ria Anual)<\/strong>\u00a0define o que realmente ser\u00e1 executado pelo munic\u00edpio no per\u00edodo de 1(um) ano, ou seja, ela define &#8216;onde?&#8217;, &#8216;como?&#8217;, &#8216;de que forma?&#8217; o total de arrecada\u00e7\u00f5es (or\u00e7amento) ser\u00e1 gasto ou investido em cada \u00e1rea \u00a0(Secretarias Municipais, C\u00e2mara, SAAE e Instituto de Previd\u00eancia) a partir das prioridades fixadas pela LDO.<\/p>\n","protected":false},"excerpt":{"rendered":"<p>Devido \u00e0s medidas de preven\u00e7\u00e3o \u00e0 Covid-19 a Audi\u00eancia P\u00fablica<\/p>\n","protected":false},"author":2,"featured_media":46881,"comment_status":"open","ping_status":"open","sticky":false,"template":"","format":"standard","meta":{"footnotes":""},"categories":[14,25,22],"tags":[],"class_list":["post-46880","post","type-post","status-publish","format-standard","has-post-thumbnail","hentry","category-barretos","category-cidades","category-politica"],"yoast_head":"<!-- This site is optimized with the Yoast SEO plugin v27.4 - https:\/\/yoast.com\/product\/yoast-seo-wordpress\/ -->\n<title>PPA e LDO: Projetos sobre planejamento do dinheiro p\u00fablico s\u00e3o apresentados na C\u00e2mara - Regi\u00e3o News<\/title>\n<meta name=\"robots\" content=\"index, follow, max-snippet:-1, max-image-preview:large, max-video-preview:-1\" \/>\n<link rel=\"canonical\" href=\"https:\/\/regiaonews.net.br\/2022\/2021\/05\/13\/ppa-e-ldo-projetos-sobre-planejamento-do-dinheiro-publico-sao-apresentados-na-camara\/\" \/>\n<meta property=\"og:locale\" content=\"pt_BR\" \/>\n<meta property=\"og:type\" content=\"article\" \/>\n<meta property=\"og:title\" content=\"PPA e LDO: Projetos sobre planejamento do dinheiro p\u00fablico s\u00e3o apresentados na C\u00e2mara - Regi\u00e3o News\" \/>\n<meta property=\"og:description\" content=\"Devido \u00e0s medidas de preven\u00e7\u00e3o \u00e0 Covid-19 a Audi\u00eancia P\u00fablica\" \/>\n<meta property=\"og:url\" content=\"https:\/\/regiaonews.net.br\/2022\/2021\/05\/13\/ppa-e-ldo-projetos-sobre-planejamento-do-dinheiro-publico-sao-apresentados-na-camara\/\" \/>\n<meta property=\"og:site_name\" content=\"Regi\u00e3o News\" \/>\n<meta property=\"article:published_time\" content=\"2021-05-13T11:32:26+00:00\" \/>\n<meta property=\"og:image\" content=\"https:\/\/regiaonews.net.br\/2022\/wp-content\/uploads\/2021\/05\/alta_1620856139609c4d4b193e0.jpg\" \/>\n\t<meta property=\"og:image:width\" content=\"1280\" \/>\n\t<meta property=\"og:image:height\" content=\"720\" \/>\n\t<meta property=\"og:image:type\" content=\"image\/jpeg\" \/>\n<meta name=\"author\" content=\"Roberto\" \/>\n<meta name=\"twitter:card\" content=\"summary_large_image\" \/>\n<meta name=\"twitter:label1\" content=\"Escrito por\" \/>\n\t<meta name=\"twitter:data1\" content=\"Roberto\" \/>\n\t<meta name=\"twitter:label2\" content=\"Est. tempo de leitura\" \/>\n\t<meta name=\"twitter:data2\" content=\"4 minutos\" \/>\n<script type=\"application\/ld+json\" class=\"yoast-schema-graph\">{\"@context\":\"https:\\\/\\\/schema.org\",\"@graph\":[{\"@type\":\"Article\",\"@id\":\"https:\\\/\\\/regiaonews.net.br\\\/2022\\\/2021\\\/05\\\/13\\\/ppa-e-ldo-projetos-sobre-planejamento-do-dinheiro-publico-sao-apresentados-na-camara\\\/#article\",\"isPartOf\":{\"@id\":\"https:\\\/\\\/regiaonews.net.br\\\/2022\\\/2021\\\/05\\\/13\\\/ppa-e-ldo-projetos-sobre-planejamento-do-dinheiro-publico-sao-apresentados-na-camara\\\/\"},\"author\":{\"name\":\"Roberto\",\"@id\":\"https:\\\/\\\/regiaonews.net.br\\\/2022\\\/#\\\/schema\\\/person\\\/2d205a608a5aa97ac279d7a5e6d89ad8\"},\"headline\":\"PPA e LDO: Projetos sobre planejamento do dinheiro p\u00fablico s\u00e3o apresentados na C\u00e2mara\",\"datePublished\":\"2021-05-13T11:32:26+00:00\",\"mainEntityOfPage\":{\"@id\":\"https:\\\/\\\/regiaonews.net.br\\\/2022\\\/2021\\\/05\\\/13\\\/ppa-e-ldo-projetos-sobre-planejamento-do-dinheiro-publico-sao-apresentados-na-camara\\\/\"},\"wordCount\":775,\"commentCount\":0,\"publisher\":{\"@id\":\"https:\\\/\\\/regiaonews.net.br\\\/2022\\\/#organization\"},\"image\":{\"@id\":\"https:\\\/\\\/regiaonews.net.br\\\/2022\\\/2021\\\/05\\\/13\\\/ppa-e-ldo-projetos-sobre-planejamento-do-dinheiro-publico-sao-apresentados-na-camara\\\/#primaryimage\"},\"thumbnailUrl\":\"https:\\\/\\\/regiaonews.net.br\\\/2022\\\/wp-content\\\/uploads\\\/2021\\\/05\\\/alta_1620856139609c4d4b193e0.jpg\",\"articleSection\":[\"Barretos\",\"Cidades\",\"Pol\u00edtica\"],\"inLanguage\":\"pt-BR\",\"potentialAction\":[{\"@type\":\"CommentAction\",\"name\":\"Comment\",\"target\":[\"https:\\\/\\\/regiaonews.net.br\\\/2022\\\/2021\\\/05\\\/13\\\/ppa-e-ldo-projetos-sobre-planejamento-do-dinheiro-publico-sao-apresentados-na-camara\\\/#respond\"]}]},{\"@type\":\"WebPage\",\"@id\":\"https:\\\/\\\/regiaonews.net.br\\\/2022\\\/2021\\\/05\\\/13\\\/ppa-e-ldo-projetos-sobre-planejamento-do-dinheiro-publico-sao-apresentados-na-camara\\\/\",\"url\":\"https:\\\/\\\/regiaonews.net.br\\\/2022\\\/2021\\\/05\\\/13\\\/ppa-e-ldo-projetos-sobre-planejamento-do-dinheiro-publico-sao-apresentados-na-camara\\\/\",\"name\":\"PPA e LDO: Projetos sobre planejamento do dinheiro p\u00fablico s\u00e3o apresentados na C\u00e2mara - Regi\u00e3o News\",\"isPartOf\":{\"@id\":\"https:\\\/\\\/regiaonews.net.br\\\/2022\\\/#website\"},\"primaryImageOfPage\":{\"@id\":\"https:\\\/\\\/regiaonews.net.br\\\/2022\\\/2021\\\/05\\\/13\\\/ppa-e-ldo-projetos-sobre-planejamento-do-dinheiro-publico-sao-apresentados-na-camara\\\/#primaryimage\"},\"image\":{\"@id\":\"https:\\\/\\\/regiaonews.net.br\\\/2022\\\/2021\\\/05\\\/13\\\/ppa-e-ldo-projetos-sobre-planejamento-do-dinheiro-publico-sao-apresentados-na-camara\\\/#primaryimage\"},\"thumbnailUrl\":\"https:\\\/\\\/regiaonews.net.br\\\/2022\\\/wp-content\\\/uploads\\\/2021\\\/05\\\/alta_1620856139609c4d4b193e0.jpg\",\"datePublished\":\"2021-05-13T11:32:26+00:00\",\"breadcrumb\":{\"@id\":\"https:\\\/\\\/regiaonews.net.br\\\/2022\\\/2021\\\/05\\\/13\\\/ppa-e-ldo-projetos-sobre-planejamento-do-dinheiro-publico-sao-apresentados-na-camara\\\/#breadcrumb\"},\"inLanguage\":\"pt-BR\",\"potentialAction\":[{\"@type\":\"ReadAction\",\"target\":[\"https:\\\/\\\/regiaonews.net.br\\\/2022\\\/2021\\\/05\\\/13\\\/ppa-e-ldo-projetos-sobre-planejamento-do-dinheiro-publico-sao-apresentados-na-camara\\\/\"]}]},{\"@type\":\"ImageObject\",\"inLanguage\":\"pt-BR\",\"@id\":\"https:\\\/\\\/regiaonews.net.br\\\/2022\\\/2021\\\/05\\\/13\\\/ppa-e-ldo-projetos-sobre-planejamento-do-dinheiro-publico-sao-apresentados-na-camara\\\/#primaryimage\",\"url\":\"https:\\\/\\\/regiaonews.net.br\\\/2022\\\/wp-content\\\/uploads\\\/2021\\\/05\\\/alta_1620856139609c4d4b193e0.jpg\",\"contentUrl\":\"https:\\\/\\\/regiaonews.net.br\\\/2022\\\/wp-content\\\/uploads\\\/2021\\\/05\\\/alta_1620856139609c4d4b193e0.jpg\",\"width\":1280,\"height\":720},{\"@type\":\"BreadcrumbList\",\"@id\":\"https:\\\/\\\/regiaonews.net.br\\\/2022\\\/2021\\\/05\\\/13\\\/ppa-e-ldo-projetos-sobre-planejamento-do-dinheiro-publico-sao-apresentados-na-camara\\\/#breadcrumb\",\"itemListElement\":[{\"@type\":\"ListItem\",\"position\":1,\"name\":\"In\u00edcio\",\"item\":\"https:\\\/\\\/regiaonews.net.br\\\/2022\\\/\"},{\"@type\":\"ListItem\",\"position\":2,\"name\":\"PPA e LDO: Projetos sobre planejamento do dinheiro p\u00fablico s\u00e3o apresentados na C\u00e2mara\"}]},{\"@type\":\"WebSite\",\"@id\":\"https:\\\/\\\/regiaonews.net.br\\\/2022\\\/#website\",\"url\":\"https:\\\/\\\/regiaonews.net.br\\\/2022\\\/\",\"name\":\"Regi\u00e3o News\",\"description\":\"Site de Not\u00edcias de Barretos e regi\u00e3o\",\"publisher\":{\"@id\":\"https:\\\/\\\/regiaonews.net.br\\\/2022\\\/#organization\"},\"potentialAction\":[{\"@type\":\"SearchAction\",\"target\":{\"@type\":\"EntryPoint\",\"urlTemplate\":\"https:\\\/\\\/regiaonews.net.br\\\/2022\\\/?s={search_term_string}\"},\"query-input\":{\"@type\":\"PropertyValueSpecification\",\"valueRequired\":true,\"valueName\":\"search_term_string\"}}],\"inLanguage\":\"pt-BR\"},{\"@type\":\"Organization\",\"@id\":\"https:\\\/\\\/regiaonews.net.br\\\/2022\\\/#organization\",\"name\":\"Regi\u00e3o News\",\"url\":\"https:\\\/\\\/regiaonews.net.br\\\/2022\\\/\",\"logo\":{\"@type\":\"ImageObject\",\"inLanguage\":\"pt-BR\",\"@id\":\"https:\\\/\\\/regiaonews.net.br\\\/2022\\\/#\\\/schema\\\/logo\\\/image\\\/\",\"url\":\"https:\\\/\\\/regiaonews.net.br\\\/2022\\\/wp-content\\\/uploads\\\/2026\\\/03\\\/regiao-13-anos-scaled.jpg\",\"contentUrl\":\"https:\\\/\\\/regiaonews.net.br\\\/2022\\\/wp-content\\\/uploads\\\/2026\\\/03\\\/regiao-13-anos-scaled.jpg\",\"width\":2560,\"height\":635,\"caption\":\"Regi\u00e3o News\"},\"image\":{\"@id\":\"https:\\\/\\\/regiaonews.net.br\\\/2022\\\/#\\\/schema\\\/logo\\\/image\\\/\"}},{\"@type\":\"Person\",\"@id\":\"https:\\\/\\\/regiaonews.net.br\\\/2022\\\/#\\\/schema\\\/person\\\/2d205a608a5aa97ac279d7a5e6d89ad8\",\"name\":\"Roberto\",\"image\":{\"@type\":\"ImageObject\",\"inLanguage\":\"pt-BR\",\"@id\":\"https:\\\/\\\/secure.gravatar.com\\\/avatar\\\/42749d8b712ff9d59ca93dc150494e5b55a44134482993f5baeb97e61b7ecc89?s=96&d=mm&r=g\",\"url\":\"https:\\\/\\\/secure.gravatar.com\\\/avatar\\\/42749d8b712ff9d59ca93dc150494e5b55a44134482993f5baeb97e61b7ecc89?s=96&d=mm&r=g\",\"contentUrl\":\"https:\\\/\\\/secure.gravatar.com\\\/avatar\\\/42749d8b712ff9d59ca93dc150494e5b55a44134482993f5baeb97e61b7ecc89?s=96&d=mm&r=g\",\"caption\":\"Roberto\"},\"url\":\"https:\\\/\\\/regiaonews.net.br\\\/2022\\\/author\\\/roberto\\\/\"}]}<\/script>\n<!-- \/ Yoast SEO plugin. -->","yoast_head_json":{"title":"PPA e LDO: Projetos sobre planejamento do dinheiro p\u00fablico s\u00e3o apresentados na C\u00e2mara - Regi\u00e3o News","robots":{"index":"index","follow":"follow","max-snippet":"max-snippet:-1","max-image-preview":"max-image-preview:large","max-video-preview":"max-video-preview:-1"},"canonical":"https:\/\/regiaonews.net.br\/2022\/2021\/05\/13\/ppa-e-ldo-projetos-sobre-planejamento-do-dinheiro-publico-sao-apresentados-na-camara\/","og_locale":"pt_BR","og_type":"article","og_title":"PPA e LDO: Projetos sobre planejamento do dinheiro p\u00fablico s\u00e3o apresentados na C\u00e2mara - Regi\u00e3o News","og_description":"Devido \u00e0s medidas de preven\u00e7\u00e3o \u00e0 Covid-19 a Audi\u00eancia P\u00fablica","og_url":"https:\/\/regiaonews.net.br\/2022\/2021\/05\/13\/ppa-e-ldo-projetos-sobre-planejamento-do-dinheiro-publico-sao-apresentados-na-camara\/","og_site_name":"Regi\u00e3o News","article_published_time":"2021-05-13T11:32:26+00:00","og_image":[{"width":1280,"height":720,"url":"https:\/\/regiaonews.net.br\/2022\/wp-content\/uploads\/2021\/05\/alta_1620856139609c4d4b193e0.jpg","type":"image\/jpeg"}],"author":"Roberto","twitter_card":"summary_large_image","twitter_misc":{"Escrito por":"Roberto","Est. tempo de leitura":"4 minutos"},"schema":{"@context":"https:\/\/schema.org","@graph":[{"@type":"Article","@id":"https:\/\/regiaonews.net.br\/2022\/2021\/05\/13\/ppa-e-ldo-projetos-sobre-planejamento-do-dinheiro-publico-sao-apresentados-na-camara\/#article","isPartOf":{"@id":"https:\/\/regiaonews.net.br\/2022\/2021\/05\/13\/ppa-e-ldo-projetos-sobre-planejamento-do-dinheiro-publico-sao-apresentados-na-camara\/"},"author":{"name":"Roberto","@id":"https:\/\/regiaonews.net.br\/2022\/#\/schema\/person\/2d205a608a5aa97ac279d7a5e6d89ad8"},"headline":"PPA e LDO: Projetos sobre planejamento do dinheiro p\u00fablico s\u00e3o apresentados na C\u00e2mara","datePublished":"2021-05-13T11:32:26+00:00","mainEntityOfPage":{"@id":"https:\/\/regiaonews.net.br\/2022\/2021\/05\/13\/ppa-e-ldo-projetos-sobre-planejamento-do-dinheiro-publico-sao-apresentados-na-camara\/"},"wordCount":775,"commentCount":0,"publisher":{"@id":"https:\/\/regiaonews.net.br\/2022\/#organization"},"image":{"@id":"https:\/\/regiaonews.net.br\/2022\/2021\/05\/13\/ppa-e-ldo-projetos-sobre-planejamento-do-dinheiro-publico-sao-apresentados-na-camara\/#primaryimage"},"thumbnailUrl":"https:\/\/regiaonews.net.br\/2022\/wp-content\/uploads\/2021\/05\/alta_1620856139609c4d4b193e0.jpg","articleSection":["Barretos","Cidades","Pol\u00edtica"],"inLanguage":"pt-BR","potentialAction":[{"@type":"CommentAction","name":"Comment","target":["https:\/\/regiaonews.net.br\/2022\/2021\/05\/13\/ppa-e-ldo-projetos-sobre-planejamento-do-dinheiro-publico-sao-apresentados-na-camara\/#respond"]}]},{"@type":"WebPage","@id":"https:\/\/regiaonews.net.br\/2022\/2021\/05\/13\/ppa-e-ldo-projetos-sobre-planejamento-do-dinheiro-publico-sao-apresentados-na-camara\/","url":"https:\/\/regiaonews.net.br\/2022\/2021\/05\/13\/ppa-e-ldo-projetos-sobre-planejamento-do-dinheiro-publico-sao-apresentados-na-camara\/","name":"PPA e LDO: Projetos sobre planejamento do dinheiro p\u00fablico s\u00e3o apresentados na C\u00e2mara - Regi\u00e3o News","isPartOf":{"@id":"https:\/\/regiaonews.net.br\/2022\/#website"},"primaryImageOfPage":{"@id":"https:\/\/regiaonews.net.br\/2022\/2021\/05\/13\/ppa-e-ldo-projetos-sobre-planejamento-do-dinheiro-publico-sao-apresentados-na-camara\/#primaryimage"},"image":{"@id":"https:\/\/regiaonews.net.br\/2022\/2021\/05\/13\/ppa-e-ldo-projetos-sobre-planejamento-do-dinheiro-publico-sao-apresentados-na-camara\/#primaryimage"},"thumbnailUrl":"https:\/\/regiaonews.net.br\/2022\/wp-content\/uploads\/2021\/05\/alta_1620856139609c4d4b193e0.jpg","datePublished":"2021-05-13T11:32:26+00:00","breadcrumb":{"@id":"https:\/\/regiaonews.net.br\/2022\/2021\/05\/13\/ppa-e-ldo-projetos-sobre-planejamento-do-dinheiro-publico-sao-apresentados-na-camara\/#breadcrumb"},"inLanguage":"pt-BR","potentialAction":[{"@type":"ReadAction","target":["https:\/\/regiaonews.net.br\/2022\/2021\/05\/13\/ppa-e-ldo-projetos-sobre-planejamento-do-dinheiro-publico-sao-apresentados-na-camara\/"]}]},{"@type":"ImageObject","inLanguage":"pt-BR","@id":"https:\/\/regiaonews.net.br\/2022\/2021\/05\/13\/ppa-e-ldo-projetos-sobre-planejamento-do-dinheiro-publico-sao-apresentados-na-camara\/#primaryimage","url":"https:\/\/regiaonews.net.br\/2022\/wp-content\/uploads\/2021\/05\/alta_1620856139609c4d4b193e0.jpg","contentUrl":"https:\/\/regiaonews.net.br\/2022\/wp-content\/uploads\/2021\/05\/alta_1620856139609c4d4b193e0.jpg","width":1280,"height":720},{"@type":"BreadcrumbList","@id":"https:\/\/regiaonews.net.br\/2022\/2021\/05\/13\/ppa-e-ldo-projetos-sobre-planejamento-do-dinheiro-publico-sao-apresentados-na-camara\/#breadcrumb","itemListElement":[{"@type":"ListItem","position":1,"name":"In\u00edcio","item":"https:\/\/regiaonews.net.br\/2022\/"},{"@type":"ListItem","position":2,"name":"PPA e LDO: Projetos sobre planejamento do dinheiro p\u00fablico s\u00e3o apresentados na C\u00e2mara"}]},{"@type":"WebSite","@id":"https:\/\/regiaonews.net.br\/2022\/#website","url":"https:\/\/regiaonews.net.br\/2022\/","name":"Regi\u00e3o News","description":"Site de Not\u00edcias de Barretos e regi\u00e3o","publisher":{"@id":"https:\/\/regiaonews.net.br\/2022\/#organization"},"potentialAction":[{"@type":"SearchAction","target":{"@type":"EntryPoint","urlTemplate":"https:\/\/regiaonews.net.br\/2022\/?s={search_term_string}"},"query-input":{"@type":"PropertyValueSpecification","valueRequired":true,"valueName":"search_term_string"}}],"inLanguage":"pt-BR"},{"@type":"Organization","@id":"https:\/\/regiaonews.net.br\/2022\/#organization","name":"Regi\u00e3o News","url":"https:\/\/regiaonews.net.br\/2022\/","logo":{"@type":"ImageObject","inLanguage":"pt-BR","@id":"https:\/\/regiaonews.net.br\/2022\/#\/schema\/logo\/image\/","url":"https:\/\/regiaonews.net.br\/2022\/wp-content\/uploads\/2026\/03\/regiao-13-anos-scaled.jpg","contentUrl":"https:\/\/regiaonews.net.br\/2022\/wp-content\/uploads\/2026\/03\/regiao-13-anos-scaled.jpg","width":2560,"height":635,"caption":"Regi\u00e3o News"},"image":{"@id":"https:\/\/regiaonews.net.br\/2022\/#\/schema\/logo\/image\/"}},{"@type":"Person","@id":"https:\/\/regiaonews.net.br\/2022\/#\/schema\/person\/2d205a608a5aa97ac279d7a5e6d89ad8","name":"Roberto","image":{"@type":"ImageObject","inLanguage":"pt-BR","@id":"https:\/\/secure.gravatar.com\/avatar\/42749d8b712ff9d59ca93dc150494e5b55a44134482993f5baeb97e61b7ecc89?s=96&d=mm&r=g","url":"https:\/\/secure.gravatar.com\/avatar\/42749d8b712ff9d59ca93dc150494e5b55a44134482993f5baeb97e61b7ecc89?s=96&d=mm&r=g","contentUrl":"https:\/\/secure.gravatar.com\/avatar\/42749d8b712ff9d59ca93dc150494e5b55a44134482993f5baeb97e61b7ecc89?s=96&d=mm&r=g","caption":"Roberto"},"url":"https:\/\/regiaonews.net.br\/2022\/author\/roberto\/"}]}},"publishpress_future_action":{"enabled":false,"date":"2026-05-04 08:46:20","action":"change-status","newStatus":"draft","terms":[],"taxonomy":"category","extraData":[]},"publishpress_future_workflow_manual_trigger":{"enabledWorkflows":[]},"_links":{"self":[{"href":"https:\/\/regiaonews.net.br\/2022\/wp-json\/wp\/v2\/posts\/46880","targetHints":{"allow":["GET"]}}],"collection":[{"href":"https:\/\/regiaonews.net.br\/2022\/wp-json\/wp\/v2\/posts"}],"about":[{"href":"https:\/\/regiaonews.net.br\/2022\/wp-json\/wp\/v2\/types\/post"}],"author":[{"embeddable":true,"href":"https:\/\/regiaonews.net.br\/2022\/wp-json\/wp\/v2\/users\/2"}],"replies":[{"embeddable":true,"href":"https:\/\/regiaonews.net.br\/2022\/wp-json\/wp\/v2\/comments?post=46880"}],"version-history":[{"count":0,"href":"https:\/\/regiaonews.net.br\/2022\/wp-json\/wp\/v2\/posts\/46880\/revisions"}],"wp:featuredmedia":[{"embeddable":true,"href":"https:\/\/regiaonews.net.br\/2022\/wp-json\/wp\/v2\/media\/46881"}],"wp:attachment":[{"href":"https:\/\/regiaonews.net.br\/2022\/wp-json\/wp\/v2\/media?parent=46880"}],"wp:term":[{"taxonomy":"category","embeddable":true,"href":"https:\/\/regiaonews.net.br\/2022\/wp-json\/wp\/v2\/categories?post=46880"},{"taxonomy":"post_tag","embeddable":true,"href":"https:\/\/regiaonews.net.br\/2022\/wp-json\/wp\/v2\/tags?post=46880"}],"curies":[{"name":"wp","href":"https:\/\/api.w.org\/{rel}","templated":true}]}}