{"id":46856,"date":"2021-05-12T16:20:53","date_gmt":"2021-05-12T19:20:53","guid":{"rendered":"https:\/\/regiaonews.net.br\/2022\/?p=46856"},"modified":"2021-05-12T16:20:53","modified_gmt":"2021-05-12T19:20:53","slug":"inscricoes-para-programa-de-estagio-da-tereos-entram-na-reta-final","status":"publish","type":"post","link":"https:\/\/regiaonews.net.br\/2022\/2021\/05\/12\/inscricoes-para-programa-de-estagio-da-tereos-entram-na-reta-final\/","title":{"rendered":"Inscri\u00e7\u00f5es para programa de est\u00e1gio da Tereos entram na reta final"},"content":{"rendered":"<p><em>Interessados t\u00eam at\u00e9 o dia 16 de maio para se inscrever \u00e0s vagas em oito unidades do Grupo<\/em><\/p>\n<p><a href=\"https:\/\/regiaonews.net.br\/2022\/wp-content\/uploads\/2021\/05\/TEREOS-OUT-19-INDUSTRIA-4.0-DRONE-1-6-scaled.jpg\"><img loading=\"lazy\" decoding=\"async\" class=\"size-medium wp-image-46857\" src=\"https:\/\/regiaonews.net.br\/2022\/wp-content\/uploads\/2021\/05\/TEREOS-OUT-19-INDUSTRIA-4.0-DRONE-1-6-300x169.jpg\" alt=\"\" width=\"300\" height=\"169\" \/><\/a><\/p>\n<p><strong>Ol\u00edmpia, 12\u00a0de maio de 2021 \u2013<\/strong> As inscri\u00e7\u00f5es para o programa de est\u00e1gio Jovens Talentos da Tereos se encerram no dia 16 de maio. H\u00e1 vagas para as oito unidades do Grupo, localizadas nas cidades de Colina, Guaraci, Gua\u00edra, Ol\u00edmpia, Pitangueiras, Sever\u00ednia, Tanabi e Palmital.<\/p>\n<p>&nbsp;<\/p>\n<p>Neste ano, o programa abre oportunidades para estudantes de v\u00e1rias \u00e1reas do ensino superior, entre elas: Administra\u00e7\u00e3o, Agronomia, Com\u00e9rcio Exterior, Contabilidade, Direito, Economia, Engenharia Agron\u00f4mica ou Agr\u00edcola, Engenharias em geral, Psicologia, Publicidade, Matem\u00e1tica. Ci\u00eancia da Computa\u00e7\u00e3o, Comunica\u00e7\u00e3o Social, Rela\u00e7\u00f5es Internacionais, Tecnologia da Informa\u00e7\u00e3o, Qu\u00edmica e Nutri\u00e7\u00e3o.<\/p>\n<p>&nbsp;<\/p>\n<p>Para se candidatar, \u00e9 preciso que os interessados possuam n\u00edvel intermedi\u00e1rio em ingl\u00eas ou franc\u00eas, al\u00e9m de dom\u00ednio em inform\u00e1tica, com habilidades em programas do pacote Office e internet, al\u00e9m de disponibilidade para estagiar seis horas por dia, de segunda a sexta-feira. As vagas dispon\u00edveis est\u00e3o distribu\u00eddas pelas mais diversas \u00e1reas da companhia, desde a opera\u00e7\u00e3o at\u00e9 fun\u00e7\u00f5es administrativas.<\/p>\n<p>&nbsp;<\/p>\n<p>O programa tem dura\u00e7\u00e3o de 11 meses e, durante o trabalho, os jovens podem participar de atividades como o Job Rotation, em que escolhem outras \u00e1reas da empresa para conhecer melhor durante o per\u00edodo de est\u00e1gio. Al\u00e9m disso, participam de trilhas de desenvolvimento, com din\u00e2micas de grupo e gamifica\u00e7\u00e3o.<\/p>\n<p>&nbsp;<\/p>\n<p>O Jovens Talentos ter\u00e1 in\u00edcio em agosto, com possibilidade de efetiva\u00e7\u00e3o ao t\u00e9rmino do programa. Entre os benef\u00edcios oferecidos pela Tereos est\u00e3o: bolsa-aux\u00edlio, plano de sa\u00fade, seguro de vida, transporte, refei\u00e7\u00f5es na empresa e vale-alimenta\u00e7\u00e3o.<\/p>\n<p>&nbsp;<\/p>\n<p><strong>Inscri\u00e7\u00e3o<\/strong><\/p>\n<p>Para se inscrever, os interessados dever\u00e3o acessar o portal, em <a href=\"https:\/\/bit.ly\/39R05ks\">https:\/\/bit.ly\/39R05ks<\/a>. O processo seletivo ser\u00e1 composto por provas on-line de racioc\u00ednio l\u00f3gico, idiomas (ingl\u00eas ou franc\u00eas) e conhecimentos gerais, al\u00e9m de v\u00eddeo entrevistas e entrevistas presenciais.<\/p>\n<p>&nbsp;<\/p>\n<p><strong>Sobre a Tereos<\/strong><\/p>\n<p><em>Com vis\u00e3o de longo prazo no processamento de mat\u00e9rias-primas agr\u00edcolas e desenvolvimento de produtos aliment\u00edcios de qualidade, a Tereos \u00e9 uma das l\u00edderes nos mercados de a\u00e7\u00facar, \u00e1lcool\/etanol e amidos. Os compromissos do Grupo com a sociedade e com o meio ambiente t\u00eam contribu\u00eddo com a performance da companhia no longo prazo, enquanto refor\u00e7a nossa atua\u00e7\u00e3o respons\u00e1vel. O Grupo cooperativo Tereos re\u00fane 12.000 agricultores e possui expertise reconhecida no processamento de beterraba, cana-de-a\u00e7\u00facar, cereais e batata. Com 48 unidades industriais, opera\u00e7\u00f5es em 18 pa\u00edses e o compromisso de 22.300 colaboradores, a Tereos atende seus clientes em seus mercados locais, com uma oferta ampla de produtos. Em 2019\/20, o Grupo obteve um faturamento de \u20ac 4,5 bilh\u00f5es.<\/em><\/p>\n<p>&nbsp;<\/p>\n<p><strong>Tereos no Brasil<\/strong><\/p>\n<p><em>A Tereos no Brasil \u00e9 composta pela Tereos A\u00e7\u00facar &amp; Energia Brasil, Tereos Amido &amp; Ado\u00e7antes Brasil e Tereos Commodities Brasil. No noroeste do Estado de S\u00e3o Paulo, a Tereos A\u00e7\u00facar &amp; Energia Brasil concentra suas sete unidades de processamento e duas refinarias. A Tereos Amido &amp; Ado\u00e7antes Brasil, com opera\u00e7\u00e3o em Palmital (SP), diversifica o portif\u00f3lio da Tereos Brasil com a fabrica\u00e7\u00e3o de produtos derivados de milho e mandioca. A Tereos Commodities opera como trading e possui escrit\u00f3rios em diversos pa\u00edses.<\/em><\/p>\n","protected":false},"excerpt":{"rendered":"<p>Interessados t\u00eam at\u00e9 o dia 16 de maio para se<\/p>\n","protected":false},"author":2,"featured_media":46857,"comment_status":"open","ping_status":"open","sticky":false,"template":"","format":"standard","meta":{"footnotes":""},"categories":[25,28],"tags":[],"class_list":["post-46856","post","type-post","status-publish","format-standard","has-post-thumbnail","hentry","category-cidades","category-olimpia-olimpia"],"yoast_head":"<!-- This site is optimized with the Yoast SEO plugin v27.4 - https:\/\/yoast.com\/product\/yoast-seo-wordpress\/ -->\n<title>Inscri\u00e7\u00f5es para programa de est\u00e1gio da Tereos entram na reta final - Regi\u00e3o News<\/title>\n<meta name=\"robots\" content=\"index, follow, max-snippet:-1, max-image-preview:large, max-video-preview:-1\" \/>\n<link rel=\"canonical\" href=\"https:\/\/regiaonews.net.br\/2022\/2021\/05\/12\/inscricoes-para-programa-de-estagio-da-tereos-entram-na-reta-final\/\" \/>\n<meta property=\"og:locale\" content=\"pt_BR\" \/>\n<meta property=\"og:type\" content=\"article\" \/>\n<meta property=\"og:title\" content=\"Inscri\u00e7\u00f5es para programa de est\u00e1gio da Tereos entram na reta final - Regi\u00e3o News\" \/>\n<meta property=\"og:description\" content=\"Interessados t\u00eam at\u00e9 o dia 16 de maio para se\" \/>\n<meta property=\"og:url\" content=\"https:\/\/regiaonews.net.br\/2022\/2021\/05\/12\/inscricoes-para-programa-de-estagio-da-tereos-entram-na-reta-final\/\" \/>\n<meta property=\"og:site_name\" content=\"Regi\u00e3o News\" \/>\n<meta property=\"article:published_time\" content=\"2021-05-12T19:20:53+00:00\" \/>\n<meta property=\"og:image\" content=\"https:\/\/regiaonews.net.br\/2022\/wp-content\/uploads\/2021\/05\/TEREOS-OUT-19-INDUSTRIA-4.0-DRONE-1-6-scaled.jpg\" \/>\n\t<meta property=\"og:image:width\" content=\"5472\" \/>\n\t<meta property=\"og:image:height\" content=\"3078\" \/>\n\t<meta property=\"og:image:type\" content=\"image\/jpeg\" \/>\n<meta name=\"author\" content=\"Roberto\" \/>\n<meta name=\"twitter:card\" content=\"summary_large_image\" \/>\n<meta name=\"twitter:label1\" content=\"Escrito por\" \/>\n\t<meta name=\"twitter:data1\" content=\"Roberto\" \/>\n\t<meta name=\"twitter:label2\" content=\"Est. tempo de leitura\" \/>\n\t<meta name=\"twitter:data2\" content=\"3 minutos\" \/>\n<script type=\"application\/ld+json\" class=\"yoast-schema-graph\">{\"@context\":\"https:\\\/\\\/schema.org\",\"@graph\":[{\"@type\":\"Article\",\"@id\":\"https:\\\/\\\/regiaonews.net.br\\\/2022\\\/2021\\\/05\\\/12\\\/inscricoes-para-programa-de-estagio-da-tereos-entram-na-reta-final\\\/#article\",\"isPartOf\":{\"@id\":\"https:\\\/\\\/regiaonews.net.br\\\/2022\\\/2021\\\/05\\\/12\\\/inscricoes-para-programa-de-estagio-da-tereos-entram-na-reta-final\\\/\"},\"author\":{\"name\":\"Roberto\",\"@id\":\"https:\\\/\\\/regiaonews.net.br\\\/2022\\\/#\\\/schema\\\/person\\\/2d205a608a5aa97ac279d7a5e6d89ad8\"},\"headline\":\"Inscri\u00e7\u00f5es para programa de est\u00e1gio da Tereos entram na reta final\",\"datePublished\":\"2021-05-12T19:20:53+00:00\",\"mainEntityOfPage\":{\"@id\":\"https:\\\/\\\/regiaonews.net.br\\\/2022\\\/2021\\\/05\\\/12\\\/inscricoes-para-programa-de-estagio-da-tereos-entram-na-reta-final\\\/\"},\"wordCount\":585,\"commentCount\":0,\"publisher\":{\"@id\":\"https:\\\/\\\/regiaonews.net.br\\\/2022\\\/#organization\"},\"image\":{\"@id\":\"https:\\\/\\\/regiaonews.net.br\\\/2022\\\/2021\\\/05\\\/12\\\/inscricoes-para-programa-de-estagio-da-tereos-entram-na-reta-final\\\/#primaryimage\"},\"thumbnailUrl\":\"https:\\\/\\\/regiaonews.net.br\\\/2022\\\/wp-content\\\/uploads\\\/2021\\\/05\\\/TEREOS-OUT-19-INDUSTRIA-4.0-DRONE-1-6-scaled.jpg\",\"articleSection\":[\"Cidades\",\"Olimpia\"],\"inLanguage\":\"pt-BR\",\"potentialAction\":[{\"@type\":\"CommentAction\",\"name\":\"Comment\",\"target\":[\"https:\\\/\\\/regiaonews.net.br\\\/2022\\\/2021\\\/05\\\/12\\\/inscricoes-para-programa-de-estagio-da-tereos-entram-na-reta-final\\\/#respond\"]}]},{\"@type\":\"WebPage\",\"@id\":\"https:\\\/\\\/regiaonews.net.br\\\/2022\\\/2021\\\/05\\\/12\\\/inscricoes-para-programa-de-estagio-da-tereos-entram-na-reta-final\\\/\",\"url\":\"https:\\\/\\\/regiaonews.net.br\\\/2022\\\/2021\\\/05\\\/12\\\/inscricoes-para-programa-de-estagio-da-tereos-entram-na-reta-final\\\/\",\"name\":\"Inscri\u00e7\u00f5es para programa de est\u00e1gio da Tereos entram na reta final - Regi\u00e3o News\",\"isPartOf\":{\"@id\":\"https:\\\/\\\/regiaonews.net.br\\\/2022\\\/#website\"},\"primaryImageOfPage\":{\"@id\":\"https:\\\/\\\/regiaonews.net.br\\\/2022\\\/2021\\\/05\\\/12\\\/inscricoes-para-programa-de-estagio-da-tereos-entram-na-reta-final\\\/#primaryimage\"},\"image\":{\"@id\":\"https:\\\/\\\/regiaonews.net.br\\\/2022\\\/2021\\\/05\\\/12\\\/inscricoes-para-programa-de-estagio-da-tereos-entram-na-reta-final\\\/#primaryimage\"},\"thumbnailUrl\":\"https:\\\/\\\/regiaonews.net.br\\\/2022\\\/wp-content\\\/uploads\\\/2021\\\/05\\\/TEREOS-OUT-19-INDUSTRIA-4.0-DRONE-1-6-scaled.jpg\",\"datePublished\":\"2021-05-12T19:20:53+00:00\",\"breadcrumb\":{\"@id\":\"https:\\\/\\\/regiaonews.net.br\\\/2022\\\/2021\\\/05\\\/12\\\/inscricoes-para-programa-de-estagio-da-tereos-entram-na-reta-final\\\/#breadcrumb\"},\"inLanguage\":\"pt-BR\",\"potentialAction\":[{\"@type\":\"ReadAction\",\"target\":[\"https:\\\/\\\/regiaonews.net.br\\\/2022\\\/2021\\\/05\\\/12\\\/inscricoes-para-programa-de-estagio-da-tereos-entram-na-reta-final\\\/\"]}]},{\"@type\":\"ImageObject\",\"inLanguage\":\"pt-BR\",\"@id\":\"https:\\\/\\\/regiaonews.net.br\\\/2022\\\/2021\\\/05\\\/12\\\/inscricoes-para-programa-de-estagio-da-tereos-entram-na-reta-final\\\/#primaryimage\",\"url\":\"https:\\\/\\\/regiaonews.net.br\\\/2022\\\/wp-content\\\/uploads\\\/2021\\\/05\\\/TEREOS-OUT-19-INDUSTRIA-4.0-DRONE-1-6-scaled.jpg\",\"contentUrl\":\"https:\\\/\\\/regiaonews.net.br\\\/2022\\\/wp-content\\\/uploads\\\/2021\\\/05\\\/TEREOS-OUT-19-INDUSTRIA-4.0-DRONE-1-6-scaled.jpg\",\"width\":5472,\"height\":3078,\"caption\":\"DCIM100MEDIADJI_0020.JPG\"},{\"@type\":\"BreadcrumbList\",\"@id\":\"https:\\\/\\\/regiaonews.net.br\\\/2022\\\/2021\\\/05\\\/12\\\/inscricoes-para-programa-de-estagio-da-tereos-entram-na-reta-final\\\/#breadcrumb\",\"itemListElement\":[{\"@type\":\"ListItem\",\"position\":1,\"name\":\"In\u00edcio\",\"item\":\"https:\\\/\\\/regiaonews.net.br\\\/2022\\\/\"},{\"@type\":\"ListItem\",\"position\":2,\"name\":\"Inscri\u00e7\u00f5es para programa de est\u00e1gio da Tereos entram na reta final\"}]},{\"@type\":\"WebSite\",\"@id\":\"https:\\\/\\\/regiaonews.net.br\\\/2022\\\/#website\",\"url\":\"https:\\\/\\\/regiaonews.net.br\\\/2022\\\/\",\"name\":\"Regi\u00e3o News\",\"description\":\"Site de Not\u00edcias de Barretos e regi\u00e3o\",\"publisher\":{\"@id\":\"https:\\\/\\\/regiaonews.net.br\\\/2022\\\/#organization\"},\"potentialAction\":[{\"@type\":\"SearchAction\",\"target\":{\"@type\":\"EntryPoint\",\"urlTemplate\":\"https:\\\/\\\/regiaonews.net.br\\\/2022\\\/?s={search_term_string}\"},\"query-input\":{\"@type\":\"PropertyValueSpecification\",\"valueRequired\":true,\"valueName\":\"search_term_string\"}}],\"inLanguage\":\"pt-BR\"},{\"@type\":\"Organization\",\"@id\":\"https:\\\/\\\/regiaonews.net.br\\\/2022\\\/#organization\",\"name\":\"Regi\u00e3o News\",\"url\":\"https:\\\/\\\/regiaonews.net.br\\\/2022\\\/\",\"logo\":{\"@type\":\"ImageObject\",\"inLanguage\":\"pt-BR\",\"@id\":\"https:\\\/\\\/regiaonews.net.br\\\/2022\\\/#\\\/schema\\\/logo\\\/image\\\/\",\"url\":\"https:\\\/\\\/regiaonews.net.br\\\/2022\\\/wp-content\\\/uploads\\\/2026\\\/03\\\/regiao-13-anos-scaled.jpg\",\"contentUrl\":\"https:\\\/\\\/regiaonews.net.br\\\/2022\\\/wp-content\\\/uploads\\\/2026\\\/03\\\/regiao-13-anos-scaled.jpg\",\"width\":2560,\"height\":635,\"caption\":\"Regi\u00e3o News\"},\"image\":{\"@id\":\"https:\\\/\\\/regiaonews.net.br\\\/2022\\\/#\\\/schema\\\/logo\\\/image\\\/\"}},{\"@type\":\"Person\",\"@id\":\"https:\\\/\\\/regiaonews.net.br\\\/2022\\\/#\\\/schema\\\/person\\\/2d205a608a5aa97ac279d7a5e6d89ad8\",\"name\":\"Roberto\",\"image\":{\"@type\":\"ImageObject\",\"inLanguage\":\"pt-BR\",\"@id\":\"https:\\\/\\\/secure.gravatar.com\\\/avatar\\\/42749d8b712ff9d59ca93dc150494e5b55a44134482993f5baeb97e61b7ecc89?s=96&d=mm&r=g\",\"url\":\"https:\\\/\\\/secure.gravatar.com\\\/avatar\\\/42749d8b712ff9d59ca93dc150494e5b55a44134482993f5baeb97e61b7ecc89?s=96&d=mm&r=g\",\"contentUrl\":\"https:\\\/\\\/secure.gravatar.com\\\/avatar\\\/42749d8b712ff9d59ca93dc150494e5b55a44134482993f5baeb97e61b7ecc89?s=96&d=mm&r=g\",\"caption\":\"Roberto\"},\"url\":\"https:\\\/\\\/regiaonews.net.br\\\/2022\\\/author\\\/roberto\\\/\"}]}<\/script>\n<!-- \/ Yoast SEO plugin. -->","yoast_head_json":{"title":"Inscri\u00e7\u00f5es para programa de est\u00e1gio da Tereos entram na reta final - Regi\u00e3o News","robots":{"index":"index","follow":"follow","max-snippet":"max-snippet:-1","max-image-preview":"max-image-preview:large","max-video-preview":"max-video-preview:-1"},"canonical":"https:\/\/regiaonews.net.br\/2022\/2021\/05\/12\/inscricoes-para-programa-de-estagio-da-tereos-entram-na-reta-final\/","og_locale":"pt_BR","og_type":"article","og_title":"Inscri\u00e7\u00f5es para programa de est\u00e1gio da Tereos entram na reta final - Regi\u00e3o News","og_description":"Interessados t\u00eam at\u00e9 o dia 16 de maio para se","og_url":"https:\/\/regiaonews.net.br\/2022\/2021\/05\/12\/inscricoes-para-programa-de-estagio-da-tereos-entram-na-reta-final\/","og_site_name":"Regi\u00e3o News","article_published_time":"2021-05-12T19:20:53+00:00","og_image":[{"width":5472,"height":3078,"url":"https:\/\/regiaonews.net.br\/2022\/wp-content\/uploads\/2021\/05\/TEREOS-OUT-19-INDUSTRIA-4.0-DRONE-1-6-scaled.jpg","type":"image\/jpeg"}],"author":"Roberto","twitter_card":"summary_large_image","twitter_misc":{"Escrito por":"Roberto","Est. tempo de leitura":"3 minutos"},"schema":{"@context":"https:\/\/schema.org","@graph":[{"@type":"Article","@id":"https:\/\/regiaonews.net.br\/2022\/2021\/05\/12\/inscricoes-para-programa-de-estagio-da-tereos-entram-na-reta-final\/#article","isPartOf":{"@id":"https:\/\/regiaonews.net.br\/2022\/2021\/05\/12\/inscricoes-para-programa-de-estagio-da-tereos-entram-na-reta-final\/"},"author":{"name":"Roberto","@id":"https:\/\/regiaonews.net.br\/2022\/#\/schema\/person\/2d205a608a5aa97ac279d7a5e6d89ad8"},"headline":"Inscri\u00e7\u00f5es para programa de est\u00e1gio da Tereos entram na reta final","datePublished":"2021-05-12T19:20:53+00:00","mainEntityOfPage":{"@id":"https:\/\/regiaonews.net.br\/2022\/2021\/05\/12\/inscricoes-para-programa-de-estagio-da-tereos-entram-na-reta-final\/"},"wordCount":585,"commentCount":0,"publisher":{"@id":"https:\/\/regiaonews.net.br\/2022\/#organization"},"image":{"@id":"https:\/\/regiaonews.net.br\/2022\/2021\/05\/12\/inscricoes-para-programa-de-estagio-da-tereos-entram-na-reta-final\/#primaryimage"},"thumbnailUrl":"https:\/\/regiaonews.net.br\/2022\/wp-content\/uploads\/2021\/05\/TEREOS-OUT-19-INDUSTRIA-4.0-DRONE-1-6-scaled.jpg","articleSection":["Cidades","Olimpia"],"inLanguage":"pt-BR","potentialAction":[{"@type":"CommentAction","name":"Comment","target":["https:\/\/regiaonews.net.br\/2022\/2021\/05\/12\/inscricoes-para-programa-de-estagio-da-tereos-entram-na-reta-final\/#respond"]}]},{"@type":"WebPage","@id":"https:\/\/regiaonews.net.br\/2022\/2021\/05\/12\/inscricoes-para-programa-de-estagio-da-tereos-entram-na-reta-final\/","url":"https:\/\/regiaonews.net.br\/2022\/2021\/05\/12\/inscricoes-para-programa-de-estagio-da-tereos-entram-na-reta-final\/","name":"Inscri\u00e7\u00f5es para programa de est\u00e1gio da Tereos entram na reta final - Regi\u00e3o News","isPartOf":{"@id":"https:\/\/regiaonews.net.br\/2022\/#website"},"primaryImageOfPage":{"@id":"https:\/\/regiaonews.net.br\/2022\/2021\/05\/12\/inscricoes-para-programa-de-estagio-da-tereos-entram-na-reta-final\/#primaryimage"},"image":{"@id":"https:\/\/regiaonews.net.br\/2022\/2021\/05\/12\/inscricoes-para-programa-de-estagio-da-tereos-entram-na-reta-final\/#primaryimage"},"thumbnailUrl":"https:\/\/regiaonews.net.br\/2022\/wp-content\/uploads\/2021\/05\/TEREOS-OUT-19-INDUSTRIA-4.0-DRONE-1-6-scaled.jpg","datePublished":"2021-05-12T19:20:53+00:00","breadcrumb":{"@id":"https:\/\/regiaonews.net.br\/2022\/2021\/05\/12\/inscricoes-para-programa-de-estagio-da-tereos-entram-na-reta-final\/#breadcrumb"},"inLanguage":"pt-BR","potentialAction":[{"@type":"ReadAction","target":["https:\/\/regiaonews.net.br\/2022\/2021\/05\/12\/inscricoes-para-programa-de-estagio-da-tereos-entram-na-reta-final\/"]}]},{"@type":"ImageObject","inLanguage":"pt-BR","@id":"https:\/\/regiaonews.net.br\/2022\/2021\/05\/12\/inscricoes-para-programa-de-estagio-da-tereos-entram-na-reta-final\/#primaryimage","url":"https:\/\/regiaonews.net.br\/2022\/wp-content\/uploads\/2021\/05\/TEREOS-OUT-19-INDUSTRIA-4.0-DRONE-1-6-scaled.jpg","contentUrl":"https:\/\/regiaonews.net.br\/2022\/wp-content\/uploads\/2021\/05\/TEREOS-OUT-19-INDUSTRIA-4.0-DRONE-1-6-scaled.jpg","width":5472,"height":3078,"caption":"DCIM100MEDIADJI_0020.JPG"},{"@type":"BreadcrumbList","@id":"https:\/\/regiaonews.net.br\/2022\/2021\/05\/12\/inscricoes-para-programa-de-estagio-da-tereos-entram-na-reta-final\/#breadcrumb","itemListElement":[{"@type":"ListItem","position":1,"name":"In\u00edcio","item":"https:\/\/regiaonews.net.br\/2022\/"},{"@type":"ListItem","position":2,"name":"Inscri\u00e7\u00f5es para programa de est\u00e1gio da Tereos entram na reta final"}]},{"@type":"WebSite","@id":"https:\/\/regiaonews.net.br\/2022\/#website","url":"https:\/\/regiaonews.net.br\/2022\/","name":"Regi\u00e3o News","description":"Site de Not\u00edcias de Barretos e regi\u00e3o","publisher":{"@id":"https:\/\/regiaonews.net.br\/2022\/#organization"},"potentialAction":[{"@type":"SearchAction","target":{"@type":"EntryPoint","urlTemplate":"https:\/\/regiaonews.net.br\/2022\/?s={search_term_string}"},"query-input":{"@type":"PropertyValueSpecification","valueRequired":true,"valueName":"search_term_string"}}],"inLanguage":"pt-BR"},{"@type":"Organization","@id":"https:\/\/regiaonews.net.br\/2022\/#organization","name":"Regi\u00e3o News","url":"https:\/\/regiaonews.net.br\/2022\/","logo":{"@type":"ImageObject","inLanguage":"pt-BR","@id":"https:\/\/regiaonews.net.br\/2022\/#\/schema\/logo\/image\/","url":"https:\/\/regiaonews.net.br\/2022\/wp-content\/uploads\/2026\/03\/regiao-13-anos-scaled.jpg","contentUrl":"https:\/\/regiaonews.net.br\/2022\/wp-content\/uploads\/2026\/03\/regiao-13-anos-scaled.jpg","width":2560,"height":635,"caption":"Regi\u00e3o News"},"image":{"@id":"https:\/\/regiaonews.net.br\/2022\/#\/schema\/logo\/image\/"}},{"@type":"Person","@id":"https:\/\/regiaonews.net.br\/2022\/#\/schema\/person\/2d205a608a5aa97ac279d7a5e6d89ad8","name":"Roberto","image":{"@type":"ImageObject","inLanguage":"pt-BR","@id":"https:\/\/secure.gravatar.com\/avatar\/42749d8b712ff9d59ca93dc150494e5b55a44134482993f5baeb97e61b7ecc89?s=96&d=mm&r=g","url":"https:\/\/secure.gravatar.com\/avatar\/42749d8b712ff9d59ca93dc150494e5b55a44134482993f5baeb97e61b7ecc89?s=96&d=mm&r=g","contentUrl":"https:\/\/secure.gravatar.com\/avatar\/42749d8b712ff9d59ca93dc150494e5b55a44134482993f5baeb97e61b7ecc89?s=96&d=mm&r=g","caption":"Roberto"},"url":"https:\/\/regiaonews.net.br\/2022\/author\/roberto\/"}]}},"publishpress_future_action":{"enabled":false,"date":"2026-05-04 10:19:18","action":"change-status","newStatus":"draft","terms":[],"taxonomy":"category","extraData":[]},"publishpress_future_workflow_manual_trigger":{"enabledWorkflows":[]},"_links":{"self":[{"href":"https:\/\/regiaonews.net.br\/2022\/wp-json\/wp\/v2\/posts\/46856","targetHints":{"allow":["GET"]}}],"collection":[{"href":"https:\/\/regiaonews.net.br\/2022\/wp-json\/wp\/v2\/posts"}],"about":[{"href":"https:\/\/regiaonews.net.br\/2022\/wp-json\/wp\/v2\/types\/post"}],"author":[{"embeddable":true,"href":"https:\/\/regiaonews.net.br\/2022\/wp-json\/wp\/v2\/users\/2"}],"replies":[{"embeddable":true,"href":"https:\/\/regiaonews.net.br\/2022\/wp-json\/wp\/v2\/comments?post=46856"}],"version-history":[{"count":0,"href":"https:\/\/regiaonews.net.br\/2022\/wp-json\/wp\/v2\/posts\/46856\/revisions"}],"wp:featuredmedia":[{"embeddable":true,"href":"https:\/\/regiaonews.net.br\/2022\/wp-json\/wp\/v2\/media\/46857"}],"wp:attachment":[{"href":"https:\/\/regiaonews.net.br\/2022\/wp-json\/wp\/v2\/media?parent=46856"}],"wp:term":[{"taxonomy":"category","embeddable":true,"href":"https:\/\/regiaonews.net.br\/2022\/wp-json\/wp\/v2\/categories?post=46856"},{"taxonomy":"post_tag","embeddable":true,"href":"https:\/\/regiaonews.net.br\/2022\/wp-json\/wp\/v2\/tags?post=46856"}],"curies":[{"name":"wp","href":"https:\/\/api.w.org\/{rel}","templated":true}]}}