{"id":46851,"date":"2021-05-12T15:21:52","date_gmt":"2021-05-12T18:21:52","guid":{"rendered":"https:\/\/regiaonews.net.br\/2022\/?p=46851"},"modified":"2021-05-12T15:26:59","modified_gmt":"2021-05-12T18:26:59","slug":"abate-de-bovinos-cai-103-no-primeiro-trimestre-do-ano-producao-de-suinos-e-de-frangos-cresceu","status":"publish","type":"post","link":"https:\/\/regiaonews.net.br\/2022\/2021\/05\/12\/abate-de-bovinos-cai-103-no-primeiro-trimestre-do-ano-producao-de-suinos-e-de-frangos-cresceu\/","title":{"rendered":"Abate de bovinos cai 10,3% no primeiro trimestre do ano : Produ\u00e7\u00e3o de su\u00ednos e de frangos cresceu"},"content":{"rendered":"<figure id=\"attachment_46852\" aria-describedby=\"caption-attachment-46852\" style=\"width: 300px\" class=\"wp-caption alignnone\"><a href=\"https:\/\/regiaonews.net.br\/2022\/wp-content\/uploads\/2021\/05\/50376409862_a1c74f6e38_o_0.jpg\"><img loading=\"lazy\" decoding=\"async\" class=\"size-medium wp-image-46852\" src=\"https:\/\/regiaonews.net.br\/2022\/wp-content\/uploads\/2021\/05\/50376409862_a1c74f6e38_o_0-300x179.jpg\" alt=\"\" width=\"300\" height=\"179\" \/><\/a><figcaption id=\"caption-attachment-46852\" class=\"wp-caption-text\">Pecu\u00e1ria de corte, Bovinocultura de corte, Gado confinado, Boi<\/figcaption><\/figure>\n<p>Os dados da produ\u00e7\u00e3o animal para o primeiro trimestre de 2021 mostram que o abate de bovinos recuou 10,3%, o de su\u00ednos aumentou 4,9% e o de frangos teve alta de 2,4%, na compara\u00e7\u00e3o com o mesmo per\u00edodo de 2020. \u00c9 o que mostram os primeiros resultados da Pesquisa Trimestral do Abate de Animais, divulgada\u00a0hoje\u00a0(12) pelo Instituto Brasileiro de Geografia e Estat\u00edstica (IBGE).<img decoding=\"async\" src=\"https:\/\/agenciabrasil.ebc.com.br\/ebc.png?id=1409404&amp;o=node\" \/><img decoding=\"async\" src=\"https:\/\/agenciabrasil.ebc.com.br\/ebc.gif?id=1409404&amp;o=node\" \/><\/p>\n<p>Em rela\u00e7\u00e3o ao quarto trimestre do ano passado, o abate de bovinos apresentou queda de 10,5% e o de su\u00ednos cresceu 0,2%, enquanto o de frangos ficou est\u00e1vel. No per\u00edodo analisado, foram abatidos 6,54 milh\u00f5es de cabe\u00e7as de bovinos sob inspe\u00e7\u00e3o sanit\u00e1ria, totalizando 1,72 milh\u00e3o de toneladas de carca\u00e7as bovinas. Isso representa retra\u00e7\u00e3o de 6,8% em rela\u00e7\u00e3o ao mesmo trimestre de 2020 e de 12,7% em rela\u00e7\u00e3o ao trimestre anterior.<\/p>\n<p>Quanto aos su\u00ednos, foram abatidos no primeiro trimestre deste ano\u00a012,53 milh\u00f5es de cabe\u00e7as, acumulando peso de carca\u00e7as de 1,15 milh\u00e3o de toneladas. O aumento\u00a0foi de 7,2% na compara\u00e7\u00e3o anual e de 2,5% na trimestral.<\/p>\n<p>O abate de frangos no per\u00edodo da pesquisa totalizou 1,55 bilh\u00e3o de cabe\u00e7as, com peso acumulado das carca\u00e7as de 3,63 milh\u00f5es. O acr\u00e9scimo na compara\u00e7\u00e3o anual foi de 4,3% e na trimestral, de 1,6%.<\/p>\n<p>A aquisi\u00e7\u00e3o de leite chegou a 6,52 bilh\u00f5es de litros, o que representa alta de 1,3% em rela\u00e7\u00e3o ao primeiro trimestre de 2020 e queda de 3,3% na compara\u00e7\u00e3o com o trimestre anterior. Por outro lado, a aquisi\u00e7\u00e3o de pe\u00e7as de couro pelos curtumes caiu 6,6% na compara\u00e7\u00e3o anual e 8% na trimestral, somando 7,07 milh\u00f5es de pe\u00e7as inteiras de couro cru.<\/p>\n<p>Foram produzidos 972,94 milh\u00f5es de d\u00fazias de ovos de galinha nos tr\u00eas primeiros meses deste ano, o que representa quedas de 0,1% na compara\u00e7\u00e3o anual e de 1,8% em rela\u00e7\u00e3o ao \u00faltimo trimestre de 2020.<\/p>\n<p>Fonte:Ag\u00eanciaBrasil<\/p>\n","protected":false},"excerpt":{"rendered":"<p>Os dados da produ\u00e7\u00e3o animal para o primeiro trimestre de<\/p>\n","protected":false},"author":2,"featured_media":46852,"comment_status":"open","ping_status":"open","sticky":false,"template":"","format":"standard","meta":{"footnotes":""},"categories":[24,25,94],"tags":[],"class_list":["post-46851","post","type-post","status-publish","format-standard","has-post-thumbnail","hentry","category-brasil","category-cidades","category-economia"],"yoast_head":"<!-- This site is optimized with the Yoast SEO plugin v27.4 - https:\/\/yoast.com\/product\/yoast-seo-wordpress\/ -->\n<title>Abate de bovinos cai 10,3% no primeiro trimestre do ano : Produ\u00e7\u00e3o de su\u00ednos e de frangos cresceu - Regi\u00e3o News<\/title>\n<meta name=\"robots\" content=\"index, follow, max-snippet:-1, max-image-preview:large, max-video-preview:-1\" \/>\n<link rel=\"canonical\" href=\"https:\/\/regiaonews.net.br\/2022\/2021\/05\/12\/abate-de-bovinos-cai-103-no-primeiro-trimestre-do-ano-producao-de-suinos-e-de-frangos-cresceu\/\" \/>\n<meta property=\"og:locale\" content=\"pt_BR\" \/>\n<meta property=\"og:type\" content=\"article\" \/>\n<meta property=\"og:title\" content=\"Abate de bovinos cai 10,3% no primeiro trimestre do ano : Produ\u00e7\u00e3o de su\u00ednos e de frangos cresceu - Regi\u00e3o News\" \/>\n<meta property=\"og:description\" content=\"Os dados da produ\u00e7\u00e3o animal para o primeiro trimestre de\" \/>\n<meta property=\"og:url\" content=\"https:\/\/regiaonews.net.br\/2022\/2021\/05\/12\/abate-de-bovinos-cai-103-no-primeiro-trimestre-do-ano-producao-de-suinos-e-de-frangos-cresceu\/\" \/>\n<meta property=\"og:site_name\" content=\"Regi\u00e3o News\" \/>\n<meta property=\"article:published_time\" content=\"2021-05-12T18:21:52+00:00\" \/>\n<meta property=\"article:modified_time\" content=\"2021-05-12T18:26:59+00:00\" \/>\n<meta property=\"og:image\" content=\"https:\/\/regiaonews.net.br\/2022\/wp-content\/uploads\/2021\/05\/50376409862_a1c74f6e38_o_0.jpg\" \/>\n\t<meta property=\"og:image:width\" content=\"1170\" \/>\n\t<meta property=\"og:image:height\" content=\"700\" \/>\n\t<meta property=\"og:image:type\" content=\"image\/jpeg\" \/>\n<meta name=\"author\" content=\"Roberto\" \/>\n<meta name=\"twitter:card\" content=\"summary_large_image\" \/>\n<meta name=\"twitter:label1\" content=\"Escrito por\" \/>\n\t<meta name=\"twitter:data1\" content=\"Roberto\" \/>\n\t<meta name=\"twitter:label2\" content=\"Est. tempo de leitura\" \/>\n\t<meta name=\"twitter:data2\" content=\"2 minutos\" \/>\n<script type=\"application\/ld+json\" class=\"yoast-schema-graph\">{\"@context\":\"https:\\\/\\\/schema.org\",\"@graph\":[{\"@type\":\"Article\",\"@id\":\"https:\\\/\\\/regiaonews.net.br\\\/2022\\\/2021\\\/05\\\/12\\\/abate-de-bovinos-cai-103-no-primeiro-trimestre-do-ano-producao-de-suinos-e-de-frangos-cresceu\\\/#article\",\"isPartOf\":{\"@id\":\"https:\\\/\\\/regiaonews.net.br\\\/2022\\\/2021\\\/05\\\/12\\\/abate-de-bovinos-cai-103-no-primeiro-trimestre-do-ano-producao-de-suinos-e-de-frangos-cresceu\\\/\"},\"author\":{\"name\":\"Roberto\",\"@id\":\"https:\\\/\\\/regiaonews.net.br\\\/2022\\\/#\\\/schema\\\/person\\\/2d205a608a5aa97ac279d7a5e6d89ad8\"},\"headline\":\"Abate de bovinos cai 10,3% no primeiro trimestre do ano : Produ\u00e7\u00e3o de su\u00ednos e de frangos cresceu\",\"datePublished\":\"2021-05-12T18:21:52+00:00\",\"dateModified\":\"2021-05-12T18:26:59+00:00\",\"mainEntityOfPage\":{\"@id\":\"https:\\\/\\\/regiaonews.net.br\\\/2022\\\/2021\\\/05\\\/12\\\/abate-de-bovinos-cai-103-no-primeiro-trimestre-do-ano-producao-de-suinos-e-de-frangos-cresceu\\\/\"},\"wordCount\":352,\"commentCount\":0,\"publisher\":{\"@id\":\"https:\\\/\\\/regiaonews.net.br\\\/2022\\\/#organization\"},\"image\":{\"@id\":\"https:\\\/\\\/regiaonews.net.br\\\/2022\\\/2021\\\/05\\\/12\\\/abate-de-bovinos-cai-103-no-primeiro-trimestre-do-ano-producao-de-suinos-e-de-frangos-cresceu\\\/#primaryimage\"},\"thumbnailUrl\":\"https:\\\/\\\/regiaonews.net.br\\\/2022\\\/wp-content\\\/uploads\\\/2021\\\/05\\\/50376409862_a1c74f6e38_o_0.jpg\",\"articleSection\":[\"Brasil\",\"Cidades\",\"Economia\"],\"inLanguage\":\"pt-BR\",\"potentialAction\":[{\"@type\":\"CommentAction\",\"name\":\"Comment\",\"target\":[\"https:\\\/\\\/regiaonews.net.br\\\/2022\\\/2021\\\/05\\\/12\\\/abate-de-bovinos-cai-103-no-primeiro-trimestre-do-ano-producao-de-suinos-e-de-frangos-cresceu\\\/#respond\"]}]},{\"@type\":\"WebPage\",\"@id\":\"https:\\\/\\\/regiaonews.net.br\\\/2022\\\/2021\\\/05\\\/12\\\/abate-de-bovinos-cai-103-no-primeiro-trimestre-do-ano-producao-de-suinos-e-de-frangos-cresceu\\\/\",\"url\":\"https:\\\/\\\/regiaonews.net.br\\\/2022\\\/2021\\\/05\\\/12\\\/abate-de-bovinos-cai-103-no-primeiro-trimestre-do-ano-producao-de-suinos-e-de-frangos-cresceu\\\/\",\"name\":\"Abate de bovinos cai 10,3% no primeiro trimestre do ano : Produ\u00e7\u00e3o de su\u00ednos e de frangos cresceu - Regi\u00e3o News\",\"isPartOf\":{\"@id\":\"https:\\\/\\\/regiaonews.net.br\\\/2022\\\/#website\"},\"primaryImageOfPage\":{\"@id\":\"https:\\\/\\\/regiaonews.net.br\\\/2022\\\/2021\\\/05\\\/12\\\/abate-de-bovinos-cai-103-no-primeiro-trimestre-do-ano-producao-de-suinos-e-de-frangos-cresceu\\\/#primaryimage\"},\"image\":{\"@id\":\"https:\\\/\\\/regiaonews.net.br\\\/2022\\\/2021\\\/05\\\/12\\\/abate-de-bovinos-cai-103-no-primeiro-trimestre-do-ano-producao-de-suinos-e-de-frangos-cresceu\\\/#primaryimage\"},\"thumbnailUrl\":\"https:\\\/\\\/regiaonews.net.br\\\/2022\\\/wp-content\\\/uploads\\\/2021\\\/05\\\/50376409862_a1c74f6e38_o_0.jpg\",\"datePublished\":\"2021-05-12T18:21:52+00:00\",\"dateModified\":\"2021-05-12T18:26:59+00:00\",\"breadcrumb\":{\"@id\":\"https:\\\/\\\/regiaonews.net.br\\\/2022\\\/2021\\\/05\\\/12\\\/abate-de-bovinos-cai-103-no-primeiro-trimestre-do-ano-producao-de-suinos-e-de-frangos-cresceu\\\/#breadcrumb\"},\"inLanguage\":\"pt-BR\",\"potentialAction\":[{\"@type\":\"ReadAction\",\"target\":[\"https:\\\/\\\/regiaonews.net.br\\\/2022\\\/2021\\\/05\\\/12\\\/abate-de-bovinos-cai-103-no-primeiro-trimestre-do-ano-producao-de-suinos-e-de-frangos-cresceu\\\/\"]}]},{\"@type\":\"ImageObject\",\"inLanguage\":\"pt-BR\",\"@id\":\"https:\\\/\\\/regiaonews.net.br\\\/2022\\\/2021\\\/05\\\/12\\\/abate-de-bovinos-cai-103-no-primeiro-trimestre-do-ano-producao-de-suinos-e-de-frangos-cresceu\\\/#primaryimage\",\"url\":\"https:\\\/\\\/regiaonews.net.br\\\/2022\\\/wp-content\\\/uploads\\\/2021\\\/05\\\/50376409862_a1c74f6e38_o_0.jpg\",\"contentUrl\":\"https:\\\/\\\/regiaonews.net.br\\\/2022\\\/wp-content\\\/uploads\\\/2021\\\/05\\\/50376409862_a1c74f6e38_o_0.jpg\",\"width\":1170,\"height\":700,\"caption\":\"Pecu\u00e1ria de corte, Bovinocultura de corte, Gado confinado, Boi\"},{\"@type\":\"BreadcrumbList\",\"@id\":\"https:\\\/\\\/regiaonews.net.br\\\/2022\\\/2021\\\/05\\\/12\\\/abate-de-bovinos-cai-103-no-primeiro-trimestre-do-ano-producao-de-suinos-e-de-frangos-cresceu\\\/#breadcrumb\",\"itemListElement\":[{\"@type\":\"ListItem\",\"position\":1,\"name\":\"In\u00edcio\",\"item\":\"https:\\\/\\\/regiaonews.net.br\\\/2022\\\/\"},{\"@type\":\"ListItem\",\"position\":2,\"name\":\"Abate de bovinos cai 10,3% no primeiro trimestre do ano : Produ\u00e7\u00e3o de su\u00ednos e de frangos cresceu\"}]},{\"@type\":\"WebSite\",\"@id\":\"https:\\\/\\\/regiaonews.net.br\\\/2022\\\/#website\",\"url\":\"https:\\\/\\\/regiaonews.net.br\\\/2022\\\/\",\"name\":\"Regi\u00e3o News\",\"description\":\"Site de Not\u00edcias de Barretos e regi\u00e3o\",\"publisher\":{\"@id\":\"https:\\\/\\\/regiaonews.net.br\\\/2022\\\/#organization\"},\"potentialAction\":[{\"@type\":\"SearchAction\",\"target\":{\"@type\":\"EntryPoint\",\"urlTemplate\":\"https:\\\/\\\/regiaonews.net.br\\\/2022\\\/?s={search_term_string}\"},\"query-input\":{\"@type\":\"PropertyValueSpecification\",\"valueRequired\":true,\"valueName\":\"search_term_string\"}}],\"inLanguage\":\"pt-BR\"},{\"@type\":\"Organization\",\"@id\":\"https:\\\/\\\/regiaonews.net.br\\\/2022\\\/#organization\",\"name\":\"Regi\u00e3o News\",\"url\":\"https:\\\/\\\/regiaonews.net.br\\\/2022\\\/\",\"logo\":{\"@type\":\"ImageObject\",\"inLanguage\":\"pt-BR\",\"@id\":\"https:\\\/\\\/regiaonews.net.br\\\/2022\\\/#\\\/schema\\\/logo\\\/image\\\/\",\"url\":\"https:\\\/\\\/regiaonews.net.br\\\/2022\\\/wp-content\\\/uploads\\\/2026\\\/03\\\/regiao-13-anos-scaled.jpg\",\"contentUrl\":\"https:\\\/\\\/regiaonews.net.br\\\/2022\\\/wp-content\\\/uploads\\\/2026\\\/03\\\/regiao-13-anos-scaled.jpg\",\"width\":2560,\"height\":635,\"caption\":\"Regi\u00e3o News\"},\"image\":{\"@id\":\"https:\\\/\\\/regiaonews.net.br\\\/2022\\\/#\\\/schema\\\/logo\\\/image\\\/\"}},{\"@type\":\"Person\",\"@id\":\"https:\\\/\\\/regiaonews.net.br\\\/2022\\\/#\\\/schema\\\/person\\\/2d205a608a5aa97ac279d7a5e6d89ad8\",\"name\":\"Roberto\",\"image\":{\"@type\":\"ImageObject\",\"inLanguage\":\"pt-BR\",\"@id\":\"https:\\\/\\\/secure.gravatar.com\\\/avatar\\\/42749d8b712ff9d59ca93dc150494e5b55a44134482993f5baeb97e61b7ecc89?s=96&d=mm&r=g\",\"url\":\"https:\\\/\\\/secure.gravatar.com\\\/avatar\\\/42749d8b712ff9d59ca93dc150494e5b55a44134482993f5baeb97e61b7ecc89?s=96&d=mm&r=g\",\"contentUrl\":\"https:\\\/\\\/secure.gravatar.com\\\/avatar\\\/42749d8b712ff9d59ca93dc150494e5b55a44134482993f5baeb97e61b7ecc89?s=96&d=mm&r=g\",\"caption\":\"Roberto\"},\"url\":\"https:\\\/\\\/regiaonews.net.br\\\/2022\\\/author\\\/roberto\\\/\"}]}<\/script>\n<!-- \/ Yoast SEO plugin. -->","yoast_head_json":{"title":"Abate de bovinos cai 10,3% no primeiro trimestre do ano : Produ\u00e7\u00e3o de su\u00ednos e de frangos cresceu - Regi\u00e3o News","robots":{"index":"index","follow":"follow","max-snippet":"max-snippet:-1","max-image-preview":"max-image-preview:large","max-video-preview":"max-video-preview:-1"},"canonical":"https:\/\/regiaonews.net.br\/2022\/2021\/05\/12\/abate-de-bovinos-cai-103-no-primeiro-trimestre-do-ano-producao-de-suinos-e-de-frangos-cresceu\/","og_locale":"pt_BR","og_type":"article","og_title":"Abate de bovinos cai 10,3% no primeiro trimestre do ano : Produ\u00e7\u00e3o de su\u00ednos e de frangos cresceu - Regi\u00e3o News","og_description":"Os dados da produ\u00e7\u00e3o animal para o primeiro trimestre de","og_url":"https:\/\/regiaonews.net.br\/2022\/2021\/05\/12\/abate-de-bovinos-cai-103-no-primeiro-trimestre-do-ano-producao-de-suinos-e-de-frangos-cresceu\/","og_site_name":"Regi\u00e3o News","article_published_time":"2021-05-12T18:21:52+00:00","article_modified_time":"2021-05-12T18:26:59+00:00","og_image":[{"width":1170,"height":700,"url":"https:\/\/regiaonews.net.br\/2022\/wp-content\/uploads\/2021\/05\/50376409862_a1c74f6e38_o_0.jpg","type":"image\/jpeg"}],"author":"Roberto","twitter_card":"summary_large_image","twitter_misc":{"Escrito por":"Roberto","Est. tempo de leitura":"2 minutos"},"schema":{"@context":"https:\/\/schema.org","@graph":[{"@type":"Article","@id":"https:\/\/regiaonews.net.br\/2022\/2021\/05\/12\/abate-de-bovinos-cai-103-no-primeiro-trimestre-do-ano-producao-de-suinos-e-de-frangos-cresceu\/#article","isPartOf":{"@id":"https:\/\/regiaonews.net.br\/2022\/2021\/05\/12\/abate-de-bovinos-cai-103-no-primeiro-trimestre-do-ano-producao-de-suinos-e-de-frangos-cresceu\/"},"author":{"name":"Roberto","@id":"https:\/\/regiaonews.net.br\/2022\/#\/schema\/person\/2d205a608a5aa97ac279d7a5e6d89ad8"},"headline":"Abate de bovinos cai 10,3% no primeiro trimestre do ano : Produ\u00e7\u00e3o de su\u00ednos e de frangos cresceu","datePublished":"2021-05-12T18:21:52+00:00","dateModified":"2021-05-12T18:26:59+00:00","mainEntityOfPage":{"@id":"https:\/\/regiaonews.net.br\/2022\/2021\/05\/12\/abate-de-bovinos-cai-103-no-primeiro-trimestre-do-ano-producao-de-suinos-e-de-frangos-cresceu\/"},"wordCount":352,"commentCount":0,"publisher":{"@id":"https:\/\/regiaonews.net.br\/2022\/#organization"},"image":{"@id":"https:\/\/regiaonews.net.br\/2022\/2021\/05\/12\/abate-de-bovinos-cai-103-no-primeiro-trimestre-do-ano-producao-de-suinos-e-de-frangos-cresceu\/#primaryimage"},"thumbnailUrl":"https:\/\/regiaonews.net.br\/2022\/wp-content\/uploads\/2021\/05\/50376409862_a1c74f6e38_o_0.jpg","articleSection":["Brasil","Cidades","Economia"],"inLanguage":"pt-BR","potentialAction":[{"@type":"CommentAction","name":"Comment","target":["https:\/\/regiaonews.net.br\/2022\/2021\/05\/12\/abate-de-bovinos-cai-103-no-primeiro-trimestre-do-ano-producao-de-suinos-e-de-frangos-cresceu\/#respond"]}]},{"@type":"WebPage","@id":"https:\/\/regiaonews.net.br\/2022\/2021\/05\/12\/abate-de-bovinos-cai-103-no-primeiro-trimestre-do-ano-producao-de-suinos-e-de-frangos-cresceu\/","url":"https:\/\/regiaonews.net.br\/2022\/2021\/05\/12\/abate-de-bovinos-cai-103-no-primeiro-trimestre-do-ano-producao-de-suinos-e-de-frangos-cresceu\/","name":"Abate de bovinos cai 10,3% no primeiro trimestre do ano : Produ\u00e7\u00e3o de su\u00ednos e de frangos cresceu - Regi\u00e3o News","isPartOf":{"@id":"https:\/\/regiaonews.net.br\/2022\/#website"},"primaryImageOfPage":{"@id":"https:\/\/regiaonews.net.br\/2022\/2021\/05\/12\/abate-de-bovinos-cai-103-no-primeiro-trimestre-do-ano-producao-de-suinos-e-de-frangos-cresceu\/#primaryimage"},"image":{"@id":"https:\/\/regiaonews.net.br\/2022\/2021\/05\/12\/abate-de-bovinos-cai-103-no-primeiro-trimestre-do-ano-producao-de-suinos-e-de-frangos-cresceu\/#primaryimage"},"thumbnailUrl":"https:\/\/regiaonews.net.br\/2022\/wp-content\/uploads\/2021\/05\/50376409862_a1c74f6e38_o_0.jpg","datePublished":"2021-05-12T18:21:52+00:00","dateModified":"2021-05-12T18:26:59+00:00","breadcrumb":{"@id":"https:\/\/regiaonews.net.br\/2022\/2021\/05\/12\/abate-de-bovinos-cai-103-no-primeiro-trimestre-do-ano-producao-de-suinos-e-de-frangos-cresceu\/#breadcrumb"},"inLanguage":"pt-BR","potentialAction":[{"@type":"ReadAction","target":["https:\/\/regiaonews.net.br\/2022\/2021\/05\/12\/abate-de-bovinos-cai-103-no-primeiro-trimestre-do-ano-producao-de-suinos-e-de-frangos-cresceu\/"]}]},{"@type":"ImageObject","inLanguage":"pt-BR","@id":"https:\/\/regiaonews.net.br\/2022\/2021\/05\/12\/abate-de-bovinos-cai-103-no-primeiro-trimestre-do-ano-producao-de-suinos-e-de-frangos-cresceu\/#primaryimage","url":"https:\/\/regiaonews.net.br\/2022\/wp-content\/uploads\/2021\/05\/50376409862_a1c74f6e38_o_0.jpg","contentUrl":"https:\/\/regiaonews.net.br\/2022\/wp-content\/uploads\/2021\/05\/50376409862_a1c74f6e38_o_0.jpg","width":1170,"height":700,"caption":"Pecu\u00e1ria de corte, Bovinocultura de corte, Gado confinado, Boi"},{"@type":"BreadcrumbList","@id":"https:\/\/regiaonews.net.br\/2022\/2021\/05\/12\/abate-de-bovinos-cai-103-no-primeiro-trimestre-do-ano-producao-de-suinos-e-de-frangos-cresceu\/#breadcrumb","itemListElement":[{"@type":"ListItem","position":1,"name":"In\u00edcio","item":"https:\/\/regiaonews.net.br\/2022\/"},{"@type":"ListItem","position":2,"name":"Abate de bovinos cai 10,3% no primeiro trimestre do ano : Produ\u00e7\u00e3o de su\u00ednos e de frangos cresceu"}]},{"@type":"WebSite","@id":"https:\/\/regiaonews.net.br\/2022\/#website","url":"https:\/\/regiaonews.net.br\/2022\/","name":"Regi\u00e3o News","description":"Site de Not\u00edcias de Barretos e regi\u00e3o","publisher":{"@id":"https:\/\/regiaonews.net.br\/2022\/#organization"},"potentialAction":[{"@type":"SearchAction","target":{"@type":"EntryPoint","urlTemplate":"https:\/\/regiaonews.net.br\/2022\/?s={search_term_string}"},"query-input":{"@type":"PropertyValueSpecification","valueRequired":true,"valueName":"search_term_string"}}],"inLanguage":"pt-BR"},{"@type":"Organization","@id":"https:\/\/regiaonews.net.br\/2022\/#organization","name":"Regi\u00e3o News","url":"https:\/\/regiaonews.net.br\/2022\/","logo":{"@type":"ImageObject","inLanguage":"pt-BR","@id":"https:\/\/regiaonews.net.br\/2022\/#\/schema\/logo\/image\/","url":"https:\/\/regiaonews.net.br\/2022\/wp-content\/uploads\/2026\/03\/regiao-13-anos-scaled.jpg","contentUrl":"https:\/\/regiaonews.net.br\/2022\/wp-content\/uploads\/2026\/03\/regiao-13-anos-scaled.jpg","width":2560,"height":635,"caption":"Regi\u00e3o News"},"image":{"@id":"https:\/\/regiaonews.net.br\/2022\/#\/schema\/logo\/image\/"}},{"@type":"Person","@id":"https:\/\/regiaonews.net.br\/2022\/#\/schema\/person\/2d205a608a5aa97ac279d7a5e6d89ad8","name":"Roberto","image":{"@type":"ImageObject","inLanguage":"pt-BR","@id":"https:\/\/secure.gravatar.com\/avatar\/42749d8b712ff9d59ca93dc150494e5b55a44134482993f5baeb97e61b7ecc89?s=96&d=mm&r=g","url":"https:\/\/secure.gravatar.com\/avatar\/42749d8b712ff9d59ca93dc150494e5b55a44134482993f5baeb97e61b7ecc89?s=96&d=mm&r=g","contentUrl":"https:\/\/secure.gravatar.com\/avatar\/42749d8b712ff9d59ca93dc150494e5b55a44134482993f5baeb97e61b7ecc89?s=96&d=mm&r=g","caption":"Roberto"},"url":"https:\/\/regiaonews.net.br\/2022\/author\/roberto\/"}]}},"publishpress_future_action":{"enabled":false,"date":"2026-05-04 08:57:34","action":"change-status","newStatus":"draft","terms":[],"taxonomy":"category","extraData":[]},"publishpress_future_workflow_manual_trigger":{"enabledWorkflows":[]},"_links":{"self":[{"href":"https:\/\/regiaonews.net.br\/2022\/wp-json\/wp\/v2\/posts\/46851","targetHints":{"allow":["GET"]}}],"collection":[{"href":"https:\/\/regiaonews.net.br\/2022\/wp-json\/wp\/v2\/posts"}],"about":[{"href":"https:\/\/regiaonews.net.br\/2022\/wp-json\/wp\/v2\/types\/post"}],"author":[{"embeddable":true,"href":"https:\/\/regiaonews.net.br\/2022\/wp-json\/wp\/v2\/users\/2"}],"replies":[{"embeddable":true,"href":"https:\/\/regiaonews.net.br\/2022\/wp-json\/wp\/v2\/comments?post=46851"}],"version-history":[{"count":0,"href":"https:\/\/regiaonews.net.br\/2022\/wp-json\/wp\/v2\/posts\/46851\/revisions"}],"wp:featuredmedia":[{"embeddable":true,"href":"https:\/\/regiaonews.net.br\/2022\/wp-json\/wp\/v2\/media\/46852"}],"wp:attachment":[{"href":"https:\/\/regiaonews.net.br\/2022\/wp-json\/wp\/v2\/media?parent=46851"}],"wp:term":[{"taxonomy":"category","embeddable":true,"href":"https:\/\/regiaonews.net.br\/2022\/wp-json\/wp\/v2\/categories?post=46851"},{"taxonomy":"post_tag","embeddable":true,"href":"https:\/\/regiaonews.net.br\/2022\/wp-json\/wp\/v2\/tags?post=46851"}],"curies":[{"name":"wp","href":"https:\/\/api.w.org\/{rel}","templated":true}]}}