{"id":46844,"date":"2021-05-12T14:59:35","date_gmt":"2021-05-12T17:59:35","guid":{"rendered":"https:\/\/regiaonews.net.br\/2022\/?p=46844"},"modified":"2021-05-12T15:29:26","modified_gmt":"2021-05-12T18:29:26","slug":"governo-paula-lemos-promove-vacinacao-de-novos-grupos-contra-a-covid-19","status":"publish","type":"post","link":"https:\/\/regiaonews.net.br\/2022\/2021\/05\/12\/governo-paula-lemos-promove-vacinacao-de-novos-grupos-contra-a-covid-19\/","title":{"rendered":"Governo Paula Lemos promove vacina\u00e7\u00e3o de novos grupos contra a Covid-19"},"content":{"rendered":"<div class=\"conteudo-completo\">\n<p><a href=\"https:\/\/regiaonews.net.br\/2022\/wp-content\/uploads\/2021\/03\/vacina-barretos-site.jpg\"><img loading=\"lazy\" decoding=\"async\" class=\"alignnone size-medium wp-image-43826\" src=\"https:\/\/regiaonews.net.br\/2022\/wp-content\/uploads\/2021\/03\/vacina-barretos-site-300x181.jpg\" alt=\"\" width=\"300\" height=\"181\" \/><\/a><\/p>\n<p>A Secretaria Municipal de Sa\u00fade organiza a vacina\u00e7\u00e3o contra a Covid-19 para o p\u00fablico formado por pessoas transplantadas, em tratamento de hemodi\u00e1lise e com defici\u00eancia permanente que recebem o Benef\u00edcio de Presta\u00e7\u00e3o Continuada (BPC). A aplica\u00e7\u00e3o da primeira dose ser\u00e1 feita entre essa semana e a pr\u00f3xima, seguindo o calend\u00e1rio a seguir.<\/p>\n<ul>\n<li><strong>Pessoas com Defici\u00eancia Permanente<\/strong><\/li>\n<\/ul>\n<p>A aplica\u00e7\u00e3o da primeira dose para pessoas de 55 a 59 anos com defici\u00eancia permanente e que recebem o Benef\u00edcio de Presta\u00e7\u00e3o Continuada da Assist\u00eancia Social (BPC) acontece entre quinta e sexta-feira, dias 13 e 14 de maio\/21, no Centro de Reabilita\u00e7\u00e3o do munic\u00edpio, na via Conselheiro Ant\u00f4nio Prado, n\u00ba 1365, pr\u00f3ximo \u00e0 UPA e ao shopping. A imuniza\u00e7\u00e3o acontece das 08h \u00e0s 13 horas.<br \/>\nPara tomar a vacina, as pessoas devem levar um documento com foto, o CPF, comprovante de resid\u00eancia e c\u00f3pia do comprovante de recebimento do Benef\u00edcio de Presta\u00e7\u00e3o Continuada (BPC). Pessoas acamadas devem agendar a vacina\u00e7\u00e3o pelo telefone: (17) 98210-2221.<\/p>\n<ul>\n<li><strong>Pessoas transplantadas<\/strong><\/li>\n<\/ul>\n<p>A aplica\u00e7\u00e3o para pessoas transplantadas entre 18 e 59 anos ser\u00e1 feita na sexta-feira, dia 14 de maio\/21, entre 13h e 17 horas. A imuniza\u00e7\u00e3o ser\u00e1 feita no Centro de Reabilita\u00e7\u00e3o, na via Conselheiro Ant\u00f4nio Prado, n\u00ba 1365.<br \/>\nSer\u00e1 necess\u00e1ria a apresenta\u00e7\u00e3o de documento com foto, do CPF, de um comprovante de resid\u00eancia e documentos que comprovem a situa\u00e7\u00e3o de transplante. Pessoas acamadas devem agendar a vacina\u00e7\u00e3o pelo telefone: (17) 98210-2221.<\/p>\n<ul>\n<li><strong>Pacientes em tratamento de hemodi\u00e1lise<\/strong><\/li>\n<\/ul>\n<p>No in\u00edcio da pr\u00f3xima semana, entre segunda e ter\u00e7a-feira, dias 17 e 18 de maio\/21, acontece a vacina\u00e7\u00e3o de pessoas que fazem tratamento de hemodi\u00e1lise. Dessa vez, a aplica\u00e7\u00e3o das doses acontece no pr\u00f3prio setor de di\u00e1lise da Santa Casa, entre 8h e 16 horas.<br \/>\n\u00c9 importante que o p\u00fablico a ser vacinado apresente documento com foto, CPF, comprovante de resid\u00eancia e o comprovante de que \u00e9 paciente e faz tratamento de hemodi\u00e1lise.<\/p>\n<p><strong>Vacina contra a Fome<\/strong><br \/>\nJuntamente das a\u00e7\u00f5es de vacina\u00e7\u00e3o contra o Covid-19, segue a campanha de arrecada\u00e7\u00e3o de comida \u201cVacina contra a Fome\u201d. A proposta \u00e9 que cada pessoa vacinada doe um quilo de alimento n\u00e3o perec\u00edvel ou uma por\u00e7\u00e3o de ra\u00e7\u00e3o animal, que ser\u00e3o repassados a fam\u00edlias em situa\u00e7\u00e3o de vulnerabilidade.<br \/>\n\u201cA Prefeitura tem feito todos os esfor\u00e7os para vacinar as pessoas, conforme recebemos as vacinas do governo estadual. Nosso empenho e nossa luta para o combate \u00e0 prolifera\u00e7\u00e3o do Covid-19 \u00e9 incessante e incans\u00e1vel, pois colocamos as pessoas no centro do nosso governo e cuidamos das pessoas com afeto e carinho,\u201d afirma a prefeita Paula Lemos.<\/p>\n<\/div>\n<div id=\"galeria-de-fotos-interna\" class=\"row\">\n<div class=\"col-md-4 col-sm-6 col-xs-12 text-center grid-item\"><\/div>\n<div class=\"col-md-4 col-sm-6 col-xs-12 text-center grid-item\"><a href=\"https:\/\/regiaonews.net.br\/2022\/wp-content\/uploads\/2021\/05\/card-transplantados.jpeg\"><img loading=\"lazy\" decoding=\"async\" class=\"alignnone size-medium wp-image-46845\" src=\"https:\/\/regiaonews.net.br\/2022\/wp-content\/uploads\/2021\/05\/card-transplantados-200x300.jpeg\" alt=\"\" width=\"200\" height=\"300\" \/><\/a> <a href=\"https:\/\/regiaonews.net.br\/2022\/wp-content\/uploads\/2021\/05\/Card-BPC.jpeg\"><img loading=\"lazy\" decoding=\"async\" class=\"alignnone size-medium wp-image-46846\" src=\"https:\/\/regiaonews.net.br\/2022\/wp-content\/uploads\/2021\/05\/Card-BPC-200x300.jpeg\" alt=\"\" width=\"200\" height=\"300\" \/><\/a> <a href=\"https:\/\/regiaonews.net.br\/2022\/wp-content\/uploads\/2021\/05\/card-hemodialise.jpeg\"><img loading=\"lazy\" decoding=\"async\" class=\"alignnone size-medium wp-image-46847\" src=\"https:\/\/regiaonews.net.br\/2022\/wp-content\/uploads\/2021\/05\/card-hemodialise-200x300.jpeg\" alt=\"\" width=\"200\" height=\"300\" \/><\/a><\/div>\n<\/div>\n","protected":false},"excerpt":{"rendered":"<p>A Secretaria Municipal de Sa\u00fade organiza a vacina\u00e7\u00e3o contra a<\/p>\n","protected":false},"author":2,"featured_media":43698,"comment_status":"open","ping_status":"open","sticky":false,"template":"","format":"standard","meta":{"footnotes":""},"categories":[14,25],"tags":[],"class_list":["post-46844","post","type-post","status-publish","format-standard","has-post-thumbnail","hentry","category-barretos","category-cidades"],"yoast_head":"<!-- This site is optimized with the Yoast SEO plugin v27.4 - https:\/\/yoast.com\/product\/yoast-seo-wordpress\/ -->\n<title>Governo Paula Lemos promove vacina\u00e7\u00e3o de novos grupos contra a Covid-19 - Regi\u00e3o News<\/title>\n<meta name=\"robots\" content=\"index, follow, max-snippet:-1, max-image-preview:large, max-video-preview:-1\" \/>\n<link rel=\"canonical\" href=\"https:\/\/regiaonews.net.br\/2022\/2021\/05\/12\/governo-paula-lemos-promove-vacinacao-de-novos-grupos-contra-a-covid-19\/\" \/>\n<meta property=\"og:locale\" content=\"pt_BR\" \/>\n<meta property=\"og:type\" content=\"article\" \/>\n<meta property=\"og:title\" content=\"Governo Paula Lemos promove vacina\u00e7\u00e3o de novos grupos contra a Covid-19 - Regi\u00e3o News\" \/>\n<meta property=\"og:description\" content=\"A Secretaria Municipal de Sa\u00fade organiza a vacina\u00e7\u00e3o contra a\" \/>\n<meta property=\"og:url\" content=\"https:\/\/regiaonews.net.br\/2022\/2021\/05\/12\/governo-paula-lemos-promove-vacinacao-de-novos-grupos-contra-a-covid-19\/\" \/>\n<meta property=\"og:site_name\" content=\"Regi\u00e3o News\" \/>\n<meta property=\"article:published_time\" content=\"2021-05-12T17:59:35+00:00\" \/>\n<meta property=\"article:modified_time\" content=\"2021-05-12T18:29:26+00:00\" \/>\n<meta property=\"og:image\" content=\"https:\/\/regiaonews.net.br\/2022\/wp-content\/uploads\/2021\/03\/drive-thru-vacinacao-site.jpg\" \/>\n\t<meta property=\"og:image:width\" content=\"398\" \/>\n\t<meta property=\"og:image:height\" content=\"250\" \/>\n\t<meta property=\"og:image:type\" content=\"image\/jpeg\" \/>\n<meta name=\"author\" content=\"Roberto\" \/>\n<meta name=\"twitter:card\" content=\"summary_large_image\" \/>\n<meta name=\"twitter:label1\" content=\"Escrito por\" \/>\n\t<meta name=\"twitter:data1\" content=\"Roberto\" \/>\n\t<meta name=\"twitter:label2\" content=\"Est. tempo de leitura\" \/>\n\t<meta name=\"twitter:data2\" content=\"2 minutos\" \/>\n<script type=\"application\/ld+json\" class=\"yoast-schema-graph\">{\"@context\":\"https:\\\/\\\/schema.org\",\"@graph\":[{\"@type\":\"Article\",\"@id\":\"https:\\\/\\\/regiaonews.net.br\\\/2022\\\/2021\\\/05\\\/12\\\/governo-paula-lemos-promove-vacinacao-de-novos-grupos-contra-a-covid-19\\\/#article\",\"isPartOf\":{\"@id\":\"https:\\\/\\\/regiaonews.net.br\\\/2022\\\/2021\\\/05\\\/12\\\/governo-paula-lemos-promove-vacinacao-de-novos-grupos-contra-a-covid-19\\\/\"},\"author\":{\"name\":\"Roberto\",\"@id\":\"https:\\\/\\\/regiaonews.net.br\\\/2022\\\/#\\\/schema\\\/person\\\/2d205a608a5aa97ac279d7a5e6d89ad8\"},\"headline\":\"Governo Paula Lemos promove vacina\u00e7\u00e3o de novos grupos contra a Covid-19\",\"datePublished\":\"2021-05-12T17:59:35+00:00\",\"dateModified\":\"2021-05-12T18:29:26+00:00\",\"mainEntityOfPage\":{\"@id\":\"https:\\\/\\\/regiaonews.net.br\\\/2022\\\/2021\\\/05\\\/12\\\/governo-paula-lemos-promove-vacinacao-de-novos-grupos-contra-a-covid-19\\\/\"},\"wordCount\":469,\"commentCount\":0,\"publisher\":{\"@id\":\"https:\\\/\\\/regiaonews.net.br\\\/2022\\\/#organization\"},\"image\":{\"@id\":\"https:\\\/\\\/regiaonews.net.br\\\/2022\\\/2021\\\/05\\\/12\\\/governo-paula-lemos-promove-vacinacao-de-novos-grupos-contra-a-covid-19\\\/#primaryimage\"},\"thumbnailUrl\":\"https:\\\/\\\/regiaonews.net.br\\\/2022\\\/wp-content\\\/uploads\\\/2021\\\/03\\\/drive-thru-vacinacao-site.jpg\",\"articleSection\":[\"Barretos\",\"Cidades\"],\"inLanguage\":\"pt-BR\",\"potentialAction\":[{\"@type\":\"CommentAction\",\"name\":\"Comment\",\"target\":[\"https:\\\/\\\/regiaonews.net.br\\\/2022\\\/2021\\\/05\\\/12\\\/governo-paula-lemos-promove-vacinacao-de-novos-grupos-contra-a-covid-19\\\/#respond\"]}]},{\"@type\":\"WebPage\",\"@id\":\"https:\\\/\\\/regiaonews.net.br\\\/2022\\\/2021\\\/05\\\/12\\\/governo-paula-lemos-promove-vacinacao-de-novos-grupos-contra-a-covid-19\\\/\",\"url\":\"https:\\\/\\\/regiaonews.net.br\\\/2022\\\/2021\\\/05\\\/12\\\/governo-paula-lemos-promove-vacinacao-de-novos-grupos-contra-a-covid-19\\\/\",\"name\":\"Governo Paula Lemos promove vacina\u00e7\u00e3o de novos grupos contra a Covid-19 - Regi\u00e3o News\",\"isPartOf\":{\"@id\":\"https:\\\/\\\/regiaonews.net.br\\\/2022\\\/#website\"},\"primaryImageOfPage\":{\"@id\":\"https:\\\/\\\/regiaonews.net.br\\\/2022\\\/2021\\\/05\\\/12\\\/governo-paula-lemos-promove-vacinacao-de-novos-grupos-contra-a-covid-19\\\/#primaryimage\"},\"image\":{\"@id\":\"https:\\\/\\\/regiaonews.net.br\\\/2022\\\/2021\\\/05\\\/12\\\/governo-paula-lemos-promove-vacinacao-de-novos-grupos-contra-a-covid-19\\\/#primaryimage\"},\"thumbnailUrl\":\"https:\\\/\\\/regiaonews.net.br\\\/2022\\\/wp-content\\\/uploads\\\/2021\\\/03\\\/drive-thru-vacinacao-site.jpg\",\"datePublished\":\"2021-05-12T17:59:35+00:00\",\"dateModified\":\"2021-05-12T18:29:26+00:00\",\"breadcrumb\":{\"@id\":\"https:\\\/\\\/regiaonews.net.br\\\/2022\\\/2021\\\/05\\\/12\\\/governo-paula-lemos-promove-vacinacao-de-novos-grupos-contra-a-covid-19\\\/#breadcrumb\"},\"inLanguage\":\"pt-BR\",\"potentialAction\":[{\"@type\":\"ReadAction\",\"target\":[\"https:\\\/\\\/regiaonews.net.br\\\/2022\\\/2021\\\/05\\\/12\\\/governo-paula-lemos-promove-vacinacao-de-novos-grupos-contra-a-covid-19\\\/\"]}]},{\"@type\":\"ImageObject\",\"inLanguage\":\"pt-BR\",\"@id\":\"https:\\\/\\\/regiaonews.net.br\\\/2022\\\/2021\\\/05\\\/12\\\/governo-paula-lemos-promove-vacinacao-de-novos-grupos-contra-a-covid-19\\\/#primaryimage\",\"url\":\"https:\\\/\\\/regiaonews.net.br\\\/2022\\\/wp-content\\\/uploads\\\/2021\\\/03\\\/drive-thru-vacinacao-site.jpg\",\"contentUrl\":\"https:\\\/\\\/regiaonews.net.br\\\/2022\\\/wp-content\\\/uploads\\\/2021\\\/03\\\/drive-thru-vacinacao-site.jpg\",\"width\":398,\"height\":250},{\"@type\":\"BreadcrumbList\",\"@id\":\"https:\\\/\\\/regiaonews.net.br\\\/2022\\\/2021\\\/05\\\/12\\\/governo-paula-lemos-promove-vacinacao-de-novos-grupos-contra-a-covid-19\\\/#breadcrumb\",\"itemListElement\":[{\"@type\":\"ListItem\",\"position\":1,\"name\":\"In\u00edcio\",\"item\":\"https:\\\/\\\/regiaonews.net.br\\\/2022\\\/\"},{\"@type\":\"ListItem\",\"position\":2,\"name\":\"Governo Paula Lemos promove vacina\u00e7\u00e3o de novos grupos contra a Covid-19\"}]},{\"@type\":\"WebSite\",\"@id\":\"https:\\\/\\\/regiaonews.net.br\\\/2022\\\/#website\",\"url\":\"https:\\\/\\\/regiaonews.net.br\\\/2022\\\/\",\"name\":\"Regi\u00e3o News\",\"description\":\"Site de Not\u00edcias de Barretos e regi\u00e3o\",\"publisher\":{\"@id\":\"https:\\\/\\\/regiaonews.net.br\\\/2022\\\/#organization\"},\"potentialAction\":[{\"@type\":\"SearchAction\",\"target\":{\"@type\":\"EntryPoint\",\"urlTemplate\":\"https:\\\/\\\/regiaonews.net.br\\\/2022\\\/?s={search_term_string}\"},\"query-input\":{\"@type\":\"PropertyValueSpecification\",\"valueRequired\":true,\"valueName\":\"search_term_string\"}}],\"inLanguage\":\"pt-BR\"},{\"@type\":\"Organization\",\"@id\":\"https:\\\/\\\/regiaonews.net.br\\\/2022\\\/#organization\",\"name\":\"Regi\u00e3o News\",\"url\":\"https:\\\/\\\/regiaonews.net.br\\\/2022\\\/\",\"logo\":{\"@type\":\"ImageObject\",\"inLanguage\":\"pt-BR\",\"@id\":\"https:\\\/\\\/regiaonews.net.br\\\/2022\\\/#\\\/schema\\\/logo\\\/image\\\/\",\"url\":\"https:\\\/\\\/regiaonews.net.br\\\/2022\\\/wp-content\\\/uploads\\\/2026\\\/03\\\/regiao-13-anos-scaled.jpg\",\"contentUrl\":\"https:\\\/\\\/regiaonews.net.br\\\/2022\\\/wp-content\\\/uploads\\\/2026\\\/03\\\/regiao-13-anos-scaled.jpg\",\"width\":2560,\"height\":635,\"caption\":\"Regi\u00e3o News\"},\"image\":{\"@id\":\"https:\\\/\\\/regiaonews.net.br\\\/2022\\\/#\\\/schema\\\/logo\\\/image\\\/\"}},{\"@type\":\"Person\",\"@id\":\"https:\\\/\\\/regiaonews.net.br\\\/2022\\\/#\\\/schema\\\/person\\\/2d205a608a5aa97ac279d7a5e6d89ad8\",\"name\":\"Roberto\",\"image\":{\"@type\":\"ImageObject\",\"inLanguage\":\"pt-BR\",\"@id\":\"https:\\\/\\\/secure.gravatar.com\\\/avatar\\\/42749d8b712ff9d59ca93dc150494e5b55a44134482993f5baeb97e61b7ecc89?s=96&d=mm&r=g\",\"url\":\"https:\\\/\\\/secure.gravatar.com\\\/avatar\\\/42749d8b712ff9d59ca93dc150494e5b55a44134482993f5baeb97e61b7ecc89?s=96&d=mm&r=g\",\"contentUrl\":\"https:\\\/\\\/secure.gravatar.com\\\/avatar\\\/42749d8b712ff9d59ca93dc150494e5b55a44134482993f5baeb97e61b7ecc89?s=96&d=mm&r=g\",\"caption\":\"Roberto\"},\"url\":\"https:\\\/\\\/regiaonews.net.br\\\/2022\\\/author\\\/roberto\\\/\"}]}<\/script>\n<!-- \/ Yoast SEO plugin. -->","yoast_head_json":{"title":"Governo Paula Lemos promove vacina\u00e7\u00e3o de novos grupos contra a Covid-19 - Regi\u00e3o News","robots":{"index":"index","follow":"follow","max-snippet":"max-snippet:-1","max-image-preview":"max-image-preview:large","max-video-preview":"max-video-preview:-1"},"canonical":"https:\/\/regiaonews.net.br\/2022\/2021\/05\/12\/governo-paula-lemos-promove-vacinacao-de-novos-grupos-contra-a-covid-19\/","og_locale":"pt_BR","og_type":"article","og_title":"Governo Paula Lemos promove vacina\u00e7\u00e3o de novos grupos contra a Covid-19 - Regi\u00e3o News","og_description":"A Secretaria Municipal de Sa\u00fade organiza a vacina\u00e7\u00e3o contra a","og_url":"https:\/\/regiaonews.net.br\/2022\/2021\/05\/12\/governo-paula-lemos-promove-vacinacao-de-novos-grupos-contra-a-covid-19\/","og_site_name":"Regi\u00e3o News","article_published_time":"2021-05-12T17:59:35+00:00","article_modified_time":"2021-05-12T18:29:26+00:00","og_image":[{"width":398,"height":250,"url":"https:\/\/regiaonews.net.br\/2022\/wp-content\/uploads\/2021\/03\/drive-thru-vacinacao-site.jpg","type":"image\/jpeg"}],"author":"Roberto","twitter_card":"summary_large_image","twitter_misc":{"Escrito por":"Roberto","Est. tempo de leitura":"2 minutos"},"schema":{"@context":"https:\/\/schema.org","@graph":[{"@type":"Article","@id":"https:\/\/regiaonews.net.br\/2022\/2021\/05\/12\/governo-paula-lemos-promove-vacinacao-de-novos-grupos-contra-a-covid-19\/#article","isPartOf":{"@id":"https:\/\/regiaonews.net.br\/2022\/2021\/05\/12\/governo-paula-lemos-promove-vacinacao-de-novos-grupos-contra-a-covid-19\/"},"author":{"name":"Roberto","@id":"https:\/\/regiaonews.net.br\/2022\/#\/schema\/person\/2d205a608a5aa97ac279d7a5e6d89ad8"},"headline":"Governo Paula Lemos promove vacina\u00e7\u00e3o de novos grupos contra a Covid-19","datePublished":"2021-05-12T17:59:35+00:00","dateModified":"2021-05-12T18:29:26+00:00","mainEntityOfPage":{"@id":"https:\/\/regiaonews.net.br\/2022\/2021\/05\/12\/governo-paula-lemos-promove-vacinacao-de-novos-grupos-contra-a-covid-19\/"},"wordCount":469,"commentCount":0,"publisher":{"@id":"https:\/\/regiaonews.net.br\/2022\/#organization"},"image":{"@id":"https:\/\/regiaonews.net.br\/2022\/2021\/05\/12\/governo-paula-lemos-promove-vacinacao-de-novos-grupos-contra-a-covid-19\/#primaryimage"},"thumbnailUrl":"https:\/\/regiaonews.net.br\/2022\/wp-content\/uploads\/2021\/03\/drive-thru-vacinacao-site.jpg","articleSection":["Barretos","Cidades"],"inLanguage":"pt-BR","potentialAction":[{"@type":"CommentAction","name":"Comment","target":["https:\/\/regiaonews.net.br\/2022\/2021\/05\/12\/governo-paula-lemos-promove-vacinacao-de-novos-grupos-contra-a-covid-19\/#respond"]}]},{"@type":"WebPage","@id":"https:\/\/regiaonews.net.br\/2022\/2021\/05\/12\/governo-paula-lemos-promove-vacinacao-de-novos-grupos-contra-a-covid-19\/","url":"https:\/\/regiaonews.net.br\/2022\/2021\/05\/12\/governo-paula-lemos-promove-vacinacao-de-novos-grupos-contra-a-covid-19\/","name":"Governo Paula Lemos promove vacina\u00e7\u00e3o de novos grupos contra a Covid-19 - Regi\u00e3o News","isPartOf":{"@id":"https:\/\/regiaonews.net.br\/2022\/#website"},"primaryImageOfPage":{"@id":"https:\/\/regiaonews.net.br\/2022\/2021\/05\/12\/governo-paula-lemos-promove-vacinacao-de-novos-grupos-contra-a-covid-19\/#primaryimage"},"image":{"@id":"https:\/\/regiaonews.net.br\/2022\/2021\/05\/12\/governo-paula-lemos-promove-vacinacao-de-novos-grupos-contra-a-covid-19\/#primaryimage"},"thumbnailUrl":"https:\/\/regiaonews.net.br\/2022\/wp-content\/uploads\/2021\/03\/drive-thru-vacinacao-site.jpg","datePublished":"2021-05-12T17:59:35+00:00","dateModified":"2021-05-12T18:29:26+00:00","breadcrumb":{"@id":"https:\/\/regiaonews.net.br\/2022\/2021\/05\/12\/governo-paula-lemos-promove-vacinacao-de-novos-grupos-contra-a-covid-19\/#breadcrumb"},"inLanguage":"pt-BR","potentialAction":[{"@type":"ReadAction","target":["https:\/\/regiaonews.net.br\/2022\/2021\/05\/12\/governo-paula-lemos-promove-vacinacao-de-novos-grupos-contra-a-covid-19\/"]}]},{"@type":"ImageObject","inLanguage":"pt-BR","@id":"https:\/\/regiaonews.net.br\/2022\/2021\/05\/12\/governo-paula-lemos-promove-vacinacao-de-novos-grupos-contra-a-covid-19\/#primaryimage","url":"https:\/\/regiaonews.net.br\/2022\/wp-content\/uploads\/2021\/03\/drive-thru-vacinacao-site.jpg","contentUrl":"https:\/\/regiaonews.net.br\/2022\/wp-content\/uploads\/2021\/03\/drive-thru-vacinacao-site.jpg","width":398,"height":250},{"@type":"BreadcrumbList","@id":"https:\/\/regiaonews.net.br\/2022\/2021\/05\/12\/governo-paula-lemos-promove-vacinacao-de-novos-grupos-contra-a-covid-19\/#breadcrumb","itemListElement":[{"@type":"ListItem","position":1,"name":"In\u00edcio","item":"https:\/\/regiaonews.net.br\/2022\/"},{"@type":"ListItem","position":2,"name":"Governo Paula Lemos promove vacina\u00e7\u00e3o de novos grupos contra a Covid-19"}]},{"@type":"WebSite","@id":"https:\/\/regiaonews.net.br\/2022\/#website","url":"https:\/\/regiaonews.net.br\/2022\/","name":"Regi\u00e3o News","description":"Site de Not\u00edcias de Barretos e regi\u00e3o","publisher":{"@id":"https:\/\/regiaonews.net.br\/2022\/#organization"},"potentialAction":[{"@type":"SearchAction","target":{"@type":"EntryPoint","urlTemplate":"https:\/\/regiaonews.net.br\/2022\/?s={search_term_string}"},"query-input":{"@type":"PropertyValueSpecification","valueRequired":true,"valueName":"search_term_string"}}],"inLanguage":"pt-BR"},{"@type":"Organization","@id":"https:\/\/regiaonews.net.br\/2022\/#organization","name":"Regi\u00e3o News","url":"https:\/\/regiaonews.net.br\/2022\/","logo":{"@type":"ImageObject","inLanguage":"pt-BR","@id":"https:\/\/regiaonews.net.br\/2022\/#\/schema\/logo\/image\/","url":"https:\/\/regiaonews.net.br\/2022\/wp-content\/uploads\/2026\/03\/regiao-13-anos-scaled.jpg","contentUrl":"https:\/\/regiaonews.net.br\/2022\/wp-content\/uploads\/2026\/03\/regiao-13-anos-scaled.jpg","width":2560,"height":635,"caption":"Regi\u00e3o News"},"image":{"@id":"https:\/\/regiaonews.net.br\/2022\/#\/schema\/logo\/image\/"}},{"@type":"Person","@id":"https:\/\/regiaonews.net.br\/2022\/#\/schema\/person\/2d205a608a5aa97ac279d7a5e6d89ad8","name":"Roberto","image":{"@type":"ImageObject","inLanguage":"pt-BR","@id":"https:\/\/secure.gravatar.com\/avatar\/42749d8b712ff9d59ca93dc150494e5b55a44134482993f5baeb97e61b7ecc89?s=96&d=mm&r=g","url":"https:\/\/secure.gravatar.com\/avatar\/42749d8b712ff9d59ca93dc150494e5b55a44134482993f5baeb97e61b7ecc89?s=96&d=mm&r=g","contentUrl":"https:\/\/secure.gravatar.com\/avatar\/42749d8b712ff9d59ca93dc150494e5b55a44134482993f5baeb97e61b7ecc89?s=96&d=mm&r=g","caption":"Roberto"},"url":"https:\/\/regiaonews.net.br\/2022\/author\/roberto\/"}]}},"publishpress_future_action":{"enabled":false,"date":"2026-05-04 07:26:42","action":"change-status","newStatus":"draft","terms":[],"taxonomy":"category","extraData":[]},"publishpress_future_workflow_manual_trigger":{"enabledWorkflows":[]},"_links":{"self":[{"href":"https:\/\/regiaonews.net.br\/2022\/wp-json\/wp\/v2\/posts\/46844","targetHints":{"allow":["GET"]}}],"collection":[{"href":"https:\/\/regiaonews.net.br\/2022\/wp-json\/wp\/v2\/posts"}],"about":[{"href":"https:\/\/regiaonews.net.br\/2022\/wp-json\/wp\/v2\/types\/post"}],"author":[{"embeddable":true,"href":"https:\/\/regiaonews.net.br\/2022\/wp-json\/wp\/v2\/users\/2"}],"replies":[{"embeddable":true,"href":"https:\/\/regiaonews.net.br\/2022\/wp-json\/wp\/v2\/comments?post=46844"}],"version-history":[{"count":0,"href":"https:\/\/regiaonews.net.br\/2022\/wp-json\/wp\/v2\/posts\/46844\/revisions"}],"wp:featuredmedia":[{"embeddable":true,"href":"https:\/\/regiaonews.net.br\/2022\/wp-json\/wp\/v2\/media\/43698"}],"wp:attachment":[{"href":"https:\/\/regiaonews.net.br\/2022\/wp-json\/wp\/v2\/media?parent=46844"}],"wp:term":[{"taxonomy":"category","embeddable":true,"href":"https:\/\/regiaonews.net.br\/2022\/wp-json\/wp\/v2\/categories?post=46844"},{"taxonomy":"post_tag","embeddable":true,"href":"https:\/\/regiaonews.net.br\/2022\/wp-json\/wp\/v2\/tags?post=46844"}],"curies":[{"name":"wp","href":"https:\/\/api.w.org\/{rel}","templated":true}]}}