{"id":46838,"date":"2021-05-12T14:33:39","date_gmt":"2021-05-12T17:33:39","guid":{"rendered":"https:\/\/regiaonews.net.br\/2022\/?p=46838"},"modified":"2021-05-12T14:33:39","modified_gmt":"2021-05-12T17:33:39","slug":"governo-de-sp-entrega-105-viaturas-blindadas-para-a-policia-civil","status":"publish","type":"post","link":"https:\/\/regiaonews.net.br\/2022\/2021\/05\/12\/governo-de-sp-entrega-105-viaturas-blindadas-para-a-policia-civil\/","title":{"rendered":"Governo de SP entrega 105 viaturas blindadas para a Pol\u00edcia Civil"},"content":{"rendered":"<div>\n<h1 class=\"chapeu2 ng-binding\"><\/h1>\n<p class=\"titulopreto ng-binding\">Com investimento superior a R$ 23 milh\u00f5es, ve\u00edculos v\u00e3o refor\u00e7ar opera\u00e7\u00f5es policiais e garantir seguran\u00e7a de agentes em combate a crime organizado<\/p>\n<p><center><\/p>\n<h2 class=\"titulopreto ng-binding\"><a href=\"https:\/\/regiaonews.net.br\/2022\/wp-content\/uploads\/2021\/05\/00044937.jpeg\"><img loading=\"lazy\" decoding=\"async\" class=\"alignnone size-medium wp-image-46839\" src=\"https:\/\/regiaonews.net.br\/2022\/wp-content\/uploads\/2021\/05\/00044937-300x200.jpeg\" alt=\"\" width=\"300\" height=\"200\" \/><\/a><\/h2>\n<p><\/center><\/div>\n<div id=\"notCorpo\" class=\"ng-binding\">\n<p>O Governador Jo\u00e3o Doria participou nesta quarta-feira (12) da entrega das primeiras 105 viaturas blindadas da hist\u00f3ria da Pol\u00edcia Civil do Estado de S\u00e3o Paulo. Com investimento de mais de R$ 23,3 milh\u00f5es, os ve\u00edculos SUV v\u00e3o proporcionar mais qualidade aos trabalhos policiais e mais seguran\u00e7a aos agentes durante a\u00e7\u00f5es de combate ao crime organizado.<\/p>\n<p>&#8220;Pela primeira vez, a Pol\u00edcia Civil de S\u00e3o Paulo ter\u00e1 uma frota de ve\u00edculos blindados. Eles v\u00e3o proporcionar mais seguran\u00e7a aos policiais no combate ao crime organizado e melhorar o sistema de prote\u00e7\u00e3o \u00e0s pessoas em todo o estado. Meses atr\u00e1s, tamb\u00e9m fizemos a entrega das primeiras viaturas blindadas para a Pol\u00edcia Militar&#8221;, declarou o Governador.<\/p>\n<p>Doria tamb\u00e9m agradeceu \u00e0s for\u00e7as policiais pelo trabalho na For\u00e7a-Tarefa de combate \u00e0 pandemia, que atua diariamente na capital, interior e litoral para coibir aglomera\u00e7\u00f5es em com\u00e9rcios irregulares e festas clandestinas.<\/p>\n<p>A aquisi\u00e7\u00e3o dos ve\u00edculos foi feita por meio de preg\u00e3o eletr\u00f4nico. A empresa vencedora foi a GM, com o modelo Trail Blazer. Cada ve\u00edculo custou R$ 222 mil. A renova\u00e7\u00e3o da frota policial com ve\u00edculos blindados \u00e9 um compromisso da atual gest\u00e3o na \u00e1rea de Seguran\u00e7a P\u00fablica de S\u00e3o Paulo.<\/p>\n<p>\u201cJ\u00e1 somos hoje a primeira pol\u00edcia do Brasil com a maior frota de viaturas blindadas\u201d, afirmou o Secret\u00e1rio de Seguran\u00e7a P\u00fablica, General Jo\u00e3o Camilo Pires de Campos. \u201cA viatura blindada \u00e9 um multiplicador de poder com que criamos mais prote\u00e7\u00e3o as guarni\u00e7\u00f5es que a ocupam e trabalham diuturnamente\u201d, acrescentou.<\/p>\n<p>Dos 105 ve\u00edculos, 37 ser\u00e3o destinados a unidades especializadas da Pol\u00edcia Civil na capital, como os departamentos estaduais de Investiga\u00e7\u00f5es Criminais (Deic), de Preven\u00e7\u00e3o e Repress\u00e3o ao Narcotr\u00e1fico (Denarc) e de Homic\u00eddios e de Prote\u00e7\u00e3o \u00e0 Pessoa (DHPP), al\u00e9m do Departamento de Opera\u00e7\u00f5es Policiais Estrat\u00e9gicas (Dope) e das Centrais Especializadas de Repress\u00e3o \u00e0 Crimes e Ocorr\u00eancias Diversas (Cerco) \u2013 subordinadas \u00e0s delegacias seccionais.<\/p>\n<p>A regi\u00e3o da Grande S\u00e3o Paulo ser\u00e1 atendida com 14 viaturas para as delegacias seccionais de Carapicu\u00edba, Diadema, Franco da Rocha, Guarulhos, Mogi das Cruzes, Osasco, Santo Andr\u00e9, S\u00e3o Bernardo do Campo e Tabo\u00e3o da Serra.<\/p>\n<p>O interior do estado receber\u00e1 54 ve\u00edculos que ser\u00e3o entregues \u00e0s Divis\u00f5es Especializadas de Investiga\u00e7\u00f5es Criminais (Deic) das regi\u00f5es de S\u00e3o Jos\u00e9 dos Campos, Campinas, Ribeir\u00e3o Preto, Bauru, S\u00e3o Jos\u00e9 do Rio Preto, Santos, Sorocaba, Presidente Prudente, Piracicaba e Ara\u00e7atuba.<\/p>\n<p><a href=\"https:\/\/regiaonews.net.br\/2022\/wp-content\/uploads\/2021\/05\/D00044938.jpeg\"><img loading=\"lazy\" decoding=\"async\" class=\"alignnone size-medium wp-image-46840\" src=\"https:\/\/regiaonews.net.br\/2022\/wp-content\/uploads\/2021\/05\/D00044938-300x200.jpeg\" alt=\"\" width=\"300\" height=\"200\" \/><\/a><\/p>\n<p><b>Renova\u00e7\u00e3o da frota<\/b><\/p>\n<p>&nbsp;<\/p>\n<p>Desde o in\u00edcio da atual gest\u00e3o, o Governo de S\u00e3o Paulo promove a renova\u00e7\u00e3o cont\u00ednua da frota da Seguran\u00e7a P\u00fablica. Desde 2019, foram adquiridos 5.394 ve\u00edculos para as pol\u00edcias Civil e Militar, Corpo de Bombeiros e policiamento ambiental, das quais 5.098 j\u00e1 foram entregues. O investimento total j\u00e1 ultrapassou R$ 368,4 milh\u00f5es, incluindo as 105 viaturas blindadas entregues nesta quarta e outras 70 j\u00e1 distribu\u00eddas \u00e0 Pol\u00edcia Militar.<\/p>\n<p>&nbsp;<\/p>\n<p>O policiamento militar rodovi\u00e1rio tamb\u00e9m foi contemplado com 36 novos ve\u00edculos para atividades nas regi\u00f5es de Bauru e Araraquara. O investimento de R$ 3 milh\u00f5es foi feito pela concession\u00e1ria EixoSP, em cumprimento ao contrato de concess\u00e3o rodovi\u00e1ria com o Estado.<\/p>\n<p>Ainda h\u00e1 aquisi\u00e7\u00f5es em andamento, como 30 ve\u00edculos descaracterizados para a Pol\u00edcia Civil sob investimento de mais de R$ 4 milh\u00f5es, e 190 autom\u00f3veis para uso da Superintend\u00eancia de Pol\u00edcia T\u00e9cnico-Cient\u00edfica, com valor superior a R$ 10,9 milh\u00f5es.<\/p>\n<\/div>\n","protected":false},"excerpt":{"rendered":"<p>Com investimento superior a R$ 23 milh\u00f5es, ve\u00edculos v\u00e3o refor\u00e7ar<\/p>\n","protected":false},"author":2,"featured_media":46841,"comment_status":"open","ping_status":"open","sticky":false,"template":"","format":"standard","meta":{"footnotes":""},"categories":[25,7,23],"tags":[],"class_list":["post-46838","post","type-post","status-publish","format-standard","has-post-thumbnail","hentry","category-cidades","category-estado-de-sao-paulo","category-policia"],"yoast_head":"<!-- This site is optimized with the Yoast SEO plugin v27.4 - https:\/\/yoast.com\/product\/yoast-seo-wordpress\/ -->\n<title>Governo de SP entrega 105 viaturas blindadas para a Pol\u00edcia Civil - Regi\u00e3o News<\/title>\n<meta name=\"robots\" content=\"index, follow, max-snippet:-1, max-image-preview:large, max-video-preview:-1\" \/>\n<link rel=\"canonical\" href=\"https:\/\/regiaonews.net.br\/2022\/2021\/05\/12\/governo-de-sp-entrega-105-viaturas-blindadas-para-a-policia-civil\/\" \/>\n<meta property=\"og:locale\" content=\"pt_BR\" \/>\n<meta property=\"og:type\" content=\"article\" \/>\n<meta property=\"og:title\" content=\"Governo de SP entrega 105 viaturas blindadas para a Pol\u00edcia Civil - Regi\u00e3o News\" \/>\n<meta property=\"og:description\" content=\"Com investimento superior a R$ 23 milh\u00f5es, ve\u00edculos v\u00e3o refor\u00e7ar\" \/>\n<meta property=\"og:url\" content=\"https:\/\/regiaonews.net.br\/2022\/2021\/05\/12\/governo-de-sp-entrega-105-viaturas-blindadas-para-a-policia-civil\/\" \/>\n<meta property=\"og:site_name\" content=\"Regi\u00e3o News\" \/>\n<meta property=\"article:published_time\" content=\"2021-05-12T17:33:39+00:00\" \/>\n<meta property=\"og:image\" content=\"https:\/\/regiaonews.net.br\/2022\/wp-content\/uploads\/2021\/05\/00044937-1.jpeg\" \/>\n\t<meta property=\"og:image:width\" content=\"1024\" \/>\n\t<meta property=\"og:image:height\" content=\"682\" \/>\n\t<meta property=\"og:image:type\" content=\"image\/jpeg\" \/>\n<meta name=\"author\" content=\"Roberto\" \/>\n<meta name=\"twitter:card\" content=\"summary_large_image\" \/>\n<meta name=\"twitter:label1\" content=\"Escrito por\" \/>\n\t<meta name=\"twitter:data1\" content=\"Roberto\" \/>\n\t<meta name=\"twitter:label2\" content=\"Est. tempo de leitura\" \/>\n\t<meta name=\"twitter:data2\" content=\"3 minutos\" \/>\n<script type=\"application\/ld+json\" class=\"yoast-schema-graph\">{\"@context\":\"https:\\\/\\\/schema.org\",\"@graph\":[{\"@type\":\"Article\",\"@id\":\"https:\\\/\\\/regiaonews.net.br\\\/2022\\\/2021\\\/05\\\/12\\\/governo-de-sp-entrega-105-viaturas-blindadas-para-a-policia-civil\\\/#article\",\"isPartOf\":{\"@id\":\"https:\\\/\\\/regiaonews.net.br\\\/2022\\\/2021\\\/05\\\/12\\\/governo-de-sp-entrega-105-viaturas-blindadas-para-a-policia-civil\\\/\"},\"author\":{\"name\":\"Roberto\",\"@id\":\"https:\\\/\\\/regiaonews.net.br\\\/2022\\\/#\\\/schema\\\/person\\\/2d205a608a5aa97ac279d7a5e6d89ad8\"},\"headline\":\"Governo de SP entrega 105 viaturas blindadas para a Pol\u00edcia Civil\",\"datePublished\":\"2021-05-12T17:33:39+00:00\",\"mainEntityOfPage\":{\"@id\":\"https:\\\/\\\/regiaonews.net.br\\\/2022\\\/2021\\\/05\\\/12\\\/governo-de-sp-entrega-105-viaturas-blindadas-para-a-policia-civil\\\/\"},\"wordCount\":642,\"commentCount\":0,\"publisher\":{\"@id\":\"https:\\\/\\\/regiaonews.net.br\\\/2022\\\/#organization\"},\"image\":{\"@id\":\"https:\\\/\\\/regiaonews.net.br\\\/2022\\\/2021\\\/05\\\/12\\\/governo-de-sp-entrega-105-viaturas-blindadas-para-a-policia-civil\\\/#primaryimage\"},\"thumbnailUrl\":\"https:\\\/\\\/regiaonews.net.br\\\/2022\\\/wp-content\\\/uploads\\\/2021\\\/05\\\/00044937-1.jpeg\",\"articleSection\":[\"Cidades\",\"Estado de S\u00e3o Paulo\",\"Policia\"],\"inLanguage\":\"pt-BR\",\"potentialAction\":[{\"@type\":\"CommentAction\",\"name\":\"Comment\",\"target\":[\"https:\\\/\\\/regiaonews.net.br\\\/2022\\\/2021\\\/05\\\/12\\\/governo-de-sp-entrega-105-viaturas-blindadas-para-a-policia-civil\\\/#respond\"]}]},{\"@type\":\"WebPage\",\"@id\":\"https:\\\/\\\/regiaonews.net.br\\\/2022\\\/2021\\\/05\\\/12\\\/governo-de-sp-entrega-105-viaturas-blindadas-para-a-policia-civil\\\/\",\"url\":\"https:\\\/\\\/regiaonews.net.br\\\/2022\\\/2021\\\/05\\\/12\\\/governo-de-sp-entrega-105-viaturas-blindadas-para-a-policia-civil\\\/\",\"name\":\"Governo de SP entrega 105 viaturas blindadas para a Pol\u00edcia Civil - Regi\u00e3o News\",\"isPartOf\":{\"@id\":\"https:\\\/\\\/regiaonews.net.br\\\/2022\\\/#website\"},\"primaryImageOfPage\":{\"@id\":\"https:\\\/\\\/regiaonews.net.br\\\/2022\\\/2021\\\/05\\\/12\\\/governo-de-sp-entrega-105-viaturas-blindadas-para-a-policia-civil\\\/#primaryimage\"},\"image\":{\"@id\":\"https:\\\/\\\/regiaonews.net.br\\\/2022\\\/2021\\\/05\\\/12\\\/governo-de-sp-entrega-105-viaturas-blindadas-para-a-policia-civil\\\/#primaryimage\"},\"thumbnailUrl\":\"https:\\\/\\\/regiaonews.net.br\\\/2022\\\/wp-content\\\/uploads\\\/2021\\\/05\\\/00044937-1.jpeg\",\"datePublished\":\"2021-05-12T17:33:39+00:00\",\"breadcrumb\":{\"@id\":\"https:\\\/\\\/regiaonews.net.br\\\/2022\\\/2021\\\/05\\\/12\\\/governo-de-sp-entrega-105-viaturas-blindadas-para-a-policia-civil\\\/#breadcrumb\"},\"inLanguage\":\"pt-BR\",\"potentialAction\":[{\"@type\":\"ReadAction\",\"target\":[\"https:\\\/\\\/regiaonews.net.br\\\/2022\\\/2021\\\/05\\\/12\\\/governo-de-sp-entrega-105-viaturas-blindadas-para-a-policia-civil\\\/\"]}]},{\"@type\":\"ImageObject\",\"inLanguage\":\"pt-BR\",\"@id\":\"https:\\\/\\\/regiaonews.net.br\\\/2022\\\/2021\\\/05\\\/12\\\/governo-de-sp-entrega-105-viaturas-blindadas-para-a-policia-civil\\\/#primaryimage\",\"url\":\"https:\\\/\\\/regiaonews.net.br\\\/2022\\\/wp-content\\\/uploads\\\/2021\\\/05\\\/00044937-1.jpeg\",\"contentUrl\":\"https:\\\/\\\/regiaonews.net.br\\\/2022\\\/wp-content\\\/uploads\\\/2021\\\/05\\\/00044937-1.jpeg\",\"width\":1024,\"height\":682},{\"@type\":\"BreadcrumbList\",\"@id\":\"https:\\\/\\\/regiaonews.net.br\\\/2022\\\/2021\\\/05\\\/12\\\/governo-de-sp-entrega-105-viaturas-blindadas-para-a-policia-civil\\\/#breadcrumb\",\"itemListElement\":[{\"@type\":\"ListItem\",\"position\":1,\"name\":\"In\u00edcio\",\"item\":\"https:\\\/\\\/regiaonews.net.br\\\/2022\\\/\"},{\"@type\":\"ListItem\",\"position\":2,\"name\":\"Governo de SP entrega 105 viaturas blindadas para a Pol\u00edcia Civil\"}]},{\"@type\":\"WebSite\",\"@id\":\"https:\\\/\\\/regiaonews.net.br\\\/2022\\\/#website\",\"url\":\"https:\\\/\\\/regiaonews.net.br\\\/2022\\\/\",\"name\":\"Regi\u00e3o News\",\"description\":\"Site de Not\u00edcias de Barretos e regi\u00e3o\",\"publisher\":{\"@id\":\"https:\\\/\\\/regiaonews.net.br\\\/2022\\\/#organization\"},\"potentialAction\":[{\"@type\":\"SearchAction\",\"target\":{\"@type\":\"EntryPoint\",\"urlTemplate\":\"https:\\\/\\\/regiaonews.net.br\\\/2022\\\/?s={search_term_string}\"},\"query-input\":{\"@type\":\"PropertyValueSpecification\",\"valueRequired\":true,\"valueName\":\"search_term_string\"}}],\"inLanguage\":\"pt-BR\"},{\"@type\":\"Organization\",\"@id\":\"https:\\\/\\\/regiaonews.net.br\\\/2022\\\/#organization\",\"name\":\"Regi\u00e3o News\",\"url\":\"https:\\\/\\\/regiaonews.net.br\\\/2022\\\/\",\"logo\":{\"@type\":\"ImageObject\",\"inLanguage\":\"pt-BR\",\"@id\":\"https:\\\/\\\/regiaonews.net.br\\\/2022\\\/#\\\/schema\\\/logo\\\/image\\\/\",\"url\":\"https:\\\/\\\/regiaonews.net.br\\\/2022\\\/wp-content\\\/uploads\\\/2026\\\/03\\\/regiao-13-anos-scaled.jpg\",\"contentUrl\":\"https:\\\/\\\/regiaonews.net.br\\\/2022\\\/wp-content\\\/uploads\\\/2026\\\/03\\\/regiao-13-anos-scaled.jpg\",\"width\":2560,\"height\":635,\"caption\":\"Regi\u00e3o News\"},\"image\":{\"@id\":\"https:\\\/\\\/regiaonews.net.br\\\/2022\\\/#\\\/schema\\\/logo\\\/image\\\/\"}},{\"@type\":\"Person\",\"@id\":\"https:\\\/\\\/regiaonews.net.br\\\/2022\\\/#\\\/schema\\\/person\\\/2d205a608a5aa97ac279d7a5e6d89ad8\",\"name\":\"Roberto\",\"image\":{\"@type\":\"ImageObject\",\"inLanguage\":\"pt-BR\",\"@id\":\"https:\\\/\\\/secure.gravatar.com\\\/avatar\\\/42749d8b712ff9d59ca93dc150494e5b55a44134482993f5baeb97e61b7ecc89?s=96&d=mm&r=g\",\"url\":\"https:\\\/\\\/secure.gravatar.com\\\/avatar\\\/42749d8b712ff9d59ca93dc150494e5b55a44134482993f5baeb97e61b7ecc89?s=96&d=mm&r=g\",\"contentUrl\":\"https:\\\/\\\/secure.gravatar.com\\\/avatar\\\/42749d8b712ff9d59ca93dc150494e5b55a44134482993f5baeb97e61b7ecc89?s=96&d=mm&r=g\",\"caption\":\"Roberto\"},\"url\":\"https:\\\/\\\/regiaonews.net.br\\\/2022\\\/author\\\/roberto\\\/\"}]}<\/script>\n<!-- \/ Yoast SEO plugin. -->","yoast_head_json":{"title":"Governo de SP entrega 105 viaturas blindadas para a Pol\u00edcia Civil - Regi\u00e3o News","robots":{"index":"index","follow":"follow","max-snippet":"max-snippet:-1","max-image-preview":"max-image-preview:large","max-video-preview":"max-video-preview:-1"},"canonical":"https:\/\/regiaonews.net.br\/2022\/2021\/05\/12\/governo-de-sp-entrega-105-viaturas-blindadas-para-a-policia-civil\/","og_locale":"pt_BR","og_type":"article","og_title":"Governo de SP entrega 105 viaturas blindadas para a Pol\u00edcia Civil - Regi\u00e3o News","og_description":"Com investimento superior a R$ 23 milh\u00f5es, ve\u00edculos v\u00e3o refor\u00e7ar","og_url":"https:\/\/regiaonews.net.br\/2022\/2021\/05\/12\/governo-de-sp-entrega-105-viaturas-blindadas-para-a-policia-civil\/","og_site_name":"Regi\u00e3o News","article_published_time":"2021-05-12T17:33:39+00:00","og_image":[{"width":1024,"height":682,"url":"https:\/\/regiaonews.net.br\/2022\/wp-content\/uploads\/2021\/05\/00044937-1.jpeg","type":"image\/jpeg"}],"author":"Roberto","twitter_card":"summary_large_image","twitter_misc":{"Escrito por":"Roberto","Est. tempo de leitura":"3 minutos"},"schema":{"@context":"https:\/\/schema.org","@graph":[{"@type":"Article","@id":"https:\/\/regiaonews.net.br\/2022\/2021\/05\/12\/governo-de-sp-entrega-105-viaturas-blindadas-para-a-policia-civil\/#article","isPartOf":{"@id":"https:\/\/regiaonews.net.br\/2022\/2021\/05\/12\/governo-de-sp-entrega-105-viaturas-blindadas-para-a-policia-civil\/"},"author":{"name":"Roberto","@id":"https:\/\/regiaonews.net.br\/2022\/#\/schema\/person\/2d205a608a5aa97ac279d7a5e6d89ad8"},"headline":"Governo de SP entrega 105 viaturas blindadas para a Pol\u00edcia Civil","datePublished":"2021-05-12T17:33:39+00:00","mainEntityOfPage":{"@id":"https:\/\/regiaonews.net.br\/2022\/2021\/05\/12\/governo-de-sp-entrega-105-viaturas-blindadas-para-a-policia-civil\/"},"wordCount":642,"commentCount":0,"publisher":{"@id":"https:\/\/regiaonews.net.br\/2022\/#organization"},"image":{"@id":"https:\/\/regiaonews.net.br\/2022\/2021\/05\/12\/governo-de-sp-entrega-105-viaturas-blindadas-para-a-policia-civil\/#primaryimage"},"thumbnailUrl":"https:\/\/regiaonews.net.br\/2022\/wp-content\/uploads\/2021\/05\/00044937-1.jpeg","articleSection":["Cidades","Estado de S\u00e3o Paulo","Policia"],"inLanguage":"pt-BR","potentialAction":[{"@type":"CommentAction","name":"Comment","target":["https:\/\/regiaonews.net.br\/2022\/2021\/05\/12\/governo-de-sp-entrega-105-viaturas-blindadas-para-a-policia-civil\/#respond"]}]},{"@type":"WebPage","@id":"https:\/\/regiaonews.net.br\/2022\/2021\/05\/12\/governo-de-sp-entrega-105-viaturas-blindadas-para-a-policia-civil\/","url":"https:\/\/regiaonews.net.br\/2022\/2021\/05\/12\/governo-de-sp-entrega-105-viaturas-blindadas-para-a-policia-civil\/","name":"Governo de SP entrega 105 viaturas blindadas para a Pol\u00edcia Civil - Regi\u00e3o News","isPartOf":{"@id":"https:\/\/regiaonews.net.br\/2022\/#website"},"primaryImageOfPage":{"@id":"https:\/\/regiaonews.net.br\/2022\/2021\/05\/12\/governo-de-sp-entrega-105-viaturas-blindadas-para-a-policia-civil\/#primaryimage"},"image":{"@id":"https:\/\/regiaonews.net.br\/2022\/2021\/05\/12\/governo-de-sp-entrega-105-viaturas-blindadas-para-a-policia-civil\/#primaryimage"},"thumbnailUrl":"https:\/\/regiaonews.net.br\/2022\/wp-content\/uploads\/2021\/05\/00044937-1.jpeg","datePublished":"2021-05-12T17:33:39+00:00","breadcrumb":{"@id":"https:\/\/regiaonews.net.br\/2022\/2021\/05\/12\/governo-de-sp-entrega-105-viaturas-blindadas-para-a-policia-civil\/#breadcrumb"},"inLanguage":"pt-BR","potentialAction":[{"@type":"ReadAction","target":["https:\/\/regiaonews.net.br\/2022\/2021\/05\/12\/governo-de-sp-entrega-105-viaturas-blindadas-para-a-policia-civil\/"]}]},{"@type":"ImageObject","inLanguage":"pt-BR","@id":"https:\/\/regiaonews.net.br\/2022\/2021\/05\/12\/governo-de-sp-entrega-105-viaturas-blindadas-para-a-policia-civil\/#primaryimage","url":"https:\/\/regiaonews.net.br\/2022\/wp-content\/uploads\/2021\/05\/00044937-1.jpeg","contentUrl":"https:\/\/regiaonews.net.br\/2022\/wp-content\/uploads\/2021\/05\/00044937-1.jpeg","width":1024,"height":682},{"@type":"BreadcrumbList","@id":"https:\/\/regiaonews.net.br\/2022\/2021\/05\/12\/governo-de-sp-entrega-105-viaturas-blindadas-para-a-policia-civil\/#breadcrumb","itemListElement":[{"@type":"ListItem","position":1,"name":"In\u00edcio","item":"https:\/\/regiaonews.net.br\/2022\/"},{"@type":"ListItem","position":2,"name":"Governo de SP entrega 105 viaturas blindadas para a Pol\u00edcia Civil"}]},{"@type":"WebSite","@id":"https:\/\/regiaonews.net.br\/2022\/#website","url":"https:\/\/regiaonews.net.br\/2022\/","name":"Regi\u00e3o News","description":"Site de Not\u00edcias de Barretos e regi\u00e3o","publisher":{"@id":"https:\/\/regiaonews.net.br\/2022\/#organization"},"potentialAction":[{"@type":"SearchAction","target":{"@type":"EntryPoint","urlTemplate":"https:\/\/regiaonews.net.br\/2022\/?s={search_term_string}"},"query-input":{"@type":"PropertyValueSpecification","valueRequired":true,"valueName":"search_term_string"}}],"inLanguage":"pt-BR"},{"@type":"Organization","@id":"https:\/\/regiaonews.net.br\/2022\/#organization","name":"Regi\u00e3o News","url":"https:\/\/regiaonews.net.br\/2022\/","logo":{"@type":"ImageObject","inLanguage":"pt-BR","@id":"https:\/\/regiaonews.net.br\/2022\/#\/schema\/logo\/image\/","url":"https:\/\/regiaonews.net.br\/2022\/wp-content\/uploads\/2026\/03\/regiao-13-anos-scaled.jpg","contentUrl":"https:\/\/regiaonews.net.br\/2022\/wp-content\/uploads\/2026\/03\/regiao-13-anos-scaled.jpg","width":2560,"height":635,"caption":"Regi\u00e3o News"},"image":{"@id":"https:\/\/regiaonews.net.br\/2022\/#\/schema\/logo\/image\/"}},{"@type":"Person","@id":"https:\/\/regiaonews.net.br\/2022\/#\/schema\/person\/2d205a608a5aa97ac279d7a5e6d89ad8","name":"Roberto","image":{"@type":"ImageObject","inLanguage":"pt-BR","@id":"https:\/\/secure.gravatar.com\/avatar\/42749d8b712ff9d59ca93dc150494e5b55a44134482993f5baeb97e61b7ecc89?s=96&d=mm&r=g","url":"https:\/\/secure.gravatar.com\/avatar\/42749d8b712ff9d59ca93dc150494e5b55a44134482993f5baeb97e61b7ecc89?s=96&d=mm&r=g","contentUrl":"https:\/\/secure.gravatar.com\/avatar\/42749d8b712ff9d59ca93dc150494e5b55a44134482993f5baeb97e61b7ecc89?s=96&d=mm&r=g","caption":"Roberto"},"url":"https:\/\/regiaonews.net.br\/2022\/author\/roberto\/"}]}},"publishpress_future_action":{"enabled":false,"date":"2026-05-04 07:26:44","action":"change-status","newStatus":"draft","terms":[],"taxonomy":"category","extraData":[]},"publishpress_future_workflow_manual_trigger":{"enabledWorkflows":[]},"_links":{"self":[{"href":"https:\/\/regiaonews.net.br\/2022\/wp-json\/wp\/v2\/posts\/46838","targetHints":{"allow":["GET"]}}],"collection":[{"href":"https:\/\/regiaonews.net.br\/2022\/wp-json\/wp\/v2\/posts"}],"about":[{"href":"https:\/\/regiaonews.net.br\/2022\/wp-json\/wp\/v2\/types\/post"}],"author":[{"embeddable":true,"href":"https:\/\/regiaonews.net.br\/2022\/wp-json\/wp\/v2\/users\/2"}],"replies":[{"embeddable":true,"href":"https:\/\/regiaonews.net.br\/2022\/wp-json\/wp\/v2\/comments?post=46838"}],"version-history":[{"count":0,"href":"https:\/\/regiaonews.net.br\/2022\/wp-json\/wp\/v2\/posts\/46838\/revisions"}],"wp:featuredmedia":[{"embeddable":true,"href":"https:\/\/regiaonews.net.br\/2022\/wp-json\/wp\/v2\/media\/46841"}],"wp:attachment":[{"href":"https:\/\/regiaonews.net.br\/2022\/wp-json\/wp\/v2\/media?parent=46838"}],"wp:term":[{"taxonomy":"category","embeddable":true,"href":"https:\/\/regiaonews.net.br\/2022\/wp-json\/wp\/v2\/categories?post=46838"},{"taxonomy":"post_tag","embeddable":true,"href":"https:\/\/regiaonews.net.br\/2022\/wp-json\/wp\/v2\/tags?post=46838"}],"curies":[{"name":"wp","href":"https:\/\/api.w.org\/{rel}","templated":true}]}}