{"id":46777,"date":"2021-05-11T13:00:14","date_gmt":"2021-05-11T16:00:14","guid":{"rendered":"https:\/\/regiaonews.net.br\/2022\/?p=46777"},"modified":"2021-05-11T13:00:14","modified_gmt":"2021-05-11T16:00:14","slug":"sorteados-os-premios-da-campanha-de-dia-das-maes-do-comercio-de-barretos","status":"publish","type":"post","link":"https:\/\/regiaonews.net.br\/2022\/2021\/05\/11\/sorteados-os-premios-da-campanha-de-dia-das-maes-do-comercio-de-barretos\/","title":{"rendered":"Sorteados os pr\u00eamios da Campanha de Dia das M\u00e3es do Com\u00e9rcio de Barretos"},"content":{"rendered":"<p><a href=\"https:\/\/regiaonews.net.br\/2022\/wp-content\/uploads\/2021\/05\/foto-3-scaled.jpg\"><img loading=\"lazy\" decoding=\"async\" class=\"alignnone size-medium wp-image-46778\" src=\"https:\/\/regiaonews.net.br\/2022\/wp-content\/uploads\/2021\/05\/foto-3-300x200.jpg\" alt=\"\" width=\"300\" height=\"200\" \/><\/a> <a href=\"https:\/\/regiaonews.net.br\/2022\/wp-content\/uploads\/2021\/05\/FOTO-1-scaled.jpg\"><img loading=\"lazy\" decoding=\"async\" class=\"alignnone size-medium wp-image-46779\" src=\"https:\/\/regiaonews.net.br\/2022\/wp-content\/uploads\/2021\/05\/FOTO-1-300x200.jpg\" alt=\"\" width=\"300\" height=\"200\" \/><\/a> <a href=\"https:\/\/regiaonews.net.br\/2022\/wp-content\/uploads\/2021\/05\/FOTO-2-scaled.jpg\"><img loading=\"lazy\" decoding=\"async\" class=\"alignnone size-medium wp-image-46780\" src=\"https:\/\/regiaonews.net.br\/2022\/wp-content\/uploads\/2021\/05\/FOTO-2-300x200.jpg\" alt=\"\" width=\"300\" height=\"200\" \/><\/a><\/p>\n<p>&nbsp;<\/p>\n<p>A ACIB &#8211; \u00a0Associa\u00e7\u00e3o Comercial e Industrial de Barretos e o Sincom\u00e9rcio realizaram na manh\u00e3 ter\u00e7a-feira, 11 de maio,\u00a0\u00a0o sorteio da\u00a0\u00a0Promo\u00e7\u00e3o de Dia das M\u00e3es no com\u00e9rcio de Barretos.<\/p>\n<p>Foram contemplados 27 (vinte e sete) clientes, que participaram durante a campanha deste ano, realizada de 19 de abril a 20 de maio\/ 2021. Este ano a Associa\u00e7\u00e3o levantou uma premia\u00e7\u00e3o recorde com a distribui\u00e7\u00e3o de diversos pr\u00eamios, incluindo uma poupan\u00e7a no valor de R$700,00 ( setecentos reais).<\/p>\n<p>Para a presidente da ACIB, Jackelyne Rossini, a campanha deste ano foi um sucesso e anuncia que em breve ser\u00e1 lan\u00e7ada nova campanha \u201c Ficamos satisfeitos com a ades\u00e3o da popula\u00e7\u00e3o de Barretos na Campanha de Dia das M\u00e3es, que contribuiu para um aumento das vendas neste per\u00edodo. J\u00e1 estamos trabalhando para a campanha de Dia dos Namorados, outra data de grande relev\u00e2ncia para o com\u00e9rcio de Barretos\u201d, fala.<\/p>\n<p>A entregados pr\u00eamios da Campanha de Dia das M\u00e3es est\u00e1 marcada para \u00a0o dia 13 de maio, \u00e0s 10h no audit\u00f3rio da ACIB.<\/p>\n<p>&nbsp;<\/p>\n<p>&nbsp;<\/p>\n<p>Confira a rela\u00e7\u00e3o dos premiados e respectivos pr\u00eamios:<\/p>\n<p>&nbsp;<\/p>\n<table width=\"633\">\n<tbody>\n<tr>\n<td width=\"255\">Ganhador<\/td>\n<td width=\"132\">Pr\u00eamios<\/td>\n<td width=\"132\">Patrocinador<\/td>\n<td width=\"113\">Empresa<\/td>\n<\/tr>\n<tr>\n<td width=\"255\">Cleuza Aparecida Souza Lima<\/td>\n<td width=\"132\"><strong>Rel\u00f3gio Feminino<\/strong><\/td>\n<td width=\"132\"><strong>Relojoaria Cristal<\/strong><\/td>\n<td width=\"113\">Dulig\u00e1s<\/td>\n<\/tr>\n<tr>\n<td width=\"255\">Rubia Bernardo<\/td>\n<td width=\"132\">Rel\u00f3gio Feminino<\/td>\n<td width=\"132\">Relojoaria Cristal<\/td>\n<td width=\"113\">Dulig\u00e1s<\/td>\n<\/tr>\n<tr>\n<td width=\"255\">Roseli V. Ramalho<\/td>\n<td width=\"132\">Vale Compra<\/p>\n<p>De R$ 300,00<\/td>\n<td width=\"132\">Relojoaria Orienti<\/td>\n<td width=\"113\">Chavitta Modas<\/td>\n<\/tr>\n<tr>\n<td width=\"255\">Sirlene Soares Silva<\/td>\n<td width=\"132\">Vale Compra De R$500,00<\/td>\n<td width=\"132\">Sup. Barretense<\/td>\n<td width=\"113\">Joia<\/td>\n<\/tr>\n<tr>\n<td width=\"255\">Therezinha Flor Santos<\/td>\n<td width=\"132\">\u00d3culos De Sol<\/td>\n<td width=\"132\">\u00d3tica Diniz<\/td>\n<td width=\"113\">Perfumaria Emy<\/td>\n<\/tr>\n<tr>\n<td width=\"255\">Sirlei D. B. Oliveira<\/td>\n<td width=\"132\">Anel De Ouro 18 K<\/td>\n<td width=\"132\">Gold Mig<\/td>\n<td width=\"113\">Korpo &amp; Kor<\/td>\n<\/tr>\n<tr>\n<td width=\"255\">Marinalva Vieira Silva<\/td>\n<td width=\"132\">Mesa De Passar Roupas<\/td>\n<td width=\"132\">Diva M\u00f3veis<\/td>\n<td width=\"113\">Lojas \u00c9d +<\/td>\n<\/tr>\n<tr>\n<td width=\"255\">Veronica R. De Oliveira Dos Santos<\/td>\n<td width=\"132\">01 Poupan\u00e7a De R$700,00<\/td>\n<td width=\"132\">Banco Sicredi<\/td>\n<td width=\"113\">Arlete Magazine<\/td>\n<\/tr>\n<tr>\n<td width=\"255\">Valdin\u00e9ia Ap. Da Silva Moura<\/td>\n<td width=\"132\">01 Jantar<\/p>\n<p>02 A 04 Pessoas<\/td>\n<td width=\"132\">Restaurante<\/p>\n<p>Don Don<\/td>\n<td width=\"113\">Korpo &amp; Kor<\/td>\n<\/tr>\n<tr>\n<td width=\"255\">Joana D. Barreto Ribeiro<\/td>\n<td width=\"132\">01 Modelador De Cabelo (Baby Liss)<\/td>\n<td width=\"132\">Perfumaria Emy<\/p>\n<p>&nbsp;<\/td>\n<td width=\"113\">Perfumaria Emy<\/td>\n<\/tr>\n<tr>\n<td width=\"255\">Cleide Ap. Forges Ramos<\/td>\n<td width=\"132\">01 Final De Semana\u00a0 Em Ol\u00edmpia (M\u00e3e E Filho)<\/td>\n<td width=\"132\">A.A. Turismo<\/p>\n<p>&nbsp;<\/td>\n<td width=\"113\">Vedovato &amp; Spina Odont.<\/td>\n<\/tr>\n<tr>\n<td width=\"255\">N\u00fabia Maria Da Silva Oliveira<\/td>\n<td width=\"132\">01 Curso Express De Ingl\u00eas (M\u00e3e E Filho)<\/td>\n<td width=\"132\">Wizard<\/p>\n<p>&nbsp;<\/td>\n<td width=\"113\">Mini Mercado Am<\/td>\n<\/tr>\n<tr>\n<td width=\"255\">Val\u00e9ria Ap. Maximiano Da Silva<\/td>\n<td width=\"132\">01 Look M\u00e3e E Filho<\/p>\n<p>&nbsp;<\/td>\n<td width=\"132\">Claudia Queiros Modas<\/td>\n<td width=\"113\">Amore Magazine<\/td>\n<\/tr>\n<tr>\n<td width=\"255\">Aclicia Menezes Lopes Da Silva<\/td>\n<td width=\"132\">Brinde Personalizado<\/td>\n<td width=\"132\">Dvi Radiologia<\/td>\n<td width=\"113\">Puricampo<\/td>\n<\/tr>\n<tr>\n<td width=\"255\">Claudemir Pescoroli<\/td>\n<td width=\"132\">Jogo De Tapetes Universal<\/td>\n<td width=\"132\">Pneu Center<\/p>\n<p>&nbsp;<\/td>\n<td width=\"113\">Chavitta Modas<\/td>\n<\/tr>\n<tr>\n<td width=\"255\">Maria Isabel Bispo Santos<\/td>\n<td width=\"132\">01 Balde Black Princess Mais Um Fardo De Black Princess Lata 350 Ml<\/td>\n<td width=\"132\">Toma Uma Cervejaria<\/p>\n<p>&nbsp;<\/td>\n<td width=\"113\">Farm\u00e1cia S\u00e3o Francisco<\/td>\n<\/tr>\n<tr>\n<td width=\"255\">Henrique T. Mendes<\/td>\n<td width=\"132\">Limpeza De Bico Injetor (Carro Flex)<\/p>\n<p>&nbsp;<\/td>\n<td width=\"132\">Paul\u00e3o Auto Cente<\/td>\n<td width=\"113\">K\u00e1tia Gouveia<\/td>\n<\/tr>\n<tr>\n<td width=\"255\">Michele Rodrigues<\/td>\n<td width=\"132\">&nbsp;<\/td>\n<td width=\"132\">Puricampo<\/td>\n<td width=\"113\">Constru Ribeiro<\/td>\n<\/tr>\n<tr>\n<td width=\"255\">Lilian Silva Aquino<\/td>\n<td width=\"132\">&nbsp;<\/td>\n<td width=\"132\">Duli G\u00e1s<\/td>\n<td width=\"113\">Manolo Supermercado<\/td>\n<\/tr>\n<tr>\n<td width=\"255\">Nilza Aparecida Ramos Alves<\/td>\n<td width=\"132\">&nbsp;<\/td>\n<td width=\"132\">Duli G\u00e1s<\/td>\n<td width=\"113\">Flora Barretos<\/td>\n<\/tr>\n<tr>\n<td width=\"255\">Patricia Siqueira Aquino<\/td>\n<td width=\"132\">&nbsp;<\/td>\n<td width=\"132\">Mario Seaba Podologia<\/td>\n<td width=\"113\">Silvia Presentes<\/td>\n<\/tr>\n<tr>\n<td width=\"255\">Carina Brassica<\/td>\n<td width=\"132\">&nbsp;<\/td>\n<td width=\"132\">Fabiana Gon\u00e7alves<\/td>\n<td width=\"113\">A\u00e7a\u00ed Purim<\/td>\n<\/tr>\n<tr>\n<td width=\"255\">Sirlene Rosa Grespan<\/td>\n<td width=\"132\">&nbsp;<\/td>\n<td width=\"132\">Floricultura Viviane<\/td>\n<td width=\"113\">A\u00e7a\u00ed Purim<\/td>\n<\/tr>\n<tr>\n<td width=\"255\">Elis\u00e2ngela Ap. Barros Silva<\/td>\n<td width=\"132\">&nbsp;<\/td>\n<td width=\"132\">Floricultura Viviane<\/td>\n<td width=\"113\">Korpo &amp; Kor<\/td>\n<\/tr>\n<tr>\n<td width=\"255\">Raquel Aparecido Valin<\/td>\n<td width=\"132\">&nbsp;<\/td>\n<td width=\"132\">Flora Barretos<\/td>\n<td width=\"113\">J\u00f3ia<\/td>\n<\/tr>\n<tr>\n<td width=\"255\">Adriana Santos Da Silva<\/td>\n<td width=\"132\">&nbsp;<\/td>\n<td width=\"132\">Bom Pre\u00e7o Textil<\/td>\n<td width=\"113\">Perfumaria Emy<\/td>\n<\/tr>\n<tr>\n<td width=\"255\">Liliane Aparecida Teodoro<\/td>\n<td width=\"132\">&nbsp;<\/td>\n<td width=\"132\">A\u00e7a\u00ed Purim -Loja Do Centro<\/td>\n<td width=\"113\">Puricampo<\/td>\n<\/tr>\n<\/tbody>\n<\/table>\n<p>&nbsp;<\/p>\n","protected":false},"excerpt":{"rendered":"<p>&nbsp; A ACIB &#8211; \u00a0Associa\u00e7\u00e3o Comercial e Industrial de Barretos<\/p>\n","protected":false},"author":2,"featured_media":46780,"comment_status":"open","ping_status":"open","sticky":false,"template":"","format":"standard","meta":{"footnotes":""},"categories":[14,25,48],"tags":[],"class_list":["post-46777","post","type-post","status-publish","format-standard","has-post-thumbnail","hentry","category-barretos","category-cidades","category-comercio"],"yoast_head":"<!-- This site is optimized with the Yoast SEO plugin v27.4 - https:\/\/yoast.com\/product\/yoast-seo-wordpress\/ -->\n<title>Sorteados os pr\u00eamios da Campanha de Dia das M\u00e3es do Com\u00e9rcio de Barretos - Regi\u00e3o News<\/title>\n<meta name=\"robots\" content=\"index, follow, max-snippet:-1, max-image-preview:large, max-video-preview:-1\" \/>\n<link rel=\"canonical\" href=\"https:\/\/regiaonews.net.br\/2022\/2021\/05\/11\/sorteados-os-premios-da-campanha-de-dia-das-maes-do-comercio-de-barretos\/\" \/>\n<meta property=\"og:locale\" content=\"pt_BR\" \/>\n<meta property=\"og:type\" content=\"article\" \/>\n<meta property=\"og:title\" content=\"Sorteados os pr\u00eamios da Campanha de Dia das M\u00e3es do Com\u00e9rcio de Barretos - Regi\u00e3o News\" \/>\n<meta property=\"og:description\" content=\"&nbsp; A ACIB &#8211; \u00a0Associa\u00e7\u00e3o Comercial e Industrial de Barretos\" \/>\n<meta property=\"og:url\" content=\"https:\/\/regiaonews.net.br\/2022\/2021\/05\/11\/sorteados-os-premios-da-campanha-de-dia-das-maes-do-comercio-de-barretos\/\" \/>\n<meta property=\"og:site_name\" content=\"Regi\u00e3o News\" \/>\n<meta property=\"article:published_time\" content=\"2021-05-11T16:00:14+00:00\" \/>\n<meta property=\"og:image\" content=\"https:\/\/regiaonews.net.br\/2022\/wp-content\/uploads\/2021\/05\/FOTO-2-scaled.jpg\" \/>\n\t<meta property=\"og:image:width\" content=\"6000\" \/>\n\t<meta property=\"og:image:height\" content=\"4000\" \/>\n\t<meta property=\"og:image:type\" content=\"image\/jpeg\" \/>\n<meta name=\"author\" content=\"Roberto\" \/>\n<meta name=\"twitter:card\" content=\"summary_large_image\" \/>\n<meta name=\"twitter:label1\" content=\"Escrito por\" \/>\n\t<meta name=\"twitter:data1\" content=\"Roberto\" \/>\n\t<meta name=\"twitter:label2\" content=\"Est. tempo de leitura\" \/>\n\t<meta name=\"twitter:data2\" content=\"3 minutos\" \/>\n<script type=\"application\/ld+json\" class=\"yoast-schema-graph\">{\"@context\":\"https:\\\/\\\/schema.org\",\"@graph\":[{\"@type\":\"Article\",\"@id\":\"https:\\\/\\\/regiaonews.net.br\\\/2022\\\/2021\\\/05\\\/11\\\/sorteados-os-premios-da-campanha-de-dia-das-maes-do-comercio-de-barretos\\\/#article\",\"isPartOf\":{\"@id\":\"https:\\\/\\\/regiaonews.net.br\\\/2022\\\/2021\\\/05\\\/11\\\/sorteados-os-premios-da-campanha-de-dia-das-maes-do-comercio-de-barretos\\\/\"},\"author\":{\"name\":\"Roberto\",\"@id\":\"https:\\\/\\\/regiaonews.net.br\\\/2022\\\/#\\\/schema\\\/person\\\/2d205a608a5aa97ac279d7a5e6d89ad8\"},\"headline\":\"Sorteados os pr\u00eamios da Campanha de Dia das M\u00e3es do Com\u00e9rcio de Barretos\",\"datePublished\":\"2021-05-11T16:00:14+00:00\",\"mainEntityOfPage\":{\"@id\":\"https:\\\/\\\/regiaonews.net.br\\\/2022\\\/2021\\\/05\\\/11\\\/sorteados-os-premios-da-campanha-de-dia-das-maes-do-comercio-de-barretos\\\/\"},\"wordCount\":553,\"commentCount\":0,\"publisher\":{\"@id\":\"https:\\\/\\\/regiaonews.net.br\\\/2022\\\/#organization\"},\"image\":{\"@id\":\"https:\\\/\\\/regiaonews.net.br\\\/2022\\\/2021\\\/05\\\/11\\\/sorteados-os-premios-da-campanha-de-dia-das-maes-do-comercio-de-barretos\\\/#primaryimage\"},\"thumbnailUrl\":\"https:\\\/\\\/regiaonews.net.br\\\/2022\\\/wp-content\\\/uploads\\\/2021\\\/05\\\/FOTO-2-scaled.jpg\",\"articleSection\":[\"Barretos\",\"Cidades\",\"Com\u00e9rcio\"],\"inLanguage\":\"pt-BR\",\"potentialAction\":[{\"@type\":\"CommentAction\",\"name\":\"Comment\",\"target\":[\"https:\\\/\\\/regiaonews.net.br\\\/2022\\\/2021\\\/05\\\/11\\\/sorteados-os-premios-da-campanha-de-dia-das-maes-do-comercio-de-barretos\\\/#respond\"]}]},{\"@type\":\"WebPage\",\"@id\":\"https:\\\/\\\/regiaonews.net.br\\\/2022\\\/2021\\\/05\\\/11\\\/sorteados-os-premios-da-campanha-de-dia-das-maes-do-comercio-de-barretos\\\/\",\"url\":\"https:\\\/\\\/regiaonews.net.br\\\/2022\\\/2021\\\/05\\\/11\\\/sorteados-os-premios-da-campanha-de-dia-das-maes-do-comercio-de-barretos\\\/\",\"name\":\"Sorteados os pr\u00eamios da Campanha de Dia das M\u00e3es do Com\u00e9rcio de Barretos - Regi\u00e3o News\",\"isPartOf\":{\"@id\":\"https:\\\/\\\/regiaonews.net.br\\\/2022\\\/#website\"},\"primaryImageOfPage\":{\"@id\":\"https:\\\/\\\/regiaonews.net.br\\\/2022\\\/2021\\\/05\\\/11\\\/sorteados-os-premios-da-campanha-de-dia-das-maes-do-comercio-de-barretos\\\/#primaryimage\"},\"image\":{\"@id\":\"https:\\\/\\\/regiaonews.net.br\\\/2022\\\/2021\\\/05\\\/11\\\/sorteados-os-premios-da-campanha-de-dia-das-maes-do-comercio-de-barretos\\\/#primaryimage\"},\"thumbnailUrl\":\"https:\\\/\\\/regiaonews.net.br\\\/2022\\\/wp-content\\\/uploads\\\/2021\\\/05\\\/FOTO-2-scaled.jpg\",\"datePublished\":\"2021-05-11T16:00:14+00:00\",\"breadcrumb\":{\"@id\":\"https:\\\/\\\/regiaonews.net.br\\\/2022\\\/2021\\\/05\\\/11\\\/sorteados-os-premios-da-campanha-de-dia-das-maes-do-comercio-de-barretos\\\/#breadcrumb\"},\"inLanguage\":\"pt-BR\",\"potentialAction\":[{\"@type\":\"ReadAction\",\"target\":[\"https:\\\/\\\/regiaonews.net.br\\\/2022\\\/2021\\\/05\\\/11\\\/sorteados-os-premios-da-campanha-de-dia-das-maes-do-comercio-de-barretos\\\/\"]}]},{\"@type\":\"ImageObject\",\"inLanguage\":\"pt-BR\",\"@id\":\"https:\\\/\\\/regiaonews.net.br\\\/2022\\\/2021\\\/05\\\/11\\\/sorteados-os-premios-da-campanha-de-dia-das-maes-do-comercio-de-barretos\\\/#primaryimage\",\"url\":\"https:\\\/\\\/regiaonews.net.br\\\/2022\\\/wp-content\\\/uploads\\\/2021\\\/05\\\/FOTO-2-scaled.jpg\",\"contentUrl\":\"https:\\\/\\\/regiaonews.net.br\\\/2022\\\/wp-content\\\/uploads\\\/2021\\\/05\\\/FOTO-2-scaled.jpg\",\"width\":6000,\"height\":4000},{\"@type\":\"BreadcrumbList\",\"@id\":\"https:\\\/\\\/regiaonews.net.br\\\/2022\\\/2021\\\/05\\\/11\\\/sorteados-os-premios-da-campanha-de-dia-das-maes-do-comercio-de-barretos\\\/#breadcrumb\",\"itemListElement\":[{\"@type\":\"ListItem\",\"position\":1,\"name\":\"In\u00edcio\",\"item\":\"https:\\\/\\\/regiaonews.net.br\\\/2022\\\/\"},{\"@type\":\"ListItem\",\"position\":2,\"name\":\"Sorteados os pr\u00eamios da Campanha de Dia das M\u00e3es do Com\u00e9rcio de Barretos\"}]},{\"@type\":\"WebSite\",\"@id\":\"https:\\\/\\\/regiaonews.net.br\\\/2022\\\/#website\",\"url\":\"https:\\\/\\\/regiaonews.net.br\\\/2022\\\/\",\"name\":\"Regi\u00e3o News\",\"description\":\"Site de Not\u00edcias de Barretos e regi\u00e3o\",\"publisher\":{\"@id\":\"https:\\\/\\\/regiaonews.net.br\\\/2022\\\/#organization\"},\"potentialAction\":[{\"@type\":\"SearchAction\",\"target\":{\"@type\":\"EntryPoint\",\"urlTemplate\":\"https:\\\/\\\/regiaonews.net.br\\\/2022\\\/?s={search_term_string}\"},\"query-input\":{\"@type\":\"PropertyValueSpecification\",\"valueRequired\":true,\"valueName\":\"search_term_string\"}}],\"inLanguage\":\"pt-BR\"},{\"@type\":\"Organization\",\"@id\":\"https:\\\/\\\/regiaonews.net.br\\\/2022\\\/#organization\",\"name\":\"Regi\u00e3o News\",\"url\":\"https:\\\/\\\/regiaonews.net.br\\\/2022\\\/\",\"logo\":{\"@type\":\"ImageObject\",\"inLanguage\":\"pt-BR\",\"@id\":\"https:\\\/\\\/regiaonews.net.br\\\/2022\\\/#\\\/schema\\\/logo\\\/image\\\/\",\"url\":\"https:\\\/\\\/regiaonews.net.br\\\/2022\\\/wp-content\\\/uploads\\\/2026\\\/03\\\/regiao-13-anos-scaled.jpg\",\"contentUrl\":\"https:\\\/\\\/regiaonews.net.br\\\/2022\\\/wp-content\\\/uploads\\\/2026\\\/03\\\/regiao-13-anos-scaled.jpg\",\"width\":2560,\"height\":635,\"caption\":\"Regi\u00e3o News\"},\"image\":{\"@id\":\"https:\\\/\\\/regiaonews.net.br\\\/2022\\\/#\\\/schema\\\/logo\\\/image\\\/\"}},{\"@type\":\"Person\",\"@id\":\"https:\\\/\\\/regiaonews.net.br\\\/2022\\\/#\\\/schema\\\/person\\\/2d205a608a5aa97ac279d7a5e6d89ad8\",\"name\":\"Roberto\",\"image\":{\"@type\":\"ImageObject\",\"inLanguage\":\"pt-BR\",\"@id\":\"https:\\\/\\\/secure.gravatar.com\\\/avatar\\\/42749d8b712ff9d59ca93dc150494e5b55a44134482993f5baeb97e61b7ecc89?s=96&d=mm&r=g\",\"url\":\"https:\\\/\\\/secure.gravatar.com\\\/avatar\\\/42749d8b712ff9d59ca93dc150494e5b55a44134482993f5baeb97e61b7ecc89?s=96&d=mm&r=g\",\"contentUrl\":\"https:\\\/\\\/secure.gravatar.com\\\/avatar\\\/42749d8b712ff9d59ca93dc150494e5b55a44134482993f5baeb97e61b7ecc89?s=96&d=mm&r=g\",\"caption\":\"Roberto\"},\"url\":\"https:\\\/\\\/regiaonews.net.br\\\/2022\\\/author\\\/roberto\\\/\"}]}<\/script>\n<!-- \/ Yoast SEO plugin. -->","yoast_head_json":{"title":"Sorteados os pr\u00eamios da Campanha de Dia das M\u00e3es do Com\u00e9rcio de Barretos - Regi\u00e3o News","robots":{"index":"index","follow":"follow","max-snippet":"max-snippet:-1","max-image-preview":"max-image-preview:large","max-video-preview":"max-video-preview:-1"},"canonical":"https:\/\/regiaonews.net.br\/2022\/2021\/05\/11\/sorteados-os-premios-da-campanha-de-dia-das-maes-do-comercio-de-barretos\/","og_locale":"pt_BR","og_type":"article","og_title":"Sorteados os pr\u00eamios da Campanha de Dia das M\u00e3es do Com\u00e9rcio de Barretos - Regi\u00e3o News","og_description":"&nbsp; A ACIB &#8211; \u00a0Associa\u00e7\u00e3o Comercial e Industrial de Barretos","og_url":"https:\/\/regiaonews.net.br\/2022\/2021\/05\/11\/sorteados-os-premios-da-campanha-de-dia-das-maes-do-comercio-de-barretos\/","og_site_name":"Regi\u00e3o News","article_published_time":"2021-05-11T16:00:14+00:00","og_image":[{"width":6000,"height":4000,"url":"https:\/\/regiaonews.net.br\/2022\/wp-content\/uploads\/2021\/05\/FOTO-2-scaled.jpg","type":"image\/jpeg"}],"author":"Roberto","twitter_card":"summary_large_image","twitter_misc":{"Escrito por":"Roberto","Est. tempo de leitura":"3 minutos"},"schema":{"@context":"https:\/\/schema.org","@graph":[{"@type":"Article","@id":"https:\/\/regiaonews.net.br\/2022\/2021\/05\/11\/sorteados-os-premios-da-campanha-de-dia-das-maes-do-comercio-de-barretos\/#article","isPartOf":{"@id":"https:\/\/regiaonews.net.br\/2022\/2021\/05\/11\/sorteados-os-premios-da-campanha-de-dia-das-maes-do-comercio-de-barretos\/"},"author":{"name":"Roberto","@id":"https:\/\/regiaonews.net.br\/2022\/#\/schema\/person\/2d205a608a5aa97ac279d7a5e6d89ad8"},"headline":"Sorteados os pr\u00eamios da Campanha de Dia das M\u00e3es do Com\u00e9rcio de Barretos","datePublished":"2021-05-11T16:00:14+00:00","mainEntityOfPage":{"@id":"https:\/\/regiaonews.net.br\/2022\/2021\/05\/11\/sorteados-os-premios-da-campanha-de-dia-das-maes-do-comercio-de-barretos\/"},"wordCount":553,"commentCount":0,"publisher":{"@id":"https:\/\/regiaonews.net.br\/2022\/#organization"},"image":{"@id":"https:\/\/regiaonews.net.br\/2022\/2021\/05\/11\/sorteados-os-premios-da-campanha-de-dia-das-maes-do-comercio-de-barretos\/#primaryimage"},"thumbnailUrl":"https:\/\/regiaonews.net.br\/2022\/wp-content\/uploads\/2021\/05\/FOTO-2-scaled.jpg","articleSection":["Barretos","Cidades","Com\u00e9rcio"],"inLanguage":"pt-BR","potentialAction":[{"@type":"CommentAction","name":"Comment","target":["https:\/\/regiaonews.net.br\/2022\/2021\/05\/11\/sorteados-os-premios-da-campanha-de-dia-das-maes-do-comercio-de-barretos\/#respond"]}]},{"@type":"WebPage","@id":"https:\/\/regiaonews.net.br\/2022\/2021\/05\/11\/sorteados-os-premios-da-campanha-de-dia-das-maes-do-comercio-de-barretos\/","url":"https:\/\/regiaonews.net.br\/2022\/2021\/05\/11\/sorteados-os-premios-da-campanha-de-dia-das-maes-do-comercio-de-barretos\/","name":"Sorteados os pr\u00eamios da Campanha de Dia das M\u00e3es do Com\u00e9rcio de Barretos - Regi\u00e3o News","isPartOf":{"@id":"https:\/\/regiaonews.net.br\/2022\/#website"},"primaryImageOfPage":{"@id":"https:\/\/regiaonews.net.br\/2022\/2021\/05\/11\/sorteados-os-premios-da-campanha-de-dia-das-maes-do-comercio-de-barretos\/#primaryimage"},"image":{"@id":"https:\/\/regiaonews.net.br\/2022\/2021\/05\/11\/sorteados-os-premios-da-campanha-de-dia-das-maes-do-comercio-de-barretos\/#primaryimage"},"thumbnailUrl":"https:\/\/regiaonews.net.br\/2022\/wp-content\/uploads\/2021\/05\/FOTO-2-scaled.jpg","datePublished":"2021-05-11T16:00:14+00:00","breadcrumb":{"@id":"https:\/\/regiaonews.net.br\/2022\/2021\/05\/11\/sorteados-os-premios-da-campanha-de-dia-das-maes-do-comercio-de-barretos\/#breadcrumb"},"inLanguage":"pt-BR","potentialAction":[{"@type":"ReadAction","target":["https:\/\/regiaonews.net.br\/2022\/2021\/05\/11\/sorteados-os-premios-da-campanha-de-dia-das-maes-do-comercio-de-barretos\/"]}]},{"@type":"ImageObject","inLanguage":"pt-BR","@id":"https:\/\/regiaonews.net.br\/2022\/2021\/05\/11\/sorteados-os-premios-da-campanha-de-dia-das-maes-do-comercio-de-barretos\/#primaryimage","url":"https:\/\/regiaonews.net.br\/2022\/wp-content\/uploads\/2021\/05\/FOTO-2-scaled.jpg","contentUrl":"https:\/\/regiaonews.net.br\/2022\/wp-content\/uploads\/2021\/05\/FOTO-2-scaled.jpg","width":6000,"height":4000},{"@type":"BreadcrumbList","@id":"https:\/\/regiaonews.net.br\/2022\/2021\/05\/11\/sorteados-os-premios-da-campanha-de-dia-das-maes-do-comercio-de-barretos\/#breadcrumb","itemListElement":[{"@type":"ListItem","position":1,"name":"In\u00edcio","item":"https:\/\/regiaonews.net.br\/2022\/"},{"@type":"ListItem","position":2,"name":"Sorteados os pr\u00eamios da Campanha de Dia das M\u00e3es do Com\u00e9rcio de Barretos"}]},{"@type":"WebSite","@id":"https:\/\/regiaonews.net.br\/2022\/#website","url":"https:\/\/regiaonews.net.br\/2022\/","name":"Regi\u00e3o News","description":"Site de Not\u00edcias de Barretos e regi\u00e3o","publisher":{"@id":"https:\/\/regiaonews.net.br\/2022\/#organization"},"potentialAction":[{"@type":"SearchAction","target":{"@type":"EntryPoint","urlTemplate":"https:\/\/regiaonews.net.br\/2022\/?s={search_term_string}"},"query-input":{"@type":"PropertyValueSpecification","valueRequired":true,"valueName":"search_term_string"}}],"inLanguage":"pt-BR"},{"@type":"Organization","@id":"https:\/\/regiaonews.net.br\/2022\/#organization","name":"Regi\u00e3o News","url":"https:\/\/regiaonews.net.br\/2022\/","logo":{"@type":"ImageObject","inLanguage":"pt-BR","@id":"https:\/\/regiaonews.net.br\/2022\/#\/schema\/logo\/image\/","url":"https:\/\/regiaonews.net.br\/2022\/wp-content\/uploads\/2026\/03\/regiao-13-anos-scaled.jpg","contentUrl":"https:\/\/regiaonews.net.br\/2022\/wp-content\/uploads\/2026\/03\/regiao-13-anos-scaled.jpg","width":2560,"height":635,"caption":"Regi\u00e3o News"},"image":{"@id":"https:\/\/regiaonews.net.br\/2022\/#\/schema\/logo\/image\/"}},{"@type":"Person","@id":"https:\/\/regiaonews.net.br\/2022\/#\/schema\/person\/2d205a608a5aa97ac279d7a5e6d89ad8","name":"Roberto","image":{"@type":"ImageObject","inLanguage":"pt-BR","@id":"https:\/\/secure.gravatar.com\/avatar\/42749d8b712ff9d59ca93dc150494e5b55a44134482993f5baeb97e61b7ecc89?s=96&d=mm&r=g","url":"https:\/\/secure.gravatar.com\/avatar\/42749d8b712ff9d59ca93dc150494e5b55a44134482993f5baeb97e61b7ecc89?s=96&d=mm&r=g","contentUrl":"https:\/\/secure.gravatar.com\/avatar\/42749d8b712ff9d59ca93dc150494e5b55a44134482993f5baeb97e61b7ecc89?s=96&d=mm&r=g","caption":"Roberto"},"url":"https:\/\/regiaonews.net.br\/2022\/author\/roberto\/"}]}},"publishpress_future_action":{"enabled":false,"date":"2026-05-04 07:25:11","action":"change-status","newStatus":"draft","terms":[],"taxonomy":"category","extraData":[]},"publishpress_future_workflow_manual_trigger":{"enabledWorkflows":[]},"_links":{"self":[{"href":"https:\/\/regiaonews.net.br\/2022\/wp-json\/wp\/v2\/posts\/46777","targetHints":{"allow":["GET"]}}],"collection":[{"href":"https:\/\/regiaonews.net.br\/2022\/wp-json\/wp\/v2\/posts"}],"about":[{"href":"https:\/\/regiaonews.net.br\/2022\/wp-json\/wp\/v2\/types\/post"}],"author":[{"embeddable":true,"href":"https:\/\/regiaonews.net.br\/2022\/wp-json\/wp\/v2\/users\/2"}],"replies":[{"embeddable":true,"href":"https:\/\/regiaonews.net.br\/2022\/wp-json\/wp\/v2\/comments?post=46777"}],"version-history":[{"count":0,"href":"https:\/\/regiaonews.net.br\/2022\/wp-json\/wp\/v2\/posts\/46777\/revisions"}],"wp:featuredmedia":[{"embeddable":true,"href":"https:\/\/regiaonews.net.br\/2022\/wp-json\/wp\/v2\/media\/46780"}],"wp:attachment":[{"href":"https:\/\/regiaonews.net.br\/2022\/wp-json\/wp\/v2\/media?parent=46777"}],"wp:term":[{"taxonomy":"category","embeddable":true,"href":"https:\/\/regiaonews.net.br\/2022\/wp-json\/wp\/v2\/categories?post=46777"},{"taxonomy":"post_tag","embeddable":true,"href":"https:\/\/regiaonews.net.br\/2022\/wp-json\/wp\/v2\/tags?post=46777"}],"curies":[{"name":"wp","href":"https:\/\/api.w.org\/{rel}","templated":true}]}}