{"id":46737,"date":"2021-05-10T10:23:44","date_gmt":"2021-05-10T13:23:44","guid":{"rendered":"https:\/\/regiaonews.net.br\/2022\/?p=46737"},"modified":"2021-05-10T10:23:44","modified_gmt":"2021-05-10T13:23:44","slug":"sp-comeca-a-vacinar-pacientes-renais-transplantados-e-pessoas-com-sindrome-de-down-nesta-segunda","status":"publish","type":"post","link":"https:\/\/regiaonews.net.br\/2022\/2021\/05\/10\/sp-comeca-a-vacinar-pacientes-renais-transplantados-e-pessoas-com-sindrome-de-down-nesta-segunda\/","title":{"rendered":"SP come\u00e7a a vacinar pacientes renais, transplantados e pessoas com S\u00edndrome de Down nesta segunda"},"content":{"rendered":"<p class=\"content-head__subtitle\">Segundo a Coordenadoria de Controle de Doen\u00e7as do estado de S\u00e3o Paulo, o grupo est\u00e1 entre as prioridades das comorbidades.<\/p>\n<p><a href=\"https:\/\/regiaonews.net.br\/2022\/wp-content\/uploads\/2021\/05\/calendario.jpg\"><img loading=\"lazy\" decoding=\"async\" class=\"alignnone size-medium wp-image-46738\" src=\"https:\/\/regiaonews.net.br\/2022\/wp-content\/uploads\/2021\/05\/calendario-300x179.jpg\" alt=\"\" width=\"300\" height=\"179\" \/><\/a><\/p>\n<div class=\"mc-column content-text active-extra-styles \" data-block-type=\"unstyled\" data-block-weight=\"41\" data-block-id=\"2\">\n<p class=\"content-text__container \" data-track-category=\"Link no Texto\" data-track-links=\"\">O governo de\u00a0<a href=\"https:\/\/g1.globo.com\/sp\/sao-paulo\/\">S\u00e3o Paulo<\/a>\u00a0come\u00e7a a vacinar\u00a0<span class=\"highlight highlighted\">pessoas com S\u00edndrome de Down, pacientes transplantados e pacientes renais em di\u00e1lise, de 18 a 59 anos,<\/span>\u00a0a partir desta segunda-feira (10). A expectativa \u00e9 a de vacinar 120 mil pessoas neste grupo.<\/p>\n<\/div>\n<div class=\"wall protected-content\">\n<div class=\"mc-column content-text active-extra-styles \" data-block-type=\"unstyled\" data-block-weight=\"34\" data-block-id=\"3\">\n<p class=\"content-text__container \" data-track-category=\"Link no Texto\" data-track-links=\"\">A prioriza\u00e7\u00e3o de pessoas com Down, pacientes renais e transplantados faz parte do Programa Nacional de Imuniza\u00e7\u00e3o (PNI), segundo Regiane de Paula, da Coordenadoria de Controle de Doen\u00e7as do estado de S\u00e3o Paulo.<\/p>\n<\/div>\n<div class=\"mc-column content-text active-extra-styles \" data-block-type=\"unstyled\" data-block-weight=\"37\" data-block-id=\"4\">\n<p class=\"content-text__container \" data-track-category=\"Link no Texto\" data-track-links=\"\">&#8220;Lembramos que esse \u00e9 um grupo priorit\u00e1rio das comorbidades, por isso n\u00f3s decidimos abrir essas faixas et\u00e1rias. O Programa Nacional de Imuniza\u00e7\u00e3o [PNI] coloca como sendo um grupo priorit\u00e1rio dentro das comorbidades&#8221;, disse Regiane de Paula.<\/p>\n<\/div>\n<div class=\"mc-column content-text active-extra-styles \" data-block-type=\"unstyled\" data-block-weight=\"45\" data-block-id=\"5\">\n<p class=\"content-text__container \" data-track-category=\"Link no Texto\" data-track-links=\"\">Nesta ter\u00e7a-feira (11), ser\u00e1 a vez dos\u00a0<a href=\"https:\/\/g1.globo.com\/sp\/sao-paulo\/noticia\/2021\/04\/19\/governo-de-sp-anuncia-vacinacao-de-funcionarios-do-metro-e-da-cptm-contra-covid-19-a-partir-de-11-de-maio.ghtml\">funcion\u00e1rios do Metr\u00f4 e da Companhia Paulista de Trens Metropolitanos (CPTM)\u00a0<\/a>Ser\u00e3o vacinados todos os operadores de trens, independente da idade, e funcion\u00e1rios que t\u00eam contato com o p\u00fablico e idade acima de 47 anos.<\/p>\n<\/div>\n<div class=\"mc-column content-text active-extra-styles \" data-block-type=\"unstyled\" data-block-weight=\"31\" data-block-id=\"6\">\n<p class=\"content-text__container \" data-track-category=\"Link no Texto\" data-track-links=\"\">Na pr\u00f3xima ter\u00e7a, dia 18,\u00a0<span class=\"highlight highlighted\">motoristas e cobradores de \u00f4nibus municipais e intermunicipais<\/span>, come\u00e7ar\u00e3o a ser imunizados. Segundo o governo estadual, 165 mil pessoas v\u00e3o receber a vacina nesta etapa.<\/p>\n<\/div>\n<div class=\"mc-column content-text active-extra-styles \" data-block-type=\"unstyled\" data-block-weight=\"33\" data-block-id=\"7\">\n<p class=\"content-text__container \" data-track-category=\"Link no Texto\" data-track-links=\"\">Na \u00faltima sexta,<a href=\"https:\/\/g1.globo.com\/sp\/sao-paulo\/noticia\/2021\/05\/07\/sp-anuncia-vacinacao-de-pessoas-de-50-a-54-anos-com-comorbidades-ou-deficiencia-permanente-a-partir-de-14-de-maio.ghtml\">\u00a0o governo anunciou a vacina\u00e7\u00e3o contra a Covid-19 de pessoas com idade entre 50 e 54 anos com doen\u00e7as preexistentes ou defici\u00eancia permanente<\/a>\u00a0a partir de 14 de maio.<\/p>\n<p data-track-category=\"Link no Texto\" data-track-links=\"\">Gr\u00e1vidas e pu\u00e9rperas com comorbidades e as pessoas com idade entre 55 e 59 anos com doen\u00e7as preexistentes ou defici\u00eancia permanente j\u00e1 haviam sido inclu\u00eddas no grupo priorit\u00e1rio.<\/p>\n<p data-track-category=\"Link no Texto\" data-track-links=\"\">\n<p data-track-category=\"Link no Texto\" data-track-links=\"\">fonte : G1<\/p>\n<\/div>\n<\/div>\n","protected":false},"excerpt":{"rendered":"<p>Segundo a Coordenadoria de Controle de Doen\u00e7as do estado de<\/p>\n","protected":false},"author":2,"featured_media":37780,"comment_status":"open","ping_status":"open","sticky":false,"template":"","format":"standard","meta":{"footnotes":""},"categories":[25,7],"tags":[],"class_list":["post-46737","post","type-post","status-publish","format-standard","has-post-thumbnail","hentry","category-cidades","category-estado-de-sao-paulo"],"yoast_head":"<!-- This site is optimized with the Yoast SEO plugin v27.4 - https:\/\/yoast.com\/product\/yoast-seo-wordpress\/ -->\n<title>SP come\u00e7a a vacinar pacientes renais, transplantados e pessoas com S\u00edndrome de Down nesta segunda - Regi\u00e3o News<\/title>\n<meta name=\"robots\" content=\"index, follow, max-snippet:-1, max-image-preview:large, max-video-preview:-1\" \/>\n<link rel=\"canonical\" href=\"https:\/\/regiaonews.net.br\/2022\/2021\/05\/10\/sp-comeca-a-vacinar-pacientes-renais-transplantados-e-pessoas-com-sindrome-de-down-nesta-segunda\/\" \/>\n<meta property=\"og:locale\" content=\"pt_BR\" \/>\n<meta property=\"og:type\" content=\"article\" \/>\n<meta property=\"og:title\" content=\"SP come\u00e7a a vacinar pacientes renais, transplantados e pessoas com S\u00edndrome de Down nesta segunda - Regi\u00e3o News\" \/>\n<meta property=\"og:description\" content=\"Segundo a Coordenadoria de Controle de Doen\u00e7as do estado de\" \/>\n<meta property=\"og:url\" content=\"https:\/\/regiaonews.net.br\/2022\/2021\/05\/10\/sp-comeca-a-vacinar-pacientes-renais-transplantados-e-pessoas-com-sindrome-de-down-nesta-segunda\/\" \/>\n<meta property=\"og:site_name\" content=\"Regi\u00e3o News\" \/>\n<meta property=\"article:published_time\" content=\"2021-05-10T13:23:44+00:00\" \/>\n<meta property=\"og:image\" content=\"https:\/\/regiaonews.net.br\/2022\/wp-content\/uploads\/2020\/09\/2020-05-18t143443z_1_lynxmpeg4h1mb_rtroptp_4_health-coronavirus-vaccine.jpg\" \/>\n\t<meta property=\"og:image:width\" content=\"1170\" \/>\n\t<meta property=\"og:image:height\" content=\"700\" \/>\n\t<meta property=\"og:image:type\" content=\"image\/jpeg\" \/>\n<meta name=\"author\" content=\"Roberto\" \/>\n<meta name=\"twitter:card\" content=\"summary_large_image\" \/>\n<meta name=\"twitter:label1\" content=\"Escrito por\" \/>\n\t<meta name=\"twitter:data1\" content=\"Roberto\" \/>\n\t<meta name=\"twitter:label2\" content=\"Est. tempo de leitura\" \/>\n\t<meta name=\"twitter:data2\" content=\"1 minuto\" \/>\n<script type=\"application\/ld+json\" class=\"yoast-schema-graph\">{\"@context\":\"https:\\\/\\\/schema.org\",\"@graph\":[{\"@type\":\"Article\",\"@id\":\"https:\\\/\\\/regiaonews.net.br\\\/2022\\\/2021\\\/05\\\/10\\\/sp-comeca-a-vacinar-pacientes-renais-transplantados-e-pessoas-com-sindrome-de-down-nesta-segunda\\\/#article\",\"isPartOf\":{\"@id\":\"https:\\\/\\\/regiaonews.net.br\\\/2022\\\/2021\\\/05\\\/10\\\/sp-comeca-a-vacinar-pacientes-renais-transplantados-e-pessoas-com-sindrome-de-down-nesta-segunda\\\/\"},\"author\":{\"name\":\"Roberto\",\"@id\":\"https:\\\/\\\/regiaonews.net.br\\\/2022\\\/#\\\/schema\\\/person\\\/2d205a608a5aa97ac279d7a5e6d89ad8\"},\"headline\":\"SP come\u00e7a a vacinar pacientes renais, transplantados e pessoas com S\u00edndrome de Down nesta segunda\",\"datePublished\":\"2021-05-10T13:23:44+00:00\",\"mainEntityOfPage\":{\"@id\":\"https:\\\/\\\/regiaonews.net.br\\\/2022\\\/2021\\\/05\\\/10\\\/sp-comeca-a-vacinar-pacientes-renais-transplantados-e-pessoas-com-sindrome-de-down-nesta-segunda\\\/\"},\"wordCount\":301,\"commentCount\":0,\"publisher\":{\"@id\":\"https:\\\/\\\/regiaonews.net.br\\\/2022\\\/#organization\"},\"image\":{\"@id\":\"https:\\\/\\\/regiaonews.net.br\\\/2022\\\/2021\\\/05\\\/10\\\/sp-comeca-a-vacinar-pacientes-renais-transplantados-e-pessoas-com-sindrome-de-down-nesta-segunda\\\/#primaryimage\"},\"thumbnailUrl\":\"https:\\\/\\\/regiaonews.net.br\\\/2022\\\/wp-content\\\/uploads\\\/2020\\\/09\\\/2020-05-18t143443z_1_lynxmpeg4h1mb_rtroptp_4_health-coronavirus-vaccine.jpg\",\"articleSection\":[\"Cidades\",\"Estado de S\u00e3o Paulo\"],\"inLanguage\":\"pt-BR\",\"potentialAction\":[{\"@type\":\"CommentAction\",\"name\":\"Comment\",\"target\":[\"https:\\\/\\\/regiaonews.net.br\\\/2022\\\/2021\\\/05\\\/10\\\/sp-comeca-a-vacinar-pacientes-renais-transplantados-e-pessoas-com-sindrome-de-down-nesta-segunda\\\/#respond\"]}]},{\"@type\":\"WebPage\",\"@id\":\"https:\\\/\\\/regiaonews.net.br\\\/2022\\\/2021\\\/05\\\/10\\\/sp-comeca-a-vacinar-pacientes-renais-transplantados-e-pessoas-com-sindrome-de-down-nesta-segunda\\\/\",\"url\":\"https:\\\/\\\/regiaonews.net.br\\\/2022\\\/2021\\\/05\\\/10\\\/sp-comeca-a-vacinar-pacientes-renais-transplantados-e-pessoas-com-sindrome-de-down-nesta-segunda\\\/\",\"name\":\"SP come\u00e7a a vacinar pacientes renais, transplantados e pessoas com S\u00edndrome de Down nesta segunda - Regi\u00e3o News\",\"isPartOf\":{\"@id\":\"https:\\\/\\\/regiaonews.net.br\\\/2022\\\/#website\"},\"primaryImageOfPage\":{\"@id\":\"https:\\\/\\\/regiaonews.net.br\\\/2022\\\/2021\\\/05\\\/10\\\/sp-comeca-a-vacinar-pacientes-renais-transplantados-e-pessoas-com-sindrome-de-down-nesta-segunda\\\/#primaryimage\"},\"image\":{\"@id\":\"https:\\\/\\\/regiaonews.net.br\\\/2022\\\/2021\\\/05\\\/10\\\/sp-comeca-a-vacinar-pacientes-renais-transplantados-e-pessoas-com-sindrome-de-down-nesta-segunda\\\/#primaryimage\"},\"thumbnailUrl\":\"https:\\\/\\\/regiaonews.net.br\\\/2022\\\/wp-content\\\/uploads\\\/2020\\\/09\\\/2020-05-18t143443z_1_lynxmpeg4h1mb_rtroptp_4_health-coronavirus-vaccine.jpg\",\"datePublished\":\"2021-05-10T13:23:44+00:00\",\"breadcrumb\":{\"@id\":\"https:\\\/\\\/regiaonews.net.br\\\/2022\\\/2021\\\/05\\\/10\\\/sp-comeca-a-vacinar-pacientes-renais-transplantados-e-pessoas-com-sindrome-de-down-nesta-segunda\\\/#breadcrumb\"},\"inLanguage\":\"pt-BR\",\"potentialAction\":[{\"@type\":\"ReadAction\",\"target\":[\"https:\\\/\\\/regiaonews.net.br\\\/2022\\\/2021\\\/05\\\/10\\\/sp-comeca-a-vacinar-pacientes-renais-transplantados-e-pessoas-com-sindrome-de-down-nesta-segunda\\\/\"]}]},{\"@type\":\"ImageObject\",\"inLanguage\":\"pt-BR\",\"@id\":\"https:\\\/\\\/regiaonews.net.br\\\/2022\\\/2021\\\/05\\\/10\\\/sp-comeca-a-vacinar-pacientes-renais-transplantados-e-pessoas-com-sindrome-de-down-nesta-segunda\\\/#primaryimage\",\"url\":\"https:\\\/\\\/regiaonews.net.br\\\/2022\\\/wp-content\\\/uploads\\\/2020\\\/09\\\/2020-05-18t143443z_1_lynxmpeg4h1mb_rtroptp_4_health-coronavirus-vaccine.jpg\",\"contentUrl\":\"https:\\\/\\\/regiaonews.net.br\\\/2022\\\/wp-content\\\/uploads\\\/2020\\\/09\\\/2020-05-18t143443z_1_lynxmpeg4h1mb_rtroptp_4_health-coronavirus-vaccine.jpg\",\"width\":1170,\"height\":700},{\"@type\":\"BreadcrumbList\",\"@id\":\"https:\\\/\\\/regiaonews.net.br\\\/2022\\\/2021\\\/05\\\/10\\\/sp-comeca-a-vacinar-pacientes-renais-transplantados-e-pessoas-com-sindrome-de-down-nesta-segunda\\\/#breadcrumb\",\"itemListElement\":[{\"@type\":\"ListItem\",\"position\":1,\"name\":\"In\u00edcio\",\"item\":\"https:\\\/\\\/regiaonews.net.br\\\/2022\\\/\"},{\"@type\":\"ListItem\",\"position\":2,\"name\":\"SP come\u00e7a a vacinar pacientes renais, transplantados e pessoas com S\u00edndrome de Down nesta segunda\"}]},{\"@type\":\"WebSite\",\"@id\":\"https:\\\/\\\/regiaonews.net.br\\\/2022\\\/#website\",\"url\":\"https:\\\/\\\/regiaonews.net.br\\\/2022\\\/\",\"name\":\"Regi\u00e3o News\",\"description\":\"Site de Not\u00edcias de Barretos e regi\u00e3o\",\"publisher\":{\"@id\":\"https:\\\/\\\/regiaonews.net.br\\\/2022\\\/#organization\"},\"potentialAction\":[{\"@type\":\"SearchAction\",\"target\":{\"@type\":\"EntryPoint\",\"urlTemplate\":\"https:\\\/\\\/regiaonews.net.br\\\/2022\\\/?s={search_term_string}\"},\"query-input\":{\"@type\":\"PropertyValueSpecification\",\"valueRequired\":true,\"valueName\":\"search_term_string\"}}],\"inLanguage\":\"pt-BR\"},{\"@type\":\"Organization\",\"@id\":\"https:\\\/\\\/regiaonews.net.br\\\/2022\\\/#organization\",\"name\":\"Regi\u00e3o News\",\"url\":\"https:\\\/\\\/regiaonews.net.br\\\/2022\\\/\",\"logo\":{\"@type\":\"ImageObject\",\"inLanguage\":\"pt-BR\",\"@id\":\"https:\\\/\\\/regiaonews.net.br\\\/2022\\\/#\\\/schema\\\/logo\\\/image\\\/\",\"url\":\"https:\\\/\\\/regiaonews.net.br\\\/2022\\\/wp-content\\\/uploads\\\/2026\\\/03\\\/regiao-13-anos-scaled.jpg\",\"contentUrl\":\"https:\\\/\\\/regiaonews.net.br\\\/2022\\\/wp-content\\\/uploads\\\/2026\\\/03\\\/regiao-13-anos-scaled.jpg\",\"width\":2560,\"height\":635,\"caption\":\"Regi\u00e3o News\"},\"image\":{\"@id\":\"https:\\\/\\\/regiaonews.net.br\\\/2022\\\/#\\\/schema\\\/logo\\\/image\\\/\"}},{\"@type\":\"Person\",\"@id\":\"https:\\\/\\\/regiaonews.net.br\\\/2022\\\/#\\\/schema\\\/person\\\/2d205a608a5aa97ac279d7a5e6d89ad8\",\"name\":\"Roberto\",\"image\":{\"@type\":\"ImageObject\",\"inLanguage\":\"pt-BR\",\"@id\":\"https:\\\/\\\/secure.gravatar.com\\\/avatar\\\/42749d8b712ff9d59ca93dc150494e5b55a44134482993f5baeb97e61b7ecc89?s=96&d=mm&r=g\",\"url\":\"https:\\\/\\\/secure.gravatar.com\\\/avatar\\\/42749d8b712ff9d59ca93dc150494e5b55a44134482993f5baeb97e61b7ecc89?s=96&d=mm&r=g\",\"contentUrl\":\"https:\\\/\\\/secure.gravatar.com\\\/avatar\\\/42749d8b712ff9d59ca93dc150494e5b55a44134482993f5baeb97e61b7ecc89?s=96&d=mm&r=g\",\"caption\":\"Roberto\"},\"url\":\"https:\\\/\\\/regiaonews.net.br\\\/2022\\\/author\\\/roberto\\\/\"}]}<\/script>\n<!-- \/ Yoast SEO plugin. -->","yoast_head_json":{"title":"SP come\u00e7a a vacinar pacientes renais, transplantados e pessoas com S\u00edndrome de Down nesta segunda - Regi\u00e3o News","robots":{"index":"index","follow":"follow","max-snippet":"max-snippet:-1","max-image-preview":"max-image-preview:large","max-video-preview":"max-video-preview:-1"},"canonical":"https:\/\/regiaonews.net.br\/2022\/2021\/05\/10\/sp-comeca-a-vacinar-pacientes-renais-transplantados-e-pessoas-com-sindrome-de-down-nesta-segunda\/","og_locale":"pt_BR","og_type":"article","og_title":"SP come\u00e7a a vacinar pacientes renais, transplantados e pessoas com S\u00edndrome de Down nesta segunda - Regi\u00e3o News","og_description":"Segundo a Coordenadoria de Controle de Doen\u00e7as do estado de","og_url":"https:\/\/regiaonews.net.br\/2022\/2021\/05\/10\/sp-comeca-a-vacinar-pacientes-renais-transplantados-e-pessoas-com-sindrome-de-down-nesta-segunda\/","og_site_name":"Regi\u00e3o News","article_published_time":"2021-05-10T13:23:44+00:00","og_image":[{"width":1170,"height":700,"url":"https:\/\/regiaonews.net.br\/2022\/wp-content\/uploads\/2020\/09\/2020-05-18t143443z_1_lynxmpeg4h1mb_rtroptp_4_health-coronavirus-vaccine.jpg","type":"image\/jpeg"}],"author":"Roberto","twitter_card":"summary_large_image","twitter_misc":{"Escrito por":"Roberto","Est. tempo de leitura":"1 minuto"},"schema":{"@context":"https:\/\/schema.org","@graph":[{"@type":"Article","@id":"https:\/\/regiaonews.net.br\/2022\/2021\/05\/10\/sp-comeca-a-vacinar-pacientes-renais-transplantados-e-pessoas-com-sindrome-de-down-nesta-segunda\/#article","isPartOf":{"@id":"https:\/\/regiaonews.net.br\/2022\/2021\/05\/10\/sp-comeca-a-vacinar-pacientes-renais-transplantados-e-pessoas-com-sindrome-de-down-nesta-segunda\/"},"author":{"name":"Roberto","@id":"https:\/\/regiaonews.net.br\/2022\/#\/schema\/person\/2d205a608a5aa97ac279d7a5e6d89ad8"},"headline":"SP come\u00e7a a vacinar pacientes renais, transplantados e pessoas com S\u00edndrome de Down nesta segunda","datePublished":"2021-05-10T13:23:44+00:00","mainEntityOfPage":{"@id":"https:\/\/regiaonews.net.br\/2022\/2021\/05\/10\/sp-comeca-a-vacinar-pacientes-renais-transplantados-e-pessoas-com-sindrome-de-down-nesta-segunda\/"},"wordCount":301,"commentCount":0,"publisher":{"@id":"https:\/\/regiaonews.net.br\/2022\/#organization"},"image":{"@id":"https:\/\/regiaonews.net.br\/2022\/2021\/05\/10\/sp-comeca-a-vacinar-pacientes-renais-transplantados-e-pessoas-com-sindrome-de-down-nesta-segunda\/#primaryimage"},"thumbnailUrl":"https:\/\/regiaonews.net.br\/2022\/wp-content\/uploads\/2020\/09\/2020-05-18t143443z_1_lynxmpeg4h1mb_rtroptp_4_health-coronavirus-vaccine.jpg","articleSection":["Cidades","Estado de S\u00e3o Paulo"],"inLanguage":"pt-BR","potentialAction":[{"@type":"CommentAction","name":"Comment","target":["https:\/\/regiaonews.net.br\/2022\/2021\/05\/10\/sp-comeca-a-vacinar-pacientes-renais-transplantados-e-pessoas-com-sindrome-de-down-nesta-segunda\/#respond"]}]},{"@type":"WebPage","@id":"https:\/\/regiaonews.net.br\/2022\/2021\/05\/10\/sp-comeca-a-vacinar-pacientes-renais-transplantados-e-pessoas-com-sindrome-de-down-nesta-segunda\/","url":"https:\/\/regiaonews.net.br\/2022\/2021\/05\/10\/sp-comeca-a-vacinar-pacientes-renais-transplantados-e-pessoas-com-sindrome-de-down-nesta-segunda\/","name":"SP come\u00e7a a vacinar pacientes renais, transplantados e pessoas com S\u00edndrome de Down nesta segunda - Regi\u00e3o News","isPartOf":{"@id":"https:\/\/regiaonews.net.br\/2022\/#website"},"primaryImageOfPage":{"@id":"https:\/\/regiaonews.net.br\/2022\/2021\/05\/10\/sp-comeca-a-vacinar-pacientes-renais-transplantados-e-pessoas-com-sindrome-de-down-nesta-segunda\/#primaryimage"},"image":{"@id":"https:\/\/regiaonews.net.br\/2022\/2021\/05\/10\/sp-comeca-a-vacinar-pacientes-renais-transplantados-e-pessoas-com-sindrome-de-down-nesta-segunda\/#primaryimage"},"thumbnailUrl":"https:\/\/regiaonews.net.br\/2022\/wp-content\/uploads\/2020\/09\/2020-05-18t143443z_1_lynxmpeg4h1mb_rtroptp_4_health-coronavirus-vaccine.jpg","datePublished":"2021-05-10T13:23:44+00:00","breadcrumb":{"@id":"https:\/\/regiaonews.net.br\/2022\/2021\/05\/10\/sp-comeca-a-vacinar-pacientes-renais-transplantados-e-pessoas-com-sindrome-de-down-nesta-segunda\/#breadcrumb"},"inLanguage":"pt-BR","potentialAction":[{"@type":"ReadAction","target":["https:\/\/regiaonews.net.br\/2022\/2021\/05\/10\/sp-comeca-a-vacinar-pacientes-renais-transplantados-e-pessoas-com-sindrome-de-down-nesta-segunda\/"]}]},{"@type":"ImageObject","inLanguage":"pt-BR","@id":"https:\/\/regiaonews.net.br\/2022\/2021\/05\/10\/sp-comeca-a-vacinar-pacientes-renais-transplantados-e-pessoas-com-sindrome-de-down-nesta-segunda\/#primaryimage","url":"https:\/\/regiaonews.net.br\/2022\/wp-content\/uploads\/2020\/09\/2020-05-18t143443z_1_lynxmpeg4h1mb_rtroptp_4_health-coronavirus-vaccine.jpg","contentUrl":"https:\/\/regiaonews.net.br\/2022\/wp-content\/uploads\/2020\/09\/2020-05-18t143443z_1_lynxmpeg4h1mb_rtroptp_4_health-coronavirus-vaccine.jpg","width":1170,"height":700},{"@type":"BreadcrumbList","@id":"https:\/\/regiaonews.net.br\/2022\/2021\/05\/10\/sp-comeca-a-vacinar-pacientes-renais-transplantados-e-pessoas-com-sindrome-de-down-nesta-segunda\/#breadcrumb","itemListElement":[{"@type":"ListItem","position":1,"name":"In\u00edcio","item":"https:\/\/regiaonews.net.br\/2022\/"},{"@type":"ListItem","position":2,"name":"SP come\u00e7a a vacinar pacientes renais, transplantados e pessoas com S\u00edndrome de Down nesta segunda"}]},{"@type":"WebSite","@id":"https:\/\/regiaonews.net.br\/2022\/#website","url":"https:\/\/regiaonews.net.br\/2022\/","name":"Regi\u00e3o News","description":"Site de Not\u00edcias de Barretos e regi\u00e3o","publisher":{"@id":"https:\/\/regiaonews.net.br\/2022\/#organization"},"potentialAction":[{"@type":"SearchAction","target":{"@type":"EntryPoint","urlTemplate":"https:\/\/regiaonews.net.br\/2022\/?s={search_term_string}"},"query-input":{"@type":"PropertyValueSpecification","valueRequired":true,"valueName":"search_term_string"}}],"inLanguage":"pt-BR"},{"@type":"Organization","@id":"https:\/\/regiaonews.net.br\/2022\/#organization","name":"Regi\u00e3o News","url":"https:\/\/regiaonews.net.br\/2022\/","logo":{"@type":"ImageObject","inLanguage":"pt-BR","@id":"https:\/\/regiaonews.net.br\/2022\/#\/schema\/logo\/image\/","url":"https:\/\/regiaonews.net.br\/2022\/wp-content\/uploads\/2026\/03\/regiao-13-anos-scaled.jpg","contentUrl":"https:\/\/regiaonews.net.br\/2022\/wp-content\/uploads\/2026\/03\/regiao-13-anos-scaled.jpg","width":2560,"height":635,"caption":"Regi\u00e3o News"},"image":{"@id":"https:\/\/regiaonews.net.br\/2022\/#\/schema\/logo\/image\/"}},{"@type":"Person","@id":"https:\/\/regiaonews.net.br\/2022\/#\/schema\/person\/2d205a608a5aa97ac279d7a5e6d89ad8","name":"Roberto","image":{"@type":"ImageObject","inLanguage":"pt-BR","@id":"https:\/\/secure.gravatar.com\/avatar\/42749d8b712ff9d59ca93dc150494e5b55a44134482993f5baeb97e61b7ecc89?s=96&d=mm&r=g","url":"https:\/\/secure.gravatar.com\/avatar\/42749d8b712ff9d59ca93dc150494e5b55a44134482993f5baeb97e61b7ecc89?s=96&d=mm&r=g","contentUrl":"https:\/\/secure.gravatar.com\/avatar\/42749d8b712ff9d59ca93dc150494e5b55a44134482993f5baeb97e61b7ecc89?s=96&d=mm&r=g","caption":"Roberto"},"url":"https:\/\/regiaonews.net.br\/2022\/author\/roberto\/"}]}},"publishpress_future_action":{"enabled":false,"date":"2026-05-04 08:56:00","action":"change-status","newStatus":"draft","terms":[],"taxonomy":"category","extraData":[]},"publishpress_future_workflow_manual_trigger":{"enabledWorkflows":[]},"_links":{"self":[{"href":"https:\/\/regiaonews.net.br\/2022\/wp-json\/wp\/v2\/posts\/46737","targetHints":{"allow":["GET"]}}],"collection":[{"href":"https:\/\/regiaonews.net.br\/2022\/wp-json\/wp\/v2\/posts"}],"about":[{"href":"https:\/\/regiaonews.net.br\/2022\/wp-json\/wp\/v2\/types\/post"}],"author":[{"embeddable":true,"href":"https:\/\/regiaonews.net.br\/2022\/wp-json\/wp\/v2\/users\/2"}],"replies":[{"embeddable":true,"href":"https:\/\/regiaonews.net.br\/2022\/wp-json\/wp\/v2\/comments?post=46737"}],"version-history":[{"count":0,"href":"https:\/\/regiaonews.net.br\/2022\/wp-json\/wp\/v2\/posts\/46737\/revisions"}],"wp:featuredmedia":[{"embeddable":true,"href":"https:\/\/regiaonews.net.br\/2022\/wp-json\/wp\/v2\/media\/37780"}],"wp:attachment":[{"href":"https:\/\/regiaonews.net.br\/2022\/wp-json\/wp\/v2\/media?parent=46737"}],"wp:term":[{"taxonomy":"category","embeddable":true,"href":"https:\/\/regiaonews.net.br\/2022\/wp-json\/wp\/v2\/categories?post=46737"},{"taxonomy":"post_tag","embeddable":true,"href":"https:\/\/regiaonews.net.br\/2022\/wp-json\/wp\/v2\/tags?post=46737"}],"curies":[{"name":"wp","href":"https:\/\/api.w.org\/{rel}","templated":true}]}}