{"id":46673,"date":"2021-05-08T17:17:47","date_gmt":"2021-05-08T20:17:47","guid":{"rendered":"https:\/\/regiaonews.net.br\/2022\/?p=46673"},"modified":"2021-05-08T20:17:46","modified_gmt":"2021-05-08T23:17:46","slug":"aulas-presenciais-retornam-segunda-10-na-rede-municipal-barretos","status":"publish","type":"post","link":"https:\/\/regiaonews.net.br\/2022\/2021\/05\/08\/aulas-presenciais-retornam-segunda-10-na-rede-municipal-barretos\/","title":{"rendered":"Aulas presenciais  retornam segunda (10) na Rede Municipal de Barretos"},"content":{"rendered":"<p><a href=\"https:\/\/regiaonews.net.br\/2022\/wp-content\/uploads\/2021\/02\/Funcionaria-realizando-higienizacao-de-sala-de-aula.jpg\"><img loading=\"lazy\" decoding=\"async\" class=\"alignnone size-medium wp-image-42779\" src=\"https:\/\/regiaonews.net.br\/2022\/wp-content\/uploads\/2021\/02\/Funcionaria-realizando-higienizacao-de-sala-de-aula-300x300.jpg\" alt=\"\" width=\"300\" height=\"300\" \/><\/a><\/p>\n<p>As aulas presenciais em toda a Rede Municipal de Ensino de Barretos ser\u00e3o retomadas nesta segunda-feira dia 10, indo ao encontro de outras cidades da regi\u00e3o, que j\u00e1 promoveram a volta. O retorno presencial \u00e9 facultativo, por isso a fam\u00edlia decidir\u00e1 se os estudantes devem ou n\u00e3o ir \u00e0 escola.<br \/>\nO modelo ser\u00e1 h\u00edbrido, ou seja, assim como em fevereiro, quando as aulas foram retomadas, haver\u00e1 uma escala por cores em que o aluno ir\u00e1 alguns dias da semana presencialmente e em outros seguir\u00e1 com atividades virtuais e impressas, em casa. O plano de retomada permite o retorno de todos os alunos, mas com o limite de at\u00e9 35% de lota\u00e7\u00e3o de cada escola, de acordo com o Plano S\u00e3o Paulo.<br \/>\n\u00c9 importante destacar que entre 10 e 21 de maio ser\u00e3o realizadas avalia\u00e7\u00f5es do primeiro bimestre e a presen\u00e7a do estudante na escola para essa atividade \u00e9 fundamental, tendo em vista a preocupa\u00e7\u00e3o constante em recuperar as lacunas na aprendizagem deixadas no ano anterior. A escola se mostra um ambiente seguro, pois segue todos os protocolos sanit\u00e1rios exigidos para o momento atual.<br \/>\nEmbora os professores estejam realizando um trabalho digno de todos os elogios no ensino remoto, a secret\u00e1ria municipal de Educa\u00e7\u00e3o, J\u00e9ssica Maria dos Santos, afirma que os pais podem enviar os filhos \u00e0 escola. \u201cA intera\u00e7\u00e3o presencial \u00e9 importante na aprendizagem e da forma como pretendemos, a escola \u00e9 um ambiente seguro e controlado\u201d, pontua.<\/p>\n<p><strong>Todos os alunos poder\u00e3o ir \u00e0 escola<\/strong><br \/>\nHoje Barretos tem 4.836 alunos na Educa\u00e7\u00e3o Infantil e 7.092 no Ensino Fundamental, totalizado 13.229 estudantes.<br \/>\nO retorno na Educa\u00e7\u00e3o Infantil se dar\u00e1 de forma gradual. No dia 10 ser\u00e1 iniciado com estudantes de 4 a 5 anos (Recrea\u00e7\u00e3o e Pr\u00e9-Escola). Na sequ\u00eancia, em 17 de maio, ser\u00e1 a vez das crian\u00e7as do Maternal.<br \/>\nJ\u00e1 o Ensino Fundamental do 1\u00ba ao 9\u00ba ano e da Educa\u00e7\u00e3o de Jovens e Adultos (EJA) come\u00e7a no dia 10 de maio. O hor\u00e1rio de cada aula ser\u00e1 o mesmo em que o aluno est\u00e1 matriculado.<\/p>\n<p><strong>O retorno ser\u00e1 seguro<\/strong><br \/>\nSegundo a Secret\u00e1ria de Educa\u00e7\u00e3o, a gest\u00e3o municipal providenciou todos os EPIs \u2013 equipamentos de prote\u00e7\u00e3o individual \u2013 para higieniza\u00e7\u00e3o da escola e prote\u00e7\u00e3o tanto dos alunos quanto dos professores e demais funcion\u00e1rios, garantindo a seguran\u00e7a de todos.<br \/>\nEntre as v\u00e1rias medidas adotadas est\u00e3o a aquisi\u00e7\u00e3o de materiais e equipamentos de prote\u00e7\u00f5es individuais a todos os alunos e profissionais da educa\u00e7\u00e3o para evitar o cont\u00e1gio do novo Coronav\u00edrus dentro da comunidade escolar.<br \/>\nO transporte escolar tamb\u00e9m ser\u00e1 oferecido normalmente, sendo que os \u00f4nibus ser\u00e3o higienizados diariamente e a dist\u00e2ncia segura entre os estudantes ser\u00e1 respeitada. J\u00e1 a merenda escolar ser\u00e1 disponibilizada na pr\u00f3pria unidade de ensino. Assim, ser\u00e1 suspensa a entrega de kits de alimenta\u00e7\u00e3o escolar.<\/p>\n","protected":false},"excerpt":{"rendered":"<p>As aulas presenciais em toda a Rede Municipal de Ensino<\/p>\n","protected":false},"author":2,"featured_media":42779,"comment_status":"open","ping_status":"open","sticky":false,"template":"","format":"standard","meta":{"footnotes":""},"categories":[14,25,98],"tags":[],"class_list":["post-46673","post","type-post","status-publish","format-standard","has-post-thumbnail","hentry","category-barretos","category-cidades","category-educacao-educacao"],"yoast_head":"<!-- This site is optimized with the Yoast SEO plugin v27.4 - https:\/\/yoast.com\/product\/yoast-seo-wordpress\/ -->\n<title>Aulas presenciais retornam segunda (10) na Rede Municipal de Barretos - Regi\u00e3o News<\/title>\n<meta name=\"robots\" content=\"index, follow, max-snippet:-1, max-image-preview:large, max-video-preview:-1\" \/>\n<link rel=\"canonical\" href=\"https:\/\/regiaonews.net.br\/2022\/2021\/05\/08\/aulas-presenciais-retornam-segunda-10-na-rede-municipal-barretos\/\" \/>\n<meta property=\"og:locale\" content=\"pt_BR\" \/>\n<meta property=\"og:type\" content=\"article\" \/>\n<meta property=\"og:title\" content=\"Aulas presenciais retornam segunda (10) na Rede Municipal de Barretos - Regi\u00e3o News\" \/>\n<meta property=\"og:description\" content=\"As aulas presenciais em toda a Rede Municipal de Ensino\" \/>\n<meta property=\"og:url\" content=\"https:\/\/regiaonews.net.br\/2022\/2021\/05\/08\/aulas-presenciais-retornam-segunda-10-na-rede-municipal-barretos\/\" \/>\n<meta property=\"og:site_name\" content=\"Regi\u00e3o News\" \/>\n<meta property=\"article:published_time\" content=\"2021-05-08T20:17:47+00:00\" \/>\n<meta property=\"article:modified_time\" content=\"2021-05-08T23:17:46+00:00\" \/>\n<meta property=\"og:image\" content=\"https:\/\/regiaonews.net.br\/2022\/wp-content\/uploads\/2021\/02\/Funcionaria-realizando-higienizacao-de-sala-de-aula.jpg\" \/>\n\t<meta property=\"og:image:width\" content=\"800\" \/>\n\t<meta property=\"og:image:height\" content=\"800\" \/>\n\t<meta property=\"og:image:type\" content=\"image\/jpeg\" \/>\n<meta name=\"author\" content=\"Roberto\" \/>\n<meta name=\"twitter:card\" content=\"summary_large_image\" \/>\n<meta name=\"twitter:label1\" content=\"Escrito por\" \/>\n\t<meta name=\"twitter:data1\" content=\"Roberto\" \/>\n\t<meta name=\"twitter:label2\" content=\"Est. tempo de leitura\" \/>\n\t<meta name=\"twitter:data2\" content=\"2 minutos\" \/>\n<script type=\"application\/ld+json\" class=\"yoast-schema-graph\">{\"@context\":\"https:\\\/\\\/schema.org\",\"@graph\":[{\"@type\":\"Article\",\"@id\":\"https:\\\/\\\/regiaonews.net.br\\\/2022\\\/2021\\\/05\\\/08\\\/aulas-presenciais-retornam-segunda-10-na-rede-municipal-barretos\\\/#article\",\"isPartOf\":{\"@id\":\"https:\\\/\\\/regiaonews.net.br\\\/2022\\\/2021\\\/05\\\/08\\\/aulas-presenciais-retornam-segunda-10-na-rede-municipal-barretos\\\/\"},\"author\":{\"name\":\"Roberto\",\"@id\":\"https:\\\/\\\/regiaonews.net.br\\\/2022\\\/#\\\/schema\\\/person\\\/2d205a608a5aa97ac279d7a5e6d89ad8\"},\"headline\":\"Aulas presenciais retornam segunda (10) na Rede Municipal de Barretos\",\"datePublished\":\"2021-05-08T20:17:47+00:00\",\"dateModified\":\"2021-05-08T23:17:46+00:00\",\"mainEntityOfPage\":{\"@id\":\"https:\\\/\\\/regiaonews.net.br\\\/2022\\\/2021\\\/05\\\/08\\\/aulas-presenciais-retornam-segunda-10-na-rede-municipal-barretos\\\/\"},\"wordCount\":487,\"commentCount\":0,\"publisher\":{\"@id\":\"https:\\\/\\\/regiaonews.net.br\\\/2022\\\/#organization\"},\"image\":{\"@id\":\"https:\\\/\\\/regiaonews.net.br\\\/2022\\\/2021\\\/05\\\/08\\\/aulas-presenciais-retornam-segunda-10-na-rede-municipal-barretos\\\/#primaryimage\"},\"thumbnailUrl\":\"https:\\\/\\\/regiaonews.net.br\\\/2022\\\/wp-content\\\/uploads\\\/2021\\\/02\\\/Funcionaria-realizando-higienizacao-de-sala-de-aula.jpg\",\"articleSection\":[\"Barretos\",\"Cidades\",\"Educa\u00e7\u00e3o\"],\"inLanguage\":\"pt-BR\",\"potentialAction\":[{\"@type\":\"CommentAction\",\"name\":\"Comment\",\"target\":[\"https:\\\/\\\/regiaonews.net.br\\\/2022\\\/2021\\\/05\\\/08\\\/aulas-presenciais-retornam-segunda-10-na-rede-municipal-barretos\\\/#respond\"]}]},{\"@type\":\"WebPage\",\"@id\":\"https:\\\/\\\/regiaonews.net.br\\\/2022\\\/2021\\\/05\\\/08\\\/aulas-presenciais-retornam-segunda-10-na-rede-municipal-barretos\\\/\",\"url\":\"https:\\\/\\\/regiaonews.net.br\\\/2022\\\/2021\\\/05\\\/08\\\/aulas-presenciais-retornam-segunda-10-na-rede-municipal-barretos\\\/\",\"name\":\"Aulas presenciais retornam segunda (10) na Rede Municipal de Barretos - Regi\u00e3o News\",\"isPartOf\":{\"@id\":\"https:\\\/\\\/regiaonews.net.br\\\/2022\\\/#website\"},\"primaryImageOfPage\":{\"@id\":\"https:\\\/\\\/regiaonews.net.br\\\/2022\\\/2021\\\/05\\\/08\\\/aulas-presenciais-retornam-segunda-10-na-rede-municipal-barretos\\\/#primaryimage\"},\"image\":{\"@id\":\"https:\\\/\\\/regiaonews.net.br\\\/2022\\\/2021\\\/05\\\/08\\\/aulas-presenciais-retornam-segunda-10-na-rede-municipal-barretos\\\/#primaryimage\"},\"thumbnailUrl\":\"https:\\\/\\\/regiaonews.net.br\\\/2022\\\/wp-content\\\/uploads\\\/2021\\\/02\\\/Funcionaria-realizando-higienizacao-de-sala-de-aula.jpg\",\"datePublished\":\"2021-05-08T20:17:47+00:00\",\"dateModified\":\"2021-05-08T23:17:46+00:00\",\"breadcrumb\":{\"@id\":\"https:\\\/\\\/regiaonews.net.br\\\/2022\\\/2021\\\/05\\\/08\\\/aulas-presenciais-retornam-segunda-10-na-rede-municipal-barretos\\\/#breadcrumb\"},\"inLanguage\":\"pt-BR\",\"potentialAction\":[{\"@type\":\"ReadAction\",\"target\":[\"https:\\\/\\\/regiaonews.net.br\\\/2022\\\/2021\\\/05\\\/08\\\/aulas-presenciais-retornam-segunda-10-na-rede-municipal-barretos\\\/\"]}]},{\"@type\":\"ImageObject\",\"inLanguage\":\"pt-BR\",\"@id\":\"https:\\\/\\\/regiaonews.net.br\\\/2022\\\/2021\\\/05\\\/08\\\/aulas-presenciais-retornam-segunda-10-na-rede-municipal-barretos\\\/#primaryimage\",\"url\":\"https:\\\/\\\/regiaonews.net.br\\\/2022\\\/wp-content\\\/uploads\\\/2021\\\/02\\\/Funcionaria-realizando-higienizacao-de-sala-de-aula.jpg\",\"contentUrl\":\"https:\\\/\\\/regiaonews.net.br\\\/2022\\\/wp-content\\\/uploads\\\/2021\\\/02\\\/Funcionaria-realizando-higienizacao-de-sala-de-aula.jpg\",\"width\":800,\"height\":800},{\"@type\":\"BreadcrumbList\",\"@id\":\"https:\\\/\\\/regiaonews.net.br\\\/2022\\\/2021\\\/05\\\/08\\\/aulas-presenciais-retornam-segunda-10-na-rede-municipal-barretos\\\/#breadcrumb\",\"itemListElement\":[{\"@type\":\"ListItem\",\"position\":1,\"name\":\"In\u00edcio\",\"item\":\"https:\\\/\\\/regiaonews.net.br\\\/2022\\\/\"},{\"@type\":\"ListItem\",\"position\":2,\"name\":\"Aulas presenciais retornam segunda (10) na Rede Municipal de Barretos\"}]},{\"@type\":\"WebSite\",\"@id\":\"https:\\\/\\\/regiaonews.net.br\\\/2022\\\/#website\",\"url\":\"https:\\\/\\\/regiaonews.net.br\\\/2022\\\/\",\"name\":\"Regi\u00e3o News\",\"description\":\"Site de Not\u00edcias de Barretos e regi\u00e3o\",\"publisher\":{\"@id\":\"https:\\\/\\\/regiaonews.net.br\\\/2022\\\/#organization\"},\"potentialAction\":[{\"@type\":\"SearchAction\",\"target\":{\"@type\":\"EntryPoint\",\"urlTemplate\":\"https:\\\/\\\/regiaonews.net.br\\\/2022\\\/?s={search_term_string}\"},\"query-input\":{\"@type\":\"PropertyValueSpecification\",\"valueRequired\":true,\"valueName\":\"search_term_string\"}}],\"inLanguage\":\"pt-BR\"},{\"@type\":\"Organization\",\"@id\":\"https:\\\/\\\/regiaonews.net.br\\\/2022\\\/#organization\",\"name\":\"Regi\u00e3o News\",\"url\":\"https:\\\/\\\/regiaonews.net.br\\\/2022\\\/\",\"logo\":{\"@type\":\"ImageObject\",\"inLanguage\":\"pt-BR\",\"@id\":\"https:\\\/\\\/regiaonews.net.br\\\/2022\\\/#\\\/schema\\\/logo\\\/image\\\/\",\"url\":\"https:\\\/\\\/regiaonews.net.br\\\/2022\\\/wp-content\\\/uploads\\\/2026\\\/03\\\/regiao-13-anos-scaled.jpg\",\"contentUrl\":\"https:\\\/\\\/regiaonews.net.br\\\/2022\\\/wp-content\\\/uploads\\\/2026\\\/03\\\/regiao-13-anos-scaled.jpg\",\"width\":2560,\"height\":635,\"caption\":\"Regi\u00e3o News\"},\"image\":{\"@id\":\"https:\\\/\\\/regiaonews.net.br\\\/2022\\\/#\\\/schema\\\/logo\\\/image\\\/\"}},{\"@type\":\"Person\",\"@id\":\"https:\\\/\\\/regiaonews.net.br\\\/2022\\\/#\\\/schema\\\/person\\\/2d205a608a5aa97ac279d7a5e6d89ad8\",\"name\":\"Roberto\",\"image\":{\"@type\":\"ImageObject\",\"inLanguage\":\"pt-BR\",\"@id\":\"https:\\\/\\\/secure.gravatar.com\\\/avatar\\\/42749d8b712ff9d59ca93dc150494e5b55a44134482993f5baeb97e61b7ecc89?s=96&d=mm&r=g\",\"url\":\"https:\\\/\\\/secure.gravatar.com\\\/avatar\\\/42749d8b712ff9d59ca93dc150494e5b55a44134482993f5baeb97e61b7ecc89?s=96&d=mm&r=g\",\"contentUrl\":\"https:\\\/\\\/secure.gravatar.com\\\/avatar\\\/42749d8b712ff9d59ca93dc150494e5b55a44134482993f5baeb97e61b7ecc89?s=96&d=mm&r=g\",\"caption\":\"Roberto\"},\"url\":\"https:\\\/\\\/regiaonews.net.br\\\/2022\\\/author\\\/roberto\\\/\"}]}<\/script>\n<!-- \/ Yoast SEO plugin. -->","yoast_head_json":{"title":"Aulas presenciais retornam segunda (10) na Rede Municipal de Barretos - Regi\u00e3o News","robots":{"index":"index","follow":"follow","max-snippet":"max-snippet:-1","max-image-preview":"max-image-preview:large","max-video-preview":"max-video-preview:-1"},"canonical":"https:\/\/regiaonews.net.br\/2022\/2021\/05\/08\/aulas-presenciais-retornam-segunda-10-na-rede-municipal-barretos\/","og_locale":"pt_BR","og_type":"article","og_title":"Aulas presenciais retornam segunda (10) na Rede Municipal de Barretos - Regi\u00e3o News","og_description":"As aulas presenciais em toda a Rede Municipal de Ensino","og_url":"https:\/\/regiaonews.net.br\/2022\/2021\/05\/08\/aulas-presenciais-retornam-segunda-10-na-rede-municipal-barretos\/","og_site_name":"Regi\u00e3o News","article_published_time":"2021-05-08T20:17:47+00:00","article_modified_time":"2021-05-08T23:17:46+00:00","og_image":[{"width":800,"height":800,"url":"https:\/\/regiaonews.net.br\/2022\/wp-content\/uploads\/2021\/02\/Funcionaria-realizando-higienizacao-de-sala-de-aula.jpg","type":"image\/jpeg"}],"author":"Roberto","twitter_card":"summary_large_image","twitter_misc":{"Escrito por":"Roberto","Est. tempo de leitura":"2 minutos"},"schema":{"@context":"https:\/\/schema.org","@graph":[{"@type":"Article","@id":"https:\/\/regiaonews.net.br\/2022\/2021\/05\/08\/aulas-presenciais-retornam-segunda-10-na-rede-municipal-barretos\/#article","isPartOf":{"@id":"https:\/\/regiaonews.net.br\/2022\/2021\/05\/08\/aulas-presenciais-retornam-segunda-10-na-rede-municipal-barretos\/"},"author":{"name":"Roberto","@id":"https:\/\/regiaonews.net.br\/2022\/#\/schema\/person\/2d205a608a5aa97ac279d7a5e6d89ad8"},"headline":"Aulas presenciais retornam segunda (10) na Rede Municipal de Barretos","datePublished":"2021-05-08T20:17:47+00:00","dateModified":"2021-05-08T23:17:46+00:00","mainEntityOfPage":{"@id":"https:\/\/regiaonews.net.br\/2022\/2021\/05\/08\/aulas-presenciais-retornam-segunda-10-na-rede-municipal-barretos\/"},"wordCount":487,"commentCount":0,"publisher":{"@id":"https:\/\/regiaonews.net.br\/2022\/#organization"},"image":{"@id":"https:\/\/regiaonews.net.br\/2022\/2021\/05\/08\/aulas-presenciais-retornam-segunda-10-na-rede-municipal-barretos\/#primaryimage"},"thumbnailUrl":"https:\/\/regiaonews.net.br\/2022\/wp-content\/uploads\/2021\/02\/Funcionaria-realizando-higienizacao-de-sala-de-aula.jpg","articleSection":["Barretos","Cidades","Educa\u00e7\u00e3o"],"inLanguage":"pt-BR","potentialAction":[{"@type":"CommentAction","name":"Comment","target":["https:\/\/regiaonews.net.br\/2022\/2021\/05\/08\/aulas-presenciais-retornam-segunda-10-na-rede-municipal-barretos\/#respond"]}]},{"@type":"WebPage","@id":"https:\/\/regiaonews.net.br\/2022\/2021\/05\/08\/aulas-presenciais-retornam-segunda-10-na-rede-municipal-barretos\/","url":"https:\/\/regiaonews.net.br\/2022\/2021\/05\/08\/aulas-presenciais-retornam-segunda-10-na-rede-municipal-barretos\/","name":"Aulas presenciais retornam segunda (10) na Rede Municipal de Barretos - Regi\u00e3o News","isPartOf":{"@id":"https:\/\/regiaonews.net.br\/2022\/#website"},"primaryImageOfPage":{"@id":"https:\/\/regiaonews.net.br\/2022\/2021\/05\/08\/aulas-presenciais-retornam-segunda-10-na-rede-municipal-barretos\/#primaryimage"},"image":{"@id":"https:\/\/regiaonews.net.br\/2022\/2021\/05\/08\/aulas-presenciais-retornam-segunda-10-na-rede-municipal-barretos\/#primaryimage"},"thumbnailUrl":"https:\/\/regiaonews.net.br\/2022\/wp-content\/uploads\/2021\/02\/Funcionaria-realizando-higienizacao-de-sala-de-aula.jpg","datePublished":"2021-05-08T20:17:47+00:00","dateModified":"2021-05-08T23:17:46+00:00","breadcrumb":{"@id":"https:\/\/regiaonews.net.br\/2022\/2021\/05\/08\/aulas-presenciais-retornam-segunda-10-na-rede-municipal-barretos\/#breadcrumb"},"inLanguage":"pt-BR","potentialAction":[{"@type":"ReadAction","target":["https:\/\/regiaonews.net.br\/2022\/2021\/05\/08\/aulas-presenciais-retornam-segunda-10-na-rede-municipal-barretos\/"]}]},{"@type":"ImageObject","inLanguage":"pt-BR","@id":"https:\/\/regiaonews.net.br\/2022\/2021\/05\/08\/aulas-presenciais-retornam-segunda-10-na-rede-municipal-barretos\/#primaryimage","url":"https:\/\/regiaonews.net.br\/2022\/wp-content\/uploads\/2021\/02\/Funcionaria-realizando-higienizacao-de-sala-de-aula.jpg","contentUrl":"https:\/\/regiaonews.net.br\/2022\/wp-content\/uploads\/2021\/02\/Funcionaria-realizando-higienizacao-de-sala-de-aula.jpg","width":800,"height":800},{"@type":"BreadcrumbList","@id":"https:\/\/regiaonews.net.br\/2022\/2021\/05\/08\/aulas-presenciais-retornam-segunda-10-na-rede-municipal-barretos\/#breadcrumb","itemListElement":[{"@type":"ListItem","position":1,"name":"In\u00edcio","item":"https:\/\/regiaonews.net.br\/2022\/"},{"@type":"ListItem","position":2,"name":"Aulas presenciais retornam segunda (10) na Rede Municipal de Barretos"}]},{"@type":"WebSite","@id":"https:\/\/regiaonews.net.br\/2022\/#website","url":"https:\/\/regiaonews.net.br\/2022\/","name":"Regi\u00e3o News","description":"Site de Not\u00edcias de Barretos e regi\u00e3o","publisher":{"@id":"https:\/\/regiaonews.net.br\/2022\/#organization"},"potentialAction":[{"@type":"SearchAction","target":{"@type":"EntryPoint","urlTemplate":"https:\/\/regiaonews.net.br\/2022\/?s={search_term_string}"},"query-input":{"@type":"PropertyValueSpecification","valueRequired":true,"valueName":"search_term_string"}}],"inLanguage":"pt-BR"},{"@type":"Organization","@id":"https:\/\/regiaonews.net.br\/2022\/#organization","name":"Regi\u00e3o News","url":"https:\/\/regiaonews.net.br\/2022\/","logo":{"@type":"ImageObject","inLanguage":"pt-BR","@id":"https:\/\/regiaonews.net.br\/2022\/#\/schema\/logo\/image\/","url":"https:\/\/regiaonews.net.br\/2022\/wp-content\/uploads\/2026\/03\/regiao-13-anos-scaled.jpg","contentUrl":"https:\/\/regiaonews.net.br\/2022\/wp-content\/uploads\/2026\/03\/regiao-13-anos-scaled.jpg","width":2560,"height":635,"caption":"Regi\u00e3o News"},"image":{"@id":"https:\/\/regiaonews.net.br\/2022\/#\/schema\/logo\/image\/"}},{"@type":"Person","@id":"https:\/\/regiaonews.net.br\/2022\/#\/schema\/person\/2d205a608a5aa97ac279d7a5e6d89ad8","name":"Roberto","image":{"@type":"ImageObject","inLanguage":"pt-BR","@id":"https:\/\/secure.gravatar.com\/avatar\/42749d8b712ff9d59ca93dc150494e5b55a44134482993f5baeb97e61b7ecc89?s=96&d=mm&r=g","url":"https:\/\/secure.gravatar.com\/avatar\/42749d8b712ff9d59ca93dc150494e5b55a44134482993f5baeb97e61b7ecc89?s=96&d=mm&r=g","contentUrl":"https:\/\/secure.gravatar.com\/avatar\/42749d8b712ff9d59ca93dc150494e5b55a44134482993f5baeb97e61b7ecc89?s=96&d=mm&r=g","caption":"Roberto"},"url":"https:\/\/regiaonews.net.br\/2022\/author\/roberto\/"}]}},"publishpress_future_action":{"enabled":false,"date":"2026-05-04 07:25:10","action":"change-status","newStatus":"draft","terms":[],"taxonomy":"category","extraData":[]},"publishpress_future_workflow_manual_trigger":{"enabledWorkflows":[]},"_links":{"self":[{"href":"https:\/\/regiaonews.net.br\/2022\/wp-json\/wp\/v2\/posts\/46673","targetHints":{"allow":["GET"]}}],"collection":[{"href":"https:\/\/regiaonews.net.br\/2022\/wp-json\/wp\/v2\/posts"}],"about":[{"href":"https:\/\/regiaonews.net.br\/2022\/wp-json\/wp\/v2\/types\/post"}],"author":[{"embeddable":true,"href":"https:\/\/regiaonews.net.br\/2022\/wp-json\/wp\/v2\/users\/2"}],"replies":[{"embeddable":true,"href":"https:\/\/regiaonews.net.br\/2022\/wp-json\/wp\/v2\/comments?post=46673"}],"version-history":[{"count":0,"href":"https:\/\/regiaonews.net.br\/2022\/wp-json\/wp\/v2\/posts\/46673\/revisions"}],"wp:featuredmedia":[{"embeddable":true,"href":"https:\/\/regiaonews.net.br\/2022\/wp-json\/wp\/v2\/media\/42779"}],"wp:attachment":[{"href":"https:\/\/regiaonews.net.br\/2022\/wp-json\/wp\/v2\/media?parent=46673"}],"wp:term":[{"taxonomy":"category","embeddable":true,"href":"https:\/\/regiaonews.net.br\/2022\/wp-json\/wp\/v2\/categories?post=46673"},{"taxonomy":"post_tag","embeddable":true,"href":"https:\/\/regiaonews.net.br\/2022\/wp-json\/wp\/v2\/tags?post=46673"}],"curies":[{"name":"wp","href":"https:\/\/api.w.org\/{rel}","templated":true}]}}