{"id":46670,"date":"2021-05-08T16:23:13","date_gmt":"2021-05-08T19:23:13","guid":{"rendered":"https:\/\/regiaonews.net.br\/2022\/?p=46670"},"modified":"2021-05-08T16:23:13","modified_gmt":"2021-05-08T19:23:13","slug":"numero-de-mortos-em-operacao-no-jacarezinho-sobe-para-29","status":"publish","type":"post","link":"https:\/\/regiaonews.net.br\/2022\/2021\/05\/08\/numero-de-mortos-em-operacao-no-jacarezinho-sobe-para-29\/","title":{"rendered":"N\u00famero de mortos em opera\u00e7\u00e3o no Jacarezinho sobe para 29"},"content":{"rendered":"<p><a href=\"https:\/\/regiaonews.net.br\/2022\/wp-content\/uploads\/2021\/05\/2001-07-17t120000z_1707981423_pbeahukzidh_rtrmadp_3_rio-de-janeiro.jpg\"><img loading=\"lazy\" decoding=\"async\" class=\"alignnone size-medium wp-image-46671\" src=\"https:\/\/regiaonews.net.br\/2022\/wp-content\/uploads\/2021\/05\/2001-07-17t120000z_1707981423_pbeahukzidh_rtrmadp_3_rio-de-janeiro-300x179.jpg\" alt=\"\" width=\"300\" height=\"179\" \/><\/a><\/p>\n<p>A Pol\u00edcia Civil do Rio de Janeiro informou hoje (8) que subiu para 29 o n\u00famero de mortos na opera\u00e7\u00e3o policial realizada na \u00faltima quinta-feira (6) na favela do Jacarezinho, na zona norte da capital.<img decoding=\"async\" src=\"https:\/\/agenciabrasil.ebc.com.br\/ebc.png?id=1409115&amp;o=node\" \/><img decoding=\"async\" src=\"https:\/\/agenciabrasil.ebc.com.br\/ebc.gif?id=1409115&amp;o=node\" \/><\/p>\n<p>A pol\u00edcia divulgou apenas a identidade do inspetor de pol\u00edcia Andr\u00e9 Leonardo de Mello Frias, de 48 anos, e afirmou que os outros 28 mortos eram criminosos.<\/p>\n<p>Considerada a mais letal da hist\u00f3ria do estado do Rio de Janeiro, a opera\u00e7\u00e3o policial foi realizada para desarticular uma quadrilha de traficantes de drogas que, entre outros crimes, era suspeita de aliciar menores de idade.<\/p>\n<p>Defensores dos direitos humanos questionam a legalidade da opera\u00e7\u00e3o, que tamb\u00e9m despertou a preocupa\u00e7\u00e3o da Ordem dos Advogados do Brasil, da Comiss\u00e3o Interamericana de Direitos Humanos (CIDH) e do o Alto Comissariado da Organiza\u00e7\u00e3o das Na\u00e7\u00f5es Unidas (ONU) para Direitos Humanos. As tr\u00eas institui\u00e7\u00f5es pediram investiga\u00e7\u00f5es rigorosas e imparciais e ressaltaram o compromisso do Estado no respeito aos direitos humanos.<\/p>\n<p>Respons\u00e1vel por fiscalizar a legalidade da a\u00e7\u00e3o, o Minist\u00e9rio P\u00fablico do Estado do Rio de Janeiro emitiu uma nota em que informa que est\u00e1 investigando as circunst\u00e2ncias das mortes ocorridas durante a opera\u00e7\u00e3o.<\/p>\n<p>\u201cTodas as medidas judiciais e extrajudiciais cab\u00edveis em decorr\u00eancia dos fatos ocorridos est\u00e3o sendo tomadas pelo MPRJ&#8221;, diz o texto, que informa que a promotores estiveram presentes na comunidade, acompanhando os desdobramentos da opera\u00e7\u00e3o. &#8220;Cabe destacar ainda que o MPRJ acompanha a per\u00edcia nos corpos das pessoas mortas durante a interven\u00e7\u00e3o policial\u201d, informou a nota.<\/p>\n<p>O governador do Rio de Janeiro, Cl\u00e1udio Castro,\u00a0<a href=\"https:\/\/agenciabrasil.ebc.com.br\/geral\/noticia\/2021-05\/governador-do-rio-diz-que-operacao-foi-fiel-cumprimento-de-mandados\" target=\"_blank\" rel=\"noopener\">defendeu a Pol\u00edcia Civil<\/a>\u00a0e afirmou na noite de ontem que a opera\u00e7\u00e3o foi &#8220;o fiel cumprimento de dezenas de mandados expedidos pela Justi\u00e7a.&#8221;<\/p>\n<p>J\u00e1 uma nota conjunta assinada por entidades como a Anistia Internacional no Brasil, a Justi\u00e7a Global, o Instituto Marielle Franco e o Movimento Negro Unificado classifica a opera\u00e7\u00e3o como um massacre. Defensores de direitos humanos, moradores de favelas e familiares de v\u00edtimas de viol\u00eancia policial realizaram protestos ontem (7) contra as mortes.<\/p>\n<p>fonte : Ag\u00eanciaBrasil<\/p>\n","protected":false},"excerpt":{"rendered":"<p>A Pol\u00edcia Civil do Rio de Janeiro informou hoje (8)<\/p>\n","protected":false},"author":2,"featured_media":46671,"comment_status":"open","ping_status":"open","sticky":false,"template":"","format":"standard","meta":{"footnotes":""},"categories":[24,25,23],"tags":[],"class_list":["post-46670","post","type-post","status-publish","format-standard","has-post-thumbnail","hentry","category-brasil","category-cidades","category-policia"],"yoast_head":"<!-- This site is optimized with the Yoast SEO plugin v27.4 - https:\/\/yoast.com\/product\/yoast-seo-wordpress\/ -->\n<title>N\u00famero de mortos em opera\u00e7\u00e3o no Jacarezinho sobe para 29 - Regi\u00e3o News<\/title>\n<meta name=\"robots\" content=\"index, follow, max-snippet:-1, max-image-preview:large, max-video-preview:-1\" \/>\n<link rel=\"canonical\" href=\"https:\/\/regiaonews.net.br\/2022\/2021\/05\/08\/numero-de-mortos-em-operacao-no-jacarezinho-sobe-para-29\/\" \/>\n<meta property=\"og:locale\" content=\"pt_BR\" \/>\n<meta property=\"og:type\" content=\"article\" \/>\n<meta property=\"og:title\" content=\"N\u00famero de mortos em opera\u00e7\u00e3o no Jacarezinho sobe para 29 - Regi\u00e3o News\" \/>\n<meta property=\"og:description\" content=\"A Pol\u00edcia Civil do Rio de Janeiro informou hoje (8)\" \/>\n<meta property=\"og:url\" content=\"https:\/\/regiaonews.net.br\/2022\/2021\/05\/08\/numero-de-mortos-em-operacao-no-jacarezinho-sobe-para-29\/\" \/>\n<meta property=\"og:site_name\" content=\"Regi\u00e3o News\" \/>\n<meta property=\"article:published_time\" content=\"2021-05-08T19:23:13+00:00\" \/>\n<meta property=\"og:image\" content=\"https:\/\/regiaonews.net.br\/2022\/wp-content\/uploads\/2021\/05\/2001-07-17t120000z_1707981423_pbeahukzidh_rtrmadp_3_rio-de-janeiro.jpg\" \/>\n\t<meta property=\"og:image:width\" content=\"1170\" \/>\n\t<meta property=\"og:image:height\" content=\"700\" \/>\n\t<meta property=\"og:image:type\" content=\"image\/jpeg\" \/>\n<meta name=\"author\" content=\"Roberto\" \/>\n<meta name=\"twitter:card\" content=\"summary_large_image\" \/>\n<meta name=\"twitter:label1\" content=\"Escrito por\" \/>\n\t<meta name=\"twitter:data1\" content=\"Roberto\" \/>\n\t<meta name=\"twitter:label2\" content=\"Est. tempo de leitura\" \/>\n\t<meta name=\"twitter:data2\" content=\"2 minutos\" \/>\n<script type=\"application\/ld+json\" class=\"yoast-schema-graph\">{\"@context\":\"https:\\\/\\\/schema.org\",\"@graph\":[{\"@type\":\"Article\",\"@id\":\"https:\\\/\\\/regiaonews.net.br\\\/2022\\\/2021\\\/05\\\/08\\\/numero-de-mortos-em-operacao-no-jacarezinho-sobe-para-29\\\/#article\",\"isPartOf\":{\"@id\":\"https:\\\/\\\/regiaonews.net.br\\\/2022\\\/2021\\\/05\\\/08\\\/numero-de-mortos-em-operacao-no-jacarezinho-sobe-para-29\\\/\"},\"author\":{\"name\":\"Roberto\",\"@id\":\"https:\\\/\\\/regiaonews.net.br\\\/2022\\\/#\\\/schema\\\/person\\\/2d205a608a5aa97ac279d7a5e6d89ad8\"},\"headline\":\"N\u00famero de mortos em opera\u00e7\u00e3o no Jacarezinho sobe para 29\",\"datePublished\":\"2021-05-08T19:23:13+00:00\",\"mainEntityOfPage\":{\"@id\":\"https:\\\/\\\/regiaonews.net.br\\\/2022\\\/2021\\\/05\\\/08\\\/numero-de-mortos-em-operacao-no-jacarezinho-sobe-para-29\\\/\"},\"wordCount\":374,\"commentCount\":0,\"publisher\":{\"@id\":\"https:\\\/\\\/regiaonews.net.br\\\/2022\\\/#organization\"},\"image\":{\"@id\":\"https:\\\/\\\/regiaonews.net.br\\\/2022\\\/2021\\\/05\\\/08\\\/numero-de-mortos-em-operacao-no-jacarezinho-sobe-para-29\\\/#primaryimage\"},\"thumbnailUrl\":\"https:\\\/\\\/regiaonews.net.br\\\/2022\\\/wp-content\\\/uploads\\\/2021\\\/05\\\/2001-07-17t120000z_1707981423_pbeahukzidh_rtrmadp_3_rio-de-janeiro.jpg\",\"articleSection\":[\"Brasil\",\"Cidades\",\"Policia\"],\"inLanguage\":\"pt-BR\",\"potentialAction\":[{\"@type\":\"CommentAction\",\"name\":\"Comment\",\"target\":[\"https:\\\/\\\/regiaonews.net.br\\\/2022\\\/2021\\\/05\\\/08\\\/numero-de-mortos-em-operacao-no-jacarezinho-sobe-para-29\\\/#respond\"]}]},{\"@type\":\"WebPage\",\"@id\":\"https:\\\/\\\/regiaonews.net.br\\\/2022\\\/2021\\\/05\\\/08\\\/numero-de-mortos-em-operacao-no-jacarezinho-sobe-para-29\\\/\",\"url\":\"https:\\\/\\\/regiaonews.net.br\\\/2022\\\/2021\\\/05\\\/08\\\/numero-de-mortos-em-operacao-no-jacarezinho-sobe-para-29\\\/\",\"name\":\"N\u00famero de mortos em opera\u00e7\u00e3o no Jacarezinho sobe para 29 - Regi\u00e3o News\",\"isPartOf\":{\"@id\":\"https:\\\/\\\/regiaonews.net.br\\\/2022\\\/#website\"},\"primaryImageOfPage\":{\"@id\":\"https:\\\/\\\/regiaonews.net.br\\\/2022\\\/2021\\\/05\\\/08\\\/numero-de-mortos-em-operacao-no-jacarezinho-sobe-para-29\\\/#primaryimage\"},\"image\":{\"@id\":\"https:\\\/\\\/regiaonews.net.br\\\/2022\\\/2021\\\/05\\\/08\\\/numero-de-mortos-em-operacao-no-jacarezinho-sobe-para-29\\\/#primaryimage\"},\"thumbnailUrl\":\"https:\\\/\\\/regiaonews.net.br\\\/2022\\\/wp-content\\\/uploads\\\/2021\\\/05\\\/2001-07-17t120000z_1707981423_pbeahukzidh_rtrmadp_3_rio-de-janeiro.jpg\",\"datePublished\":\"2021-05-08T19:23:13+00:00\",\"breadcrumb\":{\"@id\":\"https:\\\/\\\/regiaonews.net.br\\\/2022\\\/2021\\\/05\\\/08\\\/numero-de-mortos-em-operacao-no-jacarezinho-sobe-para-29\\\/#breadcrumb\"},\"inLanguage\":\"pt-BR\",\"potentialAction\":[{\"@type\":\"ReadAction\",\"target\":[\"https:\\\/\\\/regiaonews.net.br\\\/2022\\\/2021\\\/05\\\/08\\\/numero-de-mortos-em-operacao-no-jacarezinho-sobe-para-29\\\/\"]}]},{\"@type\":\"ImageObject\",\"inLanguage\":\"pt-BR\",\"@id\":\"https:\\\/\\\/regiaonews.net.br\\\/2022\\\/2021\\\/05\\\/08\\\/numero-de-mortos-em-operacao-no-jacarezinho-sobe-para-29\\\/#primaryimage\",\"url\":\"https:\\\/\\\/regiaonews.net.br\\\/2022\\\/wp-content\\\/uploads\\\/2021\\\/05\\\/2001-07-17t120000z_1707981423_pbeahukzidh_rtrmadp_3_rio-de-janeiro.jpg\",\"contentUrl\":\"https:\\\/\\\/regiaonews.net.br\\\/2022\\\/wp-content\\\/uploads\\\/2021\\\/05\\\/2001-07-17t120000z_1707981423_pbeahukzidh_rtrmadp_3_rio-de-janeiro.jpg\",\"width\":1170,\"height\":700},{\"@type\":\"BreadcrumbList\",\"@id\":\"https:\\\/\\\/regiaonews.net.br\\\/2022\\\/2021\\\/05\\\/08\\\/numero-de-mortos-em-operacao-no-jacarezinho-sobe-para-29\\\/#breadcrumb\",\"itemListElement\":[{\"@type\":\"ListItem\",\"position\":1,\"name\":\"In\u00edcio\",\"item\":\"https:\\\/\\\/regiaonews.net.br\\\/2022\\\/\"},{\"@type\":\"ListItem\",\"position\":2,\"name\":\"N\u00famero de mortos em opera\u00e7\u00e3o no Jacarezinho sobe para 29\"}]},{\"@type\":\"WebSite\",\"@id\":\"https:\\\/\\\/regiaonews.net.br\\\/2022\\\/#website\",\"url\":\"https:\\\/\\\/regiaonews.net.br\\\/2022\\\/\",\"name\":\"Regi\u00e3o News\",\"description\":\"Site de Not\u00edcias de Barretos e regi\u00e3o\",\"publisher\":{\"@id\":\"https:\\\/\\\/regiaonews.net.br\\\/2022\\\/#organization\"},\"potentialAction\":[{\"@type\":\"SearchAction\",\"target\":{\"@type\":\"EntryPoint\",\"urlTemplate\":\"https:\\\/\\\/regiaonews.net.br\\\/2022\\\/?s={search_term_string}\"},\"query-input\":{\"@type\":\"PropertyValueSpecification\",\"valueRequired\":true,\"valueName\":\"search_term_string\"}}],\"inLanguage\":\"pt-BR\"},{\"@type\":\"Organization\",\"@id\":\"https:\\\/\\\/regiaonews.net.br\\\/2022\\\/#organization\",\"name\":\"Regi\u00e3o News\",\"url\":\"https:\\\/\\\/regiaonews.net.br\\\/2022\\\/\",\"logo\":{\"@type\":\"ImageObject\",\"inLanguage\":\"pt-BR\",\"@id\":\"https:\\\/\\\/regiaonews.net.br\\\/2022\\\/#\\\/schema\\\/logo\\\/image\\\/\",\"url\":\"https:\\\/\\\/regiaonews.net.br\\\/2022\\\/wp-content\\\/uploads\\\/2026\\\/03\\\/regiao-13-anos-scaled.jpg\",\"contentUrl\":\"https:\\\/\\\/regiaonews.net.br\\\/2022\\\/wp-content\\\/uploads\\\/2026\\\/03\\\/regiao-13-anos-scaled.jpg\",\"width\":2560,\"height\":635,\"caption\":\"Regi\u00e3o News\"},\"image\":{\"@id\":\"https:\\\/\\\/regiaonews.net.br\\\/2022\\\/#\\\/schema\\\/logo\\\/image\\\/\"}},{\"@type\":\"Person\",\"@id\":\"https:\\\/\\\/regiaonews.net.br\\\/2022\\\/#\\\/schema\\\/person\\\/2d205a608a5aa97ac279d7a5e6d89ad8\",\"name\":\"Roberto\",\"image\":{\"@type\":\"ImageObject\",\"inLanguage\":\"pt-BR\",\"@id\":\"https:\\\/\\\/secure.gravatar.com\\\/avatar\\\/42749d8b712ff9d59ca93dc150494e5b55a44134482993f5baeb97e61b7ecc89?s=96&d=mm&r=g\",\"url\":\"https:\\\/\\\/secure.gravatar.com\\\/avatar\\\/42749d8b712ff9d59ca93dc150494e5b55a44134482993f5baeb97e61b7ecc89?s=96&d=mm&r=g\",\"contentUrl\":\"https:\\\/\\\/secure.gravatar.com\\\/avatar\\\/42749d8b712ff9d59ca93dc150494e5b55a44134482993f5baeb97e61b7ecc89?s=96&d=mm&r=g\",\"caption\":\"Roberto\"},\"url\":\"https:\\\/\\\/regiaonews.net.br\\\/2022\\\/author\\\/roberto\\\/\"}]}<\/script>\n<!-- \/ Yoast SEO plugin. -->","yoast_head_json":{"title":"N\u00famero de mortos em opera\u00e7\u00e3o no Jacarezinho sobe para 29 - Regi\u00e3o News","robots":{"index":"index","follow":"follow","max-snippet":"max-snippet:-1","max-image-preview":"max-image-preview:large","max-video-preview":"max-video-preview:-1"},"canonical":"https:\/\/regiaonews.net.br\/2022\/2021\/05\/08\/numero-de-mortos-em-operacao-no-jacarezinho-sobe-para-29\/","og_locale":"pt_BR","og_type":"article","og_title":"N\u00famero de mortos em opera\u00e7\u00e3o no Jacarezinho sobe para 29 - Regi\u00e3o News","og_description":"A Pol\u00edcia Civil do Rio de Janeiro informou hoje (8)","og_url":"https:\/\/regiaonews.net.br\/2022\/2021\/05\/08\/numero-de-mortos-em-operacao-no-jacarezinho-sobe-para-29\/","og_site_name":"Regi\u00e3o News","article_published_time":"2021-05-08T19:23:13+00:00","og_image":[{"width":1170,"height":700,"url":"https:\/\/regiaonews.net.br\/2022\/wp-content\/uploads\/2021\/05\/2001-07-17t120000z_1707981423_pbeahukzidh_rtrmadp_3_rio-de-janeiro.jpg","type":"image\/jpeg"}],"author":"Roberto","twitter_card":"summary_large_image","twitter_misc":{"Escrito por":"Roberto","Est. tempo de leitura":"2 minutos"},"schema":{"@context":"https:\/\/schema.org","@graph":[{"@type":"Article","@id":"https:\/\/regiaonews.net.br\/2022\/2021\/05\/08\/numero-de-mortos-em-operacao-no-jacarezinho-sobe-para-29\/#article","isPartOf":{"@id":"https:\/\/regiaonews.net.br\/2022\/2021\/05\/08\/numero-de-mortos-em-operacao-no-jacarezinho-sobe-para-29\/"},"author":{"name":"Roberto","@id":"https:\/\/regiaonews.net.br\/2022\/#\/schema\/person\/2d205a608a5aa97ac279d7a5e6d89ad8"},"headline":"N\u00famero de mortos em opera\u00e7\u00e3o no Jacarezinho sobe para 29","datePublished":"2021-05-08T19:23:13+00:00","mainEntityOfPage":{"@id":"https:\/\/regiaonews.net.br\/2022\/2021\/05\/08\/numero-de-mortos-em-operacao-no-jacarezinho-sobe-para-29\/"},"wordCount":374,"commentCount":0,"publisher":{"@id":"https:\/\/regiaonews.net.br\/2022\/#organization"},"image":{"@id":"https:\/\/regiaonews.net.br\/2022\/2021\/05\/08\/numero-de-mortos-em-operacao-no-jacarezinho-sobe-para-29\/#primaryimage"},"thumbnailUrl":"https:\/\/regiaonews.net.br\/2022\/wp-content\/uploads\/2021\/05\/2001-07-17t120000z_1707981423_pbeahukzidh_rtrmadp_3_rio-de-janeiro.jpg","articleSection":["Brasil","Cidades","Policia"],"inLanguage":"pt-BR","potentialAction":[{"@type":"CommentAction","name":"Comment","target":["https:\/\/regiaonews.net.br\/2022\/2021\/05\/08\/numero-de-mortos-em-operacao-no-jacarezinho-sobe-para-29\/#respond"]}]},{"@type":"WebPage","@id":"https:\/\/regiaonews.net.br\/2022\/2021\/05\/08\/numero-de-mortos-em-operacao-no-jacarezinho-sobe-para-29\/","url":"https:\/\/regiaonews.net.br\/2022\/2021\/05\/08\/numero-de-mortos-em-operacao-no-jacarezinho-sobe-para-29\/","name":"N\u00famero de mortos em opera\u00e7\u00e3o no Jacarezinho sobe para 29 - Regi\u00e3o News","isPartOf":{"@id":"https:\/\/regiaonews.net.br\/2022\/#website"},"primaryImageOfPage":{"@id":"https:\/\/regiaonews.net.br\/2022\/2021\/05\/08\/numero-de-mortos-em-operacao-no-jacarezinho-sobe-para-29\/#primaryimage"},"image":{"@id":"https:\/\/regiaonews.net.br\/2022\/2021\/05\/08\/numero-de-mortos-em-operacao-no-jacarezinho-sobe-para-29\/#primaryimage"},"thumbnailUrl":"https:\/\/regiaonews.net.br\/2022\/wp-content\/uploads\/2021\/05\/2001-07-17t120000z_1707981423_pbeahukzidh_rtrmadp_3_rio-de-janeiro.jpg","datePublished":"2021-05-08T19:23:13+00:00","breadcrumb":{"@id":"https:\/\/regiaonews.net.br\/2022\/2021\/05\/08\/numero-de-mortos-em-operacao-no-jacarezinho-sobe-para-29\/#breadcrumb"},"inLanguage":"pt-BR","potentialAction":[{"@type":"ReadAction","target":["https:\/\/regiaonews.net.br\/2022\/2021\/05\/08\/numero-de-mortos-em-operacao-no-jacarezinho-sobe-para-29\/"]}]},{"@type":"ImageObject","inLanguage":"pt-BR","@id":"https:\/\/regiaonews.net.br\/2022\/2021\/05\/08\/numero-de-mortos-em-operacao-no-jacarezinho-sobe-para-29\/#primaryimage","url":"https:\/\/regiaonews.net.br\/2022\/wp-content\/uploads\/2021\/05\/2001-07-17t120000z_1707981423_pbeahukzidh_rtrmadp_3_rio-de-janeiro.jpg","contentUrl":"https:\/\/regiaonews.net.br\/2022\/wp-content\/uploads\/2021\/05\/2001-07-17t120000z_1707981423_pbeahukzidh_rtrmadp_3_rio-de-janeiro.jpg","width":1170,"height":700},{"@type":"BreadcrumbList","@id":"https:\/\/regiaonews.net.br\/2022\/2021\/05\/08\/numero-de-mortos-em-operacao-no-jacarezinho-sobe-para-29\/#breadcrumb","itemListElement":[{"@type":"ListItem","position":1,"name":"In\u00edcio","item":"https:\/\/regiaonews.net.br\/2022\/"},{"@type":"ListItem","position":2,"name":"N\u00famero de mortos em opera\u00e7\u00e3o no Jacarezinho sobe para 29"}]},{"@type":"WebSite","@id":"https:\/\/regiaonews.net.br\/2022\/#website","url":"https:\/\/regiaonews.net.br\/2022\/","name":"Regi\u00e3o News","description":"Site de Not\u00edcias de Barretos e regi\u00e3o","publisher":{"@id":"https:\/\/regiaonews.net.br\/2022\/#organization"},"potentialAction":[{"@type":"SearchAction","target":{"@type":"EntryPoint","urlTemplate":"https:\/\/regiaonews.net.br\/2022\/?s={search_term_string}"},"query-input":{"@type":"PropertyValueSpecification","valueRequired":true,"valueName":"search_term_string"}}],"inLanguage":"pt-BR"},{"@type":"Organization","@id":"https:\/\/regiaonews.net.br\/2022\/#organization","name":"Regi\u00e3o News","url":"https:\/\/regiaonews.net.br\/2022\/","logo":{"@type":"ImageObject","inLanguage":"pt-BR","@id":"https:\/\/regiaonews.net.br\/2022\/#\/schema\/logo\/image\/","url":"https:\/\/regiaonews.net.br\/2022\/wp-content\/uploads\/2026\/03\/regiao-13-anos-scaled.jpg","contentUrl":"https:\/\/regiaonews.net.br\/2022\/wp-content\/uploads\/2026\/03\/regiao-13-anos-scaled.jpg","width":2560,"height":635,"caption":"Regi\u00e3o News"},"image":{"@id":"https:\/\/regiaonews.net.br\/2022\/#\/schema\/logo\/image\/"}},{"@type":"Person","@id":"https:\/\/regiaonews.net.br\/2022\/#\/schema\/person\/2d205a608a5aa97ac279d7a5e6d89ad8","name":"Roberto","image":{"@type":"ImageObject","inLanguage":"pt-BR","@id":"https:\/\/secure.gravatar.com\/avatar\/42749d8b712ff9d59ca93dc150494e5b55a44134482993f5baeb97e61b7ecc89?s=96&d=mm&r=g","url":"https:\/\/secure.gravatar.com\/avatar\/42749d8b712ff9d59ca93dc150494e5b55a44134482993f5baeb97e61b7ecc89?s=96&d=mm&r=g","contentUrl":"https:\/\/secure.gravatar.com\/avatar\/42749d8b712ff9d59ca93dc150494e5b55a44134482993f5baeb97e61b7ecc89?s=96&d=mm&r=g","caption":"Roberto"},"url":"https:\/\/regiaonews.net.br\/2022\/author\/roberto\/"}]}},"publishpress_future_action":{"enabled":false,"date":"2026-05-04 05:51:04","action":"change-status","newStatus":"draft","terms":[],"taxonomy":"category","extraData":[]},"publishpress_future_workflow_manual_trigger":{"enabledWorkflows":[]},"_links":{"self":[{"href":"https:\/\/regiaonews.net.br\/2022\/wp-json\/wp\/v2\/posts\/46670","targetHints":{"allow":["GET"]}}],"collection":[{"href":"https:\/\/regiaonews.net.br\/2022\/wp-json\/wp\/v2\/posts"}],"about":[{"href":"https:\/\/regiaonews.net.br\/2022\/wp-json\/wp\/v2\/types\/post"}],"author":[{"embeddable":true,"href":"https:\/\/regiaonews.net.br\/2022\/wp-json\/wp\/v2\/users\/2"}],"replies":[{"embeddable":true,"href":"https:\/\/regiaonews.net.br\/2022\/wp-json\/wp\/v2\/comments?post=46670"}],"version-history":[{"count":0,"href":"https:\/\/regiaonews.net.br\/2022\/wp-json\/wp\/v2\/posts\/46670\/revisions"}],"wp:featuredmedia":[{"embeddable":true,"href":"https:\/\/regiaonews.net.br\/2022\/wp-json\/wp\/v2\/media\/46671"}],"wp:attachment":[{"href":"https:\/\/regiaonews.net.br\/2022\/wp-json\/wp\/v2\/media?parent=46670"}],"wp:term":[{"taxonomy":"category","embeddable":true,"href":"https:\/\/regiaonews.net.br\/2022\/wp-json\/wp\/v2\/categories?post=46670"},{"taxonomy":"post_tag","embeddable":true,"href":"https:\/\/regiaonews.net.br\/2022\/wp-json\/wp\/v2\/tags?post=46670"}],"curies":[{"name":"wp","href":"https:\/\/api.w.org\/{rel}","templated":true}]}}