{"id":46667,"date":"2021-05-08T13:27:21","date_gmt":"2021-05-08T16:27:21","guid":{"rendered":"https:\/\/regiaonews.net.br\/2022\/?p=46667"},"modified":"2021-05-08T13:28:12","modified_gmt":"2021-05-08T16:28:12","slug":"sp-realiza-semana-de-enfermagem-com-programacao-online-e-inedita","status":"publish","type":"post","link":"https:\/\/regiaonews.net.br\/2022\/2021\/05\/08\/sp-realiza-semana-de-enfermagem-com-programacao-online-e-inedita\/","title":{"rendered":"SP realiza Semana de Enfermagem com programa\u00e7\u00e3o online e in\u00e9dita"},"content":{"rendered":"<p><strong><em>Atividades virtuais ocorrem de segunda \u00e0 sexta reunindo profissionais da \u00e1rea e refer\u00eancias como Prof. Cortella e Monja Coen em\u00a0comemora\u00e7\u00e3o ao Dia Internacional da Enfermagem (12); evento leva o nome de Maria de Lourdes, enfermeira do Mandaqui nos anos 50<\/em><\/strong><\/p>\n<figure id=\"attachment_34429\" aria-describedby=\"caption-attachment-34429\" style=\"width: 300px\" class=\"wp-caption alignnone\"><a href=\"https:\/\/regiaonews.net.br\/2022\/wp-content\/uploads\/2020\/06\/hcpa_oo0017160620.jpg\"><img loading=\"lazy\" decoding=\"async\" class=\"size-medium wp-image-34429\" src=\"https:\/\/regiaonews.net.br\/2022\/wp-content\/uploads\/2020\/06\/hcpa_oo0017160620-300x179.jpg\" alt=\"\" width=\"300\" height=\"179\" \/><\/a><figcaption id=\"caption-attachment-34429\" class=\"wp-caption-text\">O Hospital de Cl\u00ednicas de Porto Alegre (HCPA) ampliou sua capacidade de atendimento para pacientes de coronav\u00edrus que precisam de terapia intensiva. A institui\u00e7\u00e3o passou a contar com 99 leitos em um novo Centro de Terapia Intensiva (CTI). At\u00e9 mar\u00e7o, a unidade contava com 53 leitos.<\/figcaption><\/figure>\n<p>A Secretaria de Estado da Sa\u00fade de S\u00e3o Paulo realiza a partir desta segunda-feira (10), uma semana especial com eventos online e presenciais em comemora\u00e7\u00e3o ao Dia Internacional da Enfermagem (12 de maio).<\/p>\n<p>Os eventos online contar\u00e3o com trabalhadores\/as do SUS, estudiosos\/as e pesquisadores\/as, entre outros, al\u00e9m das participa\u00e7\u00f5es de duas refer\u00eancias: o\u00a0<strong>Prof Dr. Mario S\u00e9rgio Cortella<\/strong>, que far\u00e1 a abertura da Semana, al\u00e9m da\u00a0<strong>Monja Coen Roshi<\/strong>, concluindo o ciclo de atividades virtuais.<\/p>\n<p>A programa\u00e7\u00e3o inclui ainda uma s\u00e9rie<strong>\u00a0<\/strong>de\u00a0<strong>cinco<\/strong>\u00a0<strong>webinars<\/strong>: \u201c<em>For\u00e7a de Trabalho da SES-SP: desafios e perspectivas<\/em>\u201d, \u201c<em>A Enfermagem frente \u00e0 pandemia do Novo Coronav\u00edrus<\/em>\u201d, \u201c<em>Novas compet\u00eancias de Enfermagem<\/em>\u201d, \u201c<em>O novo perfil do Profissional da Enfermagem<\/em>\u201d e \u201c<em>Qualidade de Vida<\/em>\u201d.<\/p>\n<p>A\u00a0Coordenadoria de Recursos Humanos (CHR-SP) decidiu batizar a Semana de\u00a0\u201cMaria de Lourdes Locato\u201d, homenageando a enfermeira com registro de contrata\u00e7\u00e3o mais antigo no cadastro de funcion\u00e1rios da Secretaria. Vinculada \u00e0 Secretaria em 1952, trabalhou at\u00e9 1963 no Conjunto Hospitalar do Mandaqui,\u00a0um dos maiores servi\u00e7os de sa\u00fade do Estado e que est\u00e1 localizado na zona Norte da Capital. A colaboradora completaria 100 anos na pr\u00f3xima segunda-feira (10).<\/p>\n<p>\u201cA proposta da celebra\u00e7\u00e3o semanal especial se insere na pol\u00edtica de gest\u00e3o de pessoas da SES\/SP, com o fundamento do reconhecimento e valoriza\u00e7\u00e3o, sobretudo nestes tempos t\u00e3o desafiadores para a sa\u00fade coletiva\u201d, ressalta a coordenadora de Recursos Humanos, Maria Aparecida Novaes.<\/p>\n<p>O evento \u00e9 gratuito e ser\u00e1 transmitido ao vivo, durante toda a semana, a partir das 14h, pelo canal da CRH da SES-SP, destinado a conte\u00fados de Educa\u00e7\u00e3o \u00e0 Dist\u00e2ncia no YouTube <em>(confira link abaixo)<\/em>.<\/p>\n<p>No dia 12, o pr\u00f3prio secret\u00e1rio de Estado da Sa\u00fade Jean Gorinchteyn conduzir\u00e1 a live comemorativa, que abordar\u00e1 a situa\u00e7\u00e3o atual e o quais as novas compet\u00eancias esperadas dos profissionais do ramo.<\/p>\n<p>\u201cEm um momento t\u00e3o importante para a sa\u00fade mundial, entendemos que \u00e9 preciso valorizar cada vez mais os nossos profissionais de enfermagem. A promo\u00e7\u00e3o de eventos online, seguros, que nos trazem debates com especialistas e demais colaboradores da linha de frente s\u00e3o fundamentais para trocarmos experi\u00eancias e adquirirmos novos aprendizados\u201d, afirma o Secret\u00e1rio.<\/p>\n<p>O encerramento da semana tamb\u00e9m ocorrer\u00e1 com uma apresenta\u00e7\u00e3o presencial dos servidores participantes do projeto &#8220;<strong>Coral da SES-SP&#8221;,\u00a0<\/strong>homenageando\u00a0os profissionais da Enfermagem por meio da voz e da m\u00fasica.<\/p>\n<p>&nbsp;<\/p>\n<p>&nbsp;<\/p>\n<p><strong>Atividades especiais em hospitais estaduais<\/strong><\/p>\n<p>Hospitais estaduais tamb\u00e9m programaram a\u00e7\u00f5es especiais no decorrer da semana. O\u00a0Hospital e Maternidade Leonor Mendes de Barros\u00a0ter\u00e1\u00a0sess\u00f5es de fotografias, palestras e outras atividades.<\/p>\n<p>Profissionais da \u00e1rea que trabalham Instituto Clemente Ferreira\u00a0e do\u00a0Hospital Geral Vila Penteado\u00a0contar\u00e3o com sess\u00f5es de Quick Massagem. O segundo tamb\u00e9m comemora a semana\u00a0com o tema \u201c30 Anos Cuidando de Quem Cuida\u201d<\/p>\n<p>Servidores da Enfermagem do\u00a0Complexo Hospitalar Padre Bento, em Guarulhos, far\u00e3o a\u00e7\u00f5es de com o mote de &#8220;Valoriza\u00e7\u00e3o e Autocuidado&#8221;.<\/p>\n<p>Na Baixada Santista, o\u00a0Hospital Guilherme \u00c1lvaro, em Santos, ter\u00e1 programa\u00e7\u00e3o semana com palestras, v\u00eddeos e a\u00e7\u00f5es internas sobre o tema \u201cEnfermagem \u00e9 Amor por onde Ela F(l)or&#8230; Voc\u00ea \u00e9 Essencial para a Assist\u00eancia!\u201d<\/p>\n<p>No dia 12, o\u00a0Instituto Dante Pazzanese\u00a0de Cardiologia exibir\u00e1 um v\u00eddeo institucional em homenagem \u00e0 equipe da Enfermagem intitulado \u201cQuem Somos?\u201d. Na mesma data,\u00a0o\u00a0Instituto Em\u00edlio Ribas, da Capital, realizar\u00e1 um \u201cAto Ecum\u00eanico\u201d em homenagem aos colaboradores.<\/p>\n<p>&nbsp;<\/p>\n<p>&nbsp;<\/p>\n<p><strong>Confira a programa\u00e7\u00e3o virtual completa:<\/strong><\/p>\n<p>&nbsp;<\/p>\n<p><strong>10\/05 (segunda-feira), a partir das 14h<br \/>\nWebinar (semin\u00e1rio online): \u201cFor\u00e7a e Trabalho da SES-SP?\u201d<\/strong><\/p>\n<p><u>Para participar<\/u>:<strong>\u00a0<\/strong><a href=\"https:\/\/www.youtube.com\/eadses\">https:\/\/www.youtube.com\/eadses<\/a><\/p>\n<p><strong><u>Abertura<\/u><\/strong><strong>: Prof Dr. Mario S\u00e9rgio Cortella \u2013 fil\u00f3sofo e educador convidado especial<\/strong><\/p>\n<p><u>Mediadora<\/u>: Profa. Dra. Maria do Perp\u00e9tuo Socorro S. N\u00f3brega \u2013 Docente do Departamento de Enfermagem Materno-Infantil e Psiqui\u00e1trica da Escola de Enfermagem &#8211; USP<\/p>\n<p><u>Convidados:<\/u> Sra. Fernanda de Freitas Silva &#8211; Assessora T\u00e9cnica da Coordenadoria de Recursos Humanos SES\/SP; e Dr. James Francisco Pedro dos Santos &#8211; Presidente do Conselho Regional de Enfermagem de S\u00e3o Paulo<\/p>\n<p>11\/05 (ter\u00e7a-feira), a partir das 14h<br \/>\nWebinar (semin\u00e1rio online): \u201cA Enfermagem frente a Pandemia do Novo Coronav\u00edrus\u201d<\/p>\n<p><u>Para participar<\/u>:<strong>\u00a0<\/strong><a href=\"https:\/\/www.youtube.com\/eadses\">https:\/\/www.youtube.com\/eadses<\/a><br \/>\n<u>Mediadora:<\/u> Sra. Cibeli Maria da Silva &#8211; Enfermeira da Coordenadoria de Servi\u00e7os de Sa\u00fade SES\/SP<br \/>\n<u>Convidados<\/u>: Dra. Denise Viana Rodrigues de Oliveira &#8211; Enfermeira Chefe da Unidade Cardiol\u00f3gica Geral\/Covid do Instituto Dante Pazzanese de Cardiologia; e Dr. Sergio Aparecido Cleto &#8211; Enfermeiro Respons\u00e1vel T\u00e9cnico do Servi\u00e7o de Di\u00e1lise do Instituto de Infectologia Em\u00edlio Ribas<\/p>\n<p>&nbsp;<\/p>\n<p><strong>12\/05 (quarta-feira), a partir das 14h (Dia Internacional da Enfermagem)<\/strong><\/p>\n<p><strong>Webinar (semin\u00e1rio online): \u201cNovas compet\u00eancias de Enfermagem\u201d<\/strong><\/p>\n<p><u>Para participar<\/u>:<strong>\u00a0<\/strong><a href=\"https:\/\/www.youtube.com\/eadses\">https:\/\/www.youtube.com\/eadses<\/a><\/p>\n<p><strong><u>Participa\u00e7\u00e3o Especial<\/u><\/strong><strong>: Excelent\u00edssimo Sr. Jean Carlo Gorinchteyn \u2013 Secret\u00e1rio de Estado da Sa\u00fade de S\u00e3o Paulo<\/strong><\/p>\n<p><u>Mediadora<\/u>: Profa. Dra. Lisabelle Mariano Rosato &#8211; Docente da Escola de Enfermagem da Universidade de S\u00e3o Paulo<br \/>\n<u>Convidadas:<\/u> Profa. Dra. Julianne Dannae Umada &#8211; Docente da Faculdade Israelita Albert Einstein e Enfermeira da Educa\u00e7\u00e3o Continuada do Hospital do Servidor P\u00fablico Estadual; e Profa. Dra. Ana Cl\u00e1udia Garzin &#8211; Docente do Centro Universit\u00e1rio S\u00e3o Camilo<\/p>\n<p>&nbsp;<\/p>\n<p><strong>13\/05 (quinta-feira), a partir das 14h<br \/>\nWebinar (semin\u00e1rio online): \u201cO novo perfil do Profissional da Enfermagem\u201d<\/strong><\/p>\n<p><u>Para participar<\/u>:<strong>\u00a0<\/strong><a href=\"https:\/\/www.youtube.com\/eadses\">https:\/\/www.youtube.com\/eadses<\/a><\/p>\n<p><u>Mediadora<\/u>: Dra. Andrea Cotait Ayoub \u00a0&#8211; Conselheira Efetiva do Conselho Regional de Enfermagem \u00a0de S\u00e3o Paulo e Superintendente Assistencial do Hospital Municipal Infantil Menino Jesus<br \/>\n<u>Convidados:<\/u> Sra. Cristina Rossi de Almeida Alonso &#8211; Enfermeira e Diretora do Centro de Treinamento e Desenvolvimento CRH &#8211; SES\/SP; e Me. Ricardo Chaves de Carvalho &#8211; Diretor dos Centros Formadores de Pessoal para \u00c1rea da Sa\u00fade Escola T\u00e9cnica do SUS S\u00e3o Paulo e Osasco &#8211; SES\/SP<\/p>\n<p>&nbsp;<\/p>\n<p><strong>14\/05 (sexta-feira), a partir das 14h<\/strong><\/p>\n<p><strong>Webinar (semin\u00e1rio online): \u201cQualidade de Vida\u201d<\/strong><\/p>\n<p><u>Para participar<\/u>:<strong>\u00a0<\/strong><a href=\"https:\/\/www.youtube.com\/eadses\">https:\/\/www.youtube.com\/eadses<\/a><\/p>\n<p><u>Mediadora<\/u>: Dra. Bartyra Camara Gomes Granata &#8211; M\u00e9dica e Diretora do Departamento M\u00e9dico de Per\u00edcias do Estado de S\u00e3o Paulo<br \/>\n<u>Convidadas:<\/u> Dra. Sonia Isoyama Venancio &#8211; Pesquisadora Cient\u00edfica e Vice-Diretora Instituto de Sa\u00fade \u2013 SES\/SP; e Dra. Jacqueline da Cruz &#8211; Diretora do Servi\u00e7o Especializado em Engenharia de Seguran\u00e7a e Medicina do Trabalho &#8211; Hospital Infantil Darcy Vargas &#8211; SES\/SP<\/p>\n<p><strong><u>Encerramento<\/u><\/strong><strong>: Monja Coen Roshi &#8211; convidada especial e homenagem com o Coral SES-SP<\/strong><\/p>\n","protected":false},"excerpt":{"rendered":"<p>Atividades virtuais ocorrem de segunda \u00e0 sexta reunindo profissionais da<\/p>\n","protected":false},"author":2,"featured_media":34429,"comment_status":"open","ping_status":"open","sticky":false,"template":"","format":"standard","meta":{"footnotes":""},"categories":[25],"tags":[],"class_list":["post-46667","post","type-post","status-publish","format-standard","has-post-thumbnail","hentry","category-cidades"],"yoast_head":"<!-- This site is optimized with the Yoast SEO plugin v27.4 - https:\/\/yoast.com\/product\/yoast-seo-wordpress\/ -->\n<title>SP realiza Semana de Enfermagem com programa\u00e7\u00e3o online e in\u00e9dita - Regi\u00e3o News<\/title>\n<meta name=\"robots\" content=\"index, follow, max-snippet:-1, max-image-preview:large, max-video-preview:-1\" \/>\n<link rel=\"canonical\" href=\"https:\/\/regiaonews.net.br\/2022\/2021\/05\/08\/sp-realiza-semana-de-enfermagem-com-programacao-online-e-inedita\/\" \/>\n<meta property=\"og:locale\" content=\"pt_BR\" \/>\n<meta property=\"og:type\" content=\"article\" \/>\n<meta property=\"og:title\" content=\"SP realiza Semana de Enfermagem com programa\u00e7\u00e3o online e in\u00e9dita - Regi\u00e3o News\" \/>\n<meta property=\"og:description\" content=\"Atividades virtuais ocorrem de segunda \u00e0 sexta reunindo profissionais da\" \/>\n<meta property=\"og:url\" content=\"https:\/\/regiaonews.net.br\/2022\/2021\/05\/08\/sp-realiza-semana-de-enfermagem-com-programacao-online-e-inedita\/\" \/>\n<meta property=\"og:site_name\" content=\"Regi\u00e3o News\" \/>\n<meta property=\"article:published_time\" content=\"2021-05-08T16:27:21+00:00\" \/>\n<meta property=\"article:modified_time\" content=\"2021-05-08T16:28:12+00:00\" \/>\n<meta property=\"og:image\" content=\"https:\/\/regiaonews.net.br\/2022\/wp-content\/uploads\/2020\/06\/hcpa_oo0017160620.jpg\" \/>\n\t<meta property=\"og:image:width\" content=\"1170\" \/>\n\t<meta property=\"og:image:height\" content=\"700\" \/>\n\t<meta property=\"og:image:type\" content=\"image\/jpeg\" \/>\n<meta name=\"author\" content=\"Roberto\" \/>\n<meta name=\"twitter:card\" content=\"summary_large_image\" \/>\n<meta name=\"twitter:label1\" content=\"Escrito por\" \/>\n\t<meta name=\"twitter:data1\" content=\"Roberto\" \/>\n\t<meta name=\"twitter:label2\" content=\"Est. tempo de leitura\" \/>\n\t<meta name=\"twitter:data2\" content=\"6 minutos\" \/>\n<script type=\"application\/ld+json\" class=\"yoast-schema-graph\">{\"@context\":\"https:\\\/\\\/schema.org\",\"@graph\":[{\"@type\":\"Article\",\"@id\":\"https:\\\/\\\/regiaonews.net.br\\\/2022\\\/2021\\\/05\\\/08\\\/sp-realiza-semana-de-enfermagem-com-programacao-online-e-inedita\\\/#article\",\"isPartOf\":{\"@id\":\"https:\\\/\\\/regiaonews.net.br\\\/2022\\\/2021\\\/05\\\/08\\\/sp-realiza-semana-de-enfermagem-com-programacao-online-e-inedita\\\/\"},\"author\":{\"name\":\"Roberto\",\"@id\":\"https:\\\/\\\/regiaonews.net.br\\\/2022\\\/#\\\/schema\\\/person\\\/2d205a608a5aa97ac279d7a5e6d89ad8\"},\"headline\":\"SP realiza Semana de Enfermagem com programa\u00e7\u00e3o online e in\u00e9dita\",\"datePublished\":\"2021-05-08T16:27:21+00:00\",\"dateModified\":\"2021-05-08T16:28:12+00:00\",\"mainEntityOfPage\":{\"@id\":\"https:\\\/\\\/regiaonews.net.br\\\/2022\\\/2021\\\/05\\\/08\\\/sp-realiza-semana-de-enfermagem-com-programacao-online-e-inedita\\\/\"},\"wordCount\":1195,\"commentCount\":0,\"publisher\":{\"@id\":\"https:\\\/\\\/regiaonews.net.br\\\/2022\\\/#organization\"},\"image\":{\"@id\":\"https:\\\/\\\/regiaonews.net.br\\\/2022\\\/2021\\\/05\\\/08\\\/sp-realiza-semana-de-enfermagem-com-programacao-online-e-inedita\\\/#primaryimage\"},\"thumbnailUrl\":\"https:\\\/\\\/regiaonews.net.br\\\/2022\\\/wp-content\\\/uploads\\\/2020\\\/06\\\/hcpa_oo0017160620.jpg\",\"articleSection\":[\"Cidades\"],\"inLanguage\":\"pt-BR\",\"potentialAction\":[{\"@type\":\"CommentAction\",\"name\":\"Comment\",\"target\":[\"https:\\\/\\\/regiaonews.net.br\\\/2022\\\/2021\\\/05\\\/08\\\/sp-realiza-semana-de-enfermagem-com-programacao-online-e-inedita\\\/#respond\"]}]},{\"@type\":\"WebPage\",\"@id\":\"https:\\\/\\\/regiaonews.net.br\\\/2022\\\/2021\\\/05\\\/08\\\/sp-realiza-semana-de-enfermagem-com-programacao-online-e-inedita\\\/\",\"url\":\"https:\\\/\\\/regiaonews.net.br\\\/2022\\\/2021\\\/05\\\/08\\\/sp-realiza-semana-de-enfermagem-com-programacao-online-e-inedita\\\/\",\"name\":\"SP realiza Semana de Enfermagem com programa\u00e7\u00e3o online e in\u00e9dita - Regi\u00e3o News\",\"isPartOf\":{\"@id\":\"https:\\\/\\\/regiaonews.net.br\\\/2022\\\/#website\"},\"primaryImageOfPage\":{\"@id\":\"https:\\\/\\\/regiaonews.net.br\\\/2022\\\/2021\\\/05\\\/08\\\/sp-realiza-semana-de-enfermagem-com-programacao-online-e-inedita\\\/#primaryimage\"},\"image\":{\"@id\":\"https:\\\/\\\/regiaonews.net.br\\\/2022\\\/2021\\\/05\\\/08\\\/sp-realiza-semana-de-enfermagem-com-programacao-online-e-inedita\\\/#primaryimage\"},\"thumbnailUrl\":\"https:\\\/\\\/regiaonews.net.br\\\/2022\\\/wp-content\\\/uploads\\\/2020\\\/06\\\/hcpa_oo0017160620.jpg\",\"datePublished\":\"2021-05-08T16:27:21+00:00\",\"dateModified\":\"2021-05-08T16:28:12+00:00\",\"breadcrumb\":{\"@id\":\"https:\\\/\\\/regiaonews.net.br\\\/2022\\\/2021\\\/05\\\/08\\\/sp-realiza-semana-de-enfermagem-com-programacao-online-e-inedita\\\/#breadcrumb\"},\"inLanguage\":\"pt-BR\",\"potentialAction\":[{\"@type\":\"ReadAction\",\"target\":[\"https:\\\/\\\/regiaonews.net.br\\\/2022\\\/2021\\\/05\\\/08\\\/sp-realiza-semana-de-enfermagem-com-programacao-online-e-inedita\\\/\"]}]},{\"@type\":\"ImageObject\",\"inLanguage\":\"pt-BR\",\"@id\":\"https:\\\/\\\/regiaonews.net.br\\\/2022\\\/2021\\\/05\\\/08\\\/sp-realiza-semana-de-enfermagem-com-programacao-online-e-inedita\\\/#primaryimage\",\"url\":\"https:\\\/\\\/regiaonews.net.br\\\/2022\\\/wp-content\\\/uploads\\\/2020\\\/06\\\/hcpa_oo0017160620.jpg\",\"contentUrl\":\"https:\\\/\\\/regiaonews.net.br\\\/2022\\\/wp-content\\\/uploads\\\/2020\\\/06\\\/hcpa_oo0017160620.jpg\",\"width\":1170,\"height\":700,\"caption\":\"O Hospital de Cl\u00ednicas de Porto Alegre (HCPA) ampliou sua capacidade de atendimento para pacientes de coronav\u00edrus que precisam de terapia intensiva. A institui\u00e7\u00e3o passou a contar com 99 leitos em um novo Centro de Terapia Intensiva (CTI). At\u00e9 mar\u00e7o, a unidade contava com 53 leitos.\"},{\"@type\":\"BreadcrumbList\",\"@id\":\"https:\\\/\\\/regiaonews.net.br\\\/2022\\\/2021\\\/05\\\/08\\\/sp-realiza-semana-de-enfermagem-com-programacao-online-e-inedita\\\/#breadcrumb\",\"itemListElement\":[{\"@type\":\"ListItem\",\"position\":1,\"name\":\"In\u00edcio\",\"item\":\"https:\\\/\\\/regiaonews.net.br\\\/2022\\\/\"},{\"@type\":\"ListItem\",\"position\":2,\"name\":\"SP realiza Semana de Enfermagem com programa\u00e7\u00e3o online e in\u00e9dita\"}]},{\"@type\":\"WebSite\",\"@id\":\"https:\\\/\\\/regiaonews.net.br\\\/2022\\\/#website\",\"url\":\"https:\\\/\\\/regiaonews.net.br\\\/2022\\\/\",\"name\":\"Regi\u00e3o News\",\"description\":\"Site de Not\u00edcias de Barretos e regi\u00e3o\",\"publisher\":{\"@id\":\"https:\\\/\\\/regiaonews.net.br\\\/2022\\\/#organization\"},\"potentialAction\":[{\"@type\":\"SearchAction\",\"target\":{\"@type\":\"EntryPoint\",\"urlTemplate\":\"https:\\\/\\\/regiaonews.net.br\\\/2022\\\/?s={search_term_string}\"},\"query-input\":{\"@type\":\"PropertyValueSpecification\",\"valueRequired\":true,\"valueName\":\"search_term_string\"}}],\"inLanguage\":\"pt-BR\"},{\"@type\":\"Organization\",\"@id\":\"https:\\\/\\\/regiaonews.net.br\\\/2022\\\/#organization\",\"name\":\"Regi\u00e3o News\",\"url\":\"https:\\\/\\\/regiaonews.net.br\\\/2022\\\/\",\"logo\":{\"@type\":\"ImageObject\",\"inLanguage\":\"pt-BR\",\"@id\":\"https:\\\/\\\/regiaonews.net.br\\\/2022\\\/#\\\/schema\\\/logo\\\/image\\\/\",\"url\":\"https:\\\/\\\/regiaonews.net.br\\\/2022\\\/wp-content\\\/uploads\\\/2026\\\/03\\\/regiao-13-anos-scaled.jpg\",\"contentUrl\":\"https:\\\/\\\/regiaonews.net.br\\\/2022\\\/wp-content\\\/uploads\\\/2026\\\/03\\\/regiao-13-anos-scaled.jpg\",\"width\":2560,\"height\":635,\"caption\":\"Regi\u00e3o News\"},\"image\":{\"@id\":\"https:\\\/\\\/regiaonews.net.br\\\/2022\\\/#\\\/schema\\\/logo\\\/image\\\/\"}},{\"@type\":\"Person\",\"@id\":\"https:\\\/\\\/regiaonews.net.br\\\/2022\\\/#\\\/schema\\\/person\\\/2d205a608a5aa97ac279d7a5e6d89ad8\",\"name\":\"Roberto\",\"image\":{\"@type\":\"ImageObject\",\"inLanguage\":\"pt-BR\",\"@id\":\"https:\\\/\\\/secure.gravatar.com\\\/avatar\\\/42749d8b712ff9d59ca93dc150494e5b55a44134482993f5baeb97e61b7ecc89?s=96&d=mm&r=g\",\"url\":\"https:\\\/\\\/secure.gravatar.com\\\/avatar\\\/42749d8b712ff9d59ca93dc150494e5b55a44134482993f5baeb97e61b7ecc89?s=96&d=mm&r=g\",\"contentUrl\":\"https:\\\/\\\/secure.gravatar.com\\\/avatar\\\/42749d8b712ff9d59ca93dc150494e5b55a44134482993f5baeb97e61b7ecc89?s=96&d=mm&r=g\",\"caption\":\"Roberto\"},\"url\":\"https:\\\/\\\/regiaonews.net.br\\\/2022\\\/author\\\/roberto\\\/\"}]}<\/script>\n<!-- \/ Yoast SEO plugin. -->","yoast_head_json":{"title":"SP realiza Semana de Enfermagem com programa\u00e7\u00e3o online e in\u00e9dita - Regi\u00e3o News","robots":{"index":"index","follow":"follow","max-snippet":"max-snippet:-1","max-image-preview":"max-image-preview:large","max-video-preview":"max-video-preview:-1"},"canonical":"https:\/\/regiaonews.net.br\/2022\/2021\/05\/08\/sp-realiza-semana-de-enfermagem-com-programacao-online-e-inedita\/","og_locale":"pt_BR","og_type":"article","og_title":"SP realiza Semana de Enfermagem com programa\u00e7\u00e3o online e in\u00e9dita - Regi\u00e3o News","og_description":"Atividades virtuais ocorrem de segunda \u00e0 sexta reunindo profissionais da","og_url":"https:\/\/regiaonews.net.br\/2022\/2021\/05\/08\/sp-realiza-semana-de-enfermagem-com-programacao-online-e-inedita\/","og_site_name":"Regi\u00e3o News","article_published_time":"2021-05-08T16:27:21+00:00","article_modified_time":"2021-05-08T16:28:12+00:00","og_image":[{"width":1170,"height":700,"url":"https:\/\/regiaonews.net.br\/2022\/wp-content\/uploads\/2020\/06\/hcpa_oo0017160620.jpg","type":"image\/jpeg"}],"author":"Roberto","twitter_card":"summary_large_image","twitter_misc":{"Escrito por":"Roberto","Est. tempo de leitura":"6 minutos"},"schema":{"@context":"https:\/\/schema.org","@graph":[{"@type":"Article","@id":"https:\/\/regiaonews.net.br\/2022\/2021\/05\/08\/sp-realiza-semana-de-enfermagem-com-programacao-online-e-inedita\/#article","isPartOf":{"@id":"https:\/\/regiaonews.net.br\/2022\/2021\/05\/08\/sp-realiza-semana-de-enfermagem-com-programacao-online-e-inedita\/"},"author":{"name":"Roberto","@id":"https:\/\/regiaonews.net.br\/2022\/#\/schema\/person\/2d205a608a5aa97ac279d7a5e6d89ad8"},"headline":"SP realiza Semana de Enfermagem com programa\u00e7\u00e3o online e in\u00e9dita","datePublished":"2021-05-08T16:27:21+00:00","dateModified":"2021-05-08T16:28:12+00:00","mainEntityOfPage":{"@id":"https:\/\/regiaonews.net.br\/2022\/2021\/05\/08\/sp-realiza-semana-de-enfermagem-com-programacao-online-e-inedita\/"},"wordCount":1195,"commentCount":0,"publisher":{"@id":"https:\/\/regiaonews.net.br\/2022\/#organization"},"image":{"@id":"https:\/\/regiaonews.net.br\/2022\/2021\/05\/08\/sp-realiza-semana-de-enfermagem-com-programacao-online-e-inedita\/#primaryimage"},"thumbnailUrl":"https:\/\/regiaonews.net.br\/2022\/wp-content\/uploads\/2020\/06\/hcpa_oo0017160620.jpg","articleSection":["Cidades"],"inLanguage":"pt-BR","potentialAction":[{"@type":"CommentAction","name":"Comment","target":["https:\/\/regiaonews.net.br\/2022\/2021\/05\/08\/sp-realiza-semana-de-enfermagem-com-programacao-online-e-inedita\/#respond"]}]},{"@type":"WebPage","@id":"https:\/\/regiaonews.net.br\/2022\/2021\/05\/08\/sp-realiza-semana-de-enfermagem-com-programacao-online-e-inedita\/","url":"https:\/\/regiaonews.net.br\/2022\/2021\/05\/08\/sp-realiza-semana-de-enfermagem-com-programacao-online-e-inedita\/","name":"SP realiza Semana de Enfermagem com programa\u00e7\u00e3o online e in\u00e9dita - Regi\u00e3o News","isPartOf":{"@id":"https:\/\/regiaonews.net.br\/2022\/#website"},"primaryImageOfPage":{"@id":"https:\/\/regiaonews.net.br\/2022\/2021\/05\/08\/sp-realiza-semana-de-enfermagem-com-programacao-online-e-inedita\/#primaryimage"},"image":{"@id":"https:\/\/regiaonews.net.br\/2022\/2021\/05\/08\/sp-realiza-semana-de-enfermagem-com-programacao-online-e-inedita\/#primaryimage"},"thumbnailUrl":"https:\/\/regiaonews.net.br\/2022\/wp-content\/uploads\/2020\/06\/hcpa_oo0017160620.jpg","datePublished":"2021-05-08T16:27:21+00:00","dateModified":"2021-05-08T16:28:12+00:00","breadcrumb":{"@id":"https:\/\/regiaonews.net.br\/2022\/2021\/05\/08\/sp-realiza-semana-de-enfermagem-com-programacao-online-e-inedita\/#breadcrumb"},"inLanguage":"pt-BR","potentialAction":[{"@type":"ReadAction","target":["https:\/\/regiaonews.net.br\/2022\/2021\/05\/08\/sp-realiza-semana-de-enfermagem-com-programacao-online-e-inedita\/"]}]},{"@type":"ImageObject","inLanguage":"pt-BR","@id":"https:\/\/regiaonews.net.br\/2022\/2021\/05\/08\/sp-realiza-semana-de-enfermagem-com-programacao-online-e-inedita\/#primaryimage","url":"https:\/\/regiaonews.net.br\/2022\/wp-content\/uploads\/2020\/06\/hcpa_oo0017160620.jpg","contentUrl":"https:\/\/regiaonews.net.br\/2022\/wp-content\/uploads\/2020\/06\/hcpa_oo0017160620.jpg","width":1170,"height":700,"caption":"O Hospital de Cl\u00ednicas de Porto Alegre (HCPA) ampliou sua capacidade de atendimento para pacientes de coronav\u00edrus que precisam de terapia intensiva. A institui\u00e7\u00e3o passou a contar com 99 leitos em um novo Centro de Terapia Intensiva (CTI). At\u00e9 mar\u00e7o, a unidade contava com 53 leitos."},{"@type":"BreadcrumbList","@id":"https:\/\/regiaonews.net.br\/2022\/2021\/05\/08\/sp-realiza-semana-de-enfermagem-com-programacao-online-e-inedita\/#breadcrumb","itemListElement":[{"@type":"ListItem","position":1,"name":"In\u00edcio","item":"https:\/\/regiaonews.net.br\/2022\/"},{"@type":"ListItem","position":2,"name":"SP realiza Semana de Enfermagem com programa\u00e7\u00e3o online e in\u00e9dita"}]},{"@type":"WebSite","@id":"https:\/\/regiaonews.net.br\/2022\/#website","url":"https:\/\/regiaonews.net.br\/2022\/","name":"Regi\u00e3o News","description":"Site de Not\u00edcias de Barretos e regi\u00e3o","publisher":{"@id":"https:\/\/regiaonews.net.br\/2022\/#organization"},"potentialAction":[{"@type":"SearchAction","target":{"@type":"EntryPoint","urlTemplate":"https:\/\/regiaonews.net.br\/2022\/?s={search_term_string}"},"query-input":{"@type":"PropertyValueSpecification","valueRequired":true,"valueName":"search_term_string"}}],"inLanguage":"pt-BR"},{"@type":"Organization","@id":"https:\/\/regiaonews.net.br\/2022\/#organization","name":"Regi\u00e3o News","url":"https:\/\/regiaonews.net.br\/2022\/","logo":{"@type":"ImageObject","inLanguage":"pt-BR","@id":"https:\/\/regiaonews.net.br\/2022\/#\/schema\/logo\/image\/","url":"https:\/\/regiaonews.net.br\/2022\/wp-content\/uploads\/2026\/03\/regiao-13-anos-scaled.jpg","contentUrl":"https:\/\/regiaonews.net.br\/2022\/wp-content\/uploads\/2026\/03\/regiao-13-anos-scaled.jpg","width":2560,"height":635,"caption":"Regi\u00e3o News"},"image":{"@id":"https:\/\/regiaonews.net.br\/2022\/#\/schema\/logo\/image\/"}},{"@type":"Person","@id":"https:\/\/regiaonews.net.br\/2022\/#\/schema\/person\/2d205a608a5aa97ac279d7a5e6d89ad8","name":"Roberto","image":{"@type":"ImageObject","inLanguage":"pt-BR","@id":"https:\/\/secure.gravatar.com\/avatar\/42749d8b712ff9d59ca93dc150494e5b55a44134482993f5baeb97e61b7ecc89?s=96&d=mm&r=g","url":"https:\/\/secure.gravatar.com\/avatar\/42749d8b712ff9d59ca93dc150494e5b55a44134482993f5baeb97e61b7ecc89?s=96&d=mm&r=g","contentUrl":"https:\/\/secure.gravatar.com\/avatar\/42749d8b712ff9d59ca93dc150494e5b55a44134482993f5baeb97e61b7ecc89?s=96&d=mm&r=g","caption":"Roberto"},"url":"https:\/\/regiaonews.net.br\/2022\/author\/roberto\/"}]}},"publishpress_future_action":{"enabled":false,"date":"2026-05-04 08:46:05","action":"change-status","newStatus":"draft","terms":[],"taxonomy":"category","extraData":[]},"publishpress_future_workflow_manual_trigger":{"enabledWorkflows":[]},"_links":{"self":[{"href":"https:\/\/regiaonews.net.br\/2022\/wp-json\/wp\/v2\/posts\/46667","targetHints":{"allow":["GET"]}}],"collection":[{"href":"https:\/\/regiaonews.net.br\/2022\/wp-json\/wp\/v2\/posts"}],"about":[{"href":"https:\/\/regiaonews.net.br\/2022\/wp-json\/wp\/v2\/types\/post"}],"author":[{"embeddable":true,"href":"https:\/\/regiaonews.net.br\/2022\/wp-json\/wp\/v2\/users\/2"}],"replies":[{"embeddable":true,"href":"https:\/\/regiaonews.net.br\/2022\/wp-json\/wp\/v2\/comments?post=46667"}],"version-history":[{"count":0,"href":"https:\/\/regiaonews.net.br\/2022\/wp-json\/wp\/v2\/posts\/46667\/revisions"}],"wp:featuredmedia":[{"embeddable":true,"href":"https:\/\/regiaonews.net.br\/2022\/wp-json\/wp\/v2\/media\/34429"}],"wp:attachment":[{"href":"https:\/\/regiaonews.net.br\/2022\/wp-json\/wp\/v2\/media?parent=46667"}],"wp:term":[{"taxonomy":"category","embeddable":true,"href":"https:\/\/regiaonews.net.br\/2022\/wp-json\/wp\/v2\/categories?post=46667"},{"taxonomy":"post_tag","embeddable":true,"href":"https:\/\/regiaonews.net.br\/2022\/wp-json\/wp\/v2\/tags?post=46667"}],"curies":[{"name":"wp","href":"https:\/\/api.w.org\/{rel}","templated":true}]}}