{"id":46461,"date":"2021-05-04T13:39:38","date_gmt":"2021-05-04T16:39:38","guid":{"rendered":"https:\/\/regiaonews.net.br\/2022\/?p=46461"},"modified":"2021-05-04T13:39:39","modified_gmt":"2021-05-04T16:39:39","slug":"vitima-fatal-em-acidente-com-moto-na-rodovia-carlos-tonanni-em-jaboticabal","status":"publish","type":"post","link":"https:\/\/regiaonews.net.br\/2022\/2021\/05\/04\/vitima-fatal-em-acidente-com-moto-na-rodovia-carlos-tonanni-em-jaboticabal\/","title":{"rendered":"Vitima fatal em acidente com moto na Rodovia Carlos Tonanni em Jaboticabal"},"content":{"rendered":"<div class=\"kvgmc6g5 cxmmr5t8 oygrvhab hcukyx3x c1et5uql ii04i59q\">\n<div dir=\"auto\"><\/div>\n<\/div>\n<div class=\"o9v6fnle cxmmr5t8 oygrvhab hcukyx3x c1et5uql ii04i59q\">\n<div dir=\"auto\">O acidente aconteceu na manh\u00e3 desta ter\u00e7a feira. Segundo as informa\u00e7\u00f5es uma moto acabou coldindo na traseira de um caminh\u00e3o, e com o choque amoto veio a pegar fogo. O condutor morreu no local, pr\u00f3ximo ao ped\u00e1gio de Jaboticabal.<\/div>\n<div dir=\"auto\"><a href=\"https:\/\/regiaonews.net.br\/2022\/wp-content\/uploads\/2021\/05\/181658948_3673283302784059_350376113064861695_n.jpg\"><img loading=\"lazy\" decoding=\"async\" class=\"alignnone size-medium wp-image-46462\" src=\"https:\/\/regiaonews.net.br\/2022\/wp-content\/uploads\/2021\/05\/181658948_3673283302784059_350376113064861695_n-300x242.jpg\" alt=\"\" width=\"300\" height=\"242\" \/><\/a><\/div>\n<\/div>\n","protected":false},"excerpt":{"rendered":"<p>O acidente aconteceu na manh\u00e3 desta ter\u00e7a feira. Segundo as<\/p>\n","protected":false},"author":2,"featured_media":46462,"comment_status":"open","ping_status":"open","sticky":false,"template":"","format":"standard","meta":{"footnotes":""},"categories":[25,11,23],"tags":[],"class_list":["post-46461","post","type-post","status-publish","format-standard","has-post-thumbnail","hentry","category-cidades","category-jaboticabal","category-policia"],"yoast_head":"<!-- This site is optimized with the Yoast SEO plugin v27.4 - https:\/\/yoast.com\/product\/yoast-seo-wordpress\/ -->\n<title>Vitima fatal em acidente com moto na Rodovia Carlos Tonanni em Jaboticabal - Regi\u00e3o News<\/title>\n<meta name=\"robots\" content=\"index, follow, max-snippet:-1, max-image-preview:large, max-video-preview:-1\" \/>\n<link rel=\"canonical\" href=\"https:\/\/regiaonews.net.br\/2022\/2021\/05\/04\/vitima-fatal-em-acidente-com-moto-na-rodovia-carlos-tonanni-em-jaboticabal\/\" \/>\n<meta property=\"og:locale\" content=\"pt_BR\" \/>\n<meta property=\"og:type\" content=\"article\" \/>\n<meta property=\"og:title\" content=\"Vitima fatal em acidente com moto na Rodovia Carlos Tonanni em Jaboticabal - Regi\u00e3o News\" \/>\n<meta property=\"og:description\" content=\"O acidente aconteceu na manh\u00e3 desta ter\u00e7a feira. Segundo as\" \/>\n<meta property=\"og:url\" content=\"https:\/\/regiaonews.net.br\/2022\/2021\/05\/04\/vitima-fatal-em-acidente-com-moto-na-rodovia-carlos-tonanni-em-jaboticabal\/\" \/>\n<meta property=\"og:site_name\" content=\"Regi\u00e3o News\" \/>\n<meta property=\"article:published_time\" content=\"2021-05-04T16:39:38+00:00\" \/>\n<meta property=\"article:modified_time\" content=\"2021-05-04T16:39:39+00:00\" \/>\n<meta property=\"og:image\" content=\"https:\/\/regiaonews.net.br\/2022\/wp-content\/uploads\/2021\/05\/181658948_3673283302784059_350376113064861695_n.jpg\" \/>\n\t<meta property=\"og:image:width\" content=\"402\" \/>\n\t<meta property=\"og:image:height\" content=\"324\" \/>\n\t<meta property=\"og:image:type\" content=\"image\/jpeg\" \/>\n<meta name=\"author\" content=\"Roberto\" \/>\n<meta name=\"twitter:card\" content=\"summary_large_image\" \/>\n<meta name=\"twitter:label1\" content=\"Escrito por\" \/>\n\t<meta name=\"twitter:data1\" content=\"Roberto\" \/>\n<script type=\"application\/ld+json\" class=\"yoast-schema-graph\">{\"@context\":\"https:\\\/\\\/schema.org\",\"@graph\":[{\"@type\":\"Article\",\"@id\":\"https:\\\/\\\/regiaonews.net.br\\\/2022\\\/2021\\\/05\\\/04\\\/vitima-fatal-em-acidente-com-moto-na-rodovia-carlos-tonanni-em-jaboticabal\\\/#article\",\"isPartOf\":{\"@id\":\"https:\\\/\\\/regiaonews.net.br\\\/2022\\\/2021\\\/05\\\/04\\\/vitima-fatal-em-acidente-com-moto-na-rodovia-carlos-tonanni-em-jaboticabal\\\/\"},\"author\":{\"name\":\"Roberto\",\"@id\":\"https:\\\/\\\/regiaonews.net.br\\\/2022\\\/#\\\/schema\\\/person\\\/2d205a608a5aa97ac279d7a5e6d89ad8\"},\"headline\":\"Vitima fatal em acidente com moto na Rodovia Carlos Tonanni em Jaboticabal\",\"datePublished\":\"2021-05-04T16:39:38+00:00\",\"dateModified\":\"2021-05-04T16:39:39+00:00\",\"mainEntityOfPage\":{\"@id\":\"https:\\\/\\\/regiaonews.net.br\\\/2022\\\/2021\\\/05\\\/04\\\/vitima-fatal-em-acidente-com-moto-na-rodovia-carlos-tonanni-em-jaboticabal\\\/\"},\"wordCount\":56,\"commentCount\":0,\"publisher\":{\"@id\":\"https:\\\/\\\/regiaonews.net.br\\\/2022\\\/#organization\"},\"image\":{\"@id\":\"https:\\\/\\\/regiaonews.net.br\\\/2022\\\/2021\\\/05\\\/04\\\/vitima-fatal-em-acidente-com-moto-na-rodovia-carlos-tonanni-em-jaboticabal\\\/#primaryimage\"},\"thumbnailUrl\":\"https:\\\/\\\/regiaonews.net.br\\\/2022\\\/wp-content\\\/uploads\\\/2021\\\/05\\\/181658948_3673283302784059_350376113064861695_n.jpg\",\"articleSection\":[\"Cidades\",\"Jaboticabal\",\"Policia\"],\"inLanguage\":\"pt-BR\",\"potentialAction\":[{\"@type\":\"CommentAction\",\"name\":\"Comment\",\"target\":[\"https:\\\/\\\/regiaonews.net.br\\\/2022\\\/2021\\\/05\\\/04\\\/vitima-fatal-em-acidente-com-moto-na-rodovia-carlos-tonanni-em-jaboticabal\\\/#respond\"]}]},{\"@type\":\"WebPage\",\"@id\":\"https:\\\/\\\/regiaonews.net.br\\\/2022\\\/2021\\\/05\\\/04\\\/vitima-fatal-em-acidente-com-moto-na-rodovia-carlos-tonanni-em-jaboticabal\\\/\",\"url\":\"https:\\\/\\\/regiaonews.net.br\\\/2022\\\/2021\\\/05\\\/04\\\/vitima-fatal-em-acidente-com-moto-na-rodovia-carlos-tonanni-em-jaboticabal\\\/\",\"name\":\"Vitima fatal em acidente com moto na Rodovia Carlos Tonanni em Jaboticabal - Regi\u00e3o News\",\"isPartOf\":{\"@id\":\"https:\\\/\\\/regiaonews.net.br\\\/2022\\\/#website\"},\"primaryImageOfPage\":{\"@id\":\"https:\\\/\\\/regiaonews.net.br\\\/2022\\\/2021\\\/05\\\/04\\\/vitima-fatal-em-acidente-com-moto-na-rodovia-carlos-tonanni-em-jaboticabal\\\/#primaryimage\"},\"image\":{\"@id\":\"https:\\\/\\\/regiaonews.net.br\\\/2022\\\/2021\\\/05\\\/04\\\/vitima-fatal-em-acidente-com-moto-na-rodovia-carlos-tonanni-em-jaboticabal\\\/#primaryimage\"},\"thumbnailUrl\":\"https:\\\/\\\/regiaonews.net.br\\\/2022\\\/wp-content\\\/uploads\\\/2021\\\/05\\\/181658948_3673283302784059_350376113064861695_n.jpg\",\"datePublished\":\"2021-05-04T16:39:38+00:00\",\"dateModified\":\"2021-05-04T16:39:39+00:00\",\"breadcrumb\":{\"@id\":\"https:\\\/\\\/regiaonews.net.br\\\/2022\\\/2021\\\/05\\\/04\\\/vitima-fatal-em-acidente-com-moto-na-rodovia-carlos-tonanni-em-jaboticabal\\\/#breadcrumb\"},\"inLanguage\":\"pt-BR\",\"potentialAction\":[{\"@type\":\"ReadAction\",\"target\":[\"https:\\\/\\\/regiaonews.net.br\\\/2022\\\/2021\\\/05\\\/04\\\/vitima-fatal-em-acidente-com-moto-na-rodovia-carlos-tonanni-em-jaboticabal\\\/\"]}]},{\"@type\":\"ImageObject\",\"inLanguage\":\"pt-BR\",\"@id\":\"https:\\\/\\\/regiaonews.net.br\\\/2022\\\/2021\\\/05\\\/04\\\/vitima-fatal-em-acidente-com-moto-na-rodovia-carlos-tonanni-em-jaboticabal\\\/#primaryimage\",\"url\":\"https:\\\/\\\/regiaonews.net.br\\\/2022\\\/wp-content\\\/uploads\\\/2021\\\/05\\\/181658948_3673283302784059_350376113064861695_n.jpg\",\"contentUrl\":\"https:\\\/\\\/regiaonews.net.br\\\/2022\\\/wp-content\\\/uploads\\\/2021\\\/05\\\/181658948_3673283302784059_350376113064861695_n.jpg\",\"width\":402,\"height\":324},{\"@type\":\"BreadcrumbList\",\"@id\":\"https:\\\/\\\/regiaonews.net.br\\\/2022\\\/2021\\\/05\\\/04\\\/vitima-fatal-em-acidente-com-moto-na-rodovia-carlos-tonanni-em-jaboticabal\\\/#breadcrumb\",\"itemListElement\":[{\"@type\":\"ListItem\",\"position\":1,\"name\":\"In\u00edcio\",\"item\":\"https:\\\/\\\/regiaonews.net.br\\\/2022\\\/\"},{\"@type\":\"ListItem\",\"position\":2,\"name\":\"Vitima fatal em acidente com moto na Rodovia Carlos Tonanni em Jaboticabal\"}]},{\"@type\":\"WebSite\",\"@id\":\"https:\\\/\\\/regiaonews.net.br\\\/2022\\\/#website\",\"url\":\"https:\\\/\\\/regiaonews.net.br\\\/2022\\\/\",\"name\":\"Regi\u00e3o News\",\"description\":\"Site de Not\u00edcias de Barretos e regi\u00e3o\",\"publisher\":{\"@id\":\"https:\\\/\\\/regiaonews.net.br\\\/2022\\\/#organization\"},\"potentialAction\":[{\"@type\":\"SearchAction\",\"target\":{\"@type\":\"EntryPoint\",\"urlTemplate\":\"https:\\\/\\\/regiaonews.net.br\\\/2022\\\/?s={search_term_string}\"},\"query-input\":{\"@type\":\"PropertyValueSpecification\",\"valueRequired\":true,\"valueName\":\"search_term_string\"}}],\"inLanguage\":\"pt-BR\"},{\"@type\":\"Organization\",\"@id\":\"https:\\\/\\\/regiaonews.net.br\\\/2022\\\/#organization\",\"name\":\"Regi\u00e3o News\",\"url\":\"https:\\\/\\\/regiaonews.net.br\\\/2022\\\/\",\"logo\":{\"@type\":\"ImageObject\",\"inLanguage\":\"pt-BR\",\"@id\":\"https:\\\/\\\/regiaonews.net.br\\\/2022\\\/#\\\/schema\\\/logo\\\/image\\\/\",\"url\":\"https:\\\/\\\/regiaonews.net.br\\\/2022\\\/wp-content\\\/uploads\\\/2026\\\/03\\\/regiao-13-anos-scaled.jpg\",\"contentUrl\":\"https:\\\/\\\/regiaonews.net.br\\\/2022\\\/wp-content\\\/uploads\\\/2026\\\/03\\\/regiao-13-anos-scaled.jpg\",\"width\":2560,\"height\":635,\"caption\":\"Regi\u00e3o News\"},\"image\":{\"@id\":\"https:\\\/\\\/regiaonews.net.br\\\/2022\\\/#\\\/schema\\\/logo\\\/image\\\/\"}},{\"@type\":\"Person\",\"@id\":\"https:\\\/\\\/regiaonews.net.br\\\/2022\\\/#\\\/schema\\\/person\\\/2d205a608a5aa97ac279d7a5e6d89ad8\",\"name\":\"Roberto\",\"image\":{\"@type\":\"ImageObject\",\"inLanguage\":\"pt-BR\",\"@id\":\"https:\\\/\\\/secure.gravatar.com\\\/avatar\\\/42749d8b712ff9d59ca93dc150494e5b55a44134482993f5baeb97e61b7ecc89?s=96&d=mm&r=g\",\"url\":\"https:\\\/\\\/secure.gravatar.com\\\/avatar\\\/42749d8b712ff9d59ca93dc150494e5b55a44134482993f5baeb97e61b7ecc89?s=96&d=mm&r=g\",\"contentUrl\":\"https:\\\/\\\/secure.gravatar.com\\\/avatar\\\/42749d8b712ff9d59ca93dc150494e5b55a44134482993f5baeb97e61b7ecc89?s=96&d=mm&r=g\",\"caption\":\"Roberto\"},\"url\":\"https:\\\/\\\/regiaonews.net.br\\\/2022\\\/author\\\/roberto\\\/\"}]}<\/script>\n<!-- \/ Yoast SEO plugin. -->","yoast_head_json":{"title":"Vitima fatal em acidente com moto na Rodovia Carlos Tonanni em Jaboticabal - Regi\u00e3o News","robots":{"index":"index","follow":"follow","max-snippet":"max-snippet:-1","max-image-preview":"max-image-preview:large","max-video-preview":"max-video-preview:-1"},"canonical":"https:\/\/regiaonews.net.br\/2022\/2021\/05\/04\/vitima-fatal-em-acidente-com-moto-na-rodovia-carlos-tonanni-em-jaboticabal\/","og_locale":"pt_BR","og_type":"article","og_title":"Vitima fatal em acidente com moto na Rodovia Carlos Tonanni em Jaboticabal - Regi\u00e3o News","og_description":"O acidente aconteceu na manh\u00e3 desta ter\u00e7a feira. Segundo as","og_url":"https:\/\/regiaonews.net.br\/2022\/2021\/05\/04\/vitima-fatal-em-acidente-com-moto-na-rodovia-carlos-tonanni-em-jaboticabal\/","og_site_name":"Regi\u00e3o News","article_published_time":"2021-05-04T16:39:38+00:00","article_modified_time":"2021-05-04T16:39:39+00:00","og_image":[{"width":402,"height":324,"url":"https:\/\/regiaonews.net.br\/2022\/wp-content\/uploads\/2021\/05\/181658948_3673283302784059_350376113064861695_n.jpg","type":"image\/jpeg"}],"author":"Roberto","twitter_card":"summary_large_image","twitter_misc":{"Escrito por":"Roberto"},"schema":{"@context":"https:\/\/schema.org","@graph":[{"@type":"Article","@id":"https:\/\/regiaonews.net.br\/2022\/2021\/05\/04\/vitima-fatal-em-acidente-com-moto-na-rodovia-carlos-tonanni-em-jaboticabal\/#article","isPartOf":{"@id":"https:\/\/regiaonews.net.br\/2022\/2021\/05\/04\/vitima-fatal-em-acidente-com-moto-na-rodovia-carlos-tonanni-em-jaboticabal\/"},"author":{"name":"Roberto","@id":"https:\/\/regiaonews.net.br\/2022\/#\/schema\/person\/2d205a608a5aa97ac279d7a5e6d89ad8"},"headline":"Vitima fatal em acidente com moto na Rodovia Carlos Tonanni em Jaboticabal","datePublished":"2021-05-04T16:39:38+00:00","dateModified":"2021-05-04T16:39:39+00:00","mainEntityOfPage":{"@id":"https:\/\/regiaonews.net.br\/2022\/2021\/05\/04\/vitima-fatal-em-acidente-com-moto-na-rodovia-carlos-tonanni-em-jaboticabal\/"},"wordCount":56,"commentCount":0,"publisher":{"@id":"https:\/\/regiaonews.net.br\/2022\/#organization"},"image":{"@id":"https:\/\/regiaonews.net.br\/2022\/2021\/05\/04\/vitima-fatal-em-acidente-com-moto-na-rodovia-carlos-tonanni-em-jaboticabal\/#primaryimage"},"thumbnailUrl":"https:\/\/regiaonews.net.br\/2022\/wp-content\/uploads\/2021\/05\/181658948_3673283302784059_350376113064861695_n.jpg","articleSection":["Cidades","Jaboticabal","Policia"],"inLanguage":"pt-BR","potentialAction":[{"@type":"CommentAction","name":"Comment","target":["https:\/\/regiaonews.net.br\/2022\/2021\/05\/04\/vitima-fatal-em-acidente-com-moto-na-rodovia-carlos-tonanni-em-jaboticabal\/#respond"]}]},{"@type":"WebPage","@id":"https:\/\/regiaonews.net.br\/2022\/2021\/05\/04\/vitima-fatal-em-acidente-com-moto-na-rodovia-carlos-tonanni-em-jaboticabal\/","url":"https:\/\/regiaonews.net.br\/2022\/2021\/05\/04\/vitima-fatal-em-acidente-com-moto-na-rodovia-carlos-tonanni-em-jaboticabal\/","name":"Vitima fatal em acidente com moto na Rodovia Carlos Tonanni em Jaboticabal - Regi\u00e3o News","isPartOf":{"@id":"https:\/\/regiaonews.net.br\/2022\/#website"},"primaryImageOfPage":{"@id":"https:\/\/regiaonews.net.br\/2022\/2021\/05\/04\/vitima-fatal-em-acidente-com-moto-na-rodovia-carlos-tonanni-em-jaboticabal\/#primaryimage"},"image":{"@id":"https:\/\/regiaonews.net.br\/2022\/2021\/05\/04\/vitima-fatal-em-acidente-com-moto-na-rodovia-carlos-tonanni-em-jaboticabal\/#primaryimage"},"thumbnailUrl":"https:\/\/regiaonews.net.br\/2022\/wp-content\/uploads\/2021\/05\/181658948_3673283302784059_350376113064861695_n.jpg","datePublished":"2021-05-04T16:39:38+00:00","dateModified":"2021-05-04T16:39:39+00:00","breadcrumb":{"@id":"https:\/\/regiaonews.net.br\/2022\/2021\/05\/04\/vitima-fatal-em-acidente-com-moto-na-rodovia-carlos-tonanni-em-jaboticabal\/#breadcrumb"},"inLanguage":"pt-BR","potentialAction":[{"@type":"ReadAction","target":["https:\/\/regiaonews.net.br\/2022\/2021\/05\/04\/vitima-fatal-em-acidente-com-moto-na-rodovia-carlos-tonanni-em-jaboticabal\/"]}]},{"@type":"ImageObject","inLanguage":"pt-BR","@id":"https:\/\/regiaonews.net.br\/2022\/2021\/05\/04\/vitima-fatal-em-acidente-com-moto-na-rodovia-carlos-tonanni-em-jaboticabal\/#primaryimage","url":"https:\/\/regiaonews.net.br\/2022\/wp-content\/uploads\/2021\/05\/181658948_3673283302784059_350376113064861695_n.jpg","contentUrl":"https:\/\/regiaonews.net.br\/2022\/wp-content\/uploads\/2021\/05\/181658948_3673283302784059_350376113064861695_n.jpg","width":402,"height":324},{"@type":"BreadcrumbList","@id":"https:\/\/regiaonews.net.br\/2022\/2021\/05\/04\/vitima-fatal-em-acidente-com-moto-na-rodovia-carlos-tonanni-em-jaboticabal\/#breadcrumb","itemListElement":[{"@type":"ListItem","position":1,"name":"In\u00edcio","item":"https:\/\/regiaonews.net.br\/2022\/"},{"@type":"ListItem","position":2,"name":"Vitima fatal em acidente com moto na Rodovia Carlos Tonanni em Jaboticabal"}]},{"@type":"WebSite","@id":"https:\/\/regiaonews.net.br\/2022\/#website","url":"https:\/\/regiaonews.net.br\/2022\/","name":"Regi\u00e3o News","description":"Site de Not\u00edcias de Barretos e regi\u00e3o","publisher":{"@id":"https:\/\/regiaonews.net.br\/2022\/#organization"},"potentialAction":[{"@type":"SearchAction","target":{"@type":"EntryPoint","urlTemplate":"https:\/\/regiaonews.net.br\/2022\/?s={search_term_string}"},"query-input":{"@type":"PropertyValueSpecification","valueRequired":true,"valueName":"search_term_string"}}],"inLanguage":"pt-BR"},{"@type":"Organization","@id":"https:\/\/regiaonews.net.br\/2022\/#organization","name":"Regi\u00e3o News","url":"https:\/\/regiaonews.net.br\/2022\/","logo":{"@type":"ImageObject","inLanguage":"pt-BR","@id":"https:\/\/regiaonews.net.br\/2022\/#\/schema\/logo\/image\/","url":"https:\/\/regiaonews.net.br\/2022\/wp-content\/uploads\/2026\/03\/regiao-13-anos-scaled.jpg","contentUrl":"https:\/\/regiaonews.net.br\/2022\/wp-content\/uploads\/2026\/03\/regiao-13-anos-scaled.jpg","width":2560,"height":635,"caption":"Regi\u00e3o News"},"image":{"@id":"https:\/\/regiaonews.net.br\/2022\/#\/schema\/logo\/image\/"}},{"@type":"Person","@id":"https:\/\/regiaonews.net.br\/2022\/#\/schema\/person\/2d205a608a5aa97ac279d7a5e6d89ad8","name":"Roberto","image":{"@type":"ImageObject","inLanguage":"pt-BR","@id":"https:\/\/secure.gravatar.com\/avatar\/42749d8b712ff9d59ca93dc150494e5b55a44134482993f5baeb97e61b7ecc89?s=96&d=mm&r=g","url":"https:\/\/secure.gravatar.com\/avatar\/42749d8b712ff9d59ca93dc150494e5b55a44134482993f5baeb97e61b7ecc89?s=96&d=mm&r=g","contentUrl":"https:\/\/secure.gravatar.com\/avatar\/42749d8b712ff9d59ca93dc150494e5b55a44134482993f5baeb97e61b7ecc89?s=96&d=mm&r=g","caption":"Roberto"},"url":"https:\/\/regiaonews.net.br\/2022\/author\/roberto\/"}]}},"publishpress_future_action":{"enabled":false,"date":"2026-05-02 07:14:03","action":"change-status","newStatus":"draft","terms":[],"taxonomy":"category","extraData":[]},"publishpress_future_workflow_manual_trigger":{"enabledWorkflows":[]},"_links":{"self":[{"href":"https:\/\/regiaonews.net.br\/2022\/wp-json\/wp\/v2\/posts\/46461","targetHints":{"allow":["GET"]}}],"collection":[{"href":"https:\/\/regiaonews.net.br\/2022\/wp-json\/wp\/v2\/posts"}],"about":[{"href":"https:\/\/regiaonews.net.br\/2022\/wp-json\/wp\/v2\/types\/post"}],"author":[{"embeddable":true,"href":"https:\/\/regiaonews.net.br\/2022\/wp-json\/wp\/v2\/users\/2"}],"replies":[{"embeddable":true,"href":"https:\/\/regiaonews.net.br\/2022\/wp-json\/wp\/v2\/comments?post=46461"}],"version-history":[{"count":0,"href":"https:\/\/regiaonews.net.br\/2022\/wp-json\/wp\/v2\/posts\/46461\/revisions"}],"wp:featuredmedia":[{"embeddable":true,"href":"https:\/\/regiaonews.net.br\/2022\/wp-json\/wp\/v2\/media\/46462"}],"wp:attachment":[{"href":"https:\/\/regiaonews.net.br\/2022\/wp-json\/wp\/v2\/media?parent=46461"}],"wp:term":[{"taxonomy":"category","embeddable":true,"href":"https:\/\/regiaonews.net.br\/2022\/wp-json\/wp\/v2\/categories?post=46461"},{"taxonomy":"post_tag","embeddable":true,"href":"https:\/\/regiaonews.net.br\/2022\/wp-json\/wp\/v2\/tags?post=46461"}],"curies":[{"name":"wp","href":"https:\/\/api.w.org\/{rel}","templated":true}]}}