{"id":46422,"date":"2021-05-03T20:19:39","date_gmt":"2021-05-03T23:19:39","guid":{"rendered":"https:\/\/regiaonews.net.br\/2022\/?p=46422"},"modified":"2021-05-03T20:19:39","modified_gmt":"2021-05-03T23:19:39","slug":"deputado-federal-geninho-zuliani-anuncia-verba-de-r-2-milhoes-para-investimentos-no-distrito-industrial-2-atendendo-a-pedido-de-paula-lemos","status":"publish","type":"post","link":"https:\/\/regiaonews.net.br\/2022\/2021\/05\/03\/deputado-federal-geninho-zuliani-anuncia-verba-de-r-2-milhoes-para-investimentos-no-distrito-industrial-2-atendendo-a-pedido-de-paula-lemos\/","title":{"rendered":"Deputado Federal Geninho Zuliani anuncia verba de R$ 2 milh\u00f5es para investimentos no Distrito Industrial 2, atendendo a pedido de Paula Lemos"},"content":{"rendered":"<p><a href=\"https:\/\/regiaonews.net.br\/2022\/wp-content\/uploads\/2021\/05\/11ae3c76-665b-4eeb-9e63-caad57672196.jpg\"><img loading=\"lazy\" decoding=\"async\" class=\"alignnone size-medium wp-image-46352\" src=\"https:\/\/regiaonews.net.br\/2022\/wp-content\/uploads\/2021\/05\/11ae3c76-665b-4eeb-9e63-caad57672196-300x300.jpg\" alt=\"\" width=\"300\" height=\"300\" \/><\/a><\/p>\n<p><a href=\"https:\/\/regiaonews.net.br\/2022\/wp-content\/uploads\/2021\/04\/etapaextra-amarok-1080x1080_Prancheta-1.jpg\"><img loading=\"lazy\" decoding=\"async\" class=\"alignnone size-medium wp-image-45473\" src=\"https:\/\/regiaonews.net.br\/2022\/wp-content\/uploads\/2021\/04\/etapaextra-amarok-1080x1080_Prancheta-1-300x300.jpg\" alt=\"\" width=\"300\" height=\"300\" \/><\/a><\/p>\n<p><a href=\"https:\/\/regiaonews.net.br\/2022\/wp-content\/uploads\/2021\/05\/MON8739-2.jpg\"><img loading=\"lazy\" decoding=\"async\" class=\"alignnone size-medium wp-image-46423\" src=\"https:\/\/regiaonews.net.br\/2022\/wp-content\/uploads\/2021\/05\/MON8739-2-300x200.jpg\" alt=\"\" width=\"300\" height=\"200\" \/><\/a><br \/>\nO deputado federal Geninho Zuliani (DEM\/SP) esteve em Barretos nesta segunda-feira, dia 3 de maio\/21, para participar de v\u00e1rios an\u00fancios positivos. O parlamentar aproveitou o encontro com a prefeita Paula Lemos para confirmar o envio de R$ 2 milh\u00f5es para a cidade em uma emenda impositiva no or\u00e7amento do Governo Federal.<\/p>\n<p><a href=\"https:\/\/regiaonews.net.br\/2022\/wp-content\/uploads\/2021\/04\/10092640-8e71-4269-80fb-adc034140629.jpg\"><img loading=\"lazy\" decoding=\"async\" class=\"alignnone size-medium wp-image-45587\" src=\"https:\/\/regiaonews.net.br\/2022\/wp-content\/uploads\/2021\/04\/10092640-8e71-4269-80fb-adc034140629-300x167.jpg\" alt=\"\" width=\"300\" height=\"167\" \/><\/a><br \/>\n\u201c\u00c9 um motivo de muito orgulho. Eu quero estar sempre ao lado da prefeita e de Barretos. Conte comigo para o que precisar\u201d, afirmou o parlamentar durante o an\u00fancio transmitido ao vivo nas redes sociais.<br \/>\nEsse recurso foi um pedido da prefeita Paula Lemos que consta do plano de governo aprovado nas urnas e ser\u00e1 destinado para obras de infraestrutura no Distrito Industrial 2, incluindo o asfalto. \u201cIsso deve valorizar as empresas que aqui est\u00e3o e ajudar a trazer ainda mais empregos para nossa cidade. Vamos trabalhar para que Barretos melhore a cada dia, valorizando as pessoas\u201d, destacou Paula.<br \/>\nEssa conquista s\u00f3 foi poss\u00edvel porque a Prefeitura de Barretos recebeu em car\u00e1ter liminar decis\u00e3o da Justi\u00e7a Federal permitindo ao munic\u00edpio receber recursos federais, ap\u00f3s trabalho \u00e1rduo da atual gest\u00e3o em reorganizar as contas p\u00fablicas municipais. \u201cSegundo a pr\u00f3pria decis\u00e3o da Justi\u00e7a Federal de Barretos, as d\u00edvidas n\u00e3o eram desta gest\u00e3o e sim da gest\u00e3o anterior e que nosso governo investiu mais de R$ 10 milh\u00f5es, sanando estas d\u00edvidas, demonstrando nossa boa-f\u00e9\u201d, afirmou a prefeita.<\/p>\n<p><a href=\"https:\/\/regiaonews.net.br\/2022\/wp-content\/uploads\/2021\/04\/b89f147f-326b-41b5-afa2-3614c0c74afd.jpg\"><img loading=\"lazy\" decoding=\"async\" class=\"alignnone size-full wp-image-45583\" src=\"https:\/\/regiaonews.net.br\/2022\/wp-content\/uploads\/2021\/04\/b89f147f-326b-41b5-afa2-3614c0c74afd.jpg\" alt=\"\" width=\"288\" height=\"175\" \/><\/a><br \/>\nDurante o an\u00fancio estavam presentes os vereadores: o presidente Paulo Correa (PL), Gabriel Uchida (DEM), Raphael Silverio (PSDB), Raphael de Oliveira (PRTB), Professor Ad\u00edlson (PL), Carl\u00e3o do Basquete (PSD), Chafei Amsei (MDB), Eduardo do Mercado (REP), Fabr\u00edcio Lemos (PSL), Nestor Leonel (DEM), dr Vagner Chiapetti (REP), Lupa (PRTB) e Juninho Bandeira (PL).<\/p>\n<p><a href=\"https:\/\/regiaonews.net.br\/2022\/wp-content\/uploads\/2021\/04\/audita-paulinho2.jpg\"><img loading=\"lazy\" decoding=\"async\" class=\"alignnone size-medium wp-image-45720\" src=\"https:\/\/regiaonews.net.br\/2022\/wp-content\/uploads\/2021\/04\/audita-paulinho2-300x168.jpg\" alt=\"\" width=\"300\" height=\"168\" \/><\/a><\/p>\n<p><a href=\"https:\/\/regiaonews.net.br\/2022\/wp-content\/uploads\/2021\/04\/restaurante.gif\"><img loading=\"lazy\" decoding=\"async\" class=\"alignnone size-medium wp-image-45681\" src=\"https:\/\/regiaonews.net.br\/2022\/wp-content\/uploads\/2021\/04\/restaurante-300x87.gif\" alt=\"\" width=\"300\" height=\"87\" \/><\/a><\/p>\n","protected":false},"excerpt":{"rendered":"<p>O deputado federal Geninho Zuliani (DEM\/SP) esteve em Barretos nesta<\/p>\n","protected":false},"author":2,"featured_media":46423,"comment_status":"open","ping_status":"open","sticky":false,"template":"","format":"standard","meta":{"footnotes":""},"categories":[14,25,22],"tags":[],"class_list":["post-46422","post","type-post","status-publish","format-standard","has-post-thumbnail","hentry","category-barretos","category-cidades","category-politica"],"yoast_head":"<!-- This site is optimized with the Yoast SEO plugin v27.4 - https:\/\/yoast.com\/product\/yoast-seo-wordpress\/ -->\n<title>Deputado Federal Geninho Zuliani anuncia verba de R$ 2 milh\u00f5es para investimentos no Distrito Industrial 2, atendendo a pedido de Paula Lemos - Regi\u00e3o News<\/title>\n<meta name=\"robots\" content=\"index, follow, max-snippet:-1, max-image-preview:large, max-video-preview:-1\" \/>\n<link rel=\"canonical\" href=\"https:\/\/regiaonews.net.br\/2022\/2021\/05\/03\/deputado-federal-geninho-zuliani-anuncia-verba-de-r-2-milhoes-para-investimentos-no-distrito-industrial-2-atendendo-a-pedido-de-paula-lemos\/\" \/>\n<meta property=\"og:locale\" content=\"pt_BR\" \/>\n<meta property=\"og:type\" content=\"article\" \/>\n<meta property=\"og:title\" content=\"Deputado Federal Geninho Zuliani anuncia verba de R$ 2 milh\u00f5es para investimentos no Distrito Industrial 2, atendendo a pedido de Paula Lemos - Regi\u00e3o News\" \/>\n<meta property=\"og:description\" content=\"O deputado federal Geninho Zuliani (DEM\/SP) esteve em Barretos nesta\" \/>\n<meta property=\"og:url\" content=\"https:\/\/regiaonews.net.br\/2022\/2021\/05\/03\/deputado-federal-geninho-zuliani-anuncia-verba-de-r-2-milhoes-para-investimentos-no-distrito-industrial-2-atendendo-a-pedido-de-paula-lemos\/\" \/>\n<meta property=\"og:site_name\" content=\"Regi\u00e3o News\" \/>\n<meta property=\"article:published_time\" content=\"2021-05-03T23:19:39+00:00\" \/>\n<meta property=\"og:image\" content=\"https:\/\/regiaonews.net.br\/2022\/wp-content\/uploads\/2021\/05\/MON8739-2.jpg\" \/>\n\t<meta property=\"og:image:width\" content=\"2000\" \/>\n\t<meta property=\"og:image:height\" content=\"1335\" \/>\n\t<meta property=\"og:image:type\" content=\"image\/jpeg\" \/>\n<meta name=\"author\" content=\"Roberto\" \/>\n<meta name=\"twitter:card\" content=\"summary_large_image\" \/>\n<meta name=\"twitter:label1\" content=\"Escrito por\" \/>\n\t<meta name=\"twitter:data1\" content=\"Roberto\" \/>\n\t<meta name=\"twitter:label2\" content=\"Est. tempo de leitura\" \/>\n\t<meta name=\"twitter:data2\" content=\"2 minutos\" \/>\n<script type=\"application\/ld+json\" class=\"yoast-schema-graph\">{\"@context\":\"https:\\\/\\\/schema.org\",\"@graph\":[{\"@type\":\"Article\",\"@id\":\"https:\\\/\\\/regiaonews.net.br\\\/2022\\\/2021\\\/05\\\/03\\\/deputado-federal-geninho-zuliani-anuncia-verba-de-r-2-milhoes-para-investimentos-no-distrito-industrial-2-atendendo-a-pedido-de-paula-lemos\\\/#article\",\"isPartOf\":{\"@id\":\"https:\\\/\\\/regiaonews.net.br\\\/2022\\\/2021\\\/05\\\/03\\\/deputado-federal-geninho-zuliani-anuncia-verba-de-r-2-milhoes-para-investimentos-no-distrito-industrial-2-atendendo-a-pedido-de-paula-lemos\\\/\"},\"author\":{\"name\":\"Roberto\",\"@id\":\"https:\\\/\\\/regiaonews.net.br\\\/2022\\\/#\\\/schema\\\/person\\\/2d205a608a5aa97ac279d7a5e6d89ad8\"},\"headline\":\"Deputado Federal Geninho Zuliani anuncia verba de R$ 2 milh\u00f5es para investimentos no Distrito Industrial 2, atendendo a pedido de Paula Lemos\",\"datePublished\":\"2021-05-03T23:19:39+00:00\",\"mainEntityOfPage\":{\"@id\":\"https:\\\/\\\/regiaonews.net.br\\\/2022\\\/2021\\\/05\\\/03\\\/deputado-federal-geninho-zuliani-anuncia-verba-de-r-2-milhoes-para-investimentos-no-distrito-industrial-2-atendendo-a-pedido-de-paula-lemos\\\/\"},\"wordCount\":321,\"commentCount\":0,\"publisher\":{\"@id\":\"https:\\\/\\\/regiaonews.net.br\\\/2022\\\/#organization\"},\"image\":{\"@id\":\"https:\\\/\\\/regiaonews.net.br\\\/2022\\\/2021\\\/05\\\/03\\\/deputado-federal-geninho-zuliani-anuncia-verba-de-r-2-milhoes-para-investimentos-no-distrito-industrial-2-atendendo-a-pedido-de-paula-lemos\\\/#primaryimage\"},\"thumbnailUrl\":\"https:\\\/\\\/regiaonews.net.br\\\/2022\\\/wp-content\\\/uploads\\\/2021\\\/05\\\/MON8739-2.jpg\",\"articleSection\":[\"Barretos\",\"Cidades\",\"Pol\u00edtica\"],\"inLanguage\":\"pt-BR\",\"potentialAction\":[{\"@type\":\"CommentAction\",\"name\":\"Comment\",\"target\":[\"https:\\\/\\\/regiaonews.net.br\\\/2022\\\/2021\\\/05\\\/03\\\/deputado-federal-geninho-zuliani-anuncia-verba-de-r-2-milhoes-para-investimentos-no-distrito-industrial-2-atendendo-a-pedido-de-paula-lemos\\\/#respond\"]}]},{\"@type\":\"WebPage\",\"@id\":\"https:\\\/\\\/regiaonews.net.br\\\/2022\\\/2021\\\/05\\\/03\\\/deputado-federal-geninho-zuliani-anuncia-verba-de-r-2-milhoes-para-investimentos-no-distrito-industrial-2-atendendo-a-pedido-de-paula-lemos\\\/\",\"url\":\"https:\\\/\\\/regiaonews.net.br\\\/2022\\\/2021\\\/05\\\/03\\\/deputado-federal-geninho-zuliani-anuncia-verba-de-r-2-milhoes-para-investimentos-no-distrito-industrial-2-atendendo-a-pedido-de-paula-lemos\\\/\",\"name\":\"Deputado Federal Geninho Zuliani anuncia verba de R$ 2 milh\u00f5es para investimentos no Distrito Industrial 2, atendendo a pedido de Paula Lemos - Regi\u00e3o News\",\"isPartOf\":{\"@id\":\"https:\\\/\\\/regiaonews.net.br\\\/2022\\\/#website\"},\"primaryImageOfPage\":{\"@id\":\"https:\\\/\\\/regiaonews.net.br\\\/2022\\\/2021\\\/05\\\/03\\\/deputado-federal-geninho-zuliani-anuncia-verba-de-r-2-milhoes-para-investimentos-no-distrito-industrial-2-atendendo-a-pedido-de-paula-lemos\\\/#primaryimage\"},\"image\":{\"@id\":\"https:\\\/\\\/regiaonews.net.br\\\/2022\\\/2021\\\/05\\\/03\\\/deputado-federal-geninho-zuliani-anuncia-verba-de-r-2-milhoes-para-investimentos-no-distrito-industrial-2-atendendo-a-pedido-de-paula-lemos\\\/#primaryimage\"},\"thumbnailUrl\":\"https:\\\/\\\/regiaonews.net.br\\\/2022\\\/wp-content\\\/uploads\\\/2021\\\/05\\\/MON8739-2.jpg\",\"datePublished\":\"2021-05-03T23:19:39+00:00\",\"breadcrumb\":{\"@id\":\"https:\\\/\\\/regiaonews.net.br\\\/2022\\\/2021\\\/05\\\/03\\\/deputado-federal-geninho-zuliani-anuncia-verba-de-r-2-milhoes-para-investimentos-no-distrito-industrial-2-atendendo-a-pedido-de-paula-lemos\\\/#breadcrumb\"},\"inLanguage\":\"pt-BR\",\"potentialAction\":[{\"@type\":\"ReadAction\",\"target\":[\"https:\\\/\\\/regiaonews.net.br\\\/2022\\\/2021\\\/05\\\/03\\\/deputado-federal-geninho-zuliani-anuncia-verba-de-r-2-milhoes-para-investimentos-no-distrito-industrial-2-atendendo-a-pedido-de-paula-lemos\\\/\"]}]},{\"@type\":\"ImageObject\",\"inLanguage\":\"pt-BR\",\"@id\":\"https:\\\/\\\/regiaonews.net.br\\\/2022\\\/2021\\\/05\\\/03\\\/deputado-federal-geninho-zuliani-anuncia-verba-de-r-2-milhoes-para-investimentos-no-distrito-industrial-2-atendendo-a-pedido-de-paula-lemos\\\/#primaryimage\",\"url\":\"https:\\\/\\\/regiaonews.net.br\\\/2022\\\/wp-content\\\/uploads\\\/2021\\\/05\\\/MON8739-2.jpg\",\"contentUrl\":\"https:\\\/\\\/regiaonews.net.br\\\/2022\\\/wp-content\\\/uploads\\\/2021\\\/05\\\/MON8739-2.jpg\",\"width\":2000,\"height\":1335},{\"@type\":\"BreadcrumbList\",\"@id\":\"https:\\\/\\\/regiaonews.net.br\\\/2022\\\/2021\\\/05\\\/03\\\/deputado-federal-geninho-zuliani-anuncia-verba-de-r-2-milhoes-para-investimentos-no-distrito-industrial-2-atendendo-a-pedido-de-paula-lemos\\\/#breadcrumb\",\"itemListElement\":[{\"@type\":\"ListItem\",\"position\":1,\"name\":\"In\u00edcio\",\"item\":\"https:\\\/\\\/regiaonews.net.br\\\/2022\\\/\"},{\"@type\":\"ListItem\",\"position\":2,\"name\":\"Deputado Federal Geninho Zuliani anuncia verba de R$ 2 milh\u00f5es para investimentos no Distrito Industrial 2, atendendo a pedido de Paula Lemos\"}]},{\"@type\":\"WebSite\",\"@id\":\"https:\\\/\\\/regiaonews.net.br\\\/2022\\\/#website\",\"url\":\"https:\\\/\\\/regiaonews.net.br\\\/2022\\\/\",\"name\":\"Regi\u00e3o News\",\"description\":\"Site de Not\u00edcias de Barretos e regi\u00e3o\",\"publisher\":{\"@id\":\"https:\\\/\\\/regiaonews.net.br\\\/2022\\\/#organization\"},\"potentialAction\":[{\"@type\":\"SearchAction\",\"target\":{\"@type\":\"EntryPoint\",\"urlTemplate\":\"https:\\\/\\\/regiaonews.net.br\\\/2022\\\/?s={search_term_string}\"},\"query-input\":{\"@type\":\"PropertyValueSpecification\",\"valueRequired\":true,\"valueName\":\"search_term_string\"}}],\"inLanguage\":\"pt-BR\"},{\"@type\":\"Organization\",\"@id\":\"https:\\\/\\\/regiaonews.net.br\\\/2022\\\/#organization\",\"name\":\"Regi\u00e3o News\",\"url\":\"https:\\\/\\\/regiaonews.net.br\\\/2022\\\/\",\"logo\":{\"@type\":\"ImageObject\",\"inLanguage\":\"pt-BR\",\"@id\":\"https:\\\/\\\/regiaonews.net.br\\\/2022\\\/#\\\/schema\\\/logo\\\/image\\\/\",\"url\":\"https:\\\/\\\/regiaonews.net.br\\\/2022\\\/wp-content\\\/uploads\\\/2026\\\/03\\\/regiao-13-anos-scaled.jpg\",\"contentUrl\":\"https:\\\/\\\/regiaonews.net.br\\\/2022\\\/wp-content\\\/uploads\\\/2026\\\/03\\\/regiao-13-anos-scaled.jpg\",\"width\":2560,\"height\":635,\"caption\":\"Regi\u00e3o News\"},\"image\":{\"@id\":\"https:\\\/\\\/regiaonews.net.br\\\/2022\\\/#\\\/schema\\\/logo\\\/image\\\/\"}},{\"@type\":\"Person\",\"@id\":\"https:\\\/\\\/regiaonews.net.br\\\/2022\\\/#\\\/schema\\\/person\\\/2d205a608a5aa97ac279d7a5e6d89ad8\",\"name\":\"Roberto\",\"image\":{\"@type\":\"ImageObject\",\"inLanguage\":\"pt-BR\",\"@id\":\"https:\\\/\\\/secure.gravatar.com\\\/avatar\\\/42749d8b712ff9d59ca93dc150494e5b55a44134482993f5baeb97e61b7ecc89?s=96&d=mm&r=g\",\"url\":\"https:\\\/\\\/secure.gravatar.com\\\/avatar\\\/42749d8b712ff9d59ca93dc150494e5b55a44134482993f5baeb97e61b7ecc89?s=96&d=mm&r=g\",\"contentUrl\":\"https:\\\/\\\/secure.gravatar.com\\\/avatar\\\/42749d8b712ff9d59ca93dc150494e5b55a44134482993f5baeb97e61b7ecc89?s=96&d=mm&r=g\",\"caption\":\"Roberto\"},\"url\":\"https:\\\/\\\/regiaonews.net.br\\\/2022\\\/author\\\/roberto\\\/\"}]}<\/script>\n<!-- \/ Yoast SEO plugin. -->","yoast_head_json":{"title":"Deputado Federal Geninho Zuliani anuncia verba de R$ 2 milh\u00f5es para investimentos no Distrito Industrial 2, atendendo a pedido de Paula Lemos - Regi\u00e3o News","robots":{"index":"index","follow":"follow","max-snippet":"max-snippet:-1","max-image-preview":"max-image-preview:large","max-video-preview":"max-video-preview:-1"},"canonical":"https:\/\/regiaonews.net.br\/2022\/2021\/05\/03\/deputado-federal-geninho-zuliani-anuncia-verba-de-r-2-milhoes-para-investimentos-no-distrito-industrial-2-atendendo-a-pedido-de-paula-lemos\/","og_locale":"pt_BR","og_type":"article","og_title":"Deputado Federal Geninho Zuliani anuncia verba de R$ 2 milh\u00f5es para investimentos no Distrito Industrial 2, atendendo a pedido de Paula Lemos - Regi\u00e3o News","og_description":"O deputado federal Geninho Zuliani (DEM\/SP) esteve em Barretos nesta","og_url":"https:\/\/regiaonews.net.br\/2022\/2021\/05\/03\/deputado-federal-geninho-zuliani-anuncia-verba-de-r-2-milhoes-para-investimentos-no-distrito-industrial-2-atendendo-a-pedido-de-paula-lemos\/","og_site_name":"Regi\u00e3o News","article_published_time":"2021-05-03T23:19:39+00:00","og_image":[{"width":2000,"height":1335,"url":"https:\/\/regiaonews.net.br\/2022\/wp-content\/uploads\/2021\/05\/MON8739-2.jpg","type":"image\/jpeg"}],"author":"Roberto","twitter_card":"summary_large_image","twitter_misc":{"Escrito por":"Roberto","Est. tempo de leitura":"2 minutos"},"schema":{"@context":"https:\/\/schema.org","@graph":[{"@type":"Article","@id":"https:\/\/regiaonews.net.br\/2022\/2021\/05\/03\/deputado-federal-geninho-zuliani-anuncia-verba-de-r-2-milhoes-para-investimentos-no-distrito-industrial-2-atendendo-a-pedido-de-paula-lemos\/#article","isPartOf":{"@id":"https:\/\/regiaonews.net.br\/2022\/2021\/05\/03\/deputado-federal-geninho-zuliani-anuncia-verba-de-r-2-milhoes-para-investimentos-no-distrito-industrial-2-atendendo-a-pedido-de-paula-lemos\/"},"author":{"name":"Roberto","@id":"https:\/\/regiaonews.net.br\/2022\/#\/schema\/person\/2d205a608a5aa97ac279d7a5e6d89ad8"},"headline":"Deputado Federal Geninho Zuliani anuncia verba de R$ 2 milh\u00f5es para investimentos no Distrito Industrial 2, atendendo a pedido de Paula Lemos","datePublished":"2021-05-03T23:19:39+00:00","mainEntityOfPage":{"@id":"https:\/\/regiaonews.net.br\/2022\/2021\/05\/03\/deputado-federal-geninho-zuliani-anuncia-verba-de-r-2-milhoes-para-investimentos-no-distrito-industrial-2-atendendo-a-pedido-de-paula-lemos\/"},"wordCount":321,"commentCount":0,"publisher":{"@id":"https:\/\/regiaonews.net.br\/2022\/#organization"},"image":{"@id":"https:\/\/regiaonews.net.br\/2022\/2021\/05\/03\/deputado-federal-geninho-zuliani-anuncia-verba-de-r-2-milhoes-para-investimentos-no-distrito-industrial-2-atendendo-a-pedido-de-paula-lemos\/#primaryimage"},"thumbnailUrl":"https:\/\/regiaonews.net.br\/2022\/wp-content\/uploads\/2021\/05\/MON8739-2.jpg","articleSection":["Barretos","Cidades","Pol\u00edtica"],"inLanguage":"pt-BR","potentialAction":[{"@type":"CommentAction","name":"Comment","target":["https:\/\/regiaonews.net.br\/2022\/2021\/05\/03\/deputado-federal-geninho-zuliani-anuncia-verba-de-r-2-milhoes-para-investimentos-no-distrito-industrial-2-atendendo-a-pedido-de-paula-lemos\/#respond"]}]},{"@type":"WebPage","@id":"https:\/\/regiaonews.net.br\/2022\/2021\/05\/03\/deputado-federal-geninho-zuliani-anuncia-verba-de-r-2-milhoes-para-investimentos-no-distrito-industrial-2-atendendo-a-pedido-de-paula-lemos\/","url":"https:\/\/regiaonews.net.br\/2022\/2021\/05\/03\/deputado-federal-geninho-zuliani-anuncia-verba-de-r-2-milhoes-para-investimentos-no-distrito-industrial-2-atendendo-a-pedido-de-paula-lemos\/","name":"Deputado Federal Geninho Zuliani anuncia verba de R$ 2 milh\u00f5es para investimentos no Distrito Industrial 2, atendendo a pedido de Paula Lemos - Regi\u00e3o News","isPartOf":{"@id":"https:\/\/regiaonews.net.br\/2022\/#website"},"primaryImageOfPage":{"@id":"https:\/\/regiaonews.net.br\/2022\/2021\/05\/03\/deputado-federal-geninho-zuliani-anuncia-verba-de-r-2-milhoes-para-investimentos-no-distrito-industrial-2-atendendo-a-pedido-de-paula-lemos\/#primaryimage"},"image":{"@id":"https:\/\/regiaonews.net.br\/2022\/2021\/05\/03\/deputado-federal-geninho-zuliani-anuncia-verba-de-r-2-milhoes-para-investimentos-no-distrito-industrial-2-atendendo-a-pedido-de-paula-lemos\/#primaryimage"},"thumbnailUrl":"https:\/\/regiaonews.net.br\/2022\/wp-content\/uploads\/2021\/05\/MON8739-2.jpg","datePublished":"2021-05-03T23:19:39+00:00","breadcrumb":{"@id":"https:\/\/regiaonews.net.br\/2022\/2021\/05\/03\/deputado-federal-geninho-zuliani-anuncia-verba-de-r-2-milhoes-para-investimentos-no-distrito-industrial-2-atendendo-a-pedido-de-paula-lemos\/#breadcrumb"},"inLanguage":"pt-BR","potentialAction":[{"@type":"ReadAction","target":["https:\/\/regiaonews.net.br\/2022\/2021\/05\/03\/deputado-federal-geninho-zuliani-anuncia-verba-de-r-2-milhoes-para-investimentos-no-distrito-industrial-2-atendendo-a-pedido-de-paula-lemos\/"]}]},{"@type":"ImageObject","inLanguage":"pt-BR","@id":"https:\/\/regiaonews.net.br\/2022\/2021\/05\/03\/deputado-federal-geninho-zuliani-anuncia-verba-de-r-2-milhoes-para-investimentos-no-distrito-industrial-2-atendendo-a-pedido-de-paula-lemos\/#primaryimage","url":"https:\/\/regiaonews.net.br\/2022\/wp-content\/uploads\/2021\/05\/MON8739-2.jpg","contentUrl":"https:\/\/regiaonews.net.br\/2022\/wp-content\/uploads\/2021\/05\/MON8739-2.jpg","width":2000,"height":1335},{"@type":"BreadcrumbList","@id":"https:\/\/regiaonews.net.br\/2022\/2021\/05\/03\/deputado-federal-geninho-zuliani-anuncia-verba-de-r-2-milhoes-para-investimentos-no-distrito-industrial-2-atendendo-a-pedido-de-paula-lemos\/#breadcrumb","itemListElement":[{"@type":"ListItem","position":1,"name":"In\u00edcio","item":"https:\/\/regiaonews.net.br\/2022\/"},{"@type":"ListItem","position":2,"name":"Deputado Federal Geninho Zuliani anuncia verba de R$ 2 milh\u00f5es para investimentos no Distrito Industrial 2, atendendo a pedido de Paula Lemos"}]},{"@type":"WebSite","@id":"https:\/\/regiaonews.net.br\/2022\/#website","url":"https:\/\/regiaonews.net.br\/2022\/","name":"Regi\u00e3o News","description":"Site de Not\u00edcias de Barretos e regi\u00e3o","publisher":{"@id":"https:\/\/regiaonews.net.br\/2022\/#organization"},"potentialAction":[{"@type":"SearchAction","target":{"@type":"EntryPoint","urlTemplate":"https:\/\/regiaonews.net.br\/2022\/?s={search_term_string}"},"query-input":{"@type":"PropertyValueSpecification","valueRequired":true,"valueName":"search_term_string"}}],"inLanguage":"pt-BR"},{"@type":"Organization","@id":"https:\/\/regiaonews.net.br\/2022\/#organization","name":"Regi\u00e3o News","url":"https:\/\/regiaonews.net.br\/2022\/","logo":{"@type":"ImageObject","inLanguage":"pt-BR","@id":"https:\/\/regiaonews.net.br\/2022\/#\/schema\/logo\/image\/","url":"https:\/\/regiaonews.net.br\/2022\/wp-content\/uploads\/2026\/03\/regiao-13-anos-scaled.jpg","contentUrl":"https:\/\/regiaonews.net.br\/2022\/wp-content\/uploads\/2026\/03\/regiao-13-anos-scaled.jpg","width":2560,"height":635,"caption":"Regi\u00e3o News"},"image":{"@id":"https:\/\/regiaonews.net.br\/2022\/#\/schema\/logo\/image\/"}},{"@type":"Person","@id":"https:\/\/regiaonews.net.br\/2022\/#\/schema\/person\/2d205a608a5aa97ac279d7a5e6d89ad8","name":"Roberto","image":{"@type":"ImageObject","inLanguage":"pt-BR","@id":"https:\/\/secure.gravatar.com\/avatar\/42749d8b712ff9d59ca93dc150494e5b55a44134482993f5baeb97e61b7ecc89?s=96&d=mm&r=g","url":"https:\/\/secure.gravatar.com\/avatar\/42749d8b712ff9d59ca93dc150494e5b55a44134482993f5baeb97e61b7ecc89?s=96&d=mm&r=g","contentUrl":"https:\/\/secure.gravatar.com\/avatar\/42749d8b712ff9d59ca93dc150494e5b55a44134482993f5baeb97e61b7ecc89?s=96&d=mm&r=g","caption":"Roberto"},"url":"https:\/\/regiaonews.net.br\/2022\/author\/roberto\/"}]}},"publishpress_future_action":{"enabled":false,"date":"2026-05-02 04:12:28","action":"change-status","newStatus":"draft","terms":[],"taxonomy":"category","extraData":[]},"publishpress_future_workflow_manual_trigger":{"enabledWorkflows":[]},"_links":{"self":[{"href":"https:\/\/regiaonews.net.br\/2022\/wp-json\/wp\/v2\/posts\/46422","targetHints":{"allow":["GET"]}}],"collection":[{"href":"https:\/\/regiaonews.net.br\/2022\/wp-json\/wp\/v2\/posts"}],"about":[{"href":"https:\/\/regiaonews.net.br\/2022\/wp-json\/wp\/v2\/types\/post"}],"author":[{"embeddable":true,"href":"https:\/\/regiaonews.net.br\/2022\/wp-json\/wp\/v2\/users\/2"}],"replies":[{"embeddable":true,"href":"https:\/\/regiaonews.net.br\/2022\/wp-json\/wp\/v2\/comments?post=46422"}],"version-history":[{"count":0,"href":"https:\/\/regiaonews.net.br\/2022\/wp-json\/wp\/v2\/posts\/46422\/revisions"}],"wp:featuredmedia":[{"embeddable":true,"href":"https:\/\/regiaonews.net.br\/2022\/wp-json\/wp\/v2\/media\/46423"}],"wp:attachment":[{"href":"https:\/\/regiaonews.net.br\/2022\/wp-json\/wp\/v2\/media?parent=46422"}],"wp:term":[{"taxonomy":"category","embeddable":true,"href":"https:\/\/regiaonews.net.br\/2022\/wp-json\/wp\/v2\/categories?post=46422"},{"taxonomy":"post_tag","embeddable":true,"href":"https:\/\/regiaonews.net.br\/2022\/wp-json\/wp\/v2\/tags?post=46422"}],"curies":[{"name":"wp","href":"https:\/\/api.w.org\/{rel}","templated":true}]}}