{"id":46350,"date":"2021-05-02T17:09:38","date_gmt":"2021-05-02T20:09:38","guid":{"rendered":"https:\/\/regiaonews.net.br\/2022\/?p=46350"},"modified":"2021-05-02T17:21:14","modified_gmt":"2021-05-02T20:21:14","slug":"com-cancer-bruno-covas-decide-se-licenciar-do-cargo-de-prefeito-de-sao-paulo","status":"publish","type":"post","link":"https:\/\/regiaonews.net.br\/2022\/2021\/05\/02\/com-cancer-bruno-covas-decide-se-licenciar-do-cargo-de-prefeito-de-sao-paulo\/","title":{"rendered":"Com c\u00e2ncer, Bruno Covas decide se licenciar do cargo de prefeito de S\u00e3o Paulo"},"content":{"rendered":"<h1><a href=\"https:\/\/regiaonews.net.br\/2022\/wp-content\/uploads\/2021\/05\/11ae3c76-665b-4eeb-9e63-caad57672196.jpg\"><img loading=\"lazy\" decoding=\"async\" class=\"alignnone size-medium wp-image-46352\" src=\"https:\/\/regiaonews.net.br\/2022\/wp-content\/uploads\/2021\/05\/11ae3c76-665b-4eeb-9e63-caad57672196-300x300.jpg\" alt=\"\" width=\"300\" height=\"300\" \/><\/a><\/h1>\n<p><a href=\"https:\/\/regiaonews.net.br\/2022\/wp-content\/uploads\/2021\/04\/etapaextra-jetta-1080x1080_Prancheta-1.jpg\"><img loading=\"lazy\" decoding=\"async\" class=\"alignnone size-medium wp-image-45500\" src=\"https:\/\/regiaonews.net.br\/2022\/wp-content\/uploads\/2021\/04\/etapaextra-jetta-1080x1080_Prancheta-1-300x300.jpg\" alt=\"\" width=\"300\" height=\"300\" \/><\/a><\/p>\n<h1 class=\"c-content-head__title\"><a href=\"https:\/\/regiaonews.net.br\/2022\/wp-content\/uploads\/2020\/06\/bruno-covas.jpg\"><img loading=\"lazy\" decoding=\"async\" class=\"alignnone size-medium wp-image-33618\" src=\"https:\/\/regiaonews.net.br\/2022\/wp-content\/uploads\/2020\/06\/bruno-covas-300x169.jpg\" alt=\"\" width=\"300\" height=\"169\" \/><\/a><\/h1>\n<p>Em tratamento contra um c\u00e2ncer no sistema digestivo, Bruno Covas (PSDB) confirmou neste domingo (2) \u00e0 reportagem que ir\u00e1 se licenciar do cargo de prefeito de S\u00e3o Paulo para realizar tratamento. O vice-prefeito Ricardo Nunes (MDB) assumir\u00e1 a prefeitura da capital paulista ap\u00f3s autoriza\u00e7\u00e3o da C\u00e2mara de S\u00e3o Paulo.<\/p>\n<p>Na \u00faltima ter\u00e7a-feira (27), Covas recebeu alta hospitalar ap\u00f3s interna\u00e7\u00e3o no hospital S\u00edrio-Liban\u00eas. Segundo o boletim m\u00e9dico, ele recebeu tratamento quimioter\u00e1pico e imunoter\u00e1pico, ambos &#8220;bem tolerados&#8221;.<\/p>\n<p><a href=\"https:\/\/regiaonews.net.br\/2022\/wp-content\/uploads\/2021\/04\/20210419_090927.jpg\"><img loading=\"lazy\" decoding=\"async\" class=\"alignnone size-medium wp-image-45461\" src=\"https:\/\/regiaonews.net.br\/2022\/wp-content\/uploads\/2021\/04\/20210419_090927-300x300.jpg\" alt=\"\" width=\"300\" height=\"300\" \/><\/a><\/p>\n<div class=\"html-container__content\">\n<p>Com a libera\u00e7\u00e3o do hospital, Covas prossegue com aplica\u00e7\u00f5es dos tratamentos com dura\u00e7\u00e3o de 48 horas a cada duas semanas, informou o boletim.<\/p>\n<p>Em post feito no Instagram, Bruno Covas publicou o boletim m\u00e9dico de sua alta.<\/p>\n<p><a href=\"https:\/\/regiaonews.net.br\/2022\/wp-content\/uploads\/2021\/04\/20210419_091407.jpg\"><img loading=\"lazy\" decoding=\"async\" class=\"alignnone size-medium wp-image-45464\" src=\"https:\/\/regiaonews.net.br\/2022\/wp-content\/uploads\/2021\/04\/20210419_091407-300x161.jpg\" alt=\"\" width=\"300\" height=\"161\" \/><\/a><\/p>\n<p>&#8220;Partiu casa! Mais uma vit\u00f3ria entre muitas batalhas. Agrade\u00e7o a todos pelas rezas, ora\u00e7\u00f5es e pensamentos positivos. O tratamento continua. O carinho e for\u00e7a que recebi durante todos esses dias s\u00e3o essenciais para continuar lutando e acreditando&#8221;, escreveu no post que acompanhou a imagem com o boletim m\u00e9dico.<\/p>\n<p>Quando foi internado pela \u00faltima vez, a equipe m\u00e9dica encontrou novos pontos de c\u00e2ncer em Covas, que desde 2019 foi diagnosticado com a doen\u00e7a no trato digestivo. No dia 21 de abril, os m\u00e9dicos informaram que o prefeito apresentou tamb\u00e9m ac\u00famulo de l\u00edquidos nos pulm\u00f5es e no f\u00edgado.<\/p>\n<p><a href=\"https:\/\/regiaonews.net.br\/2022\/wp-content\/uploads\/2021\/04\/20210419_090737.jpg\"><img loading=\"lazy\" decoding=\"async\" class=\"alignnone size-medium wp-image-45460\" src=\"https:\/\/regiaonews.net.br\/2022\/wp-content\/uploads\/2021\/04\/20210419_090737-300x300.jpg\" alt=\"\" width=\"300\" height=\"300\" \/><\/a><\/p>\n<p>No dia 16 de abril, o prefeito tamb\u00e9m usou as redes sociais para comentar o boletim m\u00e9dico em que foi revelado que ele apresenta novos pontos de c\u00e2ncer no f\u00edgado e nos ossos.<\/p>\n<p>&#8220;Abaixar a cabe\u00e7a!? De jeito nenhum. Vou seguir lutando. Ainda tenho muito trabalho a fazer. Obrigado a todos pelo carinho de sempre. Rezas, ora\u00e7\u00f5es, pensamentos positivos que recebo de todos os cantos me fazem mais forte nessa batalha. #for\u00e7afocoef\u00e9&#8221;, escreveu Covas, no Instagram.<\/p>\n<\/div>\n<div>\n<div class=\"news__related-topics\">\n<div class=\"jsx-2723345698\">\n<p class=\"jsx-2723345698 topicsList__topicsHeader\">fonte : CNN<\/p>\n<p><a href=\"https:\/\/regiaonews.net.br\/2022\/wp-content\/uploads\/2021\/04\/images-3.jpeg\"><img loading=\"lazy\" decoding=\"async\" class=\"alignnone size-full wp-image-45476\" src=\"https:\/\/regiaonews.net.br\/2022\/wp-content\/uploads\/2021\/04\/images-3.jpeg\" alt=\"\" width=\"225\" height=\"225\" \/><\/a><\/p>\n<p>&nbsp;<\/p>\n<\/div>\n<\/div>\n<\/div>\n","protected":false},"excerpt":{"rendered":"<p>Em tratamento contra um c\u00e2ncer no sistema digestivo, Bruno Covas<\/p>\n","protected":false},"author":2,"featured_media":33618,"comment_status":"open","ping_status":"open","sticky":false,"template":"","format":"standard","meta":{"footnotes":""},"categories":[25,22,29],"tags":[],"class_list":["post-46350","post","type-post","status-publish","format-standard","has-post-thumbnail","hentry","category-cidades","category-politica","category-sao-paulo"],"yoast_head":"<!-- This site is optimized with the Yoast SEO plugin v27.4 - https:\/\/yoast.com\/product\/yoast-seo-wordpress\/ -->\n<title>Com c\u00e2ncer, Bruno Covas decide se licenciar do cargo de prefeito de S\u00e3o Paulo - Regi\u00e3o News<\/title>\n<meta name=\"robots\" content=\"index, follow, max-snippet:-1, max-image-preview:large, max-video-preview:-1\" \/>\n<link rel=\"canonical\" href=\"https:\/\/regiaonews.net.br\/2022\/2021\/05\/02\/com-cancer-bruno-covas-decide-se-licenciar-do-cargo-de-prefeito-de-sao-paulo\/\" \/>\n<meta property=\"og:locale\" content=\"pt_BR\" \/>\n<meta property=\"og:type\" content=\"article\" \/>\n<meta property=\"og:title\" content=\"Com c\u00e2ncer, Bruno Covas decide se licenciar do cargo de prefeito de S\u00e3o Paulo - Regi\u00e3o News\" \/>\n<meta property=\"og:description\" content=\"Em tratamento contra um c\u00e2ncer no sistema digestivo, Bruno Covas\" \/>\n<meta property=\"og:url\" content=\"https:\/\/regiaonews.net.br\/2022\/2021\/05\/02\/com-cancer-bruno-covas-decide-se-licenciar-do-cargo-de-prefeito-de-sao-paulo\/\" \/>\n<meta property=\"og:site_name\" content=\"Regi\u00e3o News\" \/>\n<meta property=\"article:published_time\" content=\"2021-05-02T20:09:38+00:00\" \/>\n<meta property=\"article:modified_time\" content=\"2021-05-02T20:21:14+00:00\" \/>\n<meta property=\"og:image\" content=\"https:\/\/regiaonews.net.br\/2022\/wp-content\/uploads\/2020\/06\/bruno-covas.jpg\" \/>\n\t<meta property=\"og:image:width\" content=\"680\" \/>\n\t<meta property=\"og:image:height\" content=\"382\" \/>\n\t<meta property=\"og:image:type\" content=\"image\/jpeg\" \/>\n<meta name=\"author\" content=\"Roberto\" \/>\n<meta name=\"twitter:card\" content=\"summary_large_image\" \/>\n<meta name=\"twitter:label1\" content=\"Escrito por\" \/>\n\t<meta name=\"twitter:data1\" content=\"Roberto\" \/>\n\t<meta name=\"twitter:label2\" content=\"Est. tempo de leitura\" \/>\n\t<meta name=\"twitter:data2\" content=\"2 minutos\" \/>\n<script type=\"application\/ld+json\" class=\"yoast-schema-graph\">{\"@context\":\"https:\\\/\\\/schema.org\",\"@graph\":[{\"@type\":\"Article\",\"@id\":\"https:\\\/\\\/regiaonews.net.br\\\/2022\\\/2021\\\/05\\\/02\\\/com-cancer-bruno-covas-decide-se-licenciar-do-cargo-de-prefeito-de-sao-paulo\\\/#article\",\"isPartOf\":{\"@id\":\"https:\\\/\\\/regiaonews.net.br\\\/2022\\\/2021\\\/05\\\/02\\\/com-cancer-bruno-covas-decide-se-licenciar-do-cargo-de-prefeito-de-sao-paulo\\\/\"},\"author\":{\"name\":\"Roberto\",\"@id\":\"https:\\\/\\\/regiaonews.net.br\\\/2022\\\/#\\\/schema\\\/person\\\/2d205a608a5aa97ac279d7a5e6d89ad8\"},\"headline\":\"Com c\u00e2ncer, Bruno Covas decide se licenciar do cargo de prefeito de S\u00e3o Paulo\",\"datePublished\":\"2021-05-02T20:09:38+00:00\",\"dateModified\":\"2021-05-02T20:21:14+00:00\",\"mainEntityOfPage\":{\"@id\":\"https:\\\/\\\/regiaonews.net.br\\\/2022\\\/2021\\\/05\\\/02\\\/com-cancer-bruno-covas-decide-se-licenciar-do-cargo-de-prefeito-de-sao-paulo\\\/\"},\"wordCount\":336,\"commentCount\":0,\"publisher\":{\"@id\":\"https:\\\/\\\/regiaonews.net.br\\\/2022\\\/#organization\"},\"image\":{\"@id\":\"https:\\\/\\\/regiaonews.net.br\\\/2022\\\/2021\\\/05\\\/02\\\/com-cancer-bruno-covas-decide-se-licenciar-do-cargo-de-prefeito-de-sao-paulo\\\/#primaryimage\"},\"thumbnailUrl\":\"https:\\\/\\\/regiaonews.net.br\\\/2022\\\/wp-content\\\/uploads\\\/2020\\\/06\\\/bruno-covas.jpg\",\"articleSection\":[\"Cidades\",\"Pol\u00edtica\",\"S\u00e3o Paulo\"],\"inLanguage\":\"pt-BR\",\"potentialAction\":[{\"@type\":\"CommentAction\",\"name\":\"Comment\",\"target\":[\"https:\\\/\\\/regiaonews.net.br\\\/2022\\\/2021\\\/05\\\/02\\\/com-cancer-bruno-covas-decide-se-licenciar-do-cargo-de-prefeito-de-sao-paulo\\\/#respond\"]}]},{\"@type\":\"WebPage\",\"@id\":\"https:\\\/\\\/regiaonews.net.br\\\/2022\\\/2021\\\/05\\\/02\\\/com-cancer-bruno-covas-decide-se-licenciar-do-cargo-de-prefeito-de-sao-paulo\\\/\",\"url\":\"https:\\\/\\\/regiaonews.net.br\\\/2022\\\/2021\\\/05\\\/02\\\/com-cancer-bruno-covas-decide-se-licenciar-do-cargo-de-prefeito-de-sao-paulo\\\/\",\"name\":\"Com c\u00e2ncer, Bruno Covas decide se licenciar do cargo de prefeito de S\u00e3o Paulo - Regi\u00e3o News\",\"isPartOf\":{\"@id\":\"https:\\\/\\\/regiaonews.net.br\\\/2022\\\/#website\"},\"primaryImageOfPage\":{\"@id\":\"https:\\\/\\\/regiaonews.net.br\\\/2022\\\/2021\\\/05\\\/02\\\/com-cancer-bruno-covas-decide-se-licenciar-do-cargo-de-prefeito-de-sao-paulo\\\/#primaryimage\"},\"image\":{\"@id\":\"https:\\\/\\\/regiaonews.net.br\\\/2022\\\/2021\\\/05\\\/02\\\/com-cancer-bruno-covas-decide-se-licenciar-do-cargo-de-prefeito-de-sao-paulo\\\/#primaryimage\"},\"thumbnailUrl\":\"https:\\\/\\\/regiaonews.net.br\\\/2022\\\/wp-content\\\/uploads\\\/2020\\\/06\\\/bruno-covas.jpg\",\"datePublished\":\"2021-05-02T20:09:38+00:00\",\"dateModified\":\"2021-05-02T20:21:14+00:00\",\"breadcrumb\":{\"@id\":\"https:\\\/\\\/regiaonews.net.br\\\/2022\\\/2021\\\/05\\\/02\\\/com-cancer-bruno-covas-decide-se-licenciar-do-cargo-de-prefeito-de-sao-paulo\\\/#breadcrumb\"},\"inLanguage\":\"pt-BR\",\"potentialAction\":[{\"@type\":\"ReadAction\",\"target\":[\"https:\\\/\\\/regiaonews.net.br\\\/2022\\\/2021\\\/05\\\/02\\\/com-cancer-bruno-covas-decide-se-licenciar-do-cargo-de-prefeito-de-sao-paulo\\\/\"]}]},{\"@type\":\"ImageObject\",\"inLanguage\":\"pt-BR\",\"@id\":\"https:\\\/\\\/regiaonews.net.br\\\/2022\\\/2021\\\/05\\\/02\\\/com-cancer-bruno-covas-decide-se-licenciar-do-cargo-de-prefeito-de-sao-paulo\\\/#primaryimage\",\"url\":\"https:\\\/\\\/regiaonews.net.br\\\/2022\\\/wp-content\\\/uploads\\\/2020\\\/06\\\/bruno-covas.jpg\",\"contentUrl\":\"https:\\\/\\\/regiaonews.net.br\\\/2022\\\/wp-content\\\/uploads\\\/2020\\\/06\\\/bruno-covas.jpg\",\"width\":680,\"height\":382},{\"@type\":\"BreadcrumbList\",\"@id\":\"https:\\\/\\\/regiaonews.net.br\\\/2022\\\/2021\\\/05\\\/02\\\/com-cancer-bruno-covas-decide-se-licenciar-do-cargo-de-prefeito-de-sao-paulo\\\/#breadcrumb\",\"itemListElement\":[{\"@type\":\"ListItem\",\"position\":1,\"name\":\"In\u00edcio\",\"item\":\"https:\\\/\\\/regiaonews.net.br\\\/2022\\\/\"},{\"@type\":\"ListItem\",\"position\":2,\"name\":\"Com c\u00e2ncer, Bruno Covas decide se licenciar do cargo de prefeito de S\u00e3o Paulo\"}]},{\"@type\":\"WebSite\",\"@id\":\"https:\\\/\\\/regiaonews.net.br\\\/2022\\\/#website\",\"url\":\"https:\\\/\\\/regiaonews.net.br\\\/2022\\\/\",\"name\":\"Regi\u00e3o News\",\"description\":\"Site de Not\u00edcias de Barretos e regi\u00e3o\",\"publisher\":{\"@id\":\"https:\\\/\\\/regiaonews.net.br\\\/2022\\\/#organization\"},\"potentialAction\":[{\"@type\":\"SearchAction\",\"target\":{\"@type\":\"EntryPoint\",\"urlTemplate\":\"https:\\\/\\\/regiaonews.net.br\\\/2022\\\/?s={search_term_string}\"},\"query-input\":{\"@type\":\"PropertyValueSpecification\",\"valueRequired\":true,\"valueName\":\"search_term_string\"}}],\"inLanguage\":\"pt-BR\"},{\"@type\":\"Organization\",\"@id\":\"https:\\\/\\\/regiaonews.net.br\\\/2022\\\/#organization\",\"name\":\"Regi\u00e3o News\",\"url\":\"https:\\\/\\\/regiaonews.net.br\\\/2022\\\/\",\"logo\":{\"@type\":\"ImageObject\",\"inLanguage\":\"pt-BR\",\"@id\":\"https:\\\/\\\/regiaonews.net.br\\\/2022\\\/#\\\/schema\\\/logo\\\/image\\\/\",\"url\":\"https:\\\/\\\/regiaonews.net.br\\\/2022\\\/wp-content\\\/uploads\\\/2026\\\/03\\\/regiao-13-anos-scaled.jpg\",\"contentUrl\":\"https:\\\/\\\/regiaonews.net.br\\\/2022\\\/wp-content\\\/uploads\\\/2026\\\/03\\\/regiao-13-anos-scaled.jpg\",\"width\":2560,\"height\":635,\"caption\":\"Regi\u00e3o News\"},\"image\":{\"@id\":\"https:\\\/\\\/regiaonews.net.br\\\/2022\\\/#\\\/schema\\\/logo\\\/image\\\/\"}},{\"@type\":\"Person\",\"@id\":\"https:\\\/\\\/regiaonews.net.br\\\/2022\\\/#\\\/schema\\\/person\\\/2d205a608a5aa97ac279d7a5e6d89ad8\",\"name\":\"Roberto\",\"image\":{\"@type\":\"ImageObject\",\"inLanguage\":\"pt-BR\",\"@id\":\"https:\\\/\\\/secure.gravatar.com\\\/avatar\\\/42749d8b712ff9d59ca93dc150494e5b55a44134482993f5baeb97e61b7ecc89?s=96&d=mm&r=g\",\"url\":\"https:\\\/\\\/secure.gravatar.com\\\/avatar\\\/42749d8b712ff9d59ca93dc150494e5b55a44134482993f5baeb97e61b7ecc89?s=96&d=mm&r=g\",\"contentUrl\":\"https:\\\/\\\/secure.gravatar.com\\\/avatar\\\/42749d8b712ff9d59ca93dc150494e5b55a44134482993f5baeb97e61b7ecc89?s=96&d=mm&r=g\",\"caption\":\"Roberto\"},\"url\":\"https:\\\/\\\/regiaonews.net.br\\\/2022\\\/author\\\/roberto\\\/\"}]}<\/script>\n<!-- \/ Yoast SEO plugin. -->","yoast_head_json":{"title":"Com c\u00e2ncer, Bruno Covas decide se licenciar do cargo de prefeito de S\u00e3o Paulo - Regi\u00e3o News","robots":{"index":"index","follow":"follow","max-snippet":"max-snippet:-1","max-image-preview":"max-image-preview:large","max-video-preview":"max-video-preview:-1"},"canonical":"https:\/\/regiaonews.net.br\/2022\/2021\/05\/02\/com-cancer-bruno-covas-decide-se-licenciar-do-cargo-de-prefeito-de-sao-paulo\/","og_locale":"pt_BR","og_type":"article","og_title":"Com c\u00e2ncer, Bruno Covas decide se licenciar do cargo de prefeito de S\u00e3o Paulo - Regi\u00e3o News","og_description":"Em tratamento contra um c\u00e2ncer no sistema digestivo, Bruno Covas","og_url":"https:\/\/regiaonews.net.br\/2022\/2021\/05\/02\/com-cancer-bruno-covas-decide-se-licenciar-do-cargo-de-prefeito-de-sao-paulo\/","og_site_name":"Regi\u00e3o News","article_published_time":"2021-05-02T20:09:38+00:00","article_modified_time":"2021-05-02T20:21:14+00:00","og_image":[{"width":680,"height":382,"url":"https:\/\/regiaonews.net.br\/2022\/wp-content\/uploads\/2020\/06\/bruno-covas.jpg","type":"image\/jpeg"}],"author":"Roberto","twitter_card":"summary_large_image","twitter_misc":{"Escrito por":"Roberto","Est. tempo de leitura":"2 minutos"},"schema":{"@context":"https:\/\/schema.org","@graph":[{"@type":"Article","@id":"https:\/\/regiaonews.net.br\/2022\/2021\/05\/02\/com-cancer-bruno-covas-decide-se-licenciar-do-cargo-de-prefeito-de-sao-paulo\/#article","isPartOf":{"@id":"https:\/\/regiaonews.net.br\/2022\/2021\/05\/02\/com-cancer-bruno-covas-decide-se-licenciar-do-cargo-de-prefeito-de-sao-paulo\/"},"author":{"name":"Roberto","@id":"https:\/\/regiaonews.net.br\/2022\/#\/schema\/person\/2d205a608a5aa97ac279d7a5e6d89ad8"},"headline":"Com c\u00e2ncer, Bruno Covas decide se licenciar do cargo de prefeito de S\u00e3o Paulo","datePublished":"2021-05-02T20:09:38+00:00","dateModified":"2021-05-02T20:21:14+00:00","mainEntityOfPage":{"@id":"https:\/\/regiaonews.net.br\/2022\/2021\/05\/02\/com-cancer-bruno-covas-decide-se-licenciar-do-cargo-de-prefeito-de-sao-paulo\/"},"wordCount":336,"commentCount":0,"publisher":{"@id":"https:\/\/regiaonews.net.br\/2022\/#organization"},"image":{"@id":"https:\/\/regiaonews.net.br\/2022\/2021\/05\/02\/com-cancer-bruno-covas-decide-se-licenciar-do-cargo-de-prefeito-de-sao-paulo\/#primaryimage"},"thumbnailUrl":"https:\/\/regiaonews.net.br\/2022\/wp-content\/uploads\/2020\/06\/bruno-covas.jpg","articleSection":["Cidades","Pol\u00edtica","S\u00e3o Paulo"],"inLanguage":"pt-BR","potentialAction":[{"@type":"CommentAction","name":"Comment","target":["https:\/\/regiaonews.net.br\/2022\/2021\/05\/02\/com-cancer-bruno-covas-decide-se-licenciar-do-cargo-de-prefeito-de-sao-paulo\/#respond"]}]},{"@type":"WebPage","@id":"https:\/\/regiaonews.net.br\/2022\/2021\/05\/02\/com-cancer-bruno-covas-decide-se-licenciar-do-cargo-de-prefeito-de-sao-paulo\/","url":"https:\/\/regiaonews.net.br\/2022\/2021\/05\/02\/com-cancer-bruno-covas-decide-se-licenciar-do-cargo-de-prefeito-de-sao-paulo\/","name":"Com c\u00e2ncer, Bruno Covas decide se licenciar do cargo de prefeito de S\u00e3o Paulo - Regi\u00e3o News","isPartOf":{"@id":"https:\/\/regiaonews.net.br\/2022\/#website"},"primaryImageOfPage":{"@id":"https:\/\/regiaonews.net.br\/2022\/2021\/05\/02\/com-cancer-bruno-covas-decide-se-licenciar-do-cargo-de-prefeito-de-sao-paulo\/#primaryimage"},"image":{"@id":"https:\/\/regiaonews.net.br\/2022\/2021\/05\/02\/com-cancer-bruno-covas-decide-se-licenciar-do-cargo-de-prefeito-de-sao-paulo\/#primaryimage"},"thumbnailUrl":"https:\/\/regiaonews.net.br\/2022\/wp-content\/uploads\/2020\/06\/bruno-covas.jpg","datePublished":"2021-05-02T20:09:38+00:00","dateModified":"2021-05-02T20:21:14+00:00","breadcrumb":{"@id":"https:\/\/regiaonews.net.br\/2022\/2021\/05\/02\/com-cancer-bruno-covas-decide-se-licenciar-do-cargo-de-prefeito-de-sao-paulo\/#breadcrumb"},"inLanguage":"pt-BR","potentialAction":[{"@type":"ReadAction","target":["https:\/\/regiaonews.net.br\/2022\/2021\/05\/02\/com-cancer-bruno-covas-decide-se-licenciar-do-cargo-de-prefeito-de-sao-paulo\/"]}]},{"@type":"ImageObject","inLanguage":"pt-BR","@id":"https:\/\/regiaonews.net.br\/2022\/2021\/05\/02\/com-cancer-bruno-covas-decide-se-licenciar-do-cargo-de-prefeito-de-sao-paulo\/#primaryimage","url":"https:\/\/regiaonews.net.br\/2022\/wp-content\/uploads\/2020\/06\/bruno-covas.jpg","contentUrl":"https:\/\/regiaonews.net.br\/2022\/wp-content\/uploads\/2020\/06\/bruno-covas.jpg","width":680,"height":382},{"@type":"BreadcrumbList","@id":"https:\/\/regiaonews.net.br\/2022\/2021\/05\/02\/com-cancer-bruno-covas-decide-se-licenciar-do-cargo-de-prefeito-de-sao-paulo\/#breadcrumb","itemListElement":[{"@type":"ListItem","position":1,"name":"In\u00edcio","item":"https:\/\/regiaonews.net.br\/2022\/"},{"@type":"ListItem","position":2,"name":"Com c\u00e2ncer, Bruno Covas decide se licenciar do cargo de prefeito de S\u00e3o Paulo"}]},{"@type":"WebSite","@id":"https:\/\/regiaonews.net.br\/2022\/#website","url":"https:\/\/regiaonews.net.br\/2022\/","name":"Regi\u00e3o News","description":"Site de Not\u00edcias de Barretos e regi\u00e3o","publisher":{"@id":"https:\/\/regiaonews.net.br\/2022\/#organization"},"potentialAction":[{"@type":"SearchAction","target":{"@type":"EntryPoint","urlTemplate":"https:\/\/regiaonews.net.br\/2022\/?s={search_term_string}"},"query-input":{"@type":"PropertyValueSpecification","valueRequired":true,"valueName":"search_term_string"}}],"inLanguage":"pt-BR"},{"@type":"Organization","@id":"https:\/\/regiaonews.net.br\/2022\/#organization","name":"Regi\u00e3o News","url":"https:\/\/regiaonews.net.br\/2022\/","logo":{"@type":"ImageObject","inLanguage":"pt-BR","@id":"https:\/\/regiaonews.net.br\/2022\/#\/schema\/logo\/image\/","url":"https:\/\/regiaonews.net.br\/2022\/wp-content\/uploads\/2026\/03\/regiao-13-anos-scaled.jpg","contentUrl":"https:\/\/regiaonews.net.br\/2022\/wp-content\/uploads\/2026\/03\/regiao-13-anos-scaled.jpg","width":2560,"height":635,"caption":"Regi\u00e3o News"},"image":{"@id":"https:\/\/regiaonews.net.br\/2022\/#\/schema\/logo\/image\/"}},{"@type":"Person","@id":"https:\/\/regiaonews.net.br\/2022\/#\/schema\/person\/2d205a608a5aa97ac279d7a5e6d89ad8","name":"Roberto","image":{"@type":"ImageObject","inLanguage":"pt-BR","@id":"https:\/\/secure.gravatar.com\/avatar\/42749d8b712ff9d59ca93dc150494e5b55a44134482993f5baeb97e61b7ecc89?s=96&d=mm&r=g","url":"https:\/\/secure.gravatar.com\/avatar\/42749d8b712ff9d59ca93dc150494e5b55a44134482993f5baeb97e61b7ecc89?s=96&d=mm&r=g","contentUrl":"https:\/\/secure.gravatar.com\/avatar\/42749d8b712ff9d59ca93dc150494e5b55a44134482993f5baeb97e61b7ecc89?s=96&d=mm&r=g","caption":"Roberto"},"url":"https:\/\/regiaonews.net.br\/2022\/author\/roberto\/"}]}},"publishpress_future_action":{"enabled":false,"date":"2026-05-02 01:09:21","action":"change-status","newStatus":"draft","terms":[],"taxonomy":"category","extraData":[]},"publishpress_future_workflow_manual_trigger":{"enabledWorkflows":[]},"_links":{"self":[{"href":"https:\/\/regiaonews.net.br\/2022\/wp-json\/wp\/v2\/posts\/46350","targetHints":{"allow":["GET"]}}],"collection":[{"href":"https:\/\/regiaonews.net.br\/2022\/wp-json\/wp\/v2\/posts"}],"about":[{"href":"https:\/\/regiaonews.net.br\/2022\/wp-json\/wp\/v2\/types\/post"}],"author":[{"embeddable":true,"href":"https:\/\/regiaonews.net.br\/2022\/wp-json\/wp\/v2\/users\/2"}],"replies":[{"embeddable":true,"href":"https:\/\/regiaonews.net.br\/2022\/wp-json\/wp\/v2\/comments?post=46350"}],"version-history":[{"count":0,"href":"https:\/\/regiaonews.net.br\/2022\/wp-json\/wp\/v2\/posts\/46350\/revisions"}],"wp:featuredmedia":[{"embeddable":true,"href":"https:\/\/regiaonews.net.br\/2022\/wp-json\/wp\/v2\/media\/33618"}],"wp:attachment":[{"href":"https:\/\/regiaonews.net.br\/2022\/wp-json\/wp\/v2\/media?parent=46350"}],"wp:term":[{"taxonomy":"category","embeddable":true,"href":"https:\/\/regiaonews.net.br\/2022\/wp-json\/wp\/v2\/categories?post=46350"},{"taxonomy":"post_tag","embeddable":true,"href":"https:\/\/regiaonews.net.br\/2022\/wp-json\/wp\/v2\/tags?post=46350"}],"curies":[{"name":"wp","href":"https:\/\/api.w.org\/{rel}","templated":true}]}}